{"id":34119,"date":"2024-10-07T21:50:36","date_gmt":"2024-10-07T21:50:36","guid":{"rendered":"https:\/\/inclusivenews.com.br\/?p=34119"},"modified":"2024-10-07T21:50:36","modified_gmt":"2024-10-07T21:50:36","slug":"mulher-seu-corpo-sua-vida-sua-resistencia-podcast-acessando-lucilia","status":"publish","type":"post","link":"https:\/\/inclusivenews.com.br\/?p=34119","title":{"rendered":"Mulher: seu corpo, sua vida, sua resist\u00eancia!\u00a0\u2013 Podcast Acessando Luc\u00edlia"},"content":{"rendered":"\n<p><\/p>\n\n\n\n<p>Mulher: seu corpo, sua vida. Esse \u00e9 o tema da campanha do Minist\u00e9rio da Sa\u00fade em 2024 que tem como objetivo a conscientiza\u00e7\u00e3o sobre a import\u00e2ncia da preven\u00e7\u00e3o e do diagn\u00f3stico precoce do c\u00e2ncer de mama e de colo do \u00fatero. \u201cO m\u00eas Outubro Rosa vai al\u00e9m da cor rosa\u201d, incluindo outras formas de luta para legitimar o protagonismo feminino e valorizar o autocuidado. E este \u00e9 o tema do Podcast Acessando Luc\u00edlia desta ter\u00e7a-feira, 08\/10.<\/p>\n\n\n\n<p><strong>Para esta conversa as nossas convidadas s\u00e3o:<\/strong><\/p>\n\n\n\n<p>Simone Mattos , Psicopedagoga, psicolinguista; paciente oncol\u00f3gica metast\u00e1tica; criadora do curso Palavra M\u00e1gica e escritora. Em seu rec\u00e9m-lan\u00e7ado primeiro livro, \u201cA Careca e a Bicharada\u201d, traz um tema tabu, que sai do arm\u00e1rio e dos livros cient\u00edficos para chegar \u00e0 literatura infanto-juvenil: o tratamento oncol\u00f3gico. Na obra, ela narra com criatividade, ousadia e poesia, atrav\u00e9s da met\u00e1fora dos bichos, a experi\u00eancia da protagonista Careca. Uma hist\u00f3ria que n\u00e3o \u00e9 s\u00f3 dela, mas de muitas mulheres e crian\u00e7as que enfrentam o c\u00e2ncer e ao perderem seus cabelos veem carimbado na testa o r\u00f3tulo de doente.<\/p>\n\n\n\n<p><br>Thereza Cypreste, m\u00e9dica graduada pela Universidade Federal Fluminense-UFF; mastologista; fundadora e Diretora T\u00e9cnica da ADAMA \u2013 Associa\u00e7\u00e3o dos Amigos da &#8211; Mama de Niter\u00f3i. Professora convidada do Curso de Especializa\u00e7\u00e3o em Geriatria e Gerontologia da UFF, respons\u00e1vel pelo m\u00f3dulo: Sa\u00fade da Mulher; Membro Titular da Sociedade Brasileira de Mastologia-SBMRJ, onde integra a Comiss\u00e3o de Sa\u00fade P\u00fablica. Autora dos livros: \u201cE agora, o que \u00e9 que eu fa\u00e7o\u201d e \u201cA Qualidade de vida em pacientes tratados de C\u00e2ncer de Mama\u201d, premiado com o 3\u00ba lugar no Pr\u00eamio Jabuti 2010.<br><\/p>\n\n\n\n<p><strong>O bate-papo, que \u00e9 uma parceria com a Inclusive News, conta com int\u00e9rprete de libras e ser\u00e1 transmitido ao vivo, \u00e0s 18h<\/strong>, no canal do ACESSANDO LUC\u00cdLIA no Youtube:\u00a0<a href=\"https:\/\/www.youtube.com\/@acessandolucilia5059\">https:\/\/www.youtube.com\/@acessandolucilia5059\u00a0<\/a>e tamb\u00e9m na Web R\u00e1dio Censura Livre, no\u00a0<a href=\"http:\/\/youtube.com\/c\/Censuralivre\">Youtube<\/a>, no\u00a0<a href=\"http:\/\/facebook.com\/webradiocensuralivre-e\/\">Facebook<\/a>, no\u00a0<a href=\"http:\/\/www.clwebradio.com\/\">site<\/a>\u00a0e no aplicativo:\u00a0<a href=\"http:\/\/l.radios.com.br\/r\/100204\">RadiosNet<\/a>.<br>Agora o nosso programa tamb\u00e9m esta sendo retransmitido no mesmo hor\u00e1rio na R\u00e1dio Criativa de Muria\u00e9-MG e no canal Gernika_art against fascism \u2013 Liga de Comunica\u00e7\u00e3o Internacionalista de Portugal, no YouTube. E \u00e0s quartas-feiras, 15h, na Radio Comunidade Friburgo 104.9 FM, de Nova Friburgo-RJ.<\/p>\n\n\n\n<figure class=\"wp-block-image size-large\"><img loading=\"lazy\" decoding=\"async\" width=\"1024\" height=\"576\" src=\"https:\/\/inclusivenews.com.br\/wp-content\/uploads\/2024\/08\/WhatsApp-Image-2024-08-26-at-18.05.48-1024x576.jpeg\" alt=\"Card preto com letras brancas e imagem de ondas sonoras em rosa ao fundo \u00c0 esquerda: Podcast Mais abaixo dentro de uma tarja o desenho estilizado de um microfone e &quot;Acessando Luc\u00edlia&quot; Do lado direito dentro de uma moldura em forma de gota rosa, a foto de uma mulher branca de perfil. Ela usa \u00f3culos e blusa branca. Ter\u00e7a-feira -18h Com Luc\u00edlia Machado Dentro de tarjas sobrepostas nas cores verdes e rosa: \u00c0 direita: YouTube.com\/@acessandolucilia59 Facebook.com\/Webradiocensuralivre https:\/\/www.youtube.com\/@RadioCensuraLivre e no canto esquerdo, o \u00edcone de acess\u00edvel em libras. \u00c0 direita, o logo da Inclusive News e ao lado, o da Web R\u00e1dio Censura Livre.\" class=\"wp-image-33940\" srcset=\"https:\/\/inclusivenews.com.br\/wp-content\/uploads\/2024\/08\/WhatsApp-Image-2024-08-26-at-18.05.48-1024x576.jpeg 1024w, https:\/\/inclusivenews.com.br\/wp-content\/uploads\/2024\/08\/WhatsApp-Image-2024-08-26-at-18.05.48-300x169.jpeg 300w, https:\/\/inclusivenews.com.br\/wp-content\/uploads\/2024\/08\/WhatsApp-Image-2024-08-26-at-18.05.48-768x432.jpeg 768w, https:\/\/inclusivenews.com.br\/wp-content\/uploads\/2024\/08\/WhatsApp-Image-2024-08-26-at-18.05.48.jpeg 1280w\" sizes=\"auto, (max-width: 1024px) 100vw, 1024px\" \/><\/figure>\n","protected":false},"excerpt":{"rendered":"<p>Mulher: seu corpo, sua vida. Esse \u00e9 o tema da campanha do Minist\u00e9rio da Sa\u00fade em 2024 que tem como objetivo a conscientiza\u00e7\u00e3o sobre a import\u00e2ncia da preven\u00e7\u00e3o e do diagn\u00f3stico precoce do c\u00e2ncer de mama e de colo do \u00fatero. \u201cO m\u00eas Outubro Rosa vai al\u00e9m da cor rosa\u201d, incluindo outras formas de luta [&hellip;]<\/p>\n","protected":false},"author":1,"featured_media":34121,"comment_status":"open","ping_status":"open","sticky":false,"template":"","format":"standard","meta":{"site-container-style":"default","site-container-layout":"default","site-sidebar-layout":"default","disable-article-header":"default","disable-site-header":"default","disable-site-footer":"default","disable-content-area-spacing":"default","footnotes":""},"categories":[470,37],"tags":[592,589,587,501,591,586,484,590,593],"class_list":["post-34119","post","type-post","status-publish","format-standard","has-post-thumbnail","hentry","category-podcast","category-saude","tag-adama","tag-cancer-de-colo-do-utero","tag-cancer-de-mama","tag-ministerio-da-saude","tag-mulher","tag-outubro-rosa","tag-saude","tag-saude-da-mulher","tag-tratamento-oncologico"],"yoast_head":"<!-- This site is optimized with the Yoast SEO plugin v27.4 - https:\/\/yoast.com\/product\/yoast-seo-wordpress\/ -->\n<title>Mulher: seu corpo, sua vida, sua resist\u00eancia!\u00a0\u2013 Podcast Acessando Luc\u00edlia -<\/title>\n<meta name=\"robots\" content=\"index, follow, max-snippet:-1, max-image-preview:large, max-video-preview:-1\" \/>\n<link rel=\"canonical\" href=\"https:\/\/inclusivenews.com.br\/?p=34119\" \/>\n<meta property=\"og:locale\" content=\"pt_PT\" \/>\n<meta property=\"og:type\" content=\"article\" \/>\n<meta property=\"og:title\" content=\"Mulher: seu corpo, sua vida, sua resist\u00eancia!\u00a0\u2013 Podcast Acessando Luc\u00edlia -\" \/>\n<meta property=\"og:description\" content=\"Mulher: seu corpo, sua vida. Esse \u00e9 o tema da campanha do Minist\u00e9rio da Sa\u00fade em 2024 que tem como objetivo a conscientiza\u00e7\u00e3o sobre a import\u00e2ncia da preven\u00e7\u00e3o e do diagn\u00f3stico precoce do c\u00e2ncer de mama e de colo do \u00fatero. \u201cO m\u00eas Outubro Rosa vai al\u00e9m da cor rosa\u201d, incluindo outras formas de luta [&hellip;]\" \/>\n<meta property=\"og:url\" content=\"https:\/\/inclusivenews.com.br\/?p=34119\" \/>\n<meta property=\"article:publisher\" content=\"https:\/\/www.facebook.com\/agenciainclusive\/\" \/>\n<meta property=\"article:published_time\" content=\"2024-10-07T21:50:36+00:00\" \/>\n<meta property=\"og:image\" content=\"https:\/\/inclusivenews.com.br\/wp-content\/uploads\/2024\/10\/240_F_153424045_oYsHgTAUYZ3GgnwHVn1ZAGSS3smBkmDP.jpg\" \/>\n\t<meta property=\"og:image:width\" content=\"360\" \/>\n\t<meta property=\"og:image:height\" content=\"240\" \/>\n\t<meta property=\"og:image:type\" content=\"image\/jpeg\" \/>\n<meta name=\"author\" content=\"inclusivenews2024\" \/>\n<meta name=\"twitter:card\" content=\"summary_large_image\" \/>\n<meta name=\"twitter:label1\" content=\"Escrito por\" \/>\n\t<meta name=\"twitter:data1\" content=\"inclusivenews2024\" \/>\n\t<meta name=\"twitter:label2\" content=\"Tempo estimado de leitura\" \/>\n\t<meta name=\"twitter:data2\" content=\"3 minutos\" \/>\n<script type=\"application\/ld+json\" class=\"yoast-schema-graph\">{\"@context\":\"https:\\\/\\\/schema.org\",\"@graph\":[{\"@type\":\"Article\",\"@id\":\"https:\\\/\\\/inclusivenews.com.br\\\/?p=34119#article\",\"isPartOf\":{\"@id\":\"https:\\\/\\\/inclusivenews.com.br\\\/?p=34119\"},\"author\":{\"name\":\"inclusivenews2024\",\"@id\":\"https:\\\/\\\/inclusivenews.com.br\\\/#\\\/schema\\\/person\\\/ae4ec7087559b8692fb33b6fffd2273b\"},\"headline\":\"Mulher: seu corpo, sua vida, sua resist\u00eancia!\u00a0\u2013 Podcast Acessando Luc\u00edlia\",\"datePublished\":\"2024-10-07T21:50:36+00:00\",\"mainEntityOfPage\":{\"@id\":\"https:\\\/\\\/inclusivenews.com.br\\\/?p=34119\"},\"wordCount\":410,\"commentCount\":0,\"publisher\":{\"@id\":\"https:\\\/\\\/inclusivenews.com.br\\\/#organization\"},\"image\":{\"@id\":\"https:\\\/\\\/inclusivenews.com.br\\\/?p=34119#primaryimage\"},\"thumbnailUrl\":\"https:\\\/\\\/inclusivenews.com.br\\\/wp-content\\\/uploads\\\/2024\\\/10\\\/240_F_153424045_oYsHgTAUYZ3GgnwHVn1ZAGSS3smBkmDP.jpg\",\"keywords\":[\"ADAMA\",\"c\u00e2ncer de colo do \u00fatero\",\"c\u00e2ncer de mama\",\"minist\u00e9rio da Sa\u00fade\",\"mulher\",\"Outubro Rosa\",\"Sa\u00fade\",\"sa\u00fade da mulher\",\"tratamento oncol\u00f3gico\"],\"articleSection\":[\"PODCAST\",\"Sa\u00fade\"],\"inLanguage\":\"pt-PT\",\"potentialAction\":[{\"@type\":\"CommentAction\",\"name\":\"Comment\",\"target\":[\"https:\\\/\\\/inclusivenews.com.br\\\/?p=34119#respond\"]}]},{\"@type\":\"WebPage\",\"@id\":\"https:\\\/\\\/inclusivenews.com.br\\\/?p=34119\",\"url\":\"https:\\\/\\\/inclusivenews.com.br\\\/?p=34119\",\"name\":\"Mulher: seu corpo, sua vida, sua resist\u00eancia!\u00a0\u2013 Podcast Acessando Luc\u00edlia -\",\"isPartOf\":{\"@id\":\"https:\\\/\\\/inclusivenews.com.br\\\/#website\"},\"primaryImageOfPage\":{\"@id\":\"https:\\\/\\\/inclusivenews.com.br\\\/?p=34119#primaryimage\"},\"image\":{\"@id\":\"https:\\\/\\\/inclusivenews.com.br\\\/?p=34119#primaryimage\"},\"thumbnailUrl\":\"https:\\\/\\\/inclusivenews.com.br\\\/wp-content\\\/uploads\\\/2024\\\/10\\\/240_F_153424045_oYsHgTAUYZ3GgnwHVn1ZAGSS3smBkmDP.jpg\",\"datePublished\":\"2024-10-07T21:50:36+00:00\",\"breadcrumb\":{\"@id\":\"https:\\\/\\\/inclusivenews.com.br\\\/?p=34119#breadcrumb\"},\"inLanguage\":\"pt-PT\",\"potentialAction\":[{\"@type\":\"ReadAction\",\"target\":[\"https:\\\/\\\/inclusivenews.com.br\\\/?p=34119\"]}]},{\"@type\":\"ImageObject\",\"inLanguage\":\"pt-PT\",\"@id\":\"https:\\\/\\\/inclusivenews.com.br\\\/?p=34119#primaryimage\",\"url\":\"https:\\\/\\\/inclusivenews.com.br\\\/wp-content\\\/uploads\\\/2024\\\/10\\\/240_F_153424045_oYsHgTAUYZ3GgnwHVn1ZAGSS3smBkmDP.jpg\",\"contentUrl\":\"https:\\\/\\\/inclusivenews.com.br\\\/wp-content\\\/uploads\\\/2024\\\/10\\\/240_F_153424045_oYsHgTAUYZ3GgnwHVn1ZAGSS3smBkmDP.jpg\",\"width\":360,\"height\":240},{\"@type\":\"BreadcrumbList\",\"@id\":\"https:\\\/\\\/inclusivenews.com.br\\\/?p=34119#breadcrumb\",\"itemListElement\":[{\"@type\":\"ListItem\",\"position\":1,\"name\":\"In\u00edcio\",\"item\":\"https:\\\/\\\/inclusivenews.com.br\\\/\"},{\"@type\":\"ListItem\",\"position\":2,\"name\":\"Mulher: seu corpo, sua vida, sua resist\u00eancia!\u00a0\u2013 Podcast Acessando Luc\u00edlia\"}]},{\"@type\":\"WebSite\",\"@id\":\"https:\\\/\\\/inclusivenews.com.br\\\/#website\",\"url\":\"https:\\\/\\\/inclusivenews.com.br\\\/\",\"name\":\"Inclusive News\",\"description\":\"Inclusive News\",\"publisher\":{\"@id\":\"https:\\\/\\\/inclusivenews.com.br\\\/#organization\"},\"potentialAction\":[{\"@type\":\"SearchAction\",\"target\":{\"@type\":\"EntryPoint\",\"urlTemplate\":\"https:\\\/\\\/inclusivenews.com.br\\\/?s={search_term_string}\"},\"query-input\":{\"@type\":\"PropertyValueSpecification\",\"valueRequired\":true,\"valueName\":\"search_term_string\"}}],\"inLanguage\":\"pt-PT\"},{\"@type\":\"Organization\",\"@id\":\"https:\\\/\\\/inclusivenews.com.br\\\/#organization\",\"name\":\"Inclusive - inclus\u00e3o e cidadania\",\"url\":\"https:\\\/\\\/inclusivenews.com.br\\\/\",\"logo\":{\"@type\":\"ImageObject\",\"inLanguage\":\"pt-PT\",\"@id\":\"https:\\\/\\\/inclusivenews.com.br\\\/#\\\/schema\\\/logo\\\/image\\\/\",\"url\":\"https:\\\/\\\/inclusivenews.com.br\\\/wp-content\\\/uploads\\\/2024\\\/03\\\/@grandesite.png\",\"contentUrl\":\"https:\\\/\\\/inclusivenews.com.br\\\/wp-content\\\/uploads\\\/2024\\\/03\\\/@grandesite.png\",\"width\":1080,\"height\":1080,\"caption\":\"Inclusive - inclus\u00e3o e cidadania\"},\"image\":{\"@id\":\"https:\\\/\\\/inclusivenews.com.br\\\/#\\\/schema\\\/logo\\\/image\\\/\"},\"sameAs\":[\"https:\\\/\\\/www.facebook.com\\\/agenciainclusive\\\/\",\"https:\\\/\\\/www.instagram.com\\\/newsinclusive\\\/\"]},{\"@type\":\"Person\",\"@id\":\"https:\\\/\\\/inclusivenews.com.br\\\/#\\\/schema\\\/person\\\/ae4ec7087559b8692fb33b6fffd2273b\",\"name\":\"inclusivenews2024\",\"image\":{\"@type\":\"ImageObject\",\"inLanguage\":\"pt-PT\",\"@id\":\"https:\\\/\\\/secure.gravatar.com\\\/avatar\\\/c5a7ef84c66fa914f55bc4f7ce26cfa275a3b9a1c5568b907bd184fb4dde7b40?s=96&d=mm&r=g\",\"url\":\"https:\\\/\\\/secure.gravatar.com\\\/avatar\\\/c5a7ef84c66fa914f55bc4f7ce26cfa275a3b9a1c5568b907bd184fb4dde7b40?s=96&d=mm&r=g\",\"contentUrl\":\"https:\\\/\\\/secure.gravatar.com\\\/avatar\\\/c5a7ef84c66fa914f55bc4f7ce26cfa275a3b9a1c5568b907bd184fb4dde7b40?s=96&d=mm&r=g\",\"caption\":\"inclusivenews2024\"},\"sameAs\":[\"https:\\\/\\\/inclusivenews.com.br\"],\"url\":\"https:\\\/\\\/inclusivenews.com.br\\\/?author=1\"}]}<\/script>\n<!-- \/ Yoast SEO plugin. -->","yoast_head_json":{"title":"Mulher: seu corpo, sua vida, sua resist\u00eancia!\u00a0\u2013 Podcast Acessando Luc\u00edlia -","robots":{"index":"index","follow":"follow","max-snippet":"max-snippet:-1","max-image-preview":"max-image-preview:large","max-video-preview":"max-video-preview:-1"},"canonical":"https:\/\/inclusivenews.com.br\/?p=34119","og_locale":"pt_PT","og_type":"article","og_title":"Mulher: seu corpo, sua vida, sua resist\u00eancia!\u00a0\u2013 Podcast Acessando Luc\u00edlia -","og_description":"Mulher: seu corpo, sua vida. Esse \u00e9 o tema da campanha do Minist\u00e9rio da Sa\u00fade em 2024 que tem como objetivo a conscientiza\u00e7\u00e3o sobre a import\u00e2ncia da preven\u00e7\u00e3o e do diagn\u00f3stico precoce do c\u00e2ncer de mama e de colo do \u00fatero. \u201cO m\u00eas Outubro Rosa vai al\u00e9m da cor rosa\u201d, incluindo outras formas de luta [&hellip;]","og_url":"https:\/\/inclusivenews.com.br\/?p=34119","article_publisher":"https:\/\/www.facebook.com\/agenciainclusive\/","article_published_time":"2024-10-07T21:50:36+00:00","og_image":[{"width":360,"height":240,"url":"https:\/\/inclusivenews.com.br\/wp-content\/uploads\/2024\/10\/240_F_153424045_oYsHgTAUYZ3GgnwHVn1ZAGSS3smBkmDP.jpg","type":"image\/jpeg"}],"author":"inclusivenews2024","twitter_card":"summary_large_image","twitter_misc":{"Escrito por":"inclusivenews2024","Tempo estimado de leitura":"3 minutos"},"schema":{"@context":"https:\/\/schema.org","@graph":[{"@type":"Article","@id":"https:\/\/inclusivenews.com.br\/?p=34119#article","isPartOf":{"@id":"https:\/\/inclusivenews.com.br\/?p=34119"},"author":{"name":"inclusivenews2024","@id":"https:\/\/inclusivenews.com.br\/#\/schema\/person\/ae4ec7087559b8692fb33b6fffd2273b"},"headline":"Mulher: seu corpo, sua vida, sua resist\u00eancia!\u00a0\u2013 Podcast Acessando Luc\u00edlia","datePublished":"2024-10-07T21:50:36+00:00","mainEntityOfPage":{"@id":"https:\/\/inclusivenews.com.br\/?p=34119"},"wordCount":410,"commentCount":0,"publisher":{"@id":"https:\/\/inclusivenews.com.br\/#organization"},"image":{"@id":"https:\/\/inclusivenews.com.br\/?p=34119#primaryimage"},"thumbnailUrl":"https:\/\/inclusivenews.com.br\/wp-content\/uploads\/2024\/10\/240_F_153424045_oYsHgTAUYZ3GgnwHVn1ZAGSS3smBkmDP.jpg","keywords":["ADAMA","c\u00e2ncer de colo do \u00fatero","c\u00e2ncer de mama","minist\u00e9rio da Sa\u00fade","mulher","Outubro Rosa","Sa\u00fade","sa\u00fade da mulher","tratamento oncol\u00f3gico"],"articleSection":["PODCAST","Sa\u00fade"],"inLanguage":"pt-PT","potentialAction":[{"@type":"CommentAction","name":"Comment","target":["https:\/\/inclusivenews.com.br\/?p=34119#respond"]}]},{"@type":"WebPage","@id":"https:\/\/inclusivenews.com.br\/?p=34119","url":"https:\/\/inclusivenews.com.br\/?p=34119","name":"Mulher: seu corpo, sua vida, sua resist\u00eancia!\u00a0\u2013 Podcast Acessando Luc\u00edlia -","isPartOf":{"@id":"https:\/\/inclusivenews.com.br\/#website"},"primaryImageOfPage":{"@id":"https:\/\/inclusivenews.com.br\/?p=34119#primaryimage"},"image":{"@id":"https:\/\/inclusivenews.com.br\/?p=34119#primaryimage"},"thumbnailUrl":"https:\/\/inclusivenews.com.br\/wp-content\/uploads\/2024\/10\/240_F_153424045_oYsHgTAUYZ3GgnwHVn1ZAGSS3smBkmDP.jpg","datePublished":"2024-10-07T21:50:36+00:00","breadcrumb":{"@id":"https:\/\/inclusivenews.com.br\/?p=34119#breadcrumb"},"inLanguage":"pt-PT","potentialAction":[{"@type":"ReadAction","target":["https:\/\/inclusivenews.com.br\/?p=34119"]}]},{"@type":"ImageObject","inLanguage":"pt-PT","@id":"https:\/\/inclusivenews.com.br\/?p=34119#primaryimage","url":"https:\/\/inclusivenews.com.br\/wp-content\/uploads\/2024\/10\/240_F_153424045_oYsHgTAUYZ3GgnwHVn1ZAGSS3smBkmDP.jpg","contentUrl":"https:\/\/inclusivenews.com.br\/wp-content\/uploads\/2024\/10\/240_F_153424045_oYsHgTAUYZ3GgnwHVn1ZAGSS3smBkmDP.jpg","width":360,"height":240},{"@type":"BreadcrumbList","@id":"https:\/\/inclusivenews.com.br\/?p=34119#breadcrumb","itemListElement":[{"@type":"ListItem","position":1,"name":"In\u00edcio","item":"https:\/\/inclusivenews.com.br\/"},{"@type":"ListItem","position":2,"name":"Mulher: seu corpo, sua vida, sua resist\u00eancia!\u00a0\u2013 Podcast Acessando Luc\u00edlia"}]},{"@type":"WebSite","@id":"https:\/\/inclusivenews.com.br\/#website","url":"https:\/\/inclusivenews.com.br\/","name":"Inclusive News","description":"Inclusive News","publisher":{"@id":"https:\/\/inclusivenews.com.br\/#organization"},"potentialAction":[{"@type":"SearchAction","target":{"@type":"EntryPoint","urlTemplate":"https:\/\/inclusivenews.com.br\/?s={search_term_string}"},"query-input":{"@type":"PropertyValueSpecification","valueRequired":true,"valueName":"search_term_string"}}],"inLanguage":"pt-PT"},{"@type":"Organization","@id":"https:\/\/inclusivenews.com.br\/#organization","name":"Inclusive - inclus\u00e3o e cidadania","url":"https:\/\/inclusivenews.com.br\/","logo":{"@type":"ImageObject","inLanguage":"pt-PT","@id":"https:\/\/inclusivenews.com.br\/#\/schema\/logo\/image\/","url":"https:\/\/inclusivenews.com.br\/wp-content\/uploads\/2024\/03\/@grandesite.png","contentUrl":"https:\/\/inclusivenews.com.br\/wp-content\/uploads\/2024\/03\/@grandesite.png","width":1080,"height":1080,"caption":"Inclusive - inclus\u00e3o e cidadania"},"image":{"@id":"https:\/\/inclusivenews.com.br\/#\/schema\/logo\/image\/"},"sameAs":["https:\/\/www.facebook.com\/agenciainclusive\/","https:\/\/www.instagram.com\/newsinclusive\/"]},{"@type":"Person","@id":"https:\/\/inclusivenews.com.br\/#\/schema\/person\/ae4ec7087559b8692fb33b6fffd2273b","name":"inclusivenews2024","image":{"@type":"ImageObject","inLanguage":"pt-PT","@id":"https:\/\/secure.gravatar.com\/avatar\/c5a7ef84c66fa914f55bc4f7ce26cfa275a3b9a1c5568b907bd184fb4dde7b40?s=96&d=mm&r=g","url":"https:\/\/secure.gravatar.com\/avatar\/c5a7ef84c66fa914f55bc4f7ce26cfa275a3b9a1c5568b907bd184fb4dde7b40?s=96&d=mm&r=g","contentUrl":"https:\/\/secure.gravatar.com\/avatar\/c5a7ef84c66fa914f55bc4f7ce26cfa275a3b9a1c5568b907bd184fb4dde7b40?s=96&d=mm&r=g","caption":"inclusivenews2024"},"sameAs":["https:\/\/inclusivenews.com.br"],"url":"https:\/\/inclusivenews.com.br\/?author=1"}]}},"_links":{"self":[{"href":"https:\/\/inclusivenews.com.br\/index.php?rest_route=\/wp\/v2\/posts\/34119","targetHints":{"allow":["GET"]}}],"collection":[{"href":"https:\/\/inclusivenews.com.br\/index.php?rest_route=\/wp\/v2\/posts"}],"about":[{"href":"https:\/\/inclusivenews.com.br\/index.php?rest_route=\/wp\/v2\/types\/post"}],"author":[{"embeddable":true,"href":"https:\/\/inclusivenews.com.br\/index.php?rest_route=\/wp\/v2\/users\/1"}],"replies":[{"embeddable":true,"href":"https:\/\/inclusivenews.com.br\/index.php?rest_route=%2Fwp%2Fv2%2Fcomments&post=34119"}],"version-history":[{"count":1,"href":"https:\/\/inclusivenews.com.br\/index.php?rest_route=\/wp\/v2\/posts\/34119\/revisions"}],"predecessor-version":[{"id":34122,"href":"https:\/\/inclusivenews.com.br\/index.php?rest_route=\/wp\/v2\/posts\/34119\/revisions\/34122"}],"wp:featuredmedia":[{"embeddable":true,"href":"https:\/\/inclusivenews.com.br\/index.php?rest_route=\/wp\/v2\/media\/34121"}],"wp:attachment":[{"href":"https:\/\/inclusivenews.com.br\/index.php?rest_route=%2Fwp%2Fv2%2Fmedia&parent=34119"}],"wp:term":[{"taxonomy":"category","embeddable":true,"href":"https:\/\/inclusivenews.com.br\/index.php?rest_route=%2Fwp%2Fv2%2Fcategories&post=34119"},{"taxonomy":"post_tag","embeddable":true,"href":"https:\/\/inclusivenews.com.br\/index.php?rest_route=%2Fwp%2Fv2%2Ftags&post=34119"}],"curies":[{"name":"wp","href":"https:\/\/api.w.org\/{rel}","templated":true}]}}