{"id":34123,"date":"2024-10-17T16:42:03","date_gmt":"2024-10-17T16:42:03","guid":{"rendered":"https:\/\/inclusivenews.com.br\/?p=34123"},"modified":"2024-10-21T17:23:09","modified_gmt":"2024-10-21T17:23:09","slug":"administracao-publica-municipal-devera-adotar-linguagem-simples-para-melhorar-comunicacao-com-os-cidadaos","status":"publish","type":"post","link":"https:\/\/inclusivenews.com.br\/?p=34123","title":{"rendered":"Administra\u00e7\u00e3o p\u00fablica da cidade do Rio dever\u00e1 adotar linguagem simples para melhorar comunica\u00e7\u00e3o com os cidad\u00e3os"},"content":{"rendered":"\n<p>A C\u00e2mara de Vereadores do Rio de Janeiro aprovou nesta quarta-feira, 16 de outubro, o Projeto de Lei 3016\/2024, que estabelece a Pol\u00edtica Municipal de Linguagem Simples na cidade. A nova lei, de autoria da vereadora T\u00e2nia Bastos (Rep), exige que os \u00f3rg\u00e3os e entidades da administra\u00e7\u00e3o p\u00fablica, tanto direta quanto indireta, adotem uma comunica\u00e7\u00e3o mais acess\u00edvel para facilitar o entendimento das informa\u00e7\u00f5es pela popula\u00e7\u00e3o. O projeto segue agora para san\u00e7\u00e3o ou veto do Poder Executivo.<\/p>\n\n\n\n<p>O objetivo da medida \u00e9 garantir que os documentos oficiais tenham uma vers\u00e3o em linguagem simples, al\u00e9m da vers\u00e3o original, sempre que poss\u00edvel. Isso significa que os textos oficiais devem ser claros, permitindo que os cidad\u00e3os possam facilmente encontrar, entender e utilizar as informa\u00e7\u00f5es. A proposta busca promover maior transpar\u00eancia, facilitar o acesso \u00e0 informa\u00e7\u00e3o p\u00fablica e incentivar a participa\u00e7\u00e3o popular.<\/p>\n\n\n\n<p>\u201cA ideia \u00e9 adotar uma forma mais simples de comunica\u00e7\u00e3o, permitindo que todos entendam o que est\u00e3o lendo, oferecendo acesso \u00e0 informa\u00e7\u00e3o simplificada, servi\u00e7os e direitos. Estamos defendendo a democracia e promovendo a inclus\u00e3o tamb\u00e9m\u201d, celebrou a vereadora T\u00e2nia Bastos, vice-presidente da C\u00e2mara e autora do projeto.<\/p>\n\n\n\n<p>O que \u00e9 linguagem simples?<br>A linguagem simples n\u00e3o significa uma comunica\u00e7\u00e3o informal, mas sim uma forma de redigir que respeita as normas da l\u00edngua portuguesa, utilizando t\u00e9cnicas para facilitar a compreens\u00e3o. Entre as pr\u00e1ticas recomendadas est\u00e3o:<\/p>\n\n\n\n<p><strong>Reda\u00e7\u00e3o de frases em ordem direta;<br>Desenvolvimento de uma ideia por par\u00e1grafo;<br>Uso de palavras comuns e de f\u00e1cil compreens\u00e3o;<br>Substitui\u00e7\u00e3o de termos t\u00e9cnicos por sin\u00f4nimos ou inclus\u00e3o de suas explica\u00e7\u00f5es no texto.<br>Al\u00e9m disso, o projeto prev\u00ea que, nos casos em que a comunica\u00e7\u00e3o seja dirigida a comunidades ind\u00edgenas, os textos devem ser publicados tanto em portugu\u00eas quanto no idioma origin\u00e1rio.<\/strong><\/p>\n\n\n\n<p>Acessibilidade na comunica\u00e7\u00e3o p\u00fablica<br>A aprova\u00e7\u00e3o do PL 3016\/2024 fortalece o compromisso da C\u00e2mara Municipal do Rio de Janeiro com uma comunica\u00e7\u00e3o mais eficiente e acess\u00edvel. Recentemente, a Escola do Legislativo promoveu a palestra \u201cPromo\u00e7\u00e3o da Linguagem Simples no Parlamento\u201d, com a subsecret\u00e1ria t\u00e9cnica da Secretaria Municipal da Pessoa com Defici\u00eancia, Fl\u00e1via Cortinovis, para discutir a import\u00e2ncia dessa abordagem.<\/p>\n\n\n\n<p>A C\u00e2mara tamb\u00e9m tem adotado outras iniciativas voltadas para a acessibilidade, como a tradu\u00e7\u00e3o em Libras (L\u00edngua Brasileira de Sinais) em todas as sess\u00f5es e eventos, al\u00e9m da inclus\u00e3o do Texto Alternativo nas publica\u00e7\u00f5es nas redes sociais, que descreve o conte\u00fado das imagens para pessoas com defici\u00eancia visual. A reformula\u00e7\u00e3o do site da C\u00e2mara tamb\u00e9m levou em considera\u00e7\u00e3o ferramentas de acessibilidade para os usu\u00e1rios<\/p>\n\n\n\n<p><\/p>\n\n\n\n<p>Texto: Quintino Gomes Freire<\/p>\n\n\n\n<p>Fonte: <a href=\"https:\/\/diariodorio.com\/administracao-publica-municipal-devera-adotar-linguagem-simples-para-melhorar-comunicacao-com-os-cidadaos\/\">https:\/\/diariodorio.com\/administracao-publica-municipal-devera-adotar-linguagem-simples-para-melhorar-comunicacao-com-os-cidadaos\/<\/a><\/p>\n","protected":false},"excerpt":{"rendered":"<p>A C\u00e2mara de Vereadores do Rio de Janeiro aprovou nesta quarta-feira, 16 de outubro, o Projeto de Lei 3016\/2024, que estabelece a Pol\u00edtica Municipal de Linguagem Simples na cidade. A nova lei, de autoria da vereadora T\u00e2nia Bastos (Rep), exige que os \u00f3rg\u00e3os e entidades da administra\u00e7\u00e3o p\u00fablica, tanto direta quanto indireta, adotem uma comunica\u00e7\u00e3o [&hellip;]<\/p>\n","protected":false},"author":1,"featured_media":34125,"comment_status":"open","ping_status":"open","sticky":false,"template":"","format":"standard","meta":{"site-container-style":"default","site-container-layout":"default","site-sidebar-layout":"default","disable-article-header":"default","disable-site-header":"default","disable-site-footer":"default","disable-content-area-spacing":"default","footnotes":""},"categories":[1,463],"tags":[89,133,503,325,594,595],"class_list":["post-34123","post","type-post","status-publish","format-standard","has-post-thumbnail","hentry","category-blog","category-linguagem-simples","tag-acessibilidade","tag-comunicacao","tag-linguagem-simples","tag-politicas-publicas-2","tag-rio","tag-rio-de-janeiro"],"yoast_head":"<!-- This site is optimized with the Yoast SEO plugin v27.5 - https:\/\/yoast.com\/product\/yoast-seo-wordpress\/ -->\n<title>Administra\u00e7\u00e3o p\u00fablica da cidade do Rio dever\u00e1 adotar linguagem simples para melhorar comunica\u00e7\u00e3o com os cidad\u00e3os -<\/title>\n<meta name=\"robots\" content=\"index, follow, max-snippet:-1, max-image-preview:large, max-video-preview:-1\" \/>\n<link rel=\"canonical\" href=\"https:\/\/inclusivenews.com.br\/?p=34123\" \/>\n<meta property=\"og:locale\" content=\"pt_PT\" \/>\n<meta property=\"og:type\" content=\"article\" \/>\n<meta property=\"og:title\" content=\"Administra\u00e7\u00e3o p\u00fablica da cidade do Rio dever\u00e1 adotar linguagem simples para melhorar comunica\u00e7\u00e3o com os cidad\u00e3os -\" \/>\n<meta property=\"og:description\" content=\"A C\u00e2mara de Vereadores do Rio de Janeiro aprovou nesta quarta-feira, 16 de outubro, o Projeto de Lei 3016\/2024, que estabelece a Pol\u00edtica Municipal de Linguagem Simples na cidade. A nova lei, de autoria da vereadora T\u00e2nia Bastos (Rep), exige que os \u00f3rg\u00e3os e entidades da administra\u00e7\u00e3o p\u00fablica, tanto direta quanto indireta, adotem uma comunica\u00e7\u00e3o [&hellip;]\" \/>\n<meta property=\"og:url\" content=\"https:\/\/inclusivenews.com.br\/?p=34123\" \/>\n<meta property=\"article:publisher\" content=\"https:\/\/www.facebook.com\/agenciainclusive\/\" \/>\n<meta property=\"article:published_time\" content=\"2024-10-17T16:42:03+00:00\" \/>\n<meta property=\"article:modified_time\" content=\"2024-10-21T17:23:09+00:00\" \/>\n<meta property=\"og:image\" content=\"https:\/\/inclusivenews.com.br\/wp-content\/uploads\/2024\/10\/240_F_415024241_X5gJ85myG7OCJjWm2gkKg1bgOre1mU89.jpg\" \/>\n\t<meta property=\"og:image:width\" content=\"360\" \/>\n\t<meta property=\"og:image:height\" content=\"240\" \/>\n\t<meta property=\"og:image:type\" content=\"image\/jpeg\" \/>\n<meta name=\"author\" content=\"inclusivenews2024\" \/>\n<meta name=\"twitter:card\" content=\"summary_large_image\" \/>\n<meta name=\"twitter:label1\" content=\"Escrito por\" \/>\n\t<meta name=\"twitter:data1\" content=\"inclusivenews2024\" \/>\n\t<meta name=\"twitter:label2\" content=\"Tempo estimado de leitura\" \/>\n\t<meta name=\"twitter:data2\" content=\"3 minutos\" \/>\n<script type=\"application\/ld+json\" class=\"yoast-schema-graph\">{\"@context\":\"https:\\\/\\\/schema.org\",\"@graph\":[{\"@type\":\"Article\",\"@id\":\"https:\\\/\\\/inclusivenews.com.br\\\/?p=34123#article\",\"isPartOf\":{\"@id\":\"https:\\\/\\\/inclusivenews.com.br\\\/?p=34123\"},\"author\":{\"name\":\"inclusivenews2024\",\"@id\":\"https:\\\/\\\/inclusivenews.com.br\\\/#\\\/schema\\\/person\\\/ae4ec7087559b8692fb33b6fffd2273b\"},\"headline\":\"Administra\u00e7\u00e3o p\u00fablica da cidade do Rio dever\u00e1 adotar linguagem simples para melhorar comunica\u00e7\u00e3o com os cidad\u00e3os\",\"datePublished\":\"2024-10-17T16:42:03+00:00\",\"dateModified\":\"2024-10-21T17:23:09+00:00\",\"mainEntityOfPage\":{\"@id\":\"https:\\\/\\\/inclusivenews.com.br\\\/?p=34123\"},\"wordCount\":503,\"commentCount\":0,\"publisher\":{\"@id\":\"https:\\\/\\\/inclusivenews.com.br\\\/#organization\"},\"image\":{\"@id\":\"https:\\\/\\\/inclusivenews.com.br\\\/?p=34123#primaryimage\"},\"thumbnailUrl\":\"https:\\\/\\\/inclusivenews.com.br\\\/wp-content\\\/uploads\\\/2024\\\/10\\\/240_F_415024241_X5gJ85myG7OCJjWm2gkKg1bgOre1mU89.jpg\",\"keywords\":[\"Acessibilidade\",\"Comunica\u00e7\u00e3o\",\"Linguagem Simples\",\"pol\u00edticas p\u00fablicas\",\"Rio\",\"Rio de Janeiro\"],\"articleSection\":[\"Blog\",\"Linguagem Simples\"],\"inLanguage\":\"pt-PT\",\"potentialAction\":[{\"@type\":\"CommentAction\",\"name\":\"Comment\",\"target\":[\"https:\\\/\\\/inclusivenews.com.br\\\/?p=34123#respond\"]}]},{\"@type\":\"WebPage\",\"@id\":\"https:\\\/\\\/inclusivenews.com.br\\\/?p=34123\",\"url\":\"https:\\\/\\\/inclusivenews.com.br\\\/?p=34123\",\"name\":\"Administra\u00e7\u00e3o p\u00fablica da cidade do Rio dever\u00e1 adotar linguagem simples para melhorar comunica\u00e7\u00e3o com os cidad\u00e3os -\",\"isPartOf\":{\"@id\":\"https:\\\/\\\/inclusivenews.com.br\\\/#website\"},\"primaryImageOfPage\":{\"@id\":\"https:\\\/\\\/inclusivenews.com.br\\\/?p=34123#primaryimage\"},\"image\":{\"@id\":\"https:\\\/\\\/inclusivenews.com.br\\\/?p=34123#primaryimage\"},\"thumbnailUrl\":\"https:\\\/\\\/inclusivenews.com.br\\\/wp-content\\\/uploads\\\/2024\\\/10\\\/240_F_415024241_X5gJ85myG7OCJjWm2gkKg1bgOre1mU89.jpg\",\"datePublished\":\"2024-10-17T16:42:03+00:00\",\"dateModified\":\"2024-10-21T17:23:09+00:00\",\"breadcrumb\":{\"@id\":\"https:\\\/\\\/inclusivenews.com.br\\\/?p=34123#breadcrumb\"},\"inLanguage\":\"pt-PT\",\"potentialAction\":[{\"@type\":\"ReadAction\",\"target\":[\"https:\\\/\\\/inclusivenews.com.br\\\/?p=34123\"]}]},{\"@type\":\"ImageObject\",\"inLanguage\":\"pt-PT\",\"@id\":\"https:\\\/\\\/inclusivenews.com.br\\\/?p=34123#primaryimage\",\"url\":\"https:\\\/\\\/inclusivenews.com.br\\\/wp-content\\\/uploads\\\/2024\\\/10\\\/240_F_415024241_X5gJ85myG7OCJjWm2gkKg1bgOre1mU89.jpg\",\"contentUrl\":\"https:\\\/\\\/inclusivenews.com.br\\\/wp-content\\\/uploads\\\/2024\\\/10\\\/240_F_415024241_X5gJ85myG7OCJjWm2gkKg1bgOre1mU89.jpg\",\"width\":360,\"height\":240},{\"@type\":\"BreadcrumbList\",\"@id\":\"https:\\\/\\\/inclusivenews.com.br\\\/?p=34123#breadcrumb\",\"itemListElement\":[{\"@type\":\"ListItem\",\"position\":1,\"name\":\"In\u00edcio\",\"item\":\"https:\\\/\\\/inclusivenews.com.br\\\/\"},{\"@type\":\"ListItem\",\"position\":2,\"name\":\"Administra\u00e7\u00e3o p\u00fablica da cidade do Rio dever\u00e1 adotar linguagem simples para melhorar comunica\u00e7\u00e3o com os cidad\u00e3os\"}]},{\"@type\":\"WebSite\",\"@id\":\"https:\\\/\\\/inclusivenews.com.br\\\/#website\",\"url\":\"https:\\\/\\\/inclusivenews.com.br\\\/\",\"name\":\"Inclusive News\",\"description\":\"Inclusive News\",\"publisher\":{\"@id\":\"https:\\\/\\\/inclusivenews.com.br\\\/#organization\"},\"potentialAction\":[{\"@type\":\"SearchAction\",\"target\":{\"@type\":\"EntryPoint\",\"urlTemplate\":\"https:\\\/\\\/inclusivenews.com.br\\\/?s={search_term_string}\"},\"query-input\":{\"@type\":\"PropertyValueSpecification\",\"valueRequired\":true,\"valueName\":\"search_term_string\"}}],\"inLanguage\":\"pt-PT\"},{\"@type\":\"Organization\",\"@id\":\"https:\\\/\\\/inclusivenews.com.br\\\/#organization\",\"name\":\"Inclusive - inclus\u00e3o e cidadania\",\"url\":\"https:\\\/\\\/inclusivenews.com.br\\\/\",\"logo\":{\"@type\":\"ImageObject\",\"inLanguage\":\"pt-PT\",\"@id\":\"https:\\\/\\\/inclusivenews.com.br\\\/#\\\/schema\\\/logo\\\/image\\\/\",\"url\":\"https:\\\/\\\/inclusivenews.com.br\\\/wp-content\\\/uploads\\\/2024\\\/03\\\/@grandesite.png\",\"contentUrl\":\"https:\\\/\\\/inclusivenews.com.br\\\/wp-content\\\/uploads\\\/2024\\\/03\\\/@grandesite.png\",\"width\":1080,\"height\":1080,\"caption\":\"Inclusive - inclus\u00e3o e cidadania\"},\"image\":{\"@id\":\"https:\\\/\\\/inclusivenews.com.br\\\/#\\\/schema\\\/logo\\\/image\\\/\"},\"sameAs\":[\"https:\\\/\\\/www.facebook.com\\\/agenciainclusive\\\/\",\"https:\\\/\\\/www.instagram.com\\\/newsinclusive\\\/\"]},{\"@type\":\"Person\",\"@id\":\"https:\\\/\\\/inclusivenews.com.br\\\/#\\\/schema\\\/person\\\/ae4ec7087559b8692fb33b6fffd2273b\",\"name\":\"inclusivenews2024\",\"image\":{\"@type\":\"ImageObject\",\"inLanguage\":\"pt-PT\",\"@id\":\"https:\\\/\\\/secure.gravatar.com\\\/avatar\\\/c5a7ef84c66fa914f55bc4f7ce26cfa275a3b9a1c5568b907bd184fb4dde7b40?s=96&d=mm&r=g\",\"url\":\"https:\\\/\\\/secure.gravatar.com\\\/avatar\\\/c5a7ef84c66fa914f55bc4f7ce26cfa275a3b9a1c5568b907bd184fb4dde7b40?s=96&d=mm&r=g\",\"contentUrl\":\"https:\\\/\\\/secure.gravatar.com\\\/avatar\\\/c5a7ef84c66fa914f55bc4f7ce26cfa275a3b9a1c5568b907bd184fb4dde7b40?s=96&d=mm&r=g\",\"caption\":\"inclusivenews2024\"},\"sameAs\":[\"https:\\\/\\\/inclusivenews.com.br\"],\"url\":\"https:\\\/\\\/inclusivenews.com.br\\\/?author=1\"}]}<\/script>\n<!-- \/ Yoast SEO plugin. -->","yoast_head_json":{"title":"Administra\u00e7\u00e3o p\u00fablica da cidade do Rio dever\u00e1 adotar linguagem simples para melhorar comunica\u00e7\u00e3o com os cidad\u00e3os -","robots":{"index":"index","follow":"follow","max-snippet":"max-snippet:-1","max-image-preview":"max-image-preview:large","max-video-preview":"max-video-preview:-1"},"canonical":"https:\/\/inclusivenews.com.br\/?p=34123","og_locale":"pt_PT","og_type":"article","og_title":"Administra\u00e7\u00e3o p\u00fablica da cidade do Rio dever\u00e1 adotar linguagem simples para melhorar comunica\u00e7\u00e3o com os cidad\u00e3os -","og_description":"A C\u00e2mara de Vereadores do Rio de Janeiro aprovou nesta quarta-feira, 16 de outubro, o Projeto de Lei 3016\/2024, que estabelece a Pol\u00edtica Municipal de Linguagem Simples na cidade. A nova lei, de autoria da vereadora T\u00e2nia Bastos (Rep), exige que os \u00f3rg\u00e3os e entidades da administra\u00e7\u00e3o p\u00fablica, tanto direta quanto indireta, adotem uma comunica\u00e7\u00e3o [&hellip;]","og_url":"https:\/\/inclusivenews.com.br\/?p=34123","article_publisher":"https:\/\/www.facebook.com\/agenciainclusive\/","article_published_time":"2024-10-17T16:42:03+00:00","article_modified_time":"2024-10-21T17:23:09+00:00","og_image":[{"width":360,"height":240,"url":"https:\/\/inclusivenews.com.br\/wp-content\/uploads\/2024\/10\/240_F_415024241_X5gJ85myG7OCJjWm2gkKg1bgOre1mU89.jpg","type":"image\/jpeg"}],"author":"inclusivenews2024","twitter_card":"summary_large_image","twitter_misc":{"Escrito por":"inclusivenews2024","Tempo estimado de leitura":"3 minutos"},"schema":{"@context":"https:\/\/schema.org","@graph":[{"@type":"Article","@id":"https:\/\/inclusivenews.com.br\/?p=34123#article","isPartOf":{"@id":"https:\/\/inclusivenews.com.br\/?p=34123"},"author":{"name":"inclusivenews2024","@id":"https:\/\/inclusivenews.com.br\/#\/schema\/person\/ae4ec7087559b8692fb33b6fffd2273b"},"headline":"Administra\u00e7\u00e3o p\u00fablica da cidade do Rio dever\u00e1 adotar linguagem simples para melhorar comunica\u00e7\u00e3o com os cidad\u00e3os","datePublished":"2024-10-17T16:42:03+00:00","dateModified":"2024-10-21T17:23:09+00:00","mainEntityOfPage":{"@id":"https:\/\/inclusivenews.com.br\/?p=34123"},"wordCount":503,"commentCount":0,"publisher":{"@id":"https:\/\/inclusivenews.com.br\/#organization"},"image":{"@id":"https:\/\/inclusivenews.com.br\/?p=34123#primaryimage"},"thumbnailUrl":"https:\/\/inclusivenews.com.br\/wp-content\/uploads\/2024\/10\/240_F_415024241_X5gJ85myG7OCJjWm2gkKg1bgOre1mU89.jpg","keywords":["Acessibilidade","Comunica\u00e7\u00e3o","Linguagem Simples","pol\u00edticas p\u00fablicas","Rio","Rio de Janeiro"],"articleSection":["Blog","Linguagem Simples"],"inLanguage":"pt-PT","potentialAction":[{"@type":"CommentAction","name":"Comment","target":["https:\/\/inclusivenews.com.br\/?p=34123#respond"]}]},{"@type":"WebPage","@id":"https:\/\/inclusivenews.com.br\/?p=34123","url":"https:\/\/inclusivenews.com.br\/?p=34123","name":"Administra\u00e7\u00e3o p\u00fablica da cidade do Rio dever\u00e1 adotar linguagem simples para melhorar comunica\u00e7\u00e3o com os cidad\u00e3os -","isPartOf":{"@id":"https:\/\/inclusivenews.com.br\/#website"},"primaryImageOfPage":{"@id":"https:\/\/inclusivenews.com.br\/?p=34123#primaryimage"},"image":{"@id":"https:\/\/inclusivenews.com.br\/?p=34123#primaryimage"},"thumbnailUrl":"https:\/\/inclusivenews.com.br\/wp-content\/uploads\/2024\/10\/240_F_415024241_X5gJ85myG7OCJjWm2gkKg1bgOre1mU89.jpg","datePublished":"2024-10-17T16:42:03+00:00","dateModified":"2024-10-21T17:23:09+00:00","breadcrumb":{"@id":"https:\/\/inclusivenews.com.br\/?p=34123#breadcrumb"},"inLanguage":"pt-PT","potentialAction":[{"@type":"ReadAction","target":["https:\/\/inclusivenews.com.br\/?p=34123"]}]},{"@type":"ImageObject","inLanguage":"pt-PT","@id":"https:\/\/inclusivenews.com.br\/?p=34123#primaryimage","url":"https:\/\/inclusivenews.com.br\/wp-content\/uploads\/2024\/10\/240_F_415024241_X5gJ85myG7OCJjWm2gkKg1bgOre1mU89.jpg","contentUrl":"https:\/\/inclusivenews.com.br\/wp-content\/uploads\/2024\/10\/240_F_415024241_X5gJ85myG7OCJjWm2gkKg1bgOre1mU89.jpg","width":360,"height":240},{"@type":"BreadcrumbList","@id":"https:\/\/inclusivenews.com.br\/?p=34123#breadcrumb","itemListElement":[{"@type":"ListItem","position":1,"name":"In\u00edcio","item":"https:\/\/inclusivenews.com.br\/"},{"@type":"ListItem","position":2,"name":"Administra\u00e7\u00e3o p\u00fablica da cidade do Rio dever\u00e1 adotar linguagem simples para melhorar comunica\u00e7\u00e3o com os cidad\u00e3os"}]},{"@type":"WebSite","@id":"https:\/\/inclusivenews.com.br\/#website","url":"https:\/\/inclusivenews.com.br\/","name":"Inclusive News","description":"Inclusive News","publisher":{"@id":"https:\/\/inclusivenews.com.br\/#organization"},"potentialAction":[{"@type":"SearchAction","target":{"@type":"EntryPoint","urlTemplate":"https:\/\/inclusivenews.com.br\/?s={search_term_string}"},"query-input":{"@type":"PropertyValueSpecification","valueRequired":true,"valueName":"search_term_string"}}],"inLanguage":"pt-PT"},{"@type":"Organization","@id":"https:\/\/inclusivenews.com.br\/#organization","name":"Inclusive - inclus\u00e3o e cidadania","url":"https:\/\/inclusivenews.com.br\/","logo":{"@type":"ImageObject","inLanguage":"pt-PT","@id":"https:\/\/inclusivenews.com.br\/#\/schema\/logo\/image\/","url":"https:\/\/inclusivenews.com.br\/wp-content\/uploads\/2024\/03\/@grandesite.png","contentUrl":"https:\/\/inclusivenews.com.br\/wp-content\/uploads\/2024\/03\/@grandesite.png","width":1080,"height":1080,"caption":"Inclusive - inclus\u00e3o e cidadania"},"image":{"@id":"https:\/\/inclusivenews.com.br\/#\/schema\/logo\/image\/"},"sameAs":["https:\/\/www.facebook.com\/agenciainclusive\/","https:\/\/www.instagram.com\/newsinclusive\/"]},{"@type":"Person","@id":"https:\/\/inclusivenews.com.br\/#\/schema\/person\/ae4ec7087559b8692fb33b6fffd2273b","name":"inclusivenews2024","image":{"@type":"ImageObject","inLanguage":"pt-PT","@id":"https:\/\/secure.gravatar.com\/avatar\/c5a7ef84c66fa914f55bc4f7ce26cfa275a3b9a1c5568b907bd184fb4dde7b40?s=96&d=mm&r=g","url":"https:\/\/secure.gravatar.com\/avatar\/c5a7ef84c66fa914f55bc4f7ce26cfa275a3b9a1c5568b907bd184fb4dde7b40?s=96&d=mm&r=g","contentUrl":"https:\/\/secure.gravatar.com\/avatar\/c5a7ef84c66fa914f55bc4f7ce26cfa275a3b9a1c5568b907bd184fb4dde7b40?s=96&d=mm&r=g","caption":"inclusivenews2024"},"sameAs":["https:\/\/inclusivenews.com.br"],"url":"https:\/\/inclusivenews.com.br\/?author=1"}]}},"_links":{"self":[{"href":"https:\/\/inclusivenews.com.br\/index.php?rest_route=\/wp\/v2\/posts\/34123","targetHints":{"allow":["GET"]}}],"collection":[{"href":"https:\/\/inclusivenews.com.br\/index.php?rest_route=\/wp\/v2\/posts"}],"about":[{"href":"https:\/\/inclusivenews.com.br\/index.php?rest_route=\/wp\/v2\/types\/post"}],"author":[{"embeddable":true,"href":"https:\/\/inclusivenews.com.br\/index.php?rest_route=\/wp\/v2\/users\/1"}],"replies":[{"embeddable":true,"href":"https:\/\/inclusivenews.com.br\/index.php?rest_route=%2Fwp%2Fv2%2Fcomments&post=34123"}],"version-history":[{"count":2,"href":"https:\/\/inclusivenews.com.br\/index.php?rest_route=\/wp\/v2\/posts\/34123\/revisions"}],"predecessor-version":[{"id":34127,"href":"https:\/\/inclusivenews.com.br\/index.php?rest_route=\/wp\/v2\/posts\/34123\/revisions\/34127"}],"wp:featuredmedia":[{"embeddable":true,"href":"https:\/\/inclusivenews.com.br\/index.php?rest_route=\/wp\/v2\/media\/34125"}],"wp:attachment":[{"href":"https:\/\/inclusivenews.com.br\/index.php?rest_route=%2Fwp%2Fv2%2Fmedia&parent=34123"}],"wp:term":[{"taxonomy":"category","embeddable":true,"href":"https:\/\/inclusivenews.com.br\/index.php?rest_route=%2Fwp%2Fv2%2Fcategories&post=34123"},{"taxonomy":"post_tag","embeddable":true,"href":"https:\/\/inclusivenews.com.br\/index.php?rest_route=%2Fwp%2Fv2%2Ftags&post=34123"}],"curies":[{"name":"wp","href":"https:\/\/api.w.org\/{rel}","templated":true}]}}