{"id":34139,"date":"2024-10-22T13:22:03","date_gmt":"2024-10-22T13:22:03","guid":{"rendered":"https:\/\/inclusivenews.com.br\/?p=34139"},"modified":"2024-10-22T13:22:03","modified_gmt":"2024-10-22T13:22:03","slug":"stf-anula-normas-que-mudavam-criterios-para-composicao-do-conselho-nacional-da-pessoa-com-deficiencia","status":"publish","type":"post","link":"https:\/\/inclusivenews.com.br\/?p=34139","title":{"rendered":"STF anula normas que mudavam crit\u00e9rios para composi\u00e7\u00e3o do Conselho Nacional da Pessoa com Defici\u00eancia"},"content":{"rendered":"\n<p>O Supremo Tribunal Federal (STF) invalidou partes de dois decretos presidenciais assinados pelo ent\u00e3o presidente da Rep\u00fablica, Jair Bolsonaro, que mudavam os crit\u00e9rios de escolha e composi\u00e7\u00e3o do Conselho Nacional da Pessoa com Defici\u00eancia (Conade).<\/p>\n\n\n\n<p>A decis\u00e3o foi un\u00e2nime, por\u00e9m manteve a atual gest\u00e3o do conselho, eleita para o per\u00edodo de 2022 a 2025, e todos os atos praticados desde ent\u00e3o, at\u00e9 o final do mandato dos atuais conselheiros.<\/p>\n\n\n\n<p>O julgamento diz respeito \u00e0 Argui\u00e7\u00e3o de Descumprimento de Preceito Fundamental&nbsp;<strong><a href=\"https:\/\/portal.stf.jus.br\/processos\/detalhe.asp?incidente=6332808\" target=\"_blank\" rel=\"noreferrer noopener\">(ADPF) 936<\/a><\/strong>&nbsp;e ocorreu na sess\u00e3o virtual conclu\u00edda em 18\/10. A a\u00e7\u00e3o foi proposta pela Federa\u00e7\u00e3o Brasileira das Associa\u00e7\u00f5es de S\u00edndrome de Down (FBASD) contra os Decretos 10.177\/2019 e 10.812\/2021.<\/p>\n\n\n\n<p>Com base no voto do ministro Dias Toffoli (relator), o Plen\u00e1rio considerou que \u00e9 inconstitucional norma que, \u201ca pretexto de regulamentar a participa\u00e7\u00e3o da sociedade civil no Conselho Nacional dos Direitos da Pessoa com Defici\u00eancia, acaba por a dificultar\u201d.<\/p>\n\n\n\n<p>O Conade \u00e9 um \u00f3rg\u00e3o consultivo e deliberativo, atualmente vinculado ao Minist\u00e9rio dos Direitos Humanos e da Cidadania, destinado a acompanhar, sugerir e fiscalizar a ado\u00e7\u00e3o de pol\u00edticas p\u00fablicas para a inclus\u00e3o social das pessoas com defici\u00eancia.<\/p>\n\n\n\n<h5 class=\"wp-block-heading\"><strong>Democracia participativa<\/strong><\/h5>\n\n\n\n<p>Entre as mudan\u00e7as promovidas pelos decretos estava a abertura de processo seletivo para novo mandato, em vez de elei\u00e7\u00f5es livres, para a escolha dos representantes da sociedade civil no Conade. A medida levou, inclusive, \u00e0 abertura de edital p\u00fablico para a sele\u00e7\u00e3o de organiza\u00e7\u00f5es para compor o conselho, para mandato a ser exercido no tri\u00eanio 2022\/2025.<\/p>\n\n\n\n<p>Outro ponto questionado foi a retirada do direito a voto para representantes de categorias de empregadores, trabalhadores e comunidade cient\u00edfica. Para a entidade representante das pessoas com S\u00edndrome de Down, tais altera\u00e7\u00f5es enfraquecem a presen\u00e7a da sociedade civil no Conade, violando o princ\u00edpio da democracia participativa.<\/p>\n\n\n\n<h5 class=\"wp-block-heading\"><strong>Controle social<\/strong><\/h5>\n\n\n\n<p>O colegiado seguiu o voto do ministro Dias Toffoli (relator) no sentido de garantir a participa\u00e7\u00e3o e representa\u00e7\u00e3o da sociedade civil, \u201ca quem \u00e9 dado exercer o controle social das pol\u00edticas p\u00fablicas\u201d. Ele destacou ainda a quest\u00e3o da composi\u00e7\u00e3o parit\u00e1ria do Conselho, em que Administra\u00e7\u00e3o P\u00fablica e sociedade civil s\u00e3o igualmente representadas e votantes. Caso contr\u00e1rio, segundo Toffoli, haveria uma verdadeira interfer\u00eancia da Administra\u00e7\u00e3o no processo eleitoral do conselho.<\/p>\n\n\n\n<p>Por fim, o ministro Dias Toffoli destacou que a independ\u00eancia do Conade n\u00e3o \u00e9 absoluta, mas que deve ser preservada sua finalidade de assegurar, com autonomia e isen\u00e7\u00e3o, o cumprimento da Conven\u00e7\u00e3o sobre os Direitos das Pessoas com Defici\u00eancia. Nesse sentido, o ministro registrou um apelo ao Congresso Nacional para que se estabele\u00e7a em lei as compet\u00eancias do Conade.<\/p>\n\n\n\n<p>(Adriana Romeo\/CR\/\/AL)<\/p>\n\n\n\n<p>Fonte: <a href=\"https:\/\/noticias.stf.jus.br\/postsnoticias\/stf-anula-normas-que-mudavam-criterios-para-composicao-do-conselho-nacional-da-pessoa-com-deficiencia\/\">https:\/\/noticias.stf.jus.br\/postsnoticias\/stf-anula-normas-que-mudavam-criterios-para-composicao-do-conselho-nacional-da-pessoa-com-deficiencia\/<\/a><\/p>\n\n\n\n<p><\/p>\n","protected":false},"excerpt":{"rendered":"<p>O Supremo Tribunal Federal (STF) invalidou partes de dois decretos presidenciais assinados pelo ent\u00e3o presidente da Rep\u00fablica, Jair Bolsonaro, que mudavam os crit\u00e9rios de escolha e composi\u00e7\u00e3o do Conselho Nacional da Pessoa com Defici\u00eancia (Conade). A decis\u00e3o foi un\u00e2nime, por\u00e9m manteve a atual gest\u00e3o do conselho, eleita para o per\u00edodo de 2022 a 2025, e [&hellip;]<\/p>\n","protected":false},"author":1,"featured_media":34140,"comment_status":"open","ping_status":"open","sticky":false,"template":"","format":"standard","meta":{"site-container-style":"default","site-container-layout":"default","site-sidebar-layout":"default","disable-article-header":"default","disable-site-header":"default","disable-site-footer":"default","disable-content-area-spacing":"default","footnotes":""},"categories":[38,467],"tags":[536,603,604,602],"class_list":["post-34139","post","type-post","status-publish","format-standard","has-post-thumbnail","hentry","category-deficiencia","category-participacao-social","tag-conade","tag-conselho-nacional-da-pessoa-com-deficiencia","tag-fbasd","tag-stf"],"yoast_head":"<!-- This site is optimized with the Yoast SEO plugin v27.4 - https:\/\/yoast.com\/product\/yoast-seo-wordpress\/ -->\n<title>STF anula normas que mudavam crit\u00e9rios para composi\u00e7\u00e3o do Conselho Nacional da Pessoa com Defici\u00eancia -<\/title>\n<meta name=\"robots\" content=\"index, follow, max-snippet:-1, max-image-preview:large, max-video-preview:-1\" \/>\n<link rel=\"canonical\" href=\"https:\/\/inclusivenews.com.br\/?p=34139\" \/>\n<meta property=\"og:locale\" content=\"pt_PT\" \/>\n<meta property=\"og:type\" content=\"article\" \/>\n<meta property=\"og:title\" content=\"STF anula normas que mudavam crit\u00e9rios para composi\u00e7\u00e3o do Conselho Nacional da Pessoa com Defici\u00eancia -\" \/>\n<meta property=\"og:description\" content=\"O Supremo Tribunal Federal (STF) invalidou partes de dois decretos presidenciais assinados pelo ent\u00e3o presidente da Rep\u00fablica, Jair Bolsonaro, que mudavam os crit\u00e9rios de escolha e composi\u00e7\u00e3o do Conselho Nacional da Pessoa com Defici\u00eancia (Conade). A decis\u00e3o foi un\u00e2nime, por\u00e9m manteve a atual gest\u00e3o do conselho, eleita para o per\u00edodo de 2022 a 2025, e [&hellip;]\" \/>\n<meta property=\"og:url\" content=\"https:\/\/inclusivenews.com.br\/?p=34139\" \/>\n<meta property=\"article:publisher\" content=\"https:\/\/www.facebook.com\/agenciainclusive\/\" \/>\n<meta property=\"article:published_time\" content=\"2024-10-22T13:22:03+00:00\" \/>\n<meta property=\"og:image\" content=\"https:\/\/inclusivenews.com.br\/wp-content\/uploads\/2024\/10\/Gustavo-Moreno-3-scaled-1.jpg\" \/>\n\t<meta property=\"og:image:width\" content=\"2560\" \/>\n\t<meta property=\"og:image:height\" content=\"1360\" \/>\n\t<meta property=\"og:image:type\" content=\"image\/jpeg\" \/>\n<meta name=\"author\" content=\"inclusivenews2024\" \/>\n<meta name=\"twitter:card\" content=\"summary_large_image\" \/>\n<meta name=\"twitter:label1\" content=\"Escrito por\" \/>\n\t<meta name=\"twitter:data1\" content=\"inclusivenews2024\" \/>\n\t<meta name=\"twitter:label2\" content=\"Tempo estimado de leitura\" \/>\n\t<meta name=\"twitter:data2\" content=\"3 minutos\" \/>\n<script type=\"application\/ld+json\" class=\"yoast-schema-graph\">{\"@context\":\"https:\\\/\\\/schema.org\",\"@graph\":[{\"@type\":\"Article\",\"@id\":\"https:\\\/\\\/inclusivenews.com.br\\\/?p=34139#article\",\"isPartOf\":{\"@id\":\"https:\\\/\\\/inclusivenews.com.br\\\/?p=34139\"},\"author\":{\"name\":\"inclusivenews2024\",\"@id\":\"https:\\\/\\\/inclusivenews.com.br\\\/#\\\/schema\\\/person\\\/ae4ec7087559b8692fb33b6fffd2273b\"},\"headline\":\"STF anula normas que mudavam crit\u00e9rios para composi\u00e7\u00e3o do Conselho Nacional da Pessoa com Defici\u00eancia\",\"datePublished\":\"2024-10-22T13:22:03+00:00\",\"mainEntityOfPage\":{\"@id\":\"https:\\\/\\\/inclusivenews.com.br\\\/?p=34139\"},\"wordCount\":498,\"commentCount\":0,\"publisher\":{\"@id\":\"https:\\\/\\\/inclusivenews.com.br\\\/#organization\"},\"image\":{\"@id\":\"https:\\\/\\\/inclusivenews.com.br\\\/?p=34139#primaryimage\"},\"thumbnailUrl\":\"https:\\\/\\\/inclusivenews.com.br\\\/wp-content\\\/uploads\\\/2024\\\/10\\\/Gustavo-Moreno-3-scaled-1.jpg\",\"keywords\":[\"Conade\",\"Conselho Nacional da Pessoa com Defici\u00eancia\",\"FBASD\",\"STF\"],\"articleSection\":[\"Defici\u00eancia\",\"Participa\u00e7\u00e3o social\"],\"inLanguage\":\"pt-PT\",\"potentialAction\":[{\"@type\":\"CommentAction\",\"name\":\"Comment\",\"target\":[\"https:\\\/\\\/inclusivenews.com.br\\\/?p=34139#respond\"]}]},{\"@type\":\"WebPage\",\"@id\":\"https:\\\/\\\/inclusivenews.com.br\\\/?p=34139\",\"url\":\"https:\\\/\\\/inclusivenews.com.br\\\/?p=34139\",\"name\":\"STF anula normas que mudavam crit\u00e9rios para composi\u00e7\u00e3o do Conselho Nacional da Pessoa com Defici\u00eancia -\",\"isPartOf\":{\"@id\":\"https:\\\/\\\/inclusivenews.com.br\\\/#website\"},\"primaryImageOfPage\":{\"@id\":\"https:\\\/\\\/inclusivenews.com.br\\\/?p=34139#primaryimage\"},\"image\":{\"@id\":\"https:\\\/\\\/inclusivenews.com.br\\\/?p=34139#primaryimage\"},\"thumbnailUrl\":\"https:\\\/\\\/inclusivenews.com.br\\\/wp-content\\\/uploads\\\/2024\\\/10\\\/Gustavo-Moreno-3-scaled-1.jpg\",\"datePublished\":\"2024-10-22T13:22:03+00:00\",\"breadcrumb\":{\"@id\":\"https:\\\/\\\/inclusivenews.com.br\\\/?p=34139#breadcrumb\"},\"inLanguage\":\"pt-PT\",\"potentialAction\":[{\"@type\":\"ReadAction\",\"target\":[\"https:\\\/\\\/inclusivenews.com.br\\\/?p=34139\"]}]},{\"@type\":\"ImageObject\",\"inLanguage\":\"pt-PT\",\"@id\":\"https:\\\/\\\/inclusivenews.com.br\\\/?p=34139#primaryimage\",\"url\":\"https:\\\/\\\/inclusivenews.com.br\\\/wp-content\\\/uploads\\\/2024\\\/10\\\/Gustavo-Moreno-3-scaled-1.jpg\",\"contentUrl\":\"https:\\\/\\\/inclusivenews.com.br\\\/wp-content\\\/uploads\\\/2024\\\/10\\\/Gustavo-Moreno-3-scaled-1.jpg\",\"width\":2560,\"height\":1360},{\"@type\":\"BreadcrumbList\",\"@id\":\"https:\\\/\\\/inclusivenews.com.br\\\/?p=34139#breadcrumb\",\"itemListElement\":[{\"@type\":\"ListItem\",\"position\":1,\"name\":\"In\u00edcio\",\"item\":\"https:\\\/\\\/inclusivenews.com.br\\\/\"},{\"@type\":\"ListItem\",\"position\":2,\"name\":\"STF anula normas que mudavam crit\u00e9rios para composi\u00e7\u00e3o do Conselho Nacional da Pessoa com Defici\u00eancia\"}]},{\"@type\":\"WebSite\",\"@id\":\"https:\\\/\\\/inclusivenews.com.br\\\/#website\",\"url\":\"https:\\\/\\\/inclusivenews.com.br\\\/\",\"name\":\"Inclusive News\",\"description\":\"Inclusive News\",\"publisher\":{\"@id\":\"https:\\\/\\\/inclusivenews.com.br\\\/#organization\"},\"potentialAction\":[{\"@type\":\"SearchAction\",\"target\":{\"@type\":\"EntryPoint\",\"urlTemplate\":\"https:\\\/\\\/inclusivenews.com.br\\\/?s={search_term_string}\"},\"query-input\":{\"@type\":\"PropertyValueSpecification\",\"valueRequired\":true,\"valueName\":\"search_term_string\"}}],\"inLanguage\":\"pt-PT\"},{\"@type\":\"Organization\",\"@id\":\"https:\\\/\\\/inclusivenews.com.br\\\/#organization\",\"name\":\"Inclusive - inclus\u00e3o e cidadania\",\"url\":\"https:\\\/\\\/inclusivenews.com.br\\\/\",\"logo\":{\"@type\":\"ImageObject\",\"inLanguage\":\"pt-PT\",\"@id\":\"https:\\\/\\\/inclusivenews.com.br\\\/#\\\/schema\\\/logo\\\/image\\\/\",\"url\":\"https:\\\/\\\/inclusivenews.com.br\\\/wp-content\\\/uploads\\\/2024\\\/03\\\/@grandesite.png\",\"contentUrl\":\"https:\\\/\\\/inclusivenews.com.br\\\/wp-content\\\/uploads\\\/2024\\\/03\\\/@grandesite.png\",\"width\":1080,\"height\":1080,\"caption\":\"Inclusive - inclus\u00e3o e cidadania\"},\"image\":{\"@id\":\"https:\\\/\\\/inclusivenews.com.br\\\/#\\\/schema\\\/logo\\\/image\\\/\"},\"sameAs\":[\"https:\\\/\\\/www.facebook.com\\\/agenciainclusive\\\/\",\"https:\\\/\\\/www.instagram.com\\\/newsinclusive\\\/\"]},{\"@type\":\"Person\",\"@id\":\"https:\\\/\\\/inclusivenews.com.br\\\/#\\\/schema\\\/person\\\/ae4ec7087559b8692fb33b6fffd2273b\",\"name\":\"inclusivenews2024\",\"image\":{\"@type\":\"ImageObject\",\"inLanguage\":\"pt-PT\",\"@id\":\"https:\\\/\\\/secure.gravatar.com\\\/avatar\\\/c5a7ef84c66fa914f55bc4f7ce26cfa275a3b9a1c5568b907bd184fb4dde7b40?s=96&d=mm&r=g\",\"url\":\"https:\\\/\\\/secure.gravatar.com\\\/avatar\\\/c5a7ef84c66fa914f55bc4f7ce26cfa275a3b9a1c5568b907bd184fb4dde7b40?s=96&d=mm&r=g\",\"contentUrl\":\"https:\\\/\\\/secure.gravatar.com\\\/avatar\\\/c5a7ef84c66fa914f55bc4f7ce26cfa275a3b9a1c5568b907bd184fb4dde7b40?s=96&d=mm&r=g\",\"caption\":\"inclusivenews2024\"},\"sameAs\":[\"https:\\\/\\\/inclusivenews.com.br\"],\"url\":\"https:\\\/\\\/inclusivenews.com.br\\\/?author=1\"}]}<\/script>\n<!-- \/ Yoast SEO plugin. -->","yoast_head_json":{"title":"STF anula normas que mudavam crit\u00e9rios para composi\u00e7\u00e3o do Conselho Nacional da Pessoa com Defici\u00eancia -","robots":{"index":"index","follow":"follow","max-snippet":"max-snippet:-1","max-image-preview":"max-image-preview:large","max-video-preview":"max-video-preview:-1"},"canonical":"https:\/\/inclusivenews.com.br\/?p=34139","og_locale":"pt_PT","og_type":"article","og_title":"STF anula normas que mudavam crit\u00e9rios para composi\u00e7\u00e3o do Conselho Nacional da Pessoa com Defici\u00eancia -","og_description":"O Supremo Tribunal Federal (STF) invalidou partes de dois decretos presidenciais assinados pelo ent\u00e3o presidente da Rep\u00fablica, Jair Bolsonaro, que mudavam os crit\u00e9rios de escolha e composi\u00e7\u00e3o do Conselho Nacional da Pessoa com Defici\u00eancia (Conade). A decis\u00e3o foi un\u00e2nime, por\u00e9m manteve a atual gest\u00e3o do conselho, eleita para o per\u00edodo de 2022 a 2025, e [&hellip;]","og_url":"https:\/\/inclusivenews.com.br\/?p=34139","article_publisher":"https:\/\/www.facebook.com\/agenciainclusive\/","article_published_time":"2024-10-22T13:22:03+00:00","og_image":[{"width":2560,"height":1360,"url":"https:\/\/inclusivenews.com.br\/wp-content\/uploads\/2024\/10\/Gustavo-Moreno-3-scaled-1.jpg","type":"image\/jpeg"}],"author":"inclusivenews2024","twitter_card":"summary_large_image","twitter_misc":{"Escrito por":"inclusivenews2024","Tempo estimado de leitura":"3 minutos"},"schema":{"@context":"https:\/\/schema.org","@graph":[{"@type":"Article","@id":"https:\/\/inclusivenews.com.br\/?p=34139#article","isPartOf":{"@id":"https:\/\/inclusivenews.com.br\/?p=34139"},"author":{"name":"inclusivenews2024","@id":"https:\/\/inclusivenews.com.br\/#\/schema\/person\/ae4ec7087559b8692fb33b6fffd2273b"},"headline":"STF anula normas que mudavam crit\u00e9rios para composi\u00e7\u00e3o do Conselho Nacional da Pessoa com Defici\u00eancia","datePublished":"2024-10-22T13:22:03+00:00","mainEntityOfPage":{"@id":"https:\/\/inclusivenews.com.br\/?p=34139"},"wordCount":498,"commentCount":0,"publisher":{"@id":"https:\/\/inclusivenews.com.br\/#organization"},"image":{"@id":"https:\/\/inclusivenews.com.br\/?p=34139#primaryimage"},"thumbnailUrl":"https:\/\/inclusivenews.com.br\/wp-content\/uploads\/2024\/10\/Gustavo-Moreno-3-scaled-1.jpg","keywords":["Conade","Conselho Nacional da Pessoa com Defici\u00eancia","FBASD","STF"],"articleSection":["Defici\u00eancia","Participa\u00e7\u00e3o social"],"inLanguage":"pt-PT","potentialAction":[{"@type":"CommentAction","name":"Comment","target":["https:\/\/inclusivenews.com.br\/?p=34139#respond"]}]},{"@type":"WebPage","@id":"https:\/\/inclusivenews.com.br\/?p=34139","url":"https:\/\/inclusivenews.com.br\/?p=34139","name":"STF anula normas que mudavam crit\u00e9rios para composi\u00e7\u00e3o do Conselho Nacional da Pessoa com Defici\u00eancia -","isPartOf":{"@id":"https:\/\/inclusivenews.com.br\/#website"},"primaryImageOfPage":{"@id":"https:\/\/inclusivenews.com.br\/?p=34139#primaryimage"},"image":{"@id":"https:\/\/inclusivenews.com.br\/?p=34139#primaryimage"},"thumbnailUrl":"https:\/\/inclusivenews.com.br\/wp-content\/uploads\/2024\/10\/Gustavo-Moreno-3-scaled-1.jpg","datePublished":"2024-10-22T13:22:03+00:00","breadcrumb":{"@id":"https:\/\/inclusivenews.com.br\/?p=34139#breadcrumb"},"inLanguage":"pt-PT","potentialAction":[{"@type":"ReadAction","target":["https:\/\/inclusivenews.com.br\/?p=34139"]}]},{"@type":"ImageObject","inLanguage":"pt-PT","@id":"https:\/\/inclusivenews.com.br\/?p=34139#primaryimage","url":"https:\/\/inclusivenews.com.br\/wp-content\/uploads\/2024\/10\/Gustavo-Moreno-3-scaled-1.jpg","contentUrl":"https:\/\/inclusivenews.com.br\/wp-content\/uploads\/2024\/10\/Gustavo-Moreno-3-scaled-1.jpg","width":2560,"height":1360},{"@type":"BreadcrumbList","@id":"https:\/\/inclusivenews.com.br\/?p=34139#breadcrumb","itemListElement":[{"@type":"ListItem","position":1,"name":"In\u00edcio","item":"https:\/\/inclusivenews.com.br\/"},{"@type":"ListItem","position":2,"name":"STF anula normas que mudavam crit\u00e9rios para composi\u00e7\u00e3o do Conselho Nacional da Pessoa com Defici\u00eancia"}]},{"@type":"WebSite","@id":"https:\/\/inclusivenews.com.br\/#website","url":"https:\/\/inclusivenews.com.br\/","name":"Inclusive News","description":"Inclusive News","publisher":{"@id":"https:\/\/inclusivenews.com.br\/#organization"},"potentialAction":[{"@type":"SearchAction","target":{"@type":"EntryPoint","urlTemplate":"https:\/\/inclusivenews.com.br\/?s={search_term_string}"},"query-input":{"@type":"PropertyValueSpecification","valueRequired":true,"valueName":"search_term_string"}}],"inLanguage":"pt-PT"},{"@type":"Organization","@id":"https:\/\/inclusivenews.com.br\/#organization","name":"Inclusive - inclus\u00e3o e cidadania","url":"https:\/\/inclusivenews.com.br\/","logo":{"@type":"ImageObject","inLanguage":"pt-PT","@id":"https:\/\/inclusivenews.com.br\/#\/schema\/logo\/image\/","url":"https:\/\/inclusivenews.com.br\/wp-content\/uploads\/2024\/03\/@grandesite.png","contentUrl":"https:\/\/inclusivenews.com.br\/wp-content\/uploads\/2024\/03\/@grandesite.png","width":1080,"height":1080,"caption":"Inclusive - inclus\u00e3o e cidadania"},"image":{"@id":"https:\/\/inclusivenews.com.br\/#\/schema\/logo\/image\/"},"sameAs":["https:\/\/www.facebook.com\/agenciainclusive\/","https:\/\/www.instagram.com\/newsinclusive\/"]},{"@type":"Person","@id":"https:\/\/inclusivenews.com.br\/#\/schema\/person\/ae4ec7087559b8692fb33b6fffd2273b","name":"inclusivenews2024","image":{"@type":"ImageObject","inLanguage":"pt-PT","@id":"https:\/\/secure.gravatar.com\/avatar\/c5a7ef84c66fa914f55bc4f7ce26cfa275a3b9a1c5568b907bd184fb4dde7b40?s=96&d=mm&r=g","url":"https:\/\/secure.gravatar.com\/avatar\/c5a7ef84c66fa914f55bc4f7ce26cfa275a3b9a1c5568b907bd184fb4dde7b40?s=96&d=mm&r=g","contentUrl":"https:\/\/secure.gravatar.com\/avatar\/c5a7ef84c66fa914f55bc4f7ce26cfa275a3b9a1c5568b907bd184fb4dde7b40?s=96&d=mm&r=g","caption":"inclusivenews2024"},"sameAs":["https:\/\/inclusivenews.com.br"],"url":"https:\/\/inclusivenews.com.br\/?author=1"}]}},"_links":{"self":[{"href":"https:\/\/inclusivenews.com.br\/index.php?rest_route=\/wp\/v2\/posts\/34139","targetHints":{"allow":["GET"]}}],"collection":[{"href":"https:\/\/inclusivenews.com.br\/index.php?rest_route=\/wp\/v2\/posts"}],"about":[{"href":"https:\/\/inclusivenews.com.br\/index.php?rest_route=\/wp\/v2\/types\/post"}],"author":[{"embeddable":true,"href":"https:\/\/inclusivenews.com.br\/index.php?rest_route=\/wp\/v2\/users\/1"}],"replies":[{"embeddable":true,"href":"https:\/\/inclusivenews.com.br\/index.php?rest_route=%2Fwp%2Fv2%2Fcomments&post=34139"}],"version-history":[{"count":1,"href":"https:\/\/inclusivenews.com.br\/index.php?rest_route=\/wp\/v2\/posts\/34139\/revisions"}],"predecessor-version":[{"id":34141,"href":"https:\/\/inclusivenews.com.br\/index.php?rest_route=\/wp\/v2\/posts\/34139\/revisions\/34141"}],"wp:featuredmedia":[{"embeddable":true,"href":"https:\/\/inclusivenews.com.br\/index.php?rest_route=\/wp\/v2\/media\/34140"}],"wp:attachment":[{"href":"https:\/\/inclusivenews.com.br\/index.php?rest_route=%2Fwp%2Fv2%2Fmedia&parent=34139"}],"wp:term":[{"taxonomy":"category","embeddable":true,"href":"https:\/\/inclusivenews.com.br\/index.php?rest_route=%2Fwp%2Fv2%2Fcategories&post=34139"},{"taxonomy":"post_tag","embeddable":true,"href":"https:\/\/inclusivenews.com.br\/index.php?rest_route=%2Fwp%2Fv2%2Ftags&post=34139"}],"curies":[{"name":"wp","href":"https:\/\/api.w.org\/{rel}","templated":true}]}}