{"id":34143,"date":"2024-10-24T22:23:25","date_gmt":"2024-10-24T22:23:25","guid":{"rendered":"https:\/\/inclusivenews.com.br\/?p=34143"},"modified":"2024-10-24T22:24:17","modified_gmt":"2024-10-24T22:24:17","slug":"por-que-os-comerciais-de-televisao-nao-sao-acessiveis","status":"publish","type":"post","link":"https:\/\/inclusivenews.com.br\/?p=34143","title":{"rendered":"Por que os comerciais de televis\u00e3o n\u00e3o s\u00e3o acess\u00edveis?"},"content":{"rendered":"\n<p class=\"has-yuki-font-medium-font-size\">Recursos de acessibilidade nas propagadas televisivas podem ajudar as marcas a alcan\u00e7arem mais consumidores, mas falta legisla\u00e7\u00e3o que assegure a obrigatoriedade de comerciais televisivos acess\u00edveis.<\/p>\n\n\n\n<p><\/p>\n\n\n\n<p>Algu\u00e9m a\u00ed consegue me explicar por que os&nbsp;<strong>comerciais de televis\u00e3o<\/strong>&nbsp;no Brasil (e no mundo, na verdade) n\u00e3o t\u00eam recursos de&nbsp;<strong>acessibilidade<\/strong>? A ideia n\u00e3o \u00e9 se comunicar com o maior n\u00famero de pessoas para que, de alguma forma, conhe\u00e7am e\/ou consumam determinado produto ou servi\u00e7o? Ent\u00e3o, por que n\u00e3o s\u00e3o veiculados na TV aberta ou a cabo com legenda, janela de&nbsp;<strong>Libras<\/strong>&nbsp;<strong>(L\u00edngua Brasileira de Sinais)<\/strong>&nbsp;e audiodescri\u00e7\u00e3o?<\/p>\n\n\n\n<p>Estranhamente, vejo empresas postarem comerciais com todos os recursos de acessibilidade em seus sites ou redes sociais, mas na telinha eles continuam n\u00e3o acess\u00edveis plenamente para&nbsp;<strong>pessoas com defici\u00eancias auditivas ou visuais<\/strong>!<\/p>\n\n\n\n<p>N\u00e3o \u00e9 um total contrassenso?<\/p>\n\n\n\n<p>Lembro-me com grande satisfa\u00e7\u00e3o da primeira audi\u00eancia que, como secret\u00e1rio municipal da pessoa com defici\u00eancia, tive com&nbsp;<strong>Bruno Covas<\/strong>, logo depois de que assumiu como prefeito da cidade de S\u00e3o Paulo. Apresentei as pondera\u00e7\u00f5es acima! Sem hesitar, ele pegou o telefone, ligou para o secret\u00e1rio de comunica\u00e7\u00e3o e determinou que, dali em diante, toda a publicidade em v\u00eddeo da Prefeitura de S\u00e3o Paulo deveria ser acess\u00edvel.<\/p>\n\n\n\n<p>Com essa medida, n\u00e3o s\u00f3 ampliamos os p\u00fablicos potencialmente impactados, mas, tamb\u00e9m, nos tornamos o primeiro grande anunciante no Brasil a, sistematicamente, veicular comerciais com acessibilidade comunicacional, servindo como refer\u00eancia para outros governos e para o mercado em geral!<\/p>\n\n\n\n<p>\u00c9 certo que, infelizmente, a legisla\u00e7\u00e3o brasileira n\u00e3o estabelece de forma perempt\u00f3ria a obrigatoriedade da publicidade ser acess\u00edvel. A&nbsp;<strong><a href=\"https:\/\/www.planalto.gov.br\/ccivil_03\/_ato2015-2018\/2015\/lei\/l13146.htm\">LBI \u2013 Lei Brasileira de Inclus\u00e3o da Pessoa com Defici\u00eancia (Lei n\u00ba 13.146\/2015)<\/a><\/strong>&nbsp;determina, em seu artigo 67, que as emissoras de televis\u00e3o devem assegurar um m\u00ednimo de acessibilidade na programa\u00e7\u00e3o regular, o que n\u00e3o se estende aos comerciais, at\u00e9 porque deveria ser \u00f3bvio o interesse do anunciante em falar com mais gente.<\/p>\n\n\n\n<p>J\u00e1 estamos acostumados a ver acessibilidade no contexto das elei\u00e7\u00f5es, que t\u00eam legisla\u00e7\u00e3o espec\u00edfica e fiscaliza\u00e7\u00e3o da&nbsp;<strong>Justi\u00e7a Eleitoral<\/strong>&nbsp;exigindo que a propaganda gratuita seja acess\u00edvel, garantindo que pessoas com defici\u00eancia tenham acesso pleno \u00e0s informa\u00e7\u00f5es. Deveria servir de exemplo!<\/p>\n\n\n\n<p>Mesmo quanto \u00e0 publicidade de \u00f3rg\u00e3os p\u00fablicos, n\u00e3o existe obrigatoriedade! O Decreto n\u00ba 9.674\/2019, por exemplo, estabelece que as comunica\u00e7\u00f5es do Governo Federal devem observar princ\u00edpios de acessibilidade, estimulando, mas n\u00e3o obrigando, a inclus\u00e3o de recursos que ampliem o acesso da popula\u00e7\u00e3o.<\/p>\n\n\n\n<p>Nessa mesma linha do descaso e da discrimina\u00e7\u00e3o, \u00e9 emblem\u00e1tica a obrigatoriedade de acessibilidade em filmes e audiovisuais produzidos com recursos de incentivos fiscais. As normas da&nbsp;<strong>Ag\u00eancia Nacional do Cinema (ANCINE)<\/strong>, por exemplo, obrigam os produtores a depositarem uma c\u00f3pia totalmente acess\u00edvel na&nbsp;<strong>Cinemateca Brasileira<\/strong>, mas ainda \u00e9 muito limitada a exibi\u00e7\u00e3o desse enorme acervo ao p\u00fablico com defici\u00eancia.<\/p>\n\n\n\n<p>As situa\u00e7\u00f5es ora descritas evidenciam um grande paradoxo: apesar da exist\u00eancia de conte\u00fado acess\u00edvel, sua disponibiliza\u00e7\u00e3o \u00e9 restrita, desperdi\u00e7ando oportunidades de comunica\u00e7\u00e3o, de inclus\u00e3o de segmentos historicamente exclu\u00eddos, de amplia\u00e7\u00e3o da oferta de produtos e servi\u00e7os e, muito grave, de fomento do acesso \u00e0 cultura.<\/p>\n\n\n\n<p>Segundo o&nbsp;<strong>IBGE<\/strong>, cerca de 9% da popula\u00e7\u00e3o brasileira, algo como 19 milh\u00f5es de pessoas, possuem defici\u00eancias moderadas ou severas. Isso significa que o total dos brasileiros com alguma defici\u00eancia \u00e9 significativamente maior, provavelmente entre 12% e 15%, j\u00e1 que os n\u00fameros oficiais, por falha metodol\u00f3gica, n\u00e3o computam as pessoas com defici\u00eancias leves. \u00c9 muita gente sendo desconsiderada, apesar de um poder aquisitivo estimado em pelo menos R$ 25 bilh\u00f5es, sem considerarmos familiares, cuidadores e entorno, somando um impacto econ\u00f4mico ainda maior.<\/p>\n\n\n\n<p>Ignorar essa quantidade de gente e esse nicho de mercado n\u00e3o \u00e9 apenas uma potencial viola\u00e7\u00e3o constitucional e uma grave falha \u00e9tica, mas, sobretudo, um equ\u00edvoco estrat\u00e9gico para governos que precisam se comunicar com idealmente todos os cidad\u00e3os e para empresas que buscam comercializar seus produtos e servi\u00e7os.<\/p>\n\n\n\n<p>Feitas as considera\u00e7\u00f5es acima, volto a perguntar: p<strong>or que, no Brasil, governos e empresas n\u00e3o investem em acessibilidade nos seus comerciais?<\/strong><\/p>\n\n\n\n<p>De bate pronto, eu apontaria o preconceito estrutural, o&nbsp;<strong>capacitismo<\/strong>, que ainda grassa entre n\u00f3s! A partir de uma perspectiva mais idealista, podemos alegar que \u00e9 a falta de informa\u00e7\u00e3o e conhecimento sobre as pessoas com defici\u00eancia. Uma desculpa usual, mas improcedente, \u00e9 que acessibilidade custa caro! Os mais sem-no\u00e7\u00e3o v\u00e3o insistir que a janela de Libras atrapalha a est\u00e9tica do comercial.<\/p>\n\n\n\n<p>O que pega, mesmo, \u00e9 a&nbsp;<strong>aus\u00eancia de exig\u00eancia legal&nbsp;espec\u00edfica e expl\u00edcita<\/strong>, estabelecendo que todos os comerciais, sem exce\u00e7\u00e3o, devam ser plenamente acess\u00edveis em termos comunicacionais! Enquanto n\u00e3o houver legisla\u00e7\u00e3o imperativa, dif\u00edcil mudarmos significativamente o quadro atual.<\/p>\n\n\n\n<p>E o que podemos fazer para acelerar esse processo?<\/p>\n\n\n\n<p>Como militantes, podemos pressionar nossos valorosos deputados federais e senadores para conscientiz\u00e1-los sobre a causa e pedir que legislem. Ainda na linha do&nbsp;<em>advocacy<\/em>, vale, tamb\u00e9m, enviar mensagens \u00e0s empresas e tentar convenc\u00ea-las a serem mais inclusivas. Buscar ativar o&nbsp;<strong>Minist\u00e9rio P\u00fablico<\/strong>&nbsp;tamb\u00e9m pode ser uma op\u00e7\u00e3o. Mas, talvez, mais eficaz seja entrar logo com uma a\u00e7\u00e3o judicial por discrimina\u00e7\u00e3o contra quem n\u00e3o tem publicidade acess\u00edvel e deixar o Judici\u00e1rio decidir, inclusive se cabem danos morais a favor de quem viu seus direitos violados!<\/p>\n\n\n\n<p>Ou seja, vai ser pelo amor ou pela dor?<\/p>\n\n\n\n<p>Autor: <em><strong><a href=\"https:\/\/www.linkedin.com\/in\/cidtorquato\/\"> Cid Torquato<\/a><\/strong>, advogado e CEO do\u00a0<strong>ICOM.\u00a0<\/strong>Foi Secret\u00e1rio Municipal da Pessoa com Defici\u00eancia de S\u00e3o Paulo entre 2017 e 2021 e Secret\u00e1rio Adjunto de Estado dos Direitos da Pessoa com Defici\u00eancia entre 2008 e 2016. \u00c9 autor do livro \u201cEmpreendedorismo sem Fronteiras \u2013 Um Excelente Caminho para Pessoas com Defici\u00eancia\u201d.<\/em><\/p>\n\n\n\n<p>Fonte: <a href=\"https:\/\/consumidormoderno.com.br\/comerciais-televisao-acessibilidade\/\">https:\/\/consumidormoderno.com.br\/comerciais-televisao-acessibilidade\/<\/a><\/p>\n\n\n\n<p><\/p>\n","protected":false},"excerpt":{"rendered":"<p>Recursos de acessibilidade nas propagadas televisivas podem ajudar as marcas a alcan\u00e7arem mais consumidores, mas falta legisla\u00e7\u00e3o que assegure a obrigatoriedade de comerciais televisivos acess\u00edveis. Algu\u00e9m a\u00ed consegue me explicar por que os&nbsp;comerciais de televis\u00e3o&nbsp;no Brasil (e no mundo, na verdade) n\u00e3o t\u00eam recursos de&nbsp;acessibilidade? A ideia n\u00e3o \u00e9 se comunicar com o maior n\u00famero [&hellip;]<\/p>\n","protected":false},"author":1,"featured_media":34144,"comment_status":"open","ping_status":"open","sticky":false,"template":"","format":"standard","meta":{"site-container-style":"default","site-container-layout":"default","site-sidebar-layout":"default","disable-article-header":"default","disable-site-header":"default","disable-site-footer":"default","disable-content-area-spacing":"default","footnotes":""},"categories":[44,477],"tags":[89,607,605,278,610,151,608,606,609],"class_list":["post-34143","post","type-post","status-publish","format-standard","has-post-thumbnail","hentry","category-acessibilidade","category-comunicacao","tag-acessibilidade","tag-acessiveis","tag-comerciais","tag-deficiencia-auditiva","tag-deficiencia-visual-2","tag-inclusao-2","tag-marketing","tag-televisao","tag-tv"],"yoast_head":"<!-- This site is optimized with the Yoast SEO plugin v27.5 - https:\/\/yoast.com\/product\/yoast-seo-wordpress\/ -->\n<title>Por que os comerciais de televis\u00e3o n\u00e3o s\u00e3o acess\u00edveis? -<\/title>\n<meta name=\"robots\" content=\"index, follow, max-snippet:-1, max-image-preview:large, max-video-preview:-1\" \/>\n<link rel=\"canonical\" href=\"https:\/\/inclusivenews.com.br\/?p=34143\" \/>\n<meta property=\"og:locale\" content=\"pt_PT\" \/>\n<meta property=\"og:type\" content=\"article\" \/>\n<meta property=\"og:title\" content=\"Por que os comerciais de televis\u00e3o n\u00e3o s\u00e3o acess\u00edveis? -\" \/>\n<meta property=\"og:description\" content=\"Recursos de acessibilidade nas propagadas televisivas podem ajudar as marcas a alcan\u00e7arem mais consumidores, mas falta legisla\u00e7\u00e3o que assegure a obrigatoriedade de comerciais televisivos acess\u00edveis. Algu\u00e9m a\u00ed consegue me explicar por que os&nbsp;comerciais de televis\u00e3o&nbsp;no Brasil (e no mundo, na verdade) n\u00e3o t\u00eam recursos de&nbsp;acessibilidade? A ideia n\u00e3o \u00e9 se comunicar com o maior n\u00famero [&hellip;]\" \/>\n<meta property=\"og:url\" content=\"https:\/\/inclusivenews.com.br\/?p=34143\" \/>\n<meta property=\"article:publisher\" content=\"https:\/\/www.facebook.com\/agenciainclusive\/\" \/>\n<meta property=\"article:published_time\" content=\"2024-10-24T22:23:25+00:00\" \/>\n<meta property=\"article:modified_time\" content=\"2024-10-24T22:24:17+00:00\" \/>\n<meta property=\"og:image\" content=\"https:\/\/inclusivenews.com.br\/wp-content\/uploads\/2024\/10\/image.png\" \/>\n\t<meta property=\"og:image:width\" content=\"1597\" \/>\n\t<meta property=\"og:image:height\" content=\"781\" \/>\n\t<meta property=\"og:image:type\" content=\"image\/png\" \/>\n<meta name=\"author\" content=\"inclusivenews2024\" \/>\n<meta name=\"twitter:card\" content=\"summary_large_image\" \/>\n<meta name=\"twitter:label1\" content=\"Escrito por\" \/>\n\t<meta name=\"twitter:data1\" content=\"inclusivenews2024\" \/>\n\t<meta name=\"twitter:label2\" content=\"Tempo estimado de leitura\" \/>\n\t<meta name=\"twitter:data2\" content=\"6 minutos\" \/>\n<script type=\"application\/ld+json\" class=\"yoast-schema-graph\">{\"@context\":\"https:\\\/\\\/schema.org\",\"@graph\":[{\"@type\":\"Article\",\"@id\":\"https:\\\/\\\/inclusivenews.com.br\\\/?p=34143#article\",\"isPartOf\":{\"@id\":\"https:\\\/\\\/inclusivenews.com.br\\\/?p=34143\"},\"author\":{\"name\":\"inclusivenews2024\",\"@id\":\"https:\\\/\\\/inclusivenews.com.br\\\/#\\\/schema\\\/person\\\/ae4ec7087559b8692fb33b6fffd2273b\"},\"headline\":\"Por que os comerciais de televis\u00e3o n\u00e3o s\u00e3o acess\u00edveis?\",\"datePublished\":\"2024-10-24T22:23:25+00:00\",\"dateModified\":\"2024-10-24T22:24:17+00:00\",\"mainEntityOfPage\":{\"@id\":\"https:\\\/\\\/inclusivenews.com.br\\\/?p=34143\"},\"wordCount\":1045,\"commentCount\":0,\"publisher\":{\"@id\":\"https:\\\/\\\/inclusivenews.com.br\\\/#organization\"},\"image\":{\"@id\":\"https:\\\/\\\/inclusivenews.com.br\\\/?p=34143#primaryimage\"},\"thumbnailUrl\":\"https:\\\/\\\/inclusivenews.com.br\\\/wp-content\\\/uploads\\\/2024\\\/10\\\/image.png\",\"keywords\":[\"Acessibilidade\",\"acess\u00edveis\",\"comerciais\",\"defici\u00eancia auditiva\",\"deficiencia visual\",\"Inclus\u00e3o\",\"marketing\",\"televis\u00e3o\",\"tv\"],\"articleSection\":[\"ACESSIBILIDADE\",\"Comunica\u00e7\u00e3o\"],\"inLanguage\":\"pt-PT\",\"potentialAction\":[{\"@type\":\"CommentAction\",\"name\":\"Comment\",\"target\":[\"https:\\\/\\\/inclusivenews.com.br\\\/?p=34143#respond\"]}]},{\"@type\":\"WebPage\",\"@id\":\"https:\\\/\\\/inclusivenews.com.br\\\/?p=34143\",\"url\":\"https:\\\/\\\/inclusivenews.com.br\\\/?p=34143\",\"name\":\"Por que os comerciais de televis\u00e3o n\u00e3o s\u00e3o acess\u00edveis? -\",\"isPartOf\":{\"@id\":\"https:\\\/\\\/inclusivenews.com.br\\\/#website\"},\"primaryImageOfPage\":{\"@id\":\"https:\\\/\\\/inclusivenews.com.br\\\/?p=34143#primaryimage\"},\"image\":{\"@id\":\"https:\\\/\\\/inclusivenews.com.br\\\/?p=34143#primaryimage\"},\"thumbnailUrl\":\"https:\\\/\\\/inclusivenews.com.br\\\/wp-content\\\/uploads\\\/2024\\\/10\\\/image.png\",\"datePublished\":\"2024-10-24T22:23:25+00:00\",\"dateModified\":\"2024-10-24T22:24:17+00:00\",\"breadcrumb\":{\"@id\":\"https:\\\/\\\/inclusivenews.com.br\\\/?p=34143#breadcrumb\"},\"inLanguage\":\"pt-PT\",\"potentialAction\":[{\"@type\":\"ReadAction\",\"target\":[\"https:\\\/\\\/inclusivenews.com.br\\\/?p=34143\"]}]},{\"@type\":\"ImageObject\",\"inLanguage\":\"pt-PT\",\"@id\":\"https:\\\/\\\/inclusivenews.com.br\\\/?p=34143#primaryimage\",\"url\":\"https:\\\/\\\/inclusivenews.com.br\\\/wp-content\\\/uploads\\\/2024\\\/10\\\/image.png\",\"contentUrl\":\"https:\\\/\\\/inclusivenews.com.br\\\/wp-content\\\/uploads\\\/2024\\\/10\\\/image.png\",\"width\":1597,\"height\":781},{\"@type\":\"BreadcrumbList\",\"@id\":\"https:\\\/\\\/inclusivenews.com.br\\\/?p=34143#breadcrumb\",\"itemListElement\":[{\"@type\":\"ListItem\",\"position\":1,\"name\":\"In\u00edcio\",\"item\":\"https:\\\/\\\/inclusivenews.com.br\\\/\"},{\"@type\":\"ListItem\",\"position\":2,\"name\":\"Por que os comerciais de televis\u00e3o n\u00e3o s\u00e3o acess\u00edveis?\"}]},{\"@type\":\"WebSite\",\"@id\":\"https:\\\/\\\/inclusivenews.com.br\\\/#website\",\"url\":\"https:\\\/\\\/inclusivenews.com.br\\\/\",\"name\":\"Inclusive News\",\"description\":\"Inclusive News\",\"publisher\":{\"@id\":\"https:\\\/\\\/inclusivenews.com.br\\\/#organization\"},\"potentialAction\":[{\"@type\":\"SearchAction\",\"target\":{\"@type\":\"EntryPoint\",\"urlTemplate\":\"https:\\\/\\\/inclusivenews.com.br\\\/?s={search_term_string}\"},\"query-input\":{\"@type\":\"PropertyValueSpecification\",\"valueRequired\":true,\"valueName\":\"search_term_string\"}}],\"inLanguage\":\"pt-PT\"},{\"@type\":\"Organization\",\"@id\":\"https:\\\/\\\/inclusivenews.com.br\\\/#organization\",\"name\":\"Inclusive - inclus\u00e3o e cidadania\",\"url\":\"https:\\\/\\\/inclusivenews.com.br\\\/\",\"logo\":{\"@type\":\"ImageObject\",\"inLanguage\":\"pt-PT\",\"@id\":\"https:\\\/\\\/inclusivenews.com.br\\\/#\\\/schema\\\/logo\\\/image\\\/\",\"url\":\"https:\\\/\\\/inclusivenews.com.br\\\/wp-content\\\/uploads\\\/2024\\\/03\\\/@grandesite.png\",\"contentUrl\":\"https:\\\/\\\/inclusivenews.com.br\\\/wp-content\\\/uploads\\\/2024\\\/03\\\/@grandesite.png\",\"width\":1080,\"height\":1080,\"caption\":\"Inclusive - inclus\u00e3o e cidadania\"},\"image\":{\"@id\":\"https:\\\/\\\/inclusivenews.com.br\\\/#\\\/schema\\\/logo\\\/image\\\/\"},\"sameAs\":[\"https:\\\/\\\/www.facebook.com\\\/agenciainclusive\\\/\",\"https:\\\/\\\/www.instagram.com\\\/newsinclusive\\\/\"]},{\"@type\":\"Person\",\"@id\":\"https:\\\/\\\/inclusivenews.com.br\\\/#\\\/schema\\\/person\\\/ae4ec7087559b8692fb33b6fffd2273b\",\"name\":\"inclusivenews2024\",\"image\":{\"@type\":\"ImageObject\",\"inLanguage\":\"pt-PT\",\"@id\":\"https:\\\/\\\/secure.gravatar.com\\\/avatar\\\/c5a7ef84c66fa914f55bc4f7ce26cfa275a3b9a1c5568b907bd184fb4dde7b40?s=96&d=mm&r=g\",\"url\":\"https:\\\/\\\/secure.gravatar.com\\\/avatar\\\/c5a7ef84c66fa914f55bc4f7ce26cfa275a3b9a1c5568b907bd184fb4dde7b40?s=96&d=mm&r=g\",\"contentUrl\":\"https:\\\/\\\/secure.gravatar.com\\\/avatar\\\/c5a7ef84c66fa914f55bc4f7ce26cfa275a3b9a1c5568b907bd184fb4dde7b40?s=96&d=mm&r=g\",\"caption\":\"inclusivenews2024\"},\"sameAs\":[\"https:\\\/\\\/inclusivenews.com.br\"],\"url\":\"https:\\\/\\\/inclusivenews.com.br\\\/?author=1\"}]}<\/script>\n<!-- \/ Yoast SEO plugin. -->","yoast_head_json":{"title":"Por que os comerciais de televis\u00e3o n\u00e3o s\u00e3o acess\u00edveis? -","robots":{"index":"index","follow":"follow","max-snippet":"max-snippet:-1","max-image-preview":"max-image-preview:large","max-video-preview":"max-video-preview:-1"},"canonical":"https:\/\/inclusivenews.com.br\/?p=34143","og_locale":"pt_PT","og_type":"article","og_title":"Por que os comerciais de televis\u00e3o n\u00e3o s\u00e3o acess\u00edveis? -","og_description":"Recursos de acessibilidade nas propagadas televisivas podem ajudar as marcas a alcan\u00e7arem mais consumidores, mas falta legisla\u00e7\u00e3o que assegure a obrigatoriedade de comerciais televisivos acess\u00edveis. Algu\u00e9m a\u00ed consegue me explicar por que os&nbsp;comerciais de televis\u00e3o&nbsp;no Brasil (e no mundo, na verdade) n\u00e3o t\u00eam recursos de&nbsp;acessibilidade? A ideia n\u00e3o \u00e9 se comunicar com o maior n\u00famero [&hellip;]","og_url":"https:\/\/inclusivenews.com.br\/?p=34143","article_publisher":"https:\/\/www.facebook.com\/agenciainclusive\/","article_published_time":"2024-10-24T22:23:25+00:00","article_modified_time":"2024-10-24T22:24:17+00:00","og_image":[{"width":1597,"height":781,"url":"https:\/\/inclusivenews.com.br\/wp-content\/uploads\/2024\/10\/image.png","type":"image\/png"}],"author":"inclusivenews2024","twitter_card":"summary_large_image","twitter_misc":{"Escrito por":"inclusivenews2024","Tempo estimado de leitura":"6 minutos"},"schema":{"@context":"https:\/\/schema.org","@graph":[{"@type":"Article","@id":"https:\/\/inclusivenews.com.br\/?p=34143#article","isPartOf":{"@id":"https:\/\/inclusivenews.com.br\/?p=34143"},"author":{"name":"inclusivenews2024","@id":"https:\/\/inclusivenews.com.br\/#\/schema\/person\/ae4ec7087559b8692fb33b6fffd2273b"},"headline":"Por que os comerciais de televis\u00e3o n\u00e3o s\u00e3o acess\u00edveis?","datePublished":"2024-10-24T22:23:25+00:00","dateModified":"2024-10-24T22:24:17+00:00","mainEntityOfPage":{"@id":"https:\/\/inclusivenews.com.br\/?p=34143"},"wordCount":1045,"commentCount":0,"publisher":{"@id":"https:\/\/inclusivenews.com.br\/#organization"},"image":{"@id":"https:\/\/inclusivenews.com.br\/?p=34143#primaryimage"},"thumbnailUrl":"https:\/\/inclusivenews.com.br\/wp-content\/uploads\/2024\/10\/image.png","keywords":["Acessibilidade","acess\u00edveis","comerciais","defici\u00eancia auditiva","deficiencia visual","Inclus\u00e3o","marketing","televis\u00e3o","tv"],"articleSection":["ACESSIBILIDADE","Comunica\u00e7\u00e3o"],"inLanguage":"pt-PT","potentialAction":[{"@type":"CommentAction","name":"Comment","target":["https:\/\/inclusivenews.com.br\/?p=34143#respond"]}]},{"@type":"WebPage","@id":"https:\/\/inclusivenews.com.br\/?p=34143","url":"https:\/\/inclusivenews.com.br\/?p=34143","name":"Por que os comerciais de televis\u00e3o n\u00e3o s\u00e3o acess\u00edveis? -","isPartOf":{"@id":"https:\/\/inclusivenews.com.br\/#website"},"primaryImageOfPage":{"@id":"https:\/\/inclusivenews.com.br\/?p=34143#primaryimage"},"image":{"@id":"https:\/\/inclusivenews.com.br\/?p=34143#primaryimage"},"thumbnailUrl":"https:\/\/inclusivenews.com.br\/wp-content\/uploads\/2024\/10\/image.png","datePublished":"2024-10-24T22:23:25+00:00","dateModified":"2024-10-24T22:24:17+00:00","breadcrumb":{"@id":"https:\/\/inclusivenews.com.br\/?p=34143#breadcrumb"},"inLanguage":"pt-PT","potentialAction":[{"@type":"ReadAction","target":["https:\/\/inclusivenews.com.br\/?p=34143"]}]},{"@type":"ImageObject","inLanguage":"pt-PT","@id":"https:\/\/inclusivenews.com.br\/?p=34143#primaryimage","url":"https:\/\/inclusivenews.com.br\/wp-content\/uploads\/2024\/10\/image.png","contentUrl":"https:\/\/inclusivenews.com.br\/wp-content\/uploads\/2024\/10\/image.png","width":1597,"height":781},{"@type":"BreadcrumbList","@id":"https:\/\/inclusivenews.com.br\/?p=34143#breadcrumb","itemListElement":[{"@type":"ListItem","position":1,"name":"In\u00edcio","item":"https:\/\/inclusivenews.com.br\/"},{"@type":"ListItem","position":2,"name":"Por que os comerciais de televis\u00e3o n\u00e3o s\u00e3o acess\u00edveis?"}]},{"@type":"WebSite","@id":"https:\/\/inclusivenews.com.br\/#website","url":"https:\/\/inclusivenews.com.br\/","name":"Inclusive News","description":"Inclusive News","publisher":{"@id":"https:\/\/inclusivenews.com.br\/#organization"},"potentialAction":[{"@type":"SearchAction","target":{"@type":"EntryPoint","urlTemplate":"https:\/\/inclusivenews.com.br\/?s={search_term_string}"},"query-input":{"@type":"PropertyValueSpecification","valueRequired":true,"valueName":"search_term_string"}}],"inLanguage":"pt-PT"},{"@type":"Organization","@id":"https:\/\/inclusivenews.com.br\/#organization","name":"Inclusive - inclus\u00e3o e cidadania","url":"https:\/\/inclusivenews.com.br\/","logo":{"@type":"ImageObject","inLanguage":"pt-PT","@id":"https:\/\/inclusivenews.com.br\/#\/schema\/logo\/image\/","url":"https:\/\/inclusivenews.com.br\/wp-content\/uploads\/2024\/03\/@grandesite.png","contentUrl":"https:\/\/inclusivenews.com.br\/wp-content\/uploads\/2024\/03\/@grandesite.png","width":1080,"height":1080,"caption":"Inclusive - inclus\u00e3o e cidadania"},"image":{"@id":"https:\/\/inclusivenews.com.br\/#\/schema\/logo\/image\/"},"sameAs":["https:\/\/www.facebook.com\/agenciainclusive\/","https:\/\/www.instagram.com\/newsinclusive\/"]},{"@type":"Person","@id":"https:\/\/inclusivenews.com.br\/#\/schema\/person\/ae4ec7087559b8692fb33b6fffd2273b","name":"inclusivenews2024","image":{"@type":"ImageObject","inLanguage":"pt-PT","@id":"https:\/\/secure.gravatar.com\/avatar\/c5a7ef84c66fa914f55bc4f7ce26cfa275a3b9a1c5568b907bd184fb4dde7b40?s=96&d=mm&r=g","url":"https:\/\/secure.gravatar.com\/avatar\/c5a7ef84c66fa914f55bc4f7ce26cfa275a3b9a1c5568b907bd184fb4dde7b40?s=96&d=mm&r=g","contentUrl":"https:\/\/secure.gravatar.com\/avatar\/c5a7ef84c66fa914f55bc4f7ce26cfa275a3b9a1c5568b907bd184fb4dde7b40?s=96&d=mm&r=g","caption":"inclusivenews2024"},"sameAs":["https:\/\/inclusivenews.com.br"],"url":"https:\/\/inclusivenews.com.br\/?author=1"}]}},"_links":{"self":[{"href":"https:\/\/inclusivenews.com.br\/index.php?rest_route=\/wp\/v2\/posts\/34143","targetHints":{"allow":["GET"]}}],"collection":[{"href":"https:\/\/inclusivenews.com.br\/index.php?rest_route=\/wp\/v2\/posts"}],"about":[{"href":"https:\/\/inclusivenews.com.br\/index.php?rest_route=\/wp\/v2\/types\/post"}],"author":[{"embeddable":true,"href":"https:\/\/inclusivenews.com.br\/index.php?rest_route=\/wp\/v2\/users\/1"}],"replies":[{"embeddable":true,"href":"https:\/\/inclusivenews.com.br\/index.php?rest_route=%2Fwp%2Fv2%2Fcomments&post=34143"}],"version-history":[{"count":2,"href":"https:\/\/inclusivenews.com.br\/index.php?rest_route=\/wp\/v2\/posts\/34143\/revisions"}],"predecessor-version":[{"id":34146,"href":"https:\/\/inclusivenews.com.br\/index.php?rest_route=\/wp\/v2\/posts\/34143\/revisions\/34146"}],"wp:featuredmedia":[{"embeddable":true,"href":"https:\/\/inclusivenews.com.br\/index.php?rest_route=\/wp\/v2\/media\/34144"}],"wp:attachment":[{"href":"https:\/\/inclusivenews.com.br\/index.php?rest_route=%2Fwp%2Fv2%2Fmedia&parent=34143"}],"wp:term":[{"taxonomy":"category","embeddable":true,"href":"https:\/\/inclusivenews.com.br\/index.php?rest_route=%2Fwp%2Fv2%2Fcategories&post=34143"},{"taxonomy":"post_tag","embeddable":true,"href":"https:\/\/inclusivenews.com.br\/index.php?rest_route=%2Fwp%2Fv2%2Ftags&post=34143"}],"curies":[{"name":"wp","href":"https:\/\/api.w.org\/{rel}","templated":true}]}}