{"id":34157,"date":"2024-11-05T10:52:14","date_gmt":"2024-11-05T10:52:14","guid":{"rendered":"https:\/\/inclusivenews.com.br\/?p=34157"},"modified":"2024-11-05T10:52:14","modified_gmt":"2024-11-05T10:52:14","slug":"o-protagonismo-das-pessoas-com-deficiencia-nos-ambientes-culturais-podcast-acessando-lucilia","status":"publish","type":"post","link":"https:\/\/inclusivenews.com.br\/?p=34157","title":{"rendered":"O Protagonismo das Pessoas com Defici\u00eancia nos Ambientes Culturais \u2013 Podcast Acessando Luc\u00edlia"},"content":{"rendered":"\n<p><\/p>\n\n\n\n<p>O Podcast Acessando Luc\u00edlia desta ter\u00e7a-feira, 05\/11, comemora o Dia Nacional da Cultura com uma conversa sobre Acessibilidade Cultural. A Lei Brasileira de Inclus\u00e3o (LBI) de 2015 estabelece o direito das pessoas com defici\u00eancia aos meios culturais acess\u00edveis e, inclusive, dedica um cap\u00edtulo ao direito \u00e0 cultura (Cap\u00edtulo IX- Do Direito \u00e0 Cultura, ao Esporte, ao Turismo e ao Lazer). Mas a realidade \u00e9 que as pessoas com defici\u00eancia ainda enfrentam uma s\u00e9rie de barreiras para acessar, participar e contribuir para uma vida cultural diversa, onde todas as vozes sejam ouvidas e todos os corpos sejam representados no cen\u00e1rio cultural, seja no palco ou na plateia.<br>Pensar o protagonismo das pessoas com defici\u00eancia nos ambientes culturais ou na abordagem cultural mais ampla \u00e9 pensar a pessoa com defici\u00eancia como artista e como p\u00fablico. Em Niter\u00f3i (RJ), um projeto de lei do vereador Leonardo Giordano, presidente da Comiss\u00e3o de Cultura, que institui a Lei de Acessibilidade Cultural deve ser aprovado at\u00e9 o final do ano. A legisla\u00e7\u00e3o visa tornar a cidade cada vez mais inclusiva no setor cultural. A lei adapta e detalha a LBI no contexto cultural, permitindo que o executivo assegure, de forma mais efetiva, o direito \u00e0 cultura para todos.<br>Para esta conversa os nossos convidados s\u00e3o:<br>Felipe Xavier , mestre em Diversidade e Inclus\u00e3o pelo Curso de Mestrado Profissional em Diversidade e Inclus\u00e3o da Universidade Federal Fluminense (CMPDI-UFF) e doutorando pelo Programa de P\u00f3s-gradua\u00e7\u00e3o em Ci\u00eancias, Tecnologias e Inclus\u00e3o (PGCTin\/UFF); trabalha com divulga\u00e7\u00e3o cient\u00edfica em uma perspectiva inclusiva junto ao Laborat\u00f3rio Audiovisual Cient\u00edfico da UFF (LABACI\u00caNCIAS) e como assessor parlamentar na C\u00e2mara Municipal de Niter\u00f3i.<br>Gislana Monte Vale , mulher negra, cega, pesquisadora, escritora e poeta; doutoranda em Psicologia pela Universidade Federal Fluminense (UFF); vice-coordenadora do F\u00f3rum de Acessibilidade Cultural da Associa\u00e7\u00e3o Brasileira de Artes C\u00eanicas (ABRACE); membra dos Grupos de Trabalho em Acessibilidade Cultural do Cear\u00e1 e da Funda\u00e7\u00e3o Nacional de Artes (FUNARTE); membra do Conselho de Pol\u00edticas Culturais do Cear\u00e1 (Arte e Cultura Def) e consultora em pol\u00edticas P\u00fablicas e acessibilidade cultural.<\/p>\n\n\n\n<p>Renata Aglai , mestre em Diversidade e Inclus\u00e3o pelo Curso de Mestrado Profissional em Diversidade e Inclus\u00e3o da Universidade Federal Fluminense (CMPDI-UFF); especialista em Acessibilidade Cultural pela Universidade Federal do Rio de Janeiro (UFRJ); atua com produ\u00e7\u00e3o cultural h\u00e1 30 anos na cidade de Niter\u00f3i.<\/p>\n\n\n\n<p><strong>O bate-papo, que \u00e9 uma parceria com a Inclusive News, conta com int\u00e9rprete de libras e ser\u00e1 transmitido ao vivo, \u00e0s 18h<\/strong>, no canal do ACESSANDO LUC\u00cdLIA no Youtube:\u00a0<a href=\"https:\/\/www.youtube.com\/@acessandolucilia5059\">https:\/\/www.youtube.com\/@acessandolucilia5059\u00a0<\/a>e tamb\u00e9m na Web R\u00e1dio Censura Livre, no\u00a0<a href=\"http:\/\/youtube.com\/c\/Censuralivre\">Youtube<\/a>, no\u00a0<a href=\"http:\/\/facebook.com\/webradiocensuralivre-e\/\">Facebook<\/a>, no\u00a0<a href=\"http:\/\/www.clwebradio.com\/\">site<\/a>\u00a0e no aplicativo:\u00a0<a href=\"http:\/\/l.radios.com.br\/r\/100204\">RadiosNet<\/a>.<br>Agora o nosso programa tamb\u00e9m esta sendo retransmitido no mesmo hor\u00e1rio na R\u00e1dio Criativa de Muria\u00e9-MG e no canal Gernika_art against fascism \u2013 Liga de Comunica\u00e7\u00e3o Internacionalista de Portugal, no YouTube. E \u00e0s quartas-feiras, 15h, na Radio Comunidade Friburgo 104.9 FM, de Nova Friburgo-RJ.<\/p>\n\n\n\n<figure class=\"wp-block-image size-large\"><img loading=\"lazy\" decoding=\"async\" width=\"1024\" height=\"576\" src=\"https:\/\/inclusivenews.com.br\/wp-content\/uploads\/2024\/08\/WhatsApp-Image-2024-08-26-at-18.05.48-1024x576.jpeg\" alt=\"Card preto com letras brancas e imagem de ondas sonoras em rosa ao fundo \u00c0 esquerda: Podcast Mais abaixo dentro de uma tarja o desenho estilizado de um microfone e &quot;Acessando Luc\u00edlia&quot; Do lado direito dentro de uma moldura em forma de gota rosa, a foto de uma mulher branca de perfil. Ela usa \u00f3culos e blusa branca. Ter\u00e7a-feira -18h Com Luc\u00edlia Machado Dentro de tarjas sobrepostas nas cores verdes e rosa: \u00c0 direita: YouTube.com\/@acessandolucilia59 Facebook.com\/Webradiocensuralivre https:\/\/www.youtube.com\/@RadioCensuraLivre e no canto esquerdo, o \u00edcone de acess\u00edvel em libras. \u00c0 direita, o logo da Inclusive News e ao lado, o da Web R\u00e1dio Censura Livre.\" class=\"wp-image-33940\" srcset=\"https:\/\/inclusivenews.com.br\/wp-content\/uploads\/2024\/08\/WhatsApp-Image-2024-08-26-at-18.05.48-1024x576.jpeg 1024w, https:\/\/inclusivenews.com.br\/wp-content\/uploads\/2024\/08\/WhatsApp-Image-2024-08-26-at-18.05.48-300x169.jpeg 300w, https:\/\/inclusivenews.com.br\/wp-content\/uploads\/2024\/08\/WhatsApp-Image-2024-08-26-at-18.05.48-768x432.jpeg 768w, https:\/\/inclusivenews.com.br\/wp-content\/uploads\/2024\/08\/WhatsApp-Image-2024-08-26-at-18.05.48.jpeg 1280w\" sizes=\"auto, (max-width: 1024px) 100vw, 1024px\" \/><\/figure>\n","protected":false},"excerpt":{"rendered":"<p>O Podcast Acessando Luc\u00edlia desta ter\u00e7a-feira, 05\/11, comemora o Dia Nacional da Cultura com uma conversa sobre Acessibilidade Cultural. A Lei Brasileira de Inclus\u00e3o (LBI) de 2015 estabelece o direito das pessoas com defici\u00eancia aos meios culturais acess\u00edveis e, inclusive, dedica um cap\u00edtulo ao direito \u00e0 cultura (Cap\u00edtulo IX- Do Direito \u00e0 Cultura, ao Esporte, [&hellip;]<\/p>\n","protected":false},"author":1,"featured_media":34159,"comment_status":"open","ping_status":"open","sticky":false,"template":"","format":"standard","meta":{"site-container-style":"default","site-container-layout":"default","site-sidebar-layout":"default","disable-article-header":"default","disable-site-header":"default","disable-site-footer":"default","disable-content-area-spacing":"default","footnotes":""},"categories":[29,470],"tags":[305,623,624,333,510],"class_list":["post-34157","post","type-post","status-publish","format-standard","has-post-thumbnail","hentry","category-cultura","category-podcast","tag-acessibilidade-cultural","tag-dia-nacional-da-cultura","tag-direito-a-cultura","tag-lbi","tag-lei-brasileira-de-inclusao"],"yoast_head":"<!-- This site is optimized with the Yoast SEO plugin v27.4 - https:\/\/yoast.com\/product\/yoast-seo-wordpress\/ -->\n<title>O Protagonismo das Pessoas com Defici\u00eancia nos Ambientes Culturais \u2013 Podcast Acessando Luc\u00edlia -<\/title>\n<meta name=\"robots\" content=\"index, follow, max-snippet:-1, max-image-preview:large, max-video-preview:-1\" \/>\n<link rel=\"canonical\" href=\"https:\/\/inclusivenews.com.br\/?p=34157\" \/>\n<meta property=\"og:locale\" content=\"pt_PT\" \/>\n<meta property=\"og:type\" content=\"article\" \/>\n<meta property=\"og:title\" content=\"O Protagonismo das Pessoas com Defici\u00eancia nos Ambientes Culturais \u2013 Podcast Acessando Luc\u00edlia -\" \/>\n<meta property=\"og:description\" content=\"O Podcast Acessando Luc\u00edlia desta ter\u00e7a-feira, 05\/11, comemora o Dia Nacional da Cultura com uma conversa sobre Acessibilidade Cultural. A Lei Brasileira de Inclus\u00e3o (LBI) de 2015 estabelece o direito das pessoas com defici\u00eancia aos meios culturais acess\u00edveis e, inclusive, dedica um cap\u00edtulo ao direito \u00e0 cultura (Cap\u00edtulo IX- Do Direito \u00e0 Cultura, ao Esporte, [&hellip;]\" \/>\n<meta property=\"og:url\" content=\"https:\/\/inclusivenews.com.br\/?p=34157\" \/>\n<meta property=\"article:publisher\" content=\"https:\/\/www.facebook.com\/agenciainclusive\/\" \/>\n<meta property=\"article:published_time\" content=\"2024-11-05T10:52:14+00:00\" \/>\n<meta property=\"og:image\" content=\"https:\/\/inclusivenews.com.br\/wp-content\/uploads\/2024\/11\/couple-making-photo-of-modern-art-2023-11-27-05-32-50-utc-scaled-1.webp\" \/>\n\t<meta property=\"og:image:width\" content=\"2560\" \/>\n\t<meta property=\"og:image:height\" content=\"1707\" \/>\n\t<meta property=\"og:image:type\" content=\"image\/webp\" \/>\n<meta name=\"author\" content=\"inclusivenews2024\" \/>\n<meta name=\"twitter:card\" content=\"summary_large_image\" \/>\n<meta name=\"twitter:label1\" content=\"Escrito por\" \/>\n\t<meta name=\"twitter:data1\" content=\"inclusivenews2024\" \/>\n\t<meta name=\"twitter:label2\" content=\"Tempo estimado de leitura\" \/>\n\t<meta name=\"twitter:data2\" content=\"3 minutos\" \/>\n<script type=\"application\/ld+json\" class=\"yoast-schema-graph\">{\"@context\":\"https:\\\/\\\/schema.org\",\"@graph\":[{\"@type\":\"Article\",\"@id\":\"https:\\\/\\\/inclusivenews.com.br\\\/?p=34157#article\",\"isPartOf\":{\"@id\":\"https:\\\/\\\/inclusivenews.com.br\\\/?p=34157\"},\"author\":{\"name\":\"inclusivenews2024\",\"@id\":\"https:\\\/\\\/inclusivenews.com.br\\\/#\\\/schema\\\/person\\\/ae4ec7087559b8692fb33b6fffd2273b\"},\"headline\":\"O Protagonismo das Pessoas com Defici\u00eancia nos Ambientes Culturais \u2013 Podcast Acessando Luc\u00edlia\",\"datePublished\":\"2024-11-05T10:52:14+00:00\",\"mainEntityOfPage\":{\"@id\":\"https:\\\/\\\/inclusivenews.com.br\\\/?p=34157\"},\"wordCount\":529,\"commentCount\":0,\"publisher\":{\"@id\":\"https:\\\/\\\/inclusivenews.com.br\\\/#organization\"},\"image\":{\"@id\":\"https:\\\/\\\/inclusivenews.com.br\\\/?p=34157#primaryimage\"},\"thumbnailUrl\":\"https:\\\/\\\/inclusivenews.com.br\\\/wp-content\\\/uploads\\\/2024\\\/11\\\/couple-making-photo-of-modern-art-2023-11-27-05-32-50-utc-scaled-1.webp\",\"keywords\":[\"Acessibilidade cultural\",\"Dia Nacional da Cultura\",\"direito \u00e0 cultura\",\"LBI\",\"Lei Brasileira de Inclus\u00e3o\"],\"articleSection\":[\"Cultura\",\"PODCAST\"],\"inLanguage\":\"pt-PT\",\"potentialAction\":[{\"@type\":\"CommentAction\",\"name\":\"Comment\",\"target\":[\"https:\\\/\\\/inclusivenews.com.br\\\/?p=34157#respond\"]}]},{\"@type\":\"WebPage\",\"@id\":\"https:\\\/\\\/inclusivenews.com.br\\\/?p=34157\",\"url\":\"https:\\\/\\\/inclusivenews.com.br\\\/?p=34157\",\"name\":\"O Protagonismo das Pessoas com Defici\u00eancia nos Ambientes Culturais \u2013 Podcast Acessando Luc\u00edlia -\",\"isPartOf\":{\"@id\":\"https:\\\/\\\/inclusivenews.com.br\\\/#website\"},\"primaryImageOfPage\":{\"@id\":\"https:\\\/\\\/inclusivenews.com.br\\\/?p=34157#primaryimage\"},\"image\":{\"@id\":\"https:\\\/\\\/inclusivenews.com.br\\\/?p=34157#primaryimage\"},\"thumbnailUrl\":\"https:\\\/\\\/inclusivenews.com.br\\\/wp-content\\\/uploads\\\/2024\\\/11\\\/couple-making-photo-of-modern-art-2023-11-27-05-32-50-utc-scaled-1.webp\",\"datePublished\":\"2024-11-05T10:52:14+00:00\",\"breadcrumb\":{\"@id\":\"https:\\\/\\\/inclusivenews.com.br\\\/?p=34157#breadcrumb\"},\"inLanguage\":\"pt-PT\",\"potentialAction\":[{\"@type\":\"ReadAction\",\"target\":[\"https:\\\/\\\/inclusivenews.com.br\\\/?p=34157\"]}]},{\"@type\":\"ImageObject\",\"inLanguage\":\"pt-PT\",\"@id\":\"https:\\\/\\\/inclusivenews.com.br\\\/?p=34157#primaryimage\",\"url\":\"https:\\\/\\\/inclusivenews.com.br\\\/wp-content\\\/uploads\\\/2024\\\/11\\\/couple-making-photo-of-modern-art-2023-11-27-05-32-50-utc-scaled-1.webp\",\"contentUrl\":\"https:\\\/\\\/inclusivenews.com.br\\\/wp-content\\\/uploads\\\/2024\\\/11\\\/couple-making-photo-of-modern-art-2023-11-27-05-32-50-utc-scaled-1.webp\",\"width\":2560,\"height\":1707},{\"@type\":\"BreadcrumbList\",\"@id\":\"https:\\\/\\\/inclusivenews.com.br\\\/?p=34157#breadcrumb\",\"itemListElement\":[{\"@type\":\"ListItem\",\"position\":1,\"name\":\"In\u00edcio\",\"item\":\"https:\\\/\\\/inclusivenews.com.br\\\/\"},{\"@type\":\"ListItem\",\"position\":2,\"name\":\"O Protagonismo das Pessoas com Defici\u00eancia nos Ambientes Culturais \u2013 Podcast Acessando Luc\u00edlia\"}]},{\"@type\":\"WebSite\",\"@id\":\"https:\\\/\\\/inclusivenews.com.br\\\/#website\",\"url\":\"https:\\\/\\\/inclusivenews.com.br\\\/\",\"name\":\"Inclusive News\",\"description\":\"Inclusive News\",\"publisher\":{\"@id\":\"https:\\\/\\\/inclusivenews.com.br\\\/#organization\"},\"potentialAction\":[{\"@type\":\"SearchAction\",\"target\":{\"@type\":\"EntryPoint\",\"urlTemplate\":\"https:\\\/\\\/inclusivenews.com.br\\\/?s={search_term_string}\"},\"query-input\":{\"@type\":\"PropertyValueSpecification\",\"valueRequired\":true,\"valueName\":\"search_term_string\"}}],\"inLanguage\":\"pt-PT\"},{\"@type\":\"Organization\",\"@id\":\"https:\\\/\\\/inclusivenews.com.br\\\/#organization\",\"name\":\"Inclusive - inclus\u00e3o e cidadania\",\"url\":\"https:\\\/\\\/inclusivenews.com.br\\\/\",\"logo\":{\"@type\":\"ImageObject\",\"inLanguage\":\"pt-PT\",\"@id\":\"https:\\\/\\\/inclusivenews.com.br\\\/#\\\/schema\\\/logo\\\/image\\\/\",\"url\":\"https:\\\/\\\/inclusivenews.com.br\\\/wp-content\\\/uploads\\\/2024\\\/03\\\/@grandesite.png\",\"contentUrl\":\"https:\\\/\\\/inclusivenews.com.br\\\/wp-content\\\/uploads\\\/2024\\\/03\\\/@grandesite.png\",\"width\":1080,\"height\":1080,\"caption\":\"Inclusive - inclus\u00e3o e cidadania\"},\"image\":{\"@id\":\"https:\\\/\\\/inclusivenews.com.br\\\/#\\\/schema\\\/logo\\\/image\\\/\"},\"sameAs\":[\"https:\\\/\\\/www.facebook.com\\\/agenciainclusive\\\/\",\"https:\\\/\\\/www.instagram.com\\\/newsinclusive\\\/\"]},{\"@type\":\"Person\",\"@id\":\"https:\\\/\\\/inclusivenews.com.br\\\/#\\\/schema\\\/person\\\/ae4ec7087559b8692fb33b6fffd2273b\",\"name\":\"inclusivenews2024\",\"image\":{\"@type\":\"ImageObject\",\"inLanguage\":\"pt-PT\",\"@id\":\"https:\\\/\\\/secure.gravatar.com\\\/avatar\\\/c5a7ef84c66fa914f55bc4f7ce26cfa275a3b9a1c5568b907bd184fb4dde7b40?s=96&d=mm&r=g\",\"url\":\"https:\\\/\\\/secure.gravatar.com\\\/avatar\\\/c5a7ef84c66fa914f55bc4f7ce26cfa275a3b9a1c5568b907bd184fb4dde7b40?s=96&d=mm&r=g\",\"contentUrl\":\"https:\\\/\\\/secure.gravatar.com\\\/avatar\\\/c5a7ef84c66fa914f55bc4f7ce26cfa275a3b9a1c5568b907bd184fb4dde7b40?s=96&d=mm&r=g\",\"caption\":\"inclusivenews2024\"},\"sameAs\":[\"https:\\\/\\\/inclusivenews.com.br\"],\"url\":\"https:\\\/\\\/inclusivenews.com.br\\\/?author=1\"}]}<\/script>\n<!-- \/ Yoast SEO plugin. -->","yoast_head_json":{"title":"O Protagonismo das Pessoas com Defici\u00eancia nos Ambientes Culturais \u2013 Podcast Acessando Luc\u00edlia -","robots":{"index":"index","follow":"follow","max-snippet":"max-snippet:-1","max-image-preview":"max-image-preview:large","max-video-preview":"max-video-preview:-1"},"canonical":"https:\/\/inclusivenews.com.br\/?p=34157","og_locale":"pt_PT","og_type":"article","og_title":"O Protagonismo das Pessoas com Defici\u00eancia nos Ambientes Culturais \u2013 Podcast Acessando Luc\u00edlia -","og_description":"O Podcast Acessando Luc\u00edlia desta ter\u00e7a-feira, 05\/11, comemora o Dia Nacional da Cultura com uma conversa sobre Acessibilidade Cultural. A Lei Brasileira de Inclus\u00e3o (LBI) de 2015 estabelece o direito das pessoas com defici\u00eancia aos meios culturais acess\u00edveis e, inclusive, dedica um cap\u00edtulo ao direito \u00e0 cultura (Cap\u00edtulo IX- Do Direito \u00e0 Cultura, ao Esporte, [&hellip;]","og_url":"https:\/\/inclusivenews.com.br\/?p=34157","article_publisher":"https:\/\/www.facebook.com\/agenciainclusive\/","article_published_time":"2024-11-05T10:52:14+00:00","og_image":[{"width":2560,"height":1707,"url":"https:\/\/inclusivenews.com.br\/wp-content\/uploads\/2024\/11\/couple-making-photo-of-modern-art-2023-11-27-05-32-50-utc-scaled-1.webp","type":"image\/webp"}],"author":"inclusivenews2024","twitter_card":"summary_large_image","twitter_misc":{"Escrito por":"inclusivenews2024","Tempo estimado de leitura":"3 minutos"},"schema":{"@context":"https:\/\/schema.org","@graph":[{"@type":"Article","@id":"https:\/\/inclusivenews.com.br\/?p=34157#article","isPartOf":{"@id":"https:\/\/inclusivenews.com.br\/?p=34157"},"author":{"name":"inclusivenews2024","@id":"https:\/\/inclusivenews.com.br\/#\/schema\/person\/ae4ec7087559b8692fb33b6fffd2273b"},"headline":"O Protagonismo das Pessoas com Defici\u00eancia nos Ambientes Culturais \u2013 Podcast Acessando Luc\u00edlia","datePublished":"2024-11-05T10:52:14+00:00","mainEntityOfPage":{"@id":"https:\/\/inclusivenews.com.br\/?p=34157"},"wordCount":529,"commentCount":0,"publisher":{"@id":"https:\/\/inclusivenews.com.br\/#organization"},"image":{"@id":"https:\/\/inclusivenews.com.br\/?p=34157#primaryimage"},"thumbnailUrl":"https:\/\/inclusivenews.com.br\/wp-content\/uploads\/2024\/11\/couple-making-photo-of-modern-art-2023-11-27-05-32-50-utc-scaled-1.webp","keywords":["Acessibilidade cultural","Dia Nacional da Cultura","direito \u00e0 cultura","LBI","Lei Brasileira de Inclus\u00e3o"],"articleSection":["Cultura","PODCAST"],"inLanguage":"pt-PT","potentialAction":[{"@type":"CommentAction","name":"Comment","target":["https:\/\/inclusivenews.com.br\/?p=34157#respond"]}]},{"@type":"WebPage","@id":"https:\/\/inclusivenews.com.br\/?p=34157","url":"https:\/\/inclusivenews.com.br\/?p=34157","name":"O Protagonismo das Pessoas com Defici\u00eancia nos Ambientes Culturais \u2013 Podcast Acessando Luc\u00edlia -","isPartOf":{"@id":"https:\/\/inclusivenews.com.br\/#website"},"primaryImageOfPage":{"@id":"https:\/\/inclusivenews.com.br\/?p=34157#primaryimage"},"image":{"@id":"https:\/\/inclusivenews.com.br\/?p=34157#primaryimage"},"thumbnailUrl":"https:\/\/inclusivenews.com.br\/wp-content\/uploads\/2024\/11\/couple-making-photo-of-modern-art-2023-11-27-05-32-50-utc-scaled-1.webp","datePublished":"2024-11-05T10:52:14+00:00","breadcrumb":{"@id":"https:\/\/inclusivenews.com.br\/?p=34157#breadcrumb"},"inLanguage":"pt-PT","potentialAction":[{"@type":"ReadAction","target":["https:\/\/inclusivenews.com.br\/?p=34157"]}]},{"@type":"ImageObject","inLanguage":"pt-PT","@id":"https:\/\/inclusivenews.com.br\/?p=34157#primaryimage","url":"https:\/\/inclusivenews.com.br\/wp-content\/uploads\/2024\/11\/couple-making-photo-of-modern-art-2023-11-27-05-32-50-utc-scaled-1.webp","contentUrl":"https:\/\/inclusivenews.com.br\/wp-content\/uploads\/2024\/11\/couple-making-photo-of-modern-art-2023-11-27-05-32-50-utc-scaled-1.webp","width":2560,"height":1707},{"@type":"BreadcrumbList","@id":"https:\/\/inclusivenews.com.br\/?p=34157#breadcrumb","itemListElement":[{"@type":"ListItem","position":1,"name":"In\u00edcio","item":"https:\/\/inclusivenews.com.br\/"},{"@type":"ListItem","position":2,"name":"O Protagonismo das Pessoas com Defici\u00eancia nos Ambientes Culturais \u2013 Podcast Acessando Luc\u00edlia"}]},{"@type":"WebSite","@id":"https:\/\/inclusivenews.com.br\/#website","url":"https:\/\/inclusivenews.com.br\/","name":"Inclusive News","description":"Inclusive News","publisher":{"@id":"https:\/\/inclusivenews.com.br\/#organization"},"potentialAction":[{"@type":"SearchAction","target":{"@type":"EntryPoint","urlTemplate":"https:\/\/inclusivenews.com.br\/?s={search_term_string}"},"query-input":{"@type":"PropertyValueSpecification","valueRequired":true,"valueName":"search_term_string"}}],"inLanguage":"pt-PT"},{"@type":"Organization","@id":"https:\/\/inclusivenews.com.br\/#organization","name":"Inclusive - inclus\u00e3o e cidadania","url":"https:\/\/inclusivenews.com.br\/","logo":{"@type":"ImageObject","inLanguage":"pt-PT","@id":"https:\/\/inclusivenews.com.br\/#\/schema\/logo\/image\/","url":"https:\/\/inclusivenews.com.br\/wp-content\/uploads\/2024\/03\/@grandesite.png","contentUrl":"https:\/\/inclusivenews.com.br\/wp-content\/uploads\/2024\/03\/@grandesite.png","width":1080,"height":1080,"caption":"Inclusive - inclus\u00e3o e cidadania"},"image":{"@id":"https:\/\/inclusivenews.com.br\/#\/schema\/logo\/image\/"},"sameAs":["https:\/\/www.facebook.com\/agenciainclusive\/","https:\/\/www.instagram.com\/newsinclusive\/"]},{"@type":"Person","@id":"https:\/\/inclusivenews.com.br\/#\/schema\/person\/ae4ec7087559b8692fb33b6fffd2273b","name":"inclusivenews2024","image":{"@type":"ImageObject","inLanguage":"pt-PT","@id":"https:\/\/secure.gravatar.com\/avatar\/c5a7ef84c66fa914f55bc4f7ce26cfa275a3b9a1c5568b907bd184fb4dde7b40?s=96&d=mm&r=g","url":"https:\/\/secure.gravatar.com\/avatar\/c5a7ef84c66fa914f55bc4f7ce26cfa275a3b9a1c5568b907bd184fb4dde7b40?s=96&d=mm&r=g","contentUrl":"https:\/\/secure.gravatar.com\/avatar\/c5a7ef84c66fa914f55bc4f7ce26cfa275a3b9a1c5568b907bd184fb4dde7b40?s=96&d=mm&r=g","caption":"inclusivenews2024"},"sameAs":["https:\/\/inclusivenews.com.br"],"url":"https:\/\/inclusivenews.com.br\/?author=1"}]}},"_links":{"self":[{"href":"https:\/\/inclusivenews.com.br\/index.php?rest_route=\/wp\/v2\/posts\/34157","targetHints":{"allow":["GET"]}}],"collection":[{"href":"https:\/\/inclusivenews.com.br\/index.php?rest_route=\/wp\/v2\/posts"}],"about":[{"href":"https:\/\/inclusivenews.com.br\/index.php?rest_route=\/wp\/v2\/types\/post"}],"author":[{"embeddable":true,"href":"https:\/\/inclusivenews.com.br\/index.php?rest_route=\/wp\/v2\/users\/1"}],"replies":[{"embeddable":true,"href":"https:\/\/inclusivenews.com.br\/index.php?rest_route=%2Fwp%2Fv2%2Fcomments&post=34157"}],"version-history":[{"count":1,"href":"https:\/\/inclusivenews.com.br\/index.php?rest_route=\/wp\/v2\/posts\/34157\/revisions"}],"predecessor-version":[{"id":34160,"href":"https:\/\/inclusivenews.com.br\/index.php?rest_route=\/wp\/v2\/posts\/34157\/revisions\/34160"}],"wp:featuredmedia":[{"embeddable":true,"href":"https:\/\/inclusivenews.com.br\/index.php?rest_route=\/wp\/v2\/media\/34159"}],"wp:attachment":[{"href":"https:\/\/inclusivenews.com.br\/index.php?rest_route=%2Fwp%2Fv2%2Fmedia&parent=34157"}],"wp:term":[{"taxonomy":"category","embeddable":true,"href":"https:\/\/inclusivenews.com.br\/index.php?rest_route=%2Fwp%2Fv2%2Fcategories&post=34157"},{"taxonomy":"post_tag","embeddable":true,"href":"https:\/\/inclusivenews.com.br\/index.php?rest_route=%2Fwp%2Fv2%2Ftags&post=34157"}],"curies":[{"name":"wp","href":"https:\/\/api.w.org\/{rel}","templated":true}]}}