{"id":34269,"date":"2024-12-10T09:32:26","date_gmt":"2024-12-10T09:32:26","guid":{"rendered":"https:\/\/inclusivenews.com.br\/?p=34269"},"modified":"2024-12-10T09:32:27","modified_gmt":"2024-12-10T09:32:27","slug":"cortes-no-bpc-quem-vai-pagar-por-isso-podcast-acessando-lucilia","status":"publish","type":"post","link":"https:\/\/inclusivenews.com.br\/?p=34269","title":{"rendered":"Cortes no BPC: Quem vai pagar por isso?\u00a0\u2013 Podcast Acessando Luc\u00edlia"},"content":{"rendered":"\n<p>A pol\u00eamica de cortes no BPC &#8211; Benef\u00edcio de Presta\u00e7\u00e3o Continuada \u00e9 o tema do Podcast Acessando Luc\u00edlia desta ter\u00e7a-feira, 10\/12. Al\u00e9m da proposta de conten\u00e7\u00e3o de gastos apresentada pelo governo no pacote de ajuste fiscal, que traz mudan\u00e7as nas regras para acesso ao benef\u00edcio, tramita em car\u00e1ter de urg\u00eancia na C\u00e2mara dos Deputados um Projeto de Lei n\u00b0 4.614\/2024, da autoria dos deputados federais Jos\u00e9 Guimar\u00e3es do PT\/CE, M\u00e1rcio Jerry, do PCdoB\/MA; Hugo Motta, do Republicanos\/PB e outros, que retira direitos garantidos \u00e0s pessoas com defici\u00eancia em rela\u00e7\u00e3o ao BPC, amea\u00e7ando conquistas hist\u00f3ricas de direitos desta popula\u00e7\u00e3o.<\/p>\n\n\n\n<p>O PL do \u201cajuste fiscal\u201d, como vem sendo chamado, \u00e9 um ataque frontal contra os direitos das pessoas com defici\u00eancia e provocou rea\u00e7\u00e3o em massa de entidades, movimentos sociais e coletivos que se posicionaram contra as medidas, atrav\u00e9s de notas de rep\u00fadio.<br>Os convidados para essa conversa urgente e necess\u00e1ria s\u00e3o:<\/p>\n\n\n\n<p>Tereza Villela , pedagoga, doutora em Educa\u00e7\u00e3o Especial pela Universidade Federal de S\u00e3o Carlos- UFSCar, professora do atendimento educacional especializado da rede municipal de Brodowski (SP); membro do Conselho de Participa\u00e7\u00e3o Social da Presid\u00eancia da Rep\u00fablica. Comp\u00f5e grupos como a Rede-In Brasileira de Inclus\u00e3o, Coaliz\u00e3o Brasileira Pela Educa\u00e7\u00e3o Inclusiva e o GT Educa\u00e7\u00e3o e Trabalho da sociedade civil.<\/p>\n\n\n\n<p>Wederson Santos , assistente social do INSS desde 2013; mestre em Pol\u00edtica Social e doutor em Sociologia, ambos pela Universidade de Bras\u00edlia- UnB. J\u00e1 foi coordenador-geral de Promo\u00e7\u00e3o dos Direitos da Pessoa com Defici\u00eancia da Secretaria Nacional dos Direitos da Pessoa com Defici\u00eancia do Minist\u00e9rio dos Direitos Humanos- MDH, entre 2015 e 2017.<\/p>\n\n\n\n<p><strong>O bate-papo, que \u00e9 uma parceria com a Inclusive News, conta com int\u00e9rprete de libras e ser\u00e1 transmitido ao vivo, \u00e0s 18h<\/strong>, no canal do ACESSANDO LUC\u00cdLIA no Youtube:\u00a0<a href=\"https:\/\/www.youtube.com\/@acessandolucilia5059\">https:\/\/www.youtube.com\/@acessandolucilia5059\u00a0<\/a>e tamb\u00e9m na Web R\u00e1dio Censura Livre, no\u00a0<a href=\"http:\/\/youtube.com\/c\/Censuralivre\">Youtube<\/a>, no\u00a0<a href=\"http:\/\/facebook.com\/webradiocensuralivre-e\/\">Facebook<\/a>, no\u00a0<a href=\"http:\/\/www.clwebradio.com\/\">site<\/a>\u00a0e no aplicativo:\u00a0<a href=\"http:\/\/l.radios.com.br\/r\/100204\">RadiosNet<\/a>.<br>Agora o nosso programa tamb\u00e9m esta sendo retransmitido no mesmo hor\u00e1rio na R\u00e1dio Criativa de Muria\u00e9-MG e no canal Gernika_art against fascism \u2013 Liga de Comunica\u00e7\u00e3o Internacionalista de Portugal, no YouTube. E \u00e0s quartas-feiras, 15h, na Radio Comunidade Friburgo 104.9 FM, de Nova Friburgo-RJ.<\/p>\n\n\n\n<figure class=\"wp-block-image size-large\"><img loading=\"lazy\" decoding=\"async\" width=\"1024\" height=\"576\" src=\"https:\/\/inclusivenews.com.br\/wp-content\/uploads\/2024\/08\/WhatsApp-Image-2024-08-26-at-18.05.48-1024x576.jpeg\" alt=\"Card preto com letras brancas e imagem de ondas sonoras em rosa ao fundo \u00c0 esquerda: Podcast Mais abaixo dentro de uma tarja o desenho estilizado de um microfone e &quot;Acessando Luc\u00edlia&quot; Do lado direito dentro de uma moldura em forma de gota rosa, a foto de uma mulher branca de perfil. Ela usa \u00f3culos e blusa branca. Ter\u00e7a-feira -18h Com Luc\u00edlia Machado Dentro de tarjas sobrepostas nas cores verdes e rosa: \u00c0 direita: YouTube.com\/@acessandolucilia59 Facebook.com\/Webradiocensuralivre https:\/\/www.youtube.com\/@RadioCensuraLivre e no canto esquerdo, o \u00edcone de acess\u00edvel em libras. \u00c0 direita, o logo da Inclusive News e ao lado, o da Web R\u00e1dio Censura Livre.\" class=\"wp-image-33940\" srcset=\"https:\/\/inclusivenews.com.br\/wp-content\/uploads\/2024\/08\/WhatsApp-Image-2024-08-26-at-18.05.48-1024x576.jpeg 1024w, https:\/\/inclusivenews.com.br\/wp-content\/uploads\/2024\/08\/WhatsApp-Image-2024-08-26-at-18.05.48-300x169.jpeg 300w, https:\/\/inclusivenews.com.br\/wp-content\/uploads\/2024\/08\/WhatsApp-Image-2024-08-26-at-18.05.48-768x432.jpeg 768w, https:\/\/inclusivenews.com.br\/wp-content\/uploads\/2024\/08\/WhatsApp-Image-2024-08-26-at-18.05.48.jpeg 1280w\" sizes=\"auto, (max-width: 1024px) 100vw, 1024px\" \/><\/figure>\n","protected":false},"excerpt":{"rendered":"<p>A pol\u00eamica de cortes no BPC &#8211; Benef\u00edcio de Presta\u00e7\u00e3o Continuada \u00e9 o tema do Podcast Acessando Luc\u00edlia desta ter\u00e7a-feira, 10\/12. Al\u00e9m da proposta de conten\u00e7\u00e3o de gastos apresentada pelo governo no pacote de ajuste fiscal, que traz mudan\u00e7as nas regras para acesso ao benef\u00edcio, tramita em car\u00e1ter de urg\u00eancia na C\u00e2mara dos Deputados um [&hellip;]<\/p>\n","protected":false},"author":1,"featured_media":34270,"comment_status":"open","ping_status":"open","sticky":false,"template":"","format":"standard","meta":{"site-container-style":"default","site-container-layout":"default","site-sidebar-layout":"default","disable-article-header":"default","disable-site-header":"default","disable-site-footer":"default","disable-content-area-spacing":"default","footnotes":""},"categories":[38,470],"tags":[386,306,682,683,681,487],"class_list":["post-34269","post","type-post","status-publish","format-standard","has-post-thumbnail","hentry","category-deficiencia","category-podcast","tag-beneficio-de-prestacao-continuada","tag-bpc","tag-corte-no-bpc","tag-cortes-no-bpc","tag-inss","tag-pcd"],"yoast_head":"<!-- This site is optimized with the Yoast SEO plugin v27.4 - https:\/\/yoast.com\/product\/yoast-seo-wordpress\/ -->\n<title>Cortes no BPC: Quem vai pagar por isso?\u00a0\u2013 Podcast Acessando Luc\u00edlia -<\/title>\n<meta name=\"robots\" content=\"index, follow, max-snippet:-1, max-image-preview:large, max-video-preview:-1\" \/>\n<link rel=\"canonical\" href=\"https:\/\/inclusivenews.com.br\/?p=34269\" \/>\n<meta property=\"og:locale\" content=\"pt_PT\" \/>\n<meta property=\"og:type\" content=\"article\" \/>\n<meta property=\"og:title\" content=\"Cortes no BPC: Quem vai pagar por isso?\u00a0\u2013 Podcast Acessando Luc\u00edlia -\" \/>\n<meta property=\"og:description\" content=\"A pol\u00eamica de cortes no BPC &#8211; Benef\u00edcio de Presta\u00e7\u00e3o Continuada \u00e9 o tema do Podcast Acessando Luc\u00edlia desta ter\u00e7a-feira, 10\/12. Al\u00e9m da proposta de conten\u00e7\u00e3o de gastos apresentada pelo governo no pacote de ajuste fiscal, que traz mudan\u00e7as nas regras para acesso ao benef\u00edcio, tramita em car\u00e1ter de urg\u00eancia na C\u00e2mara dos Deputados um [&hellip;]\" \/>\n<meta property=\"og:url\" content=\"https:\/\/inclusivenews.com.br\/?p=34269\" \/>\n<meta property=\"article:publisher\" content=\"https:\/\/www.facebook.com\/agenciainclusive\/\" \/>\n<meta property=\"article:published_time\" content=\"2024-12-10T09:32:26+00:00\" \/>\n<meta property=\"article:modified_time\" content=\"2024-12-10T09:32:27+00:00\" \/>\n<meta property=\"og:image\" content=\"https:\/\/inclusivenews.com.br\/wp-content\/uploads\/2024\/12\/seucreditodigital.com_.br-pagamento-retroativo-aprovado-no-bpc-saiba-se-pode-receber-bpc-1145x720-1.jpg\" \/>\n\t<meta property=\"og:image:width\" content=\"1145\" \/>\n\t<meta property=\"og:image:height\" content=\"720\" \/>\n\t<meta property=\"og:image:type\" content=\"image\/jpeg\" \/>\n<meta name=\"author\" content=\"inclusivenews2024\" \/>\n<meta name=\"twitter:card\" content=\"summary_large_image\" \/>\n<meta name=\"twitter:label1\" content=\"Escrito por\" \/>\n\t<meta name=\"twitter:data1\" content=\"inclusivenews2024\" \/>\n\t<meta name=\"twitter:label2\" content=\"Tempo estimado de leitura\" \/>\n\t<meta name=\"twitter:data2\" content=\"3 minutos\" \/>\n<script type=\"application\/ld+json\" class=\"yoast-schema-graph\">{\"@context\":\"https:\\\/\\\/schema.org\",\"@graph\":[{\"@type\":\"Article\",\"@id\":\"https:\\\/\\\/inclusivenews.com.br\\\/?p=34269#article\",\"isPartOf\":{\"@id\":\"https:\\\/\\\/inclusivenews.com.br\\\/?p=34269\"},\"author\":{\"name\":\"inclusivenews2024\",\"@id\":\"https:\\\/\\\/inclusivenews.com.br\\\/#\\\/schema\\\/person\\\/ae4ec7087559b8692fb33b6fffd2273b\"},\"headline\":\"Cortes no BPC: Quem vai pagar por isso?\u00a0\u2013 Podcast Acessando Luc\u00edlia\",\"datePublished\":\"2024-12-10T09:32:26+00:00\",\"dateModified\":\"2024-12-10T09:32:27+00:00\",\"mainEntityOfPage\":{\"@id\":\"https:\\\/\\\/inclusivenews.com.br\\\/?p=34269\"},\"wordCount\":409,\"commentCount\":0,\"publisher\":{\"@id\":\"https:\\\/\\\/inclusivenews.com.br\\\/#organization\"},\"image\":{\"@id\":\"https:\\\/\\\/inclusivenews.com.br\\\/?p=34269#primaryimage\"},\"thumbnailUrl\":\"https:\\\/\\\/inclusivenews.com.br\\\/wp-content\\\/uploads\\\/2024\\\/12\\\/seucreditodigital.com_.br-pagamento-retroativo-aprovado-no-bpc-saiba-se-pode-receber-bpc-1145x720-1.jpg\",\"keywords\":[\"Benef\u00edcio de Presta\u00e7\u00e3o Continuada\",\"BPC\",\"corte no BPC\",\"cortes no BPC\",\"INSS\",\"PcD\"],\"articleSection\":[\"Defici\u00eancia\",\"PODCAST\"],\"inLanguage\":\"pt-PT\",\"potentialAction\":[{\"@type\":\"CommentAction\",\"name\":\"Comment\",\"target\":[\"https:\\\/\\\/inclusivenews.com.br\\\/?p=34269#respond\"]}]},{\"@type\":\"WebPage\",\"@id\":\"https:\\\/\\\/inclusivenews.com.br\\\/?p=34269\",\"url\":\"https:\\\/\\\/inclusivenews.com.br\\\/?p=34269\",\"name\":\"Cortes no BPC: Quem vai pagar por isso?\u00a0\u2013 Podcast Acessando Luc\u00edlia -\",\"isPartOf\":{\"@id\":\"https:\\\/\\\/inclusivenews.com.br\\\/#website\"},\"primaryImageOfPage\":{\"@id\":\"https:\\\/\\\/inclusivenews.com.br\\\/?p=34269#primaryimage\"},\"image\":{\"@id\":\"https:\\\/\\\/inclusivenews.com.br\\\/?p=34269#primaryimage\"},\"thumbnailUrl\":\"https:\\\/\\\/inclusivenews.com.br\\\/wp-content\\\/uploads\\\/2024\\\/12\\\/seucreditodigital.com_.br-pagamento-retroativo-aprovado-no-bpc-saiba-se-pode-receber-bpc-1145x720-1.jpg\",\"datePublished\":\"2024-12-10T09:32:26+00:00\",\"dateModified\":\"2024-12-10T09:32:27+00:00\",\"breadcrumb\":{\"@id\":\"https:\\\/\\\/inclusivenews.com.br\\\/?p=34269#breadcrumb\"},\"inLanguage\":\"pt-PT\",\"potentialAction\":[{\"@type\":\"ReadAction\",\"target\":[\"https:\\\/\\\/inclusivenews.com.br\\\/?p=34269\"]}]},{\"@type\":\"ImageObject\",\"inLanguage\":\"pt-PT\",\"@id\":\"https:\\\/\\\/inclusivenews.com.br\\\/?p=34269#primaryimage\",\"url\":\"https:\\\/\\\/inclusivenews.com.br\\\/wp-content\\\/uploads\\\/2024\\\/12\\\/seucreditodigital.com_.br-pagamento-retroativo-aprovado-no-bpc-saiba-se-pode-receber-bpc-1145x720-1.jpg\",\"contentUrl\":\"https:\\\/\\\/inclusivenews.com.br\\\/wp-content\\\/uploads\\\/2024\\\/12\\\/seucreditodigital.com_.br-pagamento-retroativo-aprovado-no-bpc-saiba-se-pode-receber-bpc-1145x720-1.jpg\",\"width\":1145,\"height\":720},{\"@type\":\"BreadcrumbList\",\"@id\":\"https:\\\/\\\/inclusivenews.com.br\\\/?p=34269#breadcrumb\",\"itemListElement\":[{\"@type\":\"ListItem\",\"position\":1,\"name\":\"In\u00edcio\",\"item\":\"https:\\\/\\\/inclusivenews.com.br\\\/\"},{\"@type\":\"ListItem\",\"position\":2,\"name\":\"Cortes no BPC: Quem vai pagar por isso?\u00a0\u2013 Podcast Acessando Luc\u00edlia\"}]},{\"@type\":\"WebSite\",\"@id\":\"https:\\\/\\\/inclusivenews.com.br\\\/#website\",\"url\":\"https:\\\/\\\/inclusivenews.com.br\\\/\",\"name\":\"Inclusive News\",\"description\":\"Inclusive News\",\"publisher\":{\"@id\":\"https:\\\/\\\/inclusivenews.com.br\\\/#organization\"},\"potentialAction\":[{\"@type\":\"SearchAction\",\"target\":{\"@type\":\"EntryPoint\",\"urlTemplate\":\"https:\\\/\\\/inclusivenews.com.br\\\/?s={search_term_string}\"},\"query-input\":{\"@type\":\"PropertyValueSpecification\",\"valueRequired\":true,\"valueName\":\"search_term_string\"}}],\"inLanguage\":\"pt-PT\"},{\"@type\":\"Organization\",\"@id\":\"https:\\\/\\\/inclusivenews.com.br\\\/#organization\",\"name\":\"Inclusive - inclus\u00e3o e cidadania\",\"url\":\"https:\\\/\\\/inclusivenews.com.br\\\/\",\"logo\":{\"@type\":\"ImageObject\",\"inLanguage\":\"pt-PT\",\"@id\":\"https:\\\/\\\/inclusivenews.com.br\\\/#\\\/schema\\\/logo\\\/image\\\/\",\"url\":\"https:\\\/\\\/inclusivenews.com.br\\\/wp-content\\\/uploads\\\/2024\\\/03\\\/@grandesite.png\",\"contentUrl\":\"https:\\\/\\\/inclusivenews.com.br\\\/wp-content\\\/uploads\\\/2024\\\/03\\\/@grandesite.png\",\"width\":1080,\"height\":1080,\"caption\":\"Inclusive - inclus\u00e3o e cidadania\"},\"image\":{\"@id\":\"https:\\\/\\\/inclusivenews.com.br\\\/#\\\/schema\\\/logo\\\/image\\\/\"},\"sameAs\":[\"https:\\\/\\\/www.facebook.com\\\/agenciainclusive\\\/\",\"https:\\\/\\\/www.instagram.com\\\/newsinclusive\\\/\"]},{\"@type\":\"Person\",\"@id\":\"https:\\\/\\\/inclusivenews.com.br\\\/#\\\/schema\\\/person\\\/ae4ec7087559b8692fb33b6fffd2273b\",\"name\":\"inclusivenews2024\",\"image\":{\"@type\":\"ImageObject\",\"inLanguage\":\"pt-PT\",\"@id\":\"https:\\\/\\\/secure.gravatar.com\\\/avatar\\\/c5a7ef84c66fa914f55bc4f7ce26cfa275a3b9a1c5568b907bd184fb4dde7b40?s=96&d=mm&r=g\",\"url\":\"https:\\\/\\\/secure.gravatar.com\\\/avatar\\\/c5a7ef84c66fa914f55bc4f7ce26cfa275a3b9a1c5568b907bd184fb4dde7b40?s=96&d=mm&r=g\",\"contentUrl\":\"https:\\\/\\\/secure.gravatar.com\\\/avatar\\\/c5a7ef84c66fa914f55bc4f7ce26cfa275a3b9a1c5568b907bd184fb4dde7b40?s=96&d=mm&r=g\",\"caption\":\"inclusivenews2024\"},\"sameAs\":[\"https:\\\/\\\/inclusivenews.com.br\"],\"url\":\"https:\\\/\\\/inclusivenews.com.br\\\/?author=1\"}]}<\/script>\n<!-- \/ Yoast SEO plugin. -->","yoast_head_json":{"title":"Cortes no BPC: Quem vai pagar por isso?\u00a0\u2013 Podcast Acessando Luc\u00edlia -","robots":{"index":"index","follow":"follow","max-snippet":"max-snippet:-1","max-image-preview":"max-image-preview:large","max-video-preview":"max-video-preview:-1"},"canonical":"https:\/\/inclusivenews.com.br\/?p=34269","og_locale":"pt_PT","og_type":"article","og_title":"Cortes no BPC: Quem vai pagar por isso?\u00a0\u2013 Podcast Acessando Luc\u00edlia -","og_description":"A pol\u00eamica de cortes no BPC &#8211; Benef\u00edcio de Presta\u00e7\u00e3o Continuada \u00e9 o tema do Podcast Acessando Luc\u00edlia desta ter\u00e7a-feira, 10\/12. Al\u00e9m da proposta de conten\u00e7\u00e3o de gastos apresentada pelo governo no pacote de ajuste fiscal, que traz mudan\u00e7as nas regras para acesso ao benef\u00edcio, tramita em car\u00e1ter de urg\u00eancia na C\u00e2mara dos Deputados um [&hellip;]","og_url":"https:\/\/inclusivenews.com.br\/?p=34269","article_publisher":"https:\/\/www.facebook.com\/agenciainclusive\/","article_published_time":"2024-12-10T09:32:26+00:00","article_modified_time":"2024-12-10T09:32:27+00:00","og_image":[{"width":1145,"height":720,"url":"https:\/\/inclusivenews.com.br\/wp-content\/uploads\/2024\/12\/seucreditodigital.com_.br-pagamento-retroativo-aprovado-no-bpc-saiba-se-pode-receber-bpc-1145x720-1.jpg","type":"image\/jpeg"}],"author":"inclusivenews2024","twitter_card":"summary_large_image","twitter_misc":{"Escrito por":"inclusivenews2024","Tempo estimado de leitura":"3 minutos"},"schema":{"@context":"https:\/\/schema.org","@graph":[{"@type":"Article","@id":"https:\/\/inclusivenews.com.br\/?p=34269#article","isPartOf":{"@id":"https:\/\/inclusivenews.com.br\/?p=34269"},"author":{"name":"inclusivenews2024","@id":"https:\/\/inclusivenews.com.br\/#\/schema\/person\/ae4ec7087559b8692fb33b6fffd2273b"},"headline":"Cortes no BPC: Quem vai pagar por isso?\u00a0\u2013 Podcast Acessando Luc\u00edlia","datePublished":"2024-12-10T09:32:26+00:00","dateModified":"2024-12-10T09:32:27+00:00","mainEntityOfPage":{"@id":"https:\/\/inclusivenews.com.br\/?p=34269"},"wordCount":409,"commentCount":0,"publisher":{"@id":"https:\/\/inclusivenews.com.br\/#organization"},"image":{"@id":"https:\/\/inclusivenews.com.br\/?p=34269#primaryimage"},"thumbnailUrl":"https:\/\/inclusivenews.com.br\/wp-content\/uploads\/2024\/12\/seucreditodigital.com_.br-pagamento-retroativo-aprovado-no-bpc-saiba-se-pode-receber-bpc-1145x720-1.jpg","keywords":["Benef\u00edcio de Presta\u00e7\u00e3o Continuada","BPC","corte no BPC","cortes no BPC","INSS","PcD"],"articleSection":["Defici\u00eancia","PODCAST"],"inLanguage":"pt-PT","potentialAction":[{"@type":"CommentAction","name":"Comment","target":["https:\/\/inclusivenews.com.br\/?p=34269#respond"]}]},{"@type":"WebPage","@id":"https:\/\/inclusivenews.com.br\/?p=34269","url":"https:\/\/inclusivenews.com.br\/?p=34269","name":"Cortes no BPC: Quem vai pagar por isso?\u00a0\u2013 Podcast Acessando Luc\u00edlia -","isPartOf":{"@id":"https:\/\/inclusivenews.com.br\/#website"},"primaryImageOfPage":{"@id":"https:\/\/inclusivenews.com.br\/?p=34269#primaryimage"},"image":{"@id":"https:\/\/inclusivenews.com.br\/?p=34269#primaryimage"},"thumbnailUrl":"https:\/\/inclusivenews.com.br\/wp-content\/uploads\/2024\/12\/seucreditodigital.com_.br-pagamento-retroativo-aprovado-no-bpc-saiba-se-pode-receber-bpc-1145x720-1.jpg","datePublished":"2024-12-10T09:32:26+00:00","dateModified":"2024-12-10T09:32:27+00:00","breadcrumb":{"@id":"https:\/\/inclusivenews.com.br\/?p=34269#breadcrumb"},"inLanguage":"pt-PT","potentialAction":[{"@type":"ReadAction","target":["https:\/\/inclusivenews.com.br\/?p=34269"]}]},{"@type":"ImageObject","inLanguage":"pt-PT","@id":"https:\/\/inclusivenews.com.br\/?p=34269#primaryimage","url":"https:\/\/inclusivenews.com.br\/wp-content\/uploads\/2024\/12\/seucreditodigital.com_.br-pagamento-retroativo-aprovado-no-bpc-saiba-se-pode-receber-bpc-1145x720-1.jpg","contentUrl":"https:\/\/inclusivenews.com.br\/wp-content\/uploads\/2024\/12\/seucreditodigital.com_.br-pagamento-retroativo-aprovado-no-bpc-saiba-se-pode-receber-bpc-1145x720-1.jpg","width":1145,"height":720},{"@type":"BreadcrumbList","@id":"https:\/\/inclusivenews.com.br\/?p=34269#breadcrumb","itemListElement":[{"@type":"ListItem","position":1,"name":"In\u00edcio","item":"https:\/\/inclusivenews.com.br\/"},{"@type":"ListItem","position":2,"name":"Cortes no BPC: Quem vai pagar por isso?\u00a0\u2013 Podcast Acessando Luc\u00edlia"}]},{"@type":"WebSite","@id":"https:\/\/inclusivenews.com.br\/#website","url":"https:\/\/inclusivenews.com.br\/","name":"Inclusive News","description":"Inclusive News","publisher":{"@id":"https:\/\/inclusivenews.com.br\/#organization"},"potentialAction":[{"@type":"SearchAction","target":{"@type":"EntryPoint","urlTemplate":"https:\/\/inclusivenews.com.br\/?s={search_term_string}"},"query-input":{"@type":"PropertyValueSpecification","valueRequired":true,"valueName":"search_term_string"}}],"inLanguage":"pt-PT"},{"@type":"Organization","@id":"https:\/\/inclusivenews.com.br\/#organization","name":"Inclusive - inclus\u00e3o e cidadania","url":"https:\/\/inclusivenews.com.br\/","logo":{"@type":"ImageObject","inLanguage":"pt-PT","@id":"https:\/\/inclusivenews.com.br\/#\/schema\/logo\/image\/","url":"https:\/\/inclusivenews.com.br\/wp-content\/uploads\/2024\/03\/@grandesite.png","contentUrl":"https:\/\/inclusivenews.com.br\/wp-content\/uploads\/2024\/03\/@grandesite.png","width":1080,"height":1080,"caption":"Inclusive - inclus\u00e3o e cidadania"},"image":{"@id":"https:\/\/inclusivenews.com.br\/#\/schema\/logo\/image\/"},"sameAs":["https:\/\/www.facebook.com\/agenciainclusive\/","https:\/\/www.instagram.com\/newsinclusive\/"]},{"@type":"Person","@id":"https:\/\/inclusivenews.com.br\/#\/schema\/person\/ae4ec7087559b8692fb33b6fffd2273b","name":"inclusivenews2024","image":{"@type":"ImageObject","inLanguage":"pt-PT","@id":"https:\/\/secure.gravatar.com\/avatar\/c5a7ef84c66fa914f55bc4f7ce26cfa275a3b9a1c5568b907bd184fb4dde7b40?s=96&d=mm&r=g","url":"https:\/\/secure.gravatar.com\/avatar\/c5a7ef84c66fa914f55bc4f7ce26cfa275a3b9a1c5568b907bd184fb4dde7b40?s=96&d=mm&r=g","contentUrl":"https:\/\/secure.gravatar.com\/avatar\/c5a7ef84c66fa914f55bc4f7ce26cfa275a3b9a1c5568b907bd184fb4dde7b40?s=96&d=mm&r=g","caption":"inclusivenews2024"},"sameAs":["https:\/\/inclusivenews.com.br"],"url":"https:\/\/inclusivenews.com.br\/?author=1"}]}},"_links":{"self":[{"href":"https:\/\/inclusivenews.com.br\/index.php?rest_route=\/wp\/v2\/posts\/34269","targetHints":{"allow":["GET"]}}],"collection":[{"href":"https:\/\/inclusivenews.com.br\/index.php?rest_route=\/wp\/v2\/posts"}],"about":[{"href":"https:\/\/inclusivenews.com.br\/index.php?rest_route=\/wp\/v2\/types\/post"}],"author":[{"embeddable":true,"href":"https:\/\/inclusivenews.com.br\/index.php?rest_route=\/wp\/v2\/users\/1"}],"replies":[{"embeddable":true,"href":"https:\/\/inclusivenews.com.br\/index.php?rest_route=%2Fwp%2Fv2%2Fcomments&post=34269"}],"version-history":[{"count":1,"href":"https:\/\/inclusivenews.com.br\/index.php?rest_route=\/wp\/v2\/posts\/34269\/revisions"}],"predecessor-version":[{"id":34271,"href":"https:\/\/inclusivenews.com.br\/index.php?rest_route=\/wp\/v2\/posts\/34269\/revisions\/34271"}],"wp:featuredmedia":[{"embeddable":true,"href":"https:\/\/inclusivenews.com.br\/index.php?rest_route=\/wp\/v2\/media\/34270"}],"wp:attachment":[{"href":"https:\/\/inclusivenews.com.br\/index.php?rest_route=%2Fwp%2Fv2%2Fmedia&parent=34269"}],"wp:term":[{"taxonomy":"category","embeddable":true,"href":"https:\/\/inclusivenews.com.br\/index.php?rest_route=%2Fwp%2Fv2%2Fcategories&post=34269"},{"taxonomy":"post_tag","embeddable":true,"href":"https:\/\/inclusivenews.com.br\/index.php?rest_route=%2Fwp%2Fv2%2Ftags&post=34269"}],"curies":[{"name":"wp","href":"https:\/\/api.w.org\/{rel}","templated":true}]}}