{"id":34310,"date":"2024-12-18T14:26:38","date_gmt":"2024-12-18T14:26:38","guid":{"rendered":"https:\/\/inclusivenews.com.br\/?p=34310"},"modified":"2024-12-19T14:38:48","modified_gmt":"2024-12-19T14:38:48","slug":"intervencao-poetica-pcd-sem-bpc","status":"publish","type":"post","link":"https:\/\/inclusivenews.com.br\/?p=34310","title":{"rendered":"Interven\u00e7\u00e3o po\u00e9tica &#8220;PCD sem BPC&#8221;"},"content":{"rendered":"\n<p>Durante o encerramento da C\u00fapula da Am\u00e9rica Latina e Caribe sobre Defici\u00eancia, no dia 11 de dezembro, Thiago Odara, integrante da Associa\u00e7\u00e3o Brasileira para A\u00e7\u00e3o por Direitos das Pessoas Autistas, fez uma interven\u00e7\u00e3o po\u00e9tica chamada &#8220;PCD sem BPC&#8221;.<\/p>\n\n\n\n<p>Confira abaixo a a fala de Thiago Odara na \u00edntegra:<\/p>\n\n\n\n<p>&#8220;Sou corpo PCD<br>Corpo lgbt<br>O corpo que muitos fingem n\u00e3o v\u00ea<br>Nem \u00e9 sobre defici\u00eancia visual<br>\u00c9 a seletividade que define qual corpo tem valor e potencial<\/p>\n\n\n\n<p>Esse corpo n\u00e3o \u00e9 o meu<br>De mim esperam o sil\u00eancio<br>Quem faz nosso corpo de invis\u00edvel<br>N\u00e3o \u00e9 PCD<br>\u00c9 quem enxerga muito bem<br>Muitas vezes nem miopia tem<\/p>\n\n\n\n<p>O corpo PCD que j\u00e1 \u00e9 marginalizado<br>A necessidade de falar de pol\u00edtica e pedir acordo internacional<br>Pra ver a gente como ser humano igual<\/p>\n\n\n\n<p>Que bom poder fazer<br>Quem tem vis\u00e3o mas n\u00e3o quer ver<br>Quem tem audi\u00e7\u00e3o e n\u00e3o quer escutar<\/p>\n\n\n\n<p>Parar agora pra ver e escutar<br>nossas pautas e o que a gente falar<\/p>\n\n\n\n<p>Nossos gritos que ainda pede o b\u00e1sico da vida<br>Pedindo aqui por educa\u00e7\u00e3o<br>Com crian\u00e7a PCD com acessos negado nas escolas<br>Querem a gente at\u00e9 mesmo sem alfabetiza\u00e7\u00e3o<\/p>\n\n\n\n<p>Trabalho? quando conseguimos, \u00e9 favor que nos d\u00e1<br>Quando nos d\u00e1<br>N\u00e3o tamo no mundo vivendo igual<br>Somos corpo marginal<\/p>\n\n\n\n<p>Das mudan\u00e7as clim\u00e1tica<br>Que nem \u00e9 corpo dissidente<\/p>\n\n\n\n<p>que causa<br>Embora seja gente<\/p>\n\n\n\n<p>que gera a causa<\/p>\n\n\n\n<p>S\u00e3o os corpos dissidentes que morrem primeiro<\/p>\n\n\n\n<p>Em cada cat\u00e1strofe ambiental<br>Onde t\u00e1 acessibilidade e apoio pro corpo PCD mais marginal?<\/p>\n\n\n\n<p>Mas nem tem como falar de tudo isso sem falar de prote\u00e7\u00e3o social<br>Mas prote\u00e7\u00e3o social<br>\u00e9 contexto amplo<br>Querem tirar direitos garantido de n\u00f3s e constitucional<\/p>\n\n\n\n<p>O corpo PCD que j\u00e1 \u00e9 marginalizado,<br>Na luta por direitos,<br>um grito sufocado,<br>Dizem que n\u00e3o temos capacidade de falar por n\u00f3s<br>Querem a gente tudo calado<\/p>\n\n\n\n<p>Dos pentes finos que passam tirando benef\u00edcio que nem \u00e9 ben\u00e9fico \u00e9 repara\u00e7\u00e3o de mundo desigual<br>Novas coloca\u00e7\u00f5es do BPC<br>Parece surreal<br>que deixa corpo negro, perif\u00e9rico trans e PCD<br>Sem comida na mesa pra poder comer<\/p>\n\n\n\n<p>Do BPC c\u00eas querem tirar de milhares da gente<br>Em pente fino que diz ser tirar poss\u00edveis fraudes<\/p>\n\n\n\n<p>O pente fino que funciona como pra tirar piolho,<br>Tira quem a sociedade v\u00ea como um escolho.<\/p>\n\n\n\n<p>O negro pobre malandro<br>a pessoa trans que c\u00eas evitam at\u00e9 tocar<br>Os estere\u00f3tipos racistas e transf\u00f3bicos que insistem em perpetuar.<\/p>\n\n\n\n<p>Mas na realidade cruel e dura,<br>O pente fino passa matando quem<br>Por necessidade e pobreza<br>Nem dinheiro pro b\u00e1sico tem<\/p>\n\n\n\n<p>Chega a policia com suas armadura<br>Corpo negro \u00e9 morto<br>Por roubar um sab\u00e3o.<\/p>\n\n\n\n<p>A burocracia no processo pro BPC \u00e9 humilhante, burocr\u00e1tico, causa at\u00e9 gatilhos<br>Mas n\u00e3o importa como tratam corpos dissidentes<br>Muitos da gente<br>Tbame s\u00e3o PCD<br>mas n\u00e3o temos dinheiro nem pra escovar os dentes<\/p>\n\n\n\n<p>somos alvo de deboche e neglig\u00eancia<br>em per\u00edcia que d\u00e1 pessoa que tem vis\u00e3o e sem nenhuma defici\u00eancia<\/p>\n\n\n\n<p>nem olham no rosto da gente.<\/p>\n\n\n\n<p>N\u00e3o existe espa\u00e7o pra pobre faminto fraudar BPC<br>A gente s\u00f3 quer ter moradia e o que comer<\/p>\n\n\n\n<p>Com regras que da mulher que sofre viol\u00eancia dom\u00e9stica mas no papel \u00e9 casada<br>N\u00e3o tem nem dinheiro pra pagar o div\u00f3rcio<br>Que piada<\/p>\n\n\n\n<p>Com dor, medo e suor<br>Conseguiu morar sozinha sem ser mais espancada<br>Mas querem contar a renda do marido pra decidir se a mulher pobre pode comer e ela tem que aceitar calada<br>Possivelmente, adoecida na mente<br>De trabalhar impossibilitada<br>ou que de tanto do marido apanhar se tornou uma PCD<\/p>\n\n\n\n<p>Depender do seu abusador<br>seu direito de viver?<\/p>\n\n\n\n<p>Imagina s\u00f3, determinar em uma per\u00edcia qual corpo PCD consegue trabalhar<br>Mesmo com diagn\u00f3stico escrito as vulnerabilidade<br>Al\u00e9m de que muites de n\u00f3s n\u00e3o consegue nem na cidade circular<\/p>\n\n\n\n<p>As ruas com buraco, muito barulho, luz extrema.<br>Pessoas com defici\u00eancia nem circula direito na cidade.<br>Isso na parte central<br>N\u00e3o tem rampa nas parte centralizada<br>C\u00ea jura que tem rampa l\u00e1 nas quebrada?<\/p>\n\n\n\n<p>Vai sair pra trabalhar ou pra fazer qualquer coisa como?<br>Tem v\u00e1rias formas de fazer uma vida ceifada<\/p>\n\n\n\n<p>E de autista que tem crise com tanto est\u00edmulo e falta de acessibilidade<br>Tentam tirar at\u00e9 nossa dignidade<\/p>\n\n\n\n<p>Mas o pente fino do BPC quer fazer a gente de fome morrer<\/p>\n\n\n\n<p>PCD n\u00e3o quer mamar na teta de governo<br>A gente quer ter comida de verdade<\/p>\n\n\n\n<p>na mesa pra gente comer.<\/p>\n\n\n\n<p>Seguran\u00e7a, educa\u00e7\u00e3o, cad\u00ea a prote\u00e7\u00e3o?<\/p>\n\n\n\n<p>Onde tava tudo isso pra salvar a vida de Thainara?<\/p>\n\n\n\n<p>Dos impostos abusivos dos bancos que cobram juros desproporcional de quem j\u00e1 vive com renda m\u00ednima<br>E os bancos coagindo PCD fazer empr\u00e9stimo<br>A fome se torna ainda mais desproporcional<\/p>\n\n\n\n<p>No desespero da fome e por banco coagido<br>Voc\u00ea pega empr\u00e9stimo e a\u00ed?<br>Sal\u00e1rio m\u00ednimo pela metade passa a ser recebido<\/p>\n\n\n\n<p>Essas medidas ningu\u00e9m passa pente fino<br>O pente fino no corpo mentalmente adoecido \u00e9 pasado<br>Aquele l\u00e1 que foi colocado<br>dentro da viatura com g\u00e1s pra morrer ser ar,<br>Mentalmente adoecido<br>pela cor da sua pele foi condenado<\/p>\n\n\n\n<p>e de muitas PCD negras que s\u00e3o brutalmente assassinada<\/p>\n\n\n\n<p>A maior parte de quem recebe BPC n\u00e3o tem a minha cor<\/p>\n\n\n\n<p>Embora meu demarcador<br>De ser corpo transg\u00eanero me deixa tamb\u00e9m mais as margens<br>Brasil pa\u00eds que mais mata corpo trans<br>Viol\u00eancia quando n\u00e3o mata pode fazer pessoa sem defici\u00eancia, se tornar tamb\u00e9m PCD<br>Mas isso quem enxerga finge n\u00e3o v\u00ea<\/p>\n\n\n\n<p>E do corpo negro que \u00e9 jogado da ponte pela pol\u00edcia<br>Viol\u00eancia policial quando n\u00e3o mata<br>Tamb\u00e9m pode fazer desse corpo<br>Se tornar PCD<br>Mas corpo negro todo dia \u00e9 ceifado<br>Passa despercebido pra quem tem vis\u00e3o mas escolhe n\u00e3o ver<\/p>\n\n\n\n<p>C\u00eas querem falar de prote\u00e7\u00e3o de corpo com defici\u00eancia?<\/p>\n\n\n\n<p>Retirem S\u00f4nia Maria de Jesus da m\u00e3o dos seus algozes<br>Que aqui no Brasil justi\u00e7a achou que era melhor a mulher negra e PCD ficar na escravid\u00e3o<br>com STJ dando sua autoriza\u00e7\u00e3o<br>Mas das medidas que nos d\u00e3o direito a vida n\u00e3o tem pente fino no genoc\u00eddio.<\/p>\n\n\n\n<p>queremos a aprova\u00e7\u00e3o do PL<br>que tira o valor abusivo<br>de quem recebe sal\u00e1rio com super fatura\u00e7\u00e3o<br>N\u00e3o pente fino que tira vida dos corpos negros trans e do corpo de PCD<br>que sem o BPC<br>n\u00e3o consegue nem ter o que comer<\/p>\n\n\n\n<p>Vamo passar pente fino no genoc\u00eddio<br>N\u00e3o no corpo que j\u00e1 n\u00e3o tem acesso ao b\u00e1sico<br>E decreto determina pelo governo nosso homic\u00eddio<\/p>\n\n\n\n<p>O pente fino deve ser agindo na justi\u00e7a pra ter de S\u00f4nia a sua liberta\u00e7\u00e3o<\/p>\n\n\n\n<p>Queremos a nossa prote\u00e7\u00e3o social<\/p>\n\n\n\n<p>Nosso direito de educa\u00e7\u00e3o?<br>como estudar sem ter onde morar<br>Com prato vazio com barriga que grita no peito de fome<\/p>\n\n\n\n<p>enquanto o barulho do cora\u00e7\u00e3o diminui\u2026<\/p>\n\n\n\n<p>At\u00e9 n\u00e3o bater mais.<\/p>\n\n\n\n<p>De fome, medo, sem moradia<br>Queremos direito a equidade sem hierarquia<\/p>\n\n\n\n<p>Falo nitidamente aqui<br>Pra cada pessoa que vai nosso grito ouvir<\/p>\n\n\n\n<p>Por favor, dos direitos da popula\u00e7\u00e3o negra e pobre<br>E a popula\u00e7\u00e3o trans que at\u00e9 de forma literal, arrancam do nosso peito nosso cora\u00e7\u00e3o.<br>N\u00e3o \u00e9 analogia, arrancaram de verdade um \u00f3rg\u00e3o do peito de forma nua e fria<br>Isso \u00e9 adoecedor e surreal<br>Mais o pa\u00eds Brasil \u00e9 o que mais mata pessoas trans<br>Mas contra a transfobia n\u00e3o tem pente fino.<\/p>\n\n\n\n<p>intersec\u00e7\u00e3o PCD existe<\/p>\n\n\n\n<p>N\u00e3o \u00e9 atoa nem no acaso que a maior parte da popula\u00e7\u00e3o<br>De pessoas com defici\u00eancia no Brasil pessoas negras s\u00e3o.<\/p>\n\n\n\n<p>Cansei das pautas PCD ser o etcetera<br>E o primeiro a ser cortado a verba<\/p>\n\n\n\n<p>Pra tirar o Brasil do vermelho n\u00e3o pode ter sangue que j\u00e1 \u00e9 derramado<br>Usado pra assinar decreto que far\u00e1 nosso corpo de fome ser exterminado<\/p>\n\n\n\n<p>Por educa\u00e7\u00e3o, alfabetiza\u00e7\u00e3o e pela prote\u00e7\u00e3o social<br>Queremos ter moradia,<br>andar na rua sem medo, e ter um prato de comida e poder comer um p\u00e3o<\/p>\n\n\n\n<p>Beber \u00e1gua, mais \u00e1gua, \u00e1gua, \u00e1gua sem parar ou dormir dormir, dormir e dormir pra fome diminuir<br>Ou dormir pra sempre sendo suicidado<br>Quando acontece isso<br>Que n\u00e3o nem s\u00e3o casos isolado<br>Chamam de surto, patologia,<br>O desespero de ver vc e seu filho sem comida e moradia<\/p>\n\n\n\n<p>J\u00e1 chega disso.<\/p>\n\n\n\n<p>Por favor, n\u00e3o tirem o direito da gente viver mais n\u00e3o.&#8221;<\/p>\n\n\n\n<p>Thiago Odara<\/p>\n","protected":false},"excerpt":{"rendered":"<p>Durante o encerramento da C\u00fapula da Am\u00e9rica Latina e Caribe sobre Defici\u00eancia, no dia 11 de dezembro, Thiago Odara, integrante da Associa\u00e7\u00e3o Brasileira para A\u00e7\u00e3o por Direitos das Pessoas Autistas, fez uma interven\u00e7\u00e3o po\u00e9tica chamada &#8220;PCD sem BPC&#8221;. Confira abaixo a a fala de Thiago Odara na \u00edntegra: &#8220;Sou corpo PCDCorpo lgbtO corpo que muitos [&hellip;]<\/p>\n","protected":false},"author":1,"featured_media":34311,"comment_status":"open","ping_status":"open","sticky":false,"template":"","format":"standard","meta":{"site-container-style":"default","site-container-layout":"default","site-sidebar-layout":"default","disable-article-header":"default","disable-site-header":"default","disable-site-footer":"default","disable-content-area-spacing":"default","footnotes":""},"categories":[38],"tags":[306],"class_list":["post-34310","post","type-post","status-publish","format-standard","has-post-thumbnail","hentry","category-deficiencia","tag-bpc"],"yoast_head":"<!-- This site is optimized with the Yoast SEO plugin v27.4 - https:\/\/yoast.com\/product\/yoast-seo-wordpress\/ -->\n<title>Interven\u00e7\u00e3o po\u00e9tica &quot;PCD sem BPC&quot; -<\/title>\n<meta name=\"robots\" content=\"index, follow, max-snippet:-1, max-image-preview:large, max-video-preview:-1\" \/>\n<link rel=\"canonical\" href=\"https:\/\/inclusivenews.com.br\/?p=34310\" \/>\n<meta property=\"og:locale\" content=\"pt_PT\" \/>\n<meta property=\"og:type\" content=\"article\" \/>\n<meta property=\"og:title\" content=\"Interven\u00e7\u00e3o po\u00e9tica &quot;PCD sem BPC&quot; -\" \/>\n<meta property=\"og:description\" content=\"Durante o encerramento da C\u00fapula da Am\u00e9rica Latina e Caribe sobre Defici\u00eancia, no dia 11 de dezembro, Thiago Odara, integrante da Associa\u00e7\u00e3o Brasileira para A\u00e7\u00e3o por Direitos das Pessoas Autistas, fez uma interven\u00e7\u00e3o po\u00e9tica chamada &#8220;PCD sem BPC&#8221;. Confira abaixo a a fala de Thiago Odara na \u00edntegra: &#8220;Sou corpo PCDCorpo lgbtO corpo que muitos [&hellip;]\" \/>\n<meta property=\"og:url\" content=\"https:\/\/inclusivenews.com.br\/?p=34310\" \/>\n<meta property=\"article:publisher\" content=\"https:\/\/www.facebook.com\/agenciainclusive\/\" \/>\n<meta property=\"article:published_time\" content=\"2024-12-18T14:26:38+00:00\" \/>\n<meta property=\"article:modified_time\" content=\"2024-12-19T14:38:48+00:00\" \/>\n<meta property=\"og:image\" content=\"https:\/\/inclusivenews.com.br\/wp-content\/uploads\/2024\/12\/Pacotao-do-BPC-garante-alivio-para-Idosos-com-DEMORA-nas-aprovacoes.webp\" \/>\n\t<meta property=\"og:image:width\" content=\"2048\" \/>\n\t<meta property=\"og:image:height\" content=\"1365\" \/>\n\t<meta property=\"og:image:type\" content=\"image\/webp\" \/>\n<meta name=\"author\" content=\"inclusivenews2024\" \/>\n<meta name=\"twitter:card\" content=\"summary_large_image\" \/>\n<meta name=\"twitter:label1\" content=\"Escrito por\" \/>\n\t<meta name=\"twitter:data1\" content=\"inclusivenews2024\" \/>\n\t<meta name=\"twitter:label2\" content=\"Tempo estimado de leitura\" \/>\n\t<meta name=\"twitter:data2\" content=\"8 minutos\" \/>\n<script type=\"application\/ld+json\" class=\"yoast-schema-graph\">{\"@context\":\"https:\\\/\\\/schema.org\",\"@graph\":[{\"@type\":\"Article\",\"@id\":\"https:\\\/\\\/inclusivenews.com.br\\\/?p=34310#article\",\"isPartOf\":{\"@id\":\"https:\\\/\\\/inclusivenews.com.br\\\/?p=34310\"},\"author\":{\"name\":\"inclusivenews2024\",\"@id\":\"https:\\\/\\\/inclusivenews.com.br\\\/#\\\/schema\\\/person\\\/ae4ec7087559b8692fb33b6fffd2273b\"},\"headline\":\"Interven\u00e7\u00e3o po\u00e9tica &#8220;PCD sem BPC&#8221;\",\"datePublished\":\"2024-12-18T14:26:38+00:00\",\"dateModified\":\"2024-12-19T14:38:48+00:00\",\"mainEntityOfPage\":{\"@id\":\"https:\\\/\\\/inclusivenews.com.br\\\/?p=34310\"},\"wordCount\":1375,\"commentCount\":0,\"publisher\":{\"@id\":\"https:\\\/\\\/inclusivenews.com.br\\\/#organization\"},\"image\":{\"@id\":\"https:\\\/\\\/inclusivenews.com.br\\\/?p=34310#primaryimage\"},\"thumbnailUrl\":\"https:\\\/\\\/inclusivenews.com.br\\\/wp-content\\\/uploads\\\/2024\\\/12\\\/Pacotao-do-BPC-garante-alivio-para-Idosos-com-DEMORA-nas-aprovacoes.webp\",\"keywords\":[\"BPC\"],\"articleSection\":[\"Defici\u00eancia\"],\"inLanguage\":\"pt-PT\",\"potentialAction\":[{\"@type\":\"CommentAction\",\"name\":\"Comment\",\"target\":[\"https:\\\/\\\/inclusivenews.com.br\\\/?p=34310#respond\"]}]},{\"@type\":\"WebPage\",\"@id\":\"https:\\\/\\\/inclusivenews.com.br\\\/?p=34310\",\"url\":\"https:\\\/\\\/inclusivenews.com.br\\\/?p=34310\",\"name\":\"Interven\u00e7\u00e3o po\u00e9tica \\\"PCD sem BPC\\\" -\",\"isPartOf\":{\"@id\":\"https:\\\/\\\/inclusivenews.com.br\\\/#website\"},\"primaryImageOfPage\":{\"@id\":\"https:\\\/\\\/inclusivenews.com.br\\\/?p=34310#primaryimage\"},\"image\":{\"@id\":\"https:\\\/\\\/inclusivenews.com.br\\\/?p=34310#primaryimage\"},\"thumbnailUrl\":\"https:\\\/\\\/inclusivenews.com.br\\\/wp-content\\\/uploads\\\/2024\\\/12\\\/Pacotao-do-BPC-garante-alivio-para-Idosos-com-DEMORA-nas-aprovacoes.webp\",\"datePublished\":\"2024-12-18T14:26:38+00:00\",\"dateModified\":\"2024-12-19T14:38:48+00:00\",\"breadcrumb\":{\"@id\":\"https:\\\/\\\/inclusivenews.com.br\\\/?p=34310#breadcrumb\"},\"inLanguage\":\"pt-PT\",\"potentialAction\":[{\"@type\":\"ReadAction\",\"target\":[\"https:\\\/\\\/inclusivenews.com.br\\\/?p=34310\"]}]},{\"@type\":\"ImageObject\",\"inLanguage\":\"pt-PT\",\"@id\":\"https:\\\/\\\/inclusivenews.com.br\\\/?p=34310#primaryimage\",\"url\":\"https:\\\/\\\/inclusivenews.com.br\\\/wp-content\\\/uploads\\\/2024\\\/12\\\/Pacotao-do-BPC-garante-alivio-para-Idosos-com-DEMORA-nas-aprovacoes.webp\",\"contentUrl\":\"https:\\\/\\\/inclusivenews.com.br\\\/wp-content\\\/uploads\\\/2024\\\/12\\\/Pacotao-do-BPC-garante-alivio-para-Idosos-com-DEMORA-nas-aprovacoes.webp\",\"width\":2048,\"height\":1365},{\"@type\":\"BreadcrumbList\",\"@id\":\"https:\\\/\\\/inclusivenews.com.br\\\/?p=34310#breadcrumb\",\"itemListElement\":[{\"@type\":\"ListItem\",\"position\":1,\"name\":\"In\u00edcio\",\"item\":\"https:\\\/\\\/inclusivenews.com.br\\\/\"},{\"@type\":\"ListItem\",\"position\":2,\"name\":\"Interven\u00e7\u00e3o po\u00e9tica &#8220;PCD sem BPC&#8221;\"}]},{\"@type\":\"WebSite\",\"@id\":\"https:\\\/\\\/inclusivenews.com.br\\\/#website\",\"url\":\"https:\\\/\\\/inclusivenews.com.br\\\/\",\"name\":\"Inclusive News\",\"description\":\"Inclusive News\",\"publisher\":{\"@id\":\"https:\\\/\\\/inclusivenews.com.br\\\/#organization\"},\"potentialAction\":[{\"@type\":\"SearchAction\",\"target\":{\"@type\":\"EntryPoint\",\"urlTemplate\":\"https:\\\/\\\/inclusivenews.com.br\\\/?s={search_term_string}\"},\"query-input\":{\"@type\":\"PropertyValueSpecification\",\"valueRequired\":true,\"valueName\":\"search_term_string\"}}],\"inLanguage\":\"pt-PT\"},{\"@type\":\"Organization\",\"@id\":\"https:\\\/\\\/inclusivenews.com.br\\\/#organization\",\"name\":\"Inclusive - inclus\u00e3o e cidadania\",\"url\":\"https:\\\/\\\/inclusivenews.com.br\\\/\",\"logo\":{\"@type\":\"ImageObject\",\"inLanguage\":\"pt-PT\",\"@id\":\"https:\\\/\\\/inclusivenews.com.br\\\/#\\\/schema\\\/logo\\\/image\\\/\",\"url\":\"https:\\\/\\\/inclusivenews.com.br\\\/wp-content\\\/uploads\\\/2024\\\/03\\\/@grandesite.png\",\"contentUrl\":\"https:\\\/\\\/inclusivenews.com.br\\\/wp-content\\\/uploads\\\/2024\\\/03\\\/@grandesite.png\",\"width\":1080,\"height\":1080,\"caption\":\"Inclusive - inclus\u00e3o e cidadania\"},\"image\":{\"@id\":\"https:\\\/\\\/inclusivenews.com.br\\\/#\\\/schema\\\/logo\\\/image\\\/\"},\"sameAs\":[\"https:\\\/\\\/www.facebook.com\\\/agenciainclusive\\\/\",\"https:\\\/\\\/www.instagram.com\\\/newsinclusive\\\/\"]},{\"@type\":\"Person\",\"@id\":\"https:\\\/\\\/inclusivenews.com.br\\\/#\\\/schema\\\/person\\\/ae4ec7087559b8692fb33b6fffd2273b\",\"name\":\"inclusivenews2024\",\"image\":{\"@type\":\"ImageObject\",\"inLanguage\":\"pt-PT\",\"@id\":\"https:\\\/\\\/secure.gravatar.com\\\/avatar\\\/c5a7ef84c66fa914f55bc4f7ce26cfa275a3b9a1c5568b907bd184fb4dde7b40?s=96&d=mm&r=g\",\"url\":\"https:\\\/\\\/secure.gravatar.com\\\/avatar\\\/c5a7ef84c66fa914f55bc4f7ce26cfa275a3b9a1c5568b907bd184fb4dde7b40?s=96&d=mm&r=g\",\"contentUrl\":\"https:\\\/\\\/secure.gravatar.com\\\/avatar\\\/c5a7ef84c66fa914f55bc4f7ce26cfa275a3b9a1c5568b907bd184fb4dde7b40?s=96&d=mm&r=g\",\"caption\":\"inclusivenews2024\"},\"sameAs\":[\"https:\\\/\\\/inclusivenews.com.br\"],\"url\":\"https:\\\/\\\/inclusivenews.com.br\\\/?author=1\"}]}<\/script>\n<!-- \/ Yoast SEO plugin. -->","yoast_head_json":{"title":"Interven\u00e7\u00e3o po\u00e9tica \"PCD sem BPC\" -","robots":{"index":"index","follow":"follow","max-snippet":"max-snippet:-1","max-image-preview":"max-image-preview:large","max-video-preview":"max-video-preview:-1"},"canonical":"https:\/\/inclusivenews.com.br\/?p=34310","og_locale":"pt_PT","og_type":"article","og_title":"Interven\u00e7\u00e3o po\u00e9tica \"PCD sem BPC\" -","og_description":"Durante o encerramento da C\u00fapula da Am\u00e9rica Latina e Caribe sobre Defici\u00eancia, no dia 11 de dezembro, Thiago Odara, integrante da Associa\u00e7\u00e3o Brasileira para A\u00e7\u00e3o por Direitos das Pessoas Autistas, fez uma interven\u00e7\u00e3o po\u00e9tica chamada &#8220;PCD sem BPC&#8221;. Confira abaixo a a fala de Thiago Odara na \u00edntegra: &#8220;Sou corpo PCDCorpo lgbtO corpo que muitos [&hellip;]","og_url":"https:\/\/inclusivenews.com.br\/?p=34310","article_publisher":"https:\/\/www.facebook.com\/agenciainclusive\/","article_published_time":"2024-12-18T14:26:38+00:00","article_modified_time":"2024-12-19T14:38:48+00:00","og_image":[{"width":2048,"height":1365,"url":"https:\/\/inclusivenews.com.br\/wp-content\/uploads\/2024\/12\/Pacotao-do-BPC-garante-alivio-para-Idosos-com-DEMORA-nas-aprovacoes.webp","type":"image\/webp"}],"author":"inclusivenews2024","twitter_card":"summary_large_image","twitter_misc":{"Escrito por":"inclusivenews2024","Tempo estimado de leitura":"8 minutos"},"schema":{"@context":"https:\/\/schema.org","@graph":[{"@type":"Article","@id":"https:\/\/inclusivenews.com.br\/?p=34310#article","isPartOf":{"@id":"https:\/\/inclusivenews.com.br\/?p=34310"},"author":{"name":"inclusivenews2024","@id":"https:\/\/inclusivenews.com.br\/#\/schema\/person\/ae4ec7087559b8692fb33b6fffd2273b"},"headline":"Interven\u00e7\u00e3o po\u00e9tica &#8220;PCD sem BPC&#8221;","datePublished":"2024-12-18T14:26:38+00:00","dateModified":"2024-12-19T14:38:48+00:00","mainEntityOfPage":{"@id":"https:\/\/inclusivenews.com.br\/?p=34310"},"wordCount":1375,"commentCount":0,"publisher":{"@id":"https:\/\/inclusivenews.com.br\/#organization"},"image":{"@id":"https:\/\/inclusivenews.com.br\/?p=34310#primaryimage"},"thumbnailUrl":"https:\/\/inclusivenews.com.br\/wp-content\/uploads\/2024\/12\/Pacotao-do-BPC-garante-alivio-para-Idosos-com-DEMORA-nas-aprovacoes.webp","keywords":["BPC"],"articleSection":["Defici\u00eancia"],"inLanguage":"pt-PT","potentialAction":[{"@type":"CommentAction","name":"Comment","target":["https:\/\/inclusivenews.com.br\/?p=34310#respond"]}]},{"@type":"WebPage","@id":"https:\/\/inclusivenews.com.br\/?p=34310","url":"https:\/\/inclusivenews.com.br\/?p=34310","name":"Interven\u00e7\u00e3o po\u00e9tica \"PCD sem BPC\" -","isPartOf":{"@id":"https:\/\/inclusivenews.com.br\/#website"},"primaryImageOfPage":{"@id":"https:\/\/inclusivenews.com.br\/?p=34310#primaryimage"},"image":{"@id":"https:\/\/inclusivenews.com.br\/?p=34310#primaryimage"},"thumbnailUrl":"https:\/\/inclusivenews.com.br\/wp-content\/uploads\/2024\/12\/Pacotao-do-BPC-garante-alivio-para-Idosos-com-DEMORA-nas-aprovacoes.webp","datePublished":"2024-12-18T14:26:38+00:00","dateModified":"2024-12-19T14:38:48+00:00","breadcrumb":{"@id":"https:\/\/inclusivenews.com.br\/?p=34310#breadcrumb"},"inLanguage":"pt-PT","potentialAction":[{"@type":"ReadAction","target":["https:\/\/inclusivenews.com.br\/?p=34310"]}]},{"@type":"ImageObject","inLanguage":"pt-PT","@id":"https:\/\/inclusivenews.com.br\/?p=34310#primaryimage","url":"https:\/\/inclusivenews.com.br\/wp-content\/uploads\/2024\/12\/Pacotao-do-BPC-garante-alivio-para-Idosos-com-DEMORA-nas-aprovacoes.webp","contentUrl":"https:\/\/inclusivenews.com.br\/wp-content\/uploads\/2024\/12\/Pacotao-do-BPC-garante-alivio-para-Idosos-com-DEMORA-nas-aprovacoes.webp","width":2048,"height":1365},{"@type":"BreadcrumbList","@id":"https:\/\/inclusivenews.com.br\/?p=34310#breadcrumb","itemListElement":[{"@type":"ListItem","position":1,"name":"In\u00edcio","item":"https:\/\/inclusivenews.com.br\/"},{"@type":"ListItem","position":2,"name":"Interven\u00e7\u00e3o po\u00e9tica &#8220;PCD sem BPC&#8221;"}]},{"@type":"WebSite","@id":"https:\/\/inclusivenews.com.br\/#website","url":"https:\/\/inclusivenews.com.br\/","name":"Inclusive News","description":"Inclusive News","publisher":{"@id":"https:\/\/inclusivenews.com.br\/#organization"},"potentialAction":[{"@type":"SearchAction","target":{"@type":"EntryPoint","urlTemplate":"https:\/\/inclusivenews.com.br\/?s={search_term_string}"},"query-input":{"@type":"PropertyValueSpecification","valueRequired":true,"valueName":"search_term_string"}}],"inLanguage":"pt-PT"},{"@type":"Organization","@id":"https:\/\/inclusivenews.com.br\/#organization","name":"Inclusive - inclus\u00e3o e cidadania","url":"https:\/\/inclusivenews.com.br\/","logo":{"@type":"ImageObject","inLanguage":"pt-PT","@id":"https:\/\/inclusivenews.com.br\/#\/schema\/logo\/image\/","url":"https:\/\/inclusivenews.com.br\/wp-content\/uploads\/2024\/03\/@grandesite.png","contentUrl":"https:\/\/inclusivenews.com.br\/wp-content\/uploads\/2024\/03\/@grandesite.png","width":1080,"height":1080,"caption":"Inclusive - inclus\u00e3o e cidadania"},"image":{"@id":"https:\/\/inclusivenews.com.br\/#\/schema\/logo\/image\/"},"sameAs":["https:\/\/www.facebook.com\/agenciainclusive\/","https:\/\/www.instagram.com\/newsinclusive\/"]},{"@type":"Person","@id":"https:\/\/inclusivenews.com.br\/#\/schema\/person\/ae4ec7087559b8692fb33b6fffd2273b","name":"inclusivenews2024","image":{"@type":"ImageObject","inLanguage":"pt-PT","@id":"https:\/\/secure.gravatar.com\/avatar\/c5a7ef84c66fa914f55bc4f7ce26cfa275a3b9a1c5568b907bd184fb4dde7b40?s=96&d=mm&r=g","url":"https:\/\/secure.gravatar.com\/avatar\/c5a7ef84c66fa914f55bc4f7ce26cfa275a3b9a1c5568b907bd184fb4dde7b40?s=96&d=mm&r=g","contentUrl":"https:\/\/secure.gravatar.com\/avatar\/c5a7ef84c66fa914f55bc4f7ce26cfa275a3b9a1c5568b907bd184fb4dde7b40?s=96&d=mm&r=g","caption":"inclusivenews2024"},"sameAs":["https:\/\/inclusivenews.com.br"],"url":"https:\/\/inclusivenews.com.br\/?author=1"}]}},"_links":{"self":[{"href":"https:\/\/inclusivenews.com.br\/index.php?rest_route=\/wp\/v2\/posts\/34310","targetHints":{"allow":["GET"]}}],"collection":[{"href":"https:\/\/inclusivenews.com.br\/index.php?rest_route=\/wp\/v2\/posts"}],"about":[{"href":"https:\/\/inclusivenews.com.br\/index.php?rest_route=\/wp\/v2\/types\/post"}],"author":[{"embeddable":true,"href":"https:\/\/inclusivenews.com.br\/index.php?rest_route=\/wp\/v2\/users\/1"}],"replies":[{"embeddable":true,"href":"https:\/\/inclusivenews.com.br\/index.php?rest_route=%2Fwp%2Fv2%2Fcomments&post=34310"}],"version-history":[{"count":1,"href":"https:\/\/inclusivenews.com.br\/index.php?rest_route=\/wp\/v2\/posts\/34310\/revisions"}],"predecessor-version":[{"id":34312,"href":"https:\/\/inclusivenews.com.br\/index.php?rest_route=\/wp\/v2\/posts\/34310\/revisions\/34312"}],"wp:featuredmedia":[{"embeddable":true,"href":"https:\/\/inclusivenews.com.br\/index.php?rest_route=\/wp\/v2\/media\/34311"}],"wp:attachment":[{"href":"https:\/\/inclusivenews.com.br\/index.php?rest_route=%2Fwp%2Fv2%2Fmedia&parent=34310"}],"wp:term":[{"taxonomy":"category","embeddable":true,"href":"https:\/\/inclusivenews.com.br\/index.php?rest_route=%2Fwp%2Fv2%2Fcategories&post=34310"},{"taxonomy":"post_tag","embeddable":true,"href":"https:\/\/inclusivenews.com.br\/index.php?rest_route=%2Fwp%2Fv2%2Ftags&post=34310"}],"curies":[{"name":"wp","href":"https:\/\/api.w.org\/{rel}","templated":true}]}}