{"id":34334,"date":"2025-01-07T12:44:23","date_gmt":"2025-01-07T12:44:23","guid":{"rendered":"https:\/\/inclusivenews.com.br\/?p=34334"},"modified":"2025-01-07T12:44:23","modified_gmt":"2025-01-07T12:44:23","slug":"lideragov-destinara-vagas-a-pessoas-negras-com-deficiencia-trans-indigenas-e-quilombolas","status":"publish","type":"post","link":"https:\/\/inclusivenews.com.br\/?p=34334","title":{"rendered":"LideraGov destinar\u00e1 vagas a pessoas negras, com defici\u00eancia, trans, ind\u00edgenas e quilombolas"},"content":{"rendered":"\n<p class=\"has-yuki-font-medium-font-size\">Quinta edi\u00e7\u00e3o do programa para forma\u00e7\u00e3o de l\u00edderes do Governo Federal \u00e9 focada em Inclus\u00e3o e diversidade.<a href=\"https:\/\/facebook.com\/sharer.php?text=%C3%89%20not%C3%ADcia%20na%20AG%C3%8ANCIA%20GOV&amp;u=https:\/\/agenciagov.ebc.com.br\/noticias\/202501\/lideragov-destinara-vagas-a-pessoas-negras-com-deficiencia-trans-indigenas-e-quilombolas-1\" target=\"_blank\" rel=\"noreferrer noopener\"><\/a><a href=\"https:\/\/twitter.com\/intent\/tweet?text=%C3%89%20not%C3%ADcia%20na%20AG%C3%8ANCIA%20GOV:%20https:\/\/agenciagov.ebc.com.br\/noticias\/202501\/lideragov-destinara-vagas-a-pessoas-negras-com-deficiencia-trans-indigenas-e-quilombolas-1\" target=\"_blank\" rel=\"noreferrer noopener\"><\/a><a href=\"https:\/\/t.me\/share\/url?url=https:\/\/agenciagov.ebc.com.br\/noticias\/202501\/lideragov-destinara-vagas-a-pessoas-negras-com-deficiencia-trans-indigenas-e-quilombolas-1&amp;text=%C3%89%20not%C3%ADcia%20na%20AG%C3%8ANCIA%20GOV:%20LideraGov%20destinar%C3%A1%20vagas%20a%20pessoas%20negras,%20com%20defici%C3%AAncia,%20trans,%20ind%C3%ADgenas%20e%20quilombolas\"><\/a><a href=\"https:\/\/api.whatsapp.com\/send?text=%C3%89%20not%C3%ADcia%20na%20AG%C3%8ANCIA%20GOV%0a%0aAcesse%20o%20link:%20https:\/\/agenciagov.ebc.com.br\/noticias\/202501\/lideragov-destinara-vagas-a-pessoas-negras-com-deficiencia-trans-indigenas-e-quilombolas-1\"><\/a><a href=\"https:\/\/www.linkedin.com\/shareArticle?mini=true&amp;url=https:\/\/agenciagov.ebc.com.br\/noticias\/202501\/lideragov-destinara-vagas-a-pessoas-negras-com-deficiencia-trans-indigenas-e-quilombolas-1&amp;title=LideraGov%20destinar%C3%A1%20vagas%20a%20pessoas%20negras,%20com%20defici%C3%AAncia,%20trans,%20ind%C3%ADgenas%20e%20quilombolas&amp;summary=Quinta%20edi%C3%A7%C3%A3o%20do%20programa%20para%20forma%C3%A7%C3%A3o%20de%20l%C3%ADderes%20do%20Governo%20Federal%20%C3%A9%20focada%20em%20Inclus%C3%A3o%20e%20diversidade&amp;source=Ag%C3%AAncia%20Gov\" target=\"_blank\" rel=\"noreferrer noopener\"><\/a><\/p>\n\n\n\n<p>Importante instrumento para forma\u00e7\u00e3o de lideran\u00e7as na administra\u00e7\u00e3o p\u00fablica federal, o\u00a0LideraGOV\u00a0chega \u00e0 quinta edi\u00e7\u00e3o com foco na inclus\u00e3o e na promo\u00e7\u00e3o da diversidade.\u00a0O edital do programa foi publicado nesta\u00a0segunda-feira\u00a0(6)\u00a0<a href=\"https:\/\/lideragov.enap.gov.br\/index.php\/como-participar\">na p\u00e1gina da Escola Nacional de Administra\u00e7\u00e3o P\u00fablica (Enap)<\/a>\u00a0com 50 vagas dispon\u00edveis.\u00a0Coordenado pelo Minist\u00e9rio da Gest\u00e3o e da Inova\u00e7\u00e3o em Servi\u00e7os P\u00fablicos (MGI) e pela\u00a0Enap,\u00a0o Programa de Desenvolvimento de L\u00edderes conta, nesta edi\u00e7\u00e3o, com o apoio do Minist\u00e9rio da Igualdade Racial (MIR) e pretende avan\u00e7ar na incorpora\u00e7\u00e3o das pol\u00edticas afirmativas, previstas na Pol\u00edtica Nacional de A\u00e7\u00f5es Afirmativas do Governo Federal.<\/p>\n\n\n\n<p><strong>Na sexta-feira, 10 de janeiro, \u00e0s 14h30, uma live no canal da Enap no YouTube sobre a nova edi\u00e7\u00e3o esclarecer\u00e1 os principais pontos do edital.&nbsp;<a href=\"https:\/\/www.youtube.com\/watch?v=rTgnUMsKYjY\">Acompanhe aqui a live sobre o&nbsp;LideraGOV&nbsp;5.0<\/a><\/strong><\/p>\n\n\n\n<p>Ser\u00e3o disponibilizadas 50 vagas, distribu\u00eddas em um grupo geral de ampla concorr\u00eancia e grupos com vagas reservadas \u00e0s pessoas negras, \u00e0s pessoas com defici\u00eancia, aos ind\u00edgenas, a quilombolas e \u00e0s pessoas trans (travestis, transexuais ou transg\u00eaneras), com paridade de g\u00eanero entre homens e mulheres.<\/p>\n\n\n\n<p>As&nbsp;inscri\u00e7\u00f5es para&nbsp;LideraGOV&nbsp;5.0&nbsp;ser\u00e3o&nbsp;exclusivamente via internet,&nbsp;de forma gratuita,&nbsp;por meio do Sistema de Processos Seletivos da Enap,&nbsp;das&nbsp;14h do dia 10 de janeiro&nbsp;at\u00e9 \u00e0s&nbsp;23h45 do dia 02 de fevereiro de 2025, hor\u00e1rio de Bras\u00edlia. Para acessar o formul\u00e1rio de inscri\u00e7\u00e3o, \u00e9 necess\u00e1rio que o candidato tenha cadastro no site Gov.br. O processo seletivo ocorrer\u00e1 em tr\u00eas etapas, com avalia\u00e7\u00e3o curricular, v\u00eddeo de apresenta\u00e7\u00e3o e estudo de caso.<\/p>\n\n\n\n<p>O Programa destina-se a servidores p\u00fablicos efetivos da administra\u00e7\u00e3o p\u00fablica federal do Poder Executivo Federal, regidos pela&nbsp;Lei n\u00ba 8.112, de 11 de dezembro de 1990, portadores de diploma de n\u00edvel superior e n\u00e3o ocupantes de Cargos Comissionados Executivos (CCEs) ou Fun\u00e7\u00f5es Comissionadas Executivas (FCEs) de n\u00edvel 13 ou superior ou equivalentes.<\/p>\n\n\n\n<p><a href=\"https:\/\/www.gov.br\/servidor\/pt-br\/acesso-a-informacao\/gestao-de-pessoas\/desempenho-e-desenvolvimento-de-pessoas\/Programa\/LideraGOV\" target=\"_blank\" rel=\"noreferrer noopener\">Acesse a p\u00e1gina do&nbsp;LideraGOV&nbsp;e conhe\u00e7a mais sobre o programa<\/a>.<\/p>\n\n\n\n<p>Fonte: <a href=\"https:\/\/www.enap.gov.br\/pt\/acontece\/noticias\/lideragov-destinara-vagas-a-pessoas-negras-com-deficiencia-trans-indigenas-e-quilombolas\">https:\/\/www.enap.gov.br\/pt\/acontece\/noticias\/lideragov-destinara-vagas-a-pessoas-negras-com-deficiencia-trans-indigenas-e-quilombolas<\/a><\/p>\n","protected":false},"excerpt":{"rendered":"<p>Quinta edi\u00e7\u00e3o do programa para forma\u00e7\u00e3o de l\u00edderes do Governo Federal \u00e9 focada em Inclus\u00e3o e diversidade.<\/p>\n","protected":false},"author":1,"featured_media":34336,"comment_status":"open","ping_status":"open","sticky":false,"template":"","format":"standard","meta":{"site-container-style":"default","site-container-layout":"default","site-sidebar-layout":"default","disable-article-header":"default","disable-site-header":"default","disable-site-footer":"default","disable-content-area-spacing":"default","footnotes":""},"categories":[38],"tags":[716,715,717,100,714,713,712,272,145,718,719],"class_list":["post-34334","post","type-post","status-publish","format-standard","has-post-thumbnail","hentry","category-deficiencia","tag-enap","tag-escola-nacional-de-administracao-publica","tag-governo-federal","tag-indigenas","tag-lideragov","tag-lideragov-5-0","tag-ministerio-da-igualdade-racial","tag-pessoas-com-deficiencia","tag-quilombolas","tag-sistema-de-processos-seletivos-da-enap","tag-trans"],"yoast_head":"<!-- This site is optimized with the Yoast SEO plugin v27.4 - https:\/\/yoast.com\/product\/yoast-seo-wordpress\/ -->\n<title>LideraGov destinar\u00e1 vagas a pessoas negras, com defici\u00eancia, trans, ind\u00edgenas e quilombolas -<\/title>\n<meta name=\"robots\" content=\"index, follow, max-snippet:-1, max-image-preview:large, max-video-preview:-1\" \/>\n<link rel=\"canonical\" href=\"https:\/\/inclusivenews.com.br\/?p=34334\" \/>\n<meta property=\"og:locale\" content=\"pt_PT\" \/>\n<meta property=\"og:type\" content=\"article\" \/>\n<meta property=\"og:title\" content=\"LideraGov destinar\u00e1 vagas a pessoas negras, com defici\u00eancia, trans, ind\u00edgenas e quilombolas -\" \/>\n<meta property=\"og:description\" content=\"Quinta edi\u00e7\u00e3o do programa para forma\u00e7\u00e3o de l\u00edderes do Governo Federal \u00e9 focada em Inclus\u00e3o e diversidade.\" \/>\n<meta property=\"og:url\" content=\"https:\/\/inclusivenews.com.br\/?p=34334\" \/>\n<meta property=\"article:publisher\" content=\"https:\/\/www.facebook.com\/agenciainclusive\/\" \/>\n<meta property=\"article:published_time\" content=\"2025-01-07T12:44:23+00:00\" \/>\n<meta property=\"og:image\" content=\"https:\/\/inclusivenews.com.br\/wp-content\/uploads\/2025\/01\/1_materia_site_internaDEX_IDV_LideraGOV.png\" \/>\n\t<meta property=\"og:image:width\" content=\"1143\" \/>\n\t<meta property=\"og:image:height\" content=\"600\" \/>\n\t<meta property=\"og:image:type\" content=\"image\/png\" \/>\n<meta name=\"author\" content=\"inclusivenews2024\" \/>\n<meta name=\"twitter:card\" content=\"summary_large_image\" \/>\n<meta name=\"twitter:label1\" content=\"Escrito por\" \/>\n\t<meta name=\"twitter:data1\" content=\"inclusivenews2024\" \/>\n\t<meta name=\"twitter:label2\" content=\"Tempo estimado de leitura\" \/>\n\t<meta name=\"twitter:data2\" content=\"3 minutos\" \/>\n<script type=\"application\/ld+json\" class=\"yoast-schema-graph\">{\"@context\":\"https:\\\/\\\/schema.org\",\"@graph\":[{\"@type\":\"Article\",\"@id\":\"https:\\\/\\\/inclusivenews.com.br\\\/?p=34334#article\",\"isPartOf\":{\"@id\":\"https:\\\/\\\/inclusivenews.com.br\\\/?p=34334\"},\"author\":{\"name\":\"inclusivenews2024\",\"@id\":\"https:\\\/\\\/inclusivenews.com.br\\\/#\\\/schema\\\/person\\\/ae4ec7087559b8692fb33b6fffd2273b\"},\"headline\":\"LideraGov destinar\u00e1 vagas a pessoas negras, com defici\u00eancia, trans, ind\u00edgenas e quilombolas\",\"datePublished\":\"2025-01-07T12:44:23+00:00\",\"mainEntityOfPage\":{\"@id\":\"https:\\\/\\\/inclusivenews.com.br\\\/?p=34334\"},\"wordCount\":411,\"commentCount\":0,\"publisher\":{\"@id\":\"https:\\\/\\\/inclusivenews.com.br\\\/#organization\"},\"image\":{\"@id\":\"https:\\\/\\\/inclusivenews.com.br\\\/?p=34334#primaryimage\"},\"thumbnailUrl\":\"https:\\\/\\\/inclusivenews.com.br\\\/wp-content\\\/uploads\\\/2025\\\/01\\\/1_materia_site_internaDEX_IDV_LideraGOV.png\",\"keywords\":[\"Enap\",\"Escola Nacional de Administra\u00e7\u00e3o P\u00fablica\",\"Governo Federal\",\"Ind\u00edgenas\",\"LideraGOV\",\"LideraGOV\u00a05.0\",\"Minist\u00e9rio da Igualdade Racial\",\"pessoas com defici\u00eancia\",\"Quilombolas\",\"Sistema de Processos Seletivos da Enap\",\"trans\"],\"articleSection\":[\"Defici\u00eancia\"],\"inLanguage\":\"pt-PT\",\"potentialAction\":[{\"@type\":\"CommentAction\",\"name\":\"Comment\",\"target\":[\"https:\\\/\\\/inclusivenews.com.br\\\/?p=34334#respond\"]}]},{\"@type\":\"WebPage\",\"@id\":\"https:\\\/\\\/inclusivenews.com.br\\\/?p=34334\",\"url\":\"https:\\\/\\\/inclusivenews.com.br\\\/?p=34334\",\"name\":\"LideraGov destinar\u00e1 vagas a pessoas negras, com defici\u00eancia, trans, ind\u00edgenas e quilombolas -\",\"isPartOf\":{\"@id\":\"https:\\\/\\\/inclusivenews.com.br\\\/#website\"},\"primaryImageOfPage\":{\"@id\":\"https:\\\/\\\/inclusivenews.com.br\\\/?p=34334#primaryimage\"},\"image\":{\"@id\":\"https:\\\/\\\/inclusivenews.com.br\\\/?p=34334#primaryimage\"},\"thumbnailUrl\":\"https:\\\/\\\/inclusivenews.com.br\\\/wp-content\\\/uploads\\\/2025\\\/01\\\/1_materia_site_internaDEX_IDV_LideraGOV.png\",\"datePublished\":\"2025-01-07T12:44:23+00:00\",\"breadcrumb\":{\"@id\":\"https:\\\/\\\/inclusivenews.com.br\\\/?p=34334#breadcrumb\"},\"inLanguage\":\"pt-PT\",\"potentialAction\":[{\"@type\":\"ReadAction\",\"target\":[\"https:\\\/\\\/inclusivenews.com.br\\\/?p=34334\"]}]},{\"@type\":\"ImageObject\",\"inLanguage\":\"pt-PT\",\"@id\":\"https:\\\/\\\/inclusivenews.com.br\\\/?p=34334#primaryimage\",\"url\":\"https:\\\/\\\/inclusivenews.com.br\\\/wp-content\\\/uploads\\\/2025\\\/01\\\/1_materia_site_internaDEX_IDV_LideraGOV.png\",\"contentUrl\":\"https:\\\/\\\/inclusivenews.com.br\\\/wp-content\\\/uploads\\\/2025\\\/01\\\/1_materia_site_internaDEX_IDV_LideraGOV.png\",\"width\":1143,\"height\":600},{\"@type\":\"BreadcrumbList\",\"@id\":\"https:\\\/\\\/inclusivenews.com.br\\\/?p=34334#breadcrumb\",\"itemListElement\":[{\"@type\":\"ListItem\",\"position\":1,\"name\":\"In\u00edcio\",\"item\":\"https:\\\/\\\/inclusivenews.com.br\\\/\"},{\"@type\":\"ListItem\",\"position\":2,\"name\":\"LideraGov destinar\u00e1 vagas a pessoas negras, com defici\u00eancia, trans, ind\u00edgenas e quilombolas\"}]},{\"@type\":\"WebSite\",\"@id\":\"https:\\\/\\\/inclusivenews.com.br\\\/#website\",\"url\":\"https:\\\/\\\/inclusivenews.com.br\\\/\",\"name\":\"Inclusive News\",\"description\":\"Inclusive News\",\"publisher\":{\"@id\":\"https:\\\/\\\/inclusivenews.com.br\\\/#organization\"},\"potentialAction\":[{\"@type\":\"SearchAction\",\"target\":{\"@type\":\"EntryPoint\",\"urlTemplate\":\"https:\\\/\\\/inclusivenews.com.br\\\/?s={search_term_string}\"},\"query-input\":{\"@type\":\"PropertyValueSpecification\",\"valueRequired\":true,\"valueName\":\"search_term_string\"}}],\"inLanguage\":\"pt-PT\"},{\"@type\":\"Organization\",\"@id\":\"https:\\\/\\\/inclusivenews.com.br\\\/#organization\",\"name\":\"Inclusive - inclus\u00e3o e cidadania\",\"url\":\"https:\\\/\\\/inclusivenews.com.br\\\/\",\"logo\":{\"@type\":\"ImageObject\",\"inLanguage\":\"pt-PT\",\"@id\":\"https:\\\/\\\/inclusivenews.com.br\\\/#\\\/schema\\\/logo\\\/image\\\/\",\"url\":\"https:\\\/\\\/inclusivenews.com.br\\\/wp-content\\\/uploads\\\/2024\\\/03\\\/@grandesite.png\",\"contentUrl\":\"https:\\\/\\\/inclusivenews.com.br\\\/wp-content\\\/uploads\\\/2024\\\/03\\\/@grandesite.png\",\"width\":1080,\"height\":1080,\"caption\":\"Inclusive - inclus\u00e3o e cidadania\"},\"image\":{\"@id\":\"https:\\\/\\\/inclusivenews.com.br\\\/#\\\/schema\\\/logo\\\/image\\\/\"},\"sameAs\":[\"https:\\\/\\\/www.facebook.com\\\/agenciainclusive\\\/\",\"https:\\\/\\\/www.instagram.com\\\/newsinclusive\\\/\"]},{\"@type\":\"Person\",\"@id\":\"https:\\\/\\\/inclusivenews.com.br\\\/#\\\/schema\\\/person\\\/ae4ec7087559b8692fb33b6fffd2273b\",\"name\":\"inclusivenews2024\",\"image\":{\"@type\":\"ImageObject\",\"inLanguage\":\"pt-PT\",\"@id\":\"https:\\\/\\\/secure.gravatar.com\\\/avatar\\\/c5a7ef84c66fa914f55bc4f7ce26cfa275a3b9a1c5568b907bd184fb4dde7b40?s=96&d=mm&r=g\",\"url\":\"https:\\\/\\\/secure.gravatar.com\\\/avatar\\\/c5a7ef84c66fa914f55bc4f7ce26cfa275a3b9a1c5568b907bd184fb4dde7b40?s=96&d=mm&r=g\",\"contentUrl\":\"https:\\\/\\\/secure.gravatar.com\\\/avatar\\\/c5a7ef84c66fa914f55bc4f7ce26cfa275a3b9a1c5568b907bd184fb4dde7b40?s=96&d=mm&r=g\",\"caption\":\"inclusivenews2024\"},\"sameAs\":[\"https:\\\/\\\/inclusivenews.com.br\"],\"url\":\"https:\\\/\\\/inclusivenews.com.br\\\/?author=1\"}]}<\/script>\n<!-- \/ Yoast SEO plugin. -->","yoast_head_json":{"title":"LideraGov destinar\u00e1 vagas a pessoas negras, com defici\u00eancia, trans, ind\u00edgenas e quilombolas -","robots":{"index":"index","follow":"follow","max-snippet":"max-snippet:-1","max-image-preview":"max-image-preview:large","max-video-preview":"max-video-preview:-1"},"canonical":"https:\/\/inclusivenews.com.br\/?p=34334","og_locale":"pt_PT","og_type":"article","og_title":"LideraGov destinar\u00e1 vagas a pessoas negras, com defici\u00eancia, trans, ind\u00edgenas e quilombolas -","og_description":"Quinta edi\u00e7\u00e3o do programa para forma\u00e7\u00e3o de l\u00edderes do Governo Federal \u00e9 focada em Inclus\u00e3o e diversidade.","og_url":"https:\/\/inclusivenews.com.br\/?p=34334","article_publisher":"https:\/\/www.facebook.com\/agenciainclusive\/","article_published_time":"2025-01-07T12:44:23+00:00","og_image":[{"width":1143,"height":600,"url":"https:\/\/inclusivenews.com.br\/wp-content\/uploads\/2025\/01\/1_materia_site_internaDEX_IDV_LideraGOV.png","type":"image\/png"}],"author":"inclusivenews2024","twitter_card":"summary_large_image","twitter_misc":{"Escrito por":"inclusivenews2024","Tempo estimado de leitura":"3 minutos"},"schema":{"@context":"https:\/\/schema.org","@graph":[{"@type":"Article","@id":"https:\/\/inclusivenews.com.br\/?p=34334#article","isPartOf":{"@id":"https:\/\/inclusivenews.com.br\/?p=34334"},"author":{"name":"inclusivenews2024","@id":"https:\/\/inclusivenews.com.br\/#\/schema\/person\/ae4ec7087559b8692fb33b6fffd2273b"},"headline":"LideraGov destinar\u00e1 vagas a pessoas negras, com defici\u00eancia, trans, ind\u00edgenas e quilombolas","datePublished":"2025-01-07T12:44:23+00:00","mainEntityOfPage":{"@id":"https:\/\/inclusivenews.com.br\/?p=34334"},"wordCount":411,"commentCount":0,"publisher":{"@id":"https:\/\/inclusivenews.com.br\/#organization"},"image":{"@id":"https:\/\/inclusivenews.com.br\/?p=34334#primaryimage"},"thumbnailUrl":"https:\/\/inclusivenews.com.br\/wp-content\/uploads\/2025\/01\/1_materia_site_internaDEX_IDV_LideraGOV.png","keywords":["Enap","Escola Nacional de Administra\u00e7\u00e3o P\u00fablica","Governo Federal","Ind\u00edgenas","LideraGOV","LideraGOV\u00a05.0","Minist\u00e9rio da Igualdade Racial","pessoas com defici\u00eancia","Quilombolas","Sistema de Processos Seletivos da Enap","trans"],"articleSection":["Defici\u00eancia"],"inLanguage":"pt-PT","potentialAction":[{"@type":"CommentAction","name":"Comment","target":["https:\/\/inclusivenews.com.br\/?p=34334#respond"]}]},{"@type":"WebPage","@id":"https:\/\/inclusivenews.com.br\/?p=34334","url":"https:\/\/inclusivenews.com.br\/?p=34334","name":"LideraGov destinar\u00e1 vagas a pessoas negras, com defici\u00eancia, trans, ind\u00edgenas e quilombolas -","isPartOf":{"@id":"https:\/\/inclusivenews.com.br\/#website"},"primaryImageOfPage":{"@id":"https:\/\/inclusivenews.com.br\/?p=34334#primaryimage"},"image":{"@id":"https:\/\/inclusivenews.com.br\/?p=34334#primaryimage"},"thumbnailUrl":"https:\/\/inclusivenews.com.br\/wp-content\/uploads\/2025\/01\/1_materia_site_internaDEX_IDV_LideraGOV.png","datePublished":"2025-01-07T12:44:23+00:00","breadcrumb":{"@id":"https:\/\/inclusivenews.com.br\/?p=34334#breadcrumb"},"inLanguage":"pt-PT","potentialAction":[{"@type":"ReadAction","target":["https:\/\/inclusivenews.com.br\/?p=34334"]}]},{"@type":"ImageObject","inLanguage":"pt-PT","@id":"https:\/\/inclusivenews.com.br\/?p=34334#primaryimage","url":"https:\/\/inclusivenews.com.br\/wp-content\/uploads\/2025\/01\/1_materia_site_internaDEX_IDV_LideraGOV.png","contentUrl":"https:\/\/inclusivenews.com.br\/wp-content\/uploads\/2025\/01\/1_materia_site_internaDEX_IDV_LideraGOV.png","width":1143,"height":600},{"@type":"BreadcrumbList","@id":"https:\/\/inclusivenews.com.br\/?p=34334#breadcrumb","itemListElement":[{"@type":"ListItem","position":1,"name":"In\u00edcio","item":"https:\/\/inclusivenews.com.br\/"},{"@type":"ListItem","position":2,"name":"LideraGov destinar\u00e1 vagas a pessoas negras, com defici\u00eancia, trans, ind\u00edgenas e quilombolas"}]},{"@type":"WebSite","@id":"https:\/\/inclusivenews.com.br\/#website","url":"https:\/\/inclusivenews.com.br\/","name":"Inclusive News","description":"Inclusive News","publisher":{"@id":"https:\/\/inclusivenews.com.br\/#organization"},"potentialAction":[{"@type":"SearchAction","target":{"@type":"EntryPoint","urlTemplate":"https:\/\/inclusivenews.com.br\/?s={search_term_string}"},"query-input":{"@type":"PropertyValueSpecification","valueRequired":true,"valueName":"search_term_string"}}],"inLanguage":"pt-PT"},{"@type":"Organization","@id":"https:\/\/inclusivenews.com.br\/#organization","name":"Inclusive - inclus\u00e3o e cidadania","url":"https:\/\/inclusivenews.com.br\/","logo":{"@type":"ImageObject","inLanguage":"pt-PT","@id":"https:\/\/inclusivenews.com.br\/#\/schema\/logo\/image\/","url":"https:\/\/inclusivenews.com.br\/wp-content\/uploads\/2024\/03\/@grandesite.png","contentUrl":"https:\/\/inclusivenews.com.br\/wp-content\/uploads\/2024\/03\/@grandesite.png","width":1080,"height":1080,"caption":"Inclusive - inclus\u00e3o e cidadania"},"image":{"@id":"https:\/\/inclusivenews.com.br\/#\/schema\/logo\/image\/"},"sameAs":["https:\/\/www.facebook.com\/agenciainclusive\/","https:\/\/www.instagram.com\/newsinclusive\/"]},{"@type":"Person","@id":"https:\/\/inclusivenews.com.br\/#\/schema\/person\/ae4ec7087559b8692fb33b6fffd2273b","name":"inclusivenews2024","image":{"@type":"ImageObject","inLanguage":"pt-PT","@id":"https:\/\/secure.gravatar.com\/avatar\/c5a7ef84c66fa914f55bc4f7ce26cfa275a3b9a1c5568b907bd184fb4dde7b40?s=96&d=mm&r=g","url":"https:\/\/secure.gravatar.com\/avatar\/c5a7ef84c66fa914f55bc4f7ce26cfa275a3b9a1c5568b907bd184fb4dde7b40?s=96&d=mm&r=g","contentUrl":"https:\/\/secure.gravatar.com\/avatar\/c5a7ef84c66fa914f55bc4f7ce26cfa275a3b9a1c5568b907bd184fb4dde7b40?s=96&d=mm&r=g","caption":"inclusivenews2024"},"sameAs":["https:\/\/inclusivenews.com.br"],"url":"https:\/\/inclusivenews.com.br\/?author=1"}]}},"_links":{"self":[{"href":"https:\/\/inclusivenews.com.br\/index.php?rest_route=\/wp\/v2\/posts\/34334","targetHints":{"allow":["GET"]}}],"collection":[{"href":"https:\/\/inclusivenews.com.br\/index.php?rest_route=\/wp\/v2\/posts"}],"about":[{"href":"https:\/\/inclusivenews.com.br\/index.php?rest_route=\/wp\/v2\/types\/post"}],"author":[{"embeddable":true,"href":"https:\/\/inclusivenews.com.br\/index.php?rest_route=\/wp\/v2\/users\/1"}],"replies":[{"embeddable":true,"href":"https:\/\/inclusivenews.com.br\/index.php?rest_route=%2Fwp%2Fv2%2Fcomments&post=34334"}],"version-history":[{"count":1,"href":"https:\/\/inclusivenews.com.br\/index.php?rest_route=\/wp\/v2\/posts\/34334\/revisions"}],"predecessor-version":[{"id":34337,"href":"https:\/\/inclusivenews.com.br\/index.php?rest_route=\/wp\/v2\/posts\/34334\/revisions\/34337"}],"wp:featuredmedia":[{"embeddable":true,"href":"https:\/\/inclusivenews.com.br\/index.php?rest_route=\/wp\/v2\/media\/34336"}],"wp:attachment":[{"href":"https:\/\/inclusivenews.com.br\/index.php?rest_route=%2Fwp%2Fv2%2Fmedia&parent=34334"}],"wp:term":[{"taxonomy":"category","embeddable":true,"href":"https:\/\/inclusivenews.com.br\/index.php?rest_route=%2Fwp%2Fv2%2Fcategories&post=34334"},{"taxonomy":"post_tag","embeddable":true,"href":"https:\/\/inclusivenews.com.br\/index.php?rest_route=%2Fwp%2Fv2%2Ftags&post=34334"}],"curies":[{"name":"wp","href":"https:\/\/api.w.org\/{rel}","templated":true}]}}