{"id":34381,"date":"2025-02-04T01:01:00","date_gmt":"2025-02-04T01:01:00","guid":{"rendered":"https:\/\/inclusivenews.com.br\/?p=34381"},"modified":"2025-02-05T13:41:25","modified_gmt":"2025-02-05T13:41:25","slug":"diversidade-equidade-e-inclusao-no-show-da-alegria-podcast-acessando-lucilia","status":"publish","type":"post","link":"https:\/\/inclusivenews.com.br\/?p=34381","title":{"rendered":"Diversidade, Equidade e Inclus\u00e3o no Show da Alegria \u2013 Podcast Acessando Luc\u00edlia"},"content":{"rendered":"\n<p>Fevereiro chegou e o Podcast Acessando Luc\u00edlia est\u00e1 de volta. Neste primeiro programa de 2025, ter\u00e7a-feira, 04\/02, o tema de estreia \u00e9 o carnaval, esse espet\u00e1culo incr\u00edvel que faz a cabe\u00e7a e mexe com o corpo de todas as pessoas, trazendo fantasia, paix\u00e3o e magia.<\/p>\n\n\n\n<p>Partindo da ideia de que carnaval tamb\u00e9m \u00e9 inclus\u00e3o, abram alas que a bandeira da acessibilidade vai tomar conta do peda\u00e7o. Para esta conversa vamos receber os animados foli\u00f5es da Embaixadores da Alegria, a primeira escola de samba do mundo voltada para pessoas com defici\u00eancia, que pela 17\u00aa vez abrir\u00e1 o desfile das escolas campe\u00e3s no Samb\u00f3dromo da Marqu\u00eas de Sapuca\u00ed com o enredo \u201cO casamento entre o C\u00e9u e a Terra\u201d, baseado no livro de Leonardo Boff. <\/p>\n\n\n\n<p>O tema busca exaltar a import\u00e2ncia dos povos origin\u00e1rios e a preserva\u00e7\u00e3o do meio ambiente, trazendo para a avenida uma mensagem de respeito \u00e0 natureza e \u00e0 ancestralidade. Xande de Pilares, vencedor do Grammy Latino de melhor \u00e1lbum de samba\/pagode assina o samba-enredo junto com Gilson Bernini e Clovis P\u00ea.<br><\/p>\n\n\n\n<p><strong>Os Nossos convidados s\u00e3o: <\/strong><\/p>\n\n\n\n<p>Ana Beatriz Viana, mulher cadeirante, carioca, engenheira ambiental, analista do Programa de \u00c9tica e Complaince, foi bailarina do grupo Giro e vai estrear na Comiss\u00e3o de frente da Embaixadores;<\/p>\n\n\n\n<p>Paul Davies, ingl\u00eas, diretor e entusiasta da Embaixadores da Alegria, sempre atuou em projetos sociais e \u00e9 carnavalesco: cria enredos e todo ano monta a Escola de Samba Embaixadores da Alegria para abrir o Desfile das Campe\u00e3s, com mais de 1.500 foli\u00f5es com todos os tipos de defici\u00eancia.<\/p>\n\n\n\n<p><br>Soyane Vargas, respons\u00e1vel pela Comiss\u00e3o de frente da Embaixadores; fundadora, diretora e core\u00f3grafa da Cia Holos de dan\u00e7a sobre rodas; mestre em Educa\u00e7\u00e3o (linha de pesquisa em educa\u00e7\u00e3o especial) pela Universidade do Estado do Rio de Janeiro (UERJ); professora na Funda\u00e7\u00e3o Municipal de Educa\u00e7\u00e3o de Niter\u00f3i e do Centro Cultural Henrique Lage, da Funda\u00e7\u00e3o de Apoio \u00e0 Escola T\u00e9cnica (FAETEC).<\/p>\n\n\n\n<p>O bate-papo, que \u00e9 uma parceria com a Inclusive News, conta com int\u00e9rprete de libras e \u00e9 transmitido toda ter\u00e7a-feira, \u00e0s 18h, no canal do ACESSANDO LUC\u00cdLIA no Youtube: <a href=\"https:\/\/www.youtube.com\/@acessandolucilia5059\">https:\/\/www.youtube.com\/@acessandolucilia5059<\/a> e nas redes da Web R\u00e1dio Censura Livre, no Youtube, no Facebook, no site (www.clwebradio.com) e no aplicativo: RadiosNet (<a href=\"http:\/\/l.radios.com.br\/r\/100204\">http:\/\/l.radios.com.br\/r\/100204<\/a>).<\/p>\n\n\n\n<p>O programa tamb\u00e9m \u00e9 retransmitido no mesmo hor\u00e1rio na R\u00e1dio Criativa de Muria\u00e9-MG e no canal Gernika_art against fascism &#8211; Liga de Comunica\u00e7\u00e3o Internacionalista de Portugal, no YouTube. E \u00e0s quartas-feiras, 15h, na Radio Comunidade Friburgo 104.9 FM, de Nova Friburgo-RJ.<\/p>\n","protected":false},"excerpt":{"rendered":"<p>Fevereiro chegou e o Podcast Acessando Luc\u00edlia est\u00e1 de volta. Neste primeiro programa de 2025, ter\u00e7a-feira, 04\/02, o tema de estreia \u00e9 o carnaval, esse espet\u00e1culo incr\u00edvel que faz a cabe\u00e7a e mexe com o corpo de todas as pessoas, trazendo fantasia, paix\u00e3o e magia. Partindo da ideia de que carnaval tamb\u00e9m \u00e9 inclus\u00e3o, abram [&hellip;]<\/p>\n","protected":false},"author":1,"featured_media":34382,"comment_status":"open","ping_status":"open","sticky":false,"template":"","format":"standard","meta":{"site-container-style":"default","site-container-layout":"default","site-sidebar-layout":"default","disable-article-header":"default","disable-site-header":"default","disable-site-footer":"default","disable-content-area-spacing":"default","footnotes":""},"categories":[470],"tags":[547,305,237,734,735,487,521,522],"class_list":["post-34381","post","type-post","status-publish","format-standard","has-post-thumbnail","hentry","category-podcast","tag-acessando-lucilia","tag-acessibilidade-cultural","tag-carnaval","tag-carnaval-2025","tag-embaixadores-da-alegria","tag-pcd","tag-podcast","tag-podcast-acessando-lucilia"],"yoast_head":"<!-- This site is optimized with the Yoast SEO plugin v27.5 - https:\/\/yoast.com\/product\/yoast-seo-wordpress\/ -->\n<title>Diversidade, Equidade e Inclus\u00e3o no Show da Alegria \u2013 Podcast Acessando Luc\u00edlia -<\/title>\n<meta name=\"robots\" content=\"index, follow, max-snippet:-1, max-image-preview:large, max-video-preview:-1\" \/>\n<link rel=\"canonical\" href=\"https:\/\/inclusivenews.com.br\/?p=34381\" \/>\n<meta property=\"og:locale\" content=\"pt_PT\" \/>\n<meta property=\"og:type\" content=\"article\" \/>\n<meta property=\"og:title\" content=\"Diversidade, Equidade e Inclus\u00e3o no Show da Alegria \u2013 Podcast Acessando Luc\u00edlia -\" \/>\n<meta property=\"og:description\" content=\"Fevereiro chegou e o Podcast Acessando Luc\u00edlia est\u00e1 de volta. Neste primeiro programa de 2025, ter\u00e7a-feira, 04\/02, o tema de estreia \u00e9 o carnaval, esse espet\u00e1culo incr\u00edvel que faz a cabe\u00e7a e mexe com o corpo de todas as pessoas, trazendo fantasia, paix\u00e3o e magia. Partindo da ideia de que carnaval tamb\u00e9m \u00e9 inclus\u00e3o, abram [&hellip;]\" \/>\n<meta property=\"og:url\" content=\"https:\/\/inclusivenews.com.br\/?p=34381\" \/>\n<meta property=\"article:publisher\" content=\"https:\/\/www.facebook.com\/agenciainclusive\/\" \/>\n<meta property=\"article:published_time\" content=\"2025-02-04T01:01:00+00:00\" \/>\n<meta property=\"article:modified_time\" content=\"2025-02-05T13:41:25+00:00\" \/>\n<meta property=\"og:image\" content=\"https:\/\/inclusivenews.com.br\/wp-content\/uploads\/2025\/02\/1_whatsapp_image_2022_04_29_at_11_04_38-25059359-e1738762626666.jpeg\" \/>\n\t<meta property=\"og:image:width\" content=\"1002\" \/>\n\t<meta property=\"og:image:height\" content=\"668\" \/>\n\t<meta property=\"og:image:type\" content=\"image\/jpeg\" \/>\n<meta name=\"author\" content=\"inclusivenews2024\" \/>\n<meta name=\"twitter:card\" content=\"summary_large_image\" \/>\n<meta name=\"twitter:label1\" content=\"Escrito por\" \/>\n\t<meta name=\"twitter:data1\" content=\"inclusivenews2024\" \/>\n\t<meta name=\"twitter:label2\" content=\"Tempo estimado de leitura\" \/>\n\t<meta name=\"twitter:data2\" content=\"3 minutos\" \/>\n<script type=\"application\/ld+json\" class=\"yoast-schema-graph\">{\"@context\":\"https:\\\/\\\/schema.org\",\"@graph\":[{\"@type\":\"Article\",\"@id\":\"https:\\\/\\\/inclusivenews.com.br\\\/?p=34381#article\",\"isPartOf\":{\"@id\":\"https:\\\/\\\/inclusivenews.com.br\\\/?p=34381\"},\"author\":{\"name\":\"inclusivenews2024\",\"@id\":\"https:\\\/\\\/inclusivenews.com.br\\\/#\\\/schema\\\/person\\\/ae4ec7087559b8692fb33b6fffd2273b\"},\"headline\":\"Diversidade, Equidade e Inclus\u00e3o no Show da Alegria \u2013 Podcast Acessando Luc\u00edlia\",\"datePublished\":\"2025-02-04T01:01:00+00:00\",\"dateModified\":\"2025-02-05T13:41:25+00:00\",\"mainEntityOfPage\":{\"@id\":\"https:\\\/\\\/inclusivenews.com.br\\\/?p=34381\"},\"wordCount\":461,\"commentCount\":0,\"publisher\":{\"@id\":\"https:\\\/\\\/inclusivenews.com.br\\\/#organization\"},\"image\":{\"@id\":\"https:\\\/\\\/inclusivenews.com.br\\\/?p=34381#primaryimage\"},\"thumbnailUrl\":\"https:\\\/\\\/inclusivenews.com.br\\\/wp-content\\\/uploads\\\/2025\\\/02\\\/1_whatsapp_image_2022_04_29_at_11_04_38-25059359-e1738762626666.jpeg\",\"keywords\":[\"Acessando Luc\u00edlia\",\"Acessibilidade cultural\",\"carnaval\",\"carnaval 2025\",\"Embaixadores da Alegria\",\"PcD\",\"Podcast\",\"Podcast Acessando Luc\u00edlia\"],\"articleSection\":[\"PODCAST\"],\"inLanguage\":\"pt-PT\",\"potentialAction\":[{\"@type\":\"CommentAction\",\"name\":\"Comment\",\"target\":[\"https:\\\/\\\/inclusivenews.com.br\\\/?p=34381#respond\"]}]},{\"@type\":\"WebPage\",\"@id\":\"https:\\\/\\\/inclusivenews.com.br\\\/?p=34381\",\"url\":\"https:\\\/\\\/inclusivenews.com.br\\\/?p=34381\",\"name\":\"Diversidade, Equidade e Inclus\u00e3o no Show da Alegria \u2013 Podcast Acessando Luc\u00edlia -\",\"isPartOf\":{\"@id\":\"https:\\\/\\\/inclusivenews.com.br\\\/#website\"},\"primaryImageOfPage\":{\"@id\":\"https:\\\/\\\/inclusivenews.com.br\\\/?p=34381#primaryimage\"},\"image\":{\"@id\":\"https:\\\/\\\/inclusivenews.com.br\\\/?p=34381#primaryimage\"},\"thumbnailUrl\":\"https:\\\/\\\/inclusivenews.com.br\\\/wp-content\\\/uploads\\\/2025\\\/02\\\/1_whatsapp_image_2022_04_29_at_11_04_38-25059359-e1738762626666.jpeg\",\"datePublished\":\"2025-02-04T01:01:00+00:00\",\"dateModified\":\"2025-02-05T13:41:25+00:00\",\"breadcrumb\":{\"@id\":\"https:\\\/\\\/inclusivenews.com.br\\\/?p=34381#breadcrumb\"},\"inLanguage\":\"pt-PT\",\"potentialAction\":[{\"@type\":\"ReadAction\",\"target\":[\"https:\\\/\\\/inclusivenews.com.br\\\/?p=34381\"]}]},{\"@type\":\"ImageObject\",\"inLanguage\":\"pt-PT\",\"@id\":\"https:\\\/\\\/inclusivenews.com.br\\\/?p=34381#primaryimage\",\"url\":\"https:\\\/\\\/inclusivenews.com.br\\\/wp-content\\\/uploads\\\/2025\\\/02\\\/1_whatsapp_image_2022_04_29_at_11_04_38-25059359-e1738762626666.jpeg\",\"contentUrl\":\"https:\\\/\\\/inclusivenews.com.br\\\/wp-content\\\/uploads\\\/2025\\\/02\\\/1_whatsapp_image_2022_04_29_at_11_04_38-25059359-e1738762626666.jpeg\",\"width\":1002,\"height\":668},{\"@type\":\"BreadcrumbList\",\"@id\":\"https:\\\/\\\/inclusivenews.com.br\\\/?p=34381#breadcrumb\",\"itemListElement\":[{\"@type\":\"ListItem\",\"position\":1,\"name\":\"In\u00edcio\",\"item\":\"https:\\\/\\\/inclusivenews.com.br\\\/\"},{\"@type\":\"ListItem\",\"position\":2,\"name\":\"Diversidade, Equidade e Inclus\u00e3o no Show da Alegria \u2013 Podcast Acessando Luc\u00edlia\"}]},{\"@type\":\"WebSite\",\"@id\":\"https:\\\/\\\/inclusivenews.com.br\\\/#website\",\"url\":\"https:\\\/\\\/inclusivenews.com.br\\\/\",\"name\":\"Inclusive News\",\"description\":\"Inclusive News\",\"publisher\":{\"@id\":\"https:\\\/\\\/inclusivenews.com.br\\\/#organization\"},\"potentialAction\":[{\"@type\":\"SearchAction\",\"target\":{\"@type\":\"EntryPoint\",\"urlTemplate\":\"https:\\\/\\\/inclusivenews.com.br\\\/?s={search_term_string}\"},\"query-input\":{\"@type\":\"PropertyValueSpecification\",\"valueRequired\":true,\"valueName\":\"search_term_string\"}}],\"inLanguage\":\"pt-PT\"},{\"@type\":\"Organization\",\"@id\":\"https:\\\/\\\/inclusivenews.com.br\\\/#organization\",\"name\":\"Inclusive - inclus\u00e3o e cidadania\",\"url\":\"https:\\\/\\\/inclusivenews.com.br\\\/\",\"logo\":{\"@type\":\"ImageObject\",\"inLanguage\":\"pt-PT\",\"@id\":\"https:\\\/\\\/inclusivenews.com.br\\\/#\\\/schema\\\/logo\\\/image\\\/\",\"url\":\"https:\\\/\\\/inclusivenews.com.br\\\/wp-content\\\/uploads\\\/2024\\\/03\\\/@grandesite.png\",\"contentUrl\":\"https:\\\/\\\/inclusivenews.com.br\\\/wp-content\\\/uploads\\\/2024\\\/03\\\/@grandesite.png\",\"width\":1080,\"height\":1080,\"caption\":\"Inclusive - inclus\u00e3o e cidadania\"},\"image\":{\"@id\":\"https:\\\/\\\/inclusivenews.com.br\\\/#\\\/schema\\\/logo\\\/image\\\/\"},\"sameAs\":[\"https:\\\/\\\/www.facebook.com\\\/agenciainclusive\\\/\",\"https:\\\/\\\/www.instagram.com\\\/newsinclusive\\\/\"]},{\"@type\":\"Person\",\"@id\":\"https:\\\/\\\/inclusivenews.com.br\\\/#\\\/schema\\\/person\\\/ae4ec7087559b8692fb33b6fffd2273b\",\"name\":\"inclusivenews2024\",\"image\":{\"@type\":\"ImageObject\",\"inLanguage\":\"pt-PT\",\"@id\":\"https:\\\/\\\/secure.gravatar.com\\\/avatar\\\/c5a7ef84c66fa914f55bc4f7ce26cfa275a3b9a1c5568b907bd184fb4dde7b40?s=96&d=mm&r=g\",\"url\":\"https:\\\/\\\/secure.gravatar.com\\\/avatar\\\/c5a7ef84c66fa914f55bc4f7ce26cfa275a3b9a1c5568b907bd184fb4dde7b40?s=96&d=mm&r=g\",\"contentUrl\":\"https:\\\/\\\/secure.gravatar.com\\\/avatar\\\/c5a7ef84c66fa914f55bc4f7ce26cfa275a3b9a1c5568b907bd184fb4dde7b40?s=96&d=mm&r=g\",\"caption\":\"inclusivenews2024\"},\"sameAs\":[\"https:\\\/\\\/inclusivenews.com.br\"],\"url\":\"https:\\\/\\\/inclusivenews.com.br\\\/?author=1\"}]}<\/script>\n<!-- \/ Yoast SEO plugin. -->","yoast_head_json":{"title":"Diversidade, Equidade e Inclus\u00e3o no Show da Alegria \u2013 Podcast Acessando Luc\u00edlia -","robots":{"index":"index","follow":"follow","max-snippet":"max-snippet:-1","max-image-preview":"max-image-preview:large","max-video-preview":"max-video-preview:-1"},"canonical":"https:\/\/inclusivenews.com.br\/?p=34381","og_locale":"pt_PT","og_type":"article","og_title":"Diversidade, Equidade e Inclus\u00e3o no Show da Alegria \u2013 Podcast Acessando Luc\u00edlia -","og_description":"Fevereiro chegou e o Podcast Acessando Luc\u00edlia est\u00e1 de volta. Neste primeiro programa de 2025, ter\u00e7a-feira, 04\/02, o tema de estreia \u00e9 o carnaval, esse espet\u00e1culo incr\u00edvel que faz a cabe\u00e7a e mexe com o corpo de todas as pessoas, trazendo fantasia, paix\u00e3o e magia. Partindo da ideia de que carnaval tamb\u00e9m \u00e9 inclus\u00e3o, abram [&hellip;]","og_url":"https:\/\/inclusivenews.com.br\/?p=34381","article_publisher":"https:\/\/www.facebook.com\/agenciainclusive\/","article_published_time":"2025-02-04T01:01:00+00:00","article_modified_time":"2025-02-05T13:41:25+00:00","og_image":[{"width":1002,"height":668,"url":"https:\/\/inclusivenews.com.br\/wp-content\/uploads\/2025\/02\/1_whatsapp_image_2022_04_29_at_11_04_38-25059359-e1738762626666.jpeg","type":"image\/jpeg"}],"author":"inclusivenews2024","twitter_card":"summary_large_image","twitter_misc":{"Escrito por":"inclusivenews2024","Tempo estimado de leitura":"3 minutos"},"schema":{"@context":"https:\/\/schema.org","@graph":[{"@type":"Article","@id":"https:\/\/inclusivenews.com.br\/?p=34381#article","isPartOf":{"@id":"https:\/\/inclusivenews.com.br\/?p=34381"},"author":{"name":"inclusivenews2024","@id":"https:\/\/inclusivenews.com.br\/#\/schema\/person\/ae4ec7087559b8692fb33b6fffd2273b"},"headline":"Diversidade, Equidade e Inclus\u00e3o no Show da Alegria \u2013 Podcast Acessando Luc\u00edlia","datePublished":"2025-02-04T01:01:00+00:00","dateModified":"2025-02-05T13:41:25+00:00","mainEntityOfPage":{"@id":"https:\/\/inclusivenews.com.br\/?p=34381"},"wordCount":461,"commentCount":0,"publisher":{"@id":"https:\/\/inclusivenews.com.br\/#organization"},"image":{"@id":"https:\/\/inclusivenews.com.br\/?p=34381#primaryimage"},"thumbnailUrl":"https:\/\/inclusivenews.com.br\/wp-content\/uploads\/2025\/02\/1_whatsapp_image_2022_04_29_at_11_04_38-25059359-e1738762626666.jpeg","keywords":["Acessando Luc\u00edlia","Acessibilidade cultural","carnaval","carnaval 2025","Embaixadores da Alegria","PcD","Podcast","Podcast Acessando Luc\u00edlia"],"articleSection":["PODCAST"],"inLanguage":"pt-PT","potentialAction":[{"@type":"CommentAction","name":"Comment","target":["https:\/\/inclusivenews.com.br\/?p=34381#respond"]}]},{"@type":"WebPage","@id":"https:\/\/inclusivenews.com.br\/?p=34381","url":"https:\/\/inclusivenews.com.br\/?p=34381","name":"Diversidade, Equidade e Inclus\u00e3o no Show da Alegria \u2013 Podcast Acessando Luc\u00edlia -","isPartOf":{"@id":"https:\/\/inclusivenews.com.br\/#website"},"primaryImageOfPage":{"@id":"https:\/\/inclusivenews.com.br\/?p=34381#primaryimage"},"image":{"@id":"https:\/\/inclusivenews.com.br\/?p=34381#primaryimage"},"thumbnailUrl":"https:\/\/inclusivenews.com.br\/wp-content\/uploads\/2025\/02\/1_whatsapp_image_2022_04_29_at_11_04_38-25059359-e1738762626666.jpeg","datePublished":"2025-02-04T01:01:00+00:00","dateModified":"2025-02-05T13:41:25+00:00","breadcrumb":{"@id":"https:\/\/inclusivenews.com.br\/?p=34381#breadcrumb"},"inLanguage":"pt-PT","potentialAction":[{"@type":"ReadAction","target":["https:\/\/inclusivenews.com.br\/?p=34381"]}]},{"@type":"ImageObject","inLanguage":"pt-PT","@id":"https:\/\/inclusivenews.com.br\/?p=34381#primaryimage","url":"https:\/\/inclusivenews.com.br\/wp-content\/uploads\/2025\/02\/1_whatsapp_image_2022_04_29_at_11_04_38-25059359-e1738762626666.jpeg","contentUrl":"https:\/\/inclusivenews.com.br\/wp-content\/uploads\/2025\/02\/1_whatsapp_image_2022_04_29_at_11_04_38-25059359-e1738762626666.jpeg","width":1002,"height":668},{"@type":"BreadcrumbList","@id":"https:\/\/inclusivenews.com.br\/?p=34381#breadcrumb","itemListElement":[{"@type":"ListItem","position":1,"name":"In\u00edcio","item":"https:\/\/inclusivenews.com.br\/"},{"@type":"ListItem","position":2,"name":"Diversidade, Equidade e Inclus\u00e3o no Show da Alegria \u2013 Podcast Acessando Luc\u00edlia"}]},{"@type":"WebSite","@id":"https:\/\/inclusivenews.com.br\/#website","url":"https:\/\/inclusivenews.com.br\/","name":"Inclusive News","description":"Inclusive News","publisher":{"@id":"https:\/\/inclusivenews.com.br\/#organization"},"potentialAction":[{"@type":"SearchAction","target":{"@type":"EntryPoint","urlTemplate":"https:\/\/inclusivenews.com.br\/?s={search_term_string}"},"query-input":{"@type":"PropertyValueSpecification","valueRequired":true,"valueName":"search_term_string"}}],"inLanguage":"pt-PT"},{"@type":"Organization","@id":"https:\/\/inclusivenews.com.br\/#organization","name":"Inclusive - inclus\u00e3o e cidadania","url":"https:\/\/inclusivenews.com.br\/","logo":{"@type":"ImageObject","inLanguage":"pt-PT","@id":"https:\/\/inclusivenews.com.br\/#\/schema\/logo\/image\/","url":"https:\/\/inclusivenews.com.br\/wp-content\/uploads\/2024\/03\/@grandesite.png","contentUrl":"https:\/\/inclusivenews.com.br\/wp-content\/uploads\/2024\/03\/@grandesite.png","width":1080,"height":1080,"caption":"Inclusive - inclus\u00e3o e cidadania"},"image":{"@id":"https:\/\/inclusivenews.com.br\/#\/schema\/logo\/image\/"},"sameAs":["https:\/\/www.facebook.com\/agenciainclusive\/","https:\/\/www.instagram.com\/newsinclusive\/"]},{"@type":"Person","@id":"https:\/\/inclusivenews.com.br\/#\/schema\/person\/ae4ec7087559b8692fb33b6fffd2273b","name":"inclusivenews2024","image":{"@type":"ImageObject","inLanguage":"pt-PT","@id":"https:\/\/secure.gravatar.com\/avatar\/c5a7ef84c66fa914f55bc4f7ce26cfa275a3b9a1c5568b907bd184fb4dde7b40?s=96&d=mm&r=g","url":"https:\/\/secure.gravatar.com\/avatar\/c5a7ef84c66fa914f55bc4f7ce26cfa275a3b9a1c5568b907bd184fb4dde7b40?s=96&d=mm&r=g","contentUrl":"https:\/\/secure.gravatar.com\/avatar\/c5a7ef84c66fa914f55bc4f7ce26cfa275a3b9a1c5568b907bd184fb4dde7b40?s=96&d=mm&r=g","caption":"inclusivenews2024"},"sameAs":["https:\/\/inclusivenews.com.br"],"url":"https:\/\/inclusivenews.com.br\/?author=1"}]}},"_links":{"self":[{"href":"https:\/\/inclusivenews.com.br\/index.php?rest_route=\/wp\/v2\/posts\/34381","targetHints":{"allow":["GET"]}}],"collection":[{"href":"https:\/\/inclusivenews.com.br\/index.php?rest_route=\/wp\/v2\/posts"}],"about":[{"href":"https:\/\/inclusivenews.com.br\/index.php?rest_route=\/wp\/v2\/types\/post"}],"author":[{"embeddable":true,"href":"https:\/\/inclusivenews.com.br\/index.php?rest_route=\/wp\/v2\/users\/1"}],"replies":[{"embeddable":true,"href":"https:\/\/inclusivenews.com.br\/index.php?rest_route=%2Fwp%2Fv2%2Fcomments&post=34381"}],"version-history":[{"count":2,"href":"https:\/\/inclusivenews.com.br\/index.php?rest_route=\/wp\/v2\/posts\/34381\/revisions"}],"predecessor-version":[{"id":34384,"href":"https:\/\/inclusivenews.com.br\/index.php?rest_route=\/wp\/v2\/posts\/34381\/revisions\/34384"}],"wp:featuredmedia":[{"embeddable":true,"href":"https:\/\/inclusivenews.com.br\/index.php?rest_route=\/wp\/v2\/media\/34382"}],"wp:attachment":[{"href":"https:\/\/inclusivenews.com.br\/index.php?rest_route=%2Fwp%2Fv2%2Fmedia&parent=34381"}],"wp:term":[{"taxonomy":"category","embeddable":true,"href":"https:\/\/inclusivenews.com.br\/index.php?rest_route=%2Fwp%2Fv2%2Fcategories&post=34381"},{"taxonomy":"post_tag","embeddable":true,"href":"https:\/\/inclusivenews.com.br\/index.php?rest_route=%2Fwp%2Fv2%2Ftags&post=34381"}],"curies":[{"name":"wp","href":"https:\/\/api.w.org\/{rel}","templated":true}]}}