{"id":34388,"date":"2025-02-13T13:44:00","date_gmt":"2025-02-13T13:44:00","guid":{"rendered":"https:\/\/inclusivenews.com.br\/?p=34388"},"modified":"2025-02-13T13:44:00","modified_gmt":"2025-02-13T13:44:00","slug":"braille-sense-6-combina-o-sistema-braille-com-um-software-de-voz-intuitivo","status":"publish","type":"post","link":"https:\/\/inclusivenews.com.br\/?p=34388","title":{"rendered":"Braille Sense 6 combina o sistema braille com um software de voz intuitivo"},"content":{"rendered":"\n<p>Texto de de S\u00e9rgio Ramos De Faria.<\/p>\n\n\n\n<p>Quando falamos em acessibilidade, \u00e9 essencial dedicar tempo, recursos e habilidades. O retorno \u00e9 sempre significativo! <\/p>\n\n\n\n<p>Cego desde os 2 anos, entrei no mercado de trabalho em 1985 e ainda estou aqui, desbravando novas oportunidades. Nos meus primeiros anos, dependia de sons e de um aplicativo desenvolvido pela comunidade do Brasil\u00a0de pessoas cegas, al\u00e9m de materiais que, muitas vezes, n\u00e3o eram acess\u00edveis devido a barreiras lingu\u00edsticas. Com mais tr\u00eas colegas em situa\u00e7\u00e3o similar, comecei a buscar melhorias, n\u00e3o s\u00f3 para n\u00f3s, mas tamb\u00e9m para abrir portas para outros. A jornada foi desafiadora: a cada avan\u00e7o tecnol\u00f3gico, a acessibilidade demorava a acompanhar. <\/p>\n\n\n\n<p>Em 1998,\u00a0tornei-me funcion\u00e1rio Accenture. Fui acolhido com aten\u00e7\u00e3o \u00e0s minhas necessidades e tive acesso \u00e0s melhores ferramentas. Desde ent\u00e3o, meu foco \u00e9 a acessibilidade, sempre em parceria com outros para explorar as melhores pr\u00e1ticas e com apoio da empresa para essa busca. Iniciamos os testes com o Braille Sense 6, um notetaker\u00a0que combina o sistema braille de 32 c\u00e9lulas com um software de voz intuitivo. <\/p>\n\n\n\n<p>Essa ferramenta oferece acesso a diversos formatos de arquivos, permite a produ\u00e7\u00e3o de conte\u00fado e a digitaliza\u00e7\u00e3o de documentos. Imagine participar ativamente de reuni\u00f5es, anotando em braille enquanto acompanha as discuss\u00f5es e apresentando materiais de forma mais eficiente. <a href=\"https:\/\/br.linkedin.com\/company\/accenturebrasil?trk=public_post-text\">Accenture Brasil<\/a> est\u00e1 comprometida em promover a acessibilidade para todos, garantindo que cada pessoa possa dar o seu melhor, independentemente de suas necessidades.<\/p>\n\n\n\n<p>Fonte: <a href=\"https:\/\/www.linkedin.com\/posts\/s%C3%A9rgio-ramos-de-faria-a0a9b024_quando-falamos-em-acessibilidade-%C3%A9-essencial-activity-7264653144842719232-H3fd\/?utm_source=share&amp;utm_medium=member_desktop\">S\u00e9rgio Ramos De Faria no LinkedIn: Quando falamos em acessibilidade, \u00e9 essencial dedicar tempo, recursos e\u2026 <\/a><\/p>\n","protected":false},"excerpt":{"rendered":"<p>Texto de de S\u00e9rgio Ramos De Faria. Quando falamos em acessibilidade, \u00e9 essencial dedicar tempo, recursos e habilidades. O retorno \u00e9 sempre significativo! Cego desde os 2 anos, entrei no mercado de trabalho em 1985 e ainda estou aqui, desbravando novas oportunidades. Nos meus primeiros anos, dependia de sons e de um aplicativo desenvolvido pela [&hellip;]<\/p>\n","protected":false},"author":1,"featured_media":34389,"comment_status":"open","ping_status":"open","sticky":false,"template":"","format":"standard","meta":{"site-container-style":"default","site-container-layout":"default","site-sidebar-layout":"default","disable-article-header":"default","disable-site-header":"default","disable-site-footer":"default","disable-content-area-spacing":"default","footnotes":""},"categories":[44],"tags":[737,89,739,736,738],"class_list":["post-34388","post","type-post","status-publish","format-standard","has-post-thumbnail","hentry","category-acessibilidade","tag-accenture","tag-acessibilidade","tag-braille","tag-braille-sense-6","tag-sistema-braille"],"yoast_head":"<!-- This site is optimized with the Yoast SEO plugin v27.5 - https:\/\/yoast.com\/product\/yoast-seo-wordpress\/ -->\n<title>Braille Sense 6 combina o sistema braille com um software de voz intuitivo -<\/title>\n<meta name=\"robots\" content=\"index, follow, max-snippet:-1, max-image-preview:large, max-video-preview:-1\" \/>\n<link rel=\"canonical\" href=\"https:\/\/inclusivenews.com.br\/?p=34388\" \/>\n<meta property=\"og:locale\" content=\"pt_PT\" \/>\n<meta property=\"og:type\" content=\"article\" \/>\n<meta property=\"og:title\" content=\"Braille Sense 6 combina o sistema braille com um software de voz intuitivo -\" \/>\n<meta property=\"og:description\" content=\"Texto de de S\u00e9rgio Ramos De Faria. Quando falamos em acessibilidade, \u00e9 essencial dedicar tempo, recursos e habilidades. O retorno \u00e9 sempre significativo! Cego desde os 2 anos, entrei no mercado de trabalho em 1985 e ainda estou aqui, desbravando novas oportunidades. Nos meus primeiros anos, dependia de sons e de um aplicativo desenvolvido pela [&hellip;]\" \/>\n<meta property=\"og:url\" content=\"https:\/\/inclusivenews.com.br\/?p=34388\" \/>\n<meta property=\"article:publisher\" content=\"https:\/\/www.facebook.com\/agenciainclusive\/\" \/>\n<meta property=\"article:published_time\" content=\"2025-02-13T13:44:00+00:00\" \/>\n<meta property=\"og:image\" content=\"https:\/\/inclusivenews.com.br\/wp-content\/uploads\/2025\/02\/BS6-600x400-1-600x315w.png\" \/>\n\t<meta property=\"og:image:width\" content=\"600\" \/>\n\t<meta property=\"og:image:height\" content=\"315\" \/>\n\t<meta property=\"og:image:type\" content=\"image\/png\" \/>\n<meta name=\"author\" content=\"inclusivenews2024\" \/>\n<meta name=\"twitter:card\" content=\"summary_large_image\" \/>\n<meta name=\"twitter:label1\" content=\"Escrito por\" \/>\n\t<meta name=\"twitter:data1\" content=\"inclusivenews2024\" \/>\n\t<meta name=\"twitter:label2\" content=\"Tempo estimado de leitura\" \/>\n\t<meta name=\"twitter:data2\" content=\"2 minutos\" \/>\n<script type=\"application\/ld+json\" class=\"yoast-schema-graph\">{\"@context\":\"https:\\\/\\\/schema.org\",\"@graph\":[{\"@type\":\"Article\",\"@id\":\"https:\\\/\\\/inclusivenews.com.br\\\/?p=34388#article\",\"isPartOf\":{\"@id\":\"https:\\\/\\\/inclusivenews.com.br\\\/?p=34388\"},\"author\":{\"name\":\"inclusivenews2024\",\"@id\":\"https:\\\/\\\/inclusivenews.com.br\\\/#\\\/schema\\\/person\\\/ae4ec7087559b8692fb33b6fffd2273b\"},\"headline\":\"Braille Sense 6 combina o sistema braille com um software de voz intuitivo\",\"datePublished\":\"2025-02-13T13:44:00+00:00\",\"mainEntityOfPage\":{\"@id\":\"https:\\\/\\\/inclusivenews.com.br\\\/?p=34388\"},\"wordCount\":280,\"commentCount\":0,\"publisher\":{\"@id\":\"https:\\\/\\\/inclusivenews.com.br\\\/#organization\"},\"image\":{\"@id\":\"https:\\\/\\\/inclusivenews.com.br\\\/?p=34388#primaryimage\"},\"thumbnailUrl\":\"https:\\\/\\\/inclusivenews.com.br\\\/wp-content\\\/uploads\\\/2025\\\/02\\\/BS6-600x400-1-600x315w.png\",\"keywords\":[\"Accenture\",\"Acessibilidade\",\"braille\",\"Braille Sense 6\",\"sistema braille\"],\"articleSection\":[\"ACESSIBILIDADE\"],\"inLanguage\":\"pt-PT\",\"potentialAction\":[{\"@type\":\"CommentAction\",\"name\":\"Comment\",\"target\":[\"https:\\\/\\\/inclusivenews.com.br\\\/?p=34388#respond\"]}]},{\"@type\":\"WebPage\",\"@id\":\"https:\\\/\\\/inclusivenews.com.br\\\/?p=34388\",\"url\":\"https:\\\/\\\/inclusivenews.com.br\\\/?p=34388\",\"name\":\"Braille Sense 6 combina o sistema braille com um software de voz intuitivo -\",\"isPartOf\":{\"@id\":\"https:\\\/\\\/inclusivenews.com.br\\\/#website\"},\"primaryImageOfPage\":{\"@id\":\"https:\\\/\\\/inclusivenews.com.br\\\/?p=34388#primaryimage\"},\"image\":{\"@id\":\"https:\\\/\\\/inclusivenews.com.br\\\/?p=34388#primaryimage\"},\"thumbnailUrl\":\"https:\\\/\\\/inclusivenews.com.br\\\/wp-content\\\/uploads\\\/2025\\\/02\\\/BS6-600x400-1-600x315w.png\",\"datePublished\":\"2025-02-13T13:44:00+00:00\",\"breadcrumb\":{\"@id\":\"https:\\\/\\\/inclusivenews.com.br\\\/?p=34388#breadcrumb\"},\"inLanguage\":\"pt-PT\",\"potentialAction\":[{\"@type\":\"ReadAction\",\"target\":[\"https:\\\/\\\/inclusivenews.com.br\\\/?p=34388\"]}]},{\"@type\":\"ImageObject\",\"inLanguage\":\"pt-PT\",\"@id\":\"https:\\\/\\\/inclusivenews.com.br\\\/?p=34388#primaryimage\",\"url\":\"https:\\\/\\\/inclusivenews.com.br\\\/wp-content\\\/uploads\\\/2025\\\/02\\\/BS6-600x400-1-600x315w.png\",\"contentUrl\":\"https:\\\/\\\/inclusivenews.com.br\\\/wp-content\\\/uploads\\\/2025\\\/02\\\/BS6-600x400-1-600x315w.png\",\"width\":600,\"height\":315},{\"@type\":\"BreadcrumbList\",\"@id\":\"https:\\\/\\\/inclusivenews.com.br\\\/?p=34388#breadcrumb\",\"itemListElement\":[{\"@type\":\"ListItem\",\"position\":1,\"name\":\"In\u00edcio\",\"item\":\"https:\\\/\\\/inclusivenews.com.br\\\/\"},{\"@type\":\"ListItem\",\"position\":2,\"name\":\"Braille Sense 6 combina o sistema braille com um software de voz intuitivo\"}]},{\"@type\":\"WebSite\",\"@id\":\"https:\\\/\\\/inclusivenews.com.br\\\/#website\",\"url\":\"https:\\\/\\\/inclusivenews.com.br\\\/\",\"name\":\"Inclusive News\",\"description\":\"Inclusive News\",\"publisher\":{\"@id\":\"https:\\\/\\\/inclusivenews.com.br\\\/#organization\"},\"potentialAction\":[{\"@type\":\"SearchAction\",\"target\":{\"@type\":\"EntryPoint\",\"urlTemplate\":\"https:\\\/\\\/inclusivenews.com.br\\\/?s={search_term_string}\"},\"query-input\":{\"@type\":\"PropertyValueSpecification\",\"valueRequired\":true,\"valueName\":\"search_term_string\"}}],\"inLanguage\":\"pt-PT\"},{\"@type\":\"Organization\",\"@id\":\"https:\\\/\\\/inclusivenews.com.br\\\/#organization\",\"name\":\"Inclusive - inclus\u00e3o e cidadania\",\"url\":\"https:\\\/\\\/inclusivenews.com.br\\\/\",\"logo\":{\"@type\":\"ImageObject\",\"inLanguage\":\"pt-PT\",\"@id\":\"https:\\\/\\\/inclusivenews.com.br\\\/#\\\/schema\\\/logo\\\/image\\\/\",\"url\":\"https:\\\/\\\/inclusivenews.com.br\\\/wp-content\\\/uploads\\\/2024\\\/03\\\/@grandesite.png\",\"contentUrl\":\"https:\\\/\\\/inclusivenews.com.br\\\/wp-content\\\/uploads\\\/2024\\\/03\\\/@grandesite.png\",\"width\":1080,\"height\":1080,\"caption\":\"Inclusive - inclus\u00e3o e cidadania\"},\"image\":{\"@id\":\"https:\\\/\\\/inclusivenews.com.br\\\/#\\\/schema\\\/logo\\\/image\\\/\"},\"sameAs\":[\"https:\\\/\\\/www.facebook.com\\\/agenciainclusive\\\/\",\"https:\\\/\\\/www.instagram.com\\\/newsinclusive\\\/\"]},{\"@type\":\"Person\",\"@id\":\"https:\\\/\\\/inclusivenews.com.br\\\/#\\\/schema\\\/person\\\/ae4ec7087559b8692fb33b6fffd2273b\",\"name\":\"inclusivenews2024\",\"image\":{\"@type\":\"ImageObject\",\"inLanguage\":\"pt-PT\",\"@id\":\"https:\\\/\\\/secure.gravatar.com\\\/avatar\\\/c5a7ef84c66fa914f55bc4f7ce26cfa275a3b9a1c5568b907bd184fb4dde7b40?s=96&d=mm&r=g\",\"url\":\"https:\\\/\\\/secure.gravatar.com\\\/avatar\\\/c5a7ef84c66fa914f55bc4f7ce26cfa275a3b9a1c5568b907bd184fb4dde7b40?s=96&d=mm&r=g\",\"contentUrl\":\"https:\\\/\\\/secure.gravatar.com\\\/avatar\\\/c5a7ef84c66fa914f55bc4f7ce26cfa275a3b9a1c5568b907bd184fb4dde7b40?s=96&d=mm&r=g\",\"caption\":\"inclusivenews2024\"},\"sameAs\":[\"https:\\\/\\\/inclusivenews.com.br\"],\"url\":\"https:\\\/\\\/inclusivenews.com.br\\\/?author=1\"}]}<\/script>\n<!-- \/ Yoast SEO plugin. -->","yoast_head_json":{"title":"Braille Sense 6 combina o sistema braille com um software de voz intuitivo -","robots":{"index":"index","follow":"follow","max-snippet":"max-snippet:-1","max-image-preview":"max-image-preview:large","max-video-preview":"max-video-preview:-1"},"canonical":"https:\/\/inclusivenews.com.br\/?p=34388","og_locale":"pt_PT","og_type":"article","og_title":"Braille Sense 6 combina o sistema braille com um software de voz intuitivo -","og_description":"Texto de de S\u00e9rgio Ramos De Faria. Quando falamos em acessibilidade, \u00e9 essencial dedicar tempo, recursos e habilidades. O retorno \u00e9 sempre significativo! Cego desde os 2 anos, entrei no mercado de trabalho em 1985 e ainda estou aqui, desbravando novas oportunidades. Nos meus primeiros anos, dependia de sons e de um aplicativo desenvolvido pela [&hellip;]","og_url":"https:\/\/inclusivenews.com.br\/?p=34388","article_publisher":"https:\/\/www.facebook.com\/agenciainclusive\/","article_published_time":"2025-02-13T13:44:00+00:00","og_image":[{"width":600,"height":315,"url":"https:\/\/inclusivenews.com.br\/wp-content\/uploads\/2025\/02\/BS6-600x400-1-600x315w.png","type":"image\/png"}],"author":"inclusivenews2024","twitter_card":"summary_large_image","twitter_misc":{"Escrito por":"inclusivenews2024","Tempo estimado de leitura":"2 minutos"},"schema":{"@context":"https:\/\/schema.org","@graph":[{"@type":"Article","@id":"https:\/\/inclusivenews.com.br\/?p=34388#article","isPartOf":{"@id":"https:\/\/inclusivenews.com.br\/?p=34388"},"author":{"name":"inclusivenews2024","@id":"https:\/\/inclusivenews.com.br\/#\/schema\/person\/ae4ec7087559b8692fb33b6fffd2273b"},"headline":"Braille Sense 6 combina o sistema braille com um software de voz intuitivo","datePublished":"2025-02-13T13:44:00+00:00","mainEntityOfPage":{"@id":"https:\/\/inclusivenews.com.br\/?p=34388"},"wordCount":280,"commentCount":0,"publisher":{"@id":"https:\/\/inclusivenews.com.br\/#organization"},"image":{"@id":"https:\/\/inclusivenews.com.br\/?p=34388#primaryimage"},"thumbnailUrl":"https:\/\/inclusivenews.com.br\/wp-content\/uploads\/2025\/02\/BS6-600x400-1-600x315w.png","keywords":["Accenture","Acessibilidade","braille","Braille Sense 6","sistema braille"],"articleSection":["ACESSIBILIDADE"],"inLanguage":"pt-PT","potentialAction":[{"@type":"CommentAction","name":"Comment","target":["https:\/\/inclusivenews.com.br\/?p=34388#respond"]}]},{"@type":"WebPage","@id":"https:\/\/inclusivenews.com.br\/?p=34388","url":"https:\/\/inclusivenews.com.br\/?p=34388","name":"Braille Sense 6 combina o sistema braille com um software de voz intuitivo -","isPartOf":{"@id":"https:\/\/inclusivenews.com.br\/#website"},"primaryImageOfPage":{"@id":"https:\/\/inclusivenews.com.br\/?p=34388#primaryimage"},"image":{"@id":"https:\/\/inclusivenews.com.br\/?p=34388#primaryimage"},"thumbnailUrl":"https:\/\/inclusivenews.com.br\/wp-content\/uploads\/2025\/02\/BS6-600x400-1-600x315w.png","datePublished":"2025-02-13T13:44:00+00:00","breadcrumb":{"@id":"https:\/\/inclusivenews.com.br\/?p=34388#breadcrumb"},"inLanguage":"pt-PT","potentialAction":[{"@type":"ReadAction","target":["https:\/\/inclusivenews.com.br\/?p=34388"]}]},{"@type":"ImageObject","inLanguage":"pt-PT","@id":"https:\/\/inclusivenews.com.br\/?p=34388#primaryimage","url":"https:\/\/inclusivenews.com.br\/wp-content\/uploads\/2025\/02\/BS6-600x400-1-600x315w.png","contentUrl":"https:\/\/inclusivenews.com.br\/wp-content\/uploads\/2025\/02\/BS6-600x400-1-600x315w.png","width":600,"height":315},{"@type":"BreadcrumbList","@id":"https:\/\/inclusivenews.com.br\/?p=34388#breadcrumb","itemListElement":[{"@type":"ListItem","position":1,"name":"In\u00edcio","item":"https:\/\/inclusivenews.com.br\/"},{"@type":"ListItem","position":2,"name":"Braille Sense 6 combina o sistema braille com um software de voz intuitivo"}]},{"@type":"WebSite","@id":"https:\/\/inclusivenews.com.br\/#website","url":"https:\/\/inclusivenews.com.br\/","name":"Inclusive News","description":"Inclusive News","publisher":{"@id":"https:\/\/inclusivenews.com.br\/#organization"},"potentialAction":[{"@type":"SearchAction","target":{"@type":"EntryPoint","urlTemplate":"https:\/\/inclusivenews.com.br\/?s={search_term_string}"},"query-input":{"@type":"PropertyValueSpecification","valueRequired":true,"valueName":"search_term_string"}}],"inLanguage":"pt-PT"},{"@type":"Organization","@id":"https:\/\/inclusivenews.com.br\/#organization","name":"Inclusive - inclus\u00e3o e cidadania","url":"https:\/\/inclusivenews.com.br\/","logo":{"@type":"ImageObject","inLanguage":"pt-PT","@id":"https:\/\/inclusivenews.com.br\/#\/schema\/logo\/image\/","url":"https:\/\/inclusivenews.com.br\/wp-content\/uploads\/2024\/03\/@grandesite.png","contentUrl":"https:\/\/inclusivenews.com.br\/wp-content\/uploads\/2024\/03\/@grandesite.png","width":1080,"height":1080,"caption":"Inclusive - inclus\u00e3o e cidadania"},"image":{"@id":"https:\/\/inclusivenews.com.br\/#\/schema\/logo\/image\/"},"sameAs":["https:\/\/www.facebook.com\/agenciainclusive\/","https:\/\/www.instagram.com\/newsinclusive\/"]},{"@type":"Person","@id":"https:\/\/inclusivenews.com.br\/#\/schema\/person\/ae4ec7087559b8692fb33b6fffd2273b","name":"inclusivenews2024","image":{"@type":"ImageObject","inLanguage":"pt-PT","@id":"https:\/\/secure.gravatar.com\/avatar\/c5a7ef84c66fa914f55bc4f7ce26cfa275a3b9a1c5568b907bd184fb4dde7b40?s=96&d=mm&r=g","url":"https:\/\/secure.gravatar.com\/avatar\/c5a7ef84c66fa914f55bc4f7ce26cfa275a3b9a1c5568b907bd184fb4dde7b40?s=96&d=mm&r=g","contentUrl":"https:\/\/secure.gravatar.com\/avatar\/c5a7ef84c66fa914f55bc4f7ce26cfa275a3b9a1c5568b907bd184fb4dde7b40?s=96&d=mm&r=g","caption":"inclusivenews2024"},"sameAs":["https:\/\/inclusivenews.com.br"],"url":"https:\/\/inclusivenews.com.br\/?author=1"}]}},"_links":{"self":[{"href":"https:\/\/inclusivenews.com.br\/index.php?rest_route=\/wp\/v2\/posts\/34388","targetHints":{"allow":["GET"]}}],"collection":[{"href":"https:\/\/inclusivenews.com.br\/index.php?rest_route=\/wp\/v2\/posts"}],"about":[{"href":"https:\/\/inclusivenews.com.br\/index.php?rest_route=\/wp\/v2\/types\/post"}],"author":[{"embeddable":true,"href":"https:\/\/inclusivenews.com.br\/index.php?rest_route=\/wp\/v2\/users\/1"}],"replies":[{"embeddable":true,"href":"https:\/\/inclusivenews.com.br\/index.php?rest_route=%2Fwp%2Fv2%2Fcomments&post=34388"}],"version-history":[{"count":1,"href":"https:\/\/inclusivenews.com.br\/index.php?rest_route=\/wp\/v2\/posts\/34388\/revisions"}],"predecessor-version":[{"id":34390,"href":"https:\/\/inclusivenews.com.br\/index.php?rest_route=\/wp\/v2\/posts\/34388\/revisions\/34390"}],"wp:featuredmedia":[{"embeddable":true,"href":"https:\/\/inclusivenews.com.br\/index.php?rest_route=\/wp\/v2\/media\/34389"}],"wp:attachment":[{"href":"https:\/\/inclusivenews.com.br\/index.php?rest_route=%2Fwp%2Fv2%2Fmedia&parent=34388"}],"wp:term":[{"taxonomy":"category","embeddable":true,"href":"https:\/\/inclusivenews.com.br\/index.php?rest_route=%2Fwp%2Fv2%2Fcategories&post=34388"},{"taxonomy":"post_tag","embeddable":true,"href":"https:\/\/inclusivenews.com.br\/index.php?rest_route=%2Fwp%2Fv2%2Ftags&post=34388"}],"curies":[{"name":"wp","href":"https:\/\/api.w.org\/{rel}","templated":true}]}}