{"id":34391,"date":"2025-02-17T15:59:11","date_gmt":"2025-02-17T15:59:11","guid":{"rendered":"https:\/\/inclusivenews.com.br\/?p=34391"},"modified":"2025-02-18T16:16:09","modified_gmt":"2025-02-18T16:16:09","slug":"moira-braga-teatro-arte-e-cultura-def-podcast-acessando-lucilia","status":"publish","type":"post","link":"https:\/\/inclusivenews.com.br\/?p=34391","title":{"rendered":"Moira Braga: Teatro, Arte e Cultura DEF \u2013 Podcast Acessando Luc\u00edlia"},"content":{"rendered":"\n<p>O Podcast Acessando Luc\u00edlia desta ter\u00e7a-feira, 18\/02, recebe Moira Braga, mulher cega, m\u00e3e, atriz, mestre em dan\u00e7a pela Universidade Federal da Bahia (UFBA); preparadora de elenco das novelas &#8220;Todas as Flores&#8221; e &#8220;Renascer&#8221;; idealizadora, coautora e protagonista do espet\u00e1culo &#8220;Heredit\u00e1ria&#8221;, em cartaz no teatro do Espa\u00e7o Cultural S\u00e9rgio Porto, no Rio de Janeiro, at\u00e9 o dia 23 de fevereiro. A conversa vai ser sobre teatro, pol\u00edticas de acesso e de acessibilidade na arte e na cultura.<br>A pe\u00e7a \u201cHeredit\u00e1ria\u201d, indicada ao Pr\u00eamio Shell nas categorias dire\u00e7\u00e3o e cenografia, e ao Pr\u00eamio APTR, da Associa\u00e7\u00e3o dos Produtores de Teatro, parte da descoberta pela artista Moira Braga, aos sete anos de idade, de uma condi\u00e7\u00e3o gen\u00e9tica rara &#8211; Stargardt -, que causaria a perda de sua vis\u00e3o. O espet\u00e1culo investiga, a partir da\u00ed, os m\u00faltiplos sentidos da hereditariedade e reflete sobre o quanto de nossas vidas \u00e9 predeterminado e o quanto temos o poder de escolher.<\/p>\n\n\n\n<p>O bate-papo, que \u00e9 uma parceria com a Inclusive News, conta com int\u00e9rprete de libras e \u00e9 transmitido toda ter\u00e7a-feira, \u00e0s 18h, no canal do ACESSANDO LUC\u00cdLIA no Youtube: <a href=\"https:\/\/www.youtube.com\/@acessandolucilia5059\">https:\/\/www.youtube.com\/@acessandolucilia5059<\/a> e nas redes da Web R\u00e1dio Censura Livre, no Youtube, no Facebook, no site <a href=\"http:\/\/www.clwebradio.com\">www.clwebradio.com<\/a> e no aplicativo: RadiosNet <a href=\"http:\/\/l.radios.com.br\/r\/100204\">http:\/\/l.radios.com.br\/r\/100204<\/a>.<br>O programa tamb\u00e9m \u00e9 retransmitido no mesmo hor\u00e1rio na R\u00e1dio Criativa de Muria\u00e9-MG e no canal Gernika_art against fascism &#8211; Liga de Comunica\u00e7\u00e3o Internacionalista de Portugal, no YouTube. E \u00e0s quartas-feiras, 15h, na Radio Comunidade Friburgo 104.9 FM, de Nova Friburgo-RJ.<\/p>\n\n\n\n<p class=\"has-yuki-font-medium-font-size\"><br>Servi\u00e7o<br>A temporada de \u201cHeredit\u00e1ria\u201d vai at\u00e9 23 de fevereiro, \u00e0s sextas e s\u00e1bados, \u00e0s 20h, e aos domingos, \u00e0s 19h. Os ingressos custam 50 reais (inteira) e 25 reais (meia entrada). O teatro do S\u00e9rgio Porto fica na Rua Humait\u00e1, 163.<br>Todas as apresenta\u00e7\u00f5es contam com acessibilidade comunicacional para pessoas com defici\u00eancia (libras e audiodescri\u00e7\u00e3o).<br>Informa\u00e7\u00f5es: <a href=\"https:\/\/www.instagram.com\/hereditaria.teatro\/\">www.instagram.com\/hereditaria.teatro<\/a><\/p>\n\n\n\n<p class=\"has-yuki-font-medium-font-size\"><\/p>\n\n\n\n<figure class=\"wp-block-image size-large is-resized\"><img loading=\"lazy\" decoding=\"async\" width=\"1024\" height=\"575\" src=\"https:\/\/inclusivenews.com.br\/wp-content\/uploads\/2025\/02\/image-1-1024x575.png\" alt=\"tr\u00eas mulheres abra\u00e7adas sorriem, elas aparecem da cintura pra cima. No meio, Moira Braga, pele clara, cabelo curto liso e escuro. No lado esquerdo, com a m\u00e3o sobre ombro de Moira, Luize Mendes Dias, mulher negra, cabelos tran\u00e7ados pra tr\u00e1s. E no lado direito, Isadora Medella, branca, cabelos platinados, curtos e desfiados para cima. Ela est\u00e1 com uma m\u00e3o  no ombro e a outra sobre a cabe\u00e7a de Moira\" class=\"wp-image-34394\" style=\"width:1140px;height:auto\" srcset=\"https:\/\/inclusivenews.com.br\/wp-content\/uploads\/2025\/02\/image-1-1024x575.png 1024w, https:\/\/inclusivenews.com.br\/wp-content\/uploads\/2025\/02\/image-1-300x169.png 300w, https:\/\/inclusivenews.com.br\/wp-content\/uploads\/2025\/02\/image-1-768x431.png 768w, https:\/\/inclusivenews.com.br\/wp-content\/uploads\/2025\/02\/image-1.png 1200w\" sizes=\"auto, (max-width: 1024px) 100vw, 1024px\" \/><\/figure>\n\n\n\n<p class=\"has-yuki-font-medium-font-size\"><\/p>\n\n\n\n<figure class=\"wp-block-image size-large\"><img loading=\"lazy\" decoding=\"async\" width=\"1024\" height=\"576\" src=\"https:\/\/inclusivenews.com.br\/wp-content\/uploads\/2025\/02\/image-3-1024x576.png\" alt=\"As tr\u00eas mulheres agora est\u00e3o deitadas. No meio, Moira Braga, pele clara, cabelo curto liso e escuro. No lado esquerdo, com a m\u00e3o sobre ombro de Moira, Luize Mendes Dias, mulher negra, cabelos tran\u00e7ados pra tr\u00e1s. E no lado direito, Isadora Medella, branca, cabelos platinados, curtos e desfiados para cima.\" class=\"wp-image-34396\" srcset=\"https:\/\/inclusivenews.com.br\/wp-content\/uploads\/2025\/02\/image-3-1024x576.png 1024w, https:\/\/inclusivenews.com.br\/wp-content\/uploads\/2025\/02\/image-3-300x169.png 300w, https:\/\/inclusivenews.com.br\/wp-content\/uploads\/2025\/02\/image-3-768x432.png 768w, https:\/\/inclusivenews.com.br\/wp-content\/uploads\/2025\/02\/image-3.png 1128w\" sizes=\"auto, (max-width: 1024px) 100vw, 1024px\" \/><\/figure>\n\n\n\n<p class=\"has-yuki-font-medium-font-size\"><\/p>\n\n\n\n<p class=\"has-yuki-font-medium-font-size\"><\/p>\n","protected":false},"excerpt":{"rendered":"<p>O Podcast Acessando Luc\u00edlia desta ter\u00e7a-feira, 18\/02, recebe Moira Braga, mulher cega, m\u00e3e, atriz, mestre em dan\u00e7a pela Universidade Federal da Bahia (UFBA); preparadora de elenco das novelas &#8220;Todas as Flores&#8221; e &#8220;Renascer&#8221;; idealizadora, coautora e protagonista do espet\u00e1culo &#8220;Heredit\u00e1ria&#8221;, em cartaz no teatro do Espa\u00e7o Cultural S\u00e9rgio Porto, no Rio de Janeiro, at\u00e9 o [&hellip;]<\/p>\n","protected":false},"author":1,"featured_media":34396,"comment_status":"open","ping_status":"open","sticky":false,"template":"","format":"standard","meta":{"site-container-style":"default","site-container-layout":"default","site-sidebar-layout":"default","disable-article-header":"default","disable-site-header":"default","disable-site-footer":"default","disable-content-area-spacing":"default","footnotes":""},"categories":[470],"tags":[547,89,305,740,656,151,522,561,251],"class_list":["post-34391","post","type-post","status-publish","format-standard","has-post-thumbnail","hentry","category-podcast","tag-acessando-lucilia","tag-acessibilidade","tag-acessibilidade-cultural","tag-arte","tag-cultura","tag-inclusao-2","tag-podcast-acessando-lucilia","tag-representatividade","tag-teatro"],"yoast_head":"<!-- This site is optimized with the Yoast SEO plugin v27.5 - https:\/\/yoast.com\/product\/yoast-seo-wordpress\/ -->\n<title>Moira Braga: Teatro, Arte e Cultura DEF \u2013 Podcast Acessando Luc\u00edlia -<\/title>\n<meta name=\"robots\" content=\"index, follow, max-snippet:-1, max-image-preview:large, max-video-preview:-1\" \/>\n<link rel=\"canonical\" href=\"https:\/\/inclusivenews.com.br\/?p=34391\" \/>\n<meta property=\"og:locale\" content=\"pt_PT\" \/>\n<meta property=\"og:type\" content=\"article\" \/>\n<meta property=\"og:title\" content=\"Moira Braga: Teatro, Arte e Cultura DEF \u2013 Podcast Acessando Luc\u00edlia -\" \/>\n<meta property=\"og:description\" content=\"O Podcast Acessando Luc\u00edlia desta ter\u00e7a-feira, 18\/02, recebe Moira Braga, mulher cega, m\u00e3e, atriz, mestre em dan\u00e7a pela Universidade Federal da Bahia (UFBA); preparadora de elenco das novelas &#8220;Todas as Flores&#8221; e &#8220;Renascer&#8221;; idealizadora, coautora e protagonista do espet\u00e1culo &#8220;Heredit\u00e1ria&#8221;, em cartaz no teatro do Espa\u00e7o Cultural S\u00e9rgio Porto, no Rio de Janeiro, at\u00e9 o [&hellip;]\" \/>\n<meta property=\"og:url\" content=\"https:\/\/inclusivenews.com.br\/?p=34391\" \/>\n<meta property=\"article:publisher\" content=\"https:\/\/www.facebook.com\/agenciainclusive\/\" \/>\n<meta property=\"article:published_time\" content=\"2025-02-17T15:59:11+00:00\" \/>\n<meta property=\"article:modified_time\" content=\"2025-02-18T16:16:09+00:00\" \/>\n<meta property=\"og:image\" content=\"https:\/\/inclusivenews.com.br\/wp-content\/uploads\/2025\/02\/image-3.png\" \/>\n\t<meta property=\"og:image:width\" content=\"1128\" \/>\n\t<meta property=\"og:image:height\" content=\"634\" \/>\n\t<meta property=\"og:image:type\" content=\"image\/png\" \/>\n<meta name=\"author\" content=\"inclusivenews2024\" \/>\n<meta name=\"twitter:card\" content=\"summary_large_image\" \/>\n<meta name=\"twitter:label1\" content=\"Escrito por\" \/>\n\t<meta name=\"twitter:data1\" content=\"inclusivenews2024\" \/>\n\t<meta name=\"twitter:label2\" content=\"Tempo estimado de leitura\" \/>\n\t<meta name=\"twitter:data2\" content=\"3 minutos\" \/>\n<script type=\"application\/ld+json\" class=\"yoast-schema-graph\">{\"@context\":\"https:\\\/\\\/schema.org\",\"@graph\":[{\"@type\":\"Article\",\"@id\":\"https:\\\/\\\/inclusivenews.com.br\\\/?p=34391#article\",\"isPartOf\":{\"@id\":\"https:\\\/\\\/inclusivenews.com.br\\\/?p=34391\"},\"author\":{\"name\":\"inclusivenews2024\",\"@id\":\"https:\\\/\\\/inclusivenews.com.br\\\/#\\\/schema\\\/person\\\/ae4ec7087559b8692fb33b6fffd2273b\"},\"headline\":\"Moira Braga: Teatro, Arte e Cultura DEF \u2013 Podcast Acessando Luc\u00edlia\",\"datePublished\":\"2025-02-17T15:59:11+00:00\",\"dateModified\":\"2025-02-18T16:16:09+00:00\",\"mainEntityOfPage\":{\"@id\":\"https:\\\/\\\/inclusivenews.com.br\\\/?p=34391\"},\"wordCount\":355,\"commentCount\":0,\"publisher\":{\"@id\":\"https:\\\/\\\/inclusivenews.com.br\\\/#organization\"},\"image\":{\"@id\":\"https:\\\/\\\/inclusivenews.com.br\\\/?p=34391#primaryimage\"},\"thumbnailUrl\":\"https:\\\/\\\/inclusivenews.com.br\\\/wp-content\\\/uploads\\\/2025\\\/02\\\/image-3.png\",\"keywords\":[\"Acessando Luc\u00edlia\",\"Acessibilidade\",\"Acessibilidade cultural\",\"arte\",\"Cultura\",\"Inclus\u00e3o\",\"Podcast Acessando Luc\u00edlia\",\"representatividade\",\"teatro\"],\"articleSection\":[\"PODCAST\"],\"inLanguage\":\"pt-PT\",\"potentialAction\":[{\"@type\":\"CommentAction\",\"name\":\"Comment\",\"target\":[\"https:\\\/\\\/inclusivenews.com.br\\\/?p=34391#respond\"]}]},{\"@type\":\"WebPage\",\"@id\":\"https:\\\/\\\/inclusivenews.com.br\\\/?p=34391\",\"url\":\"https:\\\/\\\/inclusivenews.com.br\\\/?p=34391\",\"name\":\"Moira Braga: Teatro, Arte e Cultura DEF \u2013 Podcast Acessando Luc\u00edlia -\",\"isPartOf\":{\"@id\":\"https:\\\/\\\/inclusivenews.com.br\\\/#website\"},\"primaryImageOfPage\":{\"@id\":\"https:\\\/\\\/inclusivenews.com.br\\\/?p=34391#primaryimage\"},\"image\":{\"@id\":\"https:\\\/\\\/inclusivenews.com.br\\\/?p=34391#primaryimage\"},\"thumbnailUrl\":\"https:\\\/\\\/inclusivenews.com.br\\\/wp-content\\\/uploads\\\/2025\\\/02\\\/image-3.png\",\"datePublished\":\"2025-02-17T15:59:11+00:00\",\"dateModified\":\"2025-02-18T16:16:09+00:00\",\"breadcrumb\":{\"@id\":\"https:\\\/\\\/inclusivenews.com.br\\\/?p=34391#breadcrumb\"},\"inLanguage\":\"pt-PT\",\"potentialAction\":[{\"@type\":\"ReadAction\",\"target\":[\"https:\\\/\\\/inclusivenews.com.br\\\/?p=34391\"]}]},{\"@type\":\"ImageObject\",\"inLanguage\":\"pt-PT\",\"@id\":\"https:\\\/\\\/inclusivenews.com.br\\\/?p=34391#primaryimage\",\"url\":\"https:\\\/\\\/inclusivenews.com.br\\\/wp-content\\\/uploads\\\/2025\\\/02\\\/image-3.png\",\"contentUrl\":\"https:\\\/\\\/inclusivenews.com.br\\\/wp-content\\\/uploads\\\/2025\\\/02\\\/image-3.png\",\"width\":1128,\"height\":634},{\"@type\":\"BreadcrumbList\",\"@id\":\"https:\\\/\\\/inclusivenews.com.br\\\/?p=34391#breadcrumb\",\"itemListElement\":[{\"@type\":\"ListItem\",\"position\":1,\"name\":\"In\u00edcio\",\"item\":\"https:\\\/\\\/inclusivenews.com.br\\\/\"},{\"@type\":\"ListItem\",\"position\":2,\"name\":\"Moira Braga: Teatro, Arte e Cultura DEF \u2013 Podcast Acessando Luc\u00edlia\"}]},{\"@type\":\"WebSite\",\"@id\":\"https:\\\/\\\/inclusivenews.com.br\\\/#website\",\"url\":\"https:\\\/\\\/inclusivenews.com.br\\\/\",\"name\":\"Inclusive News\",\"description\":\"Inclusive News\",\"publisher\":{\"@id\":\"https:\\\/\\\/inclusivenews.com.br\\\/#organization\"},\"potentialAction\":[{\"@type\":\"SearchAction\",\"target\":{\"@type\":\"EntryPoint\",\"urlTemplate\":\"https:\\\/\\\/inclusivenews.com.br\\\/?s={search_term_string}\"},\"query-input\":{\"@type\":\"PropertyValueSpecification\",\"valueRequired\":true,\"valueName\":\"search_term_string\"}}],\"inLanguage\":\"pt-PT\"},{\"@type\":\"Organization\",\"@id\":\"https:\\\/\\\/inclusivenews.com.br\\\/#organization\",\"name\":\"Inclusive - inclus\u00e3o e cidadania\",\"url\":\"https:\\\/\\\/inclusivenews.com.br\\\/\",\"logo\":{\"@type\":\"ImageObject\",\"inLanguage\":\"pt-PT\",\"@id\":\"https:\\\/\\\/inclusivenews.com.br\\\/#\\\/schema\\\/logo\\\/image\\\/\",\"url\":\"https:\\\/\\\/inclusivenews.com.br\\\/wp-content\\\/uploads\\\/2024\\\/03\\\/@grandesite.png\",\"contentUrl\":\"https:\\\/\\\/inclusivenews.com.br\\\/wp-content\\\/uploads\\\/2024\\\/03\\\/@grandesite.png\",\"width\":1080,\"height\":1080,\"caption\":\"Inclusive - inclus\u00e3o e cidadania\"},\"image\":{\"@id\":\"https:\\\/\\\/inclusivenews.com.br\\\/#\\\/schema\\\/logo\\\/image\\\/\"},\"sameAs\":[\"https:\\\/\\\/www.facebook.com\\\/agenciainclusive\\\/\",\"https:\\\/\\\/www.instagram.com\\\/newsinclusive\\\/\"]},{\"@type\":\"Person\",\"@id\":\"https:\\\/\\\/inclusivenews.com.br\\\/#\\\/schema\\\/person\\\/ae4ec7087559b8692fb33b6fffd2273b\",\"name\":\"inclusivenews2024\",\"image\":{\"@type\":\"ImageObject\",\"inLanguage\":\"pt-PT\",\"@id\":\"https:\\\/\\\/secure.gravatar.com\\\/avatar\\\/c5a7ef84c66fa914f55bc4f7ce26cfa275a3b9a1c5568b907bd184fb4dde7b40?s=96&d=mm&r=g\",\"url\":\"https:\\\/\\\/secure.gravatar.com\\\/avatar\\\/c5a7ef84c66fa914f55bc4f7ce26cfa275a3b9a1c5568b907bd184fb4dde7b40?s=96&d=mm&r=g\",\"contentUrl\":\"https:\\\/\\\/secure.gravatar.com\\\/avatar\\\/c5a7ef84c66fa914f55bc4f7ce26cfa275a3b9a1c5568b907bd184fb4dde7b40?s=96&d=mm&r=g\",\"caption\":\"inclusivenews2024\"},\"sameAs\":[\"https:\\\/\\\/inclusivenews.com.br\"],\"url\":\"https:\\\/\\\/inclusivenews.com.br\\\/?author=1\"}]}<\/script>\n<!-- \/ Yoast SEO plugin. -->","yoast_head_json":{"title":"Moira Braga: Teatro, Arte e Cultura DEF \u2013 Podcast Acessando Luc\u00edlia -","robots":{"index":"index","follow":"follow","max-snippet":"max-snippet:-1","max-image-preview":"max-image-preview:large","max-video-preview":"max-video-preview:-1"},"canonical":"https:\/\/inclusivenews.com.br\/?p=34391","og_locale":"pt_PT","og_type":"article","og_title":"Moira Braga: Teatro, Arte e Cultura DEF \u2013 Podcast Acessando Luc\u00edlia -","og_description":"O Podcast Acessando Luc\u00edlia desta ter\u00e7a-feira, 18\/02, recebe Moira Braga, mulher cega, m\u00e3e, atriz, mestre em dan\u00e7a pela Universidade Federal da Bahia (UFBA); preparadora de elenco das novelas &#8220;Todas as Flores&#8221; e &#8220;Renascer&#8221;; idealizadora, coautora e protagonista do espet\u00e1culo &#8220;Heredit\u00e1ria&#8221;, em cartaz no teatro do Espa\u00e7o Cultural S\u00e9rgio Porto, no Rio de Janeiro, at\u00e9 o [&hellip;]","og_url":"https:\/\/inclusivenews.com.br\/?p=34391","article_publisher":"https:\/\/www.facebook.com\/agenciainclusive\/","article_published_time":"2025-02-17T15:59:11+00:00","article_modified_time":"2025-02-18T16:16:09+00:00","og_image":[{"width":1128,"height":634,"url":"https:\/\/inclusivenews.com.br\/wp-content\/uploads\/2025\/02\/image-3.png","type":"image\/png"}],"author":"inclusivenews2024","twitter_card":"summary_large_image","twitter_misc":{"Escrito por":"inclusivenews2024","Tempo estimado de leitura":"3 minutos"},"schema":{"@context":"https:\/\/schema.org","@graph":[{"@type":"Article","@id":"https:\/\/inclusivenews.com.br\/?p=34391#article","isPartOf":{"@id":"https:\/\/inclusivenews.com.br\/?p=34391"},"author":{"name":"inclusivenews2024","@id":"https:\/\/inclusivenews.com.br\/#\/schema\/person\/ae4ec7087559b8692fb33b6fffd2273b"},"headline":"Moira Braga: Teatro, Arte e Cultura DEF \u2013 Podcast Acessando Luc\u00edlia","datePublished":"2025-02-17T15:59:11+00:00","dateModified":"2025-02-18T16:16:09+00:00","mainEntityOfPage":{"@id":"https:\/\/inclusivenews.com.br\/?p=34391"},"wordCount":355,"commentCount":0,"publisher":{"@id":"https:\/\/inclusivenews.com.br\/#organization"},"image":{"@id":"https:\/\/inclusivenews.com.br\/?p=34391#primaryimage"},"thumbnailUrl":"https:\/\/inclusivenews.com.br\/wp-content\/uploads\/2025\/02\/image-3.png","keywords":["Acessando Luc\u00edlia","Acessibilidade","Acessibilidade cultural","arte","Cultura","Inclus\u00e3o","Podcast Acessando Luc\u00edlia","representatividade","teatro"],"articleSection":["PODCAST"],"inLanguage":"pt-PT","potentialAction":[{"@type":"CommentAction","name":"Comment","target":["https:\/\/inclusivenews.com.br\/?p=34391#respond"]}]},{"@type":"WebPage","@id":"https:\/\/inclusivenews.com.br\/?p=34391","url":"https:\/\/inclusivenews.com.br\/?p=34391","name":"Moira Braga: Teatro, Arte e Cultura DEF \u2013 Podcast Acessando Luc\u00edlia -","isPartOf":{"@id":"https:\/\/inclusivenews.com.br\/#website"},"primaryImageOfPage":{"@id":"https:\/\/inclusivenews.com.br\/?p=34391#primaryimage"},"image":{"@id":"https:\/\/inclusivenews.com.br\/?p=34391#primaryimage"},"thumbnailUrl":"https:\/\/inclusivenews.com.br\/wp-content\/uploads\/2025\/02\/image-3.png","datePublished":"2025-02-17T15:59:11+00:00","dateModified":"2025-02-18T16:16:09+00:00","breadcrumb":{"@id":"https:\/\/inclusivenews.com.br\/?p=34391#breadcrumb"},"inLanguage":"pt-PT","potentialAction":[{"@type":"ReadAction","target":["https:\/\/inclusivenews.com.br\/?p=34391"]}]},{"@type":"ImageObject","inLanguage":"pt-PT","@id":"https:\/\/inclusivenews.com.br\/?p=34391#primaryimage","url":"https:\/\/inclusivenews.com.br\/wp-content\/uploads\/2025\/02\/image-3.png","contentUrl":"https:\/\/inclusivenews.com.br\/wp-content\/uploads\/2025\/02\/image-3.png","width":1128,"height":634},{"@type":"BreadcrumbList","@id":"https:\/\/inclusivenews.com.br\/?p=34391#breadcrumb","itemListElement":[{"@type":"ListItem","position":1,"name":"In\u00edcio","item":"https:\/\/inclusivenews.com.br\/"},{"@type":"ListItem","position":2,"name":"Moira Braga: Teatro, Arte e Cultura DEF \u2013 Podcast Acessando Luc\u00edlia"}]},{"@type":"WebSite","@id":"https:\/\/inclusivenews.com.br\/#website","url":"https:\/\/inclusivenews.com.br\/","name":"Inclusive News","description":"Inclusive News","publisher":{"@id":"https:\/\/inclusivenews.com.br\/#organization"},"potentialAction":[{"@type":"SearchAction","target":{"@type":"EntryPoint","urlTemplate":"https:\/\/inclusivenews.com.br\/?s={search_term_string}"},"query-input":{"@type":"PropertyValueSpecification","valueRequired":true,"valueName":"search_term_string"}}],"inLanguage":"pt-PT"},{"@type":"Organization","@id":"https:\/\/inclusivenews.com.br\/#organization","name":"Inclusive - inclus\u00e3o e cidadania","url":"https:\/\/inclusivenews.com.br\/","logo":{"@type":"ImageObject","inLanguage":"pt-PT","@id":"https:\/\/inclusivenews.com.br\/#\/schema\/logo\/image\/","url":"https:\/\/inclusivenews.com.br\/wp-content\/uploads\/2024\/03\/@grandesite.png","contentUrl":"https:\/\/inclusivenews.com.br\/wp-content\/uploads\/2024\/03\/@grandesite.png","width":1080,"height":1080,"caption":"Inclusive - inclus\u00e3o e cidadania"},"image":{"@id":"https:\/\/inclusivenews.com.br\/#\/schema\/logo\/image\/"},"sameAs":["https:\/\/www.facebook.com\/agenciainclusive\/","https:\/\/www.instagram.com\/newsinclusive\/"]},{"@type":"Person","@id":"https:\/\/inclusivenews.com.br\/#\/schema\/person\/ae4ec7087559b8692fb33b6fffd2273b","name":"inclusivenews2024","image":{"@type":"ImageObject","inLanguage":"pt-PT","@id":"https:\/\/secure.gravatar.com\/avatar\/c5a7ef84c66fa914f55bc4f7ce26cfa275a3b9a1c5568b907bd184fb4dde7b40?s=96&d=mm&r=g","url":"https:\/\/secure.gravatar.com\/avatar\/c5a7ef84c66fa914f55bc4f7ce26cfa275a3b9a1c5568b907bd184fb4dde7b40?s=96&d=mm&r=g","contentUrl":"https:\/\/secure.gravatar.com\/avatar\/c5a7ef84c66fa914f55bc4f7ce26cfa275a3b9a1c5568b907bd184fb4dde7b40?s=96&d=mm&r=g","caption":"inclusivenews2024"},"sameAs":["https:\/\/inclusivenews.com.br"],"url":"https:\/\/inclusivenews.com.br\/?author=1"}]}},"_links":{"self":[{"href":"https:\/\/inclusivenews.com.br\/index.php?rest_route=\/wp\/v2\/posts\/34391","targetHints":{"allow":["GET"]}}],"collection":[{"href":"https:\/\/inclusivenews.com.br\/index.php?rest_route=\/wp\/v2\/posts"}],"about":[{"href":"https:\/\/inclusivenews.com.br\/index.php?rest_route=\/wp\/v2\/types\/post"}],"author":[{"embeddable":true,"href":"https:\/\/inclusivenews.com.br\/index.php?rest_route=\/wp\/v2\/users\/1"}],"replies":[{"embeddable":true,"href":"https:\/\/inclusivenews.com.br\/index.php?rest_route=%2Fwp%2Fv2%2Fcomments&post=34391"}],"version-history":[{"count":1,"href":"https:\/\/inclusivenews.com.br\/index.php?rest_route=\/wp\/v2\/posts\/34391\/revisions"}],"predecessor-version":[{"id":34397,"href":"https:\/\/inclusivenews.com.br\/index.php?rest_route=\/wp\/v2\/posts\/34391\/revisions\/34397"}],"wp:featuredmedia":[{"embeddable":true,"href":"https:\/\/inclusivenews.com.br\/index.php?rest_route=\/wp\/v2\/media\/34396"}],"wp:attachment":[{"href":"https:\/\/inclusivenews.com.br\/index.php?rest_route=%2Fwp%2Fv2%2Fmedia&parent=34391"}],"wp:term":[{"taxonomy":"category","embeddable":true,"href":"https:\/\/inclusivenews.com.br\/index.php?rest_route=%2Fwp%2Fv2%2Fcategories&post=34391"},{"taxonomy":"post_tag","embeddable":true,"href":"https:\/\/inclusivenews.com.br\/index.php?rest_route=%2Fwp%2Fv2%2Ftags&post=34391"}],"curies":[{"name":"wp","href":"https:\/\/api.w.org\/{rel}","templated":true}]}}