{"id":34422,"date":"2025-03-06T14:35:09","date_gmt":"2025-03-06T14:35:09","guid":{"rendered":"https:\/\/inclusivenews.com.br\/?p=34422"},"modified":"2025-03-06T14:35:10","modified_gmt":"2025-03-06T14:35:10","slug":"escola-de-samba-embaixadores-da-alegria-pioneira-na-inclusao-celebra-a-riqueza-ancestral-dos-povos-originarios","status":"publish","type":"post","link":"https:\/\/inclusivenews.com.br\/?p=34422","title":{"rendered":"Escola de Samba Embaixadores da Alegria, pioneira na inclus\u00e3o, celebra a riqueza ancestral dos povos origin\u00e1rios"},"content":{"rendered":"\n<p><\/p>\n\n\n\n<p>A Escola de Samba Embaixadores da Alegria, u\u0301nica escola de samba no mundo criada para pessoas com deficie\u0302ncia, abre pelo 17\u00ba ano consecutivo o Desfile das Campea\u0303s do Grupo Especial do Rio de Janeiro. O evento ser\u00e1 neste s\u00e1bado, 8 de mar\u00e7o, \u00e0s 18h30. Todos os ingressos est\u00e3o esgotados.<\/p>\n\n\n\n<p>Em 2025, a escola leva para a Marque\u0302s de Sapucai\u0301 o enredo \u201c<strong>O casamento entre o Ce\u0301u e a Terra<\/strong>\u201d, que destaca a riqueza cultural dos povos origina\u0301rios e a importa\u0302ncia da preservac\u0327a\u0303o ambiental, inspirado no livro O casamento entre o C\u00e9u e a Terra, do escritor Leonardo Boff.  O artista Xande de Pilares \u00e9 um dos compositores do samba-enredo, junto com Gilson Bernini e Clovis P\u00ea. <\/p>\n\n\n\n<figure class=\"wp-block-embed is-type-video is-provider-youtube wp-block-embed-youtube wp-embed-aspect-16-9 wp-has-aspect-ratio\"><div class=\"wp-block-embed__wrapper\">\n<iframe loading=\"lazy\" title=\"Embaixadores da Alegria 2025 | Clipe Oficial\" width=\"500\" height=\"281\" src=\"https:\/\/www.youtube.com\/embed\/P4kLqih7ZcQ?feature=oembed\" frameborder=\"0\" allow=\"accelerometer; autoplay; clipboard-write; encrypted-media; gyroscope; picture-in-picture; web-share\" referrerpolicy=\"strict-origin-when-cross-origin\" allowfullscreen><\/iframe>\n<\/div><\/figure>\n\n\n\n<p><\/p>\n\n\n\n<p><strong>Confira abaixo a letra do samba-enredo na \u00edntegra:<\/strong><\/p>\n\n\n\n<p class=\"has-yuki-font-medium-font-size\">O Casamento entre o c\u00e9u e a terra<\/p>\n\n\n\n<p>Sou eu o verdadeiro dono desse ch\u00e3o<br>Sou eu o guardi\u00e3o, raiz da exist\u00eancia<br>Ouvindo o grito da M\u00e3e Natureza<br>Pedindo mais amor e consci\u00eancia<br>Segue o homem destruindo<br>Mas o C\u00e9u abra\u00e7a a Terra<br>Esse eterno casamento<br>Faz a paz vencer a guerra<br>Quero ver meu para\u00edso<br>Livre como foi um dia<br>Uma dan\u00e7a na cad\u00eancia<br>Em perfeita harmonia<br>Vou no toque do tambor<br>Heran\u00e7a dos ancestrais<br>Sou estrela que reluz<br>Em cren\u00e7as e rituais<br>Rios, matas e florestas est\u00e3o chorando<br>A cobi\u00e7a continua poluindo e devastando<br>Falta respeito, sabedoria<br>Ningu\u00e9m ouve o cora\u00e7\u00e3o<br>No vale-tudo dessa tecnologia<br>Manter a tradi\u00e7\u00e3o \u00e9 preservar<br>E buscar a solu\u00e7\u00e3o<br>\u00c9 honrar a minha hist\u00f3ria<br>E tamb\u00e9m o meu cocar<br>Da aldeia para o mundo, o passado \u00e9 li\u00e7\u00e3o<br>O presente \u00e9 de luta em comunh\u00e3o<br>A esperan\u00e7a vem cantar um novo dia<br>Numa s\u00f3 voz Embaixadores da Alegria<\/p>\n\n\n\n<p><\/p>\n\n\n\n<p class=\"has-yuki-font-medium-font-size\"><strong>A Secretaria Municipal da Pessoa com Defici\u00eancia da cidade do Rio disponibilizou a vers\u00e3o em Libras do samba.<\/strong><\/p>\n\n\n\n<figure class=\"wp-block-embed is-type-video is-provider-youtube wp-block-embed-youtube wp-embed-aspect-16-9 wp-has-aspect-ratio\"><div class=\"wp-block-embed__wrapper\">\n<iframe loading=\"lazy\" title=\"Samba-enredo da Embaixadores da Alegria em Libras - Carnaval 2025\" width=\"500\" height=\"281\" src=\"https:\/\/www.youtube.com\/embed\/ORLWpEii7ss?feature=oembed\" frameborder=\"0\" allow=\"accelerometer; autoplay; clipboard-write; encrypted-media; gyroscope; picture-in-picture; web-share\" referrerpolicy=\"strict-origin-when-cross-origin\" allowfullscreen><\/iframe>\n<\/div><\/figure>\n\n\n\n<p><\/p>\n","protected":false},"excerpt":{"rendered":"<p>A Escola de Samba Embaixadores da Alegria, u\u0301nica escola de samba no mundo criada para pessoas com deficie\u0302ncia, abre pelo 17\u00ba ano consecutivo o Desfile das Campea\u0303s do Grupo Especial do Rio de Janeiro. O evento ser\u00e1 neste s\u00e1bado, 8 de mar\u00e7o, \u00e0s 18h30. Todos os ingressos est\u00e3o esgotados. Em 2025, a escola leva para [&hellip;]<\/p>\n","protected":false},"author":1,"featured_media":34428,"comment_status":"open","ping_status":"open","sticky":false,"template":"","format":"standard","meta":{"site-container-style":"default","site-container-layout":"default","site-sidebar-layout":"default","disable-article-header":"default","disable-site-header":"default","disable-site-footer":"default","disable-content-area-spacing":"default","footnotes":""},"categories":[29,38],"tags":[305,237,734,754,656,735,755,487,476],"class_list":["post-34422","post","type-post","status-publish","format-standard","has-post-thumbnail","hentry","category-cultura","category-deficiencia","tag-acessibilidade-cultural","tag-carnaval","tag-carnaval-2025","tag-carnaval-carioca","tag-cultura","tag-embaixadores-da-alegria","tag-o-casamento-entre-o-ceu-e-a-terra","tag-pcd","tag-pessoa-com-deficienca"],"yoast_head":"<!-- This site is optimized with the Yoast SEO plugin v27.4 - https:\/\/yoast.com\/product\/yoast-seo-wordpress\/ -->\n<title>Escola de Samba Embaixadores da Alegria, pioneira na inclus\u00e3o, celebra a riqueza ancestral dos povos origin\u00e1rios -<\/title>\n<meta name=\"robots\" content=\"index, follow, max-snippet:-1, max-image-preview:large, max-video-preview:-1\" \/>\n<link rel=\"canonical\" href=\"https:\/\/inclusivenews.com.br\/?p=34422\" \/>\n<meta property=\"og:locale\" content=\"pt_PT\" \/>\n<meta property=\"og:type\" content=\"article\" \/>\n<meta property=\"og:title\" content=\"Escola de Samba Embaixadores da Alegria, pioneira na inclus\u00e3o, celebra a riqueza ancestral dos povos origin\u00e1rios -\" \/>\n<meta property=\"og:description\" content=\"A Escola de Samba Embaixadores da Alegria, u\u0301nica escola de samba no mundo criada para pessoas com deficie\u0302ncia, abre pelo 17\u00ba ano consecutivo o Desfile das Campea\u0303s do Grupo Especial do Rio de Janeiro. O evento ser\u00e1 neste s\u00e1bado, 8 de mar\u00e7o, \u00e0s 18h30. Todos os ingressos est\u00e3o esgotados. Em 2025, a escola leva para [&hellip;]\" \/>\n<meta property=\"og:url\" content=\"https:\/\/inclusivenews.com.br\/?p=34422\" \/>\n<meta property=\"article:publisher\" content=\"https:\/\/www.facebook.com\/agenciainclusive\/\" \/>\n<meta property=\"article:published_time\" content=\"2025-03-06T14:35:09+00:00\" \/>\n<meta property=\"article:modified_time\" content=\"2025-03-06T14:35:10+00:00\" \/>\n<meta property=\"og:image\" content=\"https:\/\/inclusivenews.com.br\/wp-content\/uploads\/2025\/03\/carnaval.jpeg\" \/>\n\t<meta property=\"og:image:width\" content=\"756\" \/>\n\t<meta property=\"og:image:height\" content=\"439\" \/>\n\t<meta property=\"og:image:type\" content=\"image\/jpeg\" \/>\n<meta name=\"author\" content=\"inclusivenews2024\" \/>\n<meta name=\"twitter:card\" content=\"summary_large_image\" \/>\n<meta name=\"twitter:label1\" content=\"Escrito por\" \/>\n\t<meta name=\"twitter:data1\" content=\"inclusivenews2024\" \/>\n\t<meta name=\"twitter:label2\" content=\"Tempo estimado de leitura\" \/>\n\t<meta name=\"twitter:data2\" content=\"2 minutos\" \/>\n<script type=\"application\/ld+json\" class=\"yoast-schema-graph\">{\"@context\":\"https:\\\/\\\/schema.org\",\"@graph\":[{\"@type\":\"Article\",\"@id\":\"https:\\\/\\\/inclusivenews.com.br\\\/?p=34422#article\",\"isPartOf\":{\"@id\":\"https:\\\/\\\/inclusivenews.com.br\\\/?p=34422\"},\"author\":{\"name\":\"inclusivenews2024\",\"@id\":\"https:\\\/\\\/inclusivenews.com.br\\\/#\\\/schema\\\/person\\\/ae4ec7087559b8692fb33b6fffd2273b\"},\"headline\":\"Escola de Samba Embaixadores da Alegria, pioneira na inclus\u00e3o, celebra a riqueza ancestral dos povos origin\u00e1rios\",\"datePublished\":\"2025-03-06T14:35:09+00:00\",\"dateModified\":\"2025-03-06T14:35:10+00:00\",\"mainEntityOfPage\":{\"@id\":\"https:\\\/\\\/inclusivenews.com.br\\\/?p=34422\"},\"wordCount\":338,\"commentCount\":0,\"publisher\":{\"@id\":\"https:\\\/\\\/inclusivenews.com.br\\\/#organization\"},\"image\":{\"@id\":\"https:\\\/\\\/inclusivenews.com.br\\\/?p=34422#primaryimage\"},\"thumbnailUrl\":\"https:\\\/\\\/inclusivenews.com.br\\\/wp-content\\\/uploads\\\/2025\\\/03\\\/carnaval.jpeg\",\"keywords\":[\"Acessibilidade cultural\",\"carnaval\",\"carnaval 2025\",\"carnaval carioca\",\"Cultura\",\"Embaixadores da Alegria\",\"O Casamento entre o C\u00e9u e a Terra\",\"PcD\",\"pessoa com defici\u00eanca\"],\"articleSection\":[\"Cultura\",\"Defici\u00eancia\"],\"inLanguage\":\"pt-PT\",\"potentialAction\":[{\"@type\":\"CommentAction\",\"name\":\"Comment\",\"target\":[\"https:\\\/\\\/inclusivenews.com.br\\\/?p=34422#respond\"]}]},{\"@type\":\"WebPage\",\"@id\":\"https:\\\/\\\/inclusivenews.com.br\\\/?p=34422\",\"url\":\"https:\\\/\\\/inclusivenews.com.br\\\/?p=34422\",\"name\":\"Escola de Samba Embaixadores da Alegria, pioneira na inclus\u00e3o, celebra a riqueza ancestral dos povos origin\u00e1rios -\",\"isPartOf\":{\"@id\":\"https:\\\/\\\/inclusivenews.com.br\\\/#website\"},\"primaryImageOfPage\":{\"@id\":\"https:\\\/\\\/inclusivenews.com.br\\\/?p=34422#primaryimage\"},\"image\":{\"@id\":\"https:\\\/\\\/inclusivenews.com.br\\\/?p=34422#primaryimage\"},\"thumbnailUrl\":\"https:\\\/\\\/inclusivenews.com.br\\\/wp-content\\\/uploads\\\/2025\\\/03\\\/carnaval.jpeg\",\"datePublished\":\"2025-03-06T14:35:09+00:00\",\"dateModified\":\"2025-03-06T14:35:10+00:00\",\"breadcrumb\":{\"@id\":\"https:\\\/\\\/inclusivenews.com.br\\\/?p=34422#breadcrumb\"},\"inLanguage\":\"pt-PT\",\"potentialAction\":[{\"@type\":\"ReadAction\",\"target\":[\"https:\\\/\\\/inclusivenews.com.br\\\/?p=34422\"]}]},{\"@type\":\"ImageObject\",\"inLanguage\":\"pt-PT\",\"@id\":\"https:\\\/\\\/inclusivenews.com.br\\\/?p=34422#primaryimage\",\"url\":\"https:\\\/\\\/inclusivenews.com.br\\\/wp-content\\\/uploads\\\/2025\\\/03\\\/carnaval.jpeg\",\"contentUrl\":\"https:\\\/\\\/inclusivenews.com.br\\\/wp-content\\\/uploads\\\/2025\\\/03\\\/carnaval.jpeg\",\"width\":756,\"height\":439},{\"@type\":\"BreadcrumbList\",\"@id\":\"https:\\\/\\\/inclusivenews.com.br\\\/?p=34422#breadcrumb\",\"itemListElement\":[{\"@type\":\"ListItem\",\"position\":1,\"name\":\"In\u00edcio\",\"item\":\"https:\\\/\\\/inclusivenews.com.br\\\/\"},{\"@type\":\"ListItem\",\"position\":2,\"name\":\"Escola de Samba Embaixadores da Alegria, pioneira na inclus\u00e3o, celebra a riqueza ancestral dos povos origin\u00e1rios\"}]},{\"@type\":\"WebSite\",\"@id\":\"https:\\\/\\\/inclusivenews.com.br\\\/#website\",\"url\":\"https:\\\/\\\/inclusivenews.com.br\\\/\",\"name\":\"Inclusive News\",\"description\":\"Inclusive News\",\"publisher\":{\"@id\":\"https:\\\/\\\/inclusivenews.com.br\\\/#organization\"},\"potentialAction\":[{\"@type\":\"SearchAction\",\"target\":{\"@type\":\"EntryPoint\",\"urlTemplate\":\"https:\\\/\\\/inclusivenews.com.br\\\/?s={search_term_string}\"},\"query-input\":{\"@type\":\"PropertyValueSpecification\",\"valueRequired\":true,\"valueName\":\"search_term_string\"}}],\"inLanguage\":\"pt-PT\"},{\"@type\":\"Organization\",\"@id\":\"https:\\\/\\\/inclusivenews.com.br\\\/#organization\",\"name\":\"Inclusive - inclus\u00e3o e cidadania\",\"url\":\"https:\\\/\\\/inclusivenews.com.br\\\/\",\"logo\":{\"@type\":\"ImageObject\",\"inLanguage\":\"pt-PT\",\"@id\":\"https:\\\/\\\/inclusivenews.com.br\\\/#\\\/schema\\\/logo\\\/image\\\/\",\"url\":\"https:\\\/\\\/inclusivenews.com.br\\\/wp-content\\\/uploads\\\/2024\\\/03\\\/@grandesite.png\",\"contentUrl\":\"https:\\\/\\\/inclusivenews.com.br\\\/wp-content\\\/uploads\\\/2024\\\/03\\\/@grandesite.png\",\"width\":1080,\"height\":1080,\"caption\":\"Inclusive - inclus\u00e3o e cidadania\"},\"image\":{\"@id\":\"https:\\\/\\\/inclusivenews.com.br\\\/#\\\/schema\\\/logo\\\/image\\\/\"},\"sameAs\":[\"https:\\\/\\\/www.facebook.com\\\/agenciainclusive\\\/\",\"https:\\\/\\\/www.instagram.com\\\/newsinclusive\\\/\"]},{\"@type\":\"Person\",\"@id\":\"https:\\\/\\\/inclusivenews.com.br\\\/#\\\/schema\\\/person\\\/ae4ec7087559b8692fb33b6fffd2273b\",\"name\":\"inclusivenews2024\",\"image\":{\"@type\":\"ImageObject\",\"inLanguage\":\"pt-PT\",\"@id\":\"https:\\\/\\\/secure.gravatar.com\\\/avatar\\\/c5a7ef84c66fa914f55bc4f7ce26cfa275a3b9a1c5568b907bd184fb4dde7b40?s=96&d=mm&r=g\",\"url\":\"https:\\\/\\\/secure.gravatar.com\\\/avatar\\\/c5a7ef84c66fa914f55bc4f7ce26cfa275a3b9a1c5568b907bd184fb4dde7b40?s=96&d=mm&r=g\",\"contentUrl\":\"https:\\\/\\\/secure.gravatar.com\\\/avatar\\\/c5a7ef84c66fa914f55bc4f7ce26cfa275a3b9a1c5568b907bd184fb4dde7b40?s=96&d=mm&r=g\",\"caption\":\"inclusivenews2024\"},\"sameAs\":[\"https:\\\/\\\/inclusivenews.com.br\"],\"url\":\"https:\\\/\\\/inclusivenews.com.br\\\/?author=1\"}]}<\/script>\n<!-- \/ Yoast SEO plugin. -->","yoast_head_json":{"title":"Escola de Samba Embaixadores da Alegria, pioneira na inclus\u00e3o, celebra a riqueza ancestral dos povos origin\u00e1rios -","robots":{"index":"index","follow":"follow","max-snippet":"max-snippet:-1","max-image-preview":"max-image-preview:large","max-video-preview":"max-video-preview:-1"},"canonical":"https:\/\/inclusivenews.com.br\/?p=34422","og_locale":"pt_PT","og_type":"article","og_title":"Escola de Samba Embaixadores da Alegria, pioneira na inclus\u00e3o, celebra a riqueza ancestral dos povos origin\u00e1rios -","og_description":"A Escola de Samba Embaixadores da Alegria, u\u0301nica escola de samba no mundo criada para pessoas com deficie\u0302ncia, abre pelo 17\u00ba ano consecutivo o Desfile das Campea\u0303s do Grupo Especial do Rio de Janeiro. O evento ser\u00e1 neste s\u00e1bado, 8 de mar\u00e7o, \u00e0s 18h30. Todos os ingressos est\u00e3o esgotados. Em 2025, a escola leva para [&hellip;]","og_url":"https:\/\/inclusivenews.com.br\/?p=34422","article_publisher":"https:\/\/www.facebook.com\/agenciainclusive\/","article_published_time":"2025-03-06T14:35:09+00:00","article_modified_time":"2025-03-06T14:35:10+00:00","og_image":[{"width":756,"height":439,"url":"https:\/\/inclusivenews.com.br\/wp-content\/uploads\/2025\/03\/carnaval.jpeg","type":"image\/jpeg"}],"author":"inclusivenews2024","twitter_card":"summary_large_image","twitter_misc":{"Escrito por":"inclusivenews2024","Tempo estimado de leitura":"2 minutos"},"schema":{"@context":"https:\/\/schema.org","@graph":[{"@type":"Article","@id":"https:\/\/inclusivenews.com.br\/?p=34422#article","isPartOf":{"@id":"https:\/\/inclusivenews.com.br\/?p=34422"},"author":{"name":"inclusivenews2024","@id":"https:\/\/inclusivenews.com.br\/#\/schema\/person\/ae4ec7087559b8692fb33b6fffd2273b"},"headline":"Escola de Samba Embaixadores da Alegria, pioneira na inclus\u00e3o, celebra a riqueza ancestral dos povos origin\u00e1rios","datePublished":"2025-03-06T14:35:09+00:00","dateModified":"2025-03-06T14:35:10+00:00","mainEntityOfPage":{"@id":"https:\/\/inclusivenews.com.br\/?p=34422"},"wordCount":338,"commentCount":0,"publisher":{"@id":"https:\/\/inclusivenews.com.br\/#organization"},"image":{"@id":"https:\/\/inclusivenews.com.br\/?p=34422#primaryimage"},"thumbnailUrl":"https:\/\/inclusivenews.com.br\/wp-content\/uploads\/2025\/03\/carnaval.jpeg","keywords":["Acessibilidade cultural","carnaval","carnaval 2025","carnaval carioca","Cultura","Embaixadores da Alegria","O Casamento entre o C\u00e9u e a Terra","PcD","pessoa com defici\u00eanca"],"articleSection":["Cultura","Defici\u00eancia"],"inLanguage":"pt-PT","potentialAction":[{"@type":"CommentAction","name":"Comment","target":["https:\/\/inclusivenews.com.br\/?p=34422#respond"]}]},{"@type":"WebPage","@id":"https:\/\/inclusivenews.com.br\/?p=34422","url":"https:\/\/inclusivenews.com.br\/?p=34422","name":"Escola de Samba Embaixadores da Alegria, pioneira na inclus\u00e3o, celebra a riqueza ancestral dos povos origin\u00e1rios -","isPartOf":{"@id":"https:\/\/inclusivenews.com.br\/#website"},"primaryImageOfPage":{"@id":"https:\/\/inclusivenews.com.br\/?p=34422#primaryimage"},"image":{"@id":"https:\/\/inclusivenews.com.br\/?p=34422#primaryimage"},"thumbnailUrl":"https:\/\/inclusivenews.com.br\/wp-content\/uploads\/2025\/03\/carnaval.jpeg","datePublished":"2025-03-06T14:35:09+00:00","dateModified":"2025-03-06T14:35:10+00:00","breadcrumb":{"@id":"https:\/\/inclusivenews.com.br\/?p=34422#breadcrumb"},"inLanguage":"pt-PT","potentialAction":[{"@type":"ReadAction","target":["https:\/\/inclusivenews.com.br\/?p=34422"]}]},{"@type":"ImageObject","inLanguage":"pt-PT","@id":"https:\/\/inclusivenews.com.br\/?p=34422#primaryimage","url":"https:\/\/inclusivenews.com.br\/wp-content\/uploads\/2025\/03\/carnaval.jpeg","contentUrl":"https:\/\/inclusivenews.com.br\/wp-content\/uploads\/2025\/03\/carnaval.jpeg","width":756,"height":439},{"@type":"BreadcrumbList","@id":"https:\/\/inclusivenews.com.br\/?p=34422#breadcrumb","itemListElement":[{"@type":"ListItem","position":1,"name":"In\u00edcio","item":"https:\/\/inclusivenews.com.br\/"},{"@type":"ListItem","position":2,"name":"Escola de Samba Embaixadores da Alegria, pioneira na inclus\u00e3o, celebra a riqueza ancestral dos povos origin\u00e1rios"}]},{"@type":"WebSite","@id":"https:\/\/inclusivenews.com.br\/#website","url":"https:\/\/inclusivenews.com.br\/","name":"Inclusive News","description":"Inclusive News","publisher":{"@id":"https:\/\/inclusivenews.com.br\/#organization"},"potentialAction":[{"@type":"SearchAction","target":{"@type":"EntryPoint","urlTemplate":"https:\/\/inclusivenews.com.br\/?s={search_term_string}"},"query-input":{"@type":"PropertyValueSpecification","valueRequired":true,"valueName":"search_term_string"}}],"inLanguage":"pt-PT"},{"@type":"Organization","@id":"https:\/\/inclusivenews.com.br\/#organization","name":"Inclusive - inclus\u00e3o e cidadania","url":"https:\/\/inclusivenews.com.br\/","logo":{"@type":"ImageObject","inLanguage":"pt-PT","@id":"https:\/\/inclusivenews.com.br\/#\/schema\/logo\/image\/","url":"https:\/\/inclusivenews.com.br\/wp-content\/uploads\/2024\/03\/@grandesite.png","contentUrl":"https:\/\/inclusivenews.com.br\/wp-content\/uploads\/2024\/03\/@grandesite.png","width":1080,"height":1080,"caption":"Inclusive - inclus\u00e3o e cidadania"},"image":{"@id":"https:\/\/inclusivenews.com.br\/#\/schema\/logo\/image\/"},"sameAs":["https:\/\/www.facebook.com\/agenciainclusive\/","https:\/\/www.instagram.com\/newsinclusive\/"]},{"@type":"Person","@id":"https:\/\/inclusivenews.com.br\/#\/schema\/person\/ae4ec7087559b8692fb33b6fffd2273b","name":"inclusivenews2024","image":{"@type":"ImageObject","inLanguage":"pt-PT","@id":"https:\/\/secure.gravatar.com\/avatar\/c5a7ef84c66fa914f55bc4f7ce26cfa275a3b9a1c5568b907bd184fb4dde7b40?s=96&d=mm&r=g","url":"https:\/\/secure.gravatar.com\/avatar\/c5a7ef84c66fa914f55bc4f7ce26cfa275a3b9a1c5568b907bd184fb4dde7b40?s=96&d=mm&r=g","contentUrl":"https:\/\/secure.gravatar.com\/avatar\/c5a7ef84c66fa914f55bc4f7ce26cfa275a3b9a1c5568b907bd184fb4dde7b40?s=96&d=mm&r=g","caption":"inclusivenews2024"},"sameAs":["https:\/\/inclusivenews.com.br"],"url":"https:\/\/inclusivenews.com.br\/?author=1"}]}},"_links":{"self":[{"href":"https:\/\/inclusivenews.com.br\/index.php?rest_route=\/wp\/v2\/posts\/34422","targetHints":{"allow":["GET"]}}],"collection":[{"href":"https:\/\/inclusivenews.com.br\/index.php?rest_route=\/wp\/v2\/posts"}],"about":[{"href":"https:\/\/inclusivenews.com.br\/index.php?rest_route=\/wp\/v2\/types\/post"}],"author":[{"embeddable":true,"href":"https:\/\/inclusivenews.com.br\/index.php?rest_route=\/wp\/v2\/users\/1"}],"replies":[{"embeddable":true,"href":"https:\/\/inclusivenews.com.br\/index.php?rest_route=%2Fwp%2Fv2%2Fcomments&post=34422"}],"version-history":[{"count":2,"href":"https:\/\/inclusivenews.com.br\/index.php?rest_route=\/wp\/v2\/posts\/34422\/revisions"}],"predecessor-version":[{"id":34430,"href":"https:\/\/inclusivenews.com.br\/index.php?rest_route=\/wp\/v2\/posts\/34422\/revisions\/34430"}],"wp:featuredmedia":[{"embeddable":true,"href":"https:\/\/inclusivenews.com.br\/index.php?rest_route=\/wp\/v2\/media\/34428"}],"wp:attachment":[{"href":"https:\/\/inclusivenews.com.br\/index.php?rest_route=%2Fwp%2Fv2%2Fmedia&parent=34422"}],"wp:term":[{"taxonomy":"category","embeddable":true,"href":"https:\/\/inclusivenews.com.br\/index.php?rest_route=%2Fwp%2Fv2%2Fcategories&post=34422"},{"taxonomy":"post_tag","embeddable":true,"href":"https:\/\/inclusivenews.com.br\/index.php?rest_route=%2Fwp%2Fv2%2Ftags&post=34422"}],"curies":[{"name":"wp","href":"https:\/\/api.w.org\/{rel}","templated":true}]}}