{"id":34449,"date":"2025-03-14T15:57:32","date_gmt":"2025-03-14T15:57:32","guid":{"rendered":"https:\/\/inclusivenews.com.br\/?p=34449"},"modified":"2025-03-14T15:57:32","modified_gmt":"2025-03-14T15:57:32","slug":"nenhuma-decisao-sem-nos","status":"publish","type":"post","link":"https:\/\/inclusivenews.com.br\/?p=34449","title":{"rendered":"Nenhuma decis\u00e3o sem n\u00f3s!"},"content":{"rendered":"\n<p><\/p>\n\n\n\n<p><strong>21\/3 de 2025 \u2013 Dia Internacional da S\u00edndrome de Down<\/strong><\/p>\n\n\n\n<p id=\"1ztsl6902\">Para o Dia Internacional da S\u00edndrome de Down, em 21\/3\/2025, a associa\u00e7\u00f5 italiana CoorDown est\u00e1 lan\u00e7ando o campanha \u201cNENHUMA DECIS\u00c3O SEM N\u00d3S\u201d que demanda a presen\u00e7a de pessoas com defici\u00eancias nos lugares onde as decis\u00f5es s\u00e3o tomadas, seja em rela\u00e7\u00e3o \u00e0 autonomia pessoal, quest\u00f5es sociais ou pol\u00edticas.<\/p>\n\n\n\n<p id=\"7b2ut6982\">A vers\u00e3o legendada em portugu\u00eas e Libras \u00e9 uma parceria entre o Instituto Metasocial, a Federa\u00e7\u00e3o Brasileira de S\u00edndrome de Down, o Movimento Down e o Cromossomo21. Confira aqui: <a href=\"https:\/\/www.instagram.com\/p\/DHKT7VYpFg9\/?hl=pt-br\" target=\"_blank\" rel=\"noreferrer noopener\"><strong><u>https:\/\/www.instagram.com\/p\/DHKT7VYpFg9\/?hl=pt-br<\/u><\/strong><\/a><\/p>\n\n\n\n<p id=\"e1qhr7472\">As pessoas com defici\u00eancia querem estar onde as decis\u00f5es s\u00e3o tomadas<\/p>\n\n\n\n<p id=\"99ssb102\">O filme da campanha internacional de conscientiza\u00e7\u00e3o foi criado em colabora\u00e7\u00e3o com a ag\u00eancia SMALL, com sede em Nova York. O v\u00eddeo \u00e9 um musical com Caterina Scorsone, estrela de \u201cGrey\u2019s Anatomy\u201d e m\u00e3e de uma filha com s\u00edndrome de Down. Pela primeira vez uma campanha da CoorDown incluiu tamb\u00e9m atores com diferentes defici\u00eancias entre os protagonistas.<\/p>\n\n\n\n<p id=\"amywu6024\"><strong>ASSISTA AO V\u00cdDEO ORIGINAL<\/strong><\/p>\n\n\n\n<figure class=\"wp-block-embed is-type-video is-provider-youtube wp-block-embed-youtube wp-embed-aspect-16-9 wp-has-aspect-ratio\"><div class=\"wp-block-embed__wrapper\">\n<iframe loading=\"lazy\" title=\"NO DECISION WITHOUT US | World Down Syndrome Day 2025\" width=\"500\" height=\"281\" src=\"https:\/\/www.youtube.com\/embed\/xRIQ80rJKAc?feature=oembed\" frameborder=\"0\" allow=\"accelerometer; autoplay; clipboard-write; encrypted-media; gyroscope; picture-in-picture; web-share\" referrerpolicy=\"strict-origin-when-cross-origin\" allowfullscreen><\/iframe>\n<\/div><\/figure>\n\n\n\n<p id=\"3p7tb113\">A inclus\u00e3o nunca ser\u00e1 poss\u00edvel se as decis\u00f5es que moldam o mundo forem tomadas apenas por poucas pessoas, por exemplo. Poucas pessoas. N\u00e3o se trata apenas de oferecer oportunidades espec\u00edficas de inclus\u00e3o, mas de mudar a maneira como todos vivemos juntos: as pessoas com defici\u00eancia querem estar onde as decis\u00f5es s\u00e3o tomadas e onde o mundo \u00e9 planejado.<\/p>\n\n\n\n<p id=\"8eqja1923\">De acordo com a Organiza\u00e7\u00e3o Mundial da Sa\u00fade (OMS), pelo menos um bilh\u00e3o de pessoas, 15% da popula\u00e7\u00e3o global, vivem com uma defici\u00eancia. Mas onde est\u00e3o essas pessoas quando os planos para o mundo em que vivem s\u00e3o feitos? Elas n\u00e3o s\u00e3o protagonistas. Os ambientes onde as decis\u00f5es s\u00e3o tomadas permanecem fechados e existe o risco de se tornarem cada vez mais inacess\u00edveis. Isso se aplica a todas as pessoas com defici\u00eancia.<\/p>\n\n\n\n<p id=\"w2fvp121\">Dois anos atr\u00e1s, o filme \u201cDesculpas rid\u00edculas para n\u00e3o ser inclusivo\u201d come\u00e7ou com estas palavras: \u201cEm um mundo cada vez mais atento \u00e0 inclus\u00e3o, resta apenas um truque para evit\u00e1-la: inventar uma desculpa rid\u00edcula. Hoje, vemos retrocessos na quest\u00e3o da inclus\u00e3o. Enquanto direitos duramente conquistados e conquistas das pessoas com defici\u00eancia no trabalho, na escola, no esporte e na sociedade est\u00e3o sendo questionados e cancelados por decretos, a CoorDown e associa\u00e7\u00f5es ao redor do mundo, juntamente com todos as pessoas com defici\u00eancia n\u00e3o s\u00f3 querem resistir, mas querem dar cem passos \u00e0 frente.<\/p>\n\n\n\n<p id=\"3bps4125\">As pessoas com defici\u00eancia n\u00e3o querem apenas fazer parte do mundo, mas querem estar entre aqueles que tomam decis\u00f5es sobre o mundo em que habitam.<\/p>\n\n\n\n<p id=\"0qzky127\">O filme \u201cNENHUMA DECIS\u00c3O SEM N\u00d3S\u201d nasceu de um compromisso com a import\u00e2ncia de incluir pessoas com s\u00edndrome de Down e pessoas com defici\u00eancia em geral nos processos de tomada de decis\u00e3o. A m\u00fasica cativante e original NENHUMA DECIS\u00c3O SEM N\u00d3S, traz pessoas com v\u00e1rias defici\u00eancias, em uma variedade de ambientes, juntos para afirmar seu lugar de direito na sociedade. Elas se unem para exigir fazer parte das conversas que afetam suas vidas \u2013 desde as roupas que vestem, at\u00e9 como vivem, da escola ao trabalho, e para decidir como os espa\u00e7os ao seu redor s\u00e3o projetados \u2013 porque o que acess\u00edvel para alguns nem sempre \u00e9 acess\u00edvel para todos.<\/p>\n\n\n\n<p id=\"5c91t131\">No in\u00edcio do filme, somos transportados para o quarto de Sofia, uma garota com s\u00edndrome de Down. Os pais de Sophia est\u00e3o decidindo qual vestido sua filha deve usar em um casamento, sem pedir sua opini\u00e3o. Sofia n\u00e3o est\u00e1 envolvida no processo de tomada de decis\u00e3o. De repente, Sofia invade a sala, exigindo que ela deve tomar esta decis\u00e3o. Um usu\u00e1rio de cadeira de rodas quer estar no onde o projeto para uma nova esta\u00e7\u00e3o de trem est\u00e1 sendo aprovado. Uma mulher com nanismo quer se envolver no projeto do seu espa\u00e7o de trabalho. Um aluno surdo reage com sarcasmo quando o diretor da escola diz para todos fugirem ao som do alarme de inc\u00eandio. Uma pessoa cega em um aeroporto reclama de um ponto de informa\u00e7\u00e3o com tela sens\u00edvel ao toque que \u00e9 in\u00fatil para quem n\u00e3o enxerga. Finalmente, uma mulher com uma defici\u00eancia f\u00edsica e um homem com defici\u00eancia intelectual pedem a um pol\u00edtico no congresso para estarem onde as leis s\u00e3o escritas.<\/p>\n\n\n\n<p id=\"xmzp72988\">De hoje at\u00e9 21 de mar\u00e7o, os canais de m\u00eddia social da @CoorDown \u2013 do TikTok ao Instagram e Facebook \u2013 v\u00e3o compartilhar e ampliar as hist\u00f3rias de pessoas com defici\u00eancia contando sobre decis\u00f5es das quais foram exclu\u00eddas, sob o grito de guerra: \u201cQuero estar onde as decis\u00f5es s\u00e3o tomadas. Nenhuma decis\u00e3o sobre n\u00f3s, sem n\u00f3s.\u201d<\/p>\n\n\n\n<p id=\"y83hp135\">\u201cNENHUMA DECIS\u00c3O SEM N\u00d3S\u201d est\u00e1 dispon\u00edvel no canal do Youtube e em todas as plataformas sociais da CoorDown e parceiros. Um elenco profissional internacional foi escolhido para o filme, com Mia Noelle Rodriguez, jovem atriz e cantora com s\u00edndrome de Down de 16 anos, junto com Caterina Scorsone, atriz de \u201cGrey\u2019s Anatomy\u201d e estrela global, m\u00e3e de uma filha com s\u00edndrome de Down e porta-voz da Global Down Syndrome Foundation.<\/p>\n\n\n\n<p id=\"lokz03078\">Atores, atrizes e performers com defici\u00eancia que, al\u00e9m de atuar interpretaram a m\u00fasica original do filme: Blake Stadnik, Jahmai Davis, Annika Nadine Hutsler, Ali Chapman, Danny Gomez, Cole Sibus, Domonique Brown.<\/p>\n\n\n\n<p id=\"4nlla3341\">A campanha foi criada em colabora\u00e7\u00e3o com a ag\u00eancia nova-iorquina SMALL e produzida pela Indiana Production, dirigida por Rich Lee, com cinematografia de Christopher Probst.<\/p>\n\n\n\n<p id=\"utrdy141\">A m\u00fasica foi composta e interpretada por Stabbiolo Music. Esta campanha internacional nasceu na It\u00e1lia com a CoorDown e \u00e9 apoiada pelo Down\u2019s Syndrome Association UK \u2014 que esteve ao lado da ONG italiana neste projeto de comunica\u00e7\u00e3o desde 2014 \u2014 e inclui contribui\u00e7\u00f5es de v\u00e1rios associa\u00e7\u00f5es que fortalecem seu impacto global: Down Syndrome Australia, National Down Sociedade de S\u00edndromes, Sociedade Canadense de S\u00edndrome de Down, Funda\u00e7\u00e3o Global de S\u00edndrome de Down, Together Academy, Associa\u00e7\u00e3o de S\u00edndrome de Down da Nova Zel\u00e2ndia, Down Syndrome International e With Not For.<\/p>\n\n\n\n<p id=\"wr48z149\">Com esta campanha, a Fondazione Cariplo une for\u00e7as com a CoorDown e lan\u00e7a um Programa de 20 milh\u00f5es de euros, para garantir o projeto de vida de pessoas com Defici\u00eancia. Desde 2000, a Fondazione Cariplo trabalha com quest\u00f5es relacionadas \u00e0 defici\u00eancia, desde a inclus\u00e3o na habita\u00e7\u00e3o e no trabalho, \u00e0 prote\u00e7\u00e3o jur\u00eddica e \u00e0 inclus\u00e3o social. A campanha tamb\u00e9m recebeu apoio da Fondazione Compagnia di San Paolo, ABMauri It\u00e1lia Spa Societ\u00e0 Benefit e Eco Demolizioni.<\/p>\n\n\n\n<p id=\"xliyo153\">A campanha deste ano tamb\u00e9m apresenta parte do elenco vestindo pe\u00e7as de vestu\u00e1rio adapt\u00e1vel da rede de lojas Primark. Desenvolvido pela premiada Victoria Jenkins, a cole\u00e7\u00e3o foi projetada para ser inclusiva, com foco no desenho universal que facilitam o uso por pessoas com uma variedade de defici\u00eancias. Inclui recursos como z\u00edperes magn\u00e9ticos, fechos de press\u00e3o, presilhas na cintura e aberturas ocultas para tubo, ostomia ou acesso de cateter, juntamente com uma cole\u00e7\u00e3o especial criada para ser confort\u00e1vel e pr\u00e1tica para usu\u00e1rios de cadeira de rodas. A empresa de acessibilidade Scribely criou uma vers\u00e3o com audiodescri\u00e7\u00e3o do v\u00eddeo e &nbsp;transcri\u00e7\u00e3o descritiva.<\/p>\n\n\n\n<p id=\"0pm88159\">A presidente da CoorDown, Martina Fuga, afirma: \u00abTodos n\u00f3s sabemos o peso de ter decis\u00f5es tomadas por outros, sem poder expressar nossa voz. As pessoas com defici\u00eancia vivem essa frustra\u00e7\u00e3o todos os dias. Elas enfrentam isso em suas vidas privadas, na escola, no trabalho, nos espa\u00e7os que habitam, quando viajam e na vida social. Depois de anos de progresso lento, mas significativo em dire\u00e7\u00e3o a um mundo mais inclusivo, hoje enfrentamos um retrocessos preocupantes. Com essa campanha, unimos nossa voz a todas as pessoas com defici\u00eancia, lan\u00e7ando um apelo \u00e0 a\u00e7\u00e3o que<\/p>\n\n\n\n<p id=\"zr4oi161\">transcende todas as divis\u00f5es e barreiras. Somente nos unindo e exigindo com firmeza um lugar em mesa de tomada de decis\u00e3o podemos enfrentar este momento hist\u00f3rico que parece ter a inten\u00e7\u00e3o de relegar as pessoas com defici\u00eancia ao sil\u00eancio e \u00e0 invisibilidade.\u00bb<\/p>\n\n\n\n<p id=\"ep1dv163\">Caterina Scorsone, atriz, ativista e defensora das pessoas com defici\u00eancia, afirma: \u00abEu queria trabalhar com essa equipe de performers, core\u00f3grafos e cineastas incr\u00edvel, porque neste momento em hist\u00f3ria, \u00e9 extremamente importante nos posicionarmos. Estamos sendo chamados questionados sobre quem em nossa comunidade global \u00e9 convidado a participar das decis\u00f5es que formam a pr\u00f3pria estrutura da nossa sociedade. Pessoas com defici\u00eancia lutaram incansavelmente para que suas vozes fossem ouvidas nos lugares onde as decis\u00f5es s\u00e3o tomadas. Elas trabalharam muito por equidade e igualdade para todos. As muitas batalhas e triunfos na luta pelos direitos das pessoas com defici\u00eancia evidenciam o fato desconfort\u00e1vel, mas importante, de que o consentimento s\u00f3 \u00e9 poss\u00edvel quando o acesso aos mecanismos e lugares de tomada de decis\u00e3o \u00e9 poss\u00edvel. A inclus\u00e3o real requer consentimento e o consentimento est\u00e1 no cerne dos valores que sustentam a pr\u00f3pria democracia.<\/p>\n\n\n\n<p id=\"fqhqb165\">O consentimento, a inclus\u00e3o e o acesso n\u00e3o s\u00e3o apenas para as poucas pessoas que atendem aos crit\u00e9rios e m\u00e9tricas de uma minoria rica cada vez mais exclusiva. Em uma democracia, o poder de decis\u00e3o \u00e9 para todos\u00bb.<\/p>\n\n\n\n<p id=\"ijrp9167\">Luca Lorenzini e Luca Pannese, Diretores Executivos de Cria\u00e7\u00e3o, SMALL New York: \u00abEste ano optamos por adotar uma nova linguagem: o musical. Este tipo de linguagem nos permitiu transmitir uma mensagem importante de uma forma envolvente, gra\u00e7as ao poder da m\u00fasica. O processo de produ\u00e7\u00e3o foi emocionante, especialmente porque tivemos a oportunidade de filmar em Los Angeles, uma cidade \u00fanica no mundo pelos talentos que oferece. Foi emocionante selecionar os v\u00e1rios personagens, cada um com<\/p>\n\n\n\n<p id=\"bz1mv169\">habilidades vocais extraordin\u00e1rias, e estamos muito satisfeitos com o resultado final. Um agradecimento especial vai para Rich Lee, um diretor com quem j\u00e1 colaboramos duas vezes para a CoorDown e que sempre traz uma vis\u00e3o criativa verdadeiramente \u00fanica para o set.\u00bb<\/p>\n\n\n\n<p id=\"853tp171\">Karim Bartoletti, S\u00f3cio\/MD\/Produtor Executivo, Indiana Produ\u00e7\u00e3o: \u00abOs projetos da CoorDown s\u00e3o a prova de como uma equipe bem azeitada pode cada vez melhorar mais, eles s\u00e3o os prova de que a criatividade pode atrair talentos incr\u00edveis e mostrar que, por mais desafiadores que sejam os obst\u00e1culos de execu\u00e7\u00e3o, pode haver um interesse sincero em fazer parte de um projeto em que todos os envolvidos trazem algo importante para a mesa. Todos os anos temos uma nova vis\u00e3o e um novo desafio criativo para produzir e este ano desafio n\u00e3o foi tarefa f\u00e1cil: um conte\u00fado de estilo musical com uma premissa central t\u00e3o importante \u2014 em um momento em que a diversidade, equidade e inclus\u00e3o est\u00e3o enfrentando rea\u00e7\u00f5es muito tristes, que poderia se expandir de S\u00edndrome de Down a qualquer outra defici\u00eancia. Decidimos construir o projeto em Los Angeles, com Rich Lee no comando \u2013 sua terceira campanha para a CoorDown. Filmar em Los Angeles n\u00e3o s\u00f3 nos deu a oportunidade de ter profissionais talentos dispon\u00edveis, mas tamb\u00e9m nos deu a chance filmar o projeto no Synapse, um dos melhores palcos de produ\u00e7\u00e3o virtual dos EUA, o que permitiu que o conte\u00fado fosse filmado no maior n\u00famero poss\u00edvel de \u2018loca\u00e7\u00f5es\u2019 sem nunca sairmos do Los Angeles Center Studios. Fizemos o que era muito complicado parecer f\u00e1cil, mas, como todos os anos, sabemos que o que importa \u00e9 o talento e o amor que cada membro do elenco e equipe traz para o projeto. Isso me comove pessoalmente me todos os anos.\u201d<\/p>\n\n\n\n<p id=\"l56b4175\">O Dia Internacional da S\u00edndrome de Down \u00e9 uma data, oficialmente reconhecido por resolu\u00e7\u00e3o da Organiza\u00e7\u00e3o das Na\u00e7\u00f5es Unidas, criada para difundir maior conscientiza\u00e7\u00e3o e conhecimento sobre a s\u00edndrome de Down, com o objetivo de criar uma nova cultura de diversidade e promover o respeito e a inclus\u00e3o na sociedade para todas as pessoas com s\u00edndrome de Down. A escolha da data 21\/03 n\u00e3o \u00e9 acidental: s\u00edndrome de Down, tamb\u00e9m conhecida como trissomia do cromossomo 21, \u00e9 caracterizada pela presen\u00e7a de um cromossomo extra \u2013 tr\u00eas em lugar de dois \u2013 no 21\u00ba par de cromossomos dentro das c\u00e9lulas.<\/p>\n\n\n\n<p id=\"h6yge177\">A CoorDown ODV \u2013 Coordena\u00e7\u00e3o de Associa\u00e7\u00f5es de Pessoas com S\u00edndrome de Down foi fundada em 1987 e formalmente institu\u00edda em 2005 para promover a\u00e7\u00f5es de comunica\u00e7\u00e3o compartilhada entre as v\u00e1rias organiza\u00e7\u00f5es italianas dedicadas \u00e0 prote\u00e7\u00e3o e promo\u00e7\u00e3o dos direitos dos pessoas com s\u00edndrome de Down. \u00c9 agora o \u00f3rg\u00e3o oficial de di\u00e1logo com todas as institui\u00e7\u00f5es. Cada segundo domingo de outubro, a CoorDown promove o Dia Nacional das Pessoas com Down e, no dia 21 de mar\u00e7o de cada ano, Dia Internacional da S\u00edndrome de Down, por meio da produ\u00e7\u00e3o de campanhas de comunica\u00e7\u00e3o internacional que receberam reconhecimento global: mais de 30 Cannes Le\u00f5es, mais de 5 Grand Prix for Good (de Cresta Awards, Eurobest, ADCE e outros), v\u00e1rios pr\u00eamios Act Responsibly e mais de 70 pr\u00eamios internacionais \u2013 culminando com o prestigioso Pr\u00eamio de A\u00e7\u00e3o ODS das Na\u00e7\u00f5es Unidas em 2024.<\/p>\n\n\n\n<p id=\"m7x9d157\">Hashtags oficiais da campanha: #NoDecisionWithoutUs #WorldDownSyndromeDay #WDSD25.<\/p>\n\n\n\n<p id=\"qepyf181\">Ag\u00eancia: SMALL<\/p>\n\n\n\n<p id=\"c68tx183\">Diretores Executivos de Cria\u00e7\u00e3o: Luca Pannese, Luca Lorenzini<\/p>\n\n\n\n<p id=\"dn9du185\">Diretora de Cria\u00e7\u00e3o: Silvia Messa<\/p>\n\n\n\n<p id=\"glqn6187\">Diretor Geral: Alberto Scorticati<\/p>\n\n\n\n<p id=\"yr6ki189\">Gerente de Contas: Chiara Guadagnini<\/p>\n\n\n\n<p id=\"2rdpk191\">Produtora: Indiana Production<\/p>\n\n\n\n<p id=\"ht2u8193\">Diretor: Rich Lee<\/p>\n\n\n\n<p id=\"nfdms195\">Diretor de fotografia: Christopher Probst, ASC<\/p>\n\n\n\n<p id=\"uyf0c197\">Diretora de cria\u00e7\u00e3o em tempo real: Louise Baker Lee<\/p>\n\n\n\n<p id=\"1kj8q199\">Produ\u00e7\u00e3o Executiva: Karim Bertolotti<\/p>\n\n\n\n<p id=\"f3q1k201\">Produtora S\u00eanior: Silvia Bergamaschi<\/p>\n\n\n\n<p id=\"k65d1203\">Assistente de produ\u00e7\u00e3o: Luca Bettinetti<\/p>\n\n\n\n<p id=\"ecqzk205\">Produ\u00e7\u00e3o Virtual: Synapse<\/p>\n\n\n\n<p id=\"7kmr3207\">Produtor Executivo Synapse: Justin Diener<\/p>\n\n\n\n<p id=\"g3fy8209\">Produtora Executivo Synapse: Alisa Chieves<\/p>\n\n\n\n<p id=\"06qth211\">Produtora: Lisa Arianna<\/p>\n\n\n\n<p id=\"72p1j213\">Supervisor de Produ\u00e7\u00e3o Synapse: Elisabeth Makitalo<\/p>\n\n\n\n<p id=\"03cx7215\">1\u00ba DC: Andrew Coffing<\/p>\n\n\n\n<p id=\"w8d3w217\">Designer de produ\u00e7\u00e3o: Brianna Gonzalez<\/p>\n\n\n\n<p id=\"ujos5219\">Guarda-roupa\/estilista: Boyd Sloan<\/p>\n\n\n\n<p id=\"y9ho4221\">Maquiagem \/ Cabelo: Maxi Kaligh<\/p>\n\n\n\n<p id=\"79h7w223\">Coreografia: Fatima Robinson, Adrian Wiltshire<\/p>\n\n\n\n<p id=\"7la3u225\">Colorista: Danilo Vittori<\/p>\n\n\n\n<p id=\"odfuw227\">Edi\u00e7\u00e3o: Luca Angeleri<\/p>\n\n\n\n<p id=\"rmrcl229\">Can\u00e7\u00e3o Original: Alessandro Cristofori e Diego Perugini para Stabbiolo Music<\/p>\n\n\n\n<p id=\"z3nl5231\">M\u00fasicos: Gianluca Meconcelli, Guido Pietrella, Chiara Giorgi, Massimiliano Santella,<\/p>\n\n\n\n<p id=\"r7qge233\">Alessandro Paolucci, Maurizio Cenni.<\/p>\n\n\n\n<p id=\"hpk5s235\">Engenheiro de Masteriza\u00e7\u00e3o: Tommy Bianchi<\/p>\n\n\n\n<p id=\"n078z237\">P\u00f3s-produ\u00e7\u00e3o de \u00e1udio: Andrea Pestarino \u2013 Bravagente<\/p>\n\n\n\n<p id=\"rrtk9239\">P\u00f3s-produ\u00e7\u00e3o de v\u00eddeo: 22 c\u00e3es<\/p>\n\n\n\n<p id=\"ghs3j241\">Supervisor de efeitos visuais: Massimiliano Pareschi<\/p>\n\n\n\n<p id=\"71yjo243\">Produ\u00e7\u00e3o Executiva: Antonella Galassi<\/p>\n\n\n\n<p id=\"r16bw245\">Produtora de efeitos visuais s\u00eanior: Federica Sbattini<\/p>\n\n\n\n<p id=\"2w43c247\">Produtora de efeitos visuais j\u00fanior: Barbara De Rossi<\/p>\n\n\n\n<p id=\"lh8bg249\">Artista de chamas: Francesco Bianco<\/p>\n\n\n\n<p id=\"9ooav251\">Artista de chamas: Cristina Ferrari<\/p>\n\n\n\n<p id=\"ubply253\">Est\u00fadios de grava\u00e7\u00e3o: Stabbiolo Recording Studio (It\u00e1lia) \u2013 Reel to Reel Haven (Nova York) \u2013 Registros da Rep\u00fablica (LA)<\/p>\n\n\n\n<p id=\"d7lqj255\">Engenheiros de som: Ignazio Morviducci, Milan Beker, Mark Harder<\/p>\n\n\n\n<p id=\"ajo35257\">Audiodescri\u00e7\u00e3o: Scribely<\/p>\n\n\n\n<p id=\"o4kho259\">Transcri\u00e7\u00e3o descritiva: Scribely<\/p>\n\n\n\n<p id=\"qrvb1261\">Bastidores: Aaron Mendez<\/p>\n\n\n\n<p id=\"kpyny263\">Fot\u00f3grafo: Edward Aninaru<\/p>\n\n\n\n<p id=\"fhaj5265\">Consultores: Chiara Bucello, Tanisha Dayal, Shani Dhanda, Emma Gardner, Kelly Gordon, AbiJames-Miller, Catia Malaquias, Queade Norah, Priya Rekhi-Smith, Charlie Randell, Misty Coy Snyder, Natalie South-Law.<\/p>\n\n\n\n<p id=\"t7g6z269\">Assessoria de Imprensa CoorDown ODV<\/p>\n\n\n\n<p id=\"tfoj5271\">Paola Amicucci<\/p>\n\n\n\n<p id=\"i6n8x273\"><a href=\"mailto:ufficiostampa@coordown.it\" rel=\"noreferrer noopener\" target=\"_blank\">ufficiostampa@coordown.it<\/a><\/p>\n\n\n\n<p id=\"xtliy275\">Tel. +39 345.7549218<\/p>\n\n\n\n<p id=\"n7vd2277\"><a href=\"http:\/\/www.coordown.it\" rel=\"noreferrer noopener\" target=\"_blank\"><u>www.coordown.it<\/u><\/a><\/p>\n\n\n\n<p id=\"7snf6302\"><\/p>\n\n\n\n<p>Fonte: <a href=\"https:\/\/www.movimentodown.org.br\/2025\/03\/nenhuma-decisao-sem-nos\/\">Movimento Down<\/a> e <a href=\"https:\/\/www.federacaodown.com\/post\/nenhuma-decis%C3%A3o-sem-n%C3%B3s-21-3-de-2025-dia-internacional-da-s%C3%ADndrome-de-down\">FBASD<\/a><\/p>\n","protected":false},"excerpt":{"rendered":"<p>21\/3 de 2025 \u2013 Dia Internacional da S\u00edndrome de Down Para o Dia Internacional da S\u00edndrome de Down, em 21\/3\/2025, a associa\u00e7\u00f5 italiana CoorDown est\u00e1 lan\u00e7ando o campanha \u201cNENHUMA DECIS\u00c3O SEM N\u00d3S\u201d que demanda a presen\u00e7a de pessoas com defici\u00eancias nos lugares onde as decis\u00f5es s\u00e3o tomadas, seja em rela\u00e7\u00e3o \u00e0 autonomia pessoal, quest\u00f5es sociais [&hellip;]<\/p>\n","protected":false},"author":1,"featured_media":34450,"comment_status":"open","ping_status":"open","sticky":false,"template":"","format":"standard","meta":{"site-container-style":"default","site-container-layout":"default","site-sidebar-layout":"default","disable-article-header":"default","disable-site-header":"default","disable-site-footer":"default","disable-content-area-spacing":"default","footnotes":""},"categories":[3,38,48],"tags":[758,759,761,604,760,302,112],"class_list":["post-34449","post","type-post","status-publish","format-standard","has-post-thumbnail","hentry","category-campanhas","category-deficiencia","category-inclusao","tag-coordown","tag-cromossomo21","tag-dia-internacional-da-sindrome-de-down","tag-fbasd","tag-instituto-metasocial","tag-movimento-down","tag-sindrome-de-down"],"yoast_head":"<!-- This site is optimized with the Yoast SEO plugin v27.4 - https:\/\/yoast.com\/product\/yoast-seo-wordpress\/ -->\n<title>Nenhuma decis\u00e3o sem n\u00f3s! -<\/title>\n<meta name=\"robots\" content=\"index, follow, max-snippet:-1, max-image-preview:large, max-video-preview:-1\" \/>\n<link rel=\"canonical\" href=\"https:\/\/inclusivenews.com.br\/?p=34449\" \/>\n<meta property=\"og:locale\" content=\"pt_PT\" \/>\n<meta property=\"og:type\" content=\"article\" \/>\n<meta property=\"og:title\" content=\"Nenhuma decis\u00e3o sem n\u00f3s! -\" \/>\n<meta property=\"og:description\" content=\"21\/3 de 2025 \u2013 Dia Internacional da S\u00edndrome de Down Para o Dia Internacional da S\u00edndrome de Down, em 21\/3\/2025, a associa\u00e7\u00f5 italiana CoorDown est\u00e1 lan\u00e7ando o campanha \u201cNENHUMA DECIS\u00c3O SEM N\u00d3S\u201d que demanda a presen\u00e7a de pessoas com defici\u00eancias nos lugares onde as decis\u00f5es s\u00e3o tomadas, seja em rela\u00e7\u00e3o \u00e0 autonomia pessoal, quest\u00f5es sociais [&hellip;]\" \/>\n<meta property=\"og:url\" content=\"https:\/\/inclusivenews.com.br\/?p=34449\" \/>\n<meta property=\"article:publisher\" content=\"https:\/\/www.facebook.com\/agenciainclusive\/\" \/>\n<meta property=\"article:published_time\" content=\"2025-03-14T15:57:32+00:00\" \/>\n<meta property=\"og:image\" content=\"https:\/\/inclusivenews.com.br\/wp-content\/uploads\/2025\/03\/maxresdefault-1.jpg\" \/>\n\t<meta property=\"og:image:width\" content=\"1280\" \/>\n\t<meta property=\"og:image:height\" content=\"720\" \/>\n\t<meta property=\"og:image:type\" content=\"image\/jpeg\" \/>\n<meta name=\"author\" content=\"inclusivenews2024\" \/>\n<meta name=\"twitter:card\" content=\"summary_large_image\" \/>\n<meta name=\"twitter:label1\" content=\"Escrito por\" \/>\n\t<meta name=\"twitter:data1\" content=\"inclusivenews2024\" \/>\n\t<meta name=\"twitter:label2\" content=\"Tempo estimado de leitura\" \/>\n\t<meta name=\"twitter:data2\" content=\"13 minutos\" \/>\n<script type=\"application\/ld+json\" class=\"yoast-schema-graph\">{\"@context\":\"https:\\\/\\\/schema.org\",\"@graph\":[{\"@type\":\"Article\",\"@id\":\"https:\\\/\\\/inclusivenews.com.br\\\/?p=34449#article\",\"isPartOf\":{\"@id\":\"https:\\\/\\\/inclusivenews.com.br\\\/?p=34449\"},\"author\":{\"name\":\"inclusivenews2024\",\"@id\":\"https:\\\/\\\/inclusivenews.com.br\\\/#\\\/schema\\\/person\\\/ae4ec7087559b8692fb33b6fffd2273b\"},\"headline\":\"Nenhuma decis\u00e3o sem n\u00f3s!\",\"datePublished\":\"2025-03-14T15:57:32+00:00\",\"mainEntityOfPage\":{\"@id\":\"https:\\\/\\\/inclusivenews.com.br\\\/?p=34449\"},\"wordCount\":2595,\"commentCount\":0,\"publisher\":{\"@id\":\"https:\\\/\\\/inclusivenews.com.br\\\/#organization\"},\"image\":{\"@id\":\"https:\\\/\\\/inclusivenews.com.br\\\/?p=34449#primaryimage\"},\"thumbnailUrl\":\"https:\\\/\\\/inclusivenews.com.br\\\/wp-content\\\/uploads\\\/2025\\\/03\\\/maxresdefault-1.jpg\",\"keywords\":[\"CoorDown\",\"Cromossomo21\",\"Dia Internacional da S\u00edndrome de Down\",\"FBASD\",\"Instituto Metasocial\",\"movimento down\",\"S\u00edndrome de Down\"],\"articleSection\":[\"CAMPANHAS\",\"Defici\u00eancia\",\"INCLUS\u00c3O SOCIAL\"],\"inLanguage\":\"pt-PT\",\"potentialAction\":[{\"@type\":\"CommentAction\",\"name\":\"Comment\",\"target\":[\"https:\\\/\\\/inclusivenews.com.br\\\/?p=34449#respond\"]}]},{\"@type\":\"WebPage\",\"@id\":\"https:\\\/\\\/inclusivenews.com.br\\\/?p=34449\",\"url\":\"https:\\\/\\\/inclusivenews.com.br\\\/?p=34449\",\"name\":\"Nenhuma decis\u00e3o sem n\u00f3s! -\",\"isPartOf\":{\"@id\":\"https:\\\/\\\/inclusivenews.com.br\\\/#website\"},\"primaryImageOfPage\":{\"@id\":\"https:\\\/\\\/inclusivenews.com.br\\\/?p=34449#primaryimage\"},\"image\":{\"@id\":\"https:\\\/\\\/inclusivenews.com.br\\\/?p=34449#primaryimage\"},\"thumbnailUrl\":\"https:\\\/\\\/inclusivenews.com.br\\\/wp-content\\\/uploads\\\/2025\\\/03\\\/maxresdefault-1.jpg\",\"datePublished\":\"2025-03-14T15:57:32+00:00\",\"breadcrumb\":{\"@id\":\"https:\\\/\\\/inclusivenews.com.br\\\/?p=34449#breadcrumb\"},\"inLanguage\":\"pt-PT\",\"potentialAction\":[{\"@type\":\"ReadAction\",\"target\":[\"https:\\\/\\\/inclusivenews.com.br\\\/?p=34449\"]}]},{\"@type\":\"ImageObject\",\"inLanguage\":\"pt-PT\",\"@id\":\"https:\\\/\\\/inclusivenews.com.br\\\/?p=34449#primaryimage\",\"url\":\"https:\\\/\\\/inclusivenews.com.br\\\/wp-content\\\/uploads\\\/2025\\\/03\\\/maxresdefault-1.jpg\",\"contentUrl\":\"https:\\\/\\\/inclusivenews.com.br\\\/wp-content\\\/uploads\\\/2025\\\/03\\\/maxresdefault-1.jpg\",\"width\":1280,\"height\":720},{\"@type\":\"BreadcrumbList\",\"@id\":\"https:\\\/\\\/inclusivenews.com.br\\\/?p=34449#breadcrumb\",\"itemListElement\":[{\"@type\":\"ListItem\",\"position\":1,\"name\":\"In\u00edcio\",\"item\":\"https:\\\/\\\/inclusivenews.com.br\\\/\"},{\"@type\":\"ListItem\",\"position\":2,\"name\":\"Nenhuma decis\u00e3o sem n\u00f3s!\"}]},{\"@type\":\"WebSite\",\"@id\":\"https:\\\/\\\/inclusivenews.com.br\\\/#website\",\"url\":\"https:\\\/\\\/inclusivenews.com.br\\\/\",\"name\":\"Inclusive News\",\"description\":\"Inclusive News\",\"publisher\":{\"@id\":\"https:\\\/\\\/inclusivenews.com.br\\\/#organization\"},\"potentialAction\":[{\"@type\":\"SearchAction\",\"target\":{\"@type\":\"EntryPoint\",\"urlTemplate\":\"https:\\\/\\\/inclusivenews.com.br\\\/?s={search_term_string}\"},\"query-input\":{\"@type\":\"PropertyValueSpecification\",\"valueRequired\":true,\"valueName\":\"search_term_string\"}}],\"inLanguage\":\"pt-PT\"},{\"@type\":\"Organization\",\"@id\":\"https:\\\/\\\/inclusivenews.com.br\\\/#organization\",\"name\":\"Inclusive - inclus\u00e3o e cidadania\",\"url\":\"https:\\\/\\\/inclusivenews.com.br\\\/\",\"logo\":{\"@type\":\"ImageObject\",\"inLanguage\":\"pt-PT\",\"@id\":\"https:\\\/\\\/inclusivenews.com.br\\\/#\\\/schema\\\/logo\\\/image\\\/\",\"url\":\"https:\\\/\\\/inclusivenews.com.br\\\/wp-content\\\/uploads\\\/2024\\\/03\\\/@grandesite.png\",\"contentUrl\":\"https:\\\/\\\/inclusivenews.com.br\\\/wp-content\\\/uploads\\\/2024\\\/03\\\/@grandesite.png\",\"width\":1080,\"height\":1080,\"caption\":\"Inclusive - inclus\u00e3o e cidadania\"},\"image\":{\"@id\":\"https:\\\/\\\/inclusivenews.com.br\\\/#\\\/schema\\\/logo\\\/image\\\/\"},\"sameAs\":[\"https:\\\/\\\/www.facebook.com\\\/agenciainclusive\\\/\",\"https:\\\/\\\/www.instagram.com\\\/newsinclusive\\\/\"]},{\"@type\":\"Person\",\"@id\":\"https:\\\/\\\/inclusivenews.com.br\\\/#\\\/schema\\\/person\\\/ae4ec7087559b8692fb33b6fffd2273b\",\"name\":\"inclusivenews2024\",\"image\":{\"@type\":\"ImageObject\",\"inLanguage\":\"pt-PT\",\"@id\":\"https:\\\/\\\/secure.gravatar.com\\\/avatar\\\/c5a7ef84c66fa914f55bc4f7ce26cfa275a3b9a1c5568b907bd184fb4dde7b40?s=96&d=mm&r=g\",\"url\":\"https:\\\/\\\/secure.gravatar.com\\\/avatar\\\/c5a7ef84c66fa914f55bc4f7ce26cfa275a3b9a1c5568b907bd184fb4dde7b40?s=96&d=mm&r=g\",\"contentUrl\":\"https:\\\/\\\/secure.gravatar.com\\\/avatar\\\/c5a7ef84c66fa914f55bc4f7ce26cfa275a3b9a1c5568b907bd184fb4dde7b40?s=96&d=mm&r=g\",\"caption\":\"inclusivenews2024\"},\"sameAs\":[\"https:\\\/\\\/inclusivenews.com.br\"],\"url\":\"https:\\\/\\\/inclusivenews.com.br\\\/?author=1\"}]}<\/script>\n<!-- \/ Yoast SEO plugin. -->","yoast_head_json":{"title":"Nenhuma decis\u00e3o sem n\u00f3s! -","robots":{"index":"index","follow":"follow","max-snippet":"max-snippet:-1","max-image-preview":"max-image-preview:large","max-video-preview":"max-video-preview:-1"},"canonical":"https:\/\/inclusivenews.com.br\/?p=34449","og_locale":"pt_PT","og_type":"article","og_title":"Nenhuma decis\u00e3o sem n\u00f3s! -","og_description":"21\/3 de 2025 \u2013 Dia Internacional da S\u00edndrome de Down Para o Dia Internacional da S\u00edndrome de Down, em 21\/3\/2025, a associa\u00e7\u00f5 italiana CoorDown est\u00e1 lan\u00e7ando o campanha \u201cNENHUMA DECIS\u00c3O SEM N\u00d3S\u201d que demanda a presen\u00e7a de pessoas com defici\u00eancias nos lugares onde as decis\u00f5es s\u00e3o tomadas, seja em rela\u00e7\u00e3o \u00e0 autonomia pessoal, quest\u00f5es sociais [&hellip;]","og_url":"https:\/\/inclusivenews.com.br\/?p=34449","article_publisher":"https:\/\/www.facebook.com\/agenciainclusive\/","article_published_time":"2025-03-14T15:57:32+00:00","og_image":[{"width":1280,"height":720,"url":"https:\/\/inclusivenews.com.br\/wp-content\/uploads\/2025\/03\/maxresdefault-1.jpg","type":"image\/jpeg"}],"author":"inclusivenews2024","twitter_card":"summary_large_image","twitter_misc":{"Escrito por":"inclusivenews2024","Tempo estimado de leitura":"13 minutos"},"schema":{"@context":"https:\/\/schema.org","@graph":[{"@type":"Article","@id":"https:\/\/inclusivenews.com.br\/?p=34449#article","isPartOf":{"@id":"https:\/\/inclusivenews.com.br\/?p=34449"},"author":{"name":"inclusivenews2024","@id":"https:\/\/inclusivenews.com.br\/#\/schema\/person\/ae4ec7087559b8692fb33b6fffd2273b"},"headline":"Nenhuma decis\u00e3o sem n\u00f3s!","datePublished":"2025-03-14T15:57:32+00:00","mainEntityOfPage":{"@id":"https:\/\/inclusivenews.com.br\/?p=34449"},"wordCount":2595,"commentCount":0,"publisher":{"@id":"https:\/\/inclusivenews.com.br\/#organization"},"image":{"@id":"https:\/\/inclusivenews.com.br\/?p=34449#primaryimage"},"thumbnailUrl":"https:\/\/inclusivenews.com.br\/wp-content\/uploads\/2025\/03\/maxresdefault-1.jpg","keywords":["CoorDown","Cromossomo21","Dia Internacional da S\u00edndrome de Down","FBASD","Instituto Metasocial","movimento down","S\u00edndrome de Down"],"articleSection":["CAMPANHAS","Defici\u00eancia","INCLUS\u00c3O SOCIAL"],"inLanguage":"pt-PT","potentialAction":[{"@type":"CommentAction","name":"Comment","target":["https:\/\/inclusivenews.com.br\/?p=34449#respond"]}]},{"@type":"WebPage","@id":"https:\/\/inclusivenews.com.br\/?p=34449","url":"https:\/\/inclusivenews.com.br\/?p=34449","name":"Nenhuma decis\u00e3o sem n\u00f3s! -","isPartOf":{"@id":"https:\/\/inclusivenews.com.br\/#website"},"primaryImageOfPage":{"@id":"https:\/\/inclusivenews.com.br\/?p=34449#primaryimage"},"image":{"@id":"https:\/\/inclusivenews.com.br\/?p=34449#primaryimage"},"thumbnailUrl":"https:\/\/inclusivenews.com.br\/wp-content\/uploads\/2025\/03\/maxresdefault-1.jpg","datePublished":"2025-03-14T15:57:32+00:00","breadcrumb":{"@id":"https:\/\/inclusivenews.com.br\/?p=34449#breadcrumb"},"inLanguage":"pt-PT","potentialAction":[{"@type":"ReadAction","target":["https:\/\/inclusivenews.com.br\/?p=34449"]}]},{"@type":"ImageObject","inLanguage":"pt-PT","@id":"https:\/\/inclusivenews.com.br\/?p=34449#primaryimage","url":"https:\/\/inclusivenews.com.br\/wp-content\/uploads\/2025\/03\/maxresdefault-1.jpg","contentUrl":"https:\/\/inclusivenews.com.br\/wp-content\/uploads\/2025\/03\/maxresdefault-1.jpg","width":1280,"height":720},{"@type":"BreadcrumbList","@id":"https:\/\/inclusivenews.com.br\/?p=34449#breadcrumb","itemListElement":[{"@type":"ListItem","position":1,"name":"In\u00edcio","item":"https:\/\/inclusivenews.com.br\/"},{"@type":"ListItem","position":2,"name":"Nenhuma decis\u00e3o sem n\u00f3s!"}]},{"@type":"WebSite","@id":"https:\/\/inclusivenews.com.br\/#website","url":"https:\/\/inclusivenews.com.br\/","name":"Inclusive News","description":"Inclusive News","publisher":{"@id":"https:\/\/inclusivenews.com.br\/#organization"},"potentialAction":[{"@type":"SearchAction","target":{"@type":"EntryPoint","urlTemplate":"https:\/\/inclusivenews.com.br\/?s={search_term_string}"},"query-input":{"@type":"PropertyValueSpecification","valueRequired":true,"valueName":"search_term_string"}}],"inLanguage":"pt-PT"},{"@type":"Organization","@id":"https:\/\/inclusivenews.com.br\/#organization","name":"Inclusive - inclus\u00e3o e cidadania","url":"https:\/\/inclusivenews.com.br\/","logo":{"@type":"ImageObject","inLanguage":"pt-PT","@id":"https:\/\/inclusivenews.com.br\/#\/schema\/logo\/image\/","url":"https:\/\/inclusivenews.com.br\/wp-content\/uploads\/2024\/03\/@grandesite.png","contentUrl":"https:\/\/inclusivenews.com.br\/wp-content\/uploads\/2024\/03\/@grandesite.png","width":1080,"height":1080,"caption":"Inclusive - inclus\u00e3o e cidadania"},"image":{"@id":"https:\/\/inclusivenews.com.br\/#\/schema\/logo\/image\/"},"sameAs":["https:\/\/www.facebook.com\/agenciainclusive\/","https:\/\/www.instagram.com\/newsinclusive\/"]},{"@type":"Person","@id":"https:\/\/inclusivenews.com.br\/#\/schema\/person\/ae4ec7087559b8692fb33b6fffd2273b","name":"inclusivenews2024","image":{"@type":"ImageObject","inLanguage":"pt-PT","@id":"https:\/\/secure.gravatar.com\/avatar\/c5a7ef84c66fa914f55bc4f7ce26cfa275a3b9a1c5568b907bd184fb4dde7b40?s=96&d=mm&r=g","url":"https:\/\/secure.gravatar.com\/avatar\/c5a7ef84c66fa914f55bc4f7ce26cfa275a3b9a1c5568b907bd184fb4dde7b40?s=96&d=mm&r=g","contentUrl":"https:\/\/secure.gravatar.com\/avatar\/c5a7ef84c66fa914f55bc4f7ce26cfa275a3b9a1c5568b907bd184fb4dde7b40?s=96&d=mm&r=g","caption":"inclusivenews2024"},"sameAs":["https:\/\/inclusivenews.com.br"],"url":"https:\/\/inclusivenews.com.br\/?author=1"}]}},"_links":{"self":[{"href":"https:\/\/inclusivenews.com.br\/index.php?rest_route=\/wp\/v2\/posts\/34449","targetHints":{"allow":["GET"]}}],"collection":[{"href":"https:\/\/inclusivenews.com.br\/index.php?rest_route=\/wp\/v2\/posts"}],"about":[{"href":"https:\/\/inclusivenews.com.br\/index.php?rest_route=\/wp\/v2\/types\/post"}],"author":[{"embeddable":true,"href":"https:\/\/inclusivenews.com.br\/index.php?rest_route=\/wp\/v2\/users\/1"}],"replies":[{"embeddable":true,"href":"https:\/\/inclusivenews.com.br\/index.php?rest_route=%2Fwp%2Fv2%2Fcomments&post=34449"}],"version-history":[{"count":1,"href":"https:\/\/inclusivenews.com.br\/index.php?rest_route=\/wp\/v2\/posts\/34449\/revisions"}],"predecessor-version":[{"id":34451,"href":"https:\/\/inclusivenews.com.br\/index.php?rest_route=\/wp\/v2\/posts\/34449\/revisions\/34451"}],"wp:featuredmedia":[{"embeddable":true,"href":"https:\/\/inclusivenews.com.br\/index.php?rest_route=\/wp\/v2\/media\/34450"}],"wp:attachment":[{"href":"https:\/\/inclusivenews.com.br\/index.php?rest_route=%2Fwp%2Fv2%2Fmedia&parent=34449"}],"wp:term":[{"taxonomy":"category","embeddable":true,"href":"https:\/\/inclusivenews.com.br\/index.php?rest_route=%2Fwp%2Fv2%2Fcategories&post=34449"},{"taxonomy":"post_tag","embeddable":true,"href":"https:\/\/inclusivenews.com.br\/index.php?rest_route=%2Fwp%2Fv2%2Ftags&post=34449"}],"curies":[{"name":"wp","href":"https:\/\/api.w.org\/{rel}","templated":true}]}}