{"id":34616,"date":"2025-03-25T16:35:58","date_gmt":"2025-03-25T16:35:58","guid":{"rendered":"https:\/\/inclusivenews.com.br\/?p=34616"},"modified":"2025-03-25T20:30:59","modified_gmt":"2025-03-25T20:30:59","slug":"simposio-linguagem-simples-em-santos-acessibilidade-cidadania-e-inclusao","status":"publish","type":"post","link":"https:\/\/inclusivenews.com.br\/?p=34616","title":{"rendered":"Simp\u00f3sio &#8220;Linguagem Simples em Santos: acessibilidade, cidadania e inclus\u00e3o&#8221;"},"content":{"rendered":"\n<p>Na pr\u00f3xima segunda-feira, dia 31 de mar\u00e7o, das 9h \u00e0s 13h, haver\u00e1 o Simp\u00f3sio &#8220;Linguagem Simples em Santos: acessibilidade, cidadania e inclus\u00e3o&#8221; em alus\u00e3o ao dia internacional da s\u00edndrome de Down, na OAB\/SANTOS.<\/p>\n\n\n\n<p>As inscri\u00e7\u00f5es s\u00e3o gratu\u00edtas e est\u00e3o abertas pelo site da OAB\/Santos <a href=\"https:\/\/www.oabsantos.org.br\/cursos-palestras\/1261-evento-presencial-evento-alusivo-ao-dia-internacional-da-sindrome-de-down\/\">www.oabsantos.org.br\/cursos-palestras<\/a><\/p>\n\n\n\n<p>O evento ser\u00e1 acess\u00edvel em libras.\u00a0<\/p>\n\n\n\n<p>Confira a publica\u00e7\u00e3o no Instagram: <a href=\"https:\/\/www.instagram.com\/share\/p\/_9b9DFCwE\">https:\/\/www.instagram.com\/share\/p\/_9b9DFCwE<\/a><\/p>\n\n\n\n<p><\/p>\n\n\n\n<p class=\"has-yuki-font-medium-font-size\"><strong>Programa\u00e7\u00e3o<\/strong><\/p>\n\n\n\n<p>31 de mar\u00e7o de 2025 das 09h \u00e0s 13h<br><br>Linguagem Simples em Santos: Acessibilidade, Cidadania e Inclus\u00e3o<br>Evento alusivo ao Dia Internacional da S\u00edndrome de Down<br><br>Mesa 1 &#8211; Pol\u00edtica de Linguagem Simples: Acessibilidade, Cidadania e Inclus\u00e3o<br><br>PALESTRANTES:<br>PATR\u00cdCIA ALMEIDA<br>Diretora de Comunica\u00e7\u00e3o da Federa\u00e7\u00e3o Brasileira das Associa\u00e7\u00f5es de S\u00edndrome de Down &#8211; FBASD<br><br>SAMUEL SESTARO<br>Autodefensor da Federa\u00e7\u00e3o Brasileira das Associa\u00e7\u00f5es de S\u00edndrome de Down &#8211; FBASD<br><br>MEDIADOR:<br>MARCUS SALLES<br>Membro Efetivo da Comiss\u00e3o de Direitos das Pessoas com Defici\u00eancia<br><br>COMENT\u00c1RIOS:<br>RENATA BRAVO<br>Vereadora Municipal da Cidade de Santos<br><br>CRISTIANE ZAMARI<br>Presidente da Comiss\u00e3o de Direitos Humanos da OAB Santos e Coordenadora de Defesa de Pol\u00edticas para Pessoas com Defici\u00eancia &#8211; CODEP<br><br>Mesa 2 &#8211; Linguagem Simples em Santos: Normativas e Metodologias atuais<br><br>PALESTRANTES:<br>JULIANA RIGHINI<br>Consultora em Linguagem Simples e Emprego Apoiado da ANEA<br><br>ISABELA CORREIA<br>Revisora e Validadora de Linguagem Simples<br><br>MEDIADORA:<br>MARCELA FONSECA<br>Secret\u00e1ria da Comiss\u00e3o de Direitos Humanos da OAB Santos<br><br>COMENT\u00c1RIOS:<br>CL\u00c1UDIA ALONSO<br>Vereadora Municipal da Cidade de Santos<br><br>CAHU\u00ca TALARICO<br>Presidente da Comiss\u00e3o de Direitos das Pessoas com Defici\u00eancia da OAB Santos<br><br><br>Realiza\u00e7\u00e3o: Comiss\u00f5es de Direitos Humanos e Direitos das Pessoas com Defici\u00eancia<br><br>Apoio: Proordem Santos, Federa\u00e7\u00e3o Brasileira das Associa\u00e7\u00f5es de S\u00edndrome de Down (FBASD), Coordenadoria de Defesa de Pol\u00edticas para Pessoas com Defici\u00eancia, Prefeitura de Santos e Movimento ODS Santos 2030<br><br><br><br>Local: Audit\u00f3rio II da OAB Santos, Pra\u00e7a Bonif\u00e1cio, n\u00ba 55 &#8211; 2\u00ba andar<\/p>\n","protected":false},"excerpt":{"rendered":"<p>Na pr\u00f3xima segunda-feira, dia 31 de mar\u00e7o, das 9h \u00e0s 13h, haver\u00e1 o Simp\u00f3sio &#8220;Linguagem Simples em Santos: acessibilidade, cidadania e inclus\u00e3o&#8221; em alus\u00e3o ao dia internacional da s\u00edndrome de Down, na OAB\/SANTOS. As inscri\u00e7\u00f5es s\u00e3o gratu\u00edtas e est\u00e3o abertas pelo site da OAB\/Santos www.oabsantos.org.br\/cursos-palestras O evento ser\u00e1 acess\u00edvel em libras.\u00a0 Confira a publica\u00e7\u00e3o no [&hellip;]<\/p>\n","protected":false},"author":1,"featured_media":34624,"comment_status":"open","ping_status":"open","sticky":false,"template":"","format":"standard","meta":{"site-container-style":"default","site-container-layout":"default","site-sidebar-layout":"default","disable-article-header":"default","disable-site-header":"default","disable-site-footer":"default","disable-content-area-spacing":"default","footnotes":""},"categories":[38,463],"tags":[761,764,503,763],"class_list":["post-34616","post","type-post","status-publish","format-standard","has-post-thumbnail","hentry","category-deficiencia","category-linguagem-simples","tag-dia-internacional-da-sindrome-de-down","tag-diainternacionaldasindromededown","tag-linguagem-simples","tag-sejarededeapoio"],"yoast_head":"<!-- This site is optimized with the Yoast SEO plugin v27.4 - https:\/\/yoast.com\/product\/yoast-seo-wordpress\/ -->\n<title>Simp\u00f3sio &quot;Linguagem Simples em Santos: acessibilidade, cidadania e inclus\u00e3o&quot; -<\/title>\n<meta name=\"robots\" content=\"index, follow, max-snippet:-1, max-image-preview:large, max-video-preview:-1\" \/>\n<link rel=\"canonical\" href=\"https:\/\/inclusivenews.com.br\/?p=34616\" \/>\n<meta property=\"og:locale\" content=\"pt_PT\" \/>\n<meta property=\"og:type\" content=\"article\" \/>\n<meta property=\"og:title\" content=\"Simp\u00f3sio &quot;Linguagem Simples em Santos: acessibilidade, cidadania e inclus\u00e3o&quot; -\" \/>\n<meta property=\"og:description\" content=\"Na pr\u00f3xima segunda-feira, dia 31 de mar\u00e7o, das 9h \u00e0s 13h, haver\u00e1 o Simp\u00f3sio &#8220;Linguagem Simples em Santos: acessibilidade, cidadania e inclus\u00e3o&#8221; em alus\u00e3o ao dia internacional da s\u00edndrome de Down, na OAB\/SANTOS. As inscri\u00e7\u00f5es s\u00e3o gratu\u00edtas e est\u00e3o abertas pelo site da OAB\/Santos www.oabsantos.org.br\/cursos-palestras O evento ser\u00e1 acess\u00edvel em libras.\u00a0 Confira a publica\u00e7\u00e3o no [&hellip;]\" \/>\n<meta property=\"og:url\" content=\"https:\/\/inclusivenews.com.br\/?p=34616\" \/>\n<meta property=\"article:publisher\" content=\"https:\/\/www.facebook.com\/agenciainclusive\/\" \/>\n<meta property=\"article:published_time\" content=\"2025-03-25T16:35:58+00:00\" \/>\n<meta property=\"article:modified_time\" content=\"2025-03-25T20:30:59+00:00\" \/>\n<meta property=\"og:image\" content=\"https:\/\/inclusivenews.com.br\/wp-content\/uploads\/2025\/03\/prova-linguagens-enem-banner-Copia.png\" \/>\n\t<meta property=\"og:image:width\" content=\"840\" \/>\n\t<meta property=\"og:image:height\" content=\"430\" \/>\n\t<meta property=\"og:image:type\" content=\"image\/png\" \/>\n<meta name=\"author\" content=\"inclusivenews2024\" \/>\n<meta name=\"twitter:card\" content=\"summary_large_image\" \/>\n<meta name=\"twitter:label1\" content=\"Escrito por\" \/>\n\t<meta name=\"twitter:data1\" content=\"inclusivenews2024\" \/>\n\t<meta name=\"twitter:label2\" content=\"Tempo estimado de leitura\" \/>\n\t<meta name=\"twitter:data2\" content=\"2 minutos\" \/>\n<script type=\"application\/ld+json\" class=\"yoast-schema-graph\">{\"@context\":\"https:\\\/\\\/schema.org\",\"@graph\":[{\"@type\":\"Article\",\"@id\":\"https:\\\/\\\/inclusivenews.com.br\\\/?p=34616#article\",\"isPartOf\":{\"@id\":\"https:\\\/\\\/inclusivenews.com.br\\\/?p=34616\"},\"author\":{\"name\":\"inclusivenews2024\",\"@id\":\"https:\\\/\\\/inclusivenews.com.br\\\/#\\\/schema\\\/person\\\/ae4ec7087559b8692fb33b6fffd2273b\"},\"headline\":\"Simp\u00f3sio &#8220;Linguagem Simples em Santos: acessibilidade, cidadania e inclus\u00e3o&#8221;\",\"datePublished\":\"2025-03-25T16:35:58+00:00\",\"dateModified\":\"2025-03-25T20:30:59+00:00\",\"mainEntityOfPage\":{\"@id\":\"https:\\\/\\\/inclusivenews.com.br\\\/?p=34616\"},\"wordCount\":344,\"commentCount\":0,\"publisher\":{\"@id\":\"https:\\\/\\\/inclusivenews.com.br\\\/#organization\"},\"image\":{\"@id\":\"https:\\\/\\\/inclusivenews.com.br\\\/?p=34616#primaryimage\"},\"thumbnailUrl\":\"https:\\\/\\\/inclusivenews.com.br\\\/wp-content\\\/uploads\\\/2025\\\/03\\\/prova-linguagens-enem-banner-Copia.png\",\"keywords\":[\"Dia Internacional da S\u00edndrome de Down\",\"diainternacionaldasindromededown\",\"Linguagem Simples\",\"sejarededeapoio\"],\"articleSection\":[\"Defici\u00eancia\",\"Linguagem Simples\"],\"inLanguage\":\"pt-PT\",\"potentialAction\":[{\"@type\":\"CommentAction\",\"name\":\"Comment\",\"target\":[\"https:\\\/\\\/inclusivenews.com.br\\\/?p=34616#respond\"]}]},{\"@type\":\"WebPage\",\"@id\":\"https:\\\/\\\/inclusivenews.com.br\\\/?p=34616\",\"url\":\"https:\\\/\\\/inclusivenews.com.br\\\/?p=34616\",\"name\":\"Simp\u00f3sio \\\"Linguagem Simples em Santos: acessibilidade, cidadania e inclus\u00e3o\\\" -\",\"isPartOf\":{\"@id\":\"https:\\\/\\\/inclusivenews.com.br\\\/#website\"},\"primaryImageOfPage\":{\"@id\":\"https:\\\/\\\/inclusivenews.com.br\\\/?p=34616#primaryimage\"},\"image\":{\"@id\":\"https:\\\/\\\/inclusivenews.com.br\\\/?p=34616#primaryimage\"},\"thumbnailUrl\":\"https:\\\/\\\/inclusivenews.com.br\\\/wp-content\\\/uploads\\\/2025\\\/03\\\/prova-linguagens-enem-banner-Copia.png\",\"datePublished\":\"2025-03-25T16:35:58+00:00\",\"dateModified\":\"2025-03-25T20:30:59+00:00\",\"breadcrumb\":{\"@id\":\"https:\\\/\\\/inclusivenews.com.br\\\/?p=34616#breadcrumb\"},\"inLanguage\":\"pt-PT\",\"potentialAction\":[{\"@type\":\"ReadAction\",\"target\":[\"https:\\\/\\\/inclusivenews.com.br\\\/?p=34616\"]}]},{\"@type\":\"ImageObject\",\"inLanguage\":\"pt-PT\",\"@id\":\"https:\\\/\\\/inclusivenews.com.br\\\/?p=34616#primaryimage\",\"url\":\"https:\\\/\\\/inclusivenews.com.br\\\/wp-content\\\/uploads\\\/2025\\\/03\\\/prova-linguagens-enem-banner-Copia.png\",\"contentUrl\":\"https:\\\/\\\/inclusivenews.com.br\\\/wp-content\\\/uploads\\\/2025\\\/03\\\/prova-linguagens-enem-banner-Copia.png\",\"width\":840,\"height\":430},{\"@type\":\"BreadcrumbList\",\"@id\":\"https:\\\/\\\/inclusivenews.com.br\\\/?p=34616#breadcrumb\",\"itemListElement\":[{\"@type\":\"ListItem\",\"position\":1,\"name\":\"In\u00edcio\",\"item\":\"https:\\\/\\\/inclusivenews.com.br\\\/\"},{\"@type\":\"ListItem\",\"position\":2,\"name\":\"Simp\u00f3sio &#8220;Linguagem Simples em Santos: acessibilidade, cidadania e inclus\u00e3o&#8221;\"}]},{\"@type\":\"WebSite\",\"@id\":\"https:\\\/\\\/inclusivenews.com.br\\\/#website\",\"url\":\"https:\\\/\\\/inclusivenews.com.br\\\/\",\"name\":\"Inclusive News\",\"description\":\"Inclusive News\",\"publisher\":{\"@id\":\"https:\\\/\\\/inclusivenews.com.br\\\/#organization\"},\"potentialAction\":[{\"@type\":\"SearchAction\",\"target\":{\"@type\":\"EntryPoint\",\"urlTemplate\":\"https:\\\/\\\/inclusivenews.com.br\\\/?s={search_term_string}\"},\"query-input\":{\"@type\":\"PropertyValueSpecification\",\"valueRequired\":true,\"valueName\":\"search_term_string\"}}],\"inLanguage\":\"pt-PT\"},{\"@type\":\"Organization\",\"@id\":\"https:\\\/\\\/inclusivenews.com.br\\\/#organization\",\"name\":\"Inclusive - inclus\u00e3o e cidadania\",\"url\":\"https:\\\/\\\/inclusivenews.com.br\\\/\",\"logo\":{\"@type\":\"ImageObject\",\"inLanguage\":\"pt-PT\",\"@id\":\"https:\\\/\\\/inclusivenews.com.br\\\/#\\\/schema\\\/logo\\\/image\\\/\",\"url\":\"https:\\\/\\\/inclusivenews.com.br\\\/wp-content\\\/uploads\\\/2024\\\/03\\\/@grandesite.png\",\"contentUrl\":\"https:\\\/\\\/inclusivenews.com.br\\\/wp-content\\\/uploads\\\/2024\\\/03\\\/@grandesite.png\",\"width\":1080,\"height\":1080,\"caption\":\"Inclusive - inclus\u00e3o e cidadania\"},\"image\":{\"@id\":\"https:\\\/\\\/inclusivenews.com.br\\\/#\\\/schema\\\/logo\\\/image\\\/\"},\"sameAs\":[\"https:\\\/\\\/www.facebook.com\\\/agenciainclusive\\\/\",\"https:\\\/\\\/www.instagram.com\\\/newsinclusive\\\/\"]},{\"@type\":\"Person\",\"@id\":\"https:\\\/\\\/inclusivenews.com.br\\\/#\\\/schema\\\/person\\\/ae4ec7087559b8692fb33b6fffd2273b\",\"name\":\"inclusivenews2024\",\"image\":{\"@type\":\"ImageObject\",\"inLanguage\":\"pt-PT\",\"@id\":\"https:\\\/\\\/secure.gravatar.com\\\/avatar\\\/c5a7ef84c66fa914f55bc4f7ce26cfa275a3b9a1c5568b907bd184fb4dde7b40?s=96&d=mm&r=g\",\"url\":\"https:\\\/\\\/secure.gravatar.com\\\/avatar\\\/c5a7ef84c66fa914f55bc4f7ce26cfa275a3b9a1c5568b907bd184fb4dde7b40?s=96&d=mm&r=g\",\"contentUrl\":\"https:\\\/\\\/secure.gravatar.com\\\/avatar\\\/c5a7ef84c66fa914f55bc4f7ce26cfa275a3b9a1c5568b907bd184fb4dde7b40?s=96&d=mm&r=g\",\"caption\":\"inclusivenews2024\"},\"sameAs\":[\"https:\\\/\\\/inclusivenews.com.br\"],\"url\":\"https:\\\/\\\/inclusivenews.com.br\\\/?author=1\"}]}<\/script>\n<!-- \/ Yoast SEO plugin. -->","yoast_head_json":{"title":"Simp\u00f3sio \"Linguagem Simples em Santos: acessibilidade, cidadania e inclus\u00e3o\" -","robots":{"index":"index","follow":"follow","max-snippet":"max-snippet:-1","max-image-preview":"max-image-preview:large","max-video-preview":"max-video-preview:-1"},"canonical":"https:\/\/inclusivenews.com.br\/?p=34616","og_locale":"pt_PT","og_type":"article","og_title":"Simp\u00f3sio \"Linguagem Simples em Santos: acessibilidade, cidadania e inclus\u00e3o\" -","og_description":"Na pr\u00f3xima segunda-feira, dia 31 de mar\u00e7o, das 9h \u00e0s 13h, haver\u00e1 o Simp\u00f3sio &#8220;Linguagem Simples em Santos: acessibilidade, cidadania e inclus\u00e3o&#8221; em alus\u00e3o ao dia internacional da s\u00edndrome de Down, na OAB\/SANTOS. As inscri\u00e7\u00f5es s\u00e3o gratu\u00edtas e est\u00e3o abertas pelo site da OAB\/Santos www.oabsantos.org.br\/cursos-palestras O evento ser\u00e1 acess\u00edvel em libras.\u00a0 Confira a publica\u00e7\u00e3o no [&hellip;]","og_url":"https:\/\/inclusivenews.com.br\/?p=34616","article_publisher":"https:\/\/www.facebook.com\/agenciainclusive\/","article_published_time":"2025-03-25T16:35:58+00:00","article_modified_time":"2025-03-25T20:30:59+00:00","og_image":[{"width":840,"height":430,"url":"https:\/\/inclusivenews.com.br\/wp-content\/uploads\/2025\/03\/prova-linguagens-enem-banner-Copia.png","type":"image\/png"}],"author":"inclusivenews2024","twitter_card":"summary_large_image","twitter_misc":{"Escrito por":"inclusivenews2024","Tempo estimado de leitura":"2 minutos"},"schema":{"@context":"https:\/\/schema.org","@graph":[{"@type":"Article","@id":"https:\/\/inclusivenews.com.br\/?p=34616#article","isPartOf":{"@id":"https:\/\/inclusivenews.com.br\/?p=34616"},"author":{"name":"inclusivenews2024","@id":"https:\/\/inclusivenews.com.br\/#\/schema\/person\/ae4ec7087559b8692fb33b6fffd2273b"},"headline":"Simp\u00f3sio &#8220;Linguagem Simples em Santos: acessibilidade, cidadania e inclus\u00e3o&#8221;","datePublished":"2025-03-25T16:35:58+00:00","dateModified":"2025-03-25T20:30:59+00:00","mainEntityOfPage":{"@id":"https:\/\/inclusivenews.com.br\/?p=34616"},"wordCount":344,"commentCount":0,"publisher":{"@id":"https:\/\/inclusivenews.com.br\/#organization"},"image":{"@id":"https:\/\/inclusivenews.com.br\/?p=34616#primaryimage"},"thumbnailUrl":"https:\/\/inclusivenews.com.br\/wp-content\/uploads\/2025\/03\/prova-linguagens-enem-banner-Copia.png","keywords":["Dia Internacional da S\u00edndrome de Down","diainternacionaldasindromededown","Linguagem Simples","sejarededeapoio"],"articleSection":["Defici\u00eancia","Linguagem Simples"],"inLanguage":"pt-PT","potentialAction":[{"@type":"CommentAction","name":"Comment","target":["https:\/\/inclusivenews.com.br\/?p=34616#respond"]}]},{"@type":"WebPage","@id":"https:\/\/inclusivenews.com.br\/?p=34616","url":"https:\/\/inclusivenews.com.br\/?p=34616","name":"Simp\u00f3sio \"Linguagem Simples em Santos: acessibilidade, cidadania e inclus\u00e3o\" -","isPartOf":{"@id":"https:\/\/inclusivenews.com.br\/#website"},"primaryImageOfPage":{"@id":"https:\/\/inclusivenews.com.br\/?p=34616#primaryimage"},"image":{"@id":"https:\/\/inclusivenews.com.br\/?p=34616#primaryimage"},"thumbnailUrl":"https:\/\/inclusivenews.com.br\/wp-content\/uploads\/2025\/03\/prova-linguagens-enem-banner-Copia.png","datePublished":"2025-03-25T16:35:58+00:00","dateModified":"2025-03-25T20:30:59+00:00","breadcrumb":{"@id":"https:\/\/inclusivenews.com.br\/?p=34616#breadcrumb"},"inLanguage":"pt-PT","potentialAction":[{"@type":"ReadAction","target":["https:\/\/inclusivenews.com.br\/?p=34616"]}]},{"@type":"ImageObject","inLanguage":"pt-PT","@id":"https:\/\/inclusivenews.com.br\/?p=34616#primaryimage","url":"https:\/\/inclusivenews.com.br\/wp-content\/uploads\/2025\/03\/prova-linguagens-enem-banner-Copia.png","contentUrl":"https:\/\/inclusivenews.com.br\/wp-content\/uploads\/2025\/03\/prova-linguagens-enem-banner-Copia.png","width":840,"height":430},{"@type":"BreadcrumbList","@id":"https:\/\/inclusivenews.com.br\/?p=34616#breadcrumb","itemListElement":[{"@type":"ListItem","position":1,"name":"In\u00edcio","item":"https:\/\/inclusivenews.com.br\/"},{"@type":"ListItem","position":2,"name":"Simp\u00f3sio &#8220;Linguagem Simples em Santos: acessibilidade, cidadania e inclus\u00e3o&#8221;"}]},{"@type":"WebSite","@id":"https:\/\/inclusivenews.com.br\/#website","url":"https:\/\/inclusivenews.com.br\/","name":"Inclusive News","description":"Inclusive News","publisher":{"@id":"https:\/\/inclusivenews.com.br\/#organization"},"potentialAction":[{"@type":"SearchAction","target":{"@type":"EntryPoint","urlTemplate":"https:\/\/inclusivenews.com.br\/?s={search_term_string}"},"query-input":{"@type":"PropertyValueSpecification","valueRequired":true,"valueName":"search_term_string"}}],"inLanguage":"pt-PT"},{"@type":"Organization","@id":"https:\/\/inclusivenews.com.br\/#organization","name":"Inclusive - inclus\u00e3o e cidadania","url":"https:\/\/inclusivenews.com.br\/","logo":{"@type":"ImageObject","inLanguage":"pt-PT","@id":"https:\/\/inclusivenews.com.br\/#\/schema\/logo\/image\/","url":"https:\/\/inclusivenews.com.br\/wp-content\/uploads\/2024\/03\/@grandesite.png","contentUrl":"https:\/\/inclusivenews.com.br\/wp-content\/uploads\/2024\/03\/@grandesite.png","width":1080,"height":1080,"caption":"Inclusive - inclus\u00e3o e cidadania"},"image":{"@id":"https:\/\/inclusivenews.com.br\/#\/schema\/logo\/image\/"},"sameAs":["https:\/\/www.facebook.com\/agenciainclusive\/","https:\/\/www.instagram.com\/newsinclusive\/"]},{"@type":"Person","@id":"https:\/\/inclusivenews.com.br\/#\/schema\/person\/ae4ec7087559b8692fb33b6fffd2273b","name":"inclusivenews2024","image":{"@type":"ImageObject","inLanguage":"pt-PT","@id":"https:\/\/secure.gravatar.com\/avatar\/c5a7ef84c66fa914f55bc4f7ce26cfa275a3b9a1c5568b907bd184fb4dde7b40?s=96&d=mm&r=g","url":"https:\/\/secure.gravatar.com\/avatar\/c5a7ef84c66fa914f55bc4f7ce26cfa275a3b9a1c5568b907bd184fb4dde7b40?s=96&d=mm&r=g","contentUrl":"https:\/\/secure.gravatar.com\/avatar\/c5a7ef84c66fa914f55bc4f7ce26cfa275a3b9a1c5568b907bd184fb4dde7b40?s=96&d=mm&r=g","caption":"inclusivenews2024"},"sameAs":["https:\/\/inclusivenews.com.br"],"url":"https:\/\/inclusivenews.com.br\/?author=1"}]}},"_links":{"self":[{"href":"https:\/\/inclusivenews.com.br\/index.php?rest_route=\/wp\/v2\/posts\/34616","targetHints":{"allow":["GET"]}}],"collection":[{"href":"https:\/\/inclusivenews.com.br\/index.php?rest_route=\/wp\/v2\/posts"}],"about":[{"href":"https:\/\/inclusivenews.com.br\/index.php?rest_route=\/wp\/v2\/types\/post"}],"author":[{"embeddable":true,"href":"https:\/\/inclusivenews.com.br\/index.php?rest_route=\/wp\/v2\/users\/1"}],"replies":[{"embeddable":true,"href":"https:\/\/inclusivenews.com.br\/index.php?rest_route=%2Fwp%2Fv2%2Fcomments&post=34616"}],"version-history":[{"count":1,"href":"https:\/\/inclusivenews.com.br\/index.php?rest_route=\/wp\/v2\/posts\/34616\/revisions"}],"predecessor-version":[{"id":34618,"href":"https:\/\/inclusivenews.com.br\/index.php?rest_route=\/wp\/v2\/posts\/34616\/revisions\/34618"}],"wp:featuredmedia":[{"embeddable":true,"href":"https:\/\/inclusivenews.com.br\/index.php?rest_route=\/wp\/v2\/media\/34624"}],"wp:attachment":[{"href":"https:\/\/inclusivenews.com.br\/index.php?rest_route=%2Fwp%2Fv2%2Fmedia&parent=34616"}],"wp:term":[{"taxonomy":"category","embeddable":true,"href":"https:\/\/inclusivenews.com.br\/index.php?rest_route=%2Fwp%2Fv2%2Fcategories&post=34616"},{"taxonomy":"post_tag","embeddable":true,"href":"https:\/\/inclusivenews.com.br\/index.php?rest_route=%2Fwp%2Fv2%2Ftags&post=34616"}],"curies":[{"name":"wp","href":"https:\/\/api.w.org\/{rel}","templated":true}]}}