{"id":34628,"date":"2025-03-31T19:06:19","date_gmt":"2025-03-31T19:06:19","guid":{"rendered":"https:\/\/inclusivenews.com.br\/?p=34628"},"modified":"2025-03-31T19:06:19","modified_gmt":"2025-03-31T19:06:19","slug":"autismo-informacao-empatia-e-respeito-podcast-acessando-lucilia","status":"publish","type":"post","link":"https:\/\/inclusivenews.com.br\/?p=34628","title":{"rendered":"Autismo, Informa\u00e7\u00e3o, Empatia, e Respeito\u00a0\u00a0\u2013 Podcast Acessando Luc\u00edlia"},"content":{"rendered":"\n<p>Abril \u00e9 o m\u00eas de conscientiza\u00e7\u00e3o sobre o autismo e este \u00e9 o assunto do Podcast Acessando Luc\u00edlia desta ter\u00e7a-feira, 01\/04. Com o tema \u201cInforma\u00e7\u00e3o gera empatia, empatia gera respeito.\u201d, a campanha deste ano (2025) refor\u00e7a a import\u00e2ncia do conhecimento como ferramenta fundamental para a inclus\u00e3o, aceita\u00e7\u00e3o e o respeito \u00e0s pessoas autistas.<\/p>\n\n\n\n<p>O Dia Mundial de Conscientiza\u00e7\u00e3o do Autismo \u00e9 celebrado em 2 de abril. A data foi institu\u00edda pela Organiza\u00e7\u00e3o das Na\u00e7\u00f5es Unidas (ONU), com o objetivo de difundir informa\u00e7\u00f5es sobre essa condi\u00e7\u00e3o do neurodesenvolvimento humano e combater o preconceito. A Organiza\u00e7\u00e3o Mundial da Sa\u00fade (OMS) estima que, no mundo, existam 70 milh\u00f5es de pessoas com o Transtorno do Espectro Autista (TEA). Com base nessa proje\u00e7\u00e3o, sup\u00f5e-se que o Brasil tenha cerca de seis milh\u00f5es de pessoas no espectro autista.<\/p>\n\n\n\n<p><strong>As nossas convidadas s\u00e3o:<\/strong><\/p>\n\n\n\n<p>Adriana Blak, carioca, jornalista, publicit\u00e1ria, \u00e9 m\u00e3e do Eric, um jovem autista de 16 anos. Com passagem por v\u00e1rios ve\u00edculos de comunica\u00e7\u00e3o, como O Globo, Band, Rede TV, Record, Globo.com, e com experi\u00eancia em assessoria de imprensa e comunica\u00e7\u00e3o corporativa, atualmente tem se dedicado ao mundo digital, com produ\u00e7\u00e3o de conte\u00fados, e administra o perfil @omundodeeric2009, que mostra o dia a dia de um adolescente no espectro autista. Seu canal no Youtube (www.youtube.com\/@papoemdiacomadrianablak6798) traz bate-papos leves e descontra\u00eddos sobre assuntos variados com personalidades da TV, do esporte, da sa\u00fade e muito mais.<\/p>\n\n\n\n<p>Giovanna Nicolau \u00e9 autista, possui Transtorno do D\u00e9ficit de Aten\u00e7\u00e3o com Hiperatividade (TDAH), Altas Habilidades e Superdota\u00e7\u00e3o (AH\/SD). Mestranda em Psicologia Social no N\u00facleo de Estudos da Defici\u00eancia (NED) da Universidade Federal de Santa Catarina (UFSC); pesquisadora em Psicologia Social na University of Washington (UW-EUA), especialista em Educa\u00e7\u00e3o Social pela UniCesumar (PR), bacharel em Psicologia pela Universidade Positivo (UP-PR). Atua como psic\u00f3loga cl\u00ednica, tendo especializa\u00e7\u00e3o em autismo e neurodiversidade pela Forest Therapy Academy, com certifica\u00e7\u00e3o internacional pelas institui\u00e7\u00f5es IPHM, CMA, IAOTH e ICAHP. Suas \u00e1reas de pesquisa s\u00e3o: decoloniza\u00e7\u00e3o dos estudos da defici\u00eancia; defici\u00eancias n\u00e3o aparentes; neurodiverg\u00eancias; neurodiversidade.<\/p>\n\n\n\n<p>O bate-papo, que \u00e9 uma parceria com a Inclusive News, conta com int\u00e9rprete de libras e \u00e9 transmitido toda ter\u00e7a-feira, \u00e0s 18h, no canal do ACESSANDO LUC\u00cdLIA no Youtube:\u00a0<a href=\"https:\/\/www.youtube.com\/@acessandolucilia5059\">https:\/\/www.youtube.com\/@acessandolucilia5059<\/a>\u00a0e nas redes da Web R\u00e1dio Censura Livre, no Youtube, no Facebook, no site\u00a0<a href=\"http:\/\/www.clwebradio.com\/\">www.clwebradio.com<\/a>\u00a0e no aplicativo: RadiosNet\u00a0<a href=\"http:\/\/l.radios.com.br\/r\/100204\">http:\/\/l.radios.com.br\/r\/100204<\/a>.<\/p>\n\n\n\n<p><br>O programa tamb\u00e9m \u00e9 retransmitido no mesmo hor\u00e1rio na R\u00e1dio Criativa de Muria\u00e9-MG e no canal Gernika_art against fascism \u2013 Liga de Comunica\u00e7\u00e3o Internacionalista de Portugal, no YouTube. E \u00e0s quartas-feiras, 15h, na Radio Comunidade Friburgo 104.9 FM, de Nova Friburgo-RJ.<\/p>\n","protected":false},"excerpt":{"rendered":"<p>Abril \u00e9 o m\u00eas de conscientiza\u00e7\u00e3o sobre o autismo e este \u00e9 o assunto do Podcast Acessando Luc\u00edlia desta ter\u00e7a-feira, 01\/04. Com o tema \u201cInforma\u00e7\u00e3o gera empatia, empatia gera respeito.\u201d, a campanha deste ano (2025) refor\u00e7a a import\u00e2ncia do conhecimento como ferramenta fundamental para a inclus\u00e3o, aceita\u00e7\u00e3o e o respeito \u00e0s pessoas autistas. O Dia [&hellip;]<\/p>\n","protected":false},"author":1,"featured_media":34629,"comment_status":"open","ping_status":"open","sticky":false,"template":"","format":"standard","meta":{"site-container-style":"default","site-container-layout":"default","site-sidebar-layout":"default","disable-article-header":"default","disable-site-header":"default","disable-site-footer":"default","disable-content-area-spacing":"default","footnotes":""},"categories":[470],"tags":[34,648,521,522],"class_list":["post-34628","post","type-post","status-publish","format-standard","has-post-thumbnail","hentry","category-podcast","tag-autismo","tag-autistas","tag-podcast","tag-podcast-acessando-lucilia"],"yoast_head":"<!-- This site is optimized with the Yoast SEO plugin v27.5 - https:\/\/yoast.com\/product\/yoast-seo-wordpress\/ -->\n<title>Autismo, Informa\u00e7\u00e3o, Empatia, e Respeito\u00a0\u00a0\u2013 Podcast Acessando Luc\u00edlia -<\/title>\n<meta name=\"robots\" content=\"index, follow, max-snippet:-1, max-image-preview:large, max-video-preview:-1\" \/>\n<link rel=\"canonical\" href=\"https:\/\/inclusivenews.com.br\/?p=34628\" \/>\n<meta property=\"og:locale\" content=\"pt_PT\" \/>\n<meta property=\"og:type\" content=\"article\" \/>\n<meta property=\"og:title\" content=\"Autismo, Informa\u00e7\u00e3o, Empatia, e Respeito\u00a0\u00a0\u2013 Podcast Acessando Luc\u00edlia -\" \/>\n<meta property=\"og:description\" content=\"Abril \u00e9 o m\u00eas de conscientiza\u00e7\u00e3o sobre o autismo e este \u00e9 o assunto do Podcast Acessando Luc\u00edlia desta ter\u00e7a-feira, 01\/04. Com o tema \u201cInforma\u00e7\u00e3o gera empatia, empatia gera respeito.\u201d, a campanha deste ano (2025) refor\u00e7a a import\u00e2ncia do conhecimento como ferramenta fundamental para a inclus\u00e3o, aceita\u00e7\u00e3o e o respeito \u00e0s pessoas autistas. O Dia [&hellip;]\" \/>\n<meta property=\"og:url\" content=\"https:\/\/inclusivenews.com.br\/?p=34628\" \/>\n<meta property=\"article:publisher\" content=\"https:\/\/www.facebook.com\/agenciainclusive\/\" \/>\n<meta property=\"article:published_time\" content=\"2025-03-31T19:06:19+00:00\" \/>\n<meta property=\"og:image\" content=\"https:\/\/inclusivenews.com.br\/wp-content\/uploads\/2025\/03\/pexels-fauxels-3184419-scaled-e1743447921265.jpg\" \/>\n\t<meta property=\"og:image:width\" content=\"2560\" \/>\n\t<meta property=\"og:image:height\" content=\"1300\" \/>\n\t<meta property=\"og:image:type\" content=\"image\/jpeg\" \/>\n<meta name=\"author\" content=\"inclusivenews2024\" \/>\n<meta name=\"twitter:card\" content=\"summary_large_image\" \/>\n<meta name=\"twitter:label1\" content=\"Escrito por\" \/>\n\t<meta name=\"twitter:data1\" content=\"inclusivenews2024\" \/>\n\t<meta name=\"twitter:label2\" content=\"Tempo estimado de leitura\" \/>\n\t<meta name=\"twitter:data2\" content=\"3 minutos\" \/>\n<script type=\"application\/ld+json\" class=\"yoast-schema-graph\">{\"@context\":\"https:\\\/\\\/schema.org\",\"@graph\":[{\"@type\":\"Article\",\"@id\":\"https:\\\/\\\/inclusivenews.com.br\\\/?p=34628#article\",\"isPartOf\":{\"@id\":\"https:\\\/\\\/inclusivenews.com.br\\\/?p=34628\"},\"author\":{\"name\":\"inclusivenews2024\",\"@id\":\"https:\\\/\\\/inclusivenews.com.br\\\/#\\\/schema\\\/person\\\/ae4ec7087559b8692fb33b6fffd2273b\"},\"headline\":\"Autismo, Informa\u00e7\u00e3o, Empatia, e Respeito\u00a0\u00a0\u2013 Podcast Acessando Luc\u00edlia\",\"datePublished\":\"2025-03-31T19:06:19+00:00\",\"mainEntityOfPage\":{\"@id\":\"https:\\\/\\\/inclusivenews.com.br\\\/?p=34628\"},\"wordCount\":488,\"commentCount\":0,\"publisher\":{\"@id\":\"https:\\\/\\\/inclusivenews.com.br\\\/#organization\"},\"image\":{\"@id\":\"https:\\\/\\\/inclusivenews.com.br\\\/?p=34628#primaryimage\"},\"thumbnailUrl\":\"https:\\\/\\\/inclusivenews.com.br\\\/wp-content\\\/uploads\\\/2025\\\/03\\\/pexels-fauxels-3184419-scaled-e1743447921265.jpg\",\"keywords\":[\"Autismo\",\"autistas\",\"Podcast\",\"Podcast Acessando Luc\u00edlia\"],\"articleSection\":[\"PODCAST\"],\"inLanguage\":\"pt-PT\",\"potentialAction\":[{\"@type\":\"CommentAction\",\"name\":\"Comment\",\"target\":[\"https:\\\/\\\/inclusivenews.com.br\\\/?p=34628#respond\"]}]},{\"@type\":\"WebPage\",\"@id\":\"https:\\\/\\\/inclusivenews.com.br\\\/?p=34628\",\"url\":\"https:\\\/\\\/inclusivenews.com.br\\\/?p=34628\",\"name\":\"Autismo, Informa\u00e7\u00e3o, Empatia, e Respeito\u00a0\u00a0\u2013 Podcast Acessando Luc\u00edlia -\",\"isPartOf\":{\"@id\":\"https:\\\/\\\/inclusivenews.com.br\\\/#website\"},\"primaryImageOfPage\":{\"@id\":\"https:\\\/\\\/inclusivenews.com.br\\\/?p=34628#primaryimage\"},\"image\":{\"@id\":\"https:\\\/\\\/inclusivenews.com.br\\\/?p=34628#primaryimage\"},\"thumbnailUrl\":\"https:\\\/\\\/inclusivenews.com.br\\\/wp-content\\\/uploads\\\/2025\\\/03\\\/pexels-fauxels-3184419-scaled-e1743447921265.jpg\",\"datePublished\":\"2025-03-31T19:06:19+00:00\",\"breadcrumb\":{\"@id\":\"https:\\\/\\\/inclusivenews.com.br\\\/?p=34628#breadcrumb\"},\"inLanguage\":\"pt-PT\",\"potentialAction\":[{\"@type\":\"ReadAction\",\"target\":[\"https:\\\/\\\/inclusivenews.com.br\\\/?p=34628\"]}]},{\"@type\":\"ImageObject\",\"inLanguage\":\"pt-PT\",\"@id\":\"https:\\\/\\\/inclusivenews.com.br\\\/?p=34628#primaryimage\",\"url\":\"https:\\\/\\\/inclusivenews.com.br\\\/wp-content\\\/uploads\\\/2025\\\/03\\\/pexels-fauxels-3184419-scaled-e1743447921265.jpg\",\"contentUrl\":\"https:\\\/\\\/inclusivenews.com.br\\\/wp-content\\\/uploads\\\/2025\\\/03\\\/pexels-fauxels-3184419-scaled-e1743447921265.jpg\",\"width\":2560,\"height\":1300},{\"@type\":\"BreadcrumbList\",\"@id\":\"https:\\\/\\\/inclusivenews.com.br\\\/?p=34628#breadcrumb\",\"itemListElement\":[{\"@type\":\"ListItem\",\"position\":1,\"name\":\"In\u00edcio\",\"item\":\"https:\\\/\\\/inclusivenews.com.br\\\/\"},{\"@type\":\"ListItem\",\"position\":2,\"name\":\"Autismo, Informa\u00e7\u00e3o, Empatia, e Respeito\u00a0\u00a0\u2013 Podcast Acessando Luc\u00edlia\"}]},{\"@type\":\"WebSite\",\"@id\":\"https:\\\/\\\/inclusivenews.com.br\\\/#website\",\"url\":\"https:\\\/\\\/inclusivenews.com.br\\\/\",\"name\":\"Inclusive News\",\"description\":\"Inclusive News\",\"publisher\":{\"@id\":\"https:\\\/\\\/inclusivenews.com.br\\\/#organization\"},\"potentialAction\":[{\"@type\":\"SearchAction\",\"target\":{\"@type\":\"EntryPoint\",\"urlTemplate\":\"https:\\\/\\\/inclusivenews.com.br\\\/?s={search_term_string}\"},\"query-input\":{\"@type\":\"PropertyValueSpecification\",\"valueRequired\":true,\"valueName\":\"search_term_string\"}}],\"inLanguage\":\"pt-PT\"},{\"@type\":\"Organization\",\"@id\":\"https:\\\/\\\/inclusivenews.com.br\\\/#organization\",\"name\":\"Inclusive - inclus\u00e3o e cidadania\",\"url\":\"https:\\\/\\\/inclusivenews.com.br\\\/\",\"logo\":{\"@type\":\"ImageObject\",\"inLanguage\":\"pt-PT\",\"@id\":\"https:\\\/\\\/inclusivenews.com.br\\\/#\\\/schema\\\/logo\\\/image\\\/\",\"url\":\"https:\\\/\\\/inclusivenews.com.br\\\/wp-content\\\/uploads\\\/2024\\\/03\\\/@grandesite.png\",\"contentUrl\":\"https:\\\/\\\/inclusivenews.com.br\\\/wp-content\\\/uploads\\\/2024\\\/03\\\/@grandesite.png\",\"width\":1080,\"height\":1080,\"caption\":\"Inclusive - inclus\u00e3o e cidadania\"},\"image\":{\"@id\":\"https:\\\/\\\/inclusivenews.com.br\\\/#\\\/schema\\\/logo\\\/image\\\/\"},\"sameAs\":[\"https:\\\/\\\/www.facebook.com\\\/agenciainclusive\\\/\",\"https:\\\/\\\/www.instagram.com\\\/newsinclusive\\\/\"]},{\"@type\":\"Person\",\"@id\":\"https:\\\/\\\/inclusivenews.com.br\\\/#\\\/schema\\\/person\\\/ae4ec7087559b8692fb33b6fffd2273b\",\"name\":\"inclusivenews2024\",\"image\":{\"@type\":\"ImageObject\",\"inLanguage\":\"pt-PT\",\"@id\":\"https:\\\/\\\/secure.gravatar.com\\\/avatar\\\/c5a7ef84c66fa914f55bc4f7ce26cfa275a3b9a1c5568b907bd184fb4dde7b40?s=96&d=mm&r=g\",\"url\":\"https:\\\/\\\/secure.gravatar.com\\\/avatar\\\/c5a7ef84c66fa914f55bc4f7ce26cfa275a3b9a1c5568b907bd184fb4dde7b40?s=96&d=mm&r=g\",\"contentUrl\":\"https:\\\/\\\/secure.gravatar.com\\\/avatar\\\/c5a7ef84c66fa914f55bc4f7ce26cfa275a3b9a1c5568b907bd184fb4dde7b40?s=96&d=mm&r=g\",\"caption\":\"inclusivenews2024\"},\"sameAs\":[\"https:\\\/\\\/inclusivenews.com.br\"],\"url\":\"https:\\\/\\\/inclusivenews.com.br\\\/?author=1\"}]}<\/script>\n<!-- \/ Yoast SEO plugin. -->","yoast_head_json":{"title":"Autismo, Informa\u00e7\u00e3o, Empatia, e Respeito\u00a0\u00a0\u2013 Podcast Acessando Luc\u00edlia -","robots":{"index":"index","follow":"follow","max-snippet":"max-snippet:-1","max-image-preview":"max-image-preview:large","max-video-preview":"max-video-preview:-1"},"canonical":"https:\/\/inclusivenews.com.br\/?p=34628","og_locale":"pt_PT","og_type":"article","og_title":"Autismo, Informa\u00e7\u00e3o, Empatia, e Respeito\u00a0\u00a0\u2013 Podcast Acessando Luc\u00edlia -","og_description":"Abril \u00e9 o m\u00eas de conscientiza\u00e7\u00e3o sobre o autismo e este \u00e9 o assunto do Podcast Acessando Luc\u00edlia desta ter\u00e7a-feira, 01\/04. Com o tema \u201cInforma\u00e7\u00e3o gera empatia, empatia gera respeito.\u201d, a campanha deste ano (2025) refor\u00e7a a import\u00e2ncia do conhecimento como ferramenta fundamental para a inclus\u00e3o, aceita\u00e7\u00e3o e o respeito \u00e0s pessoas autistas. O Dia [&hellip;]","og_url":"https:\/\/inclusivenews.com.br\/?p=34628","article_publisher":"https:\/\/www.facebook.com\/agenciainclusive\/","article_published_time":"2025-03-31T19:06:19+00:00","og_image":[{"width":2560,"height":1300,"url":"https:\/\/inclusivenews.com.br\/wp-content\/uploads\/2025\/03\/pexels-fauxels-3184419-scaled-e1743447921265.jpg","type":"image\/jpeg"}],"author":"inclusivenews2024","twitter_card":"summary_large_image","twitter_misc":{"Escrito por":"inclusivenews2024","Tempo estimado de leitura":"3 minutos"},"schema":{"@context":"https:\/\/schema.org","@graph":[{"@type":"Article","@id":"https:\/\/inclusivenews.com.br\/?p=34628#article","isPartOf":{"@id":"https:\/\/inclusivenews.com.br\/?p=34628"},"author":{"name":"inclusivenews2024","@id":"https:\/\/inclusivenews.com.br\/#\/schema\/person\/ae4ec7087559b8692fb33b6fffd2273b"},"headline":"Autismo, Informa\u00e7\u00e3o, Empatia, e Respeito\u00a0\u00a0\u2013 Podcast Acessando Luc\u00edlia","datePublished":"2025-03-31T19:06:19+00:00","mainEntityOfPage":{"@id":"https:\/\/inclusivenews.com.br\/?p=34628"},"wordCount":488,"commentCount":0,"publisher":{"@id":"https:\/\/inclusivenews.com.br\/#organization"},"image":{"@id":"https:\/\/inclusivenews.com.br\/?p=34628#primaryimage"},"thumbnailUrl":"https:\/\/inclusivenews.com.br\/wp-content\/uploads\/2025\/03\/pexels-fauxels-3184419-scaled-e1743447921265.jpg","keywords":["Autismo","autistas","Podcast","Podcast Acessando Luc\u00edlia"],"articleSection":["PODCAST"],"inLanguage":"pt-PT","potentialAction":[{"@type":"CommentAction","name":"Comment","target":["https:\/\/inclusivenews.com.br\/?p=34628#respond"]}]},{"@type":"WebPage","@id":"https:\/\/inclusivenews.com.br\/?p=34628","url":"https:\/\/inclusivenews.com.br\/?p=34628","name":"Autismo, Informa\u00e7\u00e3o, Empatia, e Respeito\u00a0\u00a0\u2013 Podcast Acessando Luc\u00edlia -","isPartOf":{"@id":"https:\/\/inclusivenews.com.br\/#website"},"primaryImageOfPage":{"@id":"https:\/\/inclusivenews.com.br\/?p=34628#primaryimage"},"image":{"@id":"https:\/\/inclusivenews.com.br\/?p=34628#primaryimage"},"thumbnailUrl":"https:\/\/inclusivenews.com.br\/wp-content\/uploads\/2025\/03\/pexels-fauxels-3184419-scaled-e1743447921265.jpg","datePublished":"2025-03-31T19:06:19+00:00","breadcrumb":{"@id":"https:\/\/inclusivenews.com.br\/?p=34628#breadcrumb"},"inLanguage":"pt-PT","potentialAction":[{"@type":"ReadAction","target":["https:\/\/inclusivenews.com.br\/?p=34628"]}]},{"@type":"ImageObject","inLanguage":"pt-PT","@id":"https:\/\/inclusivenews.com.br\/?p=34628#primaryimage","url":"https:\/\/inclusivenews.com.br\/wp-content\/uploads\/2025\/03\/pexels-fauxels-3184419-scaled-e1743447921265.jpg","contentUrl":"https:\/\/inclusivenews.com.br\/wp-content\/uploads\/2025\/03\/pexels-fauxels-3184419-scaled-e1743447921265.jpg","width":2560,"height":1300},{"@type":"BreadcrumbList","@id":"https:\/\/inclusivenews.com.br\/?p=34628#breadcrumb","itemListElement":[{"@type":"ListItem","position":1,"name":"In\u00edcio","item":"https:\/\/inclusivenews.com.br\/"},{"@type":"ListItem","position":2,"name":"Autismo, Informa\u00e7\u00e3o, Empatia, e Respeito\u00a0\u00a0\u2013 Podcast Acessando Luc\u00edlia"}]},{"@type":"WebSite","@id":"https:\/\/inclusivenews.com.br\/#website","url":"https:\/\/inclusivenews.com.br\/","name":"Inclusive News","description":"Inclusive News","publisher":{"@id":"https:\/\/inclusivenews.com.br\/#organization"},"potentialAction":[{"@type":"SearchAction","target":{"@type":"EntryPoint","urlTemplate":"https:\/\/inclusivenews.com.br\/?s={search_term_string}"},"query-input":{"@type":"PropertyValueSpecification","valueRequired":true,"valueName":"search_term_string"}}],"inLanguage":"pt-PT"},{"@type":"Organization","@id":"https:\/\/inclusivenews.com.br\/#organization","name":"Inclusive - inclus\u00e3o e cidadania","url":"https:\/\/inclusivenews.com.br\/","logo":{"@type":"ImageObject","inLanguage":"pt-PT","@id":"https:\/\/inclusivenews.com.br\/#\/schema\/logo\/image\/","url":"https:\/\/inclusivenews.com.br\/wp-content\/uploads\/2024\/03\/@grandesite.png","contentUrl":"https:\/\/inclusivenews.com.br\/wp-content\/uploads\/2024\/03\/@grandesite.png","width":1080,"height":1080,"caption":"Inclusive - inclus\u00e3o e cidadania"},"image":{"@id":"https:\/\/inclusivenews.com.br\/#\/schema\/logo\/image\/"},"sameAs":["https:\/\/www.facebook.com\/agenciainclusive\/","https:\/\/www.instagram.com\/newsinclusive\/"]},{"@type":"Person","@id":"https:\/\/inclusivenews.com.br\/#\/schema\/person\/ae4ec7087559b8692fb33b6fffd2273b","name":"inclusivenews2024","image":{"@type":"ImageObject","inLanguage":"pt-PT","@id":"https:\/\/secure.gravatar.com\/avatar\/c5a7ef84c66fa914f55bc4f7ce26cfa275a3b9a1c5568b907bd184fb4dde7b40?s=96&d=mm&r=g","url":"https:\/\/secure.gravatar.com\/avatar\/c5a7ef84c66fa914f55bc4f7ce26cfa275a3b9a1c5568b907bd184fb4dde7b40?s=96&d=mm&r=g","contentUrl":"https:\/\/secure.gravatar.com\/avatar\/c5a7ef84c66fa914f55bc4f7ce26cfa275a3b9a1c5568b907bd184fb4dde7b40?s=96&d=mm&r=g","caption":"inclusivenews2024"},"sameAs":["https:\/\/inclusivenews.com.br"],"url":"https:\/\/inclusivenews.com.br\/?author=1"}]}},"_links":{"self":[{"href":"https:\/\/inclusivenews.com.br\/index.php?rest_route=\/wp\/v2\/posts\/34628","targetHints":{"allow":["GET"]}}],"collection":[{"href":"https:\/\/inclusivenews.com.br\/index.php?rest_route=\/wp\/v2\/posts"}],"about":[{"href":"https:\/\/inclusivenews.com.br\/index.php?rest_route=\/wp\/v2\/types\/post"}],"author":[{"embeddable":true,"href":"https:\/\/inclusivenews.com.br\/index.php?rest_route=\/wp\/v2\/users\/1"}],"replies":[{"embeddable":true,"href":"https:\/\/inclusivenews.com.br\/index.php?rest_route=%2Fwp%2Fv2%2Fcomments&post=34628"}],"version-history":[{"count":1,"href":"https:\/\/inclusivenews.com.br\/index.php?rest_route=\/wp\/v2\/posts\/34628\/revisions"}],"predecessor-version":[{"id":34630,"href":"https:\/\/inclusivenews.com.br\/index.php?rest_route=\/wp\/v2\/posts\/34628\/revisions\/34630"}],"wp:featuredmedia":[{"embeddable":true,"href":"https:\/\/inclusivenews.com.br\/index.php?rest_route=\/wp\/v2\/media\/34629"}],"wp:attachment":[{"href":"https:\/\/inclusivenews.com.br\/index.php?rest_route=%2Fwp%2Fv2%2Fmedia&parent=34628"}],"wp:term":[{"taxonomy":"category","embeddable":true,"href":"https:\/\/inclusivenews.com.br\/index.php?rest_route=%2Fwp%2Fv2%2Fcategories&post=34628"},{"taxonomy":"post_tag","embeddable":true,"href":"https:\/\/inclusivenews.com.br\/index.php?rest_route=%2Fwp%2Fv2%2Ftags&post=34628"}],"curies":[{"name":"wp","href":"https:\/\/api.w.org\/{rel}","templated":true}]}}