{"id":34644,"date":"2025-04-07T21:59:31","date_gmt":"2025-04-07T21:59:31","guid":{"rendered":"https:\/\/inclusivenews.com.br\/?p=34644"},"modified":"2025-04-07T21:59:31","modified_gmt":"2025-04-07T21:59:31","slug":"inscricoes-abertas-para-especializacao-em-qualificacao-da-rede-de-cuidados-a-pessoa-com-deficiencia-no-sus","status":"publish","type":"post","link":"https:\/\/inclusivenews.com.br\/?p=34644","title":{"rendered":"Inscri\u00e7\u00f5es abertas para Especializa\u00e7\u00e3o em Qualifica\u00e7\u00e3o da Rede de Cuidados \u00e0 Pessoa com Defici\u00eancia no SUS"},"content":{"rendered":"\n<p>A Escola Nacional de Sa\u00fade P\u00fablica Sergio Arouca (ENSP), da Funda\u00e7\u00e3o Oswaldo Cruz (Fiocruz), abriu as inscri\u00e7\u00f5es para o Curso de<br>Especializa\u00e7\u00e3o para Qualifica\u00e7\u00e3o da Rede de Cuidados \u00e0 Pessoa com Defici\u00eancia no SUS (2025).<\/p>\n\n\n\n<p><\/p>\n\n\n\n<p>\ud83d\udccc Inscri\u00e7\u00f5es abertas at\u00e9 5 de maio!<\/p>\n\n\n\n<p>S\u00e3o 254 vagas distribu\u00eddas em todo o pa\u00eds. <\/p>\n\n\n\n<p>Aproveite essa oportunidade de se especializar e contribuir ainda mais para o cuidado qualificado \u00e0s pessoas com defici\u00eancia! In\u00edcio das aulas em 4 de agosto de 2025.<\/p>\n\n\n\n<p>\ud83d\udc49 Leia o edital: <a href=\"http:\/\/bit.ly\/RCPD_25\">bit.ly\/RCPD_25<\/a><br>\u270f\ufe0f Inscreva-se: <a href=\"http:\/\/sigals.fiocruz.br\">sigals.fiocruz.br<\/a><\/p>\n\n\n\n<p><\/p>\n\n\n\n<p class=\"has-yuki-font-medium-font-size\"><strong>Objetivos do curso<\/strong><\/p>\n\n\n\n<p><br><strong>Objetivo geral:<br><\/strong>Qualificar trabalhadores e trabalhadoras de sa\u00fade envolvidos na efetiva\u00e7\u00e3o das diretrizes da Pol\u00edtica Nacional de<br>Aten\u00e7\u00e3o Integral \u00e0 Sa\u00fade da Pessoa com Defici\u00eancia (PNAISPD) e das a\u00e7\u00f5es da Rede de Cuidados \u00e0 Pessoa com<br>Defici\u00eancia (RCPD).<\/p>\n\n\n\n<p><br><strong>Objetivos espec\u00edficos:<\/strong><\/p>\n\n\n\n<ul class=\"wp-block-list\">\n<li>Refletir criticamente sobre a rela\u00e7\u00e3o entre sa\u00fade das pessoas com defici\u00eancia e seus direitos, entendendo a<br>sa\u00fade como um direito humano;<\/li>\n\n\n\n<li>Conhecer os aspectos hist\u00f3ricos e conceituais da corponormatividade na sa\u00fade;<\/li>\n\n\n\n<li>Habilitar o corpo discente a conhecer as especificidades de sa\u00fade das pessoas com defici\u00eancia, por meio da<br>aplica\u00e7\u00e3o de metodologias ativas;<\/li>\n\n\n\n<li>Contribuir para a elimina\u00e7\u00e3o das barreiras \u00e0 integralidade da sa\u00fade, situando a pessoa com defici\u00eancia nas<br>linhas de cuidado e a\u00e7\u00f5es do SUS;<\/li>\n\n\n\n<li>Explorar estrat\u00e9gias para a articula\u00e7\u00e3o da Rede de Cuidados \u00e0 Pessoa com Defici\u00eancia (RCPD)<\/li>\n<\/ul>\n\n\n\n<p class=\"has-yuki-font-medium-font-size\"><strong>Vagas<\/strong><\/p>\n\n\n\n<p>O n\u00famero m\u00e1ximo de vagas dispon\u00edveis para esta Chamada de Sele\u00e7\u00e3o \u00e9 de 254 (duzentos e cinquenta e quatro) vagas, distribu\u00eddas por regi\u00f5es do pa\u00eds, sendo 230 vagas para trabalhadores de sa\u00fade e <strong>24 exclusivamente para pessoas com defici\u00eancia<\/strong>. O curso destina 65% de vagas reservadas para A\u00e7\u00f5es Afirmativas (AA) e 35% para Ampla Concorr\u00eancia (AC), garantindo a equidade de g\u00eanero, conforme descrito no quadro abaixo:<\/p>\n\n\n\n<figure class=\"wp-block-image size-full\"><img loading=\"lazy\" decoding=\"async\" width=\"747\" height=\"255\" src=\"https:\/\/inclusivenews.com.br\/wp-content\/uploads\/2025\/04\/image-1.png\" alt=\"Categoria Trabalhador de sa\u00fade com 230 vagas divididas entre:\n\nAmpla Concorr\u00eancia - 90 vagas\n\nNegros (pretos e pardos) - 81 vagas\n\nInd\u00edgenas - 12 vagas\n\nPessoas com defici\u00eancia - 35 vagas\n\nPessoas Trans (travesti e transexual) -12 vagas\n\nDistribui\u00e7\u00e3o das vagas na Categoria de Conselheiros:\n24 Pessoas com defici\u00eancia\" class=\"wp-image-34646\" srcset=\"https:\/\/inclusivenews.com.br\/wp-content\/uploads\/2025\/04\/image-1.png 747w, https:\/\/inclusivenews.com.br\/wp-content\/uploads\/2025\/04\/image-1-300x102.png 300w\" sizes=\"auto, (max-width: 747px) 100vw, 747px\" \/><\/figure>\n\n\n\n<p><\/p>\n\n\n\n<p class=\"has-yuki-font-medium-font-size\"><strong>Locais<\/strong><\/p>\n\n\n\n<p>Esta P\u00f3s-gradua\u00e7\u00e3o Lato Sensu ser\u00e1 na modalidade presencial, e ir\u00e1 acontecer em 12 Estados de norte a sul do Brasil.<\/p>\n\n\n\n<figure class=\"wp-block-image size-full\"><img loading=\"lazy\" decoding=\"async\" width=\"520\" height=\"527\" src=\"https:\/\/inclusivenews.com.br\/wp-content\/uploads\/2025\/04\/image.png\" alt=\"Ser\u00e3o 22 vagas em cada turma. Exceto em Macap\u00e1 onde ser\u00e3o apenas 12 vagas.\n\nLocais do curso:\n\nRegi\u00e3o Centro-Oeste:\nBras\u00edlia, DF\nCuiab\u00e1, MT \n\nRegi\u00e3o Nordeste:\nSalvador, BA\nFortaleza, CE\nJo\u00e3o Pessoa, PB\n\nRegi\u00e3o Norte:\nPorto Velho, RO\nManaus, AM\nMacap\u00e1, AP\nBel\u00e9m, PA\n\nRegi\u00e3o Sudeste:\nRio de Janeiro, RJ \nBelo Horizonte, MG\n\nRegi\u00e3o Sul: \nPorto Alegre, RS\" class=\"wp-image-34645\" srcset=\"https:\/\/inclusivenews.com.br\/wp-content\/uploads\/2025\/04\/image.png 520w, https:\/\/inclusivenews.com.br\/wp-content\/uploads\/2025\/04\/image-296x300.png 296w\" sizes=\"auto, (max-width: 520px) 100vw, 520px\" \/><\/figure>\n\n\n\n<p>O curso tem carga hor\u00e1ria total de 420 horas, distribu\u00eddas da seguinte forma: <\/p>\n\n\n\n<p><strong>360 horas para participa\u00e7\u00e3o nas Unidades de Aprendizagem<\/strong> \u2013 sendo 120 horas destinada aos m\u00f3dulos<br>obrigat\u00f3rios, 180 horas para elabora\u00e7\u00e3o e processamento de situa\u00e7\u00f5es problema e 60 horas para t\u00f3picos especiais<br>em sa\u00fade da pessoa com defici\u00eancia. <\/p>\n\n\n\n<p><strong>E 60 horas para elabora\u00e7\u00e3o do TCC<\/strong>, ap\u00f3s o encerramento das aulas presenciais na Unidades de Aprendizagem.<\/p>\n\n\n\n<p><br>In\u00edcio do curso: 04\/08\/2025<br>T\u00e9rmino das aulas: 27\/07\/2026<br>Per\u00edodo de elabora\u00e7\u00e3o do TCC: 01\/01\/2026 a 30\/06\/2026<br>Entrega do TCC: 24\/07\/2026<br>T\u00e9rmino do curso: 31\/07\/2026<\/p>\n\n\n\n<p>As informa\u00e7\u00f5es acima foram retiradas do Edital publicado pela ENSP.<\/p>\n\n\n\n<p><\/p>\n","protected":false},"excerpt":{"rendered":"<p>A Escola Nacional de Sa\u00fade P\u00fablica Sergio Arouca (ENSP), da Funda\u00e7\u00e3o Oswaldo Cruz (Fiocruz), abriu as inscri\u00e7\u00f5es para o Curso deEspecializa\u00e7\u00e3o para Qualifica\u00e7\u00e3o da Rede de Cuidados \u00e0 Pessoa com Defici\u00eancia no SUS (2025). \ud83d\udccc Inscri\u00e7\u00f5es abertas at\u00e9 5 de maio! S\u00e3o 254 vagas distribu\u00eddas em todo o pa\u00eds. Aproveite essa oportunidade de se especializar [&hellip;]<\/p>\n","protected":false},"author":1,"featured_media":34647,"comment_status":"open","ping_status":"open","sticky":false,"template":"","format":"standard","meta":{"site-container-style":"default","site-container-layout":"default","site-sidebar-layout":"default","disable-article-header":"default","disable-site-header":"default","disable-site-footer":"default","disable-content-area-spacing":"default","footnotes":""},"categories":[6,37],"tags":[765,766,741,742,767],"class_list":["post-34644","post","type-post","status-publish","format-standard","has-post-thumbnail","hentry","category-educacao","category-saude","tag-cuidados","tag-edital","tag-ensp","tag-fiocruz","tag-pos-graduacao"],"yoast_head":"<!-- This site is optimized with the Yoast SEO plugin v27.4 - https:\/\/yoast.com\/product\/yoast-seo-wordpress\/ -->\n<title>Inscri\u00e7\u00f5es abertas para Especializa\u00e7\u00e3o em Qualifica\u00e7\u00e3o da Rede de Cuidados \u00e0 Pessoa com Defici\u00eancia no SUS -<\/title>\n<meta name=\"robots\" content=\"index, follow, max-snippet:-1, max-image-preview:large, max-video-preview:-1\" \/>\n<link rel=\"canonical\" href=\"https:\/\/inclusivenews.com.br\/?p=34644\" \/>\n<meta property=\"og:locale\" content=\"pt_PT\" \/>\n<meta property=\"og:type\" content=\"article\" \/>\n<meta property=\"og:title\" content=\"Inscri\u00e7\u00f5es abertas para Especializa\u00e7\u00e3o em Qualifica\u00e7\u00e3o da Rede de Cuidados \u00e0 Pessoa com Defici\u00eancia no SUS -\" \/>\n<meta property=\"og:description\" content=\"A Escola Nacional de Sa\u00fade P\u00fablica Sergio Arouca (ENSP), da Funda\u00e7\u00e3o Oswaldo Cruz (Fiocruz), abriu as inscri\u00e7\u00f5es para o Curso deEspecializa\u00e7\u00e3o para Qualifica\u00e7\u00e3o da Rede de Cuidados \u00e0 Pessoa com Defici\u00eancia no SUS (2025). \ud83d\udccc Inscri\u00e7\u00f5es abertas at\u00e9 5 de maio! S\u00e3o 254 vagas distribu\u00eddas em todo o pa\u00eds. Aproveite essa oportunidade de se especializar [&hellip;]\" \/>\n<meta property=\"og:url\" content=\"https:\/\/inclusivenews.com.br\/?p=34644\" \/>\n<meta property=\"article:publisher\" content=\"https:\/\/www.facebook.com\/agenciainclusive\/\" \/>\n<meta property=\"article:published_time\" content=\"2025-04-07T21:59:31+00:00\" \/>\n<meta property=\"og:image\" content=\"https:\/\/inclusivenews.com.br\/wp-content\/uploads\/2025\/04\/image-2-e1744061159229.png\" \/>\n\t<meta property=\"og:image:width\" content=\"1080\" \/>\n\t<meta property=\"og:image:height\" content=\"806\" \/>\n\t<meta property=\"og:image:type\" content=\"image\/png\" \/>\n<meta name=\"author\" content=\"inclusivenews2024\" \/>\n<meta name=\"twitter:card\" content=\"summary_large_image\" \/>\n<meta name=\"twitter:label1\" content=\"Escrito por\" \/>\n\t<meta name=\"twitter:data1\" content=\"inclusivenews2024\" \/>\n\t<meta name=\"twitter:label2\" content=\"Tempo estimado de leitura\" \/>\n\t<meta name=\"twitter:data2\" content=\"3 minutos\" \/>\n<script type=\"application\/ld+json\" class=\"yoast-schema-graph\">{\"@context\":\"https:\\\/\\\/schema.org\",\"@graph\":[{\"@type\":\"Article\",\"@id\":\"https:\\\/\\\/inclusivenews.com.br\\\/?p=34644#article\",\"isPartOf\":{\"@id\":\"https:\\\/\\\/inclusivenews.com.br\\\/?p=34644\"},\"author\":{\"name\":\"inclusivenews2024\",\"@id\":\"https:\\\/\\\/inclusivenews.com.br\\\/#\\\/schema\\\/person\\\/ae4ec7087559b8692fb33b6fffd2273b\"},\"headline\":\"Inscri\u00e7\u00f5es abertas para Especializa\u00e7\u00e3o em Qualifica\u00e7\u00e3o da Rede de Cuidados \u00e0 Pessoa com Defici\u00eancia no SUS\",\"datePublished\":\"2025-04-07T21:59:31+00:00\",\"mainEntityOfPage\":{\"@id\":\"https:\\\/\\\/inclusivenews.com.br\\\/?p=34644\"},\"wordCount\":458,\"commentCount\":0,\"publisher\":{\"@id\":\"https:\\\/\\\/inclusivenews.com.br\\\/#organization\"},\"image\":{\"@id\":\"https:\\\/\\\/inclusivenews.com.br\\\/?p=34644#primaryimage\"},\"thumbnailUrl\":\"https:\\\/\\\/inclusivenews.com.br\\\/wp-content\\\/uploads\\\/2025\\\/04\\\/image-2-e1744061159229.png\",\"keywords\":[\"Cuidados\",\"Edital\",\"ENSP\",\"Fiocruz\",\"P\u00f3s-gradua\u00e7\u00e3o\"],\"articleSection\":[\"EDUCA\u00c7\u00c3O\",\"Sa\u00fade\"],\"inLanguage\":\"pt-PT\",\"potentialAction\":[{\"@type\":\"CommentAction\",\"name\":\"Comment\",\"target\":[\"https:\\\/\\\/inclusivenews.com.br\\\/?p=34644#respond\"]}]},{\"@type\":\"WebPage\",\"@id\":\"https:\\\/\\\/inclusivenews.com.br\\\/?p=34644\",\"url\":\"https:\\\/\\\/inclusivenews.com.br\\\/?p=34644\",\"name\":\"Inscri\u00e7\u00f5es abertas para Especializa\u00e7\u00e3o em Qualifica\u00e7\u00e3o da Rede de Cuidados \u00e0 Pessoa com Defici\u00eancia no SUS -\",\"isPartOf\":{\"@id\":\"https:\\\/\\\/inclusivenews.com.br\\\/#website\"},\"primaryImageOfPage\":{\"@id\":\"https:\\\/\\\/inclusivenews.com.br\\\/?p=34644#primaryimage\"},\"image\":{\"@id\":\"https:\\\/\\\/inclusivenews.com.br\\\/?p=34644#primaryimage\"},\"thumbnailUrl\":\"https:\\\/\\\/inclusivenews.com.br\\\/wp-content\\\/uploads\\\/2025\\\/04\\\/image-2-e1744061159229.png\",\"datePublished\":\"2025-04-07T21:59:31+00:00\",\"breadcrumb\":{\"@id\":\"https:\\\/\\\/inclusivenews.com.br\\\/?p=34644#breadcrumb\"},\"inLanguage\":\"pt-PT\",\"potentialAction\":[{\"@type\":\"ReadAction\",\"target\":[\"https:\\\/\\\/inclusivenews.com.br\\\/?p=34644\"]}]},{\"@type\":\"ImageObject\",\"inLanguage\":\"pt-PT\",\"@id\":\"https:\\\/\\\/inclusivenews.com.br\\\/?p=34644#primaryimage\",\"url\":\"https:\\\/\\\/inclusivenews.com.br\\\/wp-content\\\/uploads\\\/2025\\\/04\\\/image-2-e1744061159229.png\",\"contentUrl\":\"https:\\\/\\\/inclusivenews.com.br\\\/wp-content\\\/uploads\\\/2025\\\/04\\\/image-2-e1744061159229.png\",\"width\":1080,\"height\":806},{\"@type\":\"BreadcrumbList\",\"@id\":\"https:\\\/\\\/inclusivenews.com.br\\\/?p=34644#breadcrumb\",\"itemListElement\":[{\"@type\":\"ListItem\",\"position\":1,\"name\":\"In\u00edcio\",\"item\":\"https:\\\/\\\/inclusivenews.com.br\\\/\"},{\"@type\":\"ListItem\",\"position\":2,\"name\":\"Inscri\u00e7\u00f5es abertas para Especializa\u00e7\u00e3o em Qualifica\u00e7\u00e3o da Rede de Cuidados \u00e0 Pessoa com Defici\u00eancia no SUS\"}]},{\"@type\":\"WebSite\",\"@id\":\"https:\\\/\\\/inclusivenews.com.br\\\/#website\",\"url\":\"https:\\\/\\\/inclusivenews.com.br\\\/\",\"name\":\"Inclusive News\",\"description\":\"Inclusive News\",\"publisher\":{\"@id\":\"https:\\\/\\\/inclusivenews.com.br\\\/#organization\"},\"potentialAction\":[{\"@type\":\"SearchAction\",\"target\":{\"@type\":\"EntryPoint\",\"urlTemplate\":\"https:\\\/\\\/inclusivenews.com.br\\\/?s={search_term_string}\"},\"query-input\":{\"@type\":\"PropertyValueSpecification\",\"valueRequired\":true,\"valueName\":\"search_term_string\"}}],\"inLanguage\":\"pt-PT\"},{\"@type\":\"Organization\",\"@id\":\"https:\\\/\\\/inclusivenews.com.br\\\/#organization\",\"name\":\"Inclusive - inclus\u00e3o e cidadania\",\"url\":\"https:\\\/\\\/inclusivenews.com.br\\\/\",\"logo\":{\"@type\":\"ImageObject\",\"inLanguage\":\"pt-PT\",\"@id\":\"https:\\\/\\\/inclusivenews.com.br\\\/#\\\/schema\\\/logo\\\/image\\\/\",\"url\":\"https:\\\/\\\/inclusivenews.com.br\\\/wp-content\\\/uploads\\\/2024\\\/03\\\/@grandesite.png\",\"contentUrl\":\"https:\\\/\\\/inclusivenews.com.br\\\/wp-content\\\/uploads\\\/2024\\\/03\\\/@grandesite.png\",\"width\":1080,\"height\":1080,\"caption\":\"Inclusive - inclus\u00e3o e cidadania\"},\"image\":{\"@id\":\"https:\\\/\\\/inclusivenews.com.br\\\/#\\\/schema\\\/logo\\\/image\\\/\"},\"sameAs\":[\"https:\\\/\\\/www.facebook.com\\\/agenciainclusive\\\/\",\"https:\\\/\\\/www.instagram.com\\\/newsinclusive\\\/\"]},{\"@type\":\"Person\",\"@id\":\"https:\\\/\\\/inclusivenews.com.br\\\/#\\\/schema\\\/person\\\/ae4ec7087559b8692fb33b6fffd2273b\",\"name\":\"inclusivenews2024\",\"image\":{\"@type\":\"ImageObject\",\"inLanguage\":\"pt-PT\",\"@id\":\"https:\\\/\\\/secure.gravatar.com\\\/avatar\\\/c5a7ef84c66fa914f55bc4f7ce26cfa275a3b9a1c5568b907bd184fb4dde7b40?s=96&d=mm&r=g\",\"url\":\"https:\\\/\\\/secure.gravatar.com\\\/avatar\\\/c5a7ef84c66fa914f55bc4f7ce26cfa275a3b9a1c5568b907bd184fb4dde7b40?s=96&d=mm&r=g\",\"contentUrl\":\"https:\\\/\\\/secure.gravatar.com\\\/avatar\\\/c5a7ef84c66fa914f55bc4f7ce26cfa275a3b9a1c5568b907bd184fb4dde7b40?s=96&d=mm&r=g\",\"caption\":\"inclusivenews2024\"},\"sameAs\":[\"https:\\\/\\\/inclusivenews.com.br\"],\"url\":\"https:\\\/\\\/inclusivenews.com.br\\\/?author=1\"}]}<\/script>\n<!-- \/ Yoast SEO plugin. -->","yoast_head_json":{"title":"Inscri\u00e7\u00f5es abertas para Especializa\u00e7\u00e3o em Qualifica\u00e7\u00e3o da Rede de Cuidados \u00e0 Pessoa com Defici\u00eancia no SUS -","robots":{"index":"index","follow":"follow","max-snippet":"max-snippet:-1","max-image-preview":"max-image-preview:large","max-video-preview":"max-video-preview:-1"},"canonical":"https:\/\/inclusivenews.com.br\/?p=34644","og_locale":"pt_PT","og_type":"article","og_title":"Inscri\u00e7\u00f5es abertas para Especializa\u00e7\u00e3o em Qualifica\u00e7\u00e3o da Rede de Cuidados \u00e0 Pessoa com Defici\u00eancia no SUS -","og_description":"A Escola Nacional de Sa\u00fade P\u00fablica Sergio Arouca (ENSP), da Funda\u00e7\u00e3o Oswaldo Cruz (Fiocruz), abriu as inscri\u00e7\u00f5es para o Curso deEspecializa\u00e7\u00e3o para Qualifica\u00e7\u00e3o da Rede de Cuidados \u00e0 Pessoa com Defici\u00eancia no SUS (2025). \ud83d\udccc Inscri\u00e7\u00f5es abertas at\u00e9 5 de maio! S\u00e3o 254 vagas distribu\u00eddas em todo o pa\u00eds. Aproveite essa oportunidade de se especializar [&hellip;]","og_url":"https:\/\/inclusivenews.com.br\/?p=34644","article_publisher":"https:\/\/www.facebook.com\/agenciainclusive\/","article_published_time":"2025-04-07T21:59:31+00:00","og_image":[{"width":1080,"height":806,"url":"https:\/\/inclusivenews.com.br\/wp-content\/uploads\/2025\/04\/image-2-e1744061159229.png","type":"image\/png"}],"author":"inclusivenews2024","twitter_card":"summary_large_image","twitter_misc":{"Escrito por":"inclusivenews2024","Tempo estimado de leitura":"3 minutos"},"schema":{"@context":"https:\/\/schema.org","@graph":[{"@type":"Article","@id":"https:\/\/inclusivenews.com.br\/?p=34644#article","isPartOf":{"@id":"https:\/\/inclusivenews.com.br\/?p=34644"},"author":{"name":"inclusivenews2024","@id":"https:\/\/inclusivenews.com.br\/#\/schema\/person\/ae4ec7087559b8692fb33b6fffd2273b"},"headline":"Inscri\u00e7\u00f5es abertas para Especializa\u00e7\u00e3o em Qualifica\u00e7\u00e3o da Rede de Cuidados \u00e0 Pessoa com Defici\u00eancia no SUS","datePublished":"2025-04-07T21:59:31+00:00","mainEntityOfPage":{"@id":"https:\/\/inclusivenews.com.br\/?p=34644"},"wordCount":458,"commentCount":0,"publisher":{"@id":"https:\/\/inclusivenews.com.br\/#organization"},"image":{"@id":"https:\/\/inclusivenews.com.br\/?p=34644#primaryimage"},"thumbnailUrl":"https:\/\/inclusivenews.com.br\/wp-content\/uploads\/2025\/04\/image-2-e1744061159229.png","keywords":["Cuidados","Edital","ENSP","Fiocruz","P\u00f3s-gradua\u00e7\u00e3o"],"articleSection":["EDUCA\u00c7\u00c3O","Sa\u00fade"],"inLanguage":"pt-PT","potentialAction":[{"@type":"CommentAction","name":"Comment","target":["https:\/\/inclusivenews.com.br\/?p=34644#respond"]}]},{"@type":"WebPage","@id":"https:\/\/inclusivenews.com.br\/?p=34644","url":"https:\/\/inclusivenews.com.br\/?p=34644","name":"Inscri\u00e7\u00f5es abertas para Especializa\u00e7\u00e3o em Qualifica\u00e7\u00e3o da Rede de Cuidados \u00e0 Pessoa com Defici\u00eancia no SUS -","isPartOf":{"@id":"https:\/\/inclusivenews.com.br\/#website"},"primaryImageOfPage":{"@id":"https:\/\/inclusivenews.com.br\/?p=34644#primaryimage"},"image":{"@id":"https:\/\/inclusivenews.com.br\/?p=34644#primaryimage"},"thumbnailUrl":"https:\/\/inclusivenews.com.br\/wp-content\/uploads\/2025\/04\/image-2-e1744061159229.png","datePublished":"2025-04-07T21:59:31+00:00","breadcrumb":{"@id":"https:\/\/inclusivenews.com.br\/?p=34644#breadcrumb"},"inLanguage":"pt-PT","potentialAction":[{"@type":"ReadAction","target":["https:\/\/inclusivenews.com.br\/?p=34644"]}]},{"@type":"ImageObject","inLanguage":"pt-PT","@id":"https:\/\/inclusivenews.com.br\/?p=34644#primaryimage","url":"https:\/\/inclusivenews.com.br\/wp-content\/uploads\/2025\/04\/image-2-e1744061159229.png","contentUrl":"https:\/\/inclusivenews.com.br\/wp-content\/uploads\/2025\/04\/image-2-e1744061159229.png","width":1080,"height":806},{"@type":"BreadcrumbList","@id":"https:\/\/inclusivenews.com.br\/?p=34644#breadcrumb","itemListElement":[{"@type":"ListItem","position":1,"name":"In\u00edcio","item":"https:\/\/inclusivenews.com.br\/"},{"@type":"ListItem","position":2,"name":"Inscri\u00e7\u00f5es abertas para Especializa\u00e7\u00e3o em Qualifica\u00e7\u00e3o da Rede de Cuidados \u00e0 Pessoa com Defici\u00eancia no SUS"}]},{"@type":"WebSite","@id":"https:\/\/inclusivenews.com.br\/#website","url":"https:\/\/inclusivenews.com.br\/","name":"Inclusive News","description":"Inclusive News","publisher":{"@id":"https:\/\/inclusivenews.com.br\/#organization"},"potentialAction":[{"@type":"SearchAction","target":{"@type":"EntryPoint","urlTemplate":"https:\/\/inclusivenews.com.br\/?s={search_term_string}"},"query-input":{"@type":"PropertyValueSpecification","valueRequired":true,"valueName":"search_term_string"}}],"inLanguage":"pt-PT"},{"@type":"Organization","@id":"https:\/\/inclusivenews.com.br\/#organization","name":"Inclusive - inclus\u00e3o e cidadania","url":"https:\/\/inclusivenews.com.br\/","logo":{"@type":"ImageObject","inLanguage":"pt-PT","@id":"https:\/\/inclusivenews.com.br\/#\/schema\/logo\/image\/","url":"https:\/\/inclusivenews.com.br\/wp-content\/uploads\/2024\/03\/@grandesite.png","contentUrl":"https:\/\/inclusivenews.com.br\/wp-content\/uploads\/2024\/03\/@grandesite.png","width":1080,"height":1080,"caption":"Inclusive - inclus\u00e3o e cidadania"},"image":{"@id":"https:\/\/inclusivenews.com.br\/#\/schema\/logo\/image\/"},"sameAs":["https:\/\/www.facebook.com\/agenciainclusive\/","https:\/\/www.instagram.com\/newsinclusive\/"]},{"@type":"Person","@id":"https:\/\/inclusivenews.com.br\/#\/schema\/person\/ae4ec7087559b8692fb33b6fffd2273b","name":"inclusivenews2024","image":{"@type":"ImageObject","inLanguage":"pt-PT","@id":"https:\/\/secure.gravatar.com\/avatar\/c5a7ef84c66fa914f55bc4f7ce26cfa275a3b9a1c5568b907bd184fb4dde7b40?s=96&d=mm&r=g","url":"https:\/\/secure.gravatar.com\/avatar\/c5a7ef84c66fa914f55bc4f7ce26cfa275a3b9a1c5568b907bd184fb4dde7b40?s=96&d=mm&r=g","contentUrl":"https:\/\/secure.gravatar.com\/avatar\/c5a7ef84c66fa914f55bc4f7ce26cfa275a3b9a1c5568b907bd184fb4dde7b40?s=96&d=mm&r=g","caption":"inclusivenews2024"},"sameAs":["https:\/\/inclusivenews.com.br"],"url":"https:\/\/inclusivenews.com.br\/?author=1"}]}},"_links":{"self":[{"href":"https:\/\/inclusivenews.com.br\/index.php?rest_route=\/wp\/v2\/posts\/34644","targetHints":{"allow":["GET"]}}],"collection":[{"href":"https:\/\/inclusivenews.com.br\/index.php?rest_route=\/wp\/v2\/posts"}],"about":[{"href":"https:\/\/inclusivenews.com.br\/index.php?rest_route=\/wp\/v2\/types\/post"}],"author":[{"embeddable":true,"href":"https:\/\/inclusivenews.com.br\/index.php?rest_route=\/wp\/v2\/users\/1"}],"replies":[{"embeddable":true,"href":"https:\/\/inclusivenews.com.br\/index.php?rest_route=%2Fwp%2Fv2%2Fcomments&post=34644"}],"version-history":[{"count":1,"href":"https:\/\/inclusivenews.com.br\/index.php?rest_route=\/wp\/v2\/posts\/34644\/revisions"}],"predecessor-version":[{"id":34648,"href":"https:\/\/inclusivenews.com.br\/index.php?rest_route=\/wp\/v2\/posts\/34644\/revisions\/34648"}],"wp:featuredmedia":[{"embeddable":true,"href":"https:\/\/inclusivenews.com.br\/index.php?rest_route=\/wp\/v2\/media\/34647"}],"wp:attachment":[{"href":"https:\/\/inclusivenews.com.br\/index.php?rest_route=%2Fwp%2Fv2%2Fmedia&parent=34644"}],"wp:term":[{"taxonomy":"category","embeddable":true,"href":"https:\/\/inclusivenews.com.br\/index.php?rest_route=%2Fwp%2Fv2%2Fcategories&post=34644"},{"taxonomy":"post_tag","embeddable":true,"href":"https:\/\/inclusivenews.com.br\/index.php?rest_route=%2Fwp%2Fv2%2Ftags&post=34644"}],"curies":[{"name":"wp","href":"https:\/\/api.w.org\/{rel}","templated":true}]}}