{"id":34650,"date":"2025-04-08T10:29:00","date_gmt":"2025-04-08T10:29:00","guid":{"rendered":"https:\/\/inclusivenews.com.br\/?p=34650"},"modified":"2025-04-08T19:41:41","modified_gmt":"2025-04-08T19:41:41","slug":"acessibilidade-digital-para-todos-podcast-acessando-lucilia","status":"publish","type":"post","link":"https:\/\/inclusivenews.com.br\/?p=34650","title":{"rendered":"Acessibilidade Digital para Todos\u00a0\u00a0\u2013 Podcast Acessando Luc\u00edlia"},"content":{"rendered":"\n<p>O Podcast Acessando Luc\u00edlia desta ter\u00e7a-feira, 08\/04, traz para debate a nova norma t\u00e9cnica da Associa\u00e7\u00e3o Brasileira de Normas T\u00e9cnicas (ABNT), a NBR 17225. Lan\u00e7ada em mar\u00e7o de 2025, ela determina diretrizes de acessibilidade para a cria\u00e7\u00e3o e manuten\u00e7\u00e3o de ambientes digitais acess\u00edveis a todas as pessoas, incluindo aquelas com defici\u00eancia. Elaborada em parceria com o Comit\u00ea Brasileiro de Acessibilidade (ABNT\/CB-040), a norma \u00e9 fruto de quase dois anos de trabalho de uma for\u00e7a-tarefa que contou com 178 especialistas, coordenados pelo Centro de Estudos sobre Tecnologias Web (Ceweb.br) e o N\u00facleo de Informa\u00e7\u00e3o e Coordena\u00e7\u00e3o do Ponto BR (NIC.br).<br>A NBR 17225 tem como prop\u00f3sito eliminar barreiras digitais e fomentar a inclus\u00e3o, assegurando que informa\u00e7\u00f5es e servi\u00e7os online sejam acess\u00edveis para todos os usu\u00e1rios. Na atualidade, menos de 3% dos sites brasileiros atendem as especifica\u00e7\u00f5es de acessibilidade digital estabelecidas pelo artigo 63 da Lei Brasileira da Inclus\u00e3o (LBI), que define que os sites de empresas e \u00f3rg\u00e3os governamentais no Brasil sejam acess\u00edveis, de acordo com as melhores pr\u00e1ticas de acessibilidade adotadas internacionalmente.<\/p>\n\n\n\n<p>Os convidados para esta conversa s\u00e3o:<br>Cid Torquato , CEO do ICOM (Plataforma de Atendimento em L\u00edngua de Sinais), comentarista da R\u00e1dio Bandeirante sobre direitos das pessoas com defici\u00eancia, consultor em acessibilidade do cons\u00f3rcio Allegra Pacaembu e dos Parques da Paulista. Foi assessor em Governo Eletr\u00f4nico do Minist\u00e9rio do Planejamento no Governo Fernando Henrique, fundador da C\u00e2mara Brasileira de Com\u00e9rcio Eletr\u00f4nico (Camara-e.net); Secret\u00e1rio Adjunto de Estado dos Direitos da Pessoa com Defici\u00eancia, membro do Conselho Nacional da Pessoa com Defici\u00eancia (CONADE) e Secret\u00e1rio Municipal da Pessoa com Defici\u00eancia de S\u00e3o Paulo. Autor do livro \u201cEmpreendedorismo sem Fronteiras \u2013 Um Excelente Caminho para Pessoas com Defici\u00eancia\u201d, que escreveu ap\u00f3s ficar tetrapl\u00e9gico em 2007.<\/p>\n\n\n\n<p>Gabriel Vicalvi , engenheiro de software, atua h\u00e1 22 anos com tecnologia para tornar as pessoas com defici\u00eancia mais independentes no mundo digital. Durante 11 anos trabalhou no desenvolvimento e suporte de sistemas banc\u00e1rios no Brasil, Europa e Nova York. Antes disso, atuou por tr\u00eas anos com infraestrutura de redes e servidores. Seu trabalho \u00e9 focado em testes de acessibilidade para canais digitais, especialmente Web e Mobile. Atualmente est\u00e1 no Banco Ita\u00fa, na \u00e1rea de tecnologia e qualidade de aplicativos e sites, garantindo acessibilidade conforme diretrizes internacionais, como as WCAG \u2013 Web Content Accessibility Guidelines.<\/p>\n\n\n\n<p>O bate-papo, que \u00e9 uma parceria com a Inclusive News, conta com int\u00e9rprete de libras e \u00e9 transmitido toda ter\u00e7a-feira, \u00e0s 18h, no canal do ACESSANDO LUC\u00cdLIA no Youtube:&nbsp;<a href=\"https:\/\/www.youtube.com\/@acessandolucilia5059\">https:\/\/www.youtube.com\/@acessandolucilia5059<\/a>&nbsp;e nas redes da Web R\u00e1dio Censura Livre, no Youtube, no Facebook, no site&nbsp;<a href=\"http:\/\/www.clwebradio.com\/\">www.clwebradio.com<\/a>&nbsp;e no aplicativo: RadiosNet&nbsp;<a href=\"http:\/\/l.radios.com.br\/r\/100204\">http:\/\/l.radios.com.br\/r\/100204<\/a>.<\/p>\n\n\n\n<p><br>O programa tamb\u00e9m \u00e9 retransmitido no mesmo hor\u00e1rio na R\u00e1dio Criativa de Muria\u00e9-MG e no canal Gernika_art against fascism \u2013 Liga de Comunica\u00e7\u00e3o Internacionalista de Portugal, no YouTube. E \u00e0s quartas-feiras, 15h, na Radio Comunidade Friburgo 104.9 FM, de Nova Friburgo-RJ.<\/p>\n\n\n\n<figure class=\"wp-block-image size-large\"><img loading=\"lazy\" decoding=\"async\" width=\"1024\" height=\"576\" src=\"https:\/\/inclusivenews.com.br\/wp-content\/uploads\/2024\/08\/image-3-1024x576.png\" alt=\"Card preto com letras brancas e imagem de ondas sonoras em rosa ao fundo\n\u00c0 esquerda: Podcast\nMais abaixo dentro de uma tarja o desenho estilizado de um microfone e &quot;Acessando Luc\u00edlia&quot;\nDo lado direito dentro de uma moldura em forma de gota rosa, a foto de uma mulher branca de perfil. Ela usa \u00f3culos e blusa branca.\nTer\u00e7a-feira -18h\nCom Luc\u00edlia Machado\nDentro de tarjas sobrepostas nas cores verdes e rosa: \n\u00c0 direita: YouTube.com\/@acessandolucilia59\nFacebook.com\/Webradiocensuralivre                                                               HTTPS:\/\/www.youtube.com\/@RadioCensuraLivre e no canto esquerdo, o \u00edcone de acess\u00edvel em libras.    \n\u00c0 direita, o logo da Inclusive News e ao lado, o da Web R\u00e1dio Censura Livre.\" class=\"wp-image-33910\" srcset=\"https:\/\/inclusivenews.com.br\/wp-content\/uploads\/2024\/08\/image-3-1024x576.png 1024w, https:\/\/inclusivenews.com.br\/wp-content\/uploads\/2024\/08\/image-3-300x169.png 300w, https:\/\/inclusivenews.com.br\/wp-content\/uploads\/2024\/08\/image-3-768x432.png 768w, https:\/\/inclusivenews.com.br\/wp-content\/uploads\/2024\/08\/image-3.png 1280w\" sizes=\"auto, (max-width: 1024px) 100vw, 1024px\" \/><\/figure>\n","protected":false},"excerpt":{"rendered":"<p>O Podcast Acessando Luc\u00edlia desta ter\u00e7a-feira, 08\/04, traz para debate a nova norma t\u00e9cnica da Associa\u00e7\u00e3o Brasileira de Normas T\u00e9cnicas (ABNT), a NBR 17225. Lan\u00e7ada em mar\u00e7o de 2025, ela determina diretrizes de acessibilidade para a cria\u00e7\u00e3o e manuten\u00e7\u00e3o de ambientes digitais acess\u00edveis a todas as pessoas, incluindo aquelas com defici\u00eancia. Elaborada em parceria com [&hellip;]<\/p>\n","protected":false},"author":1,"featured_media":34651,"comment_status":"open","ping_status":"open","sticky":false,"template":"","format":"standard","meta":{"site-container-style":"default","site-container-layout":"default","site-sidebar-layout":"default","disable-article-header":"default","disable-site-header":"default","disable-site-footer":"default","disable-content-area-spacing":"default","footnotes":""},"categories":[470],"tags":[],"class_list":["post-34650","post","type-post","status-publish","format-standard","has-post-thumbnail","hentry","category-podcast"],"yoast_head":"<!-- This site is optimized with the Yoast SEO plugin v27.4 - https:\/\/yoast.com\/product\/yoast-seo-wordpress\/ -->\n<title>Acessibilidade Digital para Todos\u00a0\u00a0\u2013 Podcast Acessando Luc\u00edlia -<\/title>\n<meta name=\"robots\" content=\"index, follow, max-snippet:-1, max-image-preview:large, max-video-preview:-1\" \/>\n<link rel=\"canonical\" href=\"https:\/\/inclusivenews.com.br\/?p=34650\" \/>\n<meta property=\"og:locale\" content=\"pt_PT\" \/>\n<meta property=\"og:type\" content=\"article\" \/>\n<meta property=\"og:title\" content=\"Acessibilidade Digital para Todos\u00a0\u00a0\u2013 Podcast Acessando Luc\u00edlia -\" \/>\n<meta property=\"og:description\" content=\"O Podcast Acessando Luc\u00edlia desta ter\u00e7a-feira, 08\/04, traz para debate a nova norma t\u00e9cnica da Associa\u00e7\u00e3o Brasileira de Normas T\u00e9cnicas (ABNT), a NBR 17225. Lan\u00e7ada em mar\u00e7o de 2025, ela determina diretrizes de acessibilidade para a cria\u00e7\u00e3o e manuten\u00e7\u00e3o de ambientes digitais acess\u00edveis a todas as pessoas, incluindo aquelas com defici\u00eancia. Elaborada em parceria com [&hellip;]\" \/>\n<meta property=\"og:url\" content=\"https:\/\/inclusivenews.com.br\/?p=34650\" \/>\n<meta property=\"article:publisher\" content=\"https:\/\/www.facebook.com\/agenciainclusive\/\" \/>\n<meta property=\"article:published_time\" content=\"2025-04-08T10:29:00+00:00\" \/>\n<meta property=\"article:modified_time\" content=\"2025-04-08T19:41:41+00:00\" \/>\n<meta property=\"og:image\" content=\"https:\/\/inclusivenews.com.br\/wp-content\/uploads\/2025\/04\/acessibilidade_digital_webtexto_artigo-e1744141297200.jpg\" \/>\n\t<meta property=\"og:image:width\" content=\"740\" \/>\n\t<meta property=\"og:image:height\" content=\"440\" \/>\n\t<meta property=\"og:image:type\" content=\"image\/jpeg\" \/>\n<meta name=\"author\" content=\"inclusivenews2024\" \/>\n<meta name=\"twitter:card\" content=\"summary_large_image\" \/>\n<meta name=\"twitter:label1\" content=\"Escrito por\" \/>\n\t<meta name=\"twitter:data1\" content=\"inclusivenews2024\" \/>\n\t<meta name=\"twitter:label2\" content=\"Tempo estimado de leitura\" \/>\n\t<meta name=\"twitter:data2\" content=\"3 minutos\" \/>\n<script type=\"application\/ld+json\" class=\"yoast-schema-graph\">{\"@context\":\"https:\\\/\\\/schema.org\",\"@graph\":[{\"@type\":\"Article\",\"@id\":\"https:\\\/\\\/inclusivenews.com.br\\\/?p=34650#article\",\"isPartOf\":{\"@id\":\"https:\\\/\\\/inclusivenews.com.br\\\/?p=34650\"},\"author\":{\"name\":\"inclusivenews2024\",\"@id\":\"https:\\\/\\\/inclusivenews.com.br\\\/#\\\/schema\\\/person\\\/ae4ec7087559b8692fb33b6fffd2273b\"},\"headline\":\"Acessibilidade Digital para Todos\u00a0\u00a0\u2013 Podcast Acessando Luc\u00edlia\",\"datePublished\":\"2025-04-08T10:29:00+00:00\",\"dateModified\":\"2025-04-08T19:41:41+00:00\",\"mainEntityOfPage\":{\"@id\":\"https:\\\/\\\/inclusivenews.com.br\\\/?p=34650\"},\"wordCount\":535,\"commentCount\":0,\"publisher\":{\"@id\":\"https:\\\/\\\/inclusivenews.com.br\\\/#organization\"},\"image\":{\"@id\":\"https:\\\/\\\/inclusivenews.com.br\\\/?p=34650#primaryimage\"},\"thumbnailUrl\":\"https:\\\/\\\/inclusivenews.com.br\\\/wp-content\\\/uploads\\\/2025\\\/04\\\/acessibilidade_digital_webtexto_artigo-e1744141297200.jpg\",\"articleSection\":[\"PODCAST\"],\"inLanguage\":\"pt-PT\",\"potentialAction\":[{\"@type\":\"CommentAction\",\"name\":\"Comment\",\"target\":[\"https:\\\/\\\/inclusivenews.com.br\\\/?p=34650#respond\"]}]},{\"@type\":\"WebPage\",\"@id\":\"https:\\\/\\\/inclusivenews.com.br\\\/?p=34650\",\"url\":\"https:\\\/\\\/inclusivenews.com.br\\\/?p=34650\",\"name\":\"Acessibilidade Digital para Todos\u00a0\u00a0\u2013 Podcast Acessando Luc\u00edlia -\",\"isPartOf\":{\"@id\":\"https:\\\/\\\/inclusivenews.com.br\\\/#website\"},\"primaryImageOfPage\":{\"@id\":\"https:\\\/\\\/inclusivenews.com.br\\\/?p=34650#primaryimage\"},\"image\":{\"@id\":\"https:\\\/\\\/inclusivenews.com.br\\\/?p=34650#primaryimage\"},\"thumbnailUrl\":\"https:\\\/\\\/inclusivenews.com.br\\\/wp-content\\\/uploads\\\/2025\\\/04\\\/acessibilidade_digital_webtexto_artigo-e1744141297200.jpg\",\"datePublished\":\"2025-04-08T10:29:00+00:00\",\"dateModified\":\"2025-04-08T19:41:41+00:00\",\"breadcrumb\":{\"@id\":\"https:\\\/\\\/inclusivenews.com.br\\\/?p=34650#breadcrumb\"},\"inLanguage\":\"pt-PT\",\"potentialAction\":[{\"@type\":\"ReadAction\",\"target\":[\"https:\\\/\\\/inclusivenews.com.br\\\/?p=34650\"]}]},{\"@type\":\"ImageObject\",\"inLanguage\":\"pt-PT\",\"@id\":\"https:\\\/\\\/inclusivenews.com.br\\\/?p=34650#primaryimage\",\"url\":\"https:\\\/\\\/inclusivenews.com.br\\\/wp-content\\\/uploads\\\/2025\\\/04\\\/acessibilidade_digital_webtexto_artigo-e1744141297200.jpg\",\"contentUrl\":\"https:\\\/\\\/inclusivenews.com.br\\\/wp-content\\\/uploads\\\/2025\\\/04\\\/acessibilidade_digital_webtexto_artigo-e1744141297200.jpg\",\"width\":740,\"height\":440},{\"@type\":\"BreadcrumbList\",\"@id\":\"https:\\\/\\\/inclusivenews.com.br\\\/?p=34650#breadcrumb\",\"itemListElement\":[{\"@type\":\"ListItem\",\"position\":1,\"name\":\"In\u00edcio\",\"item\":\"https:\\\/\\\/inclusivenews.com.br\\\/\"},{\"@type\":\"ListItem\",\"position\":2,\"name\":\"Acessibilidade Digital para Todos\u00a0\u00a0\u2013 Podcast Acessando Luc\u00edlia\"}]},{\"@type\":\"WebSite\",\"@id\":\"https:\\\/\\\/inclusivenews.com.br\\\/#website\",\"url\":\"https:\\\/\\\/inclusivenews.com.br\\\/\",\"name\":\"Inclusive News\",\"description\":\"Inclusive News\",\"publisher\":{\"@id\":\"https:\\\/\\\/inclusivenews.com.br\\\/#organization\"},\"potentialAction\":[{\"@type\":\"SearchAction\",\"target\":{\"@type\":\"EntryPoint\",\"urlTemplate\":\"https:\\\/\\\/inclusivenews.com.br\\\/?s={search_term_string}\"},\"query-input\":{\"@type\":\"PropertyValueSpecification\",\"valueRequired\":true,\"valueName\":\"search_term_string\"}}],\"inLanguage\":\"pt-PT\"},{\"@type\":\"Organization\",\"@id\":\"https:\\\/\\\/inclusivenews.com.br\\\/#organization\",\"name\":\"Inclusive - inclus\u00e3o e cidadania\",\"url\":\"https:\\\/\\\/inclusivenews.com.br\\\/\",\"logo\":{\"@type\":\"ImageObject\",\"inLanguage\":\"pt-PT\",\"@id\":\"https:\\\/\\\/inclusivenews.com.br\\\/#\\\/schema\\\/logo\\\/image\\\/\",\"url\":\"https:\\\/\\\/inclusivenews.com.br\\\/wp-content\\\/uploads\\\/2024\\\/03\\\/@grandesite.png\",\"contentUrl\":\"https:\\\/\\\/inclusivenews.com.br\\\/wp-content\\\/uploads\\\/2024\\\/03\\\/@grandesite.png\",\"width\":1080,\"height\":1080,\"caption\":\"Inclusive - inclus\u00e3o e cidadania\"},\"image\":{\"@id\":\"https:\\\/\\\/inclusivenews.com.br\\\/#\\\/schema\\\/logo\\\/image\\\/\"},\"sameAs\":[\"https:\\\/\\\/www.facebook.com\\\/agenciainclusive\\\/\",\"https:\\\/\\\/www.instagram.com\\\/newsinclusive\\\/\"]},{\"@type\":\"Person\",\"@id\":\"https:\\\/\\\/inclusivenews.com.br\\\/#\\\/schema\\\/person\\\/ae4ec7087559b8692fb33b6fffd2273b\",\"name\":\"inclusivenews2024\",\"image\":{\"@type\":\"ImageObject\",\"inLanguage\":\"pt-PT\",\"@id\":\"https:\\\/\\\/secure.gravatar.com\\\/avatar\\\/c5a7ef84c66fa914f55bc4f7ce26cfa275a3b9a1c5568b907bd184fb4dde7b40?s=96&d=mm&r=g\",\"url\":\"https:\\\/\\\/secure.gravatar.com\\\/avatar\\\/c5a7ef84c66fa914f55bc4f7ce26cfa275a3b9a1c5568b907bd184fb4dde7b40?s=96&d=mm&r=g\",\"contentUrl\":\"https:\\\/\\\/secure.gravatar.com\\\/avatar\\\/c5a7ef84c66fa914f55bc4f7ce26cfa275a3b9a1c5568b907bd184fb4dde7b40?s=96&d=mm&r=g\",\"caption\":\"inclusivenews2024\"},\"sameAs\":[\"https:\\\/\\\/inclusivenews.com.br\"],\"url\":\"https:\\\/\\\/inclusivenews.com.br\\\/?author=1\"}]}<\/script>\n<!-- \/ Yoast SEO plugin. -->","yoast_head_json":{"title":"Acessibilidade Digital para Todos\u00a0\u00a0\u2013 Podcast Acessando Luc\u00edlia -","robots":{"index":"index","follow":"follow","max-snippet":"max-snippet:-1","max-image-preview":"max-image-preview:large","max-video-preview":"max-video-preview:-1"},"canonical":"https:\/\/inclusivenews.com.br\/?p=34650","og_locale":"pt_PT","og_type":"article","og_title":"Acessibilidade Digital para Todos\u00a0\u00a0\u2013 Podcast Acessando Luc\u00edlia -","og_description":"O Podcast Acessando Luc\u00edlia desta ter\u00e7a-feira, 08\/04, traz para debate a nova norma t\u00e9cnica da Associa\u00e7\u00e3o Brasileira de Normas T\u00e9cnicas (ABNT), a NBR 17225. Lan\u00e7ada em mar\u00e7o de 2025, ela determina diretrizes de acessibilidade para a cria\u00e7\u00e3o e manuten\u00e7\u00e3o de ambientes digitais acess\u00edveis a todas as pessoas, incluindo aquelas com defici\u00eancia. Elaborada em parceria com [&hellip;]","og_url":"https:\/\/inclusivenews.com.br\/?p=34650","article_publisher":"https:\/\/www.facebook.com\/agenciainclusive\/","article_published_time":"2025-04-08T10:29:00+00:00","article_modified_time":"2025-04-08T19:41:41+00:00","og_image":[{"width":740,"height":440,"url":"https:\/\/inclusivenews.com.br\/wp-content\/uploads\/2025\/04\/acessibilidade_digital_webtexto_artigo-e1744141297200.jpg","type":"image\/jpeg"}],"author":"inclusivenews2024","twitter_card":"summary_large_image","twitter_misc":{"Escrito por":"inclusivenews2024","Tempo estimado de leitura":"3 minutos"},"schema":{"@context":"https:\/\/schema.org","@graph":[{"@type":"Article","@id":"https:\/\/inclusivenews.com.br\/?p=34650#article","isPartOf":{"@id":"https:\/\/inclusivenews.com.br\/?p=34650"},"author":{"name":"inclusivenews2024","@id":"https:\/\/inclusivenews.com.br\/#\/schema\/person\/ae4ec7087559b8692fb33b6fffd2273b"},"headline":"Acessibilidade Digital para Todos\u00a0\u00a0\u2013 Podcast Acessando Luc\u00edlia","datePublished":"2025-04-08T10:29:00+00:00","dateModified":"2025-04-08T19:41:41+00:00","mainEntityOfPage":{"@id":"https:\/\/inclusivenews.com.br\/?p=34650"},"wordCount":535,"commentCount":0,"publisher":{"@id":"https:\/\/inclusivenews.com.br\/#organization"},"image":{"@id":"https:\/\/inclusivenews.com.br\/?p=34650#primaryimage"},"thumbnailUrl":"https:\/\/inclusivenews.com.br\/wp-content\/uploads\/2025\/04\/acessibilidade_digital_webtexto_artigo-e1744141297200.jpg","articleSection":["PODCAST"],"inLanguage":"pt-PT","potentialAction":[{"@type":"CommentAction","name":"Comment","target":["https:\/\/inclusivenews.com.br\/?p=34650#respond"]}]},{"@type":"WebPage","@id":"https:\/\/inclusivenews.com.br\/?p=34650","url":"https:\/\/inclusivenews.com.br\/?p=34650","name":"Acessibilidade Digital para Todos\u00a0\u00a0\u2013 Podcast Acessando Luc\u00edlia -","isPartOf":{"@id":"https:\/\/inclusivenews.com.br\/#website"},"primaryImageOfPage":{"@id":"https:\/\/inclusivenews.com.br\/?p=34650#primaryimage"},"image":{"@id":"https:\/\/inclusivenews.com.br\/?p=34650#primaryimage"},"thumbnailUrl":"https:\/\/inclusivenews.com.br\/wp-content\/uploads\/2025\/04\/acessibilidade_digital_webtexto_artigo-e1744141297200.jpg","datePublished":"2025-04-08T10:29:00+00:00","dateModified":"2025-04-08T19:41:41+00:00","breadcrumb":{"@id":"https:\/\/inclusivenews.com.br\/?p=34650#breadcrumb"},"inLanguage":"pt-PT","potentialAction":[{"@type":"ReadAction","target":["https:\/\/inclusivenews.com.br\/?p=34650"]}]},{"@type":"ImageObject","inLanguage":"pt-PT","@id":"https:\/\/inclusivenews.com.br\/?p=34650#primaryimage","url":"https:\/\/inclusivenews.com.br\/wp-content\/uploads\/2025\/04\/acessibilidade_digital_webtexto_artigo-e1744141297200.jpg","contentUrl":"https:\/\/inclusivenews.com.br\/wp-content\/uploads\/2025\/04\/acessibilidade_digital_webtexto_artigo-e1744141297200.jpg","width":740,"height":440},{"@type":"BreadcrumbList","@id":"https:\/\/inclusivenews.com.br\/?p=34650#breadcrumb","itemListElement":[{"@type":"ListItem","position":1,"name":"In\u00edcio","item":"https:\/\/inclusivenews.com.br\/"},{"@type":"ListItem","position":2,"name":"Acessibilidade Digital para Todos\u00a0\u00a0\u2013 Podcast Acessando Luc\u00edlia"}]},{"@type":"WebSite","@id":"https:\/\/inclusivenews.com.br\/#website","url":"https:\/\/inclusivenews.com.br\/","name":"Inclusive News","description":"Inclusive News","publisher":{"@id":"https:\/\/inclusivenews.com.br\/#organization"},"potentialAction":[{"@type":"SearchAction","target":{"@type":"EntryPoint","urlTemplate":"https:\/\/inclusivenews.com.br\/?s={search_term_string}"},"query-input":{"@type":"PropertyValueSpecification","valueRequired":true,"valueName":"search_term_string"}}],"inLanguage":"pt-PT"},{"@type":"Organization","@id":"https:\/\/inclusivenews.com.br\/#organization","name":"Inclusive - inclus\u00e3o e cidadania","url":"https:\/\/inclusivenews.com.br\/","logo":{"@type":"ImageObject","inLanguage":"pt-PT","@id":"https:\/\/inclusivenews.com.br\/#\/schema\/logo\/image\/","url":"https:\/\/inclusivenews.com.br\/wp-content\/uploads\/2024\/03\/@grandesite.png","contentUrl":"https:\/\/inclusivenews.com.br\/wp-content\/uploads\/2024\/03\/@grandesite.png","width":1080,"height":1080,"caption":"Inclusive - inclus\u00e3o e cidadania"},"image":{"@id":"https:\/\/inclusivenews.com.br\/#\/schema\/logo\/image\/"},"sameAs":["https:\/\/www.facebook.com\/agenciainclusive\/","https:\/\/www.instagram.com\/newsinclusive\/"]},{"@type":"Person","@id":"https:\/\/inclusivenews.com.br\/#\/schema\/person\/ae4ec7087559b8692fb33b6fffd2273b","name":"inclusivenews2024","image":{"@type":"ImageObject","inLanguage":"pt-PT","@id":"https:\/\/secure.gravatar.com\/avatar\/c5a7ef84c66fa914f55bc4f7ce26cfa275a3b9a1c5568b907bd184fb4dde7b40?s=96&d=mm&r=g","url":"https:\/\/secure.gravatar.com\/avatar\/c5a7ef84c66fa914f55bc4f7ce26cfa275a3b9a1c5568b907bd184fb4dde7b40?s=96&d=mm&r=g","contentUrl":"https:\/\/secure.gravatar.com\/avatar\/c5a7ef84c66fa914f55bc4f7ce26cfa275a3b9a1c5568b907bd184fb4dde7b40?s=96&d=mm&r=g","caption":"inclusivenews2024"},"sameAs":["https:\/\/inclusivenews.com.br"],"url":"https:\/\/inclusivenews.com.br\/?author=1"}]}},"_links":{"self":[{"href":"https:\/\/inclusivenews.com.br\/index.php?rest_route=\/wp\/v2\/posts\/34650","targetHints":{"allow":["GET"]}}],"collection":[{"href":"https:\/\/inclusivenews.com.br\/index.php?rest_route=\/wp\/v2\/posts"}],"about":[{"href":"https:\/\/inclusivenews.com.br\/index.php?rest_route=\/wp\/v2\/types\/post"}],"author":[{"embeddable":true,"href":"https:\/\/inclusivenews.com.br\/index.php?rest_route=\/wp\/v2\/users\/1"}],"replies":[{"embeddable":true,"href":"https:\/\/inclusivenews.com.br\/index.php?rest_route=%2Fwp%2Fv2%2Fcomments&post=34650"}],"version-history":[{"count":1,"href":"https:\/\/inclusivenews.com.br\/index.php?rest_route=\/wp\/v2\/posts\/34650\/revisions"}],"predecessor-version":[{"id":34652,"href":"https:\/\/inclusivenews.com.br\/index.php?rest_route=\/wp\/v2\/posts\/34650\/revisions\/34652"}],"wp:featuredmedia":[{"embeddable":true,"href":"https:\/\/inclusivenews.com.br\/index.php?rest_route=\/wp\/v2\/media\/34651"}],"wp:attachment":[{"href":"https:\/\/inclusivenews.com.br\/index.php?rest_route=%2Fwp%2Fv2%2Fmedia&parent=34650"}],"wp:term":[{"taxonomy":"category","embeddable":true,"href":"https:\/\/inclusivenews.com.br\/index.php?rest_route=%2Fwp%2Fv2%2Fcategories&post=34650"},{"taxonomy":"post_tag","embeddable":true,"href":"https:\/\/inclusivenews.com.br\/index.php?rest_route=%2Fwp%2Fv2%2Ftags&post=34650"}],"curies":[{"name":"wp","href":"https:\/\/api.w.org\/{rel}","templated":true}]}}