{"id":34687,"date":"2025-04-14T19:48:41","date_gmt":"2025-04-14T19:48:41","guid":{"rendered":"https:\/\/inclusivenews.com.br\/?p=34687"},"modified":"2025-04-14T19:48:41","modified_gmt":"2025-04-14T19:48:41","slug":"trabalho-corpos-e-resistencias-perspectivas-da-trabalhadora-com-deficiencia-2","status":"publish","type":"post","link":"https:\/\/inclusivenews.com.br\/?p=34687","title":{"rendered":"Trabalho, Corpos e Resist\u00eancias: Perspectivas da Trabalhadora com Defici\u00eancia"},"content":{"rendered":"\n<p><br>O Podcast Acessando Luc\u00edlia desta ter\u00e7a-feira, 15\/04, recebe as ativistas da inclus\u00e3o Cristina Gon\u00e7alves, da Bahia; Luciana Trindade, de S\u00e3o Paulo e Rebeca Motta, do Cear\u00e1, para uma conversa sobre a Confer\u00eancia Livre Nacional de Sa\u00fade do Trabalhador e da Trabalhadora com Defici\u00eancia, que vai acontecer no dia 26 de abril, de 9h30 \u00e0s 17h30,em formato online. <\/p>\n\n\n\n<p>O evento, que ter\u00e1 como tema central, \u201dTrabalho, Corpos e Resist\u00eancias: Perspectivas da Trabalhadora com Defici\u00eancia\u201d \u00e9 uma iniciativa da Frente Nacional de Mulheres com Defici\u00eancia (FNMD), em parceria com o Movimento Brasileiro de Mulheres Cegas e com Baixa Vis\u00e3o (MBMC) e a Rede Itinerante de Mulheres Ativas (RIMA).<br>O objetivo da confer\u00eancia \u00e9 criar mais um espa\u00e7o de escuta, di\u00e1logo e constru\u00e7\u00e3o coletiva a partir das viv\u00eancias das trabalhadoras com defici\u00eancia, suas trajet\u00f3rias, desafios, estrat\u00e9gias de resist\u00eancia e perspectivas no mundo do trabalho. Al\u00e9m de contribuir para a concep\u00e7\u00e3o de pol\u00edticas p\u00fablicas inclusivas, estimular a representatividade nos espa\u00e7os laborais com base nos seus corpos n\u00e3o normativos e experi\u00eancias diversas.<br>Sobre as convidadas<\/p>\n\n\n\n<p>Cristina Gon\u00e7alves \u00e9 palestrante, feminista e militante social h\u00e1 mais de 30 anos. Membra do Conselho de Sa\u00fade do Estado e do Conselho Estadual de Pessoas com Defici\u00eancia da Bahia; faz parte da Coordena\u00e7\u00e3o Executiva do Movimento Brasileiro de Mulheres Cegas e com Baixa Vis\u00e3o (MBMC).<\/p>\n\n\n\n<p>Luciana Trindade, mulher com defici\u00eancia com uma doen\u00e7a rara, Distrofia Muscular Cong\u00eanita. Formada em Comunica\u00e7\u00e3o Social pela Universidade Nove de Julho (UNINOVE); tem especializa\u00e7\u00e3o em Cidades Inteligentes pela Escola Nacional de Administra\u00e7\u00e3o P\u00fablica &#8211; Enap; \u00e9 p\u00f3s-graduada em Direitos das Pessoas com Defici\u00eancia pela Pontif\u00edcia Universidade Cat\u00f3lica do Rio de Janeiro (PUC-Rio) e atualmente cursa Direito na UNINOVE.<\/p>\n\n\n\n<p>Rebeca Motta , articuladora social, formada em Administra\u00e7\u00e3o pela Faculdade de Teologia do Cear\u00e1 \u2013 FATECE; diretora da Confedera\u00e7\u00e3o Nacional de Associa\u00e7\u00e3o de Moradores \u2013 CONAM; presidente da Rede Itinerante de Mulheres Atuantes \u2013 RIMA; integra os Conselhos de Direitos das Mulheres de Fortaleza, o Conselho Municipal de Sa\u00fade, as Comiss\u00f5es Intersetoriais de Sa\u00fade da Mulher, da Pessoa com Defici\u00eancia e do F\u00f3rum de Participa\u00e7\u00e3o Social do Cear\u00e1. Graduanda em Tecnologia em Gest\u00e3o P\u00fablica na Universidade Metropolitana de Santos \u2013 Unimes.<\/p>\n\n\n\n<p>O bate-papo, que \u00e9 uma parceria com a Inclusive News, conta com int\u00e9rprete de libras e \u00e9 transmitido toda ter\u00e7a-feira, \u00e0s 18h, no canal do ACESSANDO LUC\u00cdLIA no Youtube:&nbsp;<a href=\"https:\/\/www.youtube.com\/@acessandolucilia5059\">https:\/\/www.youtube.com\/@acessandolucilia5059<\/a>&nbsp;e nas redes da Web R\u00e1dio Censura Livre, no Youtube, no Facebook, no site&nbsp;<a href=\"http:\/\/www.clwebradio.com\/\">www.clwebradio.com<\/a>&nbsp;e no aplicativo: RadiosNet&nbsp;<a href=\"http:\/\/l.radios.com.br\/r\/100204\">http:\/\/l.radios.com.br\/r\/100204<\/a>.<\/p>\n\n\n\n<p><br>O programa tamb\u00e9m \u00e9 retransmitido no mesmo hor\u00e1rio na R\u00e1dio Criativa de Muria\u00e9-MG e no canal Gernika_art against fascism \u2013 Liga de Comunica\u00e7\u00e3o Internacionalista de Portugal, no YouTube. E \u00e0s quartas-feiras, 15h, na Radio Comunidade Friburgo 104.9 FM, de Nova Friburgo-RJ.<br><\/p>\n","protected":false},"excerpt":{"rendered":"<p>O Podcast Acessando Luc\u00edlia desta ter\u00e7a-feira, 15\/04, recebe as ativistas da inclus\u00e3o Cristina Gon\u00e7alves, da Bahia; Luciana Trindade, de S\u00e3o Paulo e Rebeca Motta, do Cear\u00e1, para uma conversa sobre a Confer\u00eancia Livre Nacional de Sa\u00fade do Trabalhador e da Trabalhadora com Defici\u00eancia, que vai acontecer no dia 26 de abril, de 9h30 \u00e0s 17h30,em [&hellip;]<\/p>\n","protected":false},"author":1,"featured_media":34680,"comment_status":"open","ping_status":"open","sticky":false,"template":"","format":"standard","meta":{"site-container-style":"default","site-container-layout":"default","site-sidebar-layout":"default","disable-article-header":"default","disable-site-header":"default","disable-site-footer":"default","disable-content-area-spacing":"default","footnotes":""},"categories":[470],"tags":[399,591,752,327],"class_list":["post-34687","post","type-post","status-publish","format-standard","has-post-thumbnail","hentry","category-podcast","tag-evento","tag-mulher","tag-mulheres-com-deficiencia","tag-trabalho"],"yoast_head":"<!-- This site is optimized with the Yoast SEO plugin v27.5 - https:\/\/yoast.com\/product\/yoast-seo-wordpress\/ -->\n<title>Trabalho, Corpos e Resist\u00eancias: Perspectivas da Trabalhadora com Defici\u00eancia -<\/title>\n<meta name=\"robots\" content=\"index, follow, max-snippet:-1, max-image-preview:large, max-video-preview:-1\" \/>\n<link rel=\"canonical\" href=\"https:\/\/inclusivenews.com.br\/?p=34687\" \/>\n<meta property=\"og:locale\" content=\"pt_PT\" \/>\n<meta property=\"og:type\" content=\"article\" \/>\n<meta property=\"og:title\" content=\"Trabalho, Corpos e Resist\u00eancias: Perspectivas da Trabalhadora com Defici\u00eancia -\" \/>\n<meta property=\"og:description\" content=\"O Podcast Acessando Luc\u00edlia desta ter\u00e7a-feira, 15\/04, recebe as ativistas da inclus\u00e3o Cristina Gon\u00e7alves, da Bahia; Luciana Trindade, de S\u00e3o Paulo e Rebeca Motta, do Cear\u00e1, para uma conversa sobre a Confer\u00eancia Livre Nacional de Sa\u00fade do Trabalhador e da Trabalhadora com Defici\u00eancia, que vai acontecer no dia 26 de abril, de 9h30 \u00e0s 17h30,em [&hellip;]\" \/>\n<meta property=\"og:url\" content=\"https:\/\/inclusivenews.com.br\/?p=34687\" \/>\n<meta property=\"article:publisher\" content=\"https:\/\/www.facebook.com\/agenciainclusive\/\" \/>\n<meta property=\"article:published_time\" content=\"2025-04-14T19:48:41+00:00\" \/>\n<meta property=\"og:image\" content=\"https:\/\/inclusivenews.com.br\/wp-content\/uploads\/2025\/04\/mulheres-mercado-de-trabalho-lideranca-feminina.jpg\" \/>\n\t<meta property=\"og:image:width\" content=\"940\" \/>\n\t<meta property=\"og:image:height\" content=\"529\" \/>\n\t<meta property=\"og:image:type\" content=\"image\/jpeg\" \/>\n<meta name=\"author\" content=\"inclusivenews2024\" \/>\n<meta name=\"twitter:card\" content=\"summary_large_image\" \/>\n<meta name=\"twitter:label1\" content=\"Escrito por\" \/>\n\t<meta name=\"twitter:data1\" content=\"inclusivenews2024\" \/>\n\t<meta name=\"twitter:label2\" content=\"Tempo estimado de leitura\" \/>\n\t<meta name=\"twitter:data2\" content=\"3 minutos\" \/>\n<script type=\"application\/ld+json\" class=\"yoast-schema-graph\">{\"@context\":\"https:\\\/\\\/schema.org\",\"@graph\":[{\"@type\":\"Article\",\"@id\":\"https:\\\/\\\/inclusivenews.com.br\\\/?p=34687#article\",\"isPartOf\":{\"@id\":\"https:\\\/\\\/inclusivenews.com.br\\\/?p=34687\"},\"author\":{\"name\":\"inclusivenews2024\",\"@id\":\"https:\\\/\\\/inclusivenews.com.br\\\/#\\\/schema\\\/person\\\/ae4ec7087559b8692fb33b6fffd2273b\"},\"headline\":\"Trabalho, Corpos e Resist\u00eancias: Perspectivas da Trabalhadora com Defici\u00eancia\",\"datePublished\":\"2025-04-14T19:48:41+00:00\",\"mainEntityOfPage\":{\"@id\":\"https:\\\/\\\/inclusivenews.com.br\\\/?p=34687\"},\"wordCount\":522,\"commentCount\":0,\"publisher\":{\"@id\":\"https:\\\/\\\/inclusivenews.com.br\\\/#organization\"},\"image\":{\"@id\":\"https:\\\/\\\/inclusivenews.com.br\\\/?p=34687#primaryimage\"},\"thumbnailUrl\":\"https:\\\/\\\/inclusivenews.com.br\\\/wp-content\\\/uploads\\\/2025\\\/04\\\/mulheres-mercado-de-trabalho-lideranca-feminina.jpg\",\"keywords\":[\"evento\",\"mulher\",\"mulheres com defici\u00eancia\",\"trabalho\"],\"articleSection\":[\"PODCAST\"],\"inLanguage\":\"pt-PT\",\"potentialAction\":[{\"@type\":\"CommentAction\",\"name\":\"Comment\",\"target\":[\"https:\\\/\\\/inclusivenews.com.br\\\/?p=34687#respond\"]}]},{\"@type\":\"WebPage\",\"@id\":\"https:\\\/\\\/inclusivenews.com.br\\\/?p=34687\",\"url\":\"https:\\\/\\\/inclusivenews.com.br\\\/?p=34687\",\"name\":\"Trabalho, Corpos e Resist\u00eancias: Perspectivas da Trabalhadora com Defici\u00eancia -\",\"isPartOf\":{\"@id\":\"https:\\\/\\\/inclusivenews.com.br\\\/#website\"},\"primaryImageOfPage\":{\"@id\":\"https:\\\/\\\/inclusivenews.com.br\\\/?p=34687#primaryimage\"},\"image\":{\"@id\":\"https:\\\/\\\/inclusivenews.com.br\\\/?p=34687#primaryimage\"},\"thumbnailUrl\":\"https:\\\/\\\/inclusivenews.com.br\\\/wp-content\\\/uploads\\\/2025\\\/04\\\/mulheres-mercado-de-trabalho-lideranca-feminina.jpg\",\"datePublished\":\"2025-04-14T19:48:41+00:00\",\"breadcrumb\":{\"@id\":\"https:\\\/\\\/inclusivenews.com.br\\\/?p=34687#breadcrumb\"},\"inLanguage\":\"pt-PT\",\"potentialAction\":[{\"@type\":\"ReadAction\",\"target\":[\"https:\\\/\\\/inclusivenews.com.br\\\/?p=34687\"]}]},{\"@type\":\"ImageObject\",\"inLanguage\":\"pt-PT\",\"@id\":\"https:\\\/\\\/inclusivenews.com.br\\\/?p=34687#primaryimage\",\"url\":\"https:\\\/\\\/inclusivenews.com.br\\\/wp-content\\\/uploads\\\/2025\\\/04\\\/mulheres-mercado-de-trabalho-lideranca-feminina.jpg\",\"contentUrl\":\"https:\\\/\\\/inclusivenews.com.br\\\/wp-content\\\/uploads\\\/2025\\\/04\\\/mulheres-mercado-de-trabalho-lideranca-feminina.jpg\",\"width\":940,\"height\":529},{\"@type\":\"BreadcrumbList\",\"@id\":\"https:\\\/\\\/inclusivenews.com.br\\\/?p=34687#breadcrumb\",\"itemListElement\":[{\"@type\":\"ListItem\",\"position\":1,\"name\":\"In\u00edcio\",\"item\":\"https:\\\/\\\/inclusivenews.com.br\\\/\"},{\"@type\":\"ListItem\",\"position\":2,\"name\":\"Trabalho, Corpos e Resist\u00eancias: Perspectivas da Trabalhadora com Defici\u00eancia\"}]},{\"@type\":\"WebSite\",\"@id\":\"https:\\\/\\\/inclusivenews.com.br\\\/#website\",\"url\":\"https:\\\/\\\/inclusivenews.com.br\\\/\",\"name\":\"Inclusive News\",\"description\":\"Inclusive News\",\"publisher\":{\"@id\":\"https:\\\/\\\/inclusivenews.com.br\\\/#organization\"},\"potentialAction\":[{\"@type\":\"SearchAction\",\"target\":{\"@type\":\"EntryPoint\",\"urlTemplate\":\"https:\\\/\\\/inclusivenews.com.br\\\/?s={search_term_string}\"},\"query-input\":{\"@type\":\"PropertyValueSpecification\",\"valueRequired\":true,\"valueName\":\"search_term_string\"}}],\"inLanguage\":\"pt-PT\"},{\"@type\":\"Organization\",\"@id\":\"https:\\\/\\\/inclusivenews.com.br\\\/#organization\",\"name\":\"Inclusive - inclus\u00e3o e cidadania\",\"url\":\"https:\\\/\\\/inclusivenews.com.br\\\/\",\"logo\":{\"@type\":\"ImageObject\",\"inLanguage\":\"pt-PT\",\"@id\":\"https:\\\/\\\/inclusivenews.com.br\\\/#\\\/schema\\\/logo\\\/image\\\/\",\"url\":\"https:\\\/\\\/inclusivenews.com.br\\\/wp-content\\\/uploads\\\/2024\\\/03\\\/@grandesite.png\",\"contentUrl\":\"https:\\\/\\\/inclusivenews.com.br\\\/wp-content\\\/uploads\\\/2024\\\/03\\\/@grandesite.png\",\"width\":1080,\"height\":1080,\"caption\":\"Inclusive - inclus\u00e3o e cidadania\"},\"image\":{\"@id\":\"https:\\\/\\\/inclusivenews.com.br\\\/#\\\/schema\\\/logo\\\/image\\\/\"},\"sameAs\":[\"https:\\\/\\\/www.facebook.com\\\/agenciainclusive\\\/\",\"https:\\\/\\\/www.instagram.com\\\/newsinclusive\\\/\"]},{\"@type\":\"Person\",\"@id\":\"https:\\\/\\\/inclusivenews.com.br\\\/#\\\/schema\\\/person\\\/ae4ec7087559b8692fb33b6fffd2273b\",\"name\":\"inclusivenews2024\",\"image\":{\"@type\":\"ImageObject\",\"inLanguage\":\"pt-PT\",\"@id\":\"https:\\\/\\\/secure.gravatar.com\\\/avatar\\\/c5a7ef84c66fa914f55bc4f7ce26cfa275a3b9a1c5568b907bd184fb4dde7b40?s=96&d=mm&r=g\",\"url\":\"https:\\\/\\\/secure.gravatar.com\\\/avatar\\\/c5a7ef84c66fa914f55bc4f7ce26cfa275a3b9a1c5568b907bd184fb4dde7b40?s=96&d=mm&r=g\",\"contentUrl\":\"https:\\\/\\\/secure.gravatar.com\\\/avatar\\\/c5a7ef84c66fa914f55bc4f7ce26cfa275a3b9a1c5568b907bd184fb4dde7b40?s=96&d=mm&r=g\",\"caption\":\"inclusivenews2024\"},\"sameAs\":[\"https:\\\/\\\/inclusivenews.com.br\"],\"url\":\"https:\\\/\\\/inclusivenews.com.br\\\/?author=1\"}]}<\/script>\n<!-- \/ Yoast SEO plugin. -->","yoast_head_json":{"title":"Trabalho, Corpos e Resist\u00eancias: Perspectivas da Trabalhadora com Defici\u00eancia -","robots":{"index":"index","follow":"follow","max-snippet":"max-snippet:-1","max-image-preview":"max-image-preview:large","max-video-preview":"max-video-preview:-1"},"canonical":"https:\/\/inclusivenews.com.br\/?p=34687","og_locale":"pt_PT","og_type":"article","og_title":"Trabalho, Corpos e Resist\u00eancias: Perspectivas da Trabalhadora com Defici\u00eancia -","og_description":"O Podcast Acessando Luc\u00edlia desta ter\u00e7a-feira, 15\/04, recebe as ativistas da inclus\u00e3o Cristina Gon\u00e7alves, da Bahia; Luciana Trindade, de S\u00e3o Paulo e Rebeca Motta, do Cear\u00e1, para uma conversa sobre a Confer\u00eancia Livre Nacional de Sa\u00fade do Trabalhador e da Trabalhadora com Defici\u00eancia, que vai acontecer no dia 26 de abril, de 9h30 \u00e0s 17h30,em [&hellip;]","og_url":"https:\/\/inclusivenews.com.br\/?p=34687","article_publisher":"https:\/\/www.facebook.com\/agenciainclusive\/","article_published_time":"2025-04-14T19:48:41+00:00","og_image":[{"width":940,"height":529,"url":"https:\/\/inclusivenews.com.br\/wp-content\/uploads\/2025\/04\/mulheres-mercado-de-trabalho-lideranca-feminina.jpg","type":"image\/jpeg"}],"author":"inclusivenews2024","twitter_card":"summary_large_image","twitter_misc":{"Escrito por":"inclusivenews2024","Tempo estimado de leitura":"3 minutos"},"schema":{"@context":"https:\/\/schema.org","@graph":[{"@type":"Article","@id":"https:\/\/inclusivenews.com.br\/?p=34687#article","isPartOf":{"@id":"https:\/\/inclusivenews.com.br\/?p=34687"},"author":{"name":"inclusivenews2024","@id":"https:\/\/inclusivenews.com.br\/#\/schema\/person\/ae4ec7087559b8692fb33b6fffd2273b"},"headline":"Trabalho, Corpos e Resist\u00eancias: Perspectivas da Trabalhadora com Defici\u00eancia","datePublished":"2025-04-14T19:48:41+00:00","mainEntityOfPage":{"@id":"https:\/\/inclusivenews.com.br\/?p=34687"},"wordCount":522,"commentCount":0,"publisher":{"@id":"https:\/\/inclusivenews.com.br\/#organization"},"image":{"@id":"https:\/\/inclusivenews.com.br\/?p=34687#primaryimage"},"thumbnailUrl":"https:\/\/inclusivenews.com.br\/wp-content\/uploads\/2025\/04\/mulheres-mercado-de-trabalho-lideranca-feminina.jpg","keywords":["evento","mulher","mulheres com defici\u00eancia","trabalho"],"articleSection":["PODCAST"],"inLanguage":"pt-PT","potentialAction":[{"@type":"CommentAction","name":"Comment","target":["https:\/\/inclusivenews.com.br\/?p=34687#respond"]}]},{"@type":"WebPage","@id":"https:\/\/inclusivenews.com.br\/?p=34687","url":"https:\/\/inclusivenews.com.br\/?p=34687","name":"Trabalho, Corpos e Resist\u00eancias: Perspectivas da Trabalhadora com Defici\u00eancia -","isPartOf":{"@id":"https:\/\/inclusivenews.com.br\/#website"},"primaryImageOfPage":{"@id":"https:\/\/inclusivenews.com.br\/?p=34687#primaryimage"},"image":{"@id":"https:\/\/inclusivenews.com.br\/?p=34687#primaryimage"},"thumbnailUrl":"https:\/\/inclusivenews.com.br\/wp-content\/uploads\/2025\/04\/mulheres-mercado-de-trabalho-lideranca-feminina.jpg","datePublished":"2025-04-14T19:48:41+00:00","breadcrumb":{"@id":"https:\/\/inclusivenews.com.br\/?p=34687#breadcrumb"},"inLanguage":"pt-PT","potentialAction":[{"@type":"ReadAction","target":["https:\/\/inclusivenews.com.br\/?p=34687"]}]},{"@type":"ImageObject","inLanguage":"pt-PT","@id":"https:\/\/inclusivenews.com.br\/?p=34687#primaryimage","url":"https:\/\/inclusivenews.com.br\/wp-content\/uploads\/2025\/04\/mulheres-mercado-de-trabalho-lideranca-feminina.jpg","contentUrl":"https:\/\/inclusivenews.com.br\/wp-content\/uploads\/2025\/04\/mulheres-mercado-de-trabalho-lideranca-feminina.jpg","width":940,"height":529},{"@type":"BreadcrumbList","@id":"https:\/\/inclusivenews.com.br\/?p=34687#breadcrumb","itemListElement":[{"@type":"ListItem","position":1,"name":"In\u00edcio","item":"https:\/\/inclusivenews.com.br\/"},{"@type":"ListItem","position":2,"name":"Trabalho, Corpos e Resist\u00eancias: Perspectivas da Trabalhadora com Defici\u00eancia"}]},{"@type":"WebSite","@id":"https:\/\/inclusivenews.com.br\/#website","url":"https:\/\/inclusivenews.com.br\/","name":"Inclusive News","description":"Inclusive News","publisher":{"@id":"https:\/\/inclusivenews.com.br\/#organization"},"potentialAction":[{"@type":"SearchAction","target":{"@type":"EntryPoint","urlTemplate":"https:\/\/inclusivenews.com.br\/?s={search_term_string}"},"query-input":{"@type":"PropertyValueSpecification","valueRequired":true,"valueName":"search_term_string"}}],"inLanguage":"pt-PT"},{"@type":"Organization","@id":"https:\/\/inclusivenews.com.br\/#organization","name":"Inclusive - inclus\u00e3o e cidadania","url":"https:\/\/inclusivenews.com.br\/","logo":{"@type":"ImageObject","inLanguage":"pt-PT","@id":"https:\/\/inclusivenews.com.br\/#\/schema\/logo\/image\/","url":"https:\/\/inclusivenews.com.br\/wp-content\/uploads\/2024\/03\/@grandesite.png","contentUrl":"https:\/\/inclusivenews.com.br\/wp-content\/uploads\/2024\/03\/@grandesite.png","width":1080,"height":1080,"caption":"Inclusive - inclus\u00e3o e cidadania"},"image":{"@id":"https:\/\/inclusivenews.com.br\/#\/schema\/logo\/image\/"},"sameAs":["https:\/\/www.facebook.com\/agenciainclusive\/","https:\/\/www.instagram.com\/newsinclusive\/"]},{"@type":"Person","@id":"https:\/\/inclusivenews.com.br\/#\/schema\/person\/ae4ec7087559b8692fb33b6fffd2273b","name":"inclusivenews2024","image":{"@type":"ImageObject","inLanguage":"pt-PT","@id":"https:\/\/secure.gravatar.com\/avatar\/c5a7ef84c66fa914f55bc4f7ce26cfa275a3b9a1c5568b907bd184fb4dde7b40?s=96&d=mm&r=g","url":"https:\/\/secure.gravatar.com\/avatar\/c5a7ef84c66fa914f55bc4f7ce26cfa275a3b9a1c5568b907bd184fb4dde7b40?s=96&d=mm&r=g","contentUrl":"https:\/\/secure.gravatar.com\/avatar\/c5a7ef84c66fa914f55bc4f7ce26cfa275a3b9a1c5568b907bd184fb4dde7b40?s=96&d=mm&r=g","caption":"inclusivenews2024"},"sameAs":["https:\/\/inclusivenews.com.br"],"url":"https:\/\/inclusivenews.com.br\/?author=1"}]}},"_links":{"self":[{"href":"https:\/\/inclusivenews.com.br\/index.php?rest_route=\/wp\/v2\/posts\/34687","targetHints":{"allow":["GET"]}}],"collection":[{"href":"https:\/\/inclusivenews.com.br\/index.php?rest_route=\/wp\/v2\/posts"}],"about":[{"href":"https:\/\/inclusivenews.com.br\/index.php?rest_route=\/wp\/v2\/types\/post"}],"author":[{"embeddable":true,"href":"https:\/\/inclusivenews.com.br\/index.php?rest_route=\/wp\/v2\/users\/1"}],"replies":[{"embeddable":true,"href":"https:\/\/inclusivenews.com.br\/index.php?rest_route=%2Fwp%2Fv2%2Fcomments&post=34687"}],"version-history":[{"count":1,"href":"https:\/\/inclusivenews.com.br\/index.php?rest_route=\/wp\/v2\/posts\/34687\/revisions"}],"predecessor-version":[{"id":34688,"href":"https:\/\/inclusivenews.com.br\/index.php?rest_route=\/wp\/v2\/posts\/34687\/revisions\/34688"}],"wp:featuredmedia":[{"embeddable":true,"href":"https:\/\/inclusivenews.com.br\/index.php?rest_route=\/wp\/v2\/media\/34680"}],"wp:attachment":[{"href":"https:\/\/inclusivenews.com.br\/index.php?rest_route=%2Fwp%2Fv2%2Fmedia&parent=34687"}],"wp:term":[{"taxonomy":"category","embeddable":true,"href":"https:\/\/inclusivenews.com.br\/index.php?rest_route=%2Fwp%2Fv2%2Fcategories&post=34687"},{"taxonomy":"post_tag","embeddable":true,"href":"https:\/\/inclusivenews.com.br\/index.php?rest_route=%2Fwp%2Fv2%2Ftags&post=34687"}],"curies":[{"name":"wp","href":"https:\/\/api.w.org\/{rel}","templated":true}]}}