{"id":34689,"date":"2025-04-15T19:16:59","date_gmt":"2025-04-15T19:16:59","guid":{"rendered":"https:\/\/inclusivenews.com.br\/?p=34689"},"modified":"2025-04-15T19:17:00","modified_gmt":"2025-04-15T19:17:00","slug":"justica-reconhece-direito-a-moradia-digna-para-pessoa-com-deficiencia","status":"publish","type":"post","link":"https:\/\/inclusivenews.com.br\/?p=34689","title":{"rendered":"Justi\u00e7a reconhece direito \u00e0 moradia digna para pessoa com defici\u00eancia"},"content":{"rendered":"\n<p><br>Uma decis\u00e3o da Justi\u00e7a de S\u00e3o Paulo determinou que o munic\u00edpio de Valinhos deve oferecer <strong>Resid\u00eancia Inclusiva<\/strong> para uma mulher com defici\u00eancia em situa\u00e7\u00e3o de vulnerabilidade. A medida garante a ela o direito de viver com dignidade, seguran\u00e7a e os cuidados necess\u00e1rios.<\/p>\n\n\n\n<p>A mulher n\u00e3o tem autonomia para viver sozinha e tamb\u00e9m n\u00e3o conta com apoio familiar. At\u00e9 ent\u00e3o, ela vivia em um abrigo inadequado, voltado para idosos. A Justi\u00e7a entendeu que essa situa\u00e7\u00e3o violava seus direitos fundamentais e exigiu que o munic\u00edpio tomasse provid\u00eancias imediatas.<\/p>\n\n\n\n<h3 class=\"wp-block-heading\">O que \u00e9 Resid\u00eancia Inclusiva?<\/h3>\n\n\n\n<p>\u00c9 um servi\u00e7o p\u00fablico previsto na legisla\u00e7\u00e3o brasileira, voltado para pessoas com defici\u00eancia que n\u00e3o t\u00eam condi\u00e7\u00f5es de se sustentar sozinhas ou que est\u00e3o em situa\u00e7\u00e3o de abandono, viol\u00eancia ou neglig\u00eancia. O local deve ter estrutura adequada e equipe especializada para oferecer cuidados, acolhimento e apoio \u00e0 autonomia.<\/p>\n\n\n\n<h3 class=\"wp-block-heading\">Por que a decis\u00e3o \u00e9 importante?<\/h3>\n\n\n\n<p>A senten\u00e7a refor\u00e7a que o <strong>direito \u00e0 moradia digna faz parte da prote\u00e7\u00e3o dos direitos humanos<\/strong> e que o Judici\u00e1rio pode agir quando o poder p\u00fablico falha nesse dever. Tamb\u00e9m deixa claro que garantir esse direito <strong>n\u00e3o \u00e9 gasto, \u00e9 obriga\u00e7\u00e3o legal e constitucional<\/strong>.<\/p>\n\n\n\n<blockquote class=\"wp-block-quote is-layout-flow wp-block-quote-is-layout-flow\">\n<p>\u201cN\u00e3o se trata de interfer\u00eancia indevida no or\u00e7amento do munic\u00edpio, e sim de garantir a dignidade de quem precisa do Estado para viver com o m\u00ednimo de cuidado\u201d, afirmou o juiz respons\u00e1vel pela decis\u00e3o.<\/p>\n<\/blockquote>\n\n\n\n<hr class=\"wp-block-separator has-alpha-channel-opacity\"\/>\n\n\n\n<p>Texto acessibilizado pelo <a href=\"https:\/\/chatgpt.com\/g\/g-67ab8c842b148191b497b2e150fa993b-gralha\">GRALHA<\/a> &#8211; Gerador de Respostas e Apoio em Linguagem Humanizada e Acess\u00edvel.<\/p>\n\n\n\n<p>\ud83d\udd17 Leia a mat\u00e9ria original na <a class=\"\" href=\"https:\/\/www.conjur.com.br\/2025-abr-14\/residencia-inclusiva-para-pessoa-com-deficiencia-direito-a-moradia-digna\/\">Revista Consultor Jur\u00eddico (ConJur)<\/a><\/p>\n","protected":false},"excerpt":{"rendered":"<p>Uma decis\u00e3o da Justi\u00e7a de S\u00e3o Paulo determinou que o munic\u00edpio de Valinhos deve oferecer Resid\u00eancia Inclusiva para uma mulher com defici\u00eancia em situa\u00e7\u00e3o de vulnerabilidade. A medida garante a ela o direito de viver com dignidade, seguran\u00e7a e os cuidados necess\u00e1rios. A mulher n\u00e3o tem autonomia para viver sozinha e tamb\u00e9m n\u00e3o conta com [&hellip;]<\/p>\n","protected":false},"author":1,"featured_media":34690,"comment_status":"open","ping_status":"open","sticky":false,"template":"","format":"standard","meta":{"site-container-style":"default","site-container-layout":"default","site-sidebar-layout":"default","disable-article-header":"default","disable-site-header":"default","disable-site-footer":"default","disable-content-area-spacing":"default","footnotes":""},"categories":[38,774],"tags":[89,151,172,487,775],"class_list":["post-34689","post","type-post","status-publish","format-standard","has-post-thumbnail","hentry","category-deficiencia","category-moradia","tag-acessibilidade","tag-inclusao-2","tag-moradia","tag-pcd","tag-residencia-inclusiva"],"yoast_head":"<!-- This site is optimized with the Yoast SEO plugin v27.5 - https:\/\/yoast.com\/product\/yoast-seo-wordpress\/ -->\n<title>Justi\u00e7a reconhece direito \u00e0 moradia digna para pessoa com defici\u00eancia -<\/title>\n<meta name=\"robots\" content=\"index, follow, max-snippet:-1, max-image-preview:large, max-video-preview:-1\" \/>\n<link rel=\"canonical\" href=\"https:\/\/inclusivenews.com.br\/?p=34689\" \/>\n<meta property=\"og:locale\" content=\"pt_PT\" \/>\n<meta property=\"og:type\" content=\"article\" \/>\n<meta property=\"og:title\" content=\"Justi\u00e7a reconhece direito \u00e0 moradia digna para pessoa com defici\u00eancia -\" \/>\n<meta property=\"og:description\" content=\"Uma decis\u00e3o da Justi\u00e7a de S\u00e3o Paulo determinou que o munic\u00edpio de Valinhos deve oferecer Resid\u00eancia Inclusiva para uma mulher com defici\u00eancia em situa\u00e7\u00e3o de vulnerabilidade. A medida garante a ela o direito de viver com dignidade, seguran\u00e7a e os cuidados necess\u00e1rios. A mulher n\u00e3o tem autonomia para viver sozinha e tamb\u00e9m n\u00e3o conta com [&hellip;]\" \/>\n<meta property=\"og:url\" content=\"https:\/\/inclusivenews.com.br\/?p=34689\" \/>\n<meta property=\"article:publisher\" content=\"https:\/\/www.facebook.com\/agenciainclusive\/\" \/>\n<meta property=\"article:published_time\" content=\"2025-04-15T19:16:59+00:00\" \/>\n<meta property=\"article:modified_time\" content=\"2025-04-15T19:17:00+00:00\" \/>\n<meta property=\"og:image\" content=\"https:\/\/inclusivenews.com.br\/wp-content\/uploads\/2025\/04\/acessibilidade-para-pcds-e1744744389498.webp\" \/>\n\t<meta property=\"og:image:width\" content=\"1898\" \/>\n\t<meta property=\"og:image:height\" content=\"1210\" \/>\n\t<meta property=\"og:image:type\" content=\"image\/webp\" \/>\n<meta name=\"author\" content=\"inclusivenews2024\" \/>\n<meta name=\"twitter:card\" content=\"summary_large_image\" \/>\n<meta name=\"twitter:label1\" content=\"Escrito por\" \/>\n\t<meta name=\"twitter:data1\" content=\"inclusivenews2024\" \/>\n\t<meta name=\"twitter:label2\" content=\"Tempo estimado de leitura\" \/>\n\t<meta name=\"twitter:data2\" content=\"2 minutos\" \/>\n<script type=\"application\/ld+json\" class=\"yoast-schema-graph\">{\"@context\":\"https:\\\/\\\/schema.org\",\"@graph\":[{\"@type\":\"Article\",\"@id\":\"https:\\\/\\\/inclusivenews.com.br\\\/?p=34689#article\",\"isPartOf\":{\"@id\":\"https:\\\/\\\/inclusivenews.com.br\\\/?p=34689\"},\"author\":{\"name\":\"inclusivenews2024\",\"@id\":\"https:\\\/\\\/inclusivenews.com.br\\\/#\\\/schema\\\/person\\\/ae4ec7087559b8692fb33b6fffd2273b\"},\"headline\":\"Justi\u00e7a reconhece direito \u00e0 moradia digna para pessoa com defici\u00eancia\",\"datePublished\":\"2025-04-15T19:16:59+00:00\",\"dateModified\":\"2025-04-15T19:17:00+00:00\",\"mainEntityOfPage\":{\"@id\":\"https:\\\/\\\/inclusivenews.com.br\\\/?p=34689\"},\"wordCount\":299,\"commentCount\":0,\"publisher\":{\"@id\":\"https:\\\/\\\/inclusivenews.com.br\\\/#organization\"},\"image\":{\"@id\":\"https:\\\/\\\/inclusivenews.com.br\\\/?p=34689#primaryimage\"},\"thumbnailUrl\":\"https:\\\/\\\/inclusivenews.com.br\\\/wp-content\\\/uploads\\\/2025\\\/04\\\/acessibilidade-para-pcds-e1744744389498.webp\",\"keywords\":[\"Acessibilidade\",\"Inclus\u00e3o\",\"Moradia\",\"PcD\",\"resid\u00eancia inclusiva\"],\"articleSection\":[\"Defici\u00eancia\",\"Moradia\"],\"inLanguage\":\"pt-PT\",\"potentialAction\":[{\"@type\":\"CommentAction\",\"name\":\"Comment\",\"target\":[\"https:\\\/\\\/inclusivenews.com.br\\\/?p=34689#respond\"]}]},{\"@type\":\"WebPage\",\"@id\":\"https:\\\/\\\/inclusivenews.com.br\\\/?p=34689\",\"url\":\"https:\\\/\\\/inclusivenews.com.br\\\/?p=34689\",\"name\":\"Justi\u00e7a reconhece direito \u00e0 moradia digna para pessoa com defici\u00eancia -\",\"isPartOf\":{\"@id\":\"https:\\\/\\\/inclusivenews.com.br\\\/#website\"},\"primaryImageOfPage\":{\"@id\":\"https:\\\/\\\/inclusivenews.com.br\\\/?p=34689#primaryimage\"},\"image\":{\"@id\":\"https:\\\/\\\/inclusivenews.com.br\\\/?p=34689#primaryimage\"},\"thumbnailUrl\":\"https:\\\/\\\/inclusivenews.com.br\\\/wp-content\\\/uploads\\\/2025\\\/04\\\/acessibilidade-para-pcds-e1744744389498.webp\",\"datePublished\":\"2025-04-15T19:16:59+00:00\",\"dateModified\":\"2025-04-15T19:17:00+00:00\",\"breadcrumb\":{\"@id\":\"https:\\\/\\\/inclusivenews.com.br\\\/?p=34689#breadcrumb\"},\"inLanguage\":\"pt-PT\",\"potentialAction\":[{\"@type\":\"ReadAction\",\"target\":[\"https:\\\/\\\/inclusivenews.com.br\\\/?p=34689\"]}]},{\"@type\":\"ImageObject\",\"inLanguage\":\"pt-PT\",\"@id\":\"https:\\\/\\\/inclusivenews.com.br\\\/?p=34689#primaryimage\",\"url\":\"https:\\\/\\\/inclusivenews.com.br\\\/wp-content\\\/uploads\\\/2025\\\/04\\\/acessibilidade-para-pcds-e1744744389498.webp\",\"contentUrl\":\"https:\\\/\\\/inclusivenews.com.br\\\/wp-content\\\/uploads\\\/2025\\\/04\\\/acessibilidade-para-pcds-e1744744389498.webp\",\"width\":1898,\"height\":1210},{\"@type\":\"BreadcrumbList\",\"@id\":\"https:\\\/\\\/inclusivenews.com.br\\\/?p=34689#breadcrumb\",\"itemListElement\":[{\"@type\":\"ListItem\",\"position\":1,\"name\":\"In\u00edcio\",\"item\":\"https:\\\/\\\/inclusivenews.com.br\\\/\"},{\"@type\":\"ListItem\",\"position\":2,\"name\":\"Justi\u00e7a reconhece direito \u00e0 moradia digna para pessoa com defici\u00eancia\"}]},{\"@type\":\"WebSite\",\"@id\":\"https:\\\/\\\/inclusivenews.com.br\\\/#website\",\"url\":\"https:\\\/\\\/inclusivenews.com.br\\\/\",\"name\":\"Inclusive News\",\"description\":\"Inclusive News\",\"publisher\":{\"@id\":\"https:\\\/\\\/inclusivenews.com.br\\\/#organization\"},\"potentialAction\":[{\"@type\":\"SearchAction\",\"target\":{\"@type\":\"EntryPoint\",\"urlTemplate\":\"https:\\\/\\\/inclusivenews.com.br\\\/?s={search_term_string}\"},\"query-input\":{\"@type\":\"PropertyValueSpecification\",\"valueRequired\":true,\"valueName\":\"search_term_string\"}}],\"inLanguage\":\"pt-PT\"},{\"@type\":\"Organization\",\"@id\":\"https:\\\/\\\/inclusivenews.com.br\\\/#organization\",\"name\":\"Inclusive - inclus\u00e3o e cidadania\",\"url\":\"https:\\\/\\\/inclusivenews.com.br\\\/\",\"logo\":{\"@type\":\"ImageObject\",\"inLanguage\":\"pt-PT\",\"@id\":\"https:\\\/\\\/inclusivenews.com.br\\\/#\\\/schema\\\/logo\\\/image\\\/\",\"url\":\"https:\\\/\\\/inclusivenews.com.br\\\/wp-content\\\/uploads\\\/2024\\\/03\\\/@grandesite.png\",\"contentUrl\":\"https:\\\/\\\/inclusivenews.com.br\\\/wp-content\\\/uploads\\\/2024\\\/03\\\/@grandesite.png\",\"width\":1080,\"height\":1080,\"caption\":\"Inclusive - inclus\u00e3o e cidadania\"},\"image\":{\"@id\":\"https:\\\/\\\/inclusivenews.com.br\\\/#\\\/schema\\\/logo\\\/image\\\/\"},\"sameAs\":[\"https:\\\/\\\/www.facebook.com\\\/agenciainclusive\\\/\",\"https:\\\/\\\/www.instagram.com\\\/newsinclusive\\\/\"]},{\"@type\":\"Person\",\"@id\":\"https:\\\/\\\/inclusivenews.com.br\\\/#\\\/schema\\\/person\\\/ae4ec7087559b8692fb33b6fffd2273b\",\"name\":\"inclusivenews2024\",\"image\":{\"@type\":\"ImageObject\",\"inLanguage\":\"pt-PT\",\"@id\":\"https:\\\/\\\/secure.gravatar.com\\\/avatar\\\/c5a7ef84c66fa914f55bc4f7ce26cfa275a3b9a1c5568b907bd184fb4dde7b40?s=96&d=mm&r=g\",\"url\":\"https:\\\/\\\/secure.gravatar.com\\\/avatar\\\/c5a7ef84c66fa914f55bc4f7ce26cfa275a3b9a1c5568b907bd184fb4dde7b40?s=96&d=mm&r=g\",\"contentUrl\":\"https:\\\/\\\/secure.gravatar.com\\\/avatar\\\/c5a7ef84c66fa914f55bc4f7ce26cfa275a3b9a1c5568b907bd184fb4dde7b40?s=96&d=mm&r=g\",\"caption\":\"inclusivenews2024\"},\"sameAs\":[\"https:\\\/\\\/inclusivenews.com.br\"],\"url\":\"https:\\\/\\\/inclusivenews.com.br\\\/?author=1\"}]}<\/script>\n<!-- \/ Yoast SEO plugin. -->","yoast_head_json":{"title":"Justi\u00e7a reconhece direito \u00e0 moradia digna para pessoa com defici\u00eancia -","robots":{"index":"index","follow":"follow","max-snippet":"max-snippet:-1","max-image-preview":"max-image-preview:large","max-video-preview":"max-video-preview:-1"},"canonical":"https:\/\/inclusivenews.com.br\/?p=34689","og_locale":"pt_PT","og_type":"article","og_title":"Justi\u00e7a reconhece direito \u00e0 moradia digna para pessoa com defici\u00eancia -","og_description":"Uma decis\u00e3o da Justi\u00e7a de S\u00e3o Paulo determinou que o munic\u00edpio de Valinhos deve oferecer Resid\u00eancia Inclusiva para uma mulher com defici\u00eancia em situa\u00e7\u00e3o de vulnerabilidade. A medida garante a ela o direito de viver com dignidade, seguran\u00e7a e os cuidados necess\u00e1rios. A mulher n\u00e3o tem autonomia para viver sozinha e tamb\u00e9m n\u00e3o conta com [&hellip;]","og_url":"https:\/\/inclusivenews.com.br\/?p=34689","article_publisher":"https:\/\/www.facebook.com\/agenciainclusive\/","article_published_time":"2025-04-15T19:16:59+00:00","article_modified_time":"2025-04-15T19:17:00+00:00","og_image":[{"width":1898,"height":1210,"url":"https:\/\/inclusivenews.com.br\/wp-content\/uploads\/2025\/04\/acessibilidade-para-pcds-e1744744389498.webp","type":"image\/webp"}],"author":"inclusivenews2024","twitter_card":"summary_large_image","twitter_misc":{"Escrito por":"inclusivenews2024","Tempo estimado de leitura":"2 minutos"},"schema":{"@context":"https:\/\/schema.org","@graph":[{"@type":"Article","@id":"https:\/\/inclusivenews.com.br\/?p=34689#article","isPartOf":{"@id":"https:\/\/inclusivenews.com.br\/?p=34689"},"author":{"name":"inclusivenews2024","@id":"https:\/\/inclusivenews.com.br\/#\/schema\/person\/ae4ec7087559b8692fb33b6fffd2273b"},"headline":"Justi\u00e7a reconhece direito \u00e0 moradia digna para pessoa com defici\u00eancia","datePublished":"2025-04-15T19:16:59+00:00","dateModified":"2025-04-15T19:17:00+00:00","mainEntityOfPage":{"@id":"https:\/\/inclusivenews.com.br\/?p=34689"},"wordCount":299,"commentCount":0,"publisher":{"@id":"https:\/\/inclusivenews.com.br\/#organization"},"image":{"@id":"https:\/\/inclusivenews.com.br\/?p=34689#primaryimage"},"thumbnailUrl":"https:\/\/inclusivenews.com.br\/wp-content\/uploads\/2025\/04\/acessibilidade-para-pcds-e1744744389498.webp","keywords":["Acessibilidade","Inclus\u00e3o","Moradia","PcD","resid\u00eancia inclusiva"],"articleSection":["Defici\u00eancia","Moradia"],"inLanguage":"pt-PT","potentialAction":[{"@type":"CommentAction","name":"Comment","target":["https:\/\/inclusivenews.com.br\/?p=34689#respond"]}]},{"@type":"WebPage","@id":"https:\/\/inclusivenews.com.br\/?p=34689","url":"https:\/\/inclusivenews.com.br\/?p=34689","name":"Justi\u00e7a reconhece direito \u00e0 moradia digna para pessoa com defici\u00eancia -","isPartOf":{"@id":"https:\/\/inclusivenews.com.br\/#website"},"primaryImageOfPage":{"@id":"https:\/\/inclusivenews.com.br\/?p=34689#primaryimage"},"image":{"@id":"https:\/\/inclusivenews.com.br\/?p=34689#primaryimage"},"thumbnailUrl":"https:\/\/inclusivenews.com.br\/wp-content\/uploads\/2025\/04\/acessibilidade-para-pcds-e1744744389498.webp","datePublished":"2025-04-15T19:16:59+00:00","dateModified":"2025-04-15T19:17:00+00:00","breadcrumb":{"@id":"https:\/\/inclusivenews.com.br\/?p=34689#breadcrumb"},"inLanguage":"pt-PT","potentialAction":[{"@type":"ReadAction","target":["https:\/\/inclusivenews.com.br\/?p=34689"]}]},{"@type":"ImageObject","inLanguage":"pt-PT","@id":"https:\/\/inclusivenews.com.br\/?p=34689#primaryimage","url":"https:\/\/inclusivenews.com.br\/wp-content\/uploads\/2025\/04\/acessibilidade-para-pcds-e1744744389498.webp","contentUrl":"https:\/\/inclusivenews.com.br\/wp-content\/uploads\/2025\/04\/acessibilidade-para-pcds-e1744744389498.webp","width":1898,"height":1210},{"@type":"BreadcrumbList","@id":"https:\/\/inclusivenews.com.br\/?p=34689#breadcrumb","itemListElement":[{"@type":"ListItem","position":1,"name":"In\u00edcio","item":"https:\/\/inclusivenews.com.br\/"},{"@type":"ListItem","position":2,"name":"Justi\u00e7a reconhece direito \u00e0 moradia digna para pessoa com defici\u00eancia"}]},{"@type":"WebSite","@id":"https:\/\/inclusivenews.com.br\/#website","url":"https:\/\/inclusivenews.com.br\/","name":"Inclusive News","description":"Inclusive News","publisher":{"@id":"https:\/\/inclusivenews.com.br\/#organization"},"potentialAction":[{"@type":"SearchAction","target":{"@type":"EntryPoint","urlTemplate":"https:\/\/inclusivenews.com.br\/?s={search_term_string}"},"query-input":{"@type":"PropertyValueSpecification","valueRequired":true,"valueName":"search_term_string"}}],"inLanguage":"pt-PT"},{"@type":"Organization","@id":"https:\/\/inclusivenews.com.br\/#organization","name":"Inclusive - inclus\u00e3o e cidadania","url":"https:\/\/inclusivenews.com.br\/","logo":{"@type":"ImageObject","inLanguage":"pt-PT","@id":"https:\/\/inclusivenews.com.br\/#\/schema\/logo\/image\/","url":"https:\/\/inclusivenews.com.br\/wp-content\/uploads\/2024\/03\/@grandesite.png","contentUrl":"https:\/\/inclusivenews.com.br\/wp-content\/uploads\/2024\/03\/@grandesite.png","width":1080,"height":1080,"caption":"Inclusive - inclus\u00e3o e cidadania"},"image":{"@id":"https:\/\/inclusivenews.com.br\/#\/schema\/logo\/image\/"},"sameAs":["https:\/\/www.facebook.com\/agenciainclusive\/","https:\/\/www.instagram.com\/newsinclusive\/"]},{"@type":"Person","@id":"https:\/\/inclusivenews.com.br\/#\/schema\/person\/ae4ec7087559b8692fb33b6fffd2273b","name":"inclusivenews2024","image":{"@type":"ImageObject","inLanguage":"pt-PT","@id":"https:\/\/secure.gravatar.com\/avatar\/c5a7ef84c66fa914f55bc4f7ce26cfa275a3b9a1c5568b907bd184fb4dde7b40?s=96&d=mm&r=g","url":"https:\/\/secure.gravatar.com\/avatar\/c5a7ef84c66fa914f55bc4f7ce26cfa275a3b9a1c5568b907bd184fb4dde7b40?s=96&d=mm&r=g","contentUrl":"https:\/\/secure.gravatar.com\/avatar\/c5a7ef84c66fa914f55bc4f7ce26cfa275a3b9a1c5568b907bd184fb4dde7b40?s=96&d=mm&r=g","caption":"inclusivenews2024"},"sameAs":["https:\/\/inclusivenews.com.br"],"url":"https:\/\/inclusivenews.com.br\/?author=1"}]}},"_links":{"self":[{"href":"https:\/\/inclusivenews.com.br\/index.php?rest_route=\/wp\/v2\/posts\/34689","targetHints":{"allow":["GET"]}}],"collection":[{"href":"https:\/\/inclusivenews.com.br\/index.php?rest_route=\/wp\/v2\/posts"}],"about":[{"href":"https:\/\/inclusivenews.com.br\/index.php?rest_route=\/wp\/v2\/types\/post"}],"author":[{"embeddable":true,"href":"https:\/\/inclusivenews.com.br\/index.php?rest_route=\/wp\/v2\/users\/1"}],"replies":[{"embeddable":true,"href":"https:\/\/inclusivenews.com.br\/index.php?rest_route=%2Fwp%2Fv2%2Fcomments&post=34689"}],"version-history":[{"count":1,"href":"https:\/\/inclusivenews.com.br\/index.php?rest_route=\/wp\/v2\/posts\/34689\/revisions"}],"predecessor-version":[{"id":34691,"href":"https:\/\/inclusivenews.com.br\/index.php?rest_route=\/wp\/v2\/posts\/34689\/revisions\/34691"}],"wp:featuredmedia":[{"embeddable":true,"href":"https:\/\/inclusivenews.com.br\/index.php?rest_route=\/wp\/v2\/media\/34690"}],"wp:attachment":[{"href":"https:\/\/inclusivenews.com.br\/index.php?rest_route=%2Fwp%2Fv2%2Fmedia&parent=34689"}],"wp:term":[{"taxonomy":"category","embeddable":true,"href":"https:\/\/inclusivenews.com.br\/index.php?rest_route=%2Fwp%2Fv2%2Fcategories&post=34689"},{"taxonomy":"post_tag","embeddable":true,"href":"https:\/\/inclusivenews.com.br\/index.php?rest_route=%2Fwp%2Fv2%2Ftags&post=34689"}],"curies":[{"name":"wp","href":"https:\/\/api.w.org\/{rel}","templated":true}]}}