{"id":34715,"date":"2025-05-02T13:55:39","date_gmt":"2025-05-02T13:55:39","guid":{"rendered":"https:\/\/inclusivenews.com.br\/?p=34715"},"modified":"2025-05-02T13:55:39","modified_gmt":"2025-05-02T13:55:39","slug":"exposicao-apresenta-o-protagonismo-de-artistas-com-deficiencia","status":"publish","type":"post","link":"https:\/\/inclusivenews.com.br\/?p=34715","title":{"rendered":"Exposi\u00e7\u00e3o apresenta o protagonismo de artistas com defici\u00eancia"},"content":{"rendered":"\n<p><\/p>\n\n\n\n<p>A for\u00e7a da arte produzida por mulheres com defici\u00eancia sob perspectiva transgressora e anti capacitista criou a mostra \u201cL\u00e1 v\u00eam elas\u201d, realizada por oito mulheres de v\u00e1rias regi\u00f5es do Brasil e chegar\u00e1 \u00e0 Galeria Waldemar Valente, no Museu do Homem do Nordeste (Muhne), em 4 de maio, \u00e0s 16h, com entrada gratuita, em Recife.<\/p>\n\n\n\n<p>A exposi\u00e7\u00e3o apresenta nove v\u00eddeos que mesclam depoimentos e performances, al\u00e9m de pain\u00e9is com textos e ilustra\u00e7\u00f5es de artistas de v\u00e1rios estados brasileiros: Amanda Lyra (SP), Ana do Vale(PB), Carolina Teixeira (RN), Daisy Souza (BA), Kilma Coutinho (PE), Moira Braga (RJ), Mona Rikumbi (SP) e Rayssa Tiger (PA).<\/p>\n\n\n\n<p>Idealizado pelos est\u00fadios Festum e Folguedo, do Rio de Janeiro, respons\u00e1veis, entre outros, por projetos como Cidade Acess\u00edvel e Cidade Mulher, L\u00e1 V\u00eam Elas integra o Circuito Funarte de Artes Visuais Marcantonio Vila\u00e7a 2023.<\/p>\n\n\n\n<p>Com ampla acessibilidade \u2014 incluindo audiodescri\u00e7\u00e3o, Libras, legendas, braille e equipe de media\u00e7\u00e3o capacitada \u2014, a mostra refor\u00e7a o compromisso com a inclus\u00e3o e est\u00e1 alinhada aos Objetivos de Desenvolvimento Sustent\u00e1vel da ONU. A curadoria \u00e9 assinada pela Folguedo e por Luc\u00edlia Machado \u2014 jornalista, mestra em Diversidade e Inclus\u00e3o, pessoa com defici\u00eancia, ativista e presidenta da Comiss\u00e3o Permanente de Acessibilidade e Inclus\u00e3o da Universidade Federal Fluminense (UFF Acess\u00edvel), al\u00e9m de coordenadora da Frente Nacional de Mulheres com Defici\u00eancia.<\/p>\n\n\n\n<p>A visita\u00e7\u00e3o na galeria Valdemar Valente, estar\u00e1 aberta de ter\u00e7a a sexta-feira, das 8h30 \u00e0s 17h, e aos fins de semana e feriados, das 13h \u00e0s 17h. A mostra fica em cartaz at\u00e9 1\u00ba de junho.<\/p>\n\n\n\n<p>Para saber mais, clique <a href=\"https:\/\/agendaculturaldorecife.blogspot.com\/2025\/04\/la-vem-elas-na-fundacao-joaquim-nabuco.html?fbclid=IwY2xjawKBrU1leHRuA2FlbQIxMQBicmlkETFtRnFTQ04wVTRFaXdmeXF4AR7oGijJXD6RZJTyy4S9RJ1S6rH_JwH1QXH91pTiUrwuaoB_LLjR476XEnz_Qw_aem_fv2iR8EQWDCWFnJONcWulw\">aqui<\/a>. <\/p>\n\n\n\n<figure class=\"wp-block-embed is-type-video is-provider-youtube wp-block-embed-youtube wp-embed-aspect-16-9 wp-has-aspect-ratio\"><div class=\"wp-block-embed__wrapper\">\n<iframe loading=\"lazy\" title=\"(RECIFE\/AUDIODESCRI\u00c7\u00c3O) CAROLINA TEIXEIRA\" width=\"500\" height=\"281\" src=\"https:\/\/www.youtube.com\/embed\/ITfVUPrszfo?feature=oembed\" frameborder=\"0\" allow=\"accelerometer; autoplay; clipboard-write; encrypted-media; gyroscope; picture-in-picture; web-share\" referrerpolicy=\"strict-origin-when-cross-origin\" allowfullscreen><\/iframe>\n<\/div><\/figure>\n","protected":false},"excerpt":{"rendered":"<p>A for\u00e7a da arte produzida por mulheres com defici\u00eancia sob perspectiva transgressora e anti capacitista criou a mostra \u201cL\u00e1 v\u00eam elas\u201d, realizada por oito mulheres de v\u00e1rias regi\u00f5es do Brasil e chegar\u00e1 \u00e0 Galeria Waldemar Valente, no Museu do Homem do Nordeste (Muhne), em 4 de maio, \u00e0s 16h, com entrada gratuita, em Recife. A [&hellip;]<\/p>\n","protected":false},"author":1,"featured_media":34716,"comment_status":"open","ping_status":"open","sticky":false,"template":"","format":"standard","meta":{"site-container-style":"default","site-container-layout":"default","site-sidebar-layout":"default","disable-article-header":"default","disable-site-header":"default","disable-site-footer":"default","disable-content-area-spacing":"default","footnotes":""},"categories":[29],"tags":[89,305,740,656,151,753,561],"class_list":["post-34715","post","type-post","status-publish","format-standard","has-post-thumbnail","hentry","category-cultura","tag-acessibilidade","tag-acessibilidade-cultural","tag-arte","tag-cultura","tag-inclusao-2","tag-protagonismo","tag-representatividade"],"yoast_head":"<!-- This site is optimized with the Yoast SEO plugin v27.4 - https:\/\/yoast.com\/product\/yoast-seo-wordpress\/ -->\n<title>Exposi\u00e7\u00e3o apresenta o protagonismo de artistas com defici\u00eancia -<\/title>\n<meta name=\"robots\" content=\"index, follow, max-snippet:-1, max-image-preview:large, max-video-preview:-1\" \/>\n<link rel=\"canonical\" href=\"https:\/\/inclusivenews.com.br\/?p=34715\" \/>\n<meta property=\"og:locale\" content=\"pt_PT\" \/>\n<meta property=\"og:type\" content=\"article\" \/>\n<meta property=\"og:title\" content=\"Exposi\u00e7\u00e3o apresenta o protagonismo de artistas com defici\u00eancia -\" \/>\n<meta property=\"og:description\" content=\"A for\u00e7a da arte produzida por mulheres com defici\u00eancia sob perspectiva transgressora e anti capacitista criou a mostra \u201cL\u00e1 v\u00eam elas\u201d, realizada por oito mulheres de v\u00e1rias regi\u00f5es do Brasil e chegar\u00e1 \u00e0 Galeria Waldemar Valente, no Museu do Homem do Nordeste (Muhne), em 4 de maio, \u00e0s 16h, com entrada gratuita, em Recife. A [&hellip;]\" \/>\n<meta property=\"og:url\" content=\"https:\/\/inclusivenews.com.br\/?p=34715\" \/>\n<meta property=\"article:publisher\" content=\"https:\/\/www.facebook.com\/agenciainclusive\/\" \/>\n<meta property=\"article:published_time\" content=\"2025-05-02T13:55:39+00:00\" \/>\n<meta property=\"og:image\" content=\"https:\/\/inclusivenews.com.br\/wp-content\/uploads\/2025\/05\/maxresdefault-2.jpg\" \/>\n\t<meta property=\"og:image:width\" content=\"1280\" \/>\n\t<meta property=\"og:image:height\" content=\"720\" \/>\n\t<meta property=\"og:image:type\" content=\"image\/jpeg\" \/>\n<meta name=\"author\" content=\"inclusivenews2024\" \/>\n<meta name=\"twitter:card\" content=\"summary_large_image\" \/>\n<meta name=\"twitter:label1\" content=\"Escrito por\" \/>\n\t<meta name=\"twitter:data1\" content=\"inclusivenews2024\" \/>\n\t<meta name=\"twitter:label2\" content=\"Tempo estimado de leitura\" \/>\n\t<meta name=\"twitter:data2\" content=\"2 minutos\" \/>\n<script type=\"application\/ld+json\" class=\"yoast-schema-graph\">{\"@context\":\"https:\\\/\\\/schema.org\",\"@graph\":[{\"@type\":\"Article\",\"@id\":\"https:\\\/\\\/inclusivenews.com.br\\\/?p=34715#article\",\"isPartOf\":{\"@id\":\"https:\\\/\\\/inclusivenews.com.br\\\/?p=34715\"},\"author\":{\"name\":\"inclusivenews2024\",\"@id\":\"https:\\\/\\\/inclusivenews.com.br\\\/#\\\/schema\\\/person\\\/ae4ec7087559b8692fb33b6fffd2273b\"},\"headline\":\"Exposi\u00e7\u00e3o apresenta o protagonismo de artistas com defici\u00eancia\",\"datePublished\":\"2025-05-02T13:55:39+00:00\",\"mainEntityOfPage\":{\"@id\":\"https:\\\/\\\/inclusivenews.com.br\\\/?p=34715\"},\"wordCount\":297,\"commentCount\":0,\"publisher\":{\"@id\":\"https:\\\/\\\/inclusivenews.com.br\\\/#organization\"},\"image\":{\"@id\":\"https:\\\/\\\/inclusivenews.com.br\\\/?p=34715#primaryimage\"},\"thumbnailUrl\":\"https:\\\/\\\/inclusivenews.com.br\\\/wp-content\\\/uploads\\\/2025\\\/05\\\/maxresdefault-2.jpg\",\"keywords\":[\"Acessibilidade\",\"Acessibilidade cultural\",\"arte\",\"Cultura\",\"Inclus\u00e3o\",\"protagonismo\",\"representatividade\"],\"articleSection\":[\"Cultura\"],\"inLanguage\":\"pt-PT\",\"potentialAction\":[{\"@type\":\"CommentAction\",\"name\":\"Comment\",\"target\":[\"https:\\\/\\\/inclusivenews.com.br\\\/?p=34715#respond\"]}]},{\"@type\":\"WebPage\",\"@id\":\"https:\\\/\\\/inclusivenews.com.br\\\/?p=34715\",\"url\":\"https:\\\/\\\/inclusivenews.com.br\\\/?p=34715\",\"name\":\"Exposi\u00e7\u00e3o apresenta o protagonismo de artistas com defici\u00eancia -\",\"isPartOf\":{\"@id\":\"https:\\\/\\\/inclusivenews.com.br\\\/#website\"},\"primaryImageOfPage\":{\"@id\":\"https:\\\/\\\/inclusivenews.com.br\\\/?p=34715#primaryimage\"},\"image\":{\"@id\":\"https:\\\/\\\/inclusivenews.com.br\\\/?p=34715#primaryimage\"},\"thumbnailUrl\":\"https:\\\/\\\/inclusivenews.com.br\\\/wp-content\\\/uploads\\\/2025\\\/05\\\/maxresdefault-2.jpg\",\"datePublished\":\"2025-05-02T13:55:39+00:00\",\"breadcrumb\":{\"@id\":\"https:\\\/\\\/inclusivenews.com.br\\\/?p=34715#breadcrumb\"},\"inLanguage\":\"pt-PT\",\"potentialAction\":[{\"@type\":\"ReadAction\",\"target\":[\"https:\\\/\\\/inclusivenews.com.br\\\/?p=34715\"]}]},{\"@type\":\"ImageObject\",\"inLanguage\":\"pt-PT\",\"@id\":\"https:\\\/\\\/inclusivenews.com.br\\\/?p=34715#primaryimage\",\"url\":\"https:\\\/\\\/inclusivenews.com.br\\\/wp-content\\\/uploads\\\/2025\\\/05\\\/maxresdefault-2.jpg\",\"contentUrl\":\"https:\\\/\\\/inclusivenews.com.br\\\/wp-content\\\/uploads\\\/2025\\\/05\\\/maxresdefault-2.jpg\",\"width\":1280,\"height\":720},{\"@type\":\"BreadcrumbList\",\"@id\":\"https:\\\/\\\/inclusivenews.com.br\\\/?p=34715#breadcrumb\",\"itemListElement\":[{\"@type\":\"ListItem\",\"position\":1,\"name\":\"In\u00edcio\",\"item\":\"https:\\\/\\\/inclusivenews.com.br\\\/\"},{\"@type\":\"ListItem\",\"position\":2,\"name\":\"Exposi\u00e7\u00e3o apresenta o protagonismo de artistas com defici\u00eancia\"}]},{\"@type\":\"WebSite\",\"@id\":\"https:\\\/\\\/inclusivenews.com.br\\\/#website\",\"url\":\"https:\\\/\\\/inclusivenews.com.br\\\/\",\"name\":\"Inclusive News\",\"description\":\"Inclusive News\",\"publisher\":{\"@id\":\"https:\\\/\\\/inclusivenews.com.br\\\/#organization\"},\"potentialAction\":[{\"@type\":\"SearchAction\",\"target\":{\"@type\":\"EntryPoint\",\"urlTemplate\":\"https:\\\/\\\/inclusivenews.com.br\\\/?s={search_term_string}\"},\"query-input\":{\"@type\":\"PropertyValueSpecification\",\"valueRequired\":true,\"valueName\":\"search_term_string\"}}],\"inLanguage\":\"pt-PT\"},{\"@type\":\"Organization\",\"@id\":\"https:\\\/\\\/inclusivenews.com.br\\\/#organization\",\"name\":\"Inclusive - inclus\u00e3o e cidadania\",\"url\":\"https:\\\/\\\/inclusivenews.com.br\\\/\",\"logo\":{\"@type\":\"ImageObject\",\"inLanguage\":\"pt-PT\",\"@id\":\"https:\\\/\\\/inclusivenews.com.br\\\/#\\\/schema\\\/logo\\\/image\\\/\",\"url\":\"https:\\\/\\\/inclusivenews.com.br\\\/wp-content\\\/uploads\\\/2024\\\/03\\\/@grandesite.png\",\"contentUrl\":\"https:\\\/\\\/inclusivenews.com.br\\\/wp-content\\\/uploads\\\/2024\\\/03\\\/@grandesite.png\",\"width\":1080,\"height\":1080,\"caption\":\"Inclusive - inclus\u00e3o e cidadania\"},\"image\":{\"@id\":\"https:\\\/\\\/inclusivenews.com.br\\\/#\\\/schema\\\/logo\\\/image\\\/\"},\"sameAs\":[\"https:\\\/\\\/www.facebook.com\\\/agenciainclusive\\\/\",\"https:\\\/\\\/www.instagram.com\\\/newsinclusive\\\/\"]},{\"@type\":\"Person\",\"@id\":\"https:\\\/\\\/inclusivenews.com.br\\\/#\\\/schema\\\/person\\\/ae4ec7087559b8692fb33b6fffd2273b\",\"name\":\"inclusivenews2024\",\"image\":{\"@type\":\"ImageObject\",\"inLanguage\":\"pt-PT\",\"@id\":\"https:\\\/\\\/secure.gravatar.com\\\/avatar\\\/c5a7ef84c66fa914f55bc4f7ce26cfa275a3b9a1c5568b907bd184fb4dde7b40?s=96&d=mm&r=g\",\"url\":\"https:\\\/\\\/secure.gravatar.com\\\/avatar\\\/c5a7ef84c66fa914f55bc4f7ce26cfa275a3b9a1c5568b907bd184fb4dde7b40?s=96&d=mm&r=g\",\"contentUrl\":\"https:\\\/\\\/secure.gravatar.com\\\/avatar\\\/c5a7ef84c66fa914f55bc4f7ce26cfa275a3b9a1c5568b907bd184fb4dde7b40?s=96&d=mm&r=g\",\"caption\":\"inclusivenews2024\"},\"sameAs\":[\"https:\\\/\\\/inclusivenews.com.br\"],\"url\":\"https:\\\/\\\/inclusivenews.com.br\\\/?author=1\"}]}<\/script>\n<!-- \/ Yoast SEO plugin. -->","yoast_head_json":{"title":"Exposi\u00e7\u00e3o apresenta o protagonismo de artistas com defici\u00eancia -","robots":{"index":"index","follow":"follow","max-snippet":"max-snippet:-1","max-image-preview":"max-image-preview:large","max-video-preview":"max-video-preview:-1"},"canonical":"https:\/\/inclusivenews.com.br\/?p=34715","og_locale":"pt_PT","og_type":"article","og_title":"Exposi\u00e7\u00e3o apresenta o protagonismo de artistas com defici\u00eancia -","og_description":"A for\u00e7a da arte produzida por mulheres com defici\u00eancia sob perspectiva transgressora e anti capacitista criou a mostra \u201cL\u00e1 v\u00eam elas\u201d, realizada por oito mulheres de v\u00e1rias regi\u00f5es do Brasil e chegar\u00e1 \u00e0 Galeria Waldemar Valente, no Museu do Homem do Nordeste (Muhne), em 4 de maio, \u00e0s 16h, com entrada gratuita, em Recife. A [&hellip;]","og_url":"https:\/\/inclusivenews.com.br\/?p=34715","article_publisher":"https:\/\/www.facebook.com\/agenciainclusive\/","article_published_time":"2025-05-02T13:55:39+00:00","og_image":[{"width":1280,"height":720,"url":"https:\/\/inclusivenews.com.br\/wp-content\/uploads\/2025\/05\/maxresdefault-2.jpg","type":"image\/jpeg"}],"author":"inclusivenews2024","twitter_card":"summary_large_image","twitter_misc":{"Escrito por":"inclusivenews2024","Tempo estimado de leitura":"2 minutos"},"schema":{"@context":"https:\/\/schema.org","@graph":[{"@type":"Article","@id":"https:\/\/inclusivenews.com.br\/?p=34715#article","isPartOf":{"@id":"https:\/\/inclusivenews.com.br\/?p=34715"},"author":{"name":"inclusivenews2024","@id":"https:\/\/inclusivenews.com.br\/#\/schema\/person\/ae4ec7087559b8692fb33b6fffd2273b"},"headline":"Exposi\u00e7\u00e3o apresenta o protagonismo de artistas com defici\u00eancia","datePublished":"2025-05-02T13:55:39+00:00","mainEntityOfPage":{"@id":"https:\/\/inclusivenews.com.br\/?p=34715"},"wordCount":297,"commentCount":0,"publisher":{"@id":"https:\/\/inclusivenews.com.br\/#organization"},"image":{"@id":"https:\/\/inclusivenews.com.br\/?p=34715#primaryimage"},"thumbnailUrl":"https:\/\/inclusivenews.com.br\/wp-content\/uploads\/2025\/05\/maxresdefault-2.jpg","keywords":["Acessibilidade","Acessibilidade cultural","arte","Cultura","Inclus\u00e3o","protagonismo","representatividade"],"articleSection":["Cultura"],"inLanguage":"pt-PT","potentialAction":[{"@type":"CommentAction","name":"Comment","target":["https:\/\/inclusivenews.com.br\/?p=34715#respond"]}]},{"@type":"WebPage","@id":"https:\/\/inclusivenews.com.br\/?p=34715","url":"https:\/\/inclusivenews.com.br\/?p=34715","name":"Exposi\u00e7\u00e3o apresenta o protagonismo de artistas com defici\u00eancia -","isPartOf":{"@id":"https:\/\/inclusivenews.com.br\/#website"},"primaryImageOfPage":{"@id":"https:\/\/inclusivenews.com.br\/?p=34715#primaryimage"},"image":{"@id":"https:\/\/inclusivenews.com.br\/?p=34715#primaryimage"},"thumbnailUrl":"https:\/\/inclusivenews.com.br\/wp-content\/uploads\/2025\/05\/maxresdefault-2.jpg","datePublished":"2025-05-02T13:55:39+00:00","breadcrumb":{"@id":"https:\/\/inclusivenews.com.br\/?p=34715#breadcrumb"},"inLanguage":"pt-PT","potentialAction":[{"@type":"ReadAction","target":["https:\/\/inclusivenews.com.br\/?p=34715"]}]},{"@type":"ImageObject","inLanguage":"pt-PT","@id":"https:\/\/inclusivenews.com.br\/?p=34715#primaryimage","url":"https:\/\/inclusivenews.com.br\/wp-content\/uploads\/2025\/05\/maxresdefault-2.jpg","contentUrl":"https:\/\/inclusivenews.com.br\/wp-content\/uploads\/2025\/05\/maxresdefault-2.jpg","width":1280,"height":720},{"@type":"BreadcrumbList","@id":"https:\/\/inclusivenews.com.br\/?p=34715#breadcrumb","itemListElement":[{"@type":"ListItem","position":1,"name":"In\u00edcio","item":"https:\/\/inclusivenews.com.br\/"},{"@type":"ListItem","position":2,"name":"Exposi\u00e7\u00e3o apresenta o protagonismo de artistas com defici\u00eancia"}]},{"@type":"WebSite","@id":"https:\/\/inclusivenews.com.br\/#website","url":"https:\/\/inclusivenews.com.br\/","name":"Inclusive News","description":"Inclusive News","publisher":{"@id":"https:\/\/inclusivenews.com.br\/#organization"},"potentialAction":[{"@type":"SearchAction","target":{"@type":"EntryPoint","urlTemplate":"https:\/\/inclusivenews.com.br\/?s={search_term_string}"},"query-input":{"@type":"PropertyValueSpecification","valueRequired":true,"valueName":"search_term_string"}}],"inLanguage":"pt-PT"},{"@type":"Organization","@id":"https:\/\/inclusivenews.com.br\/#organization","name":"Inclusive - inclus\u00e3o e cidadania","url":"https:\/\/inclusivenews.com.br\/","logo":{"@type":"ImageObject","inLanguage":"pt-PT","@id":"https:\/\/inclusivenews.com.br\/#\/schema\/logo\/image\/","url":"https:\/\/inclusivenews.com.br\/wp-content\/uploads\/2024\/03\/@grandesite.png","contentUrl":"https:\/\/inclusivenews.com.br\/wp-content\/uploads\/2024\/03\/@grandesite.png","width":1080,"height":1080,"caption":"Inclusive - inclus\u00e3o e cidadania"},"image":{"@id":"https:\/\/inclusivenews.com.br\/#\/schema\/logo\/image\/"},"sameAs":["https:\/\/www.facebook.com\/agenciainclusive\/","https:\/\/www.instagram.com\/newsinclusive\/"]},{"@type":"Person","@id":"https:\/\/inclusivenews.com.br\/#\/schema\/person\/ae4ec7087559b8692fb33b6fffd2273b","name":"inclusivenews2024","image":{"@type":"ImageObject","inLanguage":"pt-PT","@id":"https:\/\/secure.gravatar.com\/avatar\/c5a7ef84c66fa914f55bc4f7ce26cfa275a3b9a1c5568b907bd184fb4dde7b40?s=96&d=mm&r=g","url":"https:\/\/secure.gravatar.com\/avatar\/c5a7ef84c66fa914f55bc4f7ce26cfa275a3b9a1c5568b907bd184fb4dde7b40?s=96&d=mm&r=g","contentUrl":"https:\/\/secure.gravatar.com\/avatar\/c5a7ef84c66fa914f55bc4f7ce26cfa275a3b9a1c5568b907bd184fb4dde7b40?s=96&d=mm&r=g","caption":"inclusivenews2024"},"sameAs":["https:\/\/inclusivenews.com.br"],"url":"https:\/\/inclusivenews.com.br\/?author=1"}]}},"_links":{"self":[{"href":"https:\/\/inclusivenews.com.br\/index.php?rest_route=\/wp\/v2\/posts\/34715","targetHints":{"allow":["GET"]}}],"collection":[{"href":"https:\/\/inclusivenews.com.br\/index.php?rest_route=\/wp\/v2\/posts"}],"about":[{"href":"https:\/\/inclusivenews.com.br\/index.php?rest_route=\/wp\/v2\/types\/post"}],"author":[{"embeddable":true,"href":"https:\/\/inclusivenews.com.br\/index.php?rest_route=\/wp\/v2\/users\/1"}],"replies":[{"embeddable":true,"href":"https:\/\/inclusivenews.com.br\/index.php?rest_route=%2Fwp%2Fv2%2Fcomments&post=34715"}],"version-history":[{"count":1,"href":"https:\/\/inclusivenews.com.br\/index.php?rest_route=\/wp\/v2\/posts\/34715\/revisions"}],"predecessor-version":[{"id":34717,"href":"https:\/\/inclusivenews.com.br\/index.php?rest_route=\/wp\/v2\/posts\/34715\/revisions\/34717"}],"wp:featuredmedia":[{"embeddable":true,"href":"https:\/\/inclusivenews.com.br\/index.php?rest_route=\/wp\/v2\/media\/34716"}],"wp:attachment":[{"href":"https:\/\/inclusivenews.com.br\/index.php?rest_route=%2Fwp%2Fv2%2Fmedia&parent=34715"}],"wp:term":[{"taxonomy":"category","embeddable":true,"href":"https:\/\/inclusivenews.com.br\/index.php?rest_route=%2Fwp%2Fv2%2Fcategories&post=34715"},{"taxonomy":"post_tag","embeddable":true,"href":"https:\/\/inclusivenews.com.br\/index.php?rest_route=%2Fwp%2Fv2%2Ftags&post=34715"}],"curies":[{"name":"wp","href":"https:\/\/api.w.org\/{rel}","templated":true}]}}