{"id":34723,"date":"2025-05-05T17:30:00","date_gmt":"2025-05-05T17:30:00","guid":{"rendered":"https:\/\/inclusivenews.com.br\/?p=34723"},"modified":"2025-05-06T14:28:52","modified_gmt":"2025-05-06T14:28:52","slug":"justica-climatica-e-para-todos-cabe-todo-mundo-nesse-todos","status":"publish","type":"post","link":"https:\/\/inclusivenews.com.br\/?p=34723","title":{"rendered":"Justi\u00e7a clim\u00e1tica \u00e9 para TODOS. Cabe todo mundo nesse TODOS?"},"content":{"rendered":"\n<p>Texto de Rita Mendon\u00e7a.<\/p>\n\n\n\n<p>A gente fala muito de justi\u00e7a clim\u00e1tica quando pensa em ind\u00edgenas, quilombolas, ribeirinhos, povos de terreiro, ciganos, entre outros. E t\u00e1 cert\u00edssimo! S\u00e3o povos que t\u00eam uma liga\u00e7\u00e3o profunda com a terra, com a natureza, e s\u00e3o os que mais sofrem com os impactos da crise clim\u00e1tica. Mas precisamos lembrar que a justi\u00e7a clim\u00e1tica n\u00e3o pode ter por crit\u00e9rio apenas o marcador \u201cterrit\u00f3rio e comunidades\u201d. Tem gente que n\u00e3o est\u00e1 ligada a um territ\u00f3rio espec\u00edfico, n\u00e3o comp\u00f5e um povo ligado por tradi\u00e7\u00f5es, costumes e ra\u00e7a, mas que tamb\u00e9m vive desigualdades e exclus\u00f5es que cada vez mais s\u00e3o agravadas com as mudan\u00e7as clim\u00e1ticas. \u00c9 o caso das pessoas com defici\u00eancia, por exemplo.<\/p>\n\n\n\n<p>Quando a gente fala de justi\u00e7a clim\u00e1tica, est\u00e1 falando de reconhecer que a crise do clima afeta muito mais os tidos como \u201cdiferentes\u201d. Pessoas com defici\u00eancia muitas vezes ficam invis\u00edveis nesses debates, assim como mulheres, crian\u00e7as, adolescentes, jovens, pessoas idosas, LGBTQIAPN+, imigrantes e refugiados, e por a\u00ed vai.<\/p>\n\n\n\n<p>Quando pensamos em remo\u00e7\u00f5es involunt\u00e1rias e emergenciais, estamos lembrando de que precisamos ter uma comunica\u00e7\u00e3o focada na acessibilidade e na linguagem simples? Estamos pensando na necessidade do transporte acess\u00edvel ou adaptado? E no treinamento dos profissionais para realizarem o transporte de pessoas com defici\u00eancia f\u00edsica, para que n\u00e3o se machuquem e nem machuquem as pessoas com defici\u00eancia ou as submeta a constrangimento? E ao chegar aos pontos de encontro ou abrigos, lembraram das especificidades das pessoas com defici\u00eancia quanto ao local para dormir, aos banheiros, aos locais para refei\u00e7\u00f5es? E quem se alimenta de forma diferenciada em raz\u00e3o de defici\u00eancia ou at\u00e9 mesmo doen\u00e7as? Se essas pessoas j\u00e1 enfrentam dificuldades no dia a dia, imagina numa situa\u00e7\u00e3o de efetiva crise e emerg\u00eancia.<\/p>\n\n\n\n<p>Assim como os povos tradicionais t\u00eam direito a manter, na medida do poss\u00edvel, seus modos de vida com dignidade e respeito, mesmo em contextos de desastres, as pessoas com defici\u00eancia tamb\u00e9m t\u00eam o direito de existir plenamente nos planos de resposta \u00e0 crise clim\u00e1tica. E como se faz isso? Lembrando que elas precisam participar do planejamento, das decis\u00f5es, das a\u00e7\u00f5es de preven\u00e7\u00e3o, serem ouvidas, terem acesso a recursos e prote\u00e7\u00e3o que previram e respeitaram suas especificidades.<\/p>\n\n\n\n<p>As pessoas com defici\u00eancia precisar participar desde o come\u00e7o na conversa \u2014 n\u00e3o podem apenas ser lembrados depois. \u201cNada sobre n\u00f3s, sem n\u00f3s\u201d \u00e9 o que reivindica o movimento de pessoas com defici\u00eancia e suas fam\u00edlias: participa\u00e7\u00e3o em espa\u00e7os de decis\u00e3o.<\/p>\n\n\n\n<p>\u00c9 importante perceber que ampliar a ideia de justi\u00e7a clim\u00e1tica para abranger a diversidade de pessoas e suas especificidades n\u00e3o \u00e9 tirar o foco dos povos que lutam pelos seus territ\u00f3rios, tradi\u00e7\u00f5es e costumes enquanto grupos. \u00c9 fortalecer a luta, porque quando a gente pensa com interseccionalidade, pensa com mais justi\u00e7a e mais intelig\u00eancia. Ningu\u00e9m solta a m\u00e3o de ningu\u00e9m, lembra? E para isso, todo mundo precisa estar no centro das solu\u00e7\u00f5es, contribuindo para pensar e planejar as melhores e mais adequadas respostas, sempre focadas em respeitar a dignidade, a autonomia e a seguran\u00e7a de todas as pessoas.<\/p>\n\n\n\n<p>Se \u00e9 pra falar de justi\u00e7a clim\u00e1tica de verdade, tem que incluir todas as identidades \u2014 as que vivem a terra, as que resistem nas margens, e tamb\u00e9m as que t\u00eam necessidades diferenciadas e especificidades. O clima t\u00e1 mudando pra todo mundo, mas a resposta precisa vir com mais equidade, mais inclus\u00e3o e escuta ativa. Porque s\u00f3 \u00e9 justi\u00e7a se inclui TODAS AS PESSOAS.<\/p>\n\n\n\n<p>Rita Mendon\u00e7a \u00e9 advogada, consultora, pesquisadora e palestrantes em tem\u00e1ticas sobre direitos humanos, direito ao trabalho, acessibilidade, diversidade e inclus\u00e3o.<\/p>\n\n\n\n<p><\/p>\n","protected":false},"excerpt":{"rendered":"<p>Texto de Rita Mendon\u00e7a. A gente fala muito de justi\u00e7a clim\u00e1tica quando pensa em ind\u00edgenas, quilombolas, ribeirinhos, povos de terreiro, ciganos, entre outros. E t\u00e1 cert\u00edssimo! S\u00e3o povos que t\u00eam uma liga\u00e7\u00e3o profunda com a terra, com a natureza, e s\u00e3o os que mais sofrem com os impactos da crise clim\u00e1tica. Mas precisamos lembrar que [&hellip;]<\/p>\n","protected":false},"author":1,"featured_media":34724,"comment_status":"open","ping_status":"open","sticky":false,"template":"","format":"standard","meta":{"site-container-style":"default","site-container-layout":"default","site-sidebar-layout":"default","disable-article-header":"default","disable-site-header":"default","disable-site-footer":"default","disable-content-area-spacing":"default","footnotes":""},"categories":[789],"tags":[491,791,644],"class_list":["post-34723","post","type-post","status-publish","format-standard","has-post-thumbnail","hentry","category-meio-ambiente","tag-crise-climatica","tag-justica-climatica","tag-meio-ambiente"],"yoast_head":"<!-- This site is optimized with the Yoast SEO plugin v27.4 - https:\/\/yoast.com\/product\/yoast-seo-wordpress\/ -->\n<title>Justi\u00e7a clim\u00e1tica \u00e9 para TODOS. Cabe todo mundo nesse TODOS? -<\/title>\n<meta name=\"robots\" content=\"index, follow, max-snippet:-1, max-image-preview:large, max-video-preview:-1\" \/>\n<link rel=\"canonical\" href=\"https:\/\/inclusivenews.com.br\/?p=34723\" \/>\n<meta property=\"og:locale\" content=\"pt_PT\" \/>\n<meta property=\"og:type\" content=\"article\" \/>\n<meta property=\"og:title\" content=\"Justi\u00e7a clim\u00e1tica \u00e9 para TODOS. Cabe todo mundo nesse TODOS? -\" \/>\n<meta property=\"og:description\" content=\"Texto de Rita Mendon\u00e7a. A gente fala muito de justi\u00e7a clim\u00e1tica quando pensa em ind\u00edgenas, quilombolas, ribeirinhos, povos de terreiro, ciganos, entre outros. E t\u00e1 cert\u00edssimo! S\u00e3o povos que t\u00eam uma liga\u00e7\u00e3o profunda com a terra, com a natureza, e s\u00e3o os que mais sofrem com os impactos da crise clim\u00e1tica. Mas precisamos lembrar que [&hellip;]\" \/>\n<meta property=\"og:url\" content=\"https:\/\/inclusivenews.com.br\/?p=34723\" \/>\n<meta property=\"article:publisher\" content=\"https:\/\/www.facebook.com\/agenciainclusive\/\" \/>\n<meta property=\"article:published_time\" content=\"2025-05-05T17:30:00+00:00\" \/>\n<meta property=\"article:modified_time\" content=\"2025-05-06T14:28:52+00:00\" \/>\n<meta property=\"og:image\" content=\"https:\/\/inclusivenews.com.br\/wp-content\/uploads\/2025\/05\/justica-climatica-e-uma-das-pautas-centrais-da-cop26-1636410897284_v2_900x506.jpg\" \/>\n\t<meta property=\"og:image:width\" content=\"900\" \/>\n\t<meta property=\"og:image:height\" content=\"506\" \/>\n\t<meta property=\"og:image:type\" content=\"image\/jpeg\" \/>\n<meta name=\"author\" content=\"inclusivenews2024\" \/>\n<meta name=\"twitter:card\" content=\"summary_large_image\" \/>\n<meta name=\"twitter:label1\" content=\"Escrito por\" \/>\n\t<meta name=\"twitter:data1\" content=\"inclusivenews2024\" \/>\n\t<meta name=\"twitter:label2\" content=\"Tempo estimado de leitura\" \/>\n\t<meta name=\"twitter:data2\" content=\"4 minutos\" \/>\n<script type=\"application\/ld+json\" class=\"yoast-schema-graph\">{\"@context\":\"https:\\\/\\\/schema.org\",\"@graph\":[{\"@type\":\"Article\",\"@id\":\"https:\\\/\\\/inclusivenews.com.br\\\/?p=34723#article\",\"isPartOf\":{\"@id\":\"https:\\\/\\\/inclusivenews.com.br\\\/?p=34723\"},\"author\":{\"name\":\"inclusivenews2024\",\"@id\":\"https:\\\/\\\/inclusivenews.com.br\\\/#\\\/schema\\\/person\\\/ae4ec7087559b8692fb33b6fffd2273b\"},\"headline\":\"Justi\u00e7a clim\u00e1tica \u00e9 para TODOS. Cabe todo mundo nesse TODOS?\",\"datePublished\":\"2025-05-05T17:30:00+00:00\",\"dateModified\":\"2025-05-06T14:28:52+00:00\",\"mainEntityOfPage\":{\"@id\":\"https:\\\/\\\/inclusivenews.com.br\\\/?p=34723\"},\"wordCount\":673,\"commentCount\":0,\"publisher\":{\"@id\":\"https:\\\/\\\/inclusivenews.com.br\\\/#organization\"},\"image\":{\"@id\":\"https:\\\/\\\/inclusivenews.com.br\\\/?p=34723#primaryimage\"},\"thumbnailUrl\":\"https:\\\/\\\/inclusivenews.com.br\\\/wp-content\\\/uploads\\\/2025\\\/05\\\/justica-climatica-e-uma-das-pautas-centrais-da-cop26-1636410897284_v2_900x506.jpg\",\"keywords\":[\"Crise clim\u00e1tica\",\"justi\u00e7a clim\u00e1tica\",\"meio ambiente\"],\"articleSection\":[\"Meio Ambiente\"],\"inLanguage\":\"pt-PT\",\"potentialAction\":[{\"@type\":\"CommentAction\",\"name\":\"Comment\",\"target\":[\"https:\\\/\\\/inclusivenews.com.br\\\/?p=34723#respond\"]}]},{\"@type\":\"WebPage\",\"@id\":\"https:\\\/\\\/inclusivenews.com.br\\\/?p=34723\",\"url\":\"https:\\\/\\\/inclusivenews.com.br\\\/?p=34723\",\"name\":\"Justi\u00e7a clim\u00e1tica \u00e9 para TODOS. Cabe todo mundo nesse TODOS? -\",\"isPartOf\":{\"@id\":\"https:\\\/\\\/inclusivenews.com.br\\\/#website\"},\"primaryImageOfPage\":{\"@id\":\"https:\\\/\\\/inclusivenews.com.br\\\/?p=34723#primaryimage\"},\"image\":{\"@id\":\"https:\\\/\\\/inclusivenews.com.br\\\/?p=34723#primaryimage\"},\"thumbnailUrl\":\"https:\\\/\\\/inclusivenews.com.br\\\/wp-content\\\/uploads\\\/2025\\\/05\\\/justica-climatica-e-uma-das-pautas-centrais-da-cop26-1636410897284_v2_900x506.jpg\",\"datePublished\":\"2025-05-05T17:30:00+00:00\",\"dateModified\":\"2025-05-06T14:28:52+00:00\",\"breadcrumb\":{\"@id\":\"https:\\\/\\\/inclusivenews.com.br\\\/?p=34723#breadcrumb\"},\"inLanguage\":\"pt-PT\",\"potentialAction\":[{\"@type\":\"ReadAction\",\"target\":[\"https:\\\/\\\/inclusivenews.com.br\\\/?p=34723\"]}]},{\"@type\":\"ImageObject\",\"inLanguage\":\"pt-PT\",\"@id\":\"https:\\\/\\\/inclusivenews.com.br\\\/?p=34723#primaryimage\",\"url\":\"https:\\\/\\\/inclusivenews.com.br\\\/wp-content\\\/uploads\\\/2025\\\/05\\\/justica-climatica-e-uma-das-pautas-centrais-da-cop26-1636410897284_v2_900x506.jpg\",\"contentUrl\":\"https:\\\/\\\/inclusivenews.com.br\\\/wp-content\\\/uploads\\\/2025\\\/05\\\/justica-climatica-e-uma-das-pautas-centrais-da-cop26-1636410897284_v2_900x506.jpg\",\"width\":900,\"height\":506},{\"@type\":\"BreadcrumbList\",\"@id\":\"https:\\\/\\\/inclusivenews.com.br\\\/?p=34723#breadcrumb\",\"itemListElement\":[{\"@type\":\"ListItem\",\"position\":1,\"name\":\"In\u00edcio\",\"item\":\"https:\\\/\\\/inclusivenews.com.br\\\/\"},{\"@type\":\"ListItem\",\"position\":2,\"name\":\"Justi\u00e7a clim\u00e1tica \u00e9 para TODOS. Cabe todo mundo nesse TODOS?\"}]},{\"@type\":\"WebSite\",\"@id\":\"https:\\\/\\\/inclusivenews.com.br\\\/#website\",\"url\":\"https:\\\/\\\/inclusivenews.com.br\\\/\",\"name\":\"Inclusive News\",\"description\":\"Inclusive News\",\"publisher\":{\"@id\":\"https:\\\/\\\/inclusivenews.com.br\\\/#organization\"},\"potentialAction\":[{\"@type\":\"SearchAction\",\"target\":{\"@type\":\"EntryPoint\",\"urlTemplate\":\"https:\\\/\\\/inclusivenews.com.br\\\/?s={search_term_string}\"},\"query-input\":{\"@type\":\"PropertyValueSpecification\",\"valueRequired\":true,\"valueName\":\"search_term_string\"}}],\"inLanguage\":\"pt-PT\"},{\"@type\":\"Organization\",\"@id\":\"https:\\\/\\\/inclusivenews.com.br\\\/#organization\",\"name\":\"Inclusive - inclus\u00e3o e cidadania\",\"url\":\"https:\\\/\\\/inclusivenews.com.br\\\/\",\"logo\":{\"@type\":\"ImageObject\",\"inLanguage\":\"pt-PT\",\"@id\":\"https:\\\/\\\/inclusivenews.com.br\\\/#\\\/schema\\\/logo\\\/image\\\/\",\"url\":\"https:\\\/\\\/inclusivenews.com.br\\\/wp-content\\\/uploads\\\/2024\\\/03\\\/@grandesite.png\",\"contentUrl\":\"https:\\\/\\\/inclusivenews.com.br\\\/wp-content\\\/uploads\\\/2024\\\/03\\\/@grandesite.png\",\"width\":1080,\"height\":1080,\"caption\":\"Inclusive - inclus\u00e3o e cidadania\"},\"image\":{\"@id\":\"https:\\\/\\\/inclusivenews.com.br\\\/#\\\/schema\\\/logo\\\/image\\\/\"},\"sameAs\":[\"https:\\\/\\\/www.facebook.com\\\/agenciainclusive\\\/\",\"https:\\\/\\\/www.instagram.com\\\/newsinclusive\\\/\"]},{\"@type\":\"Person\",\"@id\":\"https:\\\/\\\/inclusivenews.com.br\\\/#\\\/schema\\\/person\\\/ae4ec7087559b8692fb33b6fffd2273b\",\"name\":\"inclusivenews2024\",\"image\":{\"@type\":\"ImageObject\",\"inLanguage\":\"pt-PT\",\"@id\":\"https:\\\/\\\/secure.gravatar.com\\\/avatar\\\/c5a7ef84c66fa914f55bc4f7ce26cfa275a3b9a1c5568b907bd184fb4dde7b40?s=96&d=mm&r=g\",\"url\":\"https:\\\/\\\/secure.gravatar.com\\\/avatar\\\/c5a7ef84c66fa914f55bc4f7ce26cfa275a3b9a1c5568b907bd184fb4dde7b40?s=96&d=mm&r=g\",\"contentUrl\":\"https:\\\/\\\/secure.gravatar.com\\\/avatar\\\/c5a7ef84c66fa914f55bc4f7ce26cfa275a3b9a1c5568b907bd184fb4dde7b40?s=96&d=mm&r=g\",\"caption\":\"inclusivenews2024\"},\"sameAs\":[\"https:\\\/\\\/inclusivenews.com.br\"],\"url\":\"https:\\\/\\\/inclusivenews.com.br\\\/?author=1\"}]}<\/script>\n<!-- \/ Yoast SEO plugin. -->","yoast_head_json":{"title":"Justi\u00e7a clim\u00e1tica \u00e9 para TODOS. Cabe todo mundo nesse TODOS? -","robots":{"index":"index","follow":"follow","max-snippet":"max-snippet:-1","max-image-preview":"max-image-preview:large","max-video-preview":"max-video-preview:-1"},"canonical":"https:\/\/inclusivenews.com.br\/?p=34723","og_locale":"pt_PT","og_type":"article","og_title":"Justi\u00e7a clim\u00e1tica \u00e9 para TODOS. Cabe todo mundo nesse TODOS? -","og_description":"Texto de Rita Mendon\u00e7a. A gente fala muito de justi\u00e7a clim\u00e1tica quando pensa em ind\u00edgenas, quilombolas, ribeirinhos, povos de terreiro, ciganos, entre outros. E t\u00e1 cert\u00edssimo! S\u00e3o povos que t\u00eam uma liga\u00e7\u00e3o profunda com a terra, com a natureza, e s\u00e3o os que mais sofrem com os impactos da crise clim\u00e1tica. Mas precisamos lembrar que [&hellip;]","og_url":"https:\/\/inclusivenews.com.br\/?p=34723","article_publisher":"https:\/\/www.facebook.com\/agenciainclusive\/","article_published_time":"2025-05-05T17:30:00+00:00","article_modified_time":"2025-05-06T14:28:52+00:00","og_image":[{"width":900,"height":506,"url":"https:\/\/inclusivenews.com.br\/wp-content\/uploads\/2025\/05\/justica-climatica-e-uma-das-pautas-centrais-da-cop26-1636410897284_v2_900x506.jpg","type":"image\/jpeg"}],"author":"inclusivenews2024","twitter_card":"summary_large_image","twitter_misc":{"Escrito por":"inclusivenews2024","Tempo estimado de leitura":"4 minutos"},"schema":{"@context":"https:\/\/schema.org","@graph":[{"@type":"Article","@id":"https:\/\/inclusivenews.com.br\/?p=34723#article","isPartOf":{"@id":"https:\/\/inclusivenews.com.br\/?p=34723"},"author":{"name":"inclusivenews2024","@id":"https:\/\/inclusivenews.com.br\/#\/schema\/person\/ae4ec7087559b8692fb33b6fffd2273b"},"headline":"Justi\u00e7a clim\u00e1tica \u00e9 para TODOS. Cabe todo mundo nesse TODOS?","datePublished":"2025-05-05T17:30:00+00:00","dateModified":"2025-05-06T14:28:52+00:00","mainEntityOfPage":{"@id":"https:\/\/inclusivenews.com.br\/?p=34723"},"wordCount":673,"commentCount":0,"publisher":{"@id":"https:\/\/inclusivenews.com.br\/#organization"},"image":{"@id":"https:\/\/inclusivenews.com.br\/?p=34723#primaryimage"},"thumbnailUrl":"https:\/\/inclusivenews.com.br\/wp-content\/uploads\/2025\/05\/justica-climatica-e-uma-das-pautas-centrais-da-cop26-1636410897284_v2_900x506.jpg","keywords":["Crise clim\u00e1tica","justi\u00e7a clim\u00e1tica","meio ambiente"],"articleSection":["Meio Ambiente"],"inLanguage":"pt-PT","potentialAction":[{"@type":"CommentAction","name":"Comment","target":["https:\/\/inclusivenews.com.br\/?p=34723#respond"]}]},{"@type":"WebPage","@id":"https:\/\/inclusivenews.com.br\/?p=34723","url":"https:\/\/inclusivenews.com.br\/?p=34723","name":"Justi\u00e7a clim\u00e1tica \u00e9 para TODOS. Cabe todo mundo nesse TODOS? -","isPartOf":{"@id":"https:\/\/inclusivenews.com.br\/#website"},"primaryImageOfPage":{"@id":"https:\/\/inclusivenews.com.br\/?p=34723#primaryimage"},"image":{"@id":"https:\/\/inclusivenews.com.br\/?p=34723#primaryimage"},"thumbnailUrl":"https:\/\/inclusivenews.com.br\/wp-content\/uploads\/2025\/05\/justica-climatica-e-uma-das-pautas-centrais-da-cop26-1636410897284_v2_900x506.jpg","datePublished":"2025-05-05T17:30:00+00:00","dateModified":"2025-05-06T14:28:52+00:00","breadcrumb":{"@id":"https:\/\/inclusivenews.com.br\/?p=34723#breadcrumb"},"inLanguage":"pt-PT","potentialAction":[{"@type":"ReadAction","target":["https:\/\/inclusivenews.com.br\/?p=34723"]}]},{"@type":"ImageObject","inLanguage":"pt-PT","@id":"https:\/\/inclusivenews.com.br\/?p=34723#primaryimage","url":"https:\/\/inclusivenews.com.br\/wp-content\/uploads\/2025\/05\/justica-climatica-e-uma-das-pautas-centrais-da-cop26-1636410897284_v2_900x506.jpg","contentUrl":"https:\/\/inclusivenews.com.br\/wp-content\/uploads\/2025\/05\/justica-climatica-e-uma-das-pautas-centrais-da-cop26-1636410897284_v2_900x506.jpg","width":900,"height":506},{"@type":"BreadcrumbList","@id":"https:\/\/inclusivenews.com.br\/?p=34723#breadcrumb","itemListElement":[{"@type":"ListItem","position":1,"name":"In\u00edcio","item":"https:\/\/inclusivenews.com.br\/"},{"@type":"ListItem","position":2,"name":"Justi\u00e7a clim\u00e1tica \u00e9 para TODOS. Cabe todo mundo nesse TODOS?"}]},{"@type":"WebSite","@id":"https:\/\/inclusivenews.com.br\/#website","url":"https:\/\/inclusivenews.com.br\/","name":"Inclusive News","description":"Inclusive News","publisher":{"@id":"https:\/\/inclusivenews.com.br\/#organization"},"potentialAction":[{"@type":"SearchAction","target":{"@type":"EntryPoint","urlTemplate":"https:\/\/inclusivenews.com.br\/?s={search_term_string}"},"query-input":{"@type":"PropertyValueSpecification","valueRequired":true,"valueName":"search_term_string"}}],"inLanguage":"pt-PT"},{"@type":"Organization","@id":"https:\/\/inclusivenews.com.br\/#organization","name":"Inclusive - inclus\u00e3o e cidadania","url":"https:\/\/inclusivenews.com.br\/","logo":{"@type":"ImageObject","inLanguage":"pt-PT","@id":"https:\/\/inclusivenews.com.br\/#\/schema\/logo\/image\/","url":"https:\/\/inclusivenews.com.br\/wp-content\/uploads\/2024\/03\/@grandesite.png","contentUrl":"https:\/\/inclusivenews.com.br\/wp-content\/uploads\/2024\/03\/@grandesite.png","width":1080,"height":1080,"caption":"Inclusive - inclus\u00e3o e cidadania"},"image":{"@id":"https:\/\/inclusivenews.com.br\/#\/schema\/logo\/image\/"},"sameAs":["https:\/\/www.facebook.com\/agenciainclusive\/","https:\/\/www.instagram.com\/newsinclusive\/"]},{"@type":"Person","@id":"https:\/\/inclusivenews.com.br\/#\/schema\/person\/ae4ec7087559b8692fb33b6fffd2273b","name":"inclusivenews2024","image":{"@type":"ImageObject","inLanguage":"pt-PT","@id":"https:\/\/secure.gravatar.com\/avatar\/c5a7ef84c66fa914f55bc4f7ce26cfa275a3b9a1c5568b907bd184fb4dde7b40?s=96&d=mm&r=g","url":"https:\/\/secure.gravatar.com\/avatar\/c5a7ef84c66fa914f55bc4f7ce26cfa275a3b9a1c5568b907bd184fb4dde7b40?s=96&d=mm&r=g","contentUrl":"https:\/\/secure.gravatar.com\/avatar\/c5a7ef84c66fa914f55bc4f7ce26cfa275a3b9a1c5568b907bd184fb4dde7b40?s=96&d=mm&r=g","caption":"inclusivenews2024"},"sameAs":["https:\/\/inclusivenews.com.br"],"url":"https:\/\/inclusivenews.com.br\/?author=1"}]}},"_links":{"self":[{"href":"https:\/\/inclusivenews.com.br\/index.php?rest_route=\/wp\/v2\/posts\/34723","targetHints":{"allow":["GET"]}}],"collection":[{"href":"https:\/\/inclusivenews.com.br\/index.php?rest_route=\/wp\/v2\/posts"}],"about":[{"href":"https:\/\/inclusivenews.com.br\/index.php?rest_route=\/wp\/v2\/types\/post"}],"author":[{"embeddable":true,"href":"https:\/\/inclusivenews.com.br\/index.php?rest_route=\/wp\/v2\/users\/1"}],"replies":[{"embeddable":true,"href":"https:\/\/inclusivenews.com.br\/index.php?rest_route=%2Fwp%2Fv2%2Fcomments&post=34723"}],"version-history":[{"count":1,"href":"https:\/\/inclusivenews.com.br\/index.php?rest_route=\/wp\/v2\/posts\/34723\/revisions"}],"predecessor-version":[{"id":34725,"href":"https:\/\/inclusivenews.com.br\/index.php?rest_route=\/wp\/v2\/posts\/34723\/revisions\/34725"}],"wp:featuredmedia":[{"embeddable":true,"href":"https:\/\/inclusivenews.com.br\/index.php?rest_route=\/wp\/v2\/media\/34724"}],"wp:attachment":[{"href":"https:\/\/inclusivenews.com.br\/index.php?rest_route=%2Fwp%2Fv2%2Fmedia&parent=34723"}],"wp:term":[{"taxonomy":"category","embeddable":true,"href":"https:\/\/inclusivenews.com.br\/index.php?rest_route=%2Fwp%2Fv2%2Fcategories&post=34723"},{"taxonomy":"post_tag","embeddable":true,"href":"https:\/\/inclusivenews.com.br\/index.php?rest_route=%2Fwp%2Fv2%2Ftags&post=34723"}],"curies":[{"name":"wp","href":"https:\/\/api.w.org\/{rel}","templated":true}]}}