{"id":34728,"date":"2025-05-10T20:05:56","date_gmt":"2025-05-10T20:05:56","guid":{"rendered":"https:\/\/inclusivenews.com.br\/?p=34728"},"modified":"2025-05-10T20:06:13","modified_gmt":"2025-05-10T20:06:13","slug":"9-milhoes-de-maes-invisiveis-o-custo-social-e-economico-de-ignorar-a-maternidade-atipica","status":"publish","type":"post","link":"https:\/\/inclusivenews.com.br\/?p=34728","title":{"rendered":"9 milh\u00f5es de m\u00e3es invis\u00edveis: o custo social e econ\u00f4mico de ignorar a maternidade at\u00edpica"},"content":{"rendered":"\n<p>Por <a href=\"https:\/\/www.linkedin.com\/pulse\/9-milh%C3%B5es-de-m%C3%A3es-invis%C3%ADveis-o-custo-social-e-ignorar-salvatori-3h3ff\/?trackingId=liWoX4eGSQeWTGNYkOkdKg%3D%3D\">Patricia Salvatori<\/a><\/p>\n\n\n\n<p>Enquanto o Brasil se prepara para celebrar o Dia das M\u00e3es, minhas pesquisas revelam um dado que deveria mudar a forma como as empresas enxergam esta data: existem aproximadamente 9 milh\u00f5es de m\u00e3es at\u00edpicas no pa\u00eds &#8211; mulheres que s\u00e3o m\u00e3es de pessoas com defici\u00eancia ou que s\u00e3o m\u00e3es com defici\u00eancia. Um n\u00famero maior do que a popula\u00e7\u00e3o de muitos pa\u00edses, mas que permanece \u00e0 margem das discuss\u00f5es corporativas.<\/p>\n\n\n\n<p>Os n\u00fameros que tenho levantado contam uma hist\u00f3ria reveladora:<\/p>\n\n\n\n<p>\ud83d\udd39 70% dessas mulheres deixam o mercado formal;<\/p>\n\n\n\n<p>\ud83d\udd39 86% empreendem por necessidade, n\u00e3o por escolha;<\/p>\n\n\n\n<p>\ud83d\udd39 64% gostariam de retornar ao trabalho, se houvesse condi\u00e7\u00f5es adequadas.<\/p>\n\n\n\n<p>S\u00e3o n\u00fameros que evidenciam n\u00e3o apenas um desafio p\u00fablico social, mas tamb\u00e9m um potencial econ\u00f4mico subutilizado. Essas mulheres representam:<\/p>\n\n\n\n<p>\ud83d\udd39 um mercado consumidor com demandas espec\u00edficas, ainda pouco atendido;<\/p>\n\n\n\n<p>\ud83d\udd39 um grupo de profissionais altamente resilientes, com habilidades valiosas para qualquer equipe;<\/p>\n\n\n\n<p>\ud83d\udd39 um ecossistema de empreendedoras que poderiam fortalecer cadeias produtivas mais diversas.<\/p>\n\n\n\n<p>Na Rede M\u00e3es Atipicas, buscamos transformar esses dados em iniciativas que promovam mudan\u00e7as reais. Nossas pesquisas e a\u00e7\u00f5es mostram que, quando empresas e institui\u00e7\u00f5es se abrem para essa pauta, os resultados v\u00e3o al\u00e9m do social \u2013 refletem-se em ambientes mais inovadores e competitivos.<\/p>\n\n\n\n<p>Algumas das frentes em que atuamos:<\/p>\n\n\n\n<p>\ud83d\udccc Workshops e sensibiliza\u00e7\u00e3o \u2013 Para ajudar equipes e gestores a entenderem as especificidades da parentalidade at\u00edpica.<\/p>\n\n\n\n<p>\ud83d\udccc Feiras de neg\u00f3cios \u2013 Conectando empresas a fornecedoras m\u00e3es at\u00edpicas, diversificando cadeias produtivas.<\/p>\n\n\n\n<p>\ud83d\udccc Programas de reten\u00e7\u00e3o de talentos \u2013 Apoiando empresas a criarem pol\u00edticas mais inclusivas para m\u00e3es cuidadoras.<\/p>\n\n\n\n<p>Este Dia das M\u00e3es, trago um convite \u00e0 reflex\u00e3o: Como podemos contribuir para que essas mulheres n\u00e3o apenas permane\u00e7am no mercado, mas sejam reconhecidas e valorizadas em seu potencial?<\/p>\n\n\n\n<p><\/p>\n\n\n\n<p><\/p>\n","protected":false},"excerpt":{"rendered":"<p>Por Patricia Salvatori Enquanto o Brasil se prepara para celebrar o Dia das M\u00e3es, minhas pesquisas revelam um dado que deveria mudar a forma como as empresas enxergam esta data: existem aproximadamente 9 milh\u00f5es de m\u00e3es at\u00edpicas no pa\u00eds &#8211; mulheres que s\u00e3o m\u00e3es de pessoas com defici\u00eancia ou que s\u00e3o m\u00e3es com defici\u00eancia. Um [&hellip;]<\/p>\n","protected":false},"author":1,"featured_media":34730,"comment_status":"open","ping_status":"open","sticky":false,"template":"","format":"standard","meta":{"site-container-style":"default","site-container-layout":"default","site-sidebar-layout":"default","disable-article-header":"default","disable-site-header":"default","disable-site-footer":"default","disable-content-area-spacing":"default","footnotes":""},"categories":[1,48],"tags":[189,150,793,795,792,584],"class_list":["post-34728","post","type-post","status-publish","format-standard","has-post-thumbnail","hentry","category-blog","category-inclusao","tag-deficiencia-2","tag-diversidade-2","tag-gptw","tag-maes-atipicas","tag-maternidade","tag-mulheres"],"yoast_head":"<!-- This site is optimized with the Yoast SEO plugin v27.4 - https:\/\/yoast.com\/product\/yoast-seo-wordpress\/ -->\n<title>9 milh\u00f5es de m\u00e3es invis\u00edveis: o custo social e econ\u00f4mico de ignorar a maternidade at\u00edpica -<\/title>\n<meta name=\"robots\" content=\"index, follow, max-snippet:-1, max-image-preview:large, max-video-preview:-1\" \/>\n<link rel=\"canonical\" href=\"https:\/\/inclusivenews.com.br\/?p=34728\" \/>\n<meta property=\"og:locale\" content=\"pt_PT\" \/>\n<meta property=\"og:type\" content=\"article\" \/>\n<meta property=\"og:title\" content=\"9 milh\u00f5es de m\u00e3es invis\u00edveis: o custo social e econ\u00f4mico de ignorar a maternidade at\u00edpica -\" \/>\n<meta property=\"og:description\" content=\"Por Patricia Salvatori Enquanto o Brasil se prepara para celebrar o Dia das M\u00e3es, minhas pesquisas revelam um dado que deveria mudar a forma como as empresas enxergam esta data: existem aproximadamente 9 milh\u00f5es de m\u00e3es at\u00edpicas no pa\u00eds &#8211; mulheres que s\u00e3o m\u00e3es de pessoas com defici\u00eancia ou que s\u00e3o m\u00e3es com defici\u00eancia. Um [&hellip;]\" \/>\n<meta property=\"og:url\" content=\"https:\/\/inclusivenews.com.br\/?p=34728\" \/>\n<meta property=\"article:publisher\" content=\"https:\/\/www.facebook.com\/agenciainclusive\/\" \/>\n<meta property=\"article:published_time\" content=\"2025-05-10T20:05:56+00:00\" \/>\n<meta property=\"article:modified_time\" content=\"2025-05-10T20:06:13+00:00\" \/>\n<meta property=\"og:image\" content=\"https:\/\/inclusivenews.com.br\/wp-content\/uploads\/2025\/05\/1683747063729.jpeg\" \/>\n\t<meta property=\"og:image:width\" content=\"612\" \/>\n\t<meta property=\"og:image:height\" content=\"408\" \/>\n\t<meta property=\"og:image:type\" content=\"image\/jpeg\" \/>\n<meta name=\"author\" content=\"inclusivenews2024\" \/>\n<meta name=\"twitter:card\" content=\"summary_large_image\" \/>\n<meta name=\"twitter:label1\" content=\"Escrito por\" \/>\n\t<meta name=\"twitter:data1\" content=\"inclusivenews2024\" \/>\n\t<meta name=\"twitter:label2\" content=\"Tempo estimado de leitura\" \/>\n\t<meta name=\"twitter:data2\" content=\"2 minutos\" \/>\n<script type=\"application\/ld+json\" class=\"yoast-schema-graph\">{\"@context\":\"https:\\\/\\\/schema.org\",\"@graph\":[{\"@type\":\"Article\",\"@id\":\"https:\\\/\\\/inclusivenews.com.br\\\/?p=34728#article\",\"isPartOf\":{\"@id\":\"https:\\\/\\\/inclusivenews.com.br\\\/?p=34728\"},\"author\":{\"name\":\"inclusivenews2024\",\"@id\":\"https:\\\/\\\/inclusivenews.com.br\\\/#\\\/schema\\\/person\\\/ae4ec7087559b8692fb33b6fffd2273b\"},\"headline\":\"9 milh\u00f5es de m\u00e3es invis\u00edveis: o custo social e econ\u00f4mico de ignorar a maternidade at\u00edpica\",\"datePublished\":\"2025-05-10T20:05:56+00:00\",\"dateModified\":\"2025-05-10T20:06:13+00:00\",\"mainEntityOfPage\":{\"@id\":\"https:\\\/\\\/inclusivenews.com.br\\\/?p=34728\"},\"wordCount\":332,\"commentCount\":0,\"publisher\":{\"@id\":\"https:\\\/\\\/inclusivenews.com.br\\\/#organization\"},\"image\":{\"@id\":\"https:\\\/\\\/inclusivenews.com.br\\\/?p=34728#primaryimage\"},\"thumbnailUrl\":\"https:\\\/\\\/inclusivenews.com.br\\\/wp-content\\\/uploads\\\/2025\\\/05\\\/1683747063729.jpeg\",\"keywords\":[\"defici\u00eancia\",\"diversidade\",\"GPTW\",\"M\u00e3es At\u00edpicas\",\"Maternidade\",\"mulheres\"],\"articleSection\":[\"Blog\",\"INCLUS\u00c3O SOCIAL\"],\"inLanguage\":\"pt-PT\",\"potentialAction\":[{\"@type\":\"CommentAction\",\"name\":\"Comment\",\"target\":[\"https:\\\/\\\/inclusivenews.com.br\\\/?p=34728#respond\"]}]},{\"@type\":\"WebPage\",\"@id\":\"https:\\\/\\\/inclusivenews.com.br\\\/?p=34728\",\"url\":\"https:\\\/\\\/inclusivenews.com.br\\\/?p=34728\",\"name\":\"9 milh\u00f5es de m\u00e3es invis\u00edveis: o custo social e econ\u00f4mico de ignorar a maternidade at\u00edpica -\",\"isPartOf\":{\"@id\":\"https:\\\/\\\/inclusivenews.com.br\\\/#website\"},\"primaryImageOfPage\":{\"@id\":\"https:\\\/\\\/inclusivenews.com.br\\\/?p=34728#primaryimage\"},\"image\":{\"@id\":\"https:\\\/\\\/inclusivenews.com.br\\\/?p=34728#primaryimage\"},\"thumbnailUrl\":\"https:\\\/\\\/inclusivenews.com.br\\\/wp-content\\\/uploads\\\/2025\\\/05\\\/1683747063729.jpeg\",\"datePublished\":\"2025-05-10T20:05:56+00:00\",\"dateModified\":\"2025-05-10T20:06:13+00:00\",\"breadcrumb\":{\"@id\":\"https:\\\/\\\/inclusivenews.com.br\\\/?p=34728#breadcrumb\"},\"inLanguage\":\"pt-PT\",\"potentialAction\":[{\"@type\":\"ReadAction\",\"target\":[\"https:\\\/\\\/inclusivenews.com.br\\\/?p=34728\"]}]},{\"@type\":\"ImageObject\",\"inLanguage\":\"pt-PT\",\"@id\":\"https:\\\/\\\/inclusivenews.com.br\\\/?p=34728#primaryimage\",\"url\":\"https:\\\/\\\/inclusivenews.com.br\\\/wp-content\\\/uploads\\\/2025\\\/05\\\/1683747063729.jpeg\",\"contentUrl\":\"https:\\\/\\\/inclusivenews.com.br\\\/wp-content\\\/uploads\\\/2025\\\/05\\\/1683747063729.jpeg\",\"width\":612,\"height\":408},{\"@type\":\"BreadcrumbList\",\"@id\":\"https:\\\/\\\/inclusivenews.com.br\\\/?p=34728#breadcrumb\",\"itemListElement\":[{\"@type\":\"ListItem\",\"position\":1,\"name\":\"In\u00edcio\",\"item\":\"https:\\\/\\\/inclusivenews.com.br\\\/\"},{\"@type\":\"ListItem\",\"position\":2,\"name\":\"9 milh\u00f5es de m\u00e3es invis\u00edveis: o custo social e econ\u00f4mico de ignorar a maternidade at\u00edpica\"}]},{\"@type\":\"WebSite\",\"@id\":\"https:\\\/\\\/inclusivenews.com.br\\\/#website\",\"url\":\"https:\\\/\\\/inclusivenews.com.br\\\/\",\"name\":\"Inclusive News\",\"description\":\"Inclusive News\",\"publisher\":{\"@id\":\"https:\\\/\\\/inclusivenews.com.br\\\/#organization\"},\"potentialAction\":[{\"@type\":\"SearchAction\",\"target\":{\"@type\":\"EntryPoint\",\"urlTemplate\":\"https:\\\/\\\/inclusivenews.com.br\\\/?s={search_term_string}\"},\"query-input\":{\"@type\":\"PropertyValueSpecification\",\"valueRequired\":true,\"valueName\":\"search_term_string\"}}],\"inLanguage\":\"pt-PT\"},{\"@type\":\"Organization\",\"@id\":\"https:\\\/\\\/inclusivenews.com.br\\\/#organization\",\"name\":\"Inclusive - inclus\u00e3o e cidadania\",\"url\":\"https:\\\/\\\/inclusivenews.com.br\\\/\",\"logo\":{\"@type\":\"ImageObject\",\"inLanguage\":\"pt-PT\",\"@id\":\"https:\\\/\\\/inclusivenews.com.br\\\/#\\\/schema\\\/logo\\\/image\\\/\",\"url\":\"https:\\\/\\\/inclusivenews.com.br\\\/wp-content\\\/uploads\\\/2024\\\/03\\\/@grandesite.png\",\"contentUrl\":\"https:\\\/\\\/inclusivenews.com.br\\\/wp-content\\\/uploads\\\/2024\\\/03\\\/@grandesite.png\",\"width\":1080,\"height\":1080,\"caption\":\"Inclusive - inclus\u00e3o e cidadania\"},\"image\":{\"@id\":\"https:\\\/\\\/inclusivenews.com.br\\\/#\\\/schema\\\/logo\\\/image\\\/\"},\"sameAs\":[\"https:\\\/\\\/www.facebook.com\\\/agenciainclusive\\\/\",\"https:\\\/\\\/www.instagram.com\\\/newsinclusive\\\/\"]},{\"@type\":\"Person\",\"@id\":\"https:\\\/\\\/inclusivenews.com.br\\\/#\\\/schema\\\/person\\\/ae4ec7087559b8692fb33b6fffd2273b\",\"name\":\"inclusivenews2024\",\"image\":{\"@type\":\"ImageObject\",\"inLanguage\":\"pt-PT\",\"@id\":\"https:\\\/\\\/secure.gravatar.com\\\/avatar\\\/c5a7ef84c66fa914f55bc4f7ce26cfa275a3b9a1c5568b907bd184fb4dde7b40?s=96&d=mm&r=g\",\"url\":\"https:\\\/\\\/secure.gravatar.com\\\/avatar\\\/c5a7ef84c66fa914f55bc4f7ce26cfa275a3b9a1c5568b907bd184fb4dde7b40?s=96&d=mm&r=g\",\"contentUrl\":\"https:\\\/\\\/secure.gravatar.com\\\/avatar\\\/c5a7ef84c66fa914f55bc4f7ce26cfa275a3b9a1c5568b907bd184fb4dde7b40?s=96&d=mm&r=g\",\"caption\":\"inclusivenews2024\"},\"sameAs\":[\"https:\\\/\\\/inclusivenews.com.br\"],\"url\":\"https:\\\/\\\/inclusivenews.com.br\\\/?author=1\"}]}<\/script>\n<!-- \/ Yoast SEO plugin. -->","yoast_head_json":{"title":"9 milh\u00f5es de m\u00e3es invis\u00edveis: o custo social e econ\u00f4mico de ignorar a maternidade at\u00edpica -","robots":{"index":"index","follow":"follow","max-snippet":"max-snippet:-1","max-image-preview":"max-image-preview:large","max-video-preview":"max-video-preview:-1"},"canonical":"https:\/\/inclusivenews.com.br\/?p=34728","og_locale":"pt_PT","og_type":"article","og_title":"9 milh\u00f5es de m\u00e3es invis\u00edveis: o custo social e econ\u00f4mico de ignorar a maternidade at\u00edpica -","og_description":"Por Patricia Salvatori Enquanto o Brasil se prepara para celebrar o Dia das M\u00e3es, minhas pesquisas revelam um dado que deveria mudar a forma como as empresas enxergam esta data: existem aproximadamente 9 milh\u00f5es de m\u00e3es at\u00edpicas no pa\u00eds &#8211; mulheres que s\u00e3o m\u00e3es de pessoas com defici\u00eancia ou que s\u00e3o m\u00e3es com defici\u00eancia. Um [&hellip;]","og_url":"https:\/\/inclusivenews.com.br\/?p=34728","article_publisher":"https:\/\/www.facebook.com\/agenciainclusive\/","article_published_time":"2025-05-10T20:05:56+00:00","article_modified_time":"2025-05-10T20:06:13+00:00","og_image":[{"width":612,"height":408,"url":"https:\/\/inclusivenews.com.br\/wp-content\/uploads\/2025\/05\/1683747063729.jpeg","type":"image\/jpeg"}],"author":"inclusivenews2024","twitter_card":"summary_large_image","twitter_misc":{"Escrito por":"inclusivenews2024","Tempo estimado de leitura":"2 minutos"},"schema":{"@context":"https:\/\/schema.org","@graph":[{"@type":"Article","@id":"https:\/\/inclusivenews.com.br\/?p=34728#article","isPartOf":{"@id":"https:\/\/inclusivenews.com.br\/?p=34728"},"author":{"name":"inclusivenews2024","@id":"https:\/\/inclusivenews.com.br\/#\/schema\/person\/ae4ec7087559b8692fb33b6fffd2273b"},"headline":"9 milh\u00f5es de m\u00e3es invis\u00edveis: o custo social e econ\u00f4mico de ignorar a maternidade at\u00edpica","datePublished":"2025-05-10T20:05:56+00:00","dateModified":"2025-05-10T20:06:13+00:00","mainEntityOfPage":{"@id":"https:\/\/inclusivenews.com.br\/?p=34728"},"wordCount":332,"commentCount":0,"publisher":{"@id":"https:\/\/inclusivenews.com.br\/#organization"},"image":{"@id":"https:\/\/inclusivenews.com.br\/?p=34728#primaryimage"},"thumbnailUrl":"https:\/\/inclusivenews.com.br\/wp-content\/uploads\/2025\/05\/1683747063729.jpeg","keywords":["defici\u00eancia","diversidade","GPTW","M\u00e3es At\u00edpicas","Maternidade","mulheres"],"articleSection":["Blog","INCLUS\u00c3O SOCIAL"],"inLanguage":"pt-PT","potentialAction":[{"@type":"CommentAction","name":"Comment","target":["https:\/\/inclusivenews.com.br\/?p=34728#respond"]}]},{"@type":"WebPage","@id":"https:\/\/inclusivenews.com.br\/?p=34728","url":"https:\/\/inclusivenews.com.br\/?p=34728","name":"9 milh\u00f5es de m\u00e3es invis\u00edveis: o custo social e econ\u00f4mico de ignorar a maternidade at\u00edpica -","isPartOf":{"@id":"https:\/\/inclusivenews.com.br\/#website"},"primaryImageOfPage":{"@id":"https:\/\/inclusivenews.com.br\/?p=34728#primaryimage"},"image":{"@id":"https:\/\/inclusivenews.com.br\/?p=34728#primaryimage"},"thumbnailUrl":"https:\/\/inclusivenews.com.br\/wp-content\/uploads\/2025\/05\/1683747063729.jpeg","datePublished":"2025-05-10T20:05:56+00:00","dateModified":"2025-05-10T20:06:13+00:00","breadcrumb":{"@id":"https:\/\/inclusivenews.com.br\/?p=34728#breadcrumb"},"inLanguage":"pt-PT","potentialAction":[{"@type":"ReadAction","target":["https:\/\/inclusivenews.com.br\/?p=34728"]}]},{"@type":"ImageObject","inLanguage":"pt-PT","@id":"https:\/\/inclusivenews.com.br\/?p=34728#primaryimage","url":"https:\/\/inclusivenews.com.br\/wp-content\/uploads\/2025\/05\/1683747063729.jpeg","contentUrl":"https:\/\/inclusivenews.com.br\/wp-content\/uploads\/2025\/05\/1683747063729.jpeg","width":612,"height":408},{"@type":"BreadcrumbList","@id":"https:\/\/inclusivenews.com.br\/?p=34728#breadcrumb","itemListElement":[{"@type":"ListItem","position":1,"name":"In\u00edcio","item":"https:\/\/inclusivenews.com.br\/"},{"@type":"ListItem","position":2,"name":"9 milh\u00f5es de m\u00e3es invis\u00edveis: o custo social e econ\u00f4mico de ignorar a maternidade at\u00edpica"}]},{"@type":"WebSite","@id":"https:\/\/inclusivenews.com.br\/#website","url":"https:\/\/inclusivenews.com.br\/","name":"Inclusive News","description":"Inclusive News","publisher":{"@id":"https:\/\/inclusivenews.com.br\/#organization"},"potentialAction":[{"@type":"SearchAction","target":{"@type":"EntryPoint","urlTemplate":"https:\/\/inclusivenews.com.br\/?s={search_term_string}"},"query-input":{"@type":"PropertyValueSpecification","valueRequired":true,"valueName":"search_term_string"}}],"inLanguage":"pt-PT"},{"@type":"Organization","@id":"https:\/\/inclusivenews.com.br\/#organization","name":"Inclusive - inclus\u00e3o e cidadania","url":"https:\/\/inclusivenews.com.br\/","logo":{"@type":"ImageObject","inLanguage":"pt-PT","@id":"https:\/\/inclusivenews.com.br\/#\/schema\/logo\/image\/","url":"https:\/\/inclusivenews.com.br\/wp-content\/uploads\/2024\/03\/@grandesite.png","contentUrl":"https:\/\/inclusivenews.com.br\/wp-content\/uploads\/2024\/03\/@grandesite.png","width":1080,"height":1080,"caption":"Inclusive - inclus\u00e3o e cidadania"},"image":{"@id":"https:\/\/inclusivenews.com.br\/#\/schema\/logo\/image\/"},"sameAs":["https:\/\/www.facebook.com\/agenciainclusive\/","https:\/\/www.instagram.com\/newsinclusive\/"]},{"@type":"Person","@id":"https:\/\/inclusivenews.com.br\/#\/schema\/person\/ae4ec7087559b8692fb33b6fffd2273b","name":"inclusivenews2024","image":{"@type":"ImageObject","inLanguage":"pt-PT","@id":"https:\/\/secure.gravatar.com\/avatar\/c5a7ef84c66fa914f55bc4f7ce26cfa275a3b9a1c5568b907bd184fb4dde7b40?s=96&d=mm&r=g","url":"https:\/\/secure.gravatar.com\/avatar\/c5a7ef84c66fa914f55bc4f7ce26cfa275a3b9a1c5568b907bd184fb4dde7b40?s=96&d=mm&r=g","contentUrl":"https:\/\/secure.gravatar.com\/avatar\/c5a7ef84c66fa914f55bc4f7ce26cfa275a3b9a1c5568b907bd184fb4dde7b40?s=96&d=mm&r=g","caption":"inclusivenews2024"},"sameAs":["https:\/\/inclusivenews.com.br"],"url":"https:\/\/inclusivenews.com.br\/?author=1"}]}},"_links":{"self":[{"href":"https:\/\/inclusivenews.com.br\/index.php?rest_route=\/wp\/v2\/posts\/34728","targetHints":{"allow":["GET"]}}],"collection":[{"href":"https:\/\/inclusivenews.com.br\/index.php?rest_route=\/wp\/v2\/posts"}],"about":[{"href":"https:\/\/inclusivenews.com.br\/index.php?rest_route=\/wp\/v2\/types\/post"}],"author":[{"embeddable":true,"href":"https:\/\/inclusivenews.com.br\/index.php?rest_route=\/wp\/v2\/users\/1"}],"replies":[{"embeddable":true,"href":"https:\/\/inclusivenews.com.br\/index.php?rest_route=%2Fwp%2Fv2%2Fcomments&post=34728"}],"version-history":[{"count":1,"href":"https:\/\/inclusivenews.com.br\/index.php?rest_route=\/wp\/v2\/posts\/34728\/revisions"}],"predecessor-version":[{"id":34731,"href":"https:\/\/inclusivenews.com.br\/index.php?rest_route=\/wp\/v2\/posts\/34728\/revisions\/34731"}],"wp:featuredmedia":[{"embeddable":true,"href":"https:\/\/inclusivenews.com.br\/index.php?rest_route=\/wp\/v2\/media\/34730"}],"wp:attachment":[{"href":"https:\/\/inclusivenews.com.br\/index.php?rest_route=%2Fwp%2Fv2%2Fmedia&parent=34728"}],"wp:term":[{"taxonomy":"category","embeddable":true,"href":"https:\/\/inclusivenews.com.br\/index.php?rest_route=%2Fwp%2Fv2%2Fcategories&post=34728"},{"taxonomy":"post_tag","embeddable":true,"href":"https:\/\/inclusivenews.com.br\/index.php?rest_route=%2Fwp%2Fv2%2Ftags&post=34728"}],"curies":[{"name":"wp","href":"https:\/\/api.w.org\/{rel}","templated":true}]}}