{"id":34739,"date":"2025-05-12T10:00:00","date_gmt":"2025-05-12T10:00:00","guid":{"rendered":"https:\/\/inclusivenews.com.br\/?p=34739"},"modified":"2025-05-14T16:03:52","modified_gmt":"2025-05-14T16:03:52","slug":"operadoras-de-telecomunicacoes-apresentam-politicas-para-pessoas-com-deficiencia","status":"publish","type":"post","link":"https:\/\/inclusivenews.com.br\/?p=34739","title":{"rendered":"Operadoras de telecomunica\u00e7\u00f5es apresentam pol\u00edticas para pessoas com defici\u00eancia"},"content":{"rendered":"\n<p>Na \u00faltima ter\u00e7a-feira, 6, as operadoras de telecomunica\u00e7\u00f5es apresentaram aos deputados da Comiss\u00e3o de Defesa dos Direitos das Pessoas com Defici\u00eancia da C\u00e2mara, suas pol\u00edticas voltadas para a inclus\u00e3o de pessoas com defici\u00eancia (PCD).<\/p>\n\n\n\n<p>Tiago Brocardo Machado, diretor de Rela\u00e7\u00f5es Institucionais da Telef\u00f4nica Brasil (Vivo), disse que a empresa possui um programa chamado Vivo Diversidade, que tem como fundamento tr\u00eas pilares: sociedade, clientes e colaboradores.<\/p>\n\n\n\n<p>Atualmente, a operadora possui 497 PCDs contratados em 2024, o que representa 9,7% de todas as contrata\u00e7\u00f5es da empresa em 2024. Em 2019, este n\u00famero era de 1%. Isso \u00e9 quase o dobro do que a legisla\u00e7\u00e3o exige para uma empresa do porte da Vivo, que \u00e9 de 5%.<\/p>\n\n\n\n<p>At\u00e9 2035, a empresa pretende ter como meta de diversidade 45% de mulheres em cargo diretivo; 40% de mulheres em cargos de lideran\u00e7a; 40% de negros em cargo de lideran\u00e7a; e 45% de negros contratados na empresa.<\/p>\n\n\n\n<p>A empresa tamb\u00e9m apresentou as medidas para seus clientes PCD, como as solu\u00e7\u00f5es focadas em clientes parra defici\u00eancia visual e defici\u00eancia auditiva.<\/p>\n\n\n\n<p>Willian Coelho, Especialista em Diversidade Equidade e Inclus\u00e3o da Claro, destacou que a empresa tem diversos funcion\u00e1rios PCDs que atuam mais de 10 anos na empresa. A Claro, disse Coelho, possui diversas campanhas focadas em temas de diversidade, como o Lugar de Fala, que tem como foco debater temas relacionados sobre pol\u00edticas de inclus\u00e3o.<\/p>\n\n\n\n<p>Ele chamou a aten\u00e7\u00e3o para o programa Mais Inclus\u00e3o, que foca em diversas iniciativas de inclus\u00e3o digital e acessibilidade que a operadora promove. Essas iniciativas visam garantir que as pessoas com defici\u00eancia, e outros grupos marginalizados, possam ter acesso \u00e0 tecnologia e aos servi\u00e7os da Claro de forma equitativa e inclusiva.<\/p>\n\n\n\n<p>Coelho tamb\u00e9m disse que no Brasil, existem 9 milh\u00f5es de pessoas com defici\u00eancia aptas e com capacidade t\u00e9cnica de trabalho, e apenas pouco mais de 500 mil empregadas. &#8220;\u00c9 preciso quebrar a narrativa de que n\u00e3o existe PCDs capacitados&#8221;, disse.<\/p>\n\n\n\n<p>J\u00e1 o representante da operadora TIM, Cleber Affr\u00e2nio, destacou que a empresa tem 9.104 colaboradores, sendo que desses, 475 s\u00e3o pessoas com defici\u00eancia. Isso d\u00e1 4,8% de pessoas PCD. &#8220;Faltam apenas 21 colaboradores para chegarmos aos 5% que lei exige. Temos um TAC assinado sobre esse tema. E pretendemos chegar a este n\u00famero at\u00e9 outubro de 2025. Estamos focados em alcan\u00e7ar este numero logo&#8221;, disse Affr\u00e2nio.<\/p>\n\n\n\n<p>Cleber Affr\u00e2nio disse ainda que a empresa tem hoje 11% do quadro funcional com pessoas 50+.<\/p>\n\n\n\n<p>No caso da Oi, Helton Rocha Posseti, representante institucional da empresa, disse que em 2023, a operadora implementou o programa Desevolve PCD, voltado para estudantes universit\u00e1rios com PCD.<\/p>\n\n\n\n<p>&#8220;Como resultado do trabalho, conseguimos atingir a cota legal de 5%. Temos uma certid\u00e3o do MTE que mostra que a Oi atingiu acima da cota de 5%. Tamb\u00e9m temos um programa que estimula o fortalecimento de mulheres em cargos estrat\u00e9gicos. E tamb\u00e9m de mentoria de mulheres, que prev\u00ea capacita\u00e7\u00e3o&#8221;, explicou.<\/p>\n\n\n\n<p>Daniela Martins, diretora de Rela\u00e7\u00f5es Institucionais, Governamentais e Comunica\u00e7\u00e3o da Conexis Brasil Digital, apontou que o setor de telecomunica\u00e7\u00f5es como um todo est\u00e1 dentro do que exige a legisla\u00e7\u00e3o sobre cotas de contrata\u00e7\u00f5es de PCDs.<\/p>\n\n\n\n<p>Em 2022, eram 3.322 PCDs contratados no setor. Esse n\u00famero subiu 46,2% em 2024, atingindo o n\u00famero de 4.857 funcion\u00e1rios.<\/p>\n\n\n\n<p>Clique e confira a publica\u00e7\u00e3o <a href=\"https:\/\/teletime.com.br\/07\/05\/2025\/teles-apresentam-na-camara-politicas-para-pessoas-com-deficiencia\">original<\/a>.<\/p>\n","protected":false},"excerpt":{"rendered":"<p>Na \u00faltima ter\u00e7a-feira, 6, as operadoras de telecomunica\u00e7\u00f5es apresentaram aos deputados da Comiss\u00e3o de Defesa dos Direitos das Pessoas com Defici\u00eancia da C\u00e2mara, suas pol\u00edticas voltadas para a inclus\u00e3o de pessoas com defici\u00eancia (PCD). Tiago Brocardo Machado, diretor de Rela\u00e7\u00f5es Institucionais da Telef\u00f4nica Brasil (Vivo), disse que a empresa possui um programa chamado Vivo Diversidade, [&hellip;]<\/p>\n","protected":false},"author":1,"featured_media":34740,"comment_status":"open","ping_status":"open","sticky":false,"template":"","format":"standard","meta":{"site-container-style":"default","site-container-layout":"default","site-sidebar-layout":"default","disable-article-header":"default","disable-site-header":"default","disable-site-footer":"default","disable-content-area-spacing":"default","footnotes":""},"categories":[44,1],"tags":[],"class_list":["post-34739","post","type-post","status-publish","format-standard","has-post-thumbnail","hentry","category-acessibilidade","category-blog"],"yoast_head":"<!-- This site is optimized with the Yoast SEO plugin v27.4 - https:\/\/yoast.com\/product\/yoast-seo-wordpress\/ -->\n<title>Operadoras de telecomunica\u00e7\u00f5es apresentam pol\u00edticas para pessoas com defici\u00eancia -<\/title>\n<meta name=\"robots\" content=\"index, follow, max-snippet:-1, max-image-preview:large, max-video-preview:-1\" \/>\n<link rel=\"canonical\" href=\"https:\/\/inclusivenews.com.br\/?p=34739\" \/>\n<meta property=\"og:locale\" content=\"pt_PT\" \/>\n<meta property=\"og:type\" content=\"article\" \/>\n<meta property=\"og:title\" content=\"Operadoras de telecomunica\u00e7\u00f5es apresentam pol\u00edticas para pessoas com defici\u00eancia -\" \/>\n<meta property=\"og:description\" content=\"Na \u00faltima ter\u00e7a-feira, 6, as operadoras de telecomunica\u00e7\u00f5es apresentaram aos deputados da Comiss\u00e3o de Defesa dos Direitos das Pessoas com Defici\u00eancia da C\u00e2mara, suas pol\u00edticas voltadas para a inclus\u00e3o de pessoas com defici\u00eancia (PCD). Tiago Brocardo Machado, diretor de Rela\u00e7\u00f5es Institucionais da Telef\u00f4nica Brasil (Vivo), disse que a empresa possui um programa chamado Vivo Diversidade, [&hellip;]\" \/>\n<meta property=\"og:url\" content=\"https:\/\/inclusivenews.com.br\/?p=34739\" \/>\n<meta property=\"article:publisher\" content=\"https:\/\/www.facebook.com\/agenciainclusive\/\" \/>\n<meta property=\"article:published_time\" content=\"2025-05-12T10:00:00+00:00\" \/>\n<meta property=\"article:modified_time\" content=\"2025-05-14T16:03:52+00:00\" \/>\n<meta property=\"og:image\" content=\"https:\/\/inclusivenews.com.br\/wp-content\/uploads\/2025\/05\/image-1024x768.png\" \/>\n\t<meta property=\"og:image:width\" content=\"1024\" \/>\n\t<meta property=\"og:image:height\" content=\"768\" \/>\n\t<meta property=\"og:image:type\" content=\"image\/png\" \/>\n<meta name=\"author\" content=\"inclusivenews2024\" \/>\n<meta name=\"twitter:card\" content=\"summary_large_image\" \/>\n<meta name=\"twitter:label1\" content=\"Escrito por\" \/>\n\t<meta name=\"twitter:data1\" content=\"inclusivenews2024\" \/>\n\t<meta name=\"twitter:label2\" content=\"Tempo estimado de leitura\" \/>\n\t<meta name=\"twitter:data2\" content=\"4 minutos\" \/>\n<script type=\"application\/ld+json\" class=\"yoast-schema-graph\">{\"@context\":\"https:\\\/\\\/schema.org\",\"@graph\":[{\"@type\":\"Article\",\"@id\":\"https:\\\/\\\/inclusivenews.com.br\\\/?p=34739#article\",\"isPartOf\":{\"@id\":\"https:\\\/\\\/inclusivenews.com.br\\\/?p=34739\"},\"author\":{\"name\":\"inclusivenews2024\",\"@id\":\"https:\\\/\\\/inclusivenews.com.br\\\/#\\\/schema\\\/person\\\/ae4ec7087559b8692fb33b6fffd2273b\"},\"headline\":\"Operadoras de telecomunica\u00e7\u00f5es apresentam pol\u00edticas para pessoas com defici\u00eancia\",\"datePublished\":\"2025-05-12T10:00:00+00:00\",\"dateModified\":\"2025-05-14T16:03:52+00:00\",\"mainEntityOfPage\":{\"@id\":\"https:\\\/\\\/inclusivenews.com.br\\\/?p=34739\"},\"wordCount\":571,\"commentCount\":0,\"publisher\":{\"@id\":\"https:\\\/\\\/inclusivenews.com.br\\\/#organization\"},\"image\":{\"@id\":\"https:\\\/\\\/inclusivenews.com.br\\\/?p=34739#primaryimage\"},\"thumbnailUrl\":\"https:\\\/\\\/inclusivenews.com.br\\\/wp-content\\\/uploads\\\/2025\\\/05\\\/image.png\",\"articleSection\":[\"ACESSIBILIDADE\",\"Blog\"],\"inLanguage\":\"pt-PT\",\"potentialAction\":[{\"@type\":\"CommentAction\",\"name\":\"Comment\",\"target\":[\"https:\\\/\\\/inclusivenews.com.br\\\/?p=34739#respond\"]}]},{\"@type\":\"WebPage\",\"@id\":\"https:\\\/\\\/inclusivenews.com.br\\\/?p=34739\",\"url\":\"https:\\\/\\\/inclusivenews.com.br\\\/?p=34739\",\"name\":\"Operadoras de telecomunica\u00e7\u00f5es apresentam pol\u00edticas para pessoas com defici\u00eancia -\",\"isPartOf\":{\"@id\":\"https:\\\/\\\/inclusivenews.com.br\\\/#website\"},\"primaryImageOfPage\":{\"@id\":\"https:\\\/\\\/inclusivenews.com.br\\\/?p=34739#primaryimage\"},\"image\":{\"@id\":\"https:\\\/\\\/inclusivenews.com.br\\\/?p=34739#primaryimage\"},\"thumbnailUrl\":\"https:\\\/\\\/inclusivenews.com.br\\\/wp-content\\\/uploads\\\/2025\\\/05\\\/image.png\",\"datePublished\":\"2025-05-12T10:00:00+00:00\",\"dateModified\":\"2025-05-14T16:03:52+00:00\",\"breadcrumb\":{\"@id\":\"https:\\\/\\\/inclusivenews.com.br\\\/?p=34739#breadcrumb\"},\"inLanguage\":\"pt-PT\",\"potentialAction\":[{\"@type\":\"ReadAction\",\"target\":[\"https:\\\/\\\/inclusivenews.com.br\\\/?p=34739\"]}]},{\"@type\":\"ImageObject\",\"inLanguage\":\"pt-PT\",\"@id\":\"https:\\\/\\\/inclusivenews.com.br\\\/?p=34739#primaryimage\",\"url\":\"https:\\\/\\\/inclusivenews.com.br\\\/wp-content\\\/uploads\\\/2025\\\/05\\\/image.png\",\"contentUrl\":\"https:\\\/\\\/inclusivenews.com.br\\\/wp-content\\\/uploads\\\/2025\\\/05\\\/image.png\",\"width\":1392,\"height\":1044},{\"@type\":\"BreadcrumbList\",\"@id\":\"https:\\\/\\\/inclusivenews.com.br\\\/?p=34739#breadcrumb\",\"itemListElement\":[{\"@type\":\"ListItem\",\"position\":1,\"name\":\"In\u00edcio\",\"item\":\"https:\\\/\\\/inclusivenews.com.br\\\/\"},{\"@type\":\"ListItem\",\"position\":2,\"name\":\"Operadoras de telecomunica\u00e7\u00f5es apresentam pol\u00edticas para pessoas com defici\u00eancia\"}]},{\"@type\":\"WebSite\",\"@id\":\"https:\\\/\\\/inclusivenews.com.br\\\/#website\",\"url\":\"https:\\\/\\\/inclusivenews.com.br\\\/\",\"name\":\"Inclusive News\",\"description\":\"Inclusive News\",\"publisher\":{\"@id\":\"https:\\\/\\\/inclusivenews.com.br\\\/#organization\"},\"potentialAction\":[{\"@type\":\"SearchAction\",\"target\":{\"@type\":\"EntryPoint\",\"urlTemplate\":\"https:\\\/\\\/inclusivenews.com.br\\\/?s={search_term_string}\"},\"query-input\":{\"@type\":\"PropertyValueSpecification\",\"valueRequired\":true,\"valueName\":\"search_term_string\"}}],\"inLanguage\":\"pt-PT\"},{\"@type\":\"Organization\",\"@id\":\"https:\\\/\\\/inclusivenews.com.br\\\/#organization\",\"name\":\"Inclusive - inclus\u00e3o e cidadania\",\"url\":\"https:\\\/\\\/inclusivenews.com.br\\\/\",\"logo\":{\"@type\":\"ImageObject\",\"inLanguage\":\"pt-PT\",\"@id\":\"https:\\\/\\\/inclusivenews.com.br\\\/#\\\/schema\\\/logo\\\/image\\\/\",\"url\":\"https:\\\/\\\/inclusivenews.com.br\\\/wp-content\\\/uploads\\\/2024\\\/03\\\/@grandesite.png\",\"contentUrl\":\"https:\\\/\\\/inclusivenews.com.br\\\/wp-content\\\/uploads\\\/2024\\\/03\\\/@grandesite.png\",\"width\":1080,\"height\":1080,\"caption\":\"Inclusive - inclus\u00e3o e cidadania\"},\"image\":{\"@id\":\"https:\\\/\\\/inclusivenews.com.br\\\/#\\\/schema\\\/logo\\\/image\\\/\"},\"sameAs\":[\"https:\\\/\\\/www.facebook.com\\\/agenciainclusive\\\/\",\"https:\\\/\\\/www.instagram.com\\\/newsinclusive\\\/\"]},{\"@type\":\"Person\",\"@id\":\"https:\\\/\\\/inclusivenews.com.br\\\/#\\\/schema\\\/person\\\/ae4ec7087559b8692fb33b6fffd2273b\",\"name\":\"inclusivenews2024\",\"image\":{\"@type\":\"ImageObject\",\"inLanguage\":\"pt-PT\",\"@id\":\"https:\\\/\\\/secure.gravatar.com\\\/avatar\\\/c5a7ef84c66fa914f55bc4f7ce26cfa275a3b9a1c5568b907bd184fb4dde7b40?s=96&d=mm&r=g\",\"url\":\"https:\\\/\\\/secure.gravatar.com\\\/avatar\\\/c5a7ef84c66fa914f55bc4f7ce26cfa275a3b9a1c5568b907bd184fb4dde7b40?s=96&d=mm&r=g\",\"contentUrl\":\"https:\\\/\\\/secure.gravatar.com\\\/avatar\\\/c5a7ef84c66fa914f55bc4f7ce26cfa275a3b9a1c5568b907bd184fb4dde7b40?s=96&d=mm&r=g\",\"caption\":\"inclusivenews2024\"},\"sameAs\":[\"https:\\\/\\\/inclusivenews.com.br\"],\"url\":\"https:\\\/\\\/inclusivenews.com.br\\\/?author=1\"}]}<\/script>\n<!-- \/ Yoast SEO plugin. -->","yoast_head_json":{"title":"Operadoras de telecomunica\u00e7\u00f5es apresentam pol\u00edticas para pessoas com defici\u00eancia -","robots":{"index":"index","follow":"follow","max-snippet":"max-snippet:-1","max-image-preview":"max-image-preview:large","max-video-preview":"max-video-preview:-1"},"canonical":"https:\/\/inclusivenews.com.br\/?p=34739","og_locale":"pt_PT","og_type":"article","og_title":"Operadoras de telecomunica\u00e7\u00f5es apresentam pol\u00edticas para pessoas com defici\u00eancia -","og_description":"Na \u00faltima ter\u00e7a-feira, 6, as operadoras de telecomunica\u00e7\u00f5es apresentaram aos deputados da Comiss\u00e3o de Defesa dos Direitos das Pessoas com Defici\u00eancia da C\u00e2mara, suas pol\u00edticas voltadas para a inclus\u00e3o de pessoas com defici\u00eancia (PCD). Tiago Brocardo Machado, diretor de Rela\u00e7\u00f5es Institucionais da Telef\u00f4nica Brasil (Vivo), disse que a empresa possui um programa chamado Vivo Diversidade, [&hellip;]","og_url":"https:\/\/inclusivenews.com.br\/?p=34739","article_publisher":"https:\/\/www.facebook.com\/agenciainclusive\/","article_published_time":"2025-05-12T10:00:00+00:00","article_modified_time":"2025-05-14T16:03:52+00:00","og_image":[{"width":1024,"height":768,"url":"https:\/\/inclusivenews.com.br\/wp-content\/uploads\/2025\/05\/image-1024x768.png","type":"image\/png"}],"author":"inclusivenews2024","twitter_card":"summary_large_image","twitter_misc":{"Escrito por":"inclusivenews2024","Tempo estimado de leitura":"4 minutos"},"schema":{"@context":"https:\/\/schema.org","@graph":[{"@type":"Article","@id":"https:\/\/inclusivenews.com.br\/?p=34739#article","isPartOf":{"@id":"https:\/\/inclusivenews.com.br\/?p=34739"},"author":{"name":"inclusivenews2024","@id":"https:\/\/inclusivenews.com.br\/#\/schema\/person\/ae4ec7087559b8692fb33b6fffd2273b"},"headline":"Operadoras de telecomunica\u00e7\u00f5es apresentam pol\u00edticas para pessoas com defici\u00eancia","datePublished":"2025-05-12T10:00:00+00:00","dateModified":"2025-05-14T16:03:52+00:00","mainEntityOfPage":{"@id":"https:\/\/inclusivenews.com.br\/?p=34739"},"wordCount":571,"commentCount":0,"publisher":{"@id":"https:\/\/inclusivenews.com.br\/#organization"},"image":{"@id":"https:\/\/inclusivenews.com.br\/?p=34739#primaryimage"},"thumbnailUrl":"https:\/\/inclusivenews.com.br\/wp-content\/uploads\/2025\/05\/image.png","articleSection":["ACESSIBILIDADE","Blog"],"inLanguage":"pt-PT","potentialAction":[{"@type":"CommentAction","name":"Comment","target":["https:\/\/inclusivenews.com.br\/?p=34739#respond"]}]},{"@type":"WebPage","@id":"https:\/\/inclusivenews.com.br\/?p=34739","url":"https:\/\/inclusivenews.com.br\/?p=34739","name":"Operadoras de telecomunica\u00e7\u00f5es apresentam pol\u00edticas para pessoas com defici\u00eancia -","isPartOf":{"@id":"https:\/\/inclusivenews.com.br\/#website"},"primaryImageOfPage":{"@id":"https:\/\/inclusivenews.com.br\/?p=34739#primaryimage"},"image":{"@id":"https:\/\/inclusivenews.com.br\/?p=34739#primaryimage"},"thumbnailUrl":"https:\/\/inclusivenews.com.br\/wp-content\/uploads\/2025\/05\/image.png","datePublished":"2025-05-12T10:00:00+00:00","dateModified":"2025-05-14T16:03:52+00:00","breadcrumb":{"@id":"https:\/\/inclusivenews.com.br\/?p=34739#breadcrumb"},"inLanguage":"pt-PT","potentialAction":[{"@type":"ReadAction","target":["https:\/\/inclusivenews.com.br\/?p=34739"]}]},{"@type":"ImageObject","inLanguage":"pt-PT","@id":"https:\/\/inclusivenews.com.br\/?p=34739#primaryimage","url":"https:\/\/inclusivenews.com.br\/wp-content\/uploads\/2025\/05\/image.png","contentUrl":"https:\/\/inclusivenews.com.br\/wp-content\/uploads\/2025\/05\/image.png","width":1392,"height":1044},{"@type":"BreadcrumbList","@id":"https:\/\/inclusivenews.com.br\/?p=34739#breadcrumb","itemListElement":[{"@type":"ListItem","position":1,"name":"In\u00edcio","item":"https:\/\/inclusivenews.com.br\/"},{"@type":"ListItem","position":2,"name":"Operadoras de telecomunica\u00e7\u00f5es apresentam pol\u00edticas para pessoas com defici\u00eancia"}]},{"@type":"WebSite","@id":"https:\/\/inclusivenews.com.br\/#website","url":"https:\/\/inclusivenews.com.br\/","name":"Inclusive News","description":"Inclusive News","publisher":{"@id":"https:\/\/inclusivenews.com.br\/#organization"},"potentialAction":[{"@type":"SearchAction","target":{"@type":"EntryPoint","urlTemplate":"https:\/\/inclusivenews.com.br\/?s={search_term_string}"},"query-input":{"@type":"PropertyValueSpecification","valueRequired":true,"valueName":"search_term_string"}}],"inLanguage":"pt-PT"},{"@type":"Organization","@id":"https:\/\/inclusivenews.com.br\/#organization","name":"Inclusive - inclus\u00e3o e cidadania","url":"https:\/\/inclusivenews.com.br\/","logo":{"@type":"ImageObject","inLanguage":"pt-PT","@id":"https:\/\/inclusivenews.com.br\/#\/schema\/logo\/image\/","url":"https:\/\/inclusivenews.com.br\/wp-content\/uploads\/2024\/03\/@grandesite.png","contentUrl":"https:\/\/inclusivenews.com.br\/wp-content\/uploads\/2024\/03\/@grandesite.png","width":1080,"height":1080,"caption":"Inclusive - inclus\u00e3o e cidadania"},"image":{"@id":"https:\/\/inclusivenews.com.br\/#\/schema\/logo\/image\/"},"sameAs":["https:\/\/www.facebook.com\/agenciainclusive\/","https:\/\/www.instagram.com\/newsinclusive\/"]},{"@type":"Person","@id":"https:\/\/inclusivenews.com.br\/#\/schema\/person\/ae4ec7087559b8692fb33b6fffd2273b","name":"inclusivenews2024","image":{"@type":"ImageObject","inLanguage":"pt-PT","@id":"https:\/\/secure.gravatar.com\/avatar\/c5a7ef84c66fa914f55bc4f7ce26cfa275a3b9a1c5568b907bd184fb4dde7b40?s=96&d=mm&r=g","url":"https:\/\/secure.gravatar.com\/avatar\/c5a7ef84c66fa914f55bc4f7ce26cfa275a3b9a1c5568b907bd184fb4dde7b40?s=96&d=mm&r=g","contentUrl":"https:\/\/secure.gravatar.com\/avatar\/c5a7ef84c66fa914f55bc4f7ce26cfa275a3b9a1c5568b907bd184fb4dde7b40?s=96&d=mm&r=g","caption":"inclusivenews2024"},"sameAs":["https:\/\/inclusivenews.com.br"],"url":"https:\/\/inclusivenews.com.br\/?author=1"}]}},"_links":{"self":[{"href":"https:\/\/inclusivenews.com.br\/index.php?rest_route=\/wp\/v2\/posts\/34739","targetHints":{"allow":["GET"]}}],"collection":[{"href":"https:\/\/inclusivenews.com.br\/index.php?rest_route=\/wp\/v2\/posts"}],"about":[{"href":"https:\/\/inclusivenews.com.br\/index.php?rest_route=\/wp\/v2\/types\/post"}],"author":[{"embeddable":true,"href":"https:\/\/inclusivenews.com.br\/index.php?rest_route=\/wp\/v2\/users\/1"}],"replies":[{"embeddable":true,"href":"https:\/\/inclusivenews.com.br\/index.php?rest_route=%2Fwp%2Fv2%2Fcomments&post=34739"}],"version-history":[{"count":1,"href":"https:\/\/inclusivenews.com.br\/index.php?rest_route=\/wp\/v2\/posts\/34739\/revisions"}],"predecessor-version":[{"id":34741,"href":"https:\/\/inclusivenews.com.br\/index.php?rest_route=\/wp\/v2\/posts\/34739\/revisions\/34741"}],"wp:featuredmedia":[{"embeddable":true,"href":"https:\/\/inclusivenews.com.br\/index.php?rest_route=\/wp\/v2\/media\/34740"}],"wp:attachment":[{"href":"https:\/\/inclusivenews.com.br\/index.php?rest_route=%2Fwp%2Fv2%2Fmedia&parent=34739"}],"wp:term":[{"taxonomy":"category","embeddable":true,"href":"https:\/\/inclusivenews.com.br\/index.php?rest_route=%2Fwp%2Fv2%2Fcategories&post=34739"},{"taxonomy":"post_tag","embeddable":true,"href":"https:\/\/inclusivenews.com.br\/index.php?rest_route=%2Fwp%2Fv2%2Ftags&post=34739"}],"curies":[{"name":"wp","href":"https:\/\/api.w.org\/{rel}","templated":true}]}}