{"id":34765,"date":"2025-06-03T13:03:08","date_gmt":"2025-06-03T13:03:08","guid":{"rendered":"https:\/\/inclusivenews.com.br\/?p=34765"},"modified":"2025-06-10T18:22:38","modified_gmt":"2025-06-10T18:22:38","slug":"orfaos-da-zika-podcast-acessando-lucilia","status":"publish","type":"post","link":"https:\/\/inclusivenews.com.br\/?p=34765","title":{"rendered":"\u00d3rf\u00e3os da Zika \u2013 Podcast Acessando Luc\u00edlia"},"content":{"rendered":"\n<p>Uma d\u00e9cada ap\u00f3s a epidemia de Zika, as crian\u00e7as com microcefalia continuam enfrentando desafios significativos em seu desenvolvimento. Desde 2015, mais de 4,5 mil pessoas nasceram com microcefalia no Brasil, principalmente no Nordeste, devido ao surto de Zika v\u00edrus transmitido pelo Aedes aegypti, o mesmo mosquito da dengue. A s\u00edndrome Cong\u00eanita do Zika V\u00edrus \u00e9 o tema do Podcast Acessando Luc\u00edlia desta ter\u00e7a-feira, 03\/06.<\/p>\n\n\n\n<p><br>As nossas convidadas s\u00e3o: Miriam Calheiros, fisioterapeuta, doutora em Ci\u00eancias pelo Programa de P\u00f3s-Gradua\u00e7\u00e3o em Sa\u00fade da Mulher e da Crian\u00e7a, do Instituto Nacional de Sa\u00fade da Mulher, da Crian\u00e7a e do Adolescente Fernandes Figueira (IFF\/ Fiocruz); pesquisadora no IFF\/Fiocruz; profa. colaboradora no Programa de P\u00f3s-Gradua\u00e7\u00e3o stricto sensu Sa\u00fade da Mulher e da Crian\u00e7a IFF\/Fiocruz e do Observat\u00f3rio de Educa\u00e7\u00e3o Especial e Inclus\u00e3o Educacional (ObEE), da Universidade Federal Rural do Rio de Janeiro (UFRRJ). Atuou como coordenadora no Rio de Janeiro da valida\u00e7\u00e3o para l\u00edngua portuguesa do programa JUNTOS, voltado para o cuidado integral ao desenvolvimento de crian\u00e7as com a S\u00edndrome Cong\u00eanita do Zika de 2017 a 2019, atuando em a\u00e7\u00f5es junto \u00e0s fam\u00edlias. Pesquisa em conjunto IFF\/Fiocruz London School of Hyene and Tropiucal Medicine<br>N\u00e1dia Silva,nordestina, m\u00e3e de Lorena, 8 anos, que tem S\u00edndrome Cong\u00eanita do Zika v\u00edrus, ativista da inclus\u00e3o, diretora da Associa\u00e7\u00e3o L\u00f3tus, que acolhe crian\u00e7as com a s\u00edndrome cong\u00eanita do Zika, no Rio de Janeiro. Atualmente cursando Psicopedagogia no Centro Universit\u00e1rio Leonardo da Vinci &#8211; UNIASSELVI.<\/p>\n\n\n\n<figure class=\"wp-block-embed is-type-video is-provider-youtube wp-block-embed-youtube wp-embed-aspect-16-9 wp-has-aspect-ratio\"><div class=\"wp-block-embed__wrapper\">\n<iframe loading=\"lazy\" title=\"ACESSANDO LUC\u00cdLIA - \u00d3rf\u00e3os da Zika  (3\/6\/2025)\" width=\"500\" height=\"281\" src=\"https:\/\/www.youtube.com\/embed\/yqgbLcweL18?feature=oembed\" frameborder=\"0\" allow=\"accelerometer; autoplay; clipboard-write; encrypted-media; gyroscope; picture-in-picture; web-share\" referrerpolicy=\"strict-origin-when-cross-origin\" allowfullscreen><\/iframe>\n<\/div><\/figure>\n\n\n\n<p>O bate-papo, que \u00e9 uma parceria com a Inclusive News, conta com int\u00e9rprete de libras e \u00e9 transmitido toda ter\u00e7a-feira, \u00e0s 18h, no canal do ACESSANDO LUC\u00cdLIA no Youtube:&nbsp;<a href=\"https:\/\/www.youtube.com\/@acessandolucilia5059\">https:\/\/www.youtube.com\/@acessandolucilia5059<\/a>&nbsp;e nas redes da Web R\u00e1dio Censura Livre, no Youtube, no Facebook, no site&nbsp;<a href=\"http:\/\/www.clwebradio.com\/\">www.clwebradio.com<\/a>&nbsp;e no aplicativo: RadiosNet&nbsp;<a href=\"http:\/\/l.radios.com.br\/r\/100204\">http:\/\/l.radios.com.br\/r\/100204<\/a>.<\/p>\n\n\n\n<p><br>O programa tamb\u00e9m \u00e9 retransmitido no mesmo hor\u00e1rio na R\u00e1dio Criativa de Muria\u00e9-MG e no canal Gernika_art against fascism \u2013 Liga de Comunica\u00e7\u00e3o Internacionalista de Portugal, no YouTube. E \u00e0s quartas-feiras, 15h, na Radio Comunidade Friburgo 104.9 FM, de Nova Friburgo-RJ.<\/p>\n\n\n\n<p><\/p>\n","protected":false},"excerpt":{"rendered":"<p>Uma d\u00e9cada ap\u00f3s a epidemia de Zika, as crian\u00e7as com microcefalia continuam enfrentando desafios significativos em seu desenvolvimento. Desde 2015, mais de 4,5 mil pessoas nasceram com microcefalia no Brasil, principalmente no Nordeste, devido ao surto de Zika v\u00edrus transmitido pelo Aedes aegypti, o mesmo mosquito da dengue. A s\u00edndrome Cong\u00eanita do Zika V\u00edrus \u00e9 [&hellip;]<\/p>\n","protected":false},"author":1,"featured_media":34766,"comment_status":"open","ping_status":"open","sticky":false,"template":"","format":"standard","meta":{"site-container-style":"default","site-container-layout":"default","site-sidebar-layout":"default","disable-article-header":"default","disable-site-header":"default","disable-site-footer":"default","disable-content-area-spacing":"default","footnotes":""},"categories":[470],"tags":[807,356,806,357],"class_list":["post-34765","post","type-post","status-publish","format-standard","has-post-thumbnail","hentry","category-podcast","tag-aedes-aegypti","tag-microcefalia","tag-sindrome-congenita-do-zika-virus","tag-zika-virus"],"yoast_head":"<!-- This site is optimized with the Yoast SEO plugin v27.5 - https:\/\/yoast.com\/product\/yoast-seo-wordpress\/ -->\n<title>\u00d3rf\u00e3os da Zika \u2013 Podcast Acessando Luc\u00edlia -<\/title>\n<meta name=\"robots\" content=\"index, follow, max-snippet:-1, max-image-preview:large, max-video-preview:-1\" \/>\n<link rel=\"canonical\" href=\"https:\/\/inclusivenews.com.br\/?p=34765\" \/>\n<meta property=\"og:locale\" content=\"pt_PT\" \/>\n<meta property=\"og:type\" content=\"article\" \/>\n<meta property=\"og:title\" content=\"\u00d3rf\u00e3os da Zika \u2013 Podcast Acessando Luc\u00edlia -\" \/>\n<meta property=\"og:description\" content=\"Uma d\u00e9cada ap\u00f3s a epidemia de Zika, as crian\u00e7as com microcefalia continuam enfrentando desafios significativos em seu desenvolvimento. Desde 2015, mais de 4,5 mil pessoas nasceram com microcefalia no Brasil, principalmente no Nordeste, devido ao surto de Zika v\u00edrus transmitido pelo Aedes aegypti, o mesmo mosquito da dengue. A s\u00edndrome Cong\u00eanita do Zika V\u00edrus \u00e9 [&hellip;]\" \/>\n<meta property=\"og:url\" content=\"https:\/\/inclusivenews.com.br\/?p=34765\" \/>\n<meta property=\"article:publisher\" content=\"https:\/\/www.facebook.com\/agenciainclusive\/\" \/>\n<meta property=\"article:published_time\" content=\"2025-06-03T13:03:08+00:00\" \/>\n<meta property=\"article:modified_time\" content=\"2025-06-10T18:22:38+00:00\" \/>\n<meta property=\"og:image\" content=\"https:\/\/inclusivenews.com.br\/wp-content\/uploads\/2025\/06\/About-Lernerra-Apresentacao-7.png\" \/>\n\t<meta property=\"og:image:width\" content=\"1920\" \/>\n\t<meta property=\"og:image:height\" content=\"1080\" \/>\n\t<meta property=\"og:image:type\" content=\"image\/png\" \/>\n<meta name=\"author\" content=\"inclusivenews2024\" \/>\n<meta name=\"twitter:card\" content=\"summary_large_image\" \/>\n<meta name=\"twitter:label1\" content=\"Escrito por\" \/>\n\t<meta name=\"twitter:data1\" content=\"inclusivenews2024\" \/>\n\t<meta name=\"twitter:label2\" content=\"Tempo estimado de leitura\" \/>\n\t<meta name=\"twitter:data2\" content=\"2 minutos\" \/>\n<script type=\"application\/ld+json\" class=\"yoast-schema-graph\">{\"@context\":\"https:\\\/\\\/schema.org\",\"@graph\":[{\"@type\":\"Article\",\"@id\":\"https:\\\/\\\/inclusivenews.com.br\\\/?p=34765#article\",\"isPartOf\":{\"@id\":\"https:\\\/\\\/inclusivenews.com.br\\\/?p=34765\"},\"author\":{\"name\":\"inclusivenews2024\",\"@id\":\"https:\\\/\\\/inclusivenews.com.br\\\/#\\\/schema\\\/person\\\/ae4ec7087559b8692fb33b6fffd2273b\"},\"headline\":\"\u00d3rf\u00e3os da Zika \u2013 Podcast Acessando Luc\u00edlia\",\"datePublished\":\"2025-06-03T13:03:08+00:00\",\"dateModified\":\"2025-06-10T18:22:38+00:00\",\"mainEntityOfPage\":{\"@id\":\"https:\\\/\\\/inclusivenews.com.br\\\/?p=34765\"},\"wordCount\":401,\"commentCount\":0,\"publisher\":{\"@id\":\"https:\\\/\\\/inclusivenews.com.br\\\/#organization\"},\"image\":{\"@id\":\"https:\\\/\\\/inclusivenews.com.br\\\/?p=34765#primaryimage\"},\"thumbnailUrl\":\"https:\\\/\\\/inclusivenews.com.br\\\/wp-content\\\/uploads\\\/2025\\\/06\\\/About-Lernerra-Apresentacao-7.png\",\"keywords\":[\"Aedes aegypti\",\"Microcefalia\",\"s\u00edndrome Cong\u00eanita do Zika V\u00edrus\",\"Zika v\u00edrus\"],\"articleSection\":[\"PODCAST\"],\"inLanguage\":\"pt-PT\",\"potentialAction\":[{\"@type\":\"CommentAction\",\"name\":\"Comment\",\"target\":[\"https:\\\/\\\/inclusivenews.com.br\\\/?p=34765#respond\"]}]},{\"@type\":\"WebPage\",\"@id\":\"https:\\\/\\\/inclusivenews.com.br\\\/?p=34765\",\"url\":\"https:\\\/\\\/inclusivenews.com.br\\\/?p=34765\",\"name\":\"\u00d3rf\u00e3os da Zika \u2013 Podcast Acessando Luc\u00edlia -\",\"isPartOf\":{\"@id\":\"https:\\\/\\\/inclusivenews.com.br\\\/#website\"},\"primaryImageOfPage\":{\"@id\":\"https:\\\/\\\/inclusivenews.com.br\\\/?p=34765#primaryimage\"},\"image\":{\"@id\":\"https:\\\/\\\/inclusivenews.com.br\\\/?p=34765#primaryimage\"},\"thumbnailUrl\":\"https:\\\/\\\/inclusivenews.com.br\\\/wp-content\\\/uploads\\\/2025\\\/06\\\/About-Lernerra-Apresentacao-7.png\",\"datePublished\":\"2025-06-03T13:03:08+00:00\",\"dateModified\":\"2025-06-10T18:22:38+00:00\",\"breadcrumb\":{\"@id\":\"https:\\\/\\\/inclusivenews.com.br\\\/?p=34765#breadcrumb\"},\"inLanguage\":\"pt-PT\",\"potentialAction\":[{\"@type\":\"ReadAction\",\"target\":[\"https:\\\/\\\/inclusivenews.com.br\\\/?p=34765\"]}]},{\"@type\":\"ImageObject\",\"inLanguage\":\"pt-PT\",\"@id\":\"https:\\\/\\\/inclusivenews.com.br\\\/?p=34765#primaryimage\",\"url\":\"https:\\\/\\\/inclusivenews.com.br\\\/wp-content\\\/uploads\\\/2025\\\/06\\\/About-Lernerra-Apresentacao-7.png\",\"contentUrl\":\"https:\\\/\\\/inclusivenews.com.br\\\/wp-content\\\/uploads\\\/2025\\\/06\\\/About-Lernerra-Apresentacao-7.png\",\"width\":1920,\"height\":1080},{\"@type\":\"BreadcrumbList\",\"@id\":\"https:\\\/\\\/inclusivenews.com.br\\\/?p=34765#breadcrumb\",\"itemListElement\":[{\"@type\":\"ListItem\",\"position\":1,\"name\":\"In\u00edcio\",\"item\":\"https:\\\/\\\/inclusivenews.com.br\\\/\"},{\"@type\":\"ListItem\",\"position\":2,\"name\":\"\u00d3rf\u00e3os da Zika \u2013 Podcast Acessando Luc\u00edlia\"}]},{\"@type\":\"WebSite\",\"@id\":\"https:\\\/\\\/inclusivenews.com.br\\\/#website\",\"url\":\"https:\\\/\\\/inclusivenews.com.br\\\/\",\"name\":\"Inclusive News\",\"description\":\"Inclusive News\",\"publisher\":{\"@id\":\"https:\\\/\\\/inclusivenews.com.br\\\/#organization\"},\"potentialAction\":[{\"@type\":\"SearchAction\",\"target\":{\"@type\":\"EntryPoint\",\"urlTemplate\":\"https:\\\/\\\/inclusivenews.com.br\\\/?s={search_term_string}\"},\"query-input\":{\"@type\":\"PropertyValueSpecification\",\"valueRequired\":true,\"valueName\":\"search_term_string\"}}],\"inLanguage\":\"pt-PT\"},{\"@type\":\"Organization\",\"@id\":\"https:\\\/\\\/inclusivenews.com.br\\\/#organization\",\"name\":\"Inclusive - inclus\u00e3o e cidadania\",\"url\":\"https:\\\/\\\/inclusivenews.com.br\\\/\",\"logo\":{\"@type\":\"ImageObject\",\"inLanguage\":\"pt-PT\",\"@id\":\"https:\\\/\\\/inclusivenews.com.br\\\/#\\\/schema\\\/logo\\\/image\\\/\",\"url\":\"https:\\\/\\\/inclusivenews.com.br\\\/wp-content\\\/uploads\\\/2024\\\/03\\\/@grandesite.png\",\"contentUrl\":\"https:\\\/\\\/inclusivenews.com.br\\\/wp-content\\\/uploads\\\/2024\\\/03\\\/@grandesite.png\",\"width\":1080,\"height\":1080,\"caption\":\"Inclusive - inclus\u00e3o e cidadania\"},\"image\":{\"@id\":\"https:\\\/\\\/inclusivenews.com.br\\\/#\\\/schema\\\/logo\\\/image\\\/\"},\"sameAs\":[\"https:\\\/\\\/www.facebook.com\\\/agenciainclusive\\\/\",\"https:\\\/\\\/www.instagram.com\\\/newsinclusive\\\/\"]},{\"@type\":\"Person\",\"@id\":\"https:\\\/\\\/inclusivenews.com.br\\\/#\\\/schema\\\/person\\\/ae4ec7087559b8692fb33b6fffd2273b\",\"name\":\"inclusivenews2024\",\"image\":{\"@type\":\"ImageObject\",\"inLanguage\":\"pt-PT\",\"@id\":\"https:\\\/\\\/secure.gravatar.com\\\/avatar\\\/c5a7ef84c66fa914f55bc4f7ce26cfa275a3b9a1c5568b907bd184fb4dde7b40?s=96&d=mm&r=g\",\"url\":\"https:\\\/\\\/secure.gravatar.com\\\/avatar\\\/c5a7ef84c66fa914f55bc4f7ce26cfa275a3b9a1c5568b907bd184fb4dde7b40?s=96&d=mm&r=g\",\"contentUrl\":\"https:\\\/\\\/secure.gravatar.com\\\/avatar\\\/c5a7ef84c66fa914f55bc4f7ce26cfa275a3b9a1c5568b907bd184fb4dde7b40?s=96&d=mm&r=g\",\"caption\":\"inclusivenews2024\"},\"sameAs\":[\"https:\\\/\\\/inclusivenews.com.br\"],\"url\":\"https:\\\/\\\/inclusivenews.com.br\\\/?author=1\"}]}<\/script>\n<!-- \/ Yoast SEO plugin. -->","yoast_head_json":{"title":"\u00d3rf\u00e3os da Zika \u2013 Podcast Acessando Luc\u00edlia -","robots":{"index":"index","follow":"follow","max-snippet":"max-snippet:-1","max-image-preview":"max-image-preview:large","max-video-preview":"max-video-preview:-1"},"canonical":"https:\/\/inclusivenews.com.br\/?p=34765","og_locale":"pt_PT","og_type":"article","og_title":"\u00d3rf\u00e3os da Zika \u2013 Podcast Acessando Luc\u00edlia -","og_description":"Uma d\u00e9cada ap\u00f3s a epidemia de Zika, as crian\u00e7as com microcefalia continuam enfrentando desafios significativos em seu desenvolvimento. Desde 2015, mais de 4,5 mil pessoas nasceram com microcefalia no Brasil, principalmente no Nordeste, devido ao surto de Zika v\u00edrus transmitido pelo Aedes aegypti, o mesmo mosquito da dengue. A s\u00edndrome Cong\u00eanita do Zika V\u00edrus \u00e9 [&hellip;]","og_url":"https:\/\/inclusivenews.com.br\/?p=34765","article_publisher":"https:\/\/www.facebook.com\/agenciainclusive\/","article_published_time":"2025-06-03T13:03:08+00:00","article_modified_time":"2025-06-10T18:22:38+00:00","og_image":[{"width":1920,"height":1080,"url":"https:\/\/inclusivenews.com.br\/wp-content\/uploads\/2025\/06\/About-Lernerra-Apresentacao-7.png","type":"image\/png"}],"author":"inclusivenews2024","twitter_card":"summary_large_image","twitter_misc":{"Escrito por":"inclusivenews2024","Tempo estimado de leitura":"2 minutos"},"schema":{"@context":"https:\/\/schema.org","@graph":[{"@type":"Article","@id":"https:\/\/inclusivenews.com.br\/?p=34765#article","isPartOf":{"@id":"https:\/\/inclusivenews.com.br\/?p=34765"},"author":{"name":"inclusivenews2024","@id":"https:\/\/inclusivenews.com.br\/#\/schema\/person\/ae4ec7087559b8692fb33b6fffd2273b"},"headline":"\u00d3rf\u00e3os da Zika \u2013 Podcast Acessando Luc\u00edlia","datePublished":"2025-06-03T13:03:08+00:00","dateModified":"2025-06-10T18:22:38+00:00","mainEntityOfPage":{"@id":"https:\/\/inclusivenews.com.br\/?p=34765"},"wordCount":401,"commentCount":0,"publisher":{"@id":"https:\/\/inclusivenews.com.br\/#organization"},"image":{"@id":"https:\/\/inclusivenews.com.br\/?p=34765#primaryimage"},"thumbnailUrl":"https:\/\/inclusivenews.com.br\/wp-content\/uploads\/2025\/06\/About-Lernerra-Apresentacao-7.png","keywords":["Aedes aegypti","Microcefalia","s\u00edndrome Cong\u00eanita do Zika V\u00edrus","Zika v\u00edrus"],"articleSection":["PODCAST"],"inLanguage":"pt-PT","potentialAction":[{"@type":"CommentAction","name":"Comment","target":["https:\/\/inclusivenews.com.br\/?p=34765#respond"]}]},{"@type":"WebPage","@id":"https:\/\/inclusivenews.com.br\/?p=34765","url":"https:\/\/inclusivenews.com.br\/?p=34765","name":"\u00d3rf\u00e3os da Zika \u2013 Podcast Acessando Luc\u00edlia -","isPartOf":{"@id":"https:\/\/inclusivenews.com.br\/#website"},"primaryImageOfPage":{"@id":"https:\/\/inclusivenews.com.br\/?p=34765#primaryimage"},"image":{"@id":"https:\/\/inclusivenews.com.br\/?p=34765#primaryimage"},"thumbnailUrl":"https:\/\/inclusivenews.com.br\/wp-content\/uploads\/2025\/06\/About-Lernerra-Apresentacao-7.png","datePublished":"2025-06-03T13:03:08+00:00","dateModified":"2025-06-10T18:22:38+00:00","breadcrumb":{"@id":"https:\/\/inclusivenews.com.br\/?p=34765#breadcrumb"},"inLanguage":"pt-PT","potentialAction":[{"@type":"ReadAction","target":["https:\/\/inclusivenews.com.br\/?p=34765"]}]},{"@type":"ImageObject","inLanguage":"pt-PT","@id":"https:\/\/inclusivenews.com.br\/?p=34765#primaryimage","url":"https:\/\/inclusivenews.com.br\/wp-content\/uploads\/2025\/06\/About-Lernerra-Apresentacao-7.png","contentUrl":"https:\/\/inclusivenews.com.br\/wp-content\/uploads\/2025\/06\/About-Lernerra-Apresentacao-7.png","width":1920,"height":1080},{"@type":"BreadcrumbList","@id":"https:\/\/inclusivenews.com.br\/?p=34765#breadcrumb","itemListElement":[{"@type":"ListItem","position":1,"name":"In\u00edcio","item":"https:\/\/inclusivenews.com.br\/"},{"@type":"ListItem","position":2,"name":"\u00d3rf\u00e3os da Zika \u2013 Podcast Acessando Luc\u00edlia"}]},{"@type":"WebSite","@id":"https:\/\/inclusivenews.com.br\/#website","url":"https:\/\/inclusivenews.com.br\/","name":"Inclusive News","description":"Inclusive News","publisher":{"@id":"https:\/\/inclusivenews.com.br\/#organization"},"potentialAction":[{"@type":"SearchAction","target":{"@type":"EntryPoint","urlTemplate":"https:\/\/inclusivenews.com.br\/?s={search_term_string}"},"query-input":{"@type":"PropertyValueSpecification","valueRequired":true,"valueName":"search_term_string"}}],"inLanguage":"pt-PT"},{"@type":"Organization","@id":"https:\/\/inclusivenews.com.br\/#organization","name":"Inclusive - inclus\u00e3o e cidadania","url":"https:\/\/inclusivenews.com.br\/","logo":{"@type":"ImageObject","inLanguage":"pt-PT","@id":"https:\/\/inclusivenews.com.br\/#\/schema\/logo\/image\/","url":"https:\/\/inclusivenews.com.br\/wp-content\/uploads\/2024\/03\/@grandesite.png","contentUrl":"https:\/\/inclusivenews.com.br\/wp-content\/uploads\/2024\/03\/@grandesite.png","width":1080,"height":1080,"caption":"Inclusive - inclus\u00e3o e cidadania"},"image":{"@id":"https:\/\/inclusivenews.com.br\/#\/schema\/logo\/image\/"},"sameAs":["https:\/\/www.facebook.com\/agenciainclusive\/","https:\/\/www.instagram.com\/newsinclusive\/"]},{"@type":"Person","@id":"https:\/\/inclusivenews.com.br\/#\/schema\/person\/ae4ec7087559b8692fb33b6fffd2273b","name":"inclusivenews2024","image":{"@type":"ImageObject","inLanguage":"pt-PT","@id":"https:\/\/secure.gravatar.com\/avatar\/c5a7ef84c66fa914f55bc4f7ce26cfa275a3b9a1c5568b907bd184fb4dde7b40?s=96&d=mm&r=g","url":"https:\/\/secure.gravatar.com\/avatar\/c5a7ef84c66fa914f55bc4f7ce26cfa275a3b9a1c5568b907bd184fb4dde7b40?s=96&d=mm&r=g","contentUrl":"https:\/\/secure.gravatar.com\/avatar\/c5a7ef84c66fa914f55bc4f7ce26cfa275a3b9a1c5568b907bd184fb4dde7b40?s=96&d=mm&r=g","caption":"inclusivenews2024"},"sameAs":["https:\/\/inclusivenews.com.br"],"url":"https:\/\/inclusivenews.com.br\/?author=1"}]}},"_links":{"self":[{"href":"https:\/\/inclusivenews.com.br\/index.php?rest_route=\/wp\/v2\/posts\/34765","targetHints":{"allow":["GET"]}}],"collection":[{"href":"https:\/\/inclusivenews.com.br\/index.php?rest_route=\/wp\/v2\/posts"}],"about":[{"href":"https:\/\/inclusivenews.com.br\/index.php?rest_route=\/wp\/v2\/types\/post"}],"author":[{"embeddable":true,"href":"https:\/\/inclusivenews.com.br\/index.php?rest_route=\/wp\/v2\/users\/1"}],"replies":[{"embeddable":true,"href":"https:\/\/inclusivenews.com.br\/index.php?rest_route=%2Fwp%2Fv2%2Fcomments&post=34765"}],"version-history":[{"count":2,"href":"https:\/\/inclusivenews.com.br\/index.php?rest_route=\/wp\/v2\/posts\/34765\/revisions"}],"predecessor-version":[{"id":34773,"href":"https:\/\/inclusivenews.com.br\/index.php?rest_route=\/wp\/v2\/posts\/34765\/revisions\/34773"}],"wp:featuredmedia":[{"embeddable":true,"href":"https:\/\/inclusivenews.com.br\/index.php?rest_route=\/wp\/v2\/media\/34766"}],"wp:attachment":[{"href":"https:\/\/inclusivenews.com.br\/index.php?rest_route=%2Fwp%2Fv2%2Fmedia&parent=34765"}],"wp:term":[{"taxonomy":"category","embeddable":true,"href":"https:\/\/inclusivenews.com.br\/index.php?rest_route=%2Fwp%2Fv2%2Fcategories&post=34765"},{"taxonomy":"post_tag","embeddable":true,"href":"https:\/\/inclusivenews.com.br\/index.php?rest_route=%2Fwp%2Fv2%2Ftags&post=34765"}],"curies":[{"name":"wp","href":"https:\/\/api.w.org\/{rel}","templated":true}]}}