{"id":34768,"date":"2025-06-10T13:44:46","date_gmt":"2025-06-10T13:44:46","guid":{"rendered":"https:\/\/inclusivenews.com.br\/?p=34768"},"modified":"2025-06-10T18:26:06","modified_gmt":"2025-06-10T18:26:06","slug":"avancos-e-obstaculos-10-anos-da-lei-brasileira-de-inclusao","status":"publish","type":"post","link":"https:\/\/inclusivenews.com.br\/?p=34768","title":{"rendered":"Avan\u00e7os e Obst\u00e1culos: 10 Anos da Lei Brasileira de Inclus\u00e3o"},"content":{"rendered":"\n<p class=\"has-yuki-font-medium-font-size\">A Lei Brasileira de Inclus\u00e3o (LBI), tamb\u00e9m conhecida como Estatuto da Pessoa com Defici\u00eancia, completa 10 anos no dia 6 de julho. Este \u00e9 o tema do Podcast Acessando Luc\u00edlia desta ter\u00e7a-feira, 10\/06.<\/p>\n\n\n\n<p><br>Aprovada em 2015, a LBI (Lei n\u00ba 13.146), marco importante na luta pela inclus\u00e3o e na promo\u00e7\u00e3o dos direitos das pessoas com defici\u00eancia no Brasil, ainda enfrenta diversos desafios na sua implementa\u00e7\u00e3o de forma integral, como recursos e pol\u00edticas p\u00fablicas que promovam a inclus\u00e3o e a igualdade de oportunidades para todos. Em uma d\u00e9cada, muitos avan\u00e7os s\u00e3o reconhecidos, mas tamb\u00e9m muitas falhas e amea\u00e7as rondam a LBI, como a pol\u00eamica cria\u00e7\u00e3o de um C\u00f3digo Brasileiro de Inclus\u00e3o, que prop\u00f5e a sua revoga\u00e7\u00e3o, ou altera\u00e7\u00f5es significativas, que podem acarretar um retrocesso nas conquistas sociais e legais das pessoas com deficiencia.<\/p>\n\n\n\n<p><br><strong>Para esta conversa as nossas convidadas s\u00e3o:<\/strong><br>Carolina Valen\u00e7a Ferraz, doutora e mestra em Direito pela Pontif\u00edcia Universidade Cat\u00f3lica de S\u00e3o Paulo (PUC-SP), pesquisadora em direitos humanos, bio\u00e9tica e diversidade com principal enfoque em direito antidiscriminat\u00f3rio; professora da Universidade Cat\u00f3lica de Pernambuco (UNICAP); ex-integrante da Comiss\u00e3o Nacional do Conselho Federal da OAB em defesa da pessoa com autismo; ativista em direitos humanos; autora de diversas obras no direito antidiscriminat\u00f3rio e indicada ao pr\u00eamio Jabuti pelo livro Manual dos direitos da pessoa com Defici\u00eancia.<\/p>\n\n\n\n<p>Claudia Araujo da Silva, advogada, pesquisadora, p\u00f3s-graduada em Direito Civil e Processo Civil pela Funda\u00e7\u00e3o de Ensino Superior da Defensoria P\u00fablica do Estado do Rio de Janeiro (FESUDEPERJ) e Universidade C\u00e2ndido Mendes (UCM). Presidente da Comiss\u00e3o dos Direitos da Pessoa com Defici\u00eancia da OAB-RJ, conselheira da Subsecretaria de Pol\u00edticas Inclusivas do Estado do Rio de Janeiro e do Conselho Estadual da Pessoa com Defici\u00eancia (CEPDE-RJ); coordenadora do GT de Combate \u00e0 Viol\u00eancia contra a Mulher com Defici\u00eancia da OAB-RJ e membra da Frente Nacional de Mulheres com Defici\u00eancia.<\/p>\n\n\n\n<figure class=\"wp-block-embed is-type-video is-provider-youtube wp-block-embed-youtube wp-embed-aspect-16-9 wp-has-aspect-ratio\"><div class=\"wp-block-embed__wrapper\">\n<iframe loading=\"lazy\" title=\"Avan\u00e7os e Obst\u00e1culos 10 Anos da Lei Brasileira de Inclus\u00e3o ACESSANDO LUC\u00cdLIA    10\/6\" width=\"500\" height=\"281\" src=\"https:\/\/www.youtube.com\/embed\/yR9bKP1UgZQ?feature=oembed\" frameborder=\"0\" allow=\"accelerometer; autoplay; clipboard-write; encrypted-media; gyroscope; picture-in-picture; web-share\" referrerpolicy=\"strict-origin-when-cross-origin\" allowfullscreen><\/iframe>\n<\/div><\/figure>\n\n\n\n<p>O bate-papo, que \u00e9 uma parceria com a Inclusive News, conta com int\u00e9rprete de libras e \u00e9 transmitido toda ter\u00e7a-feira, \u00e0s 18h, no canal do ACESSANDO LUC\u00cdLIA no Youtube:&nbsp;<a href=\"https:\/\/www.youtube.com\/@acessandolucilia5059\">https:\/\/www.youtube.com\/@acessandolucilia5059<\/a>&nbsp;e nas redes da Web R\u00e1dio Censura Livre, no Youtube, no Facebook, no site&nbsp;<a href=\"http:\/\/www.clwebradio.com\/\">www.clwebradio.com<\/a>&nbsp;e no aplicativo: RadiosNet&nbsp;<a href=\"http:\/\/l.radios.com.br\/r\/100204\">http:\/\/l.radios.com.br\/r\/100204<\/a>.<\/p>\n\n\n\n<p><br>O programa tamb\u00e9m \u00e9 retransmitido no mesmo hor\u00e1rio na R\u00e1dio Criativa de Muria\u00e9-MG e no canal Gernika_art against fascism \u2013 Liga de Comunica\u00e7\u00e3o Internacionalista de Portugal, no YouTube. E \u00e0s quartas-feiras, 15h, na Radio Comunidade Friburgo 104.9 FM, de Nova Friburgo-RJ.<\/p>\n\n\n\n<p><\/p>\n","protected":false},"excerpt":{"rendered":"<p>A Lei Brasileira de Inclus\u00e3o (LBI), tamb\u00e9m conhecida como Estatuto da Pessoa com Defici\u00eancia, completa 10 anos no dia 6 de julho. Este \u00e9 o tema do Podcast Acessando Luc\u00edlia desta ter\u00e7a-feira, 10\/06. Aprovada em 2015, a LBI (Lei n\u00ba 13.146), marco importante na luta pela inclus\u00e3o e na promo\u00e7\u00e3o dos direitos das pessoas com [&hellip;]<\/p>\n","protected":false},"author":1,"featured_media":34770,"comment_status":"open","ping_status":"open","sticky":false,"template":"","format":"standard","meta":{"site-container-style":"default","site-container-layout":"default","site-sidebar-layout":"default","disable-article-header":"default","disable-site-header":"default","disable-site-footer":"default","disable-content-area-spacing":"default","footnotes":""},"categories":[470],"tags":[151,333,808,510,521],"class_list":["post-34768","post","type-post","status-publish","format-standard","has-post-thumbnail","hentry","category-podcast","tag-inclusao-2","tag-lbi","tag-lei","tag-lei-brasileira-de-inclusao","tag-podcast"],"yoast_head":"<!-- This site is optimized with the Yoast SEO plugin v27.5 - https:\/\/yoast.com\/product\/yoast-seo-wordpress\/ -->\n<title>Avan\u00e7os e Obst\u00e1culos: 10 Anos da Lei Brasileira de Inclus\u00e3o -<\/title>\n<meta name=\"robots\" content=\"index, follow, max-snippet:-1, max-image-preview:large, max-video-preview:-1\" \/>\n<link rel=\"canonical\" href=\"https:\/\/inclusivenews.com.br\/?p=34768\" \/>\n<meta property=\"og:locale\" content=\"pt_PT\" \/>\n<meta property=\"og:type\" content=\"article\" \/>\n<meta property=\"og:title\" content=\"Avan\u00e7os e Obst\u00e1culos: 10 Anos da Lei Brasileira de Inclus\u00e3o -\" \/>\n<meta property=\"og:description\" content=\"A Lei Brasileira de Inclus\u00e3o (LBI), tamb\u00e9m conhecida como Estatuto da Pessoa com Defici\u00eancia, completa 10 anos no dia 6 de julho. Este \u00e9 o tema do Podcast Acessando Luc\u00edlia desta ter\u00e7a-feira, 10\/06. Aprovada em 2015, a LBI (Lei n\u00ba 13.146), marco importante na luta pela inclus\u00e3o e na promo\u00e7\u00e3o dos direitos das pessoas com [&hellip;]\" \/>\n<meta property=\"og:url\" content=\"https:\/\/inclusivenews.com.br\/?p=34768\" \/>\n<meta property=\"article:publisher\" content=\"https:\/\/www.facebook.com\/agenciainclusive\/\" \/>\n<meta property=\"article:published_time\" content=\"2025-06-10T13:44:46+00:00\" \/>\n<meta property=\"article:modified_time\" content=\"2025-06-10T18:26:06+00:00\" \/>\n<meta property=\"og:image\" content=\"https:\/\/inclusivenews.com.br\/wp-content\/uploads\/2025\/06\/mca_abr_ddmmaa_data_23364_0-scaled.jpg\" \/>\n\t<meta property=\"og:image:width\" content=\"2560\" \/>\n\t<meta property=\"og:image:height\" content=\"1707\" \/>\n\t<meta property=\"og:image:type\" content=\"image\/jpeg\" \/>\n<meta name=\"author\" content=\"inclusivenews2024\" \/>\n<meta name=\"twitter:card\" content=\"summary_large_image\" \/>\n<meta name=\"twitter:label1\" content=\"Escrito por\" \/>\n\t<meta name=\"twitter:data1\" content=\"inclusivenews2024\" \/>\n\t<meta name=\"twitter:label2\" content=\"Tempo estimado de leitura\" \/>\n\t<meta name=\"twitter:data2\" content=\"3 minutos\" \/>\n<script type=\"application\/ld+json\" class=\"yoast-schema-graph\">{\"@context\":\"https:\\\/\\\/schema.org\",\"@graph\":[{\"@type\":\"Article\",\"@id\":\"https:\\\/\\\/inclusivenews.com.br\\\/?p=34768#article\",\"isPartOf\":{\"@id\":\"https:\\\/\\\/inclusivenews.com.br\\\/?p=34768\"},\"author\":{\"name\":\"inclusivenews2024\",\"@id\":\"https:\\\/\\\/inclusivenews.com.br\\\/#\\\/schema\\\/person\\\/ae4ec7087559b8692fb33b6fffd2273b\"},\"headline\":\"Avan\u00e7os e Obst\u00e1culos: 10 Anos da Lei Brasileira de Inclus\u00e3o\",\"datePublished\":\"2025-06-10T13:44:46+00:00\",\"dateModified\":\"2025-06-10T18:26:06+00:00\",\"mainEntityOfPage\":{\"@id\":\"https:\\\/\\\/inclusivenews.com.br\\\/?p=34768\"},\"wordCount\":477,\"commentCount\":0,\"publisher\":{\"@id\":\"https:\\\/\\\/inclusivenews.com.br\\\/#organization\"},\"image\":{\"@id\":\"https:\\\/\\\/inclusivenews.com.br\\\/?p=34768#primaryimage\"},\"thumbnailUrl\":\"https:\\\/\\\/inclusivenews.com.br\\\/wp-content\\\/uploads\\\/2025\\\/06\\\/mca_abr_ddmmaa_data_23364_0-scaled.jpg\",\"keywords\":[\"Inclus\u00e3o\",\"LBI\",\"Lei\",\"Lei Brasileira de Inclus\u00e3o\",\"Podcast\"],\"articleSection\":[\"PODCAST\"],\"inLanguage\":\"pt-PT\",\"potentialAction\":[{\"@type\":\"CommentAction\",\"name\":\"Comment\",\"target\":[\"https:\\\/\\\/inclusivenews.com.br\\\/?p=34768#respond\"]}]},{\"@type\":\"WebPage\",\"@id\":\"https:\\\/\\\/inclusivenews.com.br\\\/?p=34768\",\"url\":\"https:\\\/\\\/inclusivenews.com.br\\\/?p=34768\",\"name\":\"Avan\u00e7os e Obst\u00e1culos: 10 Anos da Lei Brasileira de Inclus\u00e3o -\",\"isPartOf\":{\"@id\":\"https:\\\/\\\/inclusivenews.com.br\\\/#website\"},\"primaryImageOfPage\":{\"@id\":\"https:\\\/\\\/inclusivenews.com.br\\\/?p=34768#primaryimage\"},\"image\":{\"@id\":\"https:\\\/\\\/inclusivenews.com.br\\\/?p=34768#primaryimage\"},\"thumbnailUrl\":\"https:\\\/\\\/inclusivenews.com.br\\\/wp-content\\\/uploads\\\/2025\\\/06\\\/mca_abr_ddmmaa_data_23364_0-scaled.jpg\",\"datePublished\":\"2025-06-10T13:44:46+00:00\",\"dateModified\":\"2025-06-10T18:26:06+00:00\",\"breadcrumb\":{\"@id\":\"https:\\\/\\\/inclusivenews.com.br\\\/?p=34768#breadcrumb\"},\"inLanguage\":\"pt-PT\",\"potentialAction\":[{\"@type\":\"ReadAction\",\"target\":[\"https:\\\/\\\/inclusivenews.com.br\\\/?p=34768\"]}]},{\"@type\":\"ImageObject\",\"inLanguage\":\"pt-PT\",\"@id\":\"https:\\\/\\\/inclusivenews.com.br\\\/?p=34768#primaryimage\",\"url\":\"https:\\\/\\\/inclusivenews.com.br\\\/wp-content\\\/uploads\\\/2025\\\/06\\\/mca_abr_ddmmaa_data_23364_0-scaled.jpg\",\"contentUrl\":\"https:\\\/\\\/inclusivenews.com.br\\\/wp-content\\\/uploads\\\/2025\\\/06\\\/mca_abr_ddmmaa_data_23364_0-scaled.jpg\",\"width\":2560,\"height\":1707,\"caption\":\"A 1\u00aa Caminhada Nacional da Luta dos Direitos das Pessoas com Defici\u00eancia no Parque da Cidade, em Bras\u00edlia\"},{\"@type\":\"BreadcrumbList\",\"@id\":\"https:\\\/\\\/inclusivenews.com.br\\\/?p=34768#breadcrumb\",\"itemListElement\":[{\"@type\":\"ListItem\",\"position\":1,\"name\":\"In\u00edcio\",\"item\":\"https:\\\/\\\/inclusivenews.com.br\\\/\"},{\"@type\":\"ListItem\",\"position\":2,\"name\":\"Avan\u00e7os e Obst\u00e1culos: 10 Anos da Lei Brasileira de Inclus\u00e3o\"}]},{\"@type\":\"WebSite\",\"@id\":\"https:\\\/\\\/inclusivenews.com.br\\\/#website\",\"url\":\"https:\\\/\\\/inclusivenews.com.br\\\/\",\"name\":\"Inclusive News\",\"description\":\"Inclusive News\",\"publisher\":{\"@id\":\"https:\\\/\\\/inclusivenews.com.br\\\/#organization\"},\"potentialAction\":[{\"@type\":\"SearchAction\",\"target\":{\"@type\":\"EntryPoint\",\"urlTemplate\":\"https:\\\/\\\/inclusivenews.com.br\\\/?s={search_term_string}\"},\"query-input\":{\"@type\":\"PropertyValueSpecification\",\"valueRequired\":true,\"valueName\":\"search_term_string\"}}],\"inLanguage\":\"pt-PT\"},{\"@type\":\"Organization\",\"@id\":\"https:\\\/\\\/inclusivenews.com.br\\\/#organization\",\"name\":\"Inclusive - inclus\u00e3o e cidadania\",\"url\":\"https:\\\/\\\/inclusivenews.com.br\\\/\",\"logo\":{\"@type\":\"ImageObject\",\"inLanguage\":\"pt-PT\",\"@id\":\"https:\\\/\\\/inclusivenews.com.br\\\/#\\\/schema\\\/logo\\\/image\\\/\",\"url\":\"https:\\\/\\\/inclusivenews.com.br\\\/wp-content\\\/uploads\\\/2024\\\/03\\\/@grandesite.png\",\"contentUrl\":\"https:\\\/\\\/inclusivenews.com.br\\\/wp-content\\\/uploads\\\/2024\\\/03\\\/@grandesite.png\",\"width\":1080,\"height\":1080,\"caption\":\"Inclusive - inclus\u00e3o e cidadania\"},\"image\":{\"@id\":\"https:\\\/\\\/inclusivenews.com.br\\\/#\\\/schema\\\/logo\\\/image\\\/\"},\"sameAs\":[\"https:\\\/\\\/www.facebook.com\\\/agenciainclusive\\\/\",\"https:\\\/\\\/www.instagram.com\\\/newsinclusive\\\/\"]},{\"@type\":\"Person\",\"@id\":\"https:\\\/\\\/inclusivenews.com.br\\\/#\\\/schema\\\/person\\\/ae4ec7087559b8692fb33b6fffd2273b\",\"name\":\"inclusivenews2024\",\"image\":{\"@type\":\"ImageObject\",\"inLanguage\":\"pt-PT\",\"@id\":\"https:\\\/\\\/secure.gravatar.com\\\/avatar\\\/c5a7ef84c66fa914f55bc4f7ce26cfa275a3b9a1c5568b907bd184fb4dde7b40?s=96&d=mm&r=g\",\"url\":\"https:\\\/\\\/secure.gravatar.com\\\/avatar\\\/c5a7ef84c66fa914f55bc4f7ce26cfa275a3b9a1c5568b907bd184fb4dde7b40?s=96&d=mm&r=g\",\"contentUrl\":\"https:\\\/\\\/secure.gravatar.com\\\/avatar\\\/c5a7ef84c66fa914f55bc4f7ce26cfa275a3b9a1c5568b907bd184fb4dde7b40?s=96&d=mm&r=g\",\"caption\":\"inclusivenews2024\"},\"sameAs\":[\"https:\\\/\\\/inclusivenews.com.br\"],\"url\":\"https:\\\/\\\/inclusivenews.com.br\\\/?author=1\"}]}<\/script>\n<!-- \/ Yoast SEO plugin. -->","yoast_head_json":{"title":"Avan\u00e7os e Obst\u00e1culos: 10 Anos da Lei Brasileira de Inclus\u00e3o -","robots":{"index":"index","follow":"follow","max-snippet":"max-snippet:-1","max-image-preview":"max-image-preview:large","max-video-preview":"max-video-preview:-1"},"canonical":"https:\/\/inclusivenews.com.br\/?p=34768","og_locale":"pt_PT","og_type":"article","og_title":"Avan\u00e7os e Obst\u00e1culos: 10 Anos da Lei Brasileira de Inclus\u00e3o -","og_description":"A Lei Brasileira de Inclus\u00e3o (LBI), tamb\u00e9m conhecida como Estatuto da Pessoa com Defici\u00eancia, completa 10 anos no dia 6 de julho. Este \u00e9 o tema do Podcast Acessando Luc\u00edlia desta ter\u00e7a-feira, 10\/06. Aprovada em 2015, a LBI (Lei n\u00ba 13.146), marco importante na luta pela inclus\u00e3o e na promo\u00e7\u00e3o dos direitos das pessoas com [&hellip;]","og_url":"https:\/\/inclusivenews.com.br\/?p=34768","article_publisher":"https:\/\/www.facebook.com\/agenciainclusive\/","article_published_time":"2025-06-10T13:44:46+00:00","article_modified_time":"2025-06-10T18:26:06+00:00","og_image":[{"width":2560,"height":1707,"url":"https:\/\/inclusivenews.com.br\/wp-content\/uploads\/2025\/06\/mca_abr_ddmmaa_data_23364_0-scaled.jpg","type":"image\/jpeg"}],"author":"inclusivenews2024","twitter_card":"summary_large_image","twitter_misc":{"Escrito por":"inclusivenews2024","Tempo estimado de leitura":"3 minutos"},"schema":{"@context":"https:\/\/schema.org","@graph":[{"@type":"Article","@id":"https:\/\/inclusivenews.com.br\/?p=34768#article","isPartOf":{"@id":"https:\/\/inclusivenews.com.br\/?p=34768"},"author":{"name":"inclusivenews2024","@id":"https:\/\/inclusivenews.com.br\/#\/schema\/person\/ae4ec7087559b8692fb33b6fffd2273b"},"headline":"Avan\u00e7os e Obst\u00e1culos: 10 Anos da Lei Brasileira de Inclus\u00e3o","datePublished":"2025-06-10T13:44:46+00:00","dateModified":"2025-06-10T18:26:06+00:00","mainEntityOfPage":{"@id":"https:\/\/inclusivenews.com.br\/?p=34768"},"wordCount":477,"commentCount":0,"publisher":{"@id":"https:\/\/inclusivenews.com.br\/#organization"},"image":{"@id":"https:\/\/inclusivenews.com.br\/?p=34768#primaryimage"},"thumbnailUrl":"https:\/\/inclusivenews.com.br\/wp-content\/uploads\/2025\/06\/mca_abr_ddmmaa_data_23364_0-scaled.jpg","keywords":["Inclus\u00e3o","LBI","Lei","Lei Brasileira de Inclus\u00e3o","Podcast"],"articleSection":["PODCAST"],"inLanguage":"pt-PT","potentialAction":[{"@type":"CommentAction","name":"Comment","target":["https:\/\/inclusivenews.com.br\/?p=34768#respond"]}]},{"@type":"WebPage","@id":"https:\/\/inclusivenews.com.br\/?p=34768","url":"https:\/\/inclusivenews.com.br\/?p=34768","name":"Avan\u00e7os e Obst\u00e1culos: 10 Anos da Lei Brasileira de Inclus\u00e3o -","isPartOf":{"@id":"https:\/\/inclusivenews.com.br\/#website"},"primaryImageOfPage":{"@id":"https:\/\/inclusivenews.com.br\/?p=34768#primaryimage"},"image":{"@id":"https:\/\/inclusivenews.com.br\/?p=34768#primaryimage"},"thumbnailUrl":"https:\/\/inclusivenews.com.br\/wp-content\/uploads\/2025\/06\/mca_abr_ddmmaa_data_23364_0-scaled.jpg","datePublished":"2025-06-10T13:44:46+00:00","dateModified":"2025-06-10T18:26:06+00:00","breadcrumb":{"@id":"https:\/\/inclusivenews.com.br\/?p=34768#breadcrumb"},"inLanguage":"pt-PT","potentialAction":[{"@type":"ReadAction","target":["https:\/\/inclusivenews.com.br\/?p=34768"]}]},{"@type":"ImageObject","inLanguage":"pt-PT","@id":"https:\/\/inclusivenews.com.br\/?p=34768#primaryimage","url":"https:\/\/inclusivenews.com.br\/wp-content\/uploads\/2025\/06\/mca_abr_ddmmaa_data_23364_0-scaled.jpg","contentUrl":"https:\/\/inclusivenews.com.br\/wp-content\/uploads\/2025\/06\/mca_abr_ddmmaa_data_23364_0-scaled.jpg","width":2560,"height":1707,"caption":"A 1\u00aa Caminhada Nacional da Luta dos Direitos das Pessoas com Defici\u00eancia no Parque da Cidade, em Bras\u00edlia"},{"@type":"BreadcrumbList","@id":"https:\/\/inclusivenews.com.br\/?p=34768#breadcrumb","itemListElement":[{"@type":"ListItem","position":1,"name":"In\u00edcio","item":"https:\/\/inclusivenews.com.br\/"},{"@type":"ListItem","position":2,"name":"Avan\u00e7os e Obst\u00e1culos: 10 Anos da Lei Brasileira de Inclus\u00e3o"}]},{"@type":"WebSite","@id":"https:\/\/inclusivenews.com.br\/#website","url":"https:\/\/inclusivenews.com.br\/","name":"Inclusive News","description":"Inclusive News","publisher":{"@id":"https:\/\/inclusivenews.com.br\/#organization"},"potentialAction":[{"@type":"SearchAction","target":{"@type":"EntryPoint","urlTemplate":"https:\/\/inclusivenews.com.br\/?s={search_term_string}"},"query-input":{"@type":"PropertyValueSpecification","valueRequired":true,"valueName":"search_term_string"}}],"inLanguage":"pt-PT"},{"@type":"Organization","@id":"https:\/\/inclusivenews.com.br\/#organization","name":"Inclusive - inclus\u00e3o e cidadania","url":"https:\/\/inclusivenews.com.br\/","logo":{"@type":"ImageObject","inLanguage":"pt-PT","@id":"https:\/\/inclusivenews.com.br\/#\/schema\/logo\/image\/","url":"https:\/\/inclusivenews.com.br\/wp-content\/uploads\/2024\/03\/@grandesite.png","contentUrl":"https:\/\/inclusivenews.com.br\/wp-content\/uploads\/2024\/03\/@grandesite.png","width":1080,"height":1080,"caption":"Inclusive - inclus\u00e3o e cidadania"},"image":{"@id":"https:\/\/inclusivenews.com.br\/#\/schema\/logo\/image\/"},"sameAs":["https:\/\/www.facebook.com\/agenciainclusive\/","https:\/\/www.instagram.com\/newsinclusive\/"]},{"@type":"Person","@id":"https:\/\/inclusivenews.com.br\/#\/schema\/person\/ae4ec7087559b8692fb33b6fffd2273b","name":"inclusivenews2024","image":{"@type":"ImageObject","inLanguage":"pt-PT","@id":"https:\/\/secure.gravatar.com\/avatar\/c5a7ef84c66fa914f55bc4f7ce26cfa275a3b9a1c5568b907bd184fb4dde7b40?s=96&d=mm&r=g","url":"https:\/\/secure.gravatar.com\/avatar\/c5a7ef84c66fa914f55bc4f7ce26cfa275a3b9a1c5568b907bd184fb4dde7b40?s=96&d=mm&r=g","contentUrl":"https:\/\/secure.gravatar.com\/avatar\/c5a7ef84c66fa914f55bc4f7ce26cfa275a3b9a1c5568b907bd184fb4dde7b40?s=96&d=mm&r=g","caption":"inclusivenews2024"},"sameAs":["https:\/\/inclusivenews.com.br"],"url":"https:\/\/inclusivenews.com.br\/?author=1"}]}},"_links":{"self":[{"href":"https:\/\/inclusivenews.com.br\/index.php?rest_route=\/wp\/v2\/posts\/34768","targetHints":{"allow":["GET"]}}],"collection":[{"href":"https:\/\/inclusivenews.com.br\/index.php?rest_route=\/wp\/v2\/posts"}],"about":[{"href":"https:\/\/inclusivenews.com.br\/index.php?rest_route=\/wp\/v2\/types\/post"}],"author":[{"embeddable":true,"href":"https:\/\/inclusivenews.com.br\/index.php?rest_route=\/wp\/v2\/users\/1"}],"replies":[{"embeddable":true,"href":"https:\/\/inclusivenews.com.br\/index.php?rest_route=%2Fwp%2Fv2%2Fcomments&post=34768"}],"version-history":[{"count":2,"href":"https:\/\/inclusivenews.com.br\/index.php?rest_route=\/wp\/v2\/posts\/34768\/revisions"}],"predecessor-version":[{"id":34774,"href":"https:\/\/inclusivenews.com.br\/index.php?rest_route=\/wp\/v2\/posts\/34768\/revisions\/34774"}],"wp:featuredmedia":[{"embeddable":true,"href":"https:\/\/inclusivenews.com.br\/index.php?rest_route=\/wp\/v2\/media\/34770"}],"wp:attachment":[{"href":"https:\/\/inclusivenews.com.br\/index.php?rest_route=%2Fwp%2Fv2%2Fmedia&parent=34768"}],"wp:term":[{"taxonomy":"category","embeddable":true,"href":"https:\/\/inclusivenews.com.br\/index.php?rest_route=%2Fwp%2Fv2%2Fcategories&post=34768"},{"taxonomy":"post_tag","embeddable":true,"href":"https:\/\/inclusivenews.com.br\/index.php?rest_route=%2Fwp%2Fv2%2Ftags&post=34768"}],"curies":[{"name":"wp","href":"https:\/\/api.w.org\/{rel}","templated":true}]}}