{"id":34776,"date":"2025-06-11T10:30:00","date_gmt":"2025-06-11T10:30:00","guid":{"rendered":"https:\/\/inclusivenews.com.br\/?p=34776"},"modified":"2025-06-11T14:06:30","modified_gmt":"2025-06-11T14:06:30","slug":"acoes-da-fiocruz-sao-destaque-em-conferencia-da-onu","status":"publish","type":"post","link":"https:\/\/inclusivenews.com.br\/?p=34776","title":{"rendered":"A\u00e7\u00f5es da Fiocruz s\u00e3o destaque em confer\u00eancia da ONU"},"content":{"rendered":"\n<p><\/p>\n\n\n\n<p>A Fiocruz foi convidada para apresentar suas iniciativas para a promo\u00e7\u00e3o da sa\u00fade, dos direitos e da inclus\u00e3o das pessoas com defici\u00eancia na 18a Confer\u00eancia dos Estados Parte da Conven\u00e7\u00e3o sobre os Direitos das Pessoas com Defici\u00eancia que ocorre na sede da ONU em Nova York, de 10 a 12 de junho.<\/p>\n\n\n\n<p>A pesquisadora da Escola Nacional de Sa\u00fade P\u00fablica da Funda\u00e7\u00e3o Oswaldo Cruz, La\u00eds Silveira Costa, participou de evento paralelo \u00e0 confer\u00eancia sobre &#8220;Acesso Legal para Todos: Linguagem Simples, Leitura F\u00e1cil e Intelig\u00eancia Artificial&#8221;<\/p>\n\n\n\n<p>La\u00eds compartilhou os resultados do que a Fiocruz tem feito nos \u00faltimos anos para democratiza\u00e7\u00e3o do conhecimento, como as cartilhas em Linguagem Simples, criadas em colabora\u00e7\u00e3o com pessoas com defici\u00eancia:<\/p>\n\n\n\n<p>Combata o Capacitismo<\/p>\n\n\n\n<p>Simples Assim \u2013 comunique com todo mundo<\/p>\n\n\n\n<p>Guias de Acessibilidade na Comunica\u00e7\u00e3o<\/p>\n\n\n\n<p>Guia Cuidado \u00e0 Sa\u00fade das Pessoas com Defici\u00eancia<\/p>\n\n\n\n<p>Aten\u00e7\u00e3o Prim\u00e1ria \u00e0 Sa\u00fade das Pessoas com Defici\u00eancia<\/p>\n\n\n\n<p>Direitos e Sa\u00fade Sexual das Pessoas com Defici\u00eancia<\/p>\n\n\n\n<p>Seguran\u00e7a do Paciente com Defici\u00eancia<\/p>\n\n\n\n<p>Cuidado Menstrual de Pessoas com e sem Defici\u00eancia<\/p>\n\n\n\n<p>Aleitamento Materno Inclusivo<\/p>\n\n\n\n<p>Sa\u00fade das Pessoas com S\u00edndrome de Down<\/p>\n\n\n\n<p>Eu Me Protejo \u2013 educa\u00e7\u00e3o inclusiva para preven\u00e7\u00e3o \u00e0 viol\u00eancia<\/p>\n\n\n\n<p>Al\u00e9m dos recursos de acessibilidade e vers\u00f5es em v\u00e1rias l\u00ednguas, foram apresentados os conte\u00fados em literatura de cordel. A contextualiza\u00e7\u00e3o cultural pelo cordel foi especialmente apreciada.<\/p>\n\n\n\n<p>No Brasil j\u00e1 foram distribu\u00eddas cerca de meio milh\u00e3o de cartilhas em programas de p\u00f3s-gradua\u00e7\u00e3o, rodas de conversa, no ensino b\u00e1sico, eventos e, at\u00e9 bibliotecas e museus.<\/p>\n\n\n\n<p>O material contribuiu para popularizar a ideia de que pessoas com defici\u00eancia t\u00eam seus direitos humanos sistematicamente violados.&nbsp;<\/p>\n\n\n\n<p>Difundiu ainda, o conceito de capacitismo que \u00e9 o preconceito contra pessoas em raz\u00e3o de defici\u00eancia.<\/p>\n\n\n\n<p>As cartilhas trazem sugest\u00f5es simples de como remover as barreiras \u00e0 participa\u00e7\u00e3o enfrentadas pelas pessoas com defici\u00eancia.<\/p>\n\n\n\n<p>As publica\u00e7\u00f5es foram apresentadas em encontros bilaterais com v\u00e1rios pa\u00edses. A delega\u00e7\u00e3o italiana elogiou a qualidade do material, que vai fazer parte das refer\u00eancias de seus grupos de trabalho sobre os temas.<\/p>\n\n\n\n<figure class=\"wp-block-image size-large\"><img loading=\"lazy\" decoding=\"async\" width=\"1024\" height=\"768\" src=\"https:\/\/inclusivenews.com.br\/wp-content\/uploads\/2025\/06\/7321cc1c-f431-4586-9461-defae07c3639-1024x768.jpg\" alt=\"imagem de publica\u00e7\u00f5es sobre uma mesa, junto delas um cart\u00e3o com a frase capacitismo \u00e9 crime de guerra\" class=\"wp-image-34778\" srcset=\"https:\/\/inclusivenews.com.br\/wp-content\/uploads\/2025\/06\/7321cc1c-f431-4586-9461-defae07c3639-1024x768.jpg 1024w, https:\/\/inclusivenews.com.br\/wp-content\/uploads\/2025\/06\/7321cc1c-f431-4586-9461-defae07c3639-300x225.jpg 300w, https:\/\/inclusivenews.com.br\/wp-content\/uploads\/2025\/06\/7321cc1c-f431-4586-9461-defae07c3639-768x576.jpg 768w, https:\/\/inclusivenews.com.br\/wp-content\/uploads\/2025\/06\/7321cc1c-f431-4586-9461-defae07c3639.jpg 1280w\" sizes=\"auto, (max-width: 1024px) 100vw, 1024px\" \/><\/figure>\n\n\n\n<figure class=\"wp-block-gallery has-nested-images columns-default is-cropped wp-block-gallery-1 is-layout-flex wp-block-gallery-is-layout-flex\">\n<figure class=\"wp-block-image size-large\"><img loading=\"lazy\" decoding=\"async\" width=\"1024\" height=\"768\" data-id=\"34787\" src=\"https:\/\/inclusivenews.com.br\/wp-content\/uploads\/2025\/06\/IMG_9869-1024x768.jpg\" alt=\"\" class=\"wp-image-34787\" srcset=\"https:\/\/inclusivenews.com.br\/wp-content\/uploads\/2025\/06\/IMG_9869-1024x768.jpg 1024w, https:\/\/inclusivenews.com.br\/wp-content\/uploads\/2025\/06\/IMG_9869-300x225.jpg 300w, https:\/\/inclusivenews.com.br\/wp-content\/uploads\/2025\/06\/IMG_9869-768x576.jpg 768w, https:\/\/inclusivenews.com.br\/wp-content\/uploads\/2025\/06\/IMG_9869-1536x1152.jpg 1536w, https:\/\/inclusivenews.com.br\/wp-content\/uploads\/2025\/06\/IMG_9869-2048x1536.jpg 2048w\" sizes=\"auto, (max-width: 1024px) 100vw, 1024px\" \/><\/figure>\n\n\n\n<figure class=\"wp-block-image size-large\"><img loading=\"lazy\" decoding=\"async\" width=\"1024\" height=\"768\" data-id=\"34786\" src=\"https:\/\/inclusivenews.com.br\/wp-content\/uploads\/2025\/06\/IMG_9872-1024x768.jpg\" alt=\"\" class=\"wp-image-34786\" srcset=\"https:\/\/inclusivenews.com.br\/wp-content\/uploads\/2025\/06\/IMG_9872-1024x768.jpg 1024w, https:\/\/inclusivenews.com.br\/wp-content\/uploads\/2025\/06\/IMG_9872-300x225.jpg 300w, https:\/\/inclusivenews.com.br\/wp-content\/uploads\/2025\/06\/IMG_9872-768x576.jpg 768w, https:\/\/inclusivenews.com.br\/wp-content\/uploads\/2025\/06\/IMG_9872-1536x1152.jpg 1536w, https:\/\/inclusivenews.com.br\/wp-content\/uploads\/2025\/06\/IMG_9872-2048x1536.jpg 2048w\" sizes=\"auto, (max-width: 1024px) 100vw, 1024px\" \/><\/figure>\n\n\n\n<figure class=\"wp-block-image size-large\"><img loading=\"lazy\" decoding=\"async\" width=\"1024\" height=\"768\" data-id=\"34785\" src=\"https:\/\/inclusivenews.com.br\/wp-content\/uploads\/2025\/06\/IMG_9879-1024x768.jpg\" alt=\"\" class=\"wp-image-34785\" srcset=\"https:\/\/inclusivenews.com.br\/wp-content\/uploads\/2025\/06\/IMG_9879-1024x768.jpg 1024w, https:\/\/inclusivenews.com.br\/wp-content\/uploads\/2025\/06\/IMG_9879-300x225.jpg 300w, https:\/\/inclusivenews.com.br\/wp-content\/uploads\/2025\/06\/IMG_9879-768x576.jpg 768w, https:\/\/inclusivenews.com.br\/wp-content\/uploads\/2025\/06\/IMG_9879-1536x1152.jpg 1536w, https:\/\/inclusivenews.com.br\/wp-content\/uploads\/2025\/06\/IMG_9879-2048x1536.jpg 2048w\" sizes=\"auto, (max-width: 1024px) 100vw, 1024px\" \/><\/figure>\n\n\n\n<figure class=\"wp-block-image size-large\"><img loading=\"lazy\" decoding=\"async\" width=\"1024\" height=\"768\" data-id=\"34784\" src=\"https:\/\/inclusivenews.com.br\/wp-content\/uploads\/2025\/06\/IMG_9874-1024x768.jpg\" alt=\"\" class=\"wp-image-34784\" srcset=\"https:\/\/inclusivenews.com.br\/wp-content\/uploads\/2025\/06\/IMG_9874-1024x768.jpg 1024w, https:\/\/inclusivenews.com.br\/wp-content\/uploads\/2025\/06\/IMG_9874-300x225.jpg 300w, https:\/\/inclusivenews.com.br\/wp-content\/uploads\/2025\/06\/IMG_9874-768x576.jpg 768w, https:\/\/inclusivenews.com.br\/wp-content\/uploads\/2025\/06\/IMG_9874-1536x1152.jpg 1536w, https:\/\/inclusivenews.com.br\/wp-content\/uploads\/2025\/06\/IMG_9874.jpg 2016w\" sizes=\"auto, (max-width: 1024px) 100vw, 1024px\" \/><\/figure>\n\n\n\n<figure class=\"wp-block-image size-large\"><img loading=\"lazy\" decoding=\"async\" width=\"768\" height=\"1024\" data-id=\"34783\" src=\"https:\/\/inclusivenews.com.br\/wp-content\/uploads\/2025\/06\/bd5a070d-7d52-4a15-b4a5-740b2192c952-768x1024.jpg\" alt=\"\" class=\"wp-image-34783\" srcset=\"https:\/\/inclusivenews.com.br\/wp-content\/uploads\/2025\/06\/bd5a070d-7d52-4a15-b4a5-740b2192c952-768x1024.jpg 768w, https:\/\/inclusivenews.com.br\/wp-content\/uploads\/2025\/06\/bd5a070d-7d52-4a15-b4a5-740b2192c952-225x300.jpg 225w, https:\/\/inclusivenews.com.br\/wp-content\/uploads\/2025\/06\/bd5a070d-7d52-4a15-b4a5-740b2192c952.jpg 960w\" sizes=\"auto, (max-width: 768px) 100vw, 768px\" \/><\/figure>\n\n\n\n<figure class=\"wp-block-image size-large\"><img loading=\"lazy\" decoding=\"async\" width=\"1024\" height=\"750\" data-id=\"34782\" src=\"https:\/\/inclusivenews.com.br\/wp-content\/uploads\/2025\/06\/677d38ce-6fa8-4e61-9431-6b3a2e1a9924-1024x750.jpg\" alt=\"\" class=\"wp-image-34782\" srcset=\"https:\/\/inclusivenews.com.br\/wp-content\/uploads\/2025\/06\/677d38ce-6fa8-4e61-9431-6b3a2e1a9924-1024x750.jpg 1024w, https:\/\/inclusivenews.com.br\/wp-content\/uploads\/2025\/06\/677d38ce-6fa8-4e61-9431-6b3a2e1a9924-300x220.jpg 300w, https:\/\/inclusivenews.com.br\/wp-content\/uploads\/2025\/06\/677d38ce-6fa8-4e61-9431-6b3a2e1a9924-768x563.jpg 768w, https:\/\/inclusivenews.com.br\/wp-content\/uploads\/2025\/06\/677d38ce-6fa8-4e61-9431-6b3a2e1a9924.jpg 1280w\" sizes=\"auto, (max-width: 1024px) 100vw, 1024px\" \/><\/figure>\n<\/figure>\n","protected":false},"excerpt":{"rendered":"<p>A Fiocruz foi convidada para apresentar suas iniciativas para a promo\u00e7\u00e3o da sa\u00fade, dos direitos e da inclus\u00e3o das pessoas com defici\u00eancia na 18a Confer\u00eancia dos Estados Parte da Conven\u00e7\u00e3o sobre os Direitos das Pessoas com Defici\u00eancia que ocorre na sede da ONU em Nova York, de 10 a 12 de junho. A pesquisadora da [&hellip;]<\/p>\n","protected":false},"author":1,"featured_media":34778,"comment_status":"open","ping_status":"open","sticky":false,"template":"","format":"standard","meta":{"site-container-style":"default","site-container-layout":"default","site-sidebar-layout":"default","disable-article-header":"default","disable-site-header":"default","disable-site-footer":"default","disable-content-area-spacing":"default","footnotes":""},"categories":[1,461],"tags":[809,810,741,742],"class_list":["post-34776","post","type-post","status-publish","format-standard","has-post-thumbnail","hentry","category-blog","category-direitos-e-inclusao","tag-cosp","tag-cosp18","tag-ensp","tag-fiocruz"],"yoast_head":"<!-- This site is optimized with the Yoast SEO plugin v27.4 - https:\/\/yoast.com\/product\/yoast-seo-wordpress\/ -->\n<title>A\u00e7\u00f5es da Fiocruz s\u00e3o destaque em confer\u00eancia da ONU -<\/title>\n<meta name=\"robots\" content=\"index, follow, max-snippet:-1, max-image-preview:large, max-video-preview:-1\" \/>\n<link rel=\"canonical\" href=\"https:\/\/inclusivenews.com.br\/?p=34776\" \/>\n<meta property=\"og:locale\" content=\"pt_PT\" \/>\n<meta property=\"og:type\" content=\"article\" \/>\n<meta property=\"og:title\" content=\"A\u00e7\u00f5es da Fiocruz s\u00e3o destaque em confer\u00eancia da ONU -\" \/>\n<meta property=\"og:description\" content=\"A Fiocruz foi convidada para apresentar suas iniciativas para a promo\u00e7\u00e3o da sa\u00fade, dos direitos e da inclus\u00e3o das pessoas com defici\u00eancia na 18a Confer\u00eancia dos Estados Parte da Conven\u00e7\u00e3o sobre os Direitos das Pessoas com Defici\u00eancia que ocorre na sede da ONU em Nova York, de 10 a 12 de junho. A pesquisadora da [&hellip;]\" \/>\n<meta property=\"og:url\" content=\"https:\/\/inclusivenews.com.br\/?p=34776\" \/>\n<meta property=\"article:publisher\" content=\"https:\/\/www.facebook.com\/agenciainclusive\/\" \/>\n<meta property=\"article:published_time\" content=\"2025-06-11T10:30:00+00:00\" \/>\n<meta property=\"article:modified_time\" content=\"2025-06-11T14:06:30+00:00\" \/>\n<meta property=\"og:image\" content=\"https:\/\/inclusivenews.com.br\/wp-content\/uploads\/2025\/06\/7321cc1c-f431-4586-9461-defae07c3639.jpg\" \/>\n\t<meta property=\"og:image:width\" content=\"1280\" \/>\n\t<meta property=\"og:image:height\" content=\"960\" \/>\n\t<meta property=\"og:image:type\" content=\"image\/jpeg\" \/>\n<meta name=\"author\" content=\"inclusivenews2024\" \/>\n<meta name=\"twitter:card\" content=\"summary_large_image\" \/>\n<meta name=\"twitter:label1\" content=\"Escrito por\" \/>\n\t<meta name=\"twitter:data1\" content=\"inclusivenews2024\" \/>\n\t<meta name=\"twitter:label2\" content=\"Tempo estimado de leitura\" \/>\n\t<meta name=\"twitter:data2\" content=\"4 minutos\" \/>\n<script type=\"application\/ld+json\" class=\"yoast-schema-graph\">{\"@context\":\"https:\\\/\\\/schema.org\",\"@graph\":[{\"@type\":\"Article\",\"@id\":\"https:\\\/\\\/inclusivenews.com.br\\\/?p=34776#article\",\"isPartOf\":{\"@id\":\"https:\\\/\\\/inclusivenews.com.br\\\/?p=34776\"},\"author\":{\"name\":\"inclusivenews2024\",\"@id\":\"https:\\\/\\\/inclusivenews.com.br\\\/#\\\/schema\\\/person\\\/ae4ec7087559b8692fb33b6fffd2273b\"},\"headline\":\"A\u00e7\u00f5es da Fiocruz s\u00e3o destaque em confer\u00eancia da ONU\",\"datePublished\":\"2025-06-11T10:30:00+00:00\",\"dateModified\":\"2025-06-11T14:06:30+00:00\",\"mainEntityOfPage\":{\"@id\":\"https:\\\/\\\/inclusivenews.com.br\\\/?p=34776\"},\"wordCount\":384,\"commentCount\":0,\"publisher\":{\"@id\":\"https:\\\/\\\/inclusivenews.com.br\\\/#organization\"},\"image\":{\"@id\":\"https:\\\/\\\/inclusivenews.com.br\\\/?p=34776#primaryimage\"},\"thumbnailUrl\":\"https:\\\/\\\/inclusivenews.com.br\\\/wp-content\\\/uploads\\\/2025\\\/06\\\/7321cc1c-f431-4586-9461-defae07c3639.jpg\",\"keywords\":[\"COSP\",\"COSP18\",\"ENSP\",\"Fiocruz\"],\"articleSection\":[\"Blog\",\"Direitos e Inclus\u00e3o\"],\"inLanguage\":\"pt-PT\",\"potentialAction\":[{\"@type\":\"CommentAction\",\"name\":\"Comment\",\"target\":[\"https:\\\/\\\/inclusivenews.com.br\\\/?p=34776#respond\"]}]},{\"@type\":\"WebPage\",\"@id\":\"https:\\\/\\\/inclusivenews.com.br\\\/?p=34776\",\"url\":\"https:\\\/\\\/inclusivenews.com.br\\\/?p=34776\",\"name\":\"A\u00e7\u00f5es da Fiocruz s\u00e3o destaque em confer\u00eancia da ONU -\",\"isPartOf\":{\"@id\":\"https:\\\/\\\/inclusivenews.com.br\\\/#website\"},\"primaryImageOfPage\":{\"@id\":\"https:\\\/\\\/inclusivenews.com.br\\\/?p=34776#primaryimage\"},\"image\":{\"@id\":\"https:\\\/\\\/inclusivenews.com.br\\\/?p=34776#primaryimage\"},\"thumbnailUrl\":\"https:\\\/\\\/inclusivenews.com.br\\\/wp-content\\\/uploads\\\/2025\\\/06\\\/7321cc1c-f431-4586-9461-defae07c3639.jpg\",\"datePublished\":\"2025-06-11T10:30:00+00:00\",\"dateModified\":\"2025-06-11T14:06:30+00:00\",\"breadcrumb\":{\"@id\":\"https:\\\/\\\/inclusivenews.com.br\\\/?p=34776#breadcrumb\"},\"inLanguage\":\"pt-PT\",\"potentialAction\":[{\"@type\":\"ReadAction\",\"target\":[\"https:\\\/\\\/inclusivenews.com.br\\\/?p=34776\"]}]},{\"@type\":\"ImageObject\",\"inLanguage\":\"pt-PT\",\"@id\":\"https:\\\/\\\/inclusivenews.com.br\\\/?p=34776#primaryimage\",\"url\":\"https:\\\/\\\/inclusivenews.com.br\\\/wp-content\\\/uploads\\\/2025\\\/06\\\/7321cc1c-f431-4586-9461-defae07c3639.jpg\",\"contentUrl\":\"https:\\\/\\\/inclusivenews.com.br\\\/wp-content\\\/uploads\\\/2025\\\/06\\\/7321cc1c-f431-4586-9461-defae07c3639.jpg\",\"width\":1280,\"height\":960,\"caption\":\"imagem de publica\u00e7\u00f5es sobre uma mesa, junto delas um cart\u00e3o com a frase capacitismo \u00e9 crime de guerra\"},{\"@type\":\"BreadcrumbList\",\"@id\":\"https:\\\/\\\/inclusivenews.com.br\\\/?p=34776#breadcrumb\",\"itemListElement\":[{\"@type\":\"ListItem\",\"position\":1,\"name\":\"In\u00edcio\",\"item\":\"https:\\\/\\\/inclusivenews.com.br\\\/\"},{\"@type\":\"ListItem\",\"position\":2,\"name\":\"A\u00e7\u00f5es da Fiocruz s\u00e3o destaque em confer\u00eancia da ONU\"}]},{\"@type\":\"WebSite\",\"@id\":\"https:\\\/\\\/inclusivenews.com.br\\\/#website\",\"url\":\"https:\\\/\\\/inclusivenews.com.br\\\/\",\"name\":\"Inclusive News\",\"description\":\"Inclusive News\",\"publisher\":{\"@id\":\"https:\\\/\\\/inclusivenews.com.br\\\/#organization\"},\"potentialAction\":[{\"@type\":\"SearchAction\",\"target\":{\"@type\":\"EntryPoint\",\"urlTemplate\":\"https:\\\/\\\/inclusivenews.com.br\\\/?s={search_term_string}\"},\"query-input\":{\"@type\":\"PropertyValueSpecification\",\"valueRequired\":true,\"valueName\":\"search_term_string\"}}],\"inLanguage\":\"pt-PT\"},{\"@type\":\"Organization\",\"@id\":\"https:\\\/\\\/inclusivenews.com.br\\\/#organization\",\"name\":\"Inclusive - inclus\u00e3o e cidadania\",\"url\":\"https:\\\/\\\/inclusivenews.com.br\\\/\",\"logo\":{\"@type\":\"ImageObject\",\"inLanguage\":\"pt-PT\",\"@id\":\"https:\\\/\\\/inclusivenews.com.br\\\/#\\\/schema\\\/logo\\\/image\\\/\",\"url\":\"https:\\\/\\\/inclusivenews.com.br\\\/wp-content\\\/uploads\\\/2024\\\/03\\\/@grandesite.png\",\"contentUrl\":\"https:\\\/\\\/inclusivenews.com.br\\\/wp-content\\\/uploads\\\/2024\\\/03\\\/@grandesite.png\",\"width\":1080,\"height\":1080,\"caption\":\"Inclusive - inclus\u00e3o e cidadania\"},\"image\":{\"@id\":\"https:\\\/\\\/inclusivenews.com.br\\\/#\\\/schema\\\/logo\\\/image\\\/\"},\"sameAs\":[\"https:\\\/\\\/www.facebook.com\\\/agenciainclusive\\\/\",\"https:\\\/\\\/www.instagram.com\\\/newsinclusive\\\/\"]},{\"@type\":\"Person\",\"@id\":\"https:\\\/\\\/inclusivenews.com.br\\\/#\\\/schema\\\/person\\\/ae4ec7087559b8692fb33b6fffd2273b\",\"name\":\"inclusivenews2024\",\"image\":{\"@type\":\"ImageObject\",\"inLanguage\":\"pt-PT\",\"@id\":\"https:\\\/\\\/secure.gravatar.com\\\/avatar\\\/c5a7ef84c66fa914f55bc4f7ce26cfa275a3b9a1c5568b907bd184fb4dde7b40?s=96&d=mm&r=g\",\"url\":\"https:\\\/\\\/secure.gravatar.com\\\/avatar\\\/c5a7ef84c66fa914f55bc4f7ce26cfa275a3b9a1c5568b907bd184fb4dde7b40?s=96&d=mm&r=g\",\"contentUrl\":\"https:\\\/\\\/secure.gravatar.com\\\/avatar\\\/c5a7ef84c66fa914f55bc4f7ce26cfa275a3b9a1c5568b907bd184fb4dde7b40?s=96&d=mm&r=g\",\"caption\":\"inclusivenews2024\"},\"sameAs\":[\"https:\\\/\\\/inclusivenews.com.br\"],\"url\":\"https:\\\/\\\/inclusivenews.com.br\\\/?author=1\"}]}<\/script>\n<!-- \/ Yoast SEO plugin. -->","yoast_head_json":{"title":"A\u00e7\u00f5es da Fiocruz s\u00e3o destaque em confer\u00eancia da ONU -","robots":{"index":"index","follow":"follow","max-snippet":"max-snippet:-1","max-image-preview":"max-image-preview:large","max-video-preview":"max-video-preview:-1"},"canonical":"https:\/\/inclusivenews.com.br\/?p=34776","og_locale":"pt_PT","og_type":"article","og_title":"A\u00e7\u00f5es da Fiocruz s\u00e3o destaque em confer\u00eancia da ONU -","og_description":"A Fiocruz foi convidada para apresentar suas iniciativas para a promo\u00e7\u00e3o da sa\u00fade, dos direitos e da inclus\u00e3o das pessoas com defici\u00eancia na 18a Confer\u00eancia dos Estados Parte da Conven\u00e7\u00e3o sobre os Direitos das Pessoas com Defici\u00eancia que ocorre na sede da ONU em Nova York, de 10 a 12 de junho. A pesquisadora da [&hellip;]","og_url":"https:\/\/inclusivenews.com.br\/?p=34776","article_publisher":"https:\/\/www.facebook.com\/agenciainclusive\/","article_published_time":"2025-06-11T10:30:00+00:00","article_modified_time":"2025-06-11T14:06:30+00:00","og_image":[{"width":1280,"height":960,"url":"https:\/\/inclusivenews.com.br\/wp-content\/uploads\/2025\/06\/7321cc1c-f431-4586-9461-defae07c3639.jpg","type":"image\/jpeg"}],"author":"inclusivenews2024","twitter_card":"summary_large_image","twitter_misc":{"Escrito por":"inclusivenews2024","Tempo estimado de leitura":"4 minutos"},"schema":{"@context":"https:\/\/schema.org","@graph":[{"@type":"Article","@id":"https:\/\/inclusivenews.com.br\/?p=34776#article","isPartOf":{"@id":"https:\/\/inclusivenews.com.br\/?p=34776"},"author":{"name":"inclusivenews2024","@id":"https:\/\/inclusivenews.com.br\/#\/schema\/person\/ae4ec7087559b8692fb33b6fffd2273b"},"headline":"A\u00e7\u00f5es da Fiocruz s\u00e3o destaque em confer\u00eancia da ONU","datePublished":"2025-06-11T10:30:00+00:00","dateModified":"2025-06-11T14:06:30+00:00","mainEntityOfPage":{"@id":"https:\/\/inclusivenews.com.br\/?p=34776"},"wordCount":384,"commentCount":0,"publisher":{"@id":"https:\/\/inclusivenews.com.br\/#organization"},"image":{"@id":"https:\/\/inclusivenews.com.br\/?p=34776#primaryimage"},"thumbnailUrl":"https:\/\/inclusivenews.com.br\/wp-content\/uploads\/2025\/06\/7321cc1c-f431-4586-9461-defae07c3639.jpg","keywords":["COSP","COSP18","ENSP","Fiocruz"],"articleSection":["Blog","Direitos e Inclus\u00e3o"],"inLanguage":"pt-PT","potentialAction":[{"@type":"CommentAction","name":"Comment","target":["https:\/\/inclusivenews.com.br\/?p=34776#respond"]}]},{"@type":"WebPage","@id":"https:\/\/inclusivenews.com.br\/?p=34776","url":"https:\/\/inclusivenews.com.br\/?p=34776","name":"A\u00e7\u00f5es da Fiocruz s\u00e3o destaque em confer\u00eancia da ONU -","isPartOf":{"@id":"https:\/\/inclusivenews.com.br\/#website"},"primaryImageOfPage":{"@id":"https:\/\/inclusivenews.com.br\/?p=34776#primaryimage"},"image":{"@id":"https:\/\/inclusivenews.com.br\/?p=34776#primaryimage"},"thumbnailUrl":"https:\/\/inclusivenews.com.br\/wp-content\/uploads\/2025\/06\/7321cc1c-f431-4586-9461-defae07c3639.jpg","datePublished":"2025-06-11T10:30:00+00:00","dateModified":"2025-06-11T14:06:30+00:00","breadcrumb":{"@id":"https:\/\/inclusivenews.com.br\/?p=34776#breadcrumb"},"inLanguage":"pt-PT","potentialAction":[{"@type":"ReadAction","target":["https:\/\/inclusivenews.com.br\/?p=34776"]}]},{"@type":"ImageObject","inLanguage":"pt-PT","@id":"https:\/\/inclusivenews.com.br\/?p=34776#primaryimage","url":"https:\/\/inclusivenews.com.br\/wp-content\/uploads\/2025\/06\/7321cc1c-f431-4586-9461-defae07c3639.jpg","contentUrl":"https:\/\/inclusivenews.com.br\/wp-content\/uploads\/2025\/06\/7321cc1c-f431-4586-9461-defae07c3639.jpg","width":1280,"height":960,"caption":"imagem de publica\u00e7\u00f5es sobre uma mesa, junto delas um cart\u00e3o com a frase capacitismo \u00e9 crime de guerra"},{"@type":"BreadcrumbList","@id":"https:\/\/inclusivenews.com.br\/?p=34776#breadcrumb","itemListElement":[{"@type":"ListItem","position":1,"name":"In\u00edcio","item":"https:\/\/inclusivenews.com.br\/"},{"@type":"ListItem","position":2,"name":"A\u00e7\u00f5es da Fiocruz s\u00e3o destaque em confer\u00eancia da ONU"}]},{"@type":"WebSite","@id":"https:\/\/inclusivenews.com.br\/#website","url":"https:\/\/inclusivenews.com.br\/","name":"Inclusive News","description":"Inclusive News","publisher":{"@id":"https:\/\/inclusivenews.com.br\/#organization"},"potentialAction":[{"@type":"SearchAction","target":{"@type":"EntryPoint","urlTemplate":"https:\/\/inclusivenews.com.br\/?s={search_term_string}"},"query-input":{"@type":"PropertyValueSpecification","valueRequired":true,"valueName":"search_term_string"}}],"inLanguage":"pt-PT"},{"@type":"Organization","@id":"https:\/\/inclusivenews.com.br\/#organization","name":"Inclusive - inclus\u00e3o e cidadania","url":"https:\/\/inclusivenews.com.br\/","logo":{"@type":"ImageObject","inLanguage":"pt-PT","@id":"https:\/\/inclusivenews.com.br\/#\/schema\/logo\/image\/","url":"https:\/\/inclusivenews.com.br\/wp-content\/uploads\/2024\/03\/@grandesite.png","contentUrl":"https:\/\/inclusivenews.com.br\/wp-content\/uploads\/2024\/03\/@grandesite.png","width":1080,"height":1080,"caption":"Inclusive - inclus\u00e3o e cidadania"},"image":{"@id":"https:\/\/inclusivenews.com.br\/#\/schema\/logo\/image\/"},"sameAs":["https:\/\/www.facebook.com\/agenciainclusive\/","https:\/\/www.instagram.com\/newsinclusive\/"]},{"@type":"Person","@id":"https:\/\/inclusivenews.com.br\/#\/schema\/person\/ae4ec7087559b8692fb33b6fffd2273b","name":"inclusivenews2024","image":{"@type":"ImageObject","inLanguage":"pt-PT","@id":"https:\/\/secure.gravatar.com\/avatar\/c5a7ef84c66fa914f55bc4f7ce26cfa275a3b9a1c5568b907bd184fb4dde7b40?s=96&d=mm&r=g","url":"https:\/\/secure.gravatar.com\/avatar\/c5a7ef84c66fa914f55bc4f7ce26cfa275a3b9a1c5568b907bd184fb4dde7b40?s=96&d=mm&r=g","contentUrl":"https:\/\/secure.gravatar.com\/avatar\/c5a7ef84c66fa914f55bc4f7ce26cfa275a3b9a1c5568b907bd184fb4dde7b40?s=96&d=mm&r=g","caption":"inclusivenews2024"},"sameAs":["https:\/\/inclusivenews.com.br"],"url":"https:\/\/inclusivenews.com.br\/?author=1"}]}},"_links":{"self":[{"href":"https:\/\/inclusivenews.com.br\/index.php?rest_route=\/wp\/v2\/posts\/34776","targetHints":{"allow":["GET"]}}],"collection":[{"href":"https:\/\/inclusivenews.com.br\/index.php?rest_route=\/wp\/v2\/posts"}],"about":[{"href":"https:\/\/inclusivenews.com.br\/index.php?rest_route=\/wp\/v2\/types\/post"}],"author":[{"embeddable":true,"href":"https:\/\/inclusivenews.com.br\/index.php?rest_route=\/wp\/v2\/users\/1"}],"replies":[{"embeddable":true,"href":"https:\/\/inclusivenews.com.br\/index.php?rest_route=%2Fwp%2Fv2%2Fcomments&post=34776"}],"version-history":[{"count":3,"href":"https:\/\/inclusivenews.com.br\/index.php?rest_route=\/wp\/v2\/posts\/34776\/revisions"}],"predecessor-version":[{"id":34788,"href":"https:\/\/inclusivenews.com.br\/index.php?rest_route=\/wp\/v2\/posts\/34776\/revisions\/34788"}],"wp:featuredmedia":[{"embeddable":true,"href":"https:\/\/inclusivenews.com.br\/index.php?rest_route=\/wp\/v2\/media\/34778"}],"wp:attachment":[{"href":"https:\/\/inclusivenews.com.br\/index.php?rest_route=%2Fwp%2Fv2%2Fmedia&parent=34776"}],"wp:term":[{"taxonomy":"category","embeddable":true,"href":"https:\/\/inclusivenews.com.br\/index.php?rest_route=%2Fwp%2Fv2%2Fcategories&post=34776"},{"taxonomy":"post_tag","embeddable":true,"href":"https:\/\/inclusivenews.com.br\/index.php?rest_route=%2Fwp%2Fv2%2Ftags&post=34776"}],"curies":[{"name":"wp","href":"https:\/\/api.w.org\/{rel}","templated":true}]}}