{"id":34821,"date":"2025-06-30T23:47:38","date_gmt":"2025-06-30T23:47:38","guid":{"rendered":"https:\/\/inclusivenews.com.br\/?p=34821"},"modified":"2025-06-30T23:47:39","modified_gmt":"2025-06-30T23:47:39","slug":"o-mito-da-teimosia-por-que-as-pessoas-com-sindrome-de-down-merecem-uma-nova-narrativa","status":"publish","type":"post","link":"https:\/\/inclusivenews.com.br\/?p=34821","title":{"rendered":"O mito da teimosia &#8211; por que as pessoas com s\u00edndrome de Down merecem uma nova narrativa"},"content":{"rendered":"\n<figure class=\"wp-block-image size-large is-resized\"><img loading=\"lazy\" decoding=\"async\" width=\"683\" height=\"1024\" src=\"https:\/\/inclusivenews.com.br\/wp-content\/uploads\/2025\/06\/sd-683x1024.png\" alt=\"mulher e jovem com s\u00edndrome de Down fazem uma salada juntas.\" class=\"wp-image-34822\" style=\"width:501px;height:auto\" srcset=\"https:\/\/inclusivenews.com.br\/wp-content\/uploads\/2025\/06\/sd-683x1024.png 683w, https:\/\/inclusivenews.com.br\/wp-content\/uploads\/2025\/06\/sd-200x300.png 200w, https:\/\/inclusivenews.com.br\/wp-content\/uploads\/2025\/06\/sd-768x1152.png 768w, https:\/\/inclusivenews.com.br\/wp-content\/uploads\/2025\/06\/sd.png 1024w\" sizes=\"auto, (max-width: 683px) 100vw, 683px\" \/><\/figure>\n\n\n\n<p>Quantas vezes j\u00e1 ouvimos essa frase? Quantas vezes at\u00e9 acreditamos nela?<\/p>\n\n\n\n<p>\u201cEles s\u00e3o muito teimosos.\u201d<br>\u201c\u00c9 coisa da s\u00edndrome de Down.\u201d<\/p>\n\n\n\n<p>Vamos parar por aqui.<\/p>\n\n\n\n<p>Quando aceitamos a teimosia como explica\u00e7\u00e3o padr\u00e3o (como se houvesse um \u201cgene da teimosia\u201d), contribu\u00edmos para uma interpreta\u00e7\u00e3o errada do que realmente est\u00e1 acontecendo dentro do sistema nervoso da pessoa com s\u00edndrome de Down.<\/p>\n\n\n\n<p>Teimosia, recusa em \u201cobedecer\u201d, \u201cdesafiar\u201d, e todas essas coisas que nos dizem ser \u201cproblemas de comportamento\u201d comuns \u00e0s pessoas com s\u00edndrome de Down, na verdade s\u00e3o rea\u00e7\u00f5es paralisantes \u2013 um desligamento neurol\u00f3gico quando a demanda \u00e9 dif\u00edcil demais, r\u00e1pida demais ou n\u00e3o \u00e9 compreendida com clareza.<\/p>\n\n\n\n<p>Assim como bater e empurrar s\u00e3o rea\u00e7\u00f5es do tipo <strong>&#8220;luta&#8221;<\/strong>, sair correndo, andar em c\u00edrculos, se recusar a sentar ou fugir da sala s\u00e3o respostas do tipo <strong>&#8220;fuga&#8221;<\/strong>, o desligamento total (shut-down) \u00e9 uma rea\u00e7\u00e3o do tipo <strong>&#8220;paralisante&#8221;<\/strong>.<\/p>\n\n\n\n<p>Quando esses sinais vis\u00edveis de <strong>desregula\u00e7\u00e3o<\/strong> s\u00e3o enfrentados com abordagens comportamentais com recompensas, refor\u00e7os positivos ou puni\u00e7\u00f5es (como perda de privil\u00e9gios), o resultado \u00e9 <strong>mais agita\u00e7\u00e3o e raiva.<\/strong><\/p>\n\n\n\n<p>Pense que voc\u00ea est\u00e1 em uma aula onde todos falam uma l\u00edngua que voc\u00ea n\u00e3o entende. Voc\u00ea n\u00e3o sabe quanto tempo aquilo vai durar, algu\u00e9m faz uma pergunta e voc\u00ea nem percebe que \u00e9 com voc\u00ea, talvez esteja com vontade de ir ao banheiro, e um auxiliar que voc\u00ea n\u00e3o compreende continua te levando de volta ao seu lugar. A\u00ed, quando voc\u00ea tenta sair da sala, tomam seu celular.<\/p>\n\n\n\n<p>Essa tal \u201cteimosia\u201d se torna ainda mais complexa porque \u00e9 o resultado de din\u00e2micas de poder aprendidas. A pessoa est\u00e1 tentando recuperar o controle em um mundo onde quase nunca tem controle algum.<\/p>\n\n\n\n<p>O que parece ser desafio pode, na verdade, ser:<br>\u2022 Uma resposta de estresse de um sistema que ainda est\u00e1 aprendendo a se autorregular<br>\u2022 Um descompasso entre a demanda e a capacidade da pessoa de processar o que est\u00e1 sendo pedido<br>\u2022 Um padr\u00e3o de intera\u00e7\u00e3o adulto-pessoa com s\u00edndrome de Down que vira uma disputa pra ver \u201cquem vence\u201d, ao inv\u00e9s de uma busca por solu\u00e7\u00e3o<br>\u2022 Raiva porque a pessoa deseja ter controle<br>\u2022 Falta de tempo suficiente para processar a informa\u00e7\u00e3o<br>\u2022 Uma necessidade fisiol\u00f3gica no pr\u00f3prio corpo que gera ansiedade<br>\u2022 Um mal-entendido por parte do adulto: dizer \u201cvai se vestir\u201d n\u00e3o \u00e9 algo simples se a pessoa n\u00e3o tem integra\u00e7\u00e3o entre direita e esquerda (algo frequentemente afetado por reflexos primitivos mal integrados e imaturidade nos centros vestibular e cerebelar)<\/p>\n\n\n\n<p>\u2e3b<\/p>\n\n\n\n<p>EM VEZ DE DISPUTA DE PODER, OFERE\u00c7A ESCOLHAS EMPODERADAS:<\/p>\n\n\n\n<p>Escolher gera pertencimento. Pertencimento reduz resist\u00eancia.<\/p>\n\n\n\n<p>Isso n\u00e3o tem nada a ver com ser \u201cpermissivo\u201d. \u00c9 um est\u00edmulo do neurodesenvolvimento.<\/p>\n\n\n\n<p>E, como tudo relacionado ao neurodesenvolvimento, come\u00e7a pela nossa mentalidade.<\/p>\n\n\n\n<p>Voc\u00ea acredita no estere\u00f3tipo de que \u201cpessoas com s\u00edndrome de Down s\u00e3o teimosas\u201d? Se sim, por qu\u00ea?<\/p>\n\n\n\n<p>Vamos come\u00e7ar encontrando as pessoas com s\u00edndrome de Down onde suas necessidades neurol\u00f3gicas est\u00e3o.<\/p>\n\n\n\n<p>Afinal, n\u00e3o importa o quanto a recompensa seja doce ou a consequ\u00eancia seja negativa. <\/p>\n\n\n\n<p>N\u00e3o d\u00e1 para recompensar ou castigar um sistema nervoso.<\/p>\n\n\n\n<p>Se n\u00e3o for uma quest\u00e3o de tempo ou de seguran\u00e7a, passe o controle para a pessoa. <\/p>\n\n\n\n<p>D\u00ea o tempo que for necess\u00e1rio para a pessoa responder.<\/p>\n\n\n\n<p>\u2e3b<\/p>\n\n\n\n<p>ANTES DE MAIS NADA: REGULE PRIMEIRO, DEPOIS CONVIDE A PESSOA A SE CONECTAR<\/p>\n\n\n\n<p>Antes de oferecer escolha, estrutura ou convite \u00e0 colabora\u00e7\u00e3o, \u00e9 preciso acalmar o sistema nervoso \u2013 da pessoa com s\u00edndrome de Down e do adulto.<\/p>\n\n\n\n<p>Se a pessoa estiver em estado simp\u00e1tico (luta, fuga ou paralisia), o corpo dela est\u00e1 em modo sobreviv\u00eancia, n\u00e3o em modo de conex\u00e3o.<\/p>\n\n\n\n<p>E se voc\u00ea estiver no \u201cmodo luta\u201d, n\u00e3o vai conseguir criar oportunidades de conex\u00e3o com sucesso.<\/p>\n\n\n\n<p>Comece com atividades de regula\u00e7\u00e3o como: respira\u00e7\u00e3o profunda, balan\u00e7ar numa cadeira, abra\u00e7o apertado, presen\u00e7a conjunta em sil\u00eancio.<\/p>\n\n\n\n<p>Regule primeiro, depois convide a colaborar.<\/p>\n\n\n\n<p>\u2e3b<\/p>\n\n\n\n<p>10 FORMAS DE TRAZER EMPODERAMENTO PARA A ROTINA (MESMO NA CORRERIA)<br><br>1. Crie uma Agenda Di\u00e1ria Juntos<br>Comece o dia dizendo: \u201cEssas s\u00e3o as coisas que precisamos fazer hoje. O que voc\u00ea gostaria de fazer?\u201d <br>Use imagens, palavras ou \u00edcones. Pergunte: \u201cQue horas vamos ao parque?\u201d e deixe que ela mesma coloque no calend\u00e1rio. <br>Escolha = envolvimento.<br><br>2. Planeje a Manh\u00e3 na Noite Anterior<br>Num quadro ou cartaz no quarto, desenhem juntos a rotina: escolha a roupa, desenhe ou escreva os passos: <br>\u201cme vestir, escovar os dentes, tomar caf\u00e9, arrumar a mochila\u201d. Deixe que ela marque os itens de manh\u00e3. <br>Ela comanda o ritmo.<br><br>3. Delegue o Card\u00e1pio e as Compras<br>Sente com seu filho(a) e criem juntos a lista: \u201cEscolha tr\u00eas legumes que voc\u00ea quiser.<br>Voc\u00ea escolhe o lanche. O que precisamos pro caf\u00e9 da manh\u00e3?\u201d <br>Com idade suficiente, ela mesma pode buscar no mercado, pesar, usar o caixa autom\u00e1tico.<br><br>4. Deixe Liderar na Cozinha<br>Lavar frutas? Misturar ingredientes? Mexer a sopa? Isso n\u00e3o s\u00e3o tarefas, s\u00e3o experi\u00eancias de controle e conquista. <br>E ainda fortalece o v\u00ednculo. Eu amo cozinhar com o Lucas. Somos parceiros na cozinha. Erramos juntos, ajudamos um ao outro.<br><br>5. Cultive Juntos<br>Mesmo que seja s\u00f3 um vasinho, deixe que a crian\u00e7a escolha o que plantar, regar, acompanhar e depois cozinhar. <br>Isso cria pertencimento da terra ao prato.<br><br>6. D\u00ea Poder de Planejamento<br>Antes de eventos novos (terapia, passeio, m\u00e9dico), desenhe um quadro do tipo: \u201cPrimeiro <em>, depois <\/em>, depois __, FIM!\u201d <br>Deixe a pessoa montar a sequ\u00eancia ou ir marcando. Estrutura gera seguran\u00e7a. Previsibilidade gera participa\u00e7\u00e3o.<br><br>7. Autonomia nas Roupas<br>Dependendo da idade: separe duas op\u00e7\u00f5es e deixe escolher ou permita criar seu pr\u00f3prio look. <br>Decis\u00f5es pequenas evitam resist\u00eancia em decis\u00f5es grandes. Mostra que a opini\u00e3o dela importa. <br>E, a menos que esteja em risco de hipotermia ou insola\u00e7\u00e3o, respeite a escolha.<br><br>8. Rotina de escovar os dentes com Autonomia<br>Em vez de \u201cVai escovar os dentes!\u201d, diga: \u201cVoc\u00ea quer escovar antes ou depois de ler?\u201d <br>Deixe escolher a pasta, colocar o cron\u00f4metro, talvez at\u00e9 escovar com voc\u00ea. O foco \u00e9 autonomia, n\u00e3o obedi\u00eancia.<br><br>9. Mostre Sua Vulnerabilidade<br>Se algu\u00e9m nunca erra e s\u00f3 aponta seus erros, voc\u00ea se sentiria motivado? <br>Errar junto, rir junto, pedir ajuda \u00e0 crian\u00e7a, mostrar que aprendemos com ela. <br>A ideia \u00e9 que seu filho pense: \u201cPreciso da minha m\u00e3e pra me ajudar\u201d e n\u00e3o \u201cN\u00e3o conta pra minha m\u00e3e!<br><br>10. Gratid\u00e3o<br>Diga: \u201cObrigada por me ajudar no mercado\u201d, ou \u201cFoi t\u00e3o bom nosso passeio, obrigada por compartilhar isso comigo\u201d, <br>ou \u201cEssa receita ficou \u00f3tima, obrigada!\u201d. Gratid\u00e3o constr\u00f3i fun\u00e7\u00e3o executiva, confian\u00e7a e co-regula\u00e7\u00e3o \u2014 sem press\u00e3o.<br><\/p>\n\n\n\n<p>Geralyn Spiesz &#8211; Terapeuta ocupacional<\/p>\n\n\n\n<p>Traduzido e adaptado de: <a href=\"http:\/\/dsactionplan.com\/the-stubborn-myth-why-our-kids-deserve-a-better-narrative\/\">dsactionplan.com\/the-stubborn-myth-why-our-kids-deserve-a-better-narrative\/<\/a><\/p>\n\n\n\n<p><\/p>\n","protected":false},"excerpt":{"rendered":"<p>Quantas vezes j\u00e1 ouvimos essa frase? Quantas vezes at\u00e9 acreditamos nela? \u201cEles s\u00e3o muito teimosos.\u201d\u201c\u00c9 coisa da s\u00edndrome de Down.\u201d Vamos parar por aqui. Quando aceitamos a teimosia como explica\u00e7\u00e3o padr\u00e3o (como se houvesse um \u201cgene da teimosia\u201d), contribu\u00edmos para uma interpreta\u00e7\u00e3o errada do que realmente est\u00e1 acontecendo dentro do sistema nervoso da pessoa com [&hellip;]<\/p>\n","protected":false},"author":1,"featured_media":34822,"comment_status":"open","ping_status":"open","sticky":false,"template":"","format":"standard","meta":{"site-container-style":"default","site-container-layout":"default","site-sidebar-layout":"default","disable-article-header":"default","disable-site-header":"default","disable-site-footer":"default","disable-content-area-spacing":"default","footnotes":""},"categories":[439,1,477],"tags":[],"class_list":["post-34821","post","type-post","status-publish","format-standard","has-post-thumbnail","hentry","category-autismo-2","category-blog","category-comunicacao"],"yoast_head":"<!-- This site is optimized with the Yoast SEO plugin v27.5 - https:\/\/yoast.com\/product\/yoast-seo-wordpress\/ -->\n<title>O mito da teimosia - por que as pessoas com s\u00edndrome de Down merecem uma nova narrativa -<\/title>\n<meta name=\"robots\" content=\"index, follow, max-snippet:-1, max-image-preview:large, max-video-preview:-1\" \/>\n<link rel=\"canonical\" href=\"https:\/\/inclusivenews.com.br\/?p=34821\" \/>\n<meta property=\"og:locale\" content=\"pt_PT\" \/>\n<meta property=\"og:type\" content=\"article\" \/>\n<meta property=\"og:title\" content=\"O mito da teimosia - por que as pessoas com s\u00edndrome de Down merecem uma nova narrativa -\" \/>\n<meta property=\"og:description\" content=\"Quantas vezes j\u00e1 ouvimos essa frase? Quantas vezes at\u00e9 acreditamos nela? \u201cEles s\u00e3o muito teimosos.\u201d\u201c\u00c9 coisa da s\u00edndrome de Down.\u201d Vamos parar por aqui. Quando aceitamos a teimosia como explica\u00e7\u00e3o padr\u00e3o (como se houvesse um \u201cgene da teimosia\u201d), contribu\u00edmos para uma interpreta\u00e7\u00e3o errada do que realmente est\u00e1 acontecendo dentro do sistema nervoso da pessoa com [&hellip;]\" \/>\n<meta property=\"og:url\" content=\"https:\/\/inclusivenews.com.br\/?p=34821\" \/>\n<meta property=\"article:publisher\" content=\"https:\/\/www.facebook.com\/agenciainclusive\/\" \/>\n<meta property=\"article:published_time\" content=\"2025-06-30T23:47:38+00:00\" \/>\n<meta property=\"article:modified_time\" content=\"2025-06-30T23:47:39+00:00\" \/>\n<meta property=\"og:image\" content=\"https:\/\/inclusivenews.com.br\/wp-content\/uploads\/2025\/06\/sd-683x1024.png\" \/>\n\t<meta property=\"og:image:width\" content=\"683\" \/>\n\t<meta property=\"og:image:height\" content=\"1024\" \/>\n\t<meta property=\"og:image:type\" content=\"image\/png\" \/>\n<meta name=\"author\" content=\"inclusivenews2024\" \/>\n<meta name=\"twitter:card\" content=\"summary_large_image\" \/>\n<meta name=\"twitter:label1\" content=\"Escrito por\" \/>\n\t<meta name=\"twitter:data1\" content=\"inclusivenews2024\" \/>\n\t<meta name=\"twitter:label2\" content=\"Tempo estimado de leitura\" \/>\n\t<meta name=\"twitter:data2\" content=\"7 minutos\" \/>\n<script type=\"application\/ld+json\" class=\"yoast-schema-graph\">{\"@context\":\"https:\\\/\\\/schema.org\",\"@graph\":[{\"@type\":\"Article\",\"@id\":\"https:\\\/\\\/inclusivenews.com.br\\\/?p=34821#article\",\"isPartOf\":{\"@id\":\"https:\\\/\\\/inclusivenews.com.br\\\/?p=34821\"},\"author\":{\"name\":\"inclusivenews2024\",\"@id\":\"https:\\\/\\\/inclusivenews.com.br\\\/#\\\/schema\\\/person\\\/ae4ec7087559b8692fb33b6fffd2273b\"},\"headline\":\"O mito da teimosia &#8211; por que as pessoas com s\u00edndrome de Down merecem uma nova narrativa\",\"datePublished\":\"2025-06-30T23:47:38+00:00\",\"dateModified\":\"2025-06-30T23:47:39+00:00\",\"mainEntityOfPage\":{\"@id\":\"https:\\\/\\\/inclusivenews.com.br\\\/?p=34821\"},\"wordCount\":1161,\"commentCount\":1,\"publisher\":{\"@id\":\"https:\\\/\\\/inclusivenews.com.br\\\/#organization\"},\"image\":{\"@id\":\"https:\\\/\\\/inclusivenews.com.br\\\/?p=34821#primaryimage\"},\"thumbnailUrl\":\"https:\\\/\\\/inclusivenews.com.br\\\/wp-content\\\/uploads\\\/2025\\\/06\\\/sd.png\",\"articleSection\":[\"AUTISMO\",\"Blog\",\"Comunica\u00e7\u00e3o\"],\"inLanguage\":\"pt-PT\",\"potentialAction\":[{\"@type\":\"CommentAction\",\"name\":\"Comment\",\"target\":[\"https:\\\/\\\/inclusivenews.com.br\\\/?p=34821#respond\"]}]},{\"@type\":\"WebPage\",\"@id\":\"https:\\\/\\\/inclusivenews.com.br\\\/?p=34821\",\"url\":\"https:\\\/\\\/inclusivenews.com.br\\\/?p=34821\",\"name\":\"O mito da teimosia - por que as pessoas com s\u00edndrome de Down merecem uma nova narrativa -\",\"isPartOf\":{\"@id\":\"https:\\\/\\\/inclusivenews.com.br\\\/#website\"},\"primaryImageOfPage\":{\"@id\":\"https:\\\/\\\/inclusivenews.com.br\\\/?p=34821#primaryimage\"},\"image\":{\"@id\":\"https:\\\/\\\/inclusivenews.com.br\\\/?p=34821#primaryimage\"},\"thumbnailUrl\":\"https:\\\/\\\/inclusivenews.com.br\\\/wp-content\\\/uploads\\\/2025\\\/06\\\/sd.png\",\"datePublished\":\"2025-06-30T23:47:38+00:00\",\"dateModified\":\"2025-06-30T23:47:39+00:00\",\"breadcrumb\":{\"@id\":\"https:\\\/\\\/inclusivenews.com.br\\\/?p=34821#breadcrumb\"},\"inLanguage\":\"pt-PT\",\"potentialAction\":[{\"@type\":\"ReadAction\",\"target\":[\"https:\\\/\\\/inclusivenews.com.br\\\/?p=34821\"]}]},{\"@type\":\"ImageObject\",\"inLanguage\":\"pt-PT\",\"@id\":\"https:\\\/\\\/inclusivenews.com.br\\\/?p=34821#primaryimage\",\"url\":\"https:\\\/\\\/inclusivenews.com.br\\\/wp-content\\\/uploads\\\/2025\\\/06\\\/sd.png\",\"contentUrl\":\"https:\\\/\\\/inclusivenews.com.br\\\/wp-content\\\/uploads\\\/2025\\\/06\\\/sd.png\",\"width\":1024,\"height\":1536,\"caption\":\"mulher e jovem com s\u00edndrome de Down fazem uma salada juntas.\"},{\"@type\":\"BreadcrumbList\",\"@id\":\"https:\\\/\\\/inclusivenews.com.br\\\/?p=34821#breadcrumb\",\"itemListElement\":[{\"@type\":\"ListItem\",\"position\":1,\"name\":\"In\u00edcio\",\"item\":\"https:\\\/\\\/inclusivenews.com.br\\\/\"},{\"@type\":\"ListItem\",\"position\":2,\"name\":\"O mito da teimosia &#8211; por que as pessoas com s\u00edndrome de Down merecem uma nova narrativa\"}]},{\"@type\":\"WebSite\",\"@id\":\"https:\\\/\\\/inclusivenews.com.br\\\/#website\",\"url\":\"https:\\\/\\\/inclusivenews.com.br\\\/\",\"name\":\"Inclusive News\",\"description\":\"Inclusive News\",\"publisher\":{\"@id\":\"https:\\\/\\\/inclusivenews.com.br\\\/#organization\"},\"potentialAction\":[{\"@type\":\"SearchAction\",\"target\":{\"@type\":\"EntryPoint\",\"urlTemplate\":\"https:\\\/\\\/inclusivenews.com.br\\\/?s={search_term_string}\"},\"query-input\":{\"@type\":\"PropertyValueSpecification\",\"valueRequired\":true,\"valueName\":\"search_term_string\"}}],\"inLanguage\":\"pt-PT\"},{\"@type\":\"Organization\",\"@id\":\"https:\\\/\\\/inclusivenews.com.br\\\/#organization\",\"name\":\"Inclusive - inclus\u00e3o e cidadania\",\"url\":\"https:\\\/\\\/inclusivenews.com.br\\\/\",\"logo\":{\"@type\":\"ImageObject\",\"inLanguage\":\"pt-PT\",\"@id\":\"https:\\\/\\\/inclusivenews.com.br\\\/#\\\/schema\\\/logo\\\/image\\\/\",\"url\":\"https:\\\/\\\/inclusivenews.com.br\\\/wp-content\\\/uploads\\\/2024\\\/03\\\/@grandesite.png\",\"contentUrl\":\"https:\\\/\\\/inclusivenews.com.br\\\/wp-content\\\/uploads\\\/2024\\\/03\\\/@grandesite.png\",\"width\":1080,\"height\":1080,\"caption\":\"Inclusive - inclus\u00e3o e cidadania\"},\"image\":{\"@id\":\"https:\\\/\\\/inclusivenews.com.br\\\/#\\\/schema\\\/logo\\\/image\\\/\"},\"sameAs\":[\"https:\\\/\\\/www.facebook.com\\\/agenciainclusive\\\/\",\"https:\\\/\\\/www.instagram.com\\\/newsinclusive\\\/\"]},{\"@type\":\"Person\",\"@id\":\"https:\\\/\\\/inclusivenews.com.br\\\/#\\\/schema\\\/person\\\/ae4ec7087559b8692fb33b6fffd2273b\",\"name\":\"inclusivenews2024\",\"image\":{\"@type\":\"ImageObject\",\"inLanguage\":\"pt-PT\",\"@id\":\"https:\\\/\\\/secure.gravatar.com\\\/avatar\\\/c5a7ef84c66fa914f55bc4f7ce26cfa275a3b9a1c5568b907bd184fb4dde7b40?s=96&d=mm&r=g\",\"url\":\"https:\\\/\\\/secure.gravatar.com\\\/avatar\\\/c5a7ef84c66fa914f55bc4f7ce26cfa275a3b9a1c5568b907bd184fb4dde7b40?s=96&d=mm&r=g\",\"contentUrl\":\"https:\\\/\\\/secure.gravatar.com\\\/avatar\\\/c5a7ef84c66fa914f55bc4f7ce26cfa275a3b9a1c5568b907bd184fb4dde7b40?s=96&d=mm&r=g\",\"caption\":\"inclusivenews2024\"},\"sameAs\":[\"https:\\\/\\\/inclusivenews.com.br\"],\"url\":\"https:\\\/\\\/inclusivenews.com.br\\\/?author=1\"}]}<\/script>\n<!-- \/ Yoast SEO plugin. -->","yoast_head_json":{"title":"O mito da teimosia - por que as pessoas com s\u00edndrome de Down merecem uma nova narrativa -","robots":{"index":"index","follow":"follow","max-snippet":"max-snippet:-1","max-image-preview":"max-image-preview:large","max-video-preview":"max-video-preview:-1"},"canonical":"https:\/\/inclusivenews.com.br\/?p=34821","og_locale":"pt_PT","og_type":"article","og_title":"O mito da teimosia - por que as pessoas com s\u00edndrome de Down merecem uma nova narrativa -","og_description":"Quantas vezes j\u00e1 ouvimos essa frase? Quantas vezes at\u00e9 acreditamos nela? \u201cEles s\u00e3o muito teimosos.\u201d\u201c\u00c9 coisa da s\u00edndrome de Down.\u201d Vamos parar por aqui. Quando aceitamos a teimosia como explica\u00e7\u00e3o padr\u00e3o (como se houvesse um \u201cgene da teimosia\u201d), contribu\u00edmos para uma interpreta\u00e7\u00e3o errada do que realmente est\u00e1 acontecendo dentro do sistema nervoso da pessoa com [&hellip;]","og_url":"https:\/\/inclusivenews.com.br\/?p=34821","article_publisher":"https:\/\/www.facebook.com\/agenciainclusive\/","article_published_time":"2025-06-30T23:47:38+00:00","article_modified_time":"2025-06-30T23:47:39+00:00","og_image":[{"width":683,"height":1024,"url":"https:\/\/inclusivenews.com.br\/wp-content\/uploads\/2025\/06\/sd-683x1024.png","type":"image\/png"}],"author":"inclusivenews2024","twitter_card":"summary_large_image","twitter_misc":{"Escrito por":"inclusivenews2024","Tempo estimado de leitura":"7 minutos"},"schema":{"@context":"https:\/\/schema.org","@graph":[{"@type":"Article","@id":"https:\/\/inclusivenews.com.br\/?p=34821#article","isPartOf":{"@id":"https:\/\/inclusivenews.com.br\/?p=34821"},"author":{"name":"inclusivenews2024","@id":"https:\/\/inclusivenews.com.br\/#\/schema\/person\/ae4ec7087559b8692fb33b6fffd2273b"},"headline":"O mito da teimosia &#8211; por que as pessoas com s\u00edndrome de Down merecem uma nova narrativa","datePublished":"2025-06-30T23:47:38+00:00","dateModified":"2025-06-30T23:47:39+00:00","mainEntityOfPage":{"@id":"https:\/\/inclusivenews.com.br\/?p=34821"},"wordCount":1161,"commentCount":1,"publisher":{"@id":"https:\/\/inclusivenews.com.br\/#organization"},"image":{"@id":"https:\/\/inclusivenews.com.br\/?p=34821#primaryimage"},"thumbnailUrl":"https:\/\/inclusivenews.com.br\/wp-content\/uploads\/2025\/06\/sd.png","articleSection":["AUTISMO","Blog","Comunica\u00e7\u00e3o"],"inLanguage":"pt-PT","potentialAction":[{"@type":"CommentAction","name":"Comment","target":["https:\/\/inclusivenews.com.br\/?p=34821#respond"]}]},{"@type":"WebPage","@id":"https:\/\/inclusivenews.com.br\/?p=34821","url":"https:\/\/inclusivenews.com.br\/?p=34821","name":"O mito da teimosia - por que as pessoas com s\u00edndrome de Down merecem uma nova narrativa -","isPartOf":{"@id":"https:\/\/inclusivenews.com.br\/#website"},"primaryImageOfPage":{"@id":"https:\/\/inclusivenews.com.br\/?p=34821#primaryimage"},"image":{"@id":"https:\/\/inclusivenews.com.br\/?p=34821#primaryimage"},"thumbnailUrl":"https:\/\/inclusivenews.com.br\/wp-content\/uploads\/2025\/06\/sd.png","datePublished":"2025-06-30T23:47:38+00:00","dateModified":"2025-06-30T23:47:39+00:00","breadcrumb":{"@id":"https:\/\/inclusivenews.com.br\/?p=34821#breadcrumb"},"inLanguage":"pt-PT","potentialAction":[{"@type":"ReadAction","target":["https:\/\/inclusivenews.com.br\/?p=34821"]}]},{"@type":"ImageObject","inLanguage":"pt-PT","@id":"https:\/\/inclusivenews.com.br\/?p=34821#primaryimage","url":"https:\/\/inclusivenews.com.br\/wp-content\/uploads\/2025\/06\/sd.png","contentUrl":"https:\/\/inclusivenews.com.br\/wp-content\/uploads\/2025\/06\/sd.png","width":1024,"height":1536,"caption":"mulher e jovem com s\u00edndrome de Down fazem uma salada juntas."},{"@type":"BreadcrumbList","@id":"https:\/\/inclusivenews.com.br\/?p=34821#breadcrumb","itemListElement":[{"@type":"ListItem","position":1,"name":"In\u00edcio","item":"https:\/\/inclusivenews.com.br\/"},{"@type":"ListItem","position":2,"name":"O mito da teimosia &#8211; por que as pessoas com s\u00edndrome de Down merecem uma nova narrativa"}]},{"@type":"WebSite","@id":"https:\/\/inclusivenews.com.br\/#website","url":"https:\/\/inclusivenews.com.br\/","name":"Inclusive News","description":"Inclusive News","publisher":{"@id":"https:\/\/inclusivenews.com.br\/#organization"},"potentialAction":[{"@type":"SearchAction","target":{"@type":"EntryPoint","urlTemplate":"https:\/\/inclusivenews.com.br\/?s={search_term_string}"},"query-input":{"@type":"PropertyValueSpecification","valueRequired":true,"valueName":"search_term_string"}}],"inLanguage":"pt-PT"},{"@type":"Organization","@id":"https:\/\/inclusivenews.com.br\/#organization","name":"Inclusive - inclus\u00e3o e cidadania","url":"https:\/\/inclusivenews.com.br\/","logo":{"@type":"ImageObject","inLanguage":"pt-PT","@id":"https:\/\/inclusivenews.com.br\/#\/schema\/logo\/image\/","url":"https:\/\/inclusivenews.com.br\/wp-content\/uploads\/2024\/03\/@grandesite.png","contentUrl":"https:\/\/inclusivenews.com.br\/wp-content\/uploads\/2024\/03\/@grandesite.png","width":1080,"height":1080,"caption":"Inclusive - inclus\u00e3o e cidadania"},"image":{"@id":"https:\/\/inclusivenews.com.br\/#\/schema\/logo\/image\/"},"sameAs":["https:\/\/www.facebook.com\/agenciainclusive\/","https:\/\/www.instagram.com\/newsinclusive\/"]},{"@type":"Person","@id":"https:\/\/inclusivenews.com.br\/#\/schema\/person\/ae4ec7087559b8692fb33b6fffd2273b","name":"inclusivenews2024","image":{"@type":"ImageObject","inLanguage":"pt-PT","@id":"https:\/\/secure.gravatar.com\/avatar\/c5a7ef84c66fa914f55bc4f7ce26cfa275a3b9a1c5568b907bd184fb4dde7b40?s=96&d=mm&r=g","url":"https:\/\/secure.gravatar.com\/avatar\/c5a7ef84c66fa914f55bc4f7ce26cfa275a3b9a1c5568b907bd184fb4dde7b40?s=96&d=mm&r=g","contentUrl":"https:\/\/secure.gravatar.com\/avatar\/c5a7ef84c66fa914f55bc4f7ce26cfa275a3b9a1c5568b907bd184fb4dde7b40?s=96&d=mm&r=g","caption":"inclusivenews2024"},"sameAs":["https:\/\/inclusivenews.com.br"],"url":"https:\/\/inclusivenews.com.br\/?author=1"}]}},"_links":{"self":[{"href":"https:\/\/inclusivenews.com.br\/index.php?rest_route=\/wp\/v2\/posts\/34821","targetHints":{"allow":["GET"]}}],"collection":[{"href":"https:\/\/inclusivenews.com.br\/index.php?rest_route=\/wp\/v2\/posts"}],"about":[{"href":"https:\/\/inclusivenews.com.br\/index.php?rest_route=\/wp\/v2\/types\/post"}],"author":[{"embeddable":true,"href":"https:\/\/inclusivenews.com.br\/index.php?rest_route=\/wp\/v2\/users\/1"}],"replies":[{"embeddable":true,"href":"https:\/\/inclusivenews.com.br\/index.php?rest_route=%2Fwp%2Fv2%2Fcomments&post=34821"}],"version-history":[{"count":1,"href":"https:\/\/inclusivenews.com.br\/index.php?rest_route=\/wp\/v2\/posts\/34821\/revisions"}],"predecessor-version":[{"id":34823,"href":"https:\/\/inclusivenews.com.br\/index.php?rest_route=\/wp\/v2\/posts\/34821\/revisions\/34823"}],"wp:featuredmedia":[{"embeddable":true,"href":"https:\/\/inclusivenews.com.br\/index.php?rest_route=\/wp\/v2\/media\/34822"}],"wp:attachment":[{"href":"https:\/\/inclusivenews.com.br\/index.php?rest_route=%2Fwp%2Fv2%2Fmedia&parent=34821"}],"wp:term":[{"taxonomy":"category","embeddable":true,"href":"https:\/\/inclusivenews.com.br\/index.php?rest_route=%2Fwp%2Fv2%2Fcategories&post=34821"},{"taxonomy":"post_tag","embeddable":true,"href":"https:\/\/inclusivenews.com.br\/index.php?rest_route=%2Fwp%2Fv2%2Ftags&post=34821"}],"curies":[{"name":"wp","href":"https:\/\/api.w.org\/{rel}","templated":true}]}}