{"id":34839,"date":"2025-07-04T18:48:35","date_gmt":"2025-07-04T18:48:35","guid":{"rendered":"https:\/\/inclusivenews.com.br\/?p=34839"},"modified":"2025-07-04T18:48:36","modified_gmt":"2025-07-04T18:48:36","slug":"fiocruz-lanca-cartilha-inedita-sobre-sindrome-de-down","status":"publish","type":"post","link":"https:\/\/inclusivenews.com.br\/?p=34839","title":{"rendered":"Fiocruz lan\u00e7a cartilha in\u00e9dita sobre s\u00edndrome de Down"},"content":{"rendered":"\n<p class=\"has-yuki-font-medium-font-size\">O material foi feito com a participa\u00e7\u00e3o direta de pessoas com defici\u00eancia intelectual<\/p>\n\n\n\n<p>No dia 9, a Fiocruz vai lan\u00e7ar uma cartilha muito especial: feita com e para pessoas com s\u00edndrome de Down. \u00c9 a primeira vez no mundo que um material assim \u00e9 produzido com esse cuidado, desde o conte\u00fado at\u00e9 as imagens. E mais importante: tudo foi feito de forma participativa, com a colabora\u00e7\u00e3o direta de pessoas com defici\u00eancia intelectual em todas as etapas.<\/p>\n\n\n\n<p>A cartilha fala sobre o que \u00e9 ter e viver com s\u00edndrome de Down, trazendo temas como direitos, inf\u00e2ncia, juventude, vida adulta e envelhecimento. Tudo isso em linguagem simples, acess\u00edvel, com imagens validadas pelas pr\u00f3prias pessoas com defici\u00eancia. A ideia \u00e9 garantir que todos entendam e se reconhe\u00e7am.<\/p>\n\n\n\n<p>Um ponto muito importante: a cartilha tamb\u00e9m traz o recorte racial, reconhecendo que mais da metade das pessoas com s\u00edndrome de Down no Brasil s\u00e3o pretas ou pardas. Essa representatividade \u00e9 fundamental para combater o racismo e o capacitismo, que ainda excluem muitas pessoas do acesso a direitos b\u00e1sicos.<\/p>\n\n\n\n<p>O material foi feito com muito cuidado, ao longo de um processo cheio de idas e vindas e certamente ainda vir\u00e3o outras vers\u00f5es, porque sempre d\u00e1 pra melhorar.<\/p>\n\n\n\n<p>Parab\u00e9ns \u00e0 querida La\u00eds S. Costa, da Escola Nacional de Sa\u00fade P\u00fablica (ENSP\/Fiocruz), que coordenou esse trabalho com tanta dedica\u00e7\u00e3o e espalha o acesso \u00e0 informa\u00e7\u00e3o por meio da linguagem simples. Parab\u00e9ns tamb\u00e9m a todas as pessoas que participaram do processo e \u00e0 Fiocruz, por mais essa a\u00e7\u00e3o pioneira e transformadora!<\/p>\n\n\n\n<p>A cartilha ter\u00e1 tiragem inicial de 10 mil exemplares, em formato A4, pra facilitar a leitura, e ser\u00e1 distribu\u00edda gratuitamente. O lan\u00e7amento ser\u00e1 feito na ENSP por uma das coautoras, Ana Carolina Silva Bandeira, mulher com s\u00edndrome de Down.<\/p>\n\n\n\n<p>Confira o arquivo na \u00edntegra:<\/p>\n\n\n\n<div data-wp-interactive=\"core\/file\" class=\"wp-block-file\"><object data-wp-bind--hidden=\"!state.hasPdfPreview\" hidden class=\"wp-block-file__embed\" data=\"https:\/\/inclusivenews.com.br\/wp-content\/uploads\/2025\/07\/Cartilha-SD-NOVA_30_06_25_FINAL.pdf\" type=\"application\/pdf\" style=\"width:100%;height:600px\" aria-label=\"Incorpora\u00e7\u00e3o de Cartilha SD NOVA_30_06_25_FINAL.\"><\/object><a id=\"wp-block-file--media-803036ca-4826-4f00-a526-eaf4b2c394fc\" href=\"https:\/\/inclusivenews.com.br\/wp-content\/uploads\/2025\/07\/Cartilha-SD-NOVA_30_06_25_FINAL.pdf\">Cartilha SD NOVA_30_06_25_FINAL<\/a><a href=\"https:\/\/inclusivenews.com.br\/wp-content\/uploads\/2025\/07\/Cartilha-SD-NOVA_30_06_25_FINAL.pdf\" class=\"wp-block-file__button wp-element-button\" download aria-describedby=\"wp-block-file--media-803036ca-4826-4f00-a526-eaf4b2c394fc\">Baixar<\/a><\/div>\n","protected":false},"excerpt":{"rendered":"<p>O material foi feito com a participa\u00e7\u00e3o direta de pessoas com defici\u00eancia intelectual No dia 9, a Fiocruz vai lan\u00e7ar uma cartilha muito especial: feita com e para pessoas com s\u00edndrome de Down. \u00c9 a primeira vez no mundo que um material assim \u00e9 produzido com esse cuidado, desde o conte\u00fado at\u00e9 as imagens. E [&hellip;]<\/p>\n","protected":false},"author":1,"featured_media":34840,"comment_status":"open","ping_status":"open","sticky":false,"template":"","format":"standard","meta":{"site-container-style":"default","site-container-layout":"default","site-sidebar-layout":"default","disable-article-header":"default","disable-site-header":"default","disable-site-footer":"default","disable-content-area-spacing":"default","footnotes":""},"categories":[53,48],"tags":[218,818,741,742,112],"class_list":["post-34839","post","type-post","status-publish","format-standard","has-post-thumbnail","hentry","category-cartilhas-e-manuais","category-inclusao","tag-deficiencia-intelectual","tag-di","tag-ensp","tag-fiocruz","tag-sindrome-de-down"],"yoast_head":"<!-- This site is optimized with the Yoast SEO plugin v27.4 - https:\/\/yoast.com\/product\/yoast-seo-wordpress\/ -->\n<title>Fiocruz lan\u00e7a cartilha in\u00e9dita sobre s\u00edndrome de Down -<\/title>\n<meta name=\"robots\" content=\"index, follow, max-snippet:-1, max-image-preview:large, max-video-preview:-1\" \/>\n<link rel=\"canonical\" href=\"https:\/\/inclusivenews.com.br\/?p=34839\" \/>\n<meta property=\"og:locale\" content=\"pt_PT\" \/>\n<meta property=\"og:type\" content=\"article\" \/>\n<meta property=\"og:title\" content=\"Fiocruz lan\u00e7a cartilha in\u00e9dita sobre s\u00edndrome de Down -\" \/>\n<meta property=\"og:description\" content=\"O material foi feito com a participa\u00e7\u00e3o direta de pessoas com defici\u00eancia intelectual No dia 9, a Fiocruz vai lan\u00e7ar uma cartilha muito especial: feita com e para pessoas com s\u00edndrome de Down. \u00c9 a primeira vez no mundo que um material assim \u00e9 produzido com esse cuidado, desde o conte\u00fado at\u00e9 as imagens. E [&hellip;]\" \/>\n<meta property=\"og:url\" content=\"https:\/\/inclusivenews.com.br\/?p=34839\" \/>\n<meta property=\"article:publisher\" content=\"https:\/\/www.facebook.com\/agenciainclusive\/\" \/>\n<meta property=\"article:published_time\" content=\"2025-07-04T18:48:35+00:00\" \/>\n<meta property=\"article:modified_time\" content=\"2025-07-04T18:48:36+00:00\" \/>\n<meta property=\"og:image\" content=\"https:\/\/inclusivenews.com.br\/wp-content\/uploads\/2025\/07\/image-1-e1751654781625.png\" \/>\n\t<meta property=\"og:image:width\" content=\"888\" \/>\n\t<meta property=\"og:image:height\" content=\"630\" \/>\n\t<meta property=\"og:image:type\" content=\"image\/png\" \/>\n<meta name=\"author\" content=\"inclusivenews2024\" \/>\n<meta name=\"twitter:card\" content=\"summary_large_image\" \/>\n<meta name=\"twitter:label1\" content=\"Escrito por\" \/>\n\t<meta name=\"twitter:data1\" content=\"inclusivenews2024\" \/>\n\t<meta name=\"twitter:label2\" content=\"Tempo estimado de leitura\" \/>\n\t<meta name=\"twitter:data2\" content=\"2 minutos\" \/>\n<script type=\"application\/ld+json\" class=\"yoast-schema-graph\">{\"@context\":\"https:\\\/\\\/schema.org\",\"@graph\":[{\"@type\":\"Article\",\"@id\":\"https:\\\/\\\/inclusivenews.com.br\\\/?p=34839#article\",\"isPartOf\":{\"@id\":\"https:\\\/\\\/inclusivenews.com.br\\\/?p=34839\"},\"author\":{\"name\":\"inclusivenews2024\",\"@id\":\"https:\\\/\\\/inclusivenews.com.br\\\/#\\\/schema\\\/person\\\/ae4ec7087559b8692fb33b6fffd2273b\"},\"headline\":\"Fiocruz lan\u00e7a cartilha in\u00e9dita sobre s\u00edndrome de Down\",\"datePublished\":\"2025-07-04T18:48:35+00:00\",\"dateModified\":\"2025-07-04T18:48:36+00:00\",\"mainEntityOfPage\":{\"@id\":\"https:\\\/\\\/inclusivenews.com.br\\\/?p=34839\"},\"wordCount\":334,\"commentCount\":0,\"publisher\":{\"@id\":\"https:\\\/\\\/inclusivenews.com.br\\\/#organization\"},\"image\":{\"@id\":\"https:\\\/\\\/inclusivenews.com.br\\\/?p=34839#primaryimage\"},\"thumbnailUrl\":\"https:\\\/\\\/inclusivenews.com.br\\\/wp-content\\\/uploads\\\/2025\\\/07\\\/image-1-e1751654781625.png\",\"keywords\":[\"defici\u00eancia intelectual\",\"DI\",\"ENSP\",\"Fiocruz\",\"S\u00edndrome de Down\"],\"articleSection\":[\"Cartilhas e manuais\",\"INCLUS\u00c3O SOCIAL\"],\"inLanguage\":\"pt-PT\",\"potentialAction\":[{\"@type\":\"CommentAction\",\"name\":\"Comment\",\"target\":[\"https:\\\/\\\/inclusivenews.com.br\\\/?p=34839#respond\"]}]},{\"@type\":\"WebPage\",\"@id\":\"https:\\\/\\\/inclusivenews.com.br\\\/?p=34839\",\"url\":\"https:\\\/\\\/inclusivenews.com.br\\\/?p=34839\",\"name\":\"Fiocruz lan\u00e7a cartilha in\u00e9dita sobre s\u00edndrome de Down -\",\"isPartOf\":{\"@id\":\"https:\\\/\\\/inclusivenews.com.br\\\/#website\"},\"primaryImageOfPage\":{\"@id\":\"https:\\\/\\\/inclusivenews.com.br\\\/?p=34839#primaryimage\"},\"image\":{\"@id\":\"https:\\\/\\\/inclusivenews.com.br\\\/?p=34839#primaryimage\"},\"thumbnailUrl\":\"https:\\\/\\\/inclusivenews.com.br\\\/wp-content\\\/uploads\\\/2025\\\/07\\\/image-1-e1751654781625.png\",\"datePublished\":\"2025-07-04T18:48:35+00:00\",\"dateModified\":\"2025-07-04T18:48:36+00:00\",\"breadcrumb\":{\"@id\":\"https:\\\/\\\/inclusivenews.com.br\\\/?p=34839#breadcrumb\"},\"inLanguage\":\"pt-PT\",\"potentialAction\":[{\"@type\":\"ReadAction\",\"target\":[\"https:\\\/\\\/inclusivenews.com.br\\\/?p=34839\"]}]},{\"@type\":\"ImageObject\",\"inLanguage\":\"pt-PT\",\"@id\":\"https:\\\/\\\/inclusivenews.com.br\\\/?p=34839#primaryimage\",\"url\":\"https:\\\/\\\/inclusivenews.com.br\\\/wp-content\\\/uploads\\\/2025\\\/07\\\/image-1-e1751654781625.png\",\"contentUrl\":\"https:\\\/\\\/inclusivenews.com.br\\\/wp-content\\\/uploads\\\/2025\\\/07\\\/image-1-e1751654781625.png\",\"width\":888,\"height\":630},{\"@type\":\"BreadcrumbList\",\"@id\":\"https:\\\/\\\/inclusivenews.com.br\\\/?p=34839#breadcrumb\",\"itemListElement\":[{\"@type\":\"ListItem\",\"position\":1,\"name\":\"In\u00edcio\",\"item\":\"https:\\\/\\\/inclusivenews.com.br\\\/\"},{\"@type\":\"ListItem\",\"position\":2,\"name\":\"Fiocruz lan\u00e7a cartilha in\u00e9dita sobre s\u00edndrome de Down\"}]},{\"@type\":\"WebSite\",\"@id\":\"https:\\\/\\\/inclusivenews.com.br\\\/#website\",\"url\":\"https:\\\/\\\/inclusivenews.com.br\\\/\",\"name\":\"Inclusive News\",\"description\":\"Inclusive News\",\"publisher\":{\"@id\":\"https:\\\/\\\/inclusivenews.com.br\\\/#organization\"},\"potentialAction\":[{\"@type\":\"SearchAction\",\"target\":{\"@type\":\"EntryPoint\",\"urlTemplate\":\"https:\\\/\\\/inclusivenews.com.br\\\/?s={search_term_string}\"},\"query-input\":{\"@type\":\"PropertyValueSpecification\",\"valueRequired\":true,\"valueName\":\"search_term_string\"}}],\"inLanguage\":\"pt-PT\"},{\"@type\":\"Organization\",\"@id\":\"https:\\\/\\\/inclusivenews.com.br\\\/#organization\",\"name\":\"Inclusive - inclus\u00e3o e cidadania\",\"url\":\"https:\\\/\\\/inclusivenews.com.br\\\/\",\"logo\":{\"@type\":\"ImageObject\",\"inLanguage\":\"pt-PT\",\"@id\":\"https:\\\/\\\/inclusivenews.com.br\\\/#\\\/schema\\\/logo\\\/image\\\/\",\"url\":\"https:\\\/\\\/inclusivenews.com.br\\\/wp-content\\\/uploads\\\/2024\\\/03\\\/@grandesite.png\",\"contentUrl\":\"https:\\\/\\\/inclusivenews.com.br\\\/wp-content\\\/uploads\\\/2024\\\/03\\\/@grandesite.png\",\"width\":1080,\"height\":1080,\"caption\":\"Inclusive - inclus\u00e3o e cidadania\"},\"image\":{\"@id\":\"https:\\\/\\\/inclusivenews.com.br\\\/#\\\/schema\\\/logo\\\/image\\\/\"},\"sameAs\":[\"https:\\\/\\\/www.facebook.com\\\/agenciainclusive\\\/\",\"https:\\\/\\\/www.instagram.com\\\/newsinclusive\\\/\"]},{\"@type\":\"Person\",\"@id\":\"https:\\\/\\\/inclusivenews.com.br\\\/#\\\/schema\\\/person\\\/ae4ec7087559b8692fb33b6fffd2273b\",\"name\":\"inclusivenews2024\",\"image\":{\"@type\":\"ImageObject\",\"inLanguage\":\"pt-PT\",\"@id\":\"https:\\\/\\\/secure.gravatar.com\\\/avatar\\\/c5a7ef84c66fa914f55bc4f7ce26cfa275a3b9a1c5568b907bd184fb4dde7b40?s=96&d=mm&r=g\",\"url\":\"https:\\\/\\\/secure.gravatar.com\\\/avatar\\\/c5a7ef84c66fa914f55bc4f7ce26cfa275a3b9a1c5568b907bd184fb4dde7b40?s=96&d=mm&r=g\",\"contentUrl\":\"https:\\\/\\\/secure.gravatar.com\\\/avatar\\\/c5a7ef84c66fa914f55bc4f7ce26cfa275a3b9a1c5568b907bd184fb4dde7b40?s=96&d=mm&r=g\",\"caption\":\"inclusivenews2024\"},\"sameAs\":[\"https:\\\/\\\/inclusivenews.com.br\"],\"url\":\"https:\\\/\\\/inclusivenews.com.br\\\/?author=1\"}]}<\/script>\n<!-- \/ Yoast SEO plugin. -->","yoast_head_json":{"title":"Fiocruz lan\u00e7a cartilha in\u00e9dita sobre s\u00edndrome de Down -","robots":{"index":"index","follow":"follow","max-snippet":"max-snippet:-1","max-image-preview":"max-image-preview:large","max-video-preview":"max-video-preview:-1"},"canonical":"https:\/\/inclusivenews.com.br\/?p=34839","og_locale":"pt_PT","og_type":"article","og_title":"Fiocruz lan\u00e7a cartilha in\u00e9dita sobre s\u00edndrome de Down -","og_description":"O material foi feito com a participa\u00e7\u00e3o direta de pessoas com defici\u00eancia intelectual No dia 9, a Fiocruz vai lan\u00e7ar uma cartilha muito especial: feita com e para pessoas com s\u00edndrome de Down. \u00c9 a primeira vez no mundo que um material assim \u00e9 produzido com esse cuidado, desde o conte\u00fado at\u00e9 as imagens. E [&hellip;]","og_url":"https:\/\/inclusivenews.com.br\/?p=34839","article_publisher":"https:\/\/www.facebook.com\/agenciainclusive\/","article_published_time":"2025-07-04T18:48:35+00:00","article_modified_time":"2025-07-04T18:48:36+00:00","og_image":[{"width":888,"height":630,"url":"https:\/\/inclusivenews.com.br\/wp-content\/uploads\/2025\/07\/image-1-e1751654781625.png","type":"image\/png"}],"author":"inclusivenews2024","twitter_card":"summary_large_image","twitter_misc":{"Escrito por":"inclusivenews2024","Tempo estimado de leitura":"2 minutos"},"schema":{"@context":"https:\/\/schema.org","@graph":[{"@type":"Article","@id":"https:\/\/inclusivenews.com.br\/?p=34839#article","isPartOf":{"@id":"https:\/\/inclusivenews.com.br\/?p=34839"},"author":{"name":"inclusivenews2024","@id":"https:\/\/inclusivenews.com.br\/#\/schema\/person\/ae4ec7087559b8692fb33b6fffd2273b"},"headline":"Fiocruz lan\u00e7a cartilha in\u00e9dita sobre s\u00edndrome de Down","datePublished":"2025-07-04T18:48:35+00:00","dateModified":"2025-07-04T18:48:36+00:00","mainEntityOfPage":{"@id":"https:\/\/inclusivenews.com.br\/?p=34839"},"wordCount":334,"commentCount":0,"publisher":{"@id":"https:\/\/inclusivenews.com.br\/#organization"},"image":{"@id":"https:\/\/inclusivenews.com.br\/?p=34839#primaryimage"},"thumbnailUrl":"https:\/\/inclusivenews.com.br\/wp-content\/uploads\/2025\/07\/image-1-e1751654781625.png","keywords":["defici\u00eancia intelectual","DI","ENSP","Fiocruz","S\u00edndrome de Down"],"articleSection":["Cartilhas e manuais","INCLUS\u00c3O SOCIAL"],"inLanguage":"pt-PT","potentialAction":[{"@type":"CommentAction","name":"Comment","target":["https:\/\/inclusivenews.com.br\/?p=34839#respond"]}]},{"@type":"WebPage","@id":"https:\/\/inclusivenews.com.br\/?p=34839","url":"https:\/\/inclusivenews.com.br\/?p=34839","name":"Fiocruz lan\u00e7a cartilha in\u00e9dita sobre s\u00edndrome de Down -","isPartOf":{"@id":"https:\/\/inclusivenews.com.br\/#website"},"primaryImageOfPage":{"@id":"https:\/\/inclusivenews.com.br\/?p=34839#primaryimage"},"image":{"@id":"https:\/\/inclusivenews.com.br\/?p=34839#primaryimage"},"thumbnailUrl":"https:\/\/inclusivenews.com.br\/wp-content\/uploads\/2025\/07\/image-1-e1751654781625.png","datePublished":"2025-07-04T18:48:35+00:00","dateModified":"2025-07-04T18:48:36+00:00","breadcrumb":{"@id":"https:\/\/inclusivenews.com.br\/?p=34839#breadcrumb"},"inLanguage":"pt-PT","potentialAction":[{"@type":"ReadAction","target":["https:\/\/inclusivenews.com.br\/?p=34839"]}]},{"@type":"ImageObject","inLanguage":"pt-PT","@id":"https:\/\/inclusivenews.com.br\/?p=34839#primaryimage","url":"https:\/\/inclusivenews.com.br\/wp-content\/uploads\/2025\/07\/image-1-e1751654781625.png","contentUrl":"https:\/\/inclusivenews.com.br\/wp-content\/uploads\/2025\/07\/image-1-e1751654781625.png","width":888,"height":630},{"@type":"BreadcrumbList","@id":"https:\/\/inclusivenews.com.br\/?p=34839#breadcrumb","itemListElement":[{"@type":"ListItem","position":1,"name":"In\u00edcio","item":"https:\/\/inclusivenews.com.br\/"},{"@type":"ListItem","position":2,"name":"Fiocruz lan\u00e7a cartilha in\u00e9dita sobre s\u00edndrome de Down"}]},{"@type":"WebSite","@id":"https:\/\/inclusivenews.com.br\/#website","url":"https:\/\/inclusivenews.com.br\/","name":"Inclusive News","description":"Inclusive News","publisher":{"@id":"https:\/\/inclusivenews.com.br\/#organization"},"potentialAction":[{"@type":"SearchAction","target":{"@type":"EntryPoint","urlTemplate":"https:\/\/inclusivenews.com.br\/?s={search_term_string}"},"query-input":{"@type":"PropertyValueSpecification","valueRequired":true,"valueName":"search_term_string"}}],"inLanguage":"pt-PT"},{"@type":"Organization","@id":"https:\/\/inclusivenews.com.br\/#organization","name":"Inclusive - inclus\u00e3o e cidadania","url":"https:\/\/inclusivenews.com.br\/","logo":{"@type":"ImageObject","inLanguage":"pt-PT","@id":"https:\/\/inclusivenews.com.br\/#\/schema\/logo\/image\/","url":"https:\/\/inclusivenews.com.br\/wp-content\/uploads\/2024\/03\/@grandesite.png","contentUrl":"https:\/\/inclusivenews.com.br\/wp-content\/uploads\/2024\/03\/@grandesite.png","width":1080,"height":1080,"caption":"Inclusive - inclus\u00e3o e cidadania"},"image":{"@id":"https:\/\/inclusivenews.com.br\/#\/schema\/logo\/image\/"},"sameAs":["https:\/\/www.facebook.com\/agenciainclusive\/","https:\/\/www.instagram.com\/newsinclusive\/"]},{"@type":"Person","@id":"https:\/\/inclusivenews.com.br\/#\/schema\/person\/ae4ec7087559b8692fb33b6fffd2273b","name":"inclusivenews2024","image":{"@type":"ImageObject","inLanguage":"pt-PT","@id":"https:\/\/secure.gravatar.com\/avatar\/c5a7ef84c66fa914f55bc4f7ce26cfa275a3b9a1c5568b907bd184fb4dde7b40?s=96&d=mm&r=g","url":"https:\/\/secure.gravatar.com\/avatar\/c5a7ef84c66fa914f55bc4f7ce26cfa275a3b9a1c5568b907bd184fb4dde7b40?s=96&d=mm&r=g","contentUrl":"https:\/\/secure.gravatar.com\/avatar\/c5a7ef84c66fa914f55bc4f7ce26cfa275a3b9a1c5568b907bd184fb4dde7b40?s=96&d=mm&r=g","caption":"inclusivenews2024"},"sameAs":["https:\/\/inclusivenews.com.br"],"url":"https:\/\/inclusivenews.com.br\/?author=1"}]}},"_links":{"self":[{"href":"https:\/\/inclusivenews.com.br\/index.php?rest_route=\/wp\/v2\/posts\/34839","targetHints":{"allow":["GET"]}}],"collection":[{"href":"https:\/\/inclusivenews.com.br\/index.php?rest_route=\/wp\/v2\/posts"}],"about":[{"href":"https:\/\/inclusivenews.com.br\/index.php?rest_route=\/wp\/v2\/types\/post"}],"author":[{"embeddable":true,"href":"https:\/\/inclusivenews.com.br\/index.php?rest_route=\/wp\/v2\/users\/1"}],"replies":[{"embeddable":true,"href":"https:\/\/inclusivenews.com.br\/index.php?rest_route=%2Fwp%2Fv2%2Fcomments&post=34839"}],"version-history":[{"count":1,"href":"https:\/\/inclusivenews.com.br\/index.php?rest_route=\/wp\/v2\/posts\/34839\/revisions"}],"predecessor-version":[{"id":34842,"href":"https:\/\/inclusivenews.com.br\/index.php?rest_route=\/wp\/v2\/posts\/34839\/revisions\/34842"}],"wp:featuredmedia":[{"embeddable":true,"href":"https:\/\/inclusivenews.com.br\/index.php?rest_route=\/wp\/v2\/media\/34840"}],"wp:attachment":[{"href":"https:\/\/inclusivenews.com.br\/index.php?rest_route=%2Fwp%2Fv2%2Fmedia&parent=34839"}],"wp:term":[{"taxonomy":"category","embeddable":true,"href":"https:\/\/inclusivenews.com.br\/index.php?rest_route=%2Fwp%2Fv2%2Fcategories&post=34839"},{"taxonomy":"post_tag","embeddable":true,"href":"https:\/\/inclusivenews.com.br\/index.php?rest_route=%2Fwp%2Fv2%2Ftags&post=34839"}],"curies":[{"name":"wp","href":"https:\/\/api.w.org\/{rel}","templated":true}]}}