{"id":34843,"date":"2025-07-07T18:46:38","date_gmt":"2025-07-07T18:46:38","guid":{"rendered":"https:\/\/inclusivenews.com.br\/?p=34843"},"modified":"2025-07-07T18:46:39","modified_gmt":"2025-07-07T18:46:39","slug":"dez-anos-da-lbi-e-o-direito-a-vida-em-tempos-de-crise-climatica","status":"publish","type":"post","link":"https:\/\/inclusivenews.com.br\/?p=34843","title":{"rendered":"Dez anos da LBI: e o direito \u00e0 vida em tempos de crise clim\u00e1tica?"},"content":{"rendered":"\n<p class=\"has-yuki-font-medium-font-size\" id=\"ember334\">No \u00faltimo 6 de julho, a Lei Brasileira de Inclus\u00e3o (LBI) completou 10 anos. Reconhecida como uma das legisla\u00e7\u00f5es mais avan\u00e7adas do mundo no campo dos direitos humanos, a LBI garante o direito \u00e0 autonomia, \u00e0 dignidade e \u00e0 vida plena para milh\u00f5es de brasileiros com defici\u00eancia.<\/p>\n\n\n\n<figure class=\"wp-block-image size-large\"><img loading=\"lazy\" decoding=\"async\" width=\"1024\" height=\"575\" src=\"https:\/\/inclusivenews.com.br\/wp-content\/uploads\/2025\/07\/image-2-1024x575.png\" alt=\"\" class=\"wp-image-34844\" srcset=\"https:\/\/inclusivenews.com.br\/wp-content\/uploads\/2025\/07\/image-2-1024x575.png 1024w, https:\/\/inclusivenews.com.br\/wp-content\/uploads\/2025\/07\/image-2-300x169.png 300w, https:\/\/inclusivenews.com.br\/wp-content\/uploads\/2025\/07\/image-2-768x431.png 768w, https:\/\/inclusivenews.com.br\/wp-content\/uploads\/2025\/07\/image-2.png 1280w\" sizes=\"auto, (max-width: 1024px) 100vw, 1024px\" \/><figcaption class=\"wp-element-caption\">Reuters\/EBC\/Diego Vara &#8211; Imagem a\u00e9rea da enchente de 2024 no Rio Grande do Sul<\/figcaption><\/figure>\n\n\n\n<p id=\"ember335\">Mas em meio \u00e0s enchentes no Sul, \u00e0s secas prolongadas no Norte, \u00e0s ondas de calor que atingem diversas cidades e \u00e0 frequ\u00eancia crescente de eventos clim\u00e1ticos extremos, \u00e9 preciso revisitar um artigo espec\u00edfico da LBI que segue invisibilizado:<\/p>\n\n\n\n<p id=\"ember336\"><strong>Art. 10 \u2013 Compete ao poder p\u00fablico garantir a dignidade da pessoa com defici\u00eancia ao longo de toda a vida. Par\u00e1grafo \u00fanico \u2013 Em situa\u00e7\u00f5es de risco, emerg\u00eancia ou estado de calamidade p\u00fablica, a pessoa com defici\u00eancia ser\u00e1 considerada vulner\u00e1vel, devendo o poder p\u00fablico adotar medidas para sua prote\u00e7\u00e3o e seguran\u00e7a.<\/strong><\/p>\n\n\n\n<p id=\"ember337\">Com base nesse artigo da LBI, ser\u00e1 mesmo que as equipes est\u00e3o preparadas para o resgate dessas pessoas com a dignidade que elas merecem? Defesa Civil, Corpo de Bombeiros, equipes de sa\u00fade sabem como agir em eventos extremos? At\u00e9 onde sabemos, n\u00e3o. E \u00e9 por isso que o <strong>Projeto Resgate Inclusivo<\/strong> foi criado. Estamos aqui para ajudar a transformar esse cen\u00e1rio, oferecendo treinamentos que apoiem essas equipes para um resgate digno, com acessibilidade e todo o cuidado que a lei garante \u00e0s pessoas com defici\u00eancia.<\/p>\n\n\n\n<p id=\"ember338\">A realidade, infelizmente, \u00e9 outra. Em situa\u00e7\u00f5es de desastre, quando a pessoa com defici\u00eancia \u00e9 resgatada, isso raramente ocorre com acessibilidade, dignidade ou preparo t\u00e9cnico. Muitas vezes, ela \u00e9 esquecida nos abrigos, negligenciada nas rotas de fuga, ignorada nos planos de conting\u00eancia e invis\u00edvel nas estat\u00edsticas oficiais. Em muitos casos, sequer consegue sair de casa \u2014 seja pela falta de recursos acess\u00edveis, seja pela aus\u00eancia de informa\u00e7\u00f5es em formatos adequados.<\/p>\n\n\n\n<p id=\"ember339\">\u00c9 por isso que o projeto <strong>Resgate Inclusivo<\/strong>, idealizado pelo Instituto Amankay, prop\u00f5e um novo olhar: pensar a preven\u00e7\u00e3o, o resgate e a reconstru\u00e7\u00e3o a partir de uma perspectiva inclusiva. A proposta une justi\u00e7a social, acessibilidade, direitos humanos e justi\u00e7a clim\u00e1tica.<\/p>\n\n\n\n<p id=\"ember340\">Como diz o projeto:<\/p>\n\n\n\n<p id=\"ember341\"><em>&#8220;Em contextos de crise, ningu\u00e9m pode ser deixado para tr\u00e1s \u2014 e a acessibilidade precisa ser parte central da resposta.&#8221;<\/em><\/p>\n\n\n\n<p id=\"ember342\">Dados do Senado Federal e do Jornal da USP mostram que o n\u00famero de munic\u00edpios vulner\u00e1veis dobrou com o aumento do risco de cat\u00e1strofes. Ao mesmo tempo, o Censo de 2022 falhou em captar a real dimens\u00e3o da popula\u00e7\u00e3o com defici\u00eancia, comprometendo a formula\u00e7\u00e3o de pol\u00edticas p\u00fablicas adequadas.<\/p>\n\n\n\n<p id=\"ember343\">O Brasil precisa urgentemente integrar a acessibilidade nas pol\u00edticas de gest\u00e3o de risco e adapta\u00e7\u00e3o clim\u00e1tica. A LBI j\u00e1 prev\u00ea esse direito. Falta torn\u00e1-lo realidade.<\/p>\n\n\n\n<p id=\"ember344\">Falar sobre o Art. 10 da LBI \u00e9 falar sobre sobreviv\u00eancia. \u00c9 falar sobre vida com dignidade para todas as pessoas inclusive em situa\u00e7\u00f5es extremas.<\/p>\n\n\n\n<p id=\"ember345\"><strong><em>Por Ci\u00e7a Cordeiro, do <a href=\"https:\/\/www.linkedin.com\/posts\/resgate-inclusivo_lbi10anos-resgateinclusivo-acessibilidade-activity-7348020954066747393-kycR\/?utm_source=share&amp;utm_medium=member_desktop&amp;rcm=ACoAABMkBSgBeCNHQYZPDXnSxwXDNkXLVVAYq-Y\">Projeto Resgate Inclusivo<\/a><\/em><\/strong><\/p>\n\n\n\n<p><\/p>\n","protected":false},"excerpt":{"rendered":"<p>No \u00faltimo 6 de julho, a Lei Brasileira de Inclus\u00e3o (LBI) completou 10 anos. Reconhecida como uma das legisla\u00e7\u00f5es mais avan\u00e7adas do mundo no campo dos direitos humanos, a LBI garante o direito \u00e0 autonomia, \u00e0 dignidade e \u00e0 vida plena para milh\u00f5es de brasileiros com defici\u00eancia. Mas em meio \u00e0s enchentes no Sul, \u00e0s [&hellip;]<\/p>\n","protected":false},"author":1,"featured_media":34844,"comment_status":"open","ping_status":"open","sticky":false,"template":"","format":"standard","meta":{"site-container-style":"default","site-container-layout":"default","site-sidebar-layout":"default","disable-article-header":"default","disable-site-header":"default","disable-site-footer":"default","disable-content-area-spacing":"default","footnotes":""},"categories":[44,819,789],"tags":[89,491,333,644],"class_list":["post-34843","post","type-post","status-publish","format-standard","has-post-thumbnail","hentry","category-acessibilidade","category-crise-climatica","category-meio-ambiente","tag-acessibilidade","tag-crise-climatica","tag-lbi","tag-meio-ambiente"],"yoast_head":"<!-- This site is optimized with the Yoast SEO plugin v27.4 - https:\/\/yoast.com\/product\/yoast-seo-wordpress\/ -->\n<title>Dez anos da LBI: e o direito \u00e0 vida em tempos de crise clim\u00e1tica? -<\/title>\n<meta name=\"robots\" content=\"index, follow, max-snippet:-1, max-image-preview:large, max-video-preview:-1\" \/>\n<link rel=\"canonical\" href=\"https:\/\/inclusivenews.com.br\/?p=34843\" \/>\n<meta property=\"og:locale\" content=\"pt_PT\" \/>\n<meta property=\"og:type\" content=\"article\" \/>\n<meta property=\"og:title\" content=\"Dez anos da LBI: e o direito \u00e0 vida em tempos de crise clim\u00e1tica? -\" \/>\n<meta property=\"og:description\" content=\"No \u00faltimo 6 de julho, a Lei Brasileira de Inclus\u00e3o (LBI) completou 10 anos. Reconhecida como uma das legisla\u00e7\u00f5es mais avan\u00e7adas do mundo no campo dos direitos humanos, a LBI garante o direito \u00e0 autonomia, \u00e0 dignidade e \u00e0 vida plena para milh\u00f5es de brasileiros com defici\u00eancia. Mas em meio \u00e0s enchentes no Sul, \u00e0s [&hellip;]\" \/>\n<meta property=\"og:url\" content=\"https:\/\/inclusivenews.com.br\/?p=34843\" \/>\n<meta property=\"article:publisher\" content=\"https:\/\/www.facebook.com\/agenciainclusive\/\" \/>\n<meta property=\"article:published_time\" content=\"2025-07-07T18:46:38+00:00\" \/>\n<meta property=\"article:modified_time\" content=\"2025-07-07T18:46:39+00:00\" \/>\n<meta property=\"og:image\" content=\"https:\/\/inclusivenews.com.br\/wp-content\/uploads\/2025\/07\/image-2.png\" \/>\n\t<meta property=\"og:image:width\" content=\"1280\" \/>\n\t<meta property=\"og:image:height\" content=\"719\" \/>\n\t<meta property=\"og:image:type\" content=\"image\/png\" \/>\n<meta name=\"author\" content=\"inclusivenews2024\" \/>\n<meta name=\"twitter:card\" content=\"summary_large_image\" \/>\n<meta name=\"twitter:label1\" content=\"Escrito por\" \/>\n\t<meta name=\"twitter:data1\" content=\"inclusivenews2024\" \/>\n\t<meta name=\"twitter:label2\" content=\"Tempo estimado de leitura\" \/>\n\t<meta name=\"twitter:data2\" content=\"4 minutos\" \/>\n<script type=\"application\/ld+json\" class=\"yoast-schema-graph\">{\"@context\":\"https:\\\/\\\/schema.org\",\"@graph\":[{\"@type\":\"Article\",\"@id\":\"https:\\\/\\\/inclusivenews.com.br\\\/?p=34843#article\",\"isPartOf\":{\"@id\":\"https:\\\/\\\/inclusivenews.com.br\\\/?p=34843\"},\"author\":{\"name\":\"inclusivenews2024\",\"@id\":\"https:\\\/\\\/inclusivenews.com.br\\\/#\\\/schema\\\/person\\\/ae4ec7087559b8692fb33b6fffd2273b\"},\"headline\":\"Dez anos da LBI: e o direito \u00e0 vida em tempos de crise clim\u00e1tica?\",\"datePublished\":\"2025-07-07T18:46:38+00:00\",\"dateModified\":\"2025-07-07T18:46:39+00:00\",\"mainEntityOfPage\":{\"@id\":\"https:\\\/\\\/inclusivenews.com.br\\\/?p=34843\"},\"wordCount\":530,\"commentCount\":0,\"publisher\":{\"@id\":\"https:\\\/\\\/inclusivenews.com.br\\\/#organization\"},\"image\":{\"@id\":\"https:\\\/\\\/inclusivenews.com.br\\\/?p=34843#primaryimage\"},\"thumbnailUrl\":\"https:\\\/\\\/inclusivenews.com.br\\\/wp-content\\\/uploads\\\/2025\\\/07\\\/image-2.png\",\"keywords\":[\"Acessibilidade\",\"Crise clim\u00e1tica\",\"LBI\",\"meio ambiente\"],\"articleSection\":[\"ACESSIBILIDADE\",\"Crise clim\u00e1tica\",\"Meio Ambiente\"],\"inLanguage\":\"pt-PT\",\"potentialAction\":[{\"@type\":\"CommentAction\",\"name\":\"Comment\",\"target\":[\"https:\\\/\\\/inclusivenews.com.br\\\/?p=34843#respond\"]}]},{\"@type\":\"WebPage\",\"@id\":\"https:\\\/\\\/inclusivenews.com.br\\\/?p=34843\",\"url\":\"https:\\\/\\\/inclusivenews.com.br\\\/?p=34843\",\"name\":\"Dez anos da LBI: e o direito \u00e0 vida em tempos de crise clim\u00e1tica? -\",\"isPartOf\":{\"@id\":\"https:\\\/\\\/inclusivenews.com.br\\\/#website\"},\"primaryImageOfPage\":{\"@id\":\"https:\\\/\\\/inclusivenews.com.br\\\/?p=34843#primaryimage\"},\"image\":{\"@id\":\"https:\\\/\\\/inclusivenews.com.br\\\/?p=34843#primaryimage\"},\"thumbnailUrl\":\"https:\\\/\\\/inclusivenews.com.br\\\/wp-content\\\/uploads\\\/2025\\\/07\\\/image-2.png\",\"datePublished\":\"2025-07-07T18:46:38+00:00\",\"dateModified\":\"2025-07-07T18:46:39+00:00\",\"breadcrumb\":{\"@id\":\"https:\\\/\\\/inclusivenews.com.br\\\/?p=34843#breadcrumb\"},\"inLanguage\":\"pt-PT\",\"potentialAction\":[{\"@type\":\"ReadAction\",\"target\":[\"https:\\\/\\\/inclusivenews.com.br\\\/?p=34843\"]}]},{\"@type\":\"ImageObject\",\"inLanguage\":\"pt-PT\",\"@id\":\"https:\\\/\\\/inclusivenews.com.br\\\/?p=34843#primaryimage\",\"url\":\"https:\\\/\\\/inclusivenews.com.br\\\/wp-content\\\/uploads\\\/2025\\\/07\\\/image-2.png\",\"contentUrl\":\"https:\\\/\\\/inclusivenews.com.br\\\/wp-content\\\/uploads\\\/2025\\\/07\\\/image-2.png\",\"width\":1280,\"height\":719},{\"@type\":\"BreadcrumbList\",\"@id\":\"https:\\\/\\\/inclusivenews.com.br\\\/?p=34843#breadcrumb\",\"itemListElement\":[{\"@type\":\"ListItem\",\"position\":1,\"name\":\"In\u00edcio\",\"item\":\"https:\\\/\\\/inclusivenews.com.br\\\/\"},{\"@type\":\"ListItem\",\"position\":2,\"name\":\"Dez anos da LBI: e o direito \u00e0 vida em tempos de crise clim\u00e1tica?\"}]},{\"@type\":\"WebSite\",\"@id\":\"https:\\\/\\\/inclusivenews.com.br\\\/#website\",\"url\":\"https:\\\/\\\/inclusivenews.com.br\\\/\",\"name\":\"Inclusive News\",\"description\":\"Inclusive News\",\"publisher\":{\"@id\":\"https:\\\/\\\/inclusivenews.com.br\\\/#organization\"},\"potentialAction\":[{\"@type\":\"SearchAction\",\"target\":{\"@type\":\"EntryPoint\",\"urlTemplate\":\"https:\\\/\\\/inclusivenews.com.br\\\/?s={search_term_string}\"},\"query-input\":{\"@type\":\"PropertyValueSpecification\",\"valueRequired\":true,\"valueName\":\"search_term_string\"}}],\"inLanguage\":\"pt-PT\"},{\"@type\":\"Organization\",\"@id\":\"https:\\\/\\\/inclusivenews.com.br\\\/#organization\",\"name\":\"Inclusive - inclus\u00e3o e cidadania\",\"url\":\"https:\\\/\\\/inclusivenews.com.br\\\/\",\"logo\":{\"@type\":\"ImageObject\",\"inLanguage\":\"pt-PT\",\"@id\":\"https:\\\/\\\/inclusivenews.com.br\\\/#\\\/schema\\\/logo\\\/image\\\/\",\"url\":\"https:\\\/\\\/inclusivenews.com.br\\\/wp-content\\\/uploads\\\/2024\\\/03\\\/@grandesite.png\",\"contentUrl\":\"https:\\\/\\\/inclusivenews.com.br\\\/wp-content\\\/uploads\\\/2024\\\/03\\\/@grandesite.png\",\"width\":1080,\"height\":1080,\"caption\":\"Inclusive - inclus\u00e3o e cidadania\"},\"image\":{\"@id\":\"https:\\\/\\\/inclusivenews.com.br\\\/#\\\/schema\\\/logo\\\/image\\\/\"},\"sameAs\":[\"https:\\\/\\\/www.facebook.com\\\/agenciainclusive\\\/\",\"https:\\\/\\\/www.instagram.com\\\/newsinclusive\\\/\"]},{\"@type\":\"Person\",\"@id\":\"https:\\\/\\\/inclusivenews.com.br\\\/#\\\/schema\\\/person\\\/ae4ec7087559b8692fb33b6fffd2273b\",\"name\":\"inclusivenews2024\",\"image\":{\"@type\":\"ImageObject\",\"inLanguage\":\"pt-PT\",\"@id\":\"https:\\\/\\\/secure.gravatar.com\\\/avatar\\\/c5a7ef84c66fa914f55bc4f7ce26cfa275a3b9a1c5568b907bd184fb4dde7b40?s=96&d=mm&r=g\",\"url\":\"https:\\\/\\\/secure.gravatar.com\\\/avatar\\\/c5a7ef84c66fa914f55bc4f7ce26cfa275a3b9a1c5568b907bd184fb4dde7b40?s=96&d=mm&r=g\",\"contentUrl\":\"https:\\\/\\\/secure.gravatar.com\\\/avatar\\\/c5a7ef84c66fa914f55bc4f7ce26cfa275a3b9a1c5568b907bd184fb4dde7b40?s=96&d=mm&r=g\",\"caption\":\"inclusivenews2024\"},\"sameAs\":[\"https:\\\/\\\/inclusivenews.com.br\"],\"url\":\"https:\\\/\\\/inclusivenews.com.br\\\/?author=1\"}]}<\/script>\n<!-- \/ Yoast SEO plugin. -->","yoast_head_json":{"title":"Dez anos da LBI: e o direito \u00e0 vida em tempos de crise clim\u00e1tica? -","robots":{"index":"index","follow":"follow","max-snippet":"max-snippet:-1","max-image-preview":"max-image-preview:large","max-video-preview":"max-video-preview:-1"},"canonical":"https:\/\/inclusivenews.com.br\/?p=34843","og_locale":"pt_PT","og_type":"article","og_title":"Dez anos da LBI: e o direito \u00e0 vida em tempos de crise clim\u00e1tica? -","og_description":"No \u00faltimo 6 de julho, a Lei Brasileira de Inclus\u00e3o (LBI) completou 10 anos. Reconhecida como uma das legisla\u00e7\u00f5es mais avan\u00e7adas do mundo no campo dos direitos humanos, a LBI garante o direito \u00e0 autonomia, \u00e0 dignidade e \u00e0 vida plena para milh\u00f5es de brasileiros com defici\u00eancia. Mas em meio \u00e0s enchentes no Sul, \u00e0s [&hellip;]","og_url":"https:\/\/inclusivenews.com.br\/?p=34843","article_publisher":"https:\/\/www.facebook.com\/agenciainclusive\/","article_published_time":"2025-07-07T18:46:38+00:00","article_modified_time":"2025-07-07T18:46:39+00:00","og_image":[{"width":1280,"height":719,"url":"https:\/\/inclusivenews.com.br\/wp-content\/uploads\/2025\/07\/image-2.png","type":"image\/png"}],"author":"inclusivenews2024","twitter_card":"summary_large_image","twitter_misc":{"Escrito por":"inclusivenews2024","Tempo estimado de leitura":"4 minutos"},"schema":{"@context":"https:\/\/schema.org","@graph":[{"@type":"Article","@id":"https:\/\/inclusivenews.com.br\/?p=34843#article","isPartOf":{"@id":"https:\/\/inclusivenews.com.br\/?p=34843"},"author":{"name":"inclusivenews2024","@id":"https:\/\/inclusivenews.com.br\/#\/schema\/person\/ae4ec7087559b8692fb33b6fffd2273b"},"headline":"Dez anos da LBI: e o direito \u00e0 vida em tempos de crise clim\u00e1tica?","datePublished":"2025-07-07T18:46:38+00:00","dateModified":"2025-07-07T18:46:39+00:00","mainEntityOfPage":{"@id":"https:\/\/inclusivenews.com.br\/?p=34843"},"wordCount":530,"commentCount":0,"publisher":{"@id":"https:\/\/inclusivenews.com.br\/#organization"},"image":{"@id":"https:\/\/inclusivenews.com.br\/?p=34843#primaryimage"},"thumbnailUrl":"https:\/\/inclusivenews.com.br\/wp-content\/uploads\/2025\/07\/image-2.png","keywords":["Acessibilidade","Crise clim\u00e1tica","LBI","meio ambiente"],"articleSection":["ACESSIBILIDADE","Crise clim\u00e1tica","Meio Ambiente"],"inLanguage":"pt-PT","potentialAction":[{"@type":"CommentAction","name":"Comment","target":["https:\/\/inclusivenews.com.br\/?p=34843#respond"]}]},{"@type":"WebPage","@id":"https:\/\/inclusivenews.com.br\/?p=34843","url":"https:\/\/inclusivenews.com.br\/?p=34843","name":"Dez anos da LBI: e o direito \u00e0 vida em tempos de crise clim\u00e1tica? -","isPartOf":{"@id":"https:\/\/inclusivenews.com.br\/#website"},"primaryImageOfPage":{"@id":"https:\/\/inclusivenews.com.br\/?p=34843#primaryimage"},"image":{"@id":"https:\/\/inclusivenews.com.br\/?p=34843#primaryimage"},"thumbnailUrl":"https:\/\/inclusivenews.com.br\/wp-content\/uploads\/2025\/07\/image-2.png","datePublished":"2025-07-07T18:46:38+00:00","dateModified":"2025-07-07T18:46:39+00:00","breadcrumb":{"@id":"https:\/\/inclusivenews.com.br\/?p=34843#breadcrumb"},"inLanguage":"pt-PT","potentialAction":[{"@type":"ReadAction","target":["https:\/\/inclusivenews.com.br\/?p=34843"]}]},{"@type":"ImageObject","inLanguage":"pt-PT","@id":"https:\/\/inclusivenews.com.br\/?p=34843#primaryimage","url":"https:\/\/inclusivenews.com.br\/wp-content\/uploads\/2025\/07\/image-2.png","contentUrl":"https:\/\/inclusivenews.com.br\/wp-content\/uploads\/2025\/07\/image-2.png","width":1280,"height":719},{"@type":"BreadcrumbList","@id":"https:\/\/inclusivenews.com.br\/?p=34843#breadcrumb","itemListElement":[{"@type":"ListItem","position":1,"name":"In\u00edcio","item":"https:\/\/inclusivenews.com.br\/"},{"@type":"ListItem","position":2,"name":"Dez anos da LBI: e o direito \u00e0 vida em tempos de crise clim\u00e1tica?"}]},{"@type":"WebSite","@id":"https:\/\/inclusivenews.com.br\/#website","url":"https:\/\/inclusivenews.com.br\/","name":"Inclusive News","description":"Inclusive News","publisher":{"@id":"https:\/\/inclusivenews.com.br\/#organization"},"potentialAction":[{"@type":"SearchAction","target":{"@type":"EntryPoint","urlTemplate":"https:\/\/inclusivenews.com.br\/?s={search_term_string}"},"query-input":{"@type":"PropertyValueSpecification","valueRequired":true,"valueName":"search_term_string"}}],"inLanguage":"pt-PT"},{"@type":"Organization","@id":"https:\/\/inclusivenews.com.br\/#organization","name":"Inclusive - inclus\u00e3o e cidadania","url":"https:\/\/inclusivenews.com.br\/","logo":{"@type":"ImageObject","inLanguage":"pt-PT","@id":"https:\/\/inclusivenews.com.br\/#\/schema\/logo\/image\/","url":"https:\/\/inclusivenews.com.br\/wp-content\/uploads\/2024\/03\/@grandesite.png","contentUrl":"https:\/\/inclusivenews.com.br\/wp-content\/uploads\/2024\/03\/@grandesite.png","width":1080,"height":1080,"caption":"Inclusive - inclus\u00e3o e cidadania"},"image":{"@id":"https:\/\/inclusivenews.com.br\/#\/schema\/logo\/image\/"},"sameAs":["https:\/\/www.facebook.com\/agenciainclusive\/","https:\/\/www.instagram.com\/newsinclusive\/"]},{"@type":"Person","@id":"https:\/\/inclusivenews.com.br\/#\/schema\/person\/ae4ec7087559b8692fb33b6fffd2273b","name":"inclusivenews2024","image":{"@type":"ImageObject","inLanguage":"pt-PT","@id":"https:\/\/secure.gravatar.com\/avatar\/c5a7ef84c66fa914f55bc4f7ce26cfa275a3b9a1c5568b907bd184fb4dde7b40?s=96&d=mm&r=g","url":"https:\/\/secure.gravatar.com\/avatar\/c5a7ef84c66fa914f55bc4f7ce26cfa275a3b9a1c5568b907bd184fb4dde7b40?s=96&d=mm&r=g","contentUrl":"https:\/\/secure.gravatar.com\/avatar\/c5a7ef84c66fa914f55bc4f7ce26cfa275a3b9a1c5568b907bd184fb4dde7b40?s=96&d=mm&r=g","caption":"inclusivenews2024"},"sameAs":["https:\/\/inclusivenews.com.br"],"url":"https:\/\/inclusivenews.com.br\/?author=1"}]}},"_links":{"self":[{"href":"https:\/\/inclusivenews.com.br\/index.php?rest_route=\/wp\/v2\/posts\/34843","targetHints":{"allow":["GET"]}}],"collection":[{"href":"https:\/\/inclusivenews.com.br\/index.php?rest_route=\/wp\/v2\/posts"}],"about":[{"href":"https:\/\/inclusivenews.com.br\/index.php?rest_route=\/wp\/v2\/types\/post"}],"author":[{"embeddable":true,"href":"https:\/\/inclusivenews.com.br\/index.php?rest_route=\/wp\/v2\/users\/1"}],"replies":[{"embeddable":true,"href":"https:\/\/inclusivenews.com.br\/index.php?rest_route=%2Fwp%2Fv2%2Fcomments&post=34843"}],"version-history":[{"count":1,"href":"https:\/\/inclusivenews.com.br\/index.php?rest_route=\/wp\/v2\/posts\/34843\/revisions"}],"predecessor-version":[{"id":34845,"href":"https:\/\/inclusivenews.com.br\/index.php?rest_route=\/wp\/v2\/posts\/34843\/revisions\/34845"}],"wp:featuredmedia":[{"embeddable":true,"href":"https:\/\/inclusivenews.com.br\/index.php?rest_route=\/wp\/v2\/media\/34844"}],"wp:attachment":[{"href":"https:\/\/inclusivenews.com.br\/index.php?rest_route=%2Fwp%2Fv2%2Fmedia&parent=34843"}],"wp:term":[{"taxonomy":"category","embeddable":true,"href":"https:\/\/inclusivenews.com.br\/index.php?rest_route=%2Fwp%2Fv2%2Fcategories&post=34843"},{"taxonomy":"post_tag","embeddable":true,"href":"https:\/\/inclusivenews.com.br\/index.php?rest_route=%2Fwp%2Fv2%2Ftags&post=34843"}],"curies":[{"name":"wp","href":"https:\/\/api.w.org\/{rel}","templated":true}]}}