{"id":34848,"date":"2025-07-10T10:04:36","date_gmt":"2025-07-10T10:04:36","guid":{"rendered":"https:\/\/inclusivenews.com.br\/?p=34848"},"modified":"2025-07-10T10:04:36","modified_gmt":"2025-07-10T10:04:36","slug":"dela-praca-vivencias-que-constroem-lacos-e-autonomia","status":"publish","type":"post","link":"https:\/\/inclusivenews.com.br\/?p=34848","title":{"rendered":"Del\u00e1\u00a0Prac\u00e1: viv\u00eancias que constroem la\u00e7os e autonomia"},"content":{"rendered":"\n<figure class=\"wp-block-image size-large is-resized\"><img loading=\"lazy\" decoding=\"async\" width=\"1024\" height=\"768\" src=\"https:\/\/inclusivenews.com.br\/wp-content\/uploads\/2025\/07\/dlpc-grupo-1024x768.jpeg\" alt=\"grupo dela pra ca 4 homens duas mulheres.\" class=\"wp-image-34850\" style=\"width:601px;height:auto\" srcset=\"https:\/\/inclusivenews.com.br\/wp-content\/uploads\/2025\/07\/dlpc-grupo-1024x768.jpeg 1024w, https:\/\/inclusivenews.com.br\/wp-content\/uploads\/2025\/07\/dlpc-grupo-300x225.jpeg 300w, https:\/\/inclusivenews.com.br\/wp-content\/uploads\/2025\/07\/dlpc-grupo-768x576.jpeg 768w, https:\/\/inclusivenews.com.br\/wp-content\/uploads\/2025\/07\/dlpc-grupo-1536x1152.jpeg 1536w, https:\/\/inclusivenews.com.br\/wp-content\/uploads\/2025\/07\/dlpc-grupo.jpeg 1600w\" sizes=\"auto, (max-width: 1024px) 100vw, 1024px\" \/><\/figure>\n\n\n\n<p>Desde que minha filha, Amanda, nasceu com s\u00edndrome de Down h\u00e1 20 anos, busco informa\u00e7\u00f5es que favore\u00e7am seu desenvolvimento. H\u00e1 muito tempo ouvia falar do Del\u00e1 Prac\u00e1 e sabia que o projeto havia sido gestado por colaboradoras do Carpe Diem, associa\u00e7\u00e3o maravilhosa de S\u00e3o Paulo que, infelizmente, n\u00e3o existe mais.<\/p>\n\n\n\n<figure class=\"wp-block-image size-large is-resized\"><img loading=\"lazy\" decoding=\"async\" width=\"768\" height=\"1024\" src=\"https:\/\/inclusivenews.com.br\/wp-content\/uploads\/2025\/07\/dlpc-menu-768x1024.jpeg\" alt=\"jovem olha menu.\" class=\"wp-image-34851\" style=\"width:528px;height:auto\" srcset=\"https:\/\/inclusivenews.com.br\/wp-content\/uploads\/2025\/07\/dlpc-menu-768x1024.jpeg 768w, https:\/\/inclusivenews.com.br\/wp-content\/uploads\/2025\/07\/dlpc-menu-225x300.jpeg 225w, https:\/\/inclusivenews.com.br\/wp-content\/uploads\/2025\/07\/dlpc-menu-1152x1536.jpeg 1152w, https:\/\/inclusivenews.com.br\/wp-content\/uploads\/2025\/07\/dlpc-menu.jpeg 1200w\" sizes=\"auto, (max-width: 768px) 100vw, 768px\" \/><\/figure>\n\n\n\n<p>Este ano planejei nossas f\u00e9rias para que Amanda pudesse experienciar duas semanas de viv\u00eancias na Casa do Del\u00e1 Prac\u00e1. Aproveitei para conversar com a psic\u00f3loga Analice Jardim e a pedagoga Rose Ferraro e saber mais sobre sua trajet\u00f3ria.<\/p>\n\n\n\n<figure class=\"wp-block-image size-large is-resized\"><img loading=\"lazy\" decoding=\"async\" width=\"768\" height=\"1024\" src=\"https:\/\/inclusivenews.com.br\/wp-content\/uploads\/2025\/07\/dlpc-caa-768x1024.jpeg\" alt=\"detalhe apontando prancha de comunicacao alternativa e aumentativa.\" class=\"wp-image-34852\" style=\"width:532px;height:auto\" srcset=\"https:\/\/inclusivenews.com.br\/wp-content\/uploads\/2025\/07\/dlpc-caa-768x1024.jpeg 768w, https:\/\/inclusivenews.com.br\/wp-content\/uploads\/2025\/07\/dlpc-caa-225x300.jpeg 225w, https:\/\/inclusivenews.com.br\/wp-content\/uploads\/2025\/07\/dlpc-caa-1152x1536.jpeg 1152w, https:\/\/inclusivenews.com.br\/wp-content\/uploads\/2025\/07\/dlpc-caa.jpeg 1200w\" sizes=\"auto, (max-width: 768px) 100vw, 768px\" \/><\/figure>\n\n\n\n<p>Sa\u00ed de l\u00e1 convencida de que precisamos ter iniciativas como esta em cada cidade do Brasil.<\/p>\n\n\n\n<p>Analice Jardim e Rose Ferraro se conheceram h\u00e1 mais de 40 anos no CEDE, Centro da Din\u00e2mica do Ensino, escola para pessoas com s\u00edndrome de Down, em S\u00e3o Paulo. Depois, se reencontraram no Carpe Diem. L\u00e1 surgiu a ideia de oportunizar viv\u00eancias mais profundas, para al\u00e9m da educa\u00e7\u00e3o inclusiva e do emprego apoiado, que promovessem a constru\u00e7\u00e3o de rela\u00e7\u00f5es e da autonomia das pessoas com defici\u00eancia intelectual.<\/p>\n\n\n\n<figure class=\"wp-block-image size-large is-resized\"><img loading=\"lazy\" decoding=\"async\" width=\"768\" height=\"1024\" src=\"https:\/\/inclusivenews.com.br\/wp-content\/uploads\/2025\/07\/dlpc-pao-768x1024.jpeg\" alt=\"jovem faz pao na cozinha mulher sorri .\" class=\"wp-image-34853\" style=\"width:563px;height:auto\" srcset=\"https:\/\/inclusivenews.com.br\/wp-content\/uploads\/2025\/07\/dlpc-pao-768x1024.jpeg 768w, https:\/\/inclusivenews.com.br\/wp-content\/uploads\/2025\/07\/dlpc-pao-225x300.jpeg 225w, https:\/\/inclusivenews.com.br\/wp-content\/uploads\/2025\/07\/dlpc-pao-1152x1536.jpeg 1152w, https:\/\/inclusivenews.com.br\/wp-content\/uploads\/2025\/07\/dlpc-pao.jpeg 1200w\" sizes=\"auto, (max-width: 768px) 100vw, 768px\" \/><\/figure>\n\n\n\n<p>Elas aprenderam que colocar expectativas muito altas ou muito baixas nas pessoas, atrapalhava o seu desenvolvimento. Exig\u00eancias demais, sem considerar o tempo de aprendizagem de cada um, assim como a baixa expectativa, que prejudica a autoconfian\u00e7a, podem impedir a pessoa de fazer escolhas acertadas ou levar a perder o interesse em seguir construindo sua pr\u00f3pria autonomia.\u00a0<\/p>\n\n\n\n<p>No livro &#8220;Del\u00e1 Prac\u00e1 &#8211; um jeito inovador de viver com autonomia&#8221;, elas explicam que ser aut\u00f4nomo \u00e9 mais que andar sozinho na rua. A autonomia \u00e9 resultado de circuitos neurais e de habilidades desenvolvidas no decorrer do tempo. Quanto mais cedo e maior for o investimento em tempo, dedica\u00e7\u00e3o e frequ\u00eancia, maior autonomia a pessoa ter\u00e1. Cada projeto de vida precisa ser centrado em cada pessoa, de acordo com suas vontades, habilidades e necessidades, dentro do contexto em que vive.<\/p>\n\n\n\n<figure class=\"wp-block-image size-large is-resized\"><img loading=\"lazy\" decoding=\"async\" width=\"1024\" height=\"768\" src=\"https:\/\/inclusivenews.com.br\/wp-content\/uploads\/2025\/07\/dlpc-yoga-1024x768.jpeg\" alt=\"3 mulheres e um homem fazem yoga\" class=\"wp-image-34854\" style=\"width:505px;height:auto\" srcset=\"https:\/\/inclusivenews.com.br\/wp-content\/uploads\/2025\/07\/dlpc-yoga-1024x768.jpeg 1024w, https:\/\/inclusivenews.com.br\/wp-content\/uploads\/2025\/07\/dlpc-yoga-300x225.jpeg 300w, https:\/\/inclusivenews.com.br\/wp-content\/uploads\/2025\/07\/dlpc-yoga-768x576.jpeg 768w, https:\/\/inclusivenews.com.br\/wp-content\/uploads\/2025\/07\/dlpc-yoga-1536x1152.jpeg 1536w, https:\/\/inclusivenews.com.br\/wp-content\/uploads\/2025\/07\/dlpc-yoga.jpeg 1600w\" sizes=\"auto, (max-width: 1024px) 100vw, 1024px\" \/><\/figure>\n\n\n\n<p>Ao longo dos mais de 20 anos do Del\u00e1 Prac\u00e1, v\u00e1rias atividades foram desenvolvidas. Os grupos s\u00e3o sempre pequenos para oportunizar a forma\u00e7\u00e3o de amizades e a media\u00e7\u00e3o individualizada. Organizam sa\u00eddas culturais, atividades de lazer, interc\u00e2mbios, tudo apenas com o apoio necess\u00e1rio, oportunizando experi\u00eancias inclusivas fora da casa, al\u00e9m de atividades que ajudam a promover a independ\u00eancia e estreitar la\u00e7os com outras pessoas na casa. Al\u00e9m disso, oferecem hospedagem para os jovens e adultos com defici\u00eancia intelectual que moram em S\u00e3o Paulo e para quem n\u00e3o mora<\/p>\n\n\n\n<p>Analice e Rose fazem consultorias e forma\u00e7\u00f5es para projetos de fora interessados em promover atividades em outros locais.<\/p>\n\n\n\n<p>Foi um grande prazer conhecer a Casa do Del\u00e1 Prac\u00e1. As fam\u00edlias s\u00e3o muito importantes, mas \u00e9 fundamental que pessoas com defici\u00eancia construam seu pr\u00f3prio autoconhecimento e identidade, suas rela\u00e7\u00f5es e rede de apoio, desenvolvam suas habilidades, fa\u00e7am suas escolhas e sigam seus caminhos.<\/p>\n\n\n\n<p><a href=\"https:\/\/www.vivenciasdelapraca.com\">https:\/\/www.vivenciasdelapraca.com<\/a><\/p>\n\n\n\n<p>@vivencias.delapraca<\/p>\n\n\n\n<p><\/p>\n","protected":false},"excerpt":{"rendered":"<p>Desde que minha filha, Amanda, nasceu com s\u00edndrome de Down h\u00e1 20 anos, busco informa\u00e7\u00f5es que favore\u00e7am seu desenvolvimento. H\u00e1 muito tempo ouvia falar do Del\u00e1 Prac\u00e1 e sabia que o projeto havia sido gestado por colaboradoras do Carpe Diem, associa\u00e7\u00e3o maravilhosa de S\u00e3o Paulo que, infelizmente, n\u00e3o existe mais. Este ano planejei nossas f\u00e9rias [&hellip;]<\/p>\n","protected":false},"author":1,"featured_media":34850,"comment_status":"open","ping_status":"open","sticky":false,"template":"","format":"standard","meta":{"site-container-style":"default","site-container-layout":"default","site-sidebar-layout":"default","disable-article-header":"default","disable-site-header":"default","disable-site-footer":"default","disable-content-area-spacing":"default","footnotes":""},"categories":[1],"tags":[],"class_list":["post-34848","post","type-post","status-publish","format-standard","has-post-thumbnail","hentry","category-blog"],"yoast_head":"<!-- This site is optimized with the Yoast SEO plugin v27.4 - https:\/\/yoast.com\/product\/yoast-seo-wordpress\/ -->\n<title>Del\u00e1\u00a0Prac\u00e1: viv\u00eancias que constroem la\u00e7os e autonomia -<\/title>\n<meta name=\"robots\" content=\"index, follow, max-snippet:-1, max-image-preview:large, max-video-preview:-1\" \/>\n<link rel=\"canonical\" href=\"https:\/\/inclusivenews.com.br\/?p=34848\" \/>\n<meta property=\"og:locale\" content=\"pt_PT\" \/>\n<meta property=\"og:type\" content=\"article\" \/>\n<meta property=\"og:title\" content=\"Del\u00e1\u00a0Prac\u00e1: viv\u00eancias que constroem la\u00e7os e autonomia -\" \/>\n<meta property=\"og:description\" content=\"Desde que minha filha, Amanda, nasceu com s\u00edndrome de Down h\u00e1 20 anos, busco informa\u00e7\u00f5es que favore\u00e7am seu desenvolvimento. H\u00e1 muito tempo ouvia falar do Del\u00e1 Prac\u00e1 e sabia que o projeto havia sido gestado por colaboradoras do Carpe Diem, associa\u00e7\u00e3o maravilhosa de S\u00e3o Paulo que, infelizmente, n\u00e3o existe mais. Este ano planejei nossas f\u00e9rias [&hellip;]\" \/>\n<meta property=\"og:url\" content=\"https:\/\/inclusivenews.com.br\/?p=34848\" \/>\n<meta property=\"article:publisher\" content=\"https:\/\/www.facebook.com\/agenciainclusive\/\" \/>\n<meta property=\"article:published_time\" content=\"2025-07-10T10:04:36+00:00\" \/>\n<meta property=\"og:image\" content=\"https:\/\/inclusivenews.com.br\/wp-content\/uploads\/2025\/07\/dlpc-grupo.jpeg\" \/>\n\t<meta property=\"og:image:width\" content=\"1600\" \/>\n\t<meta property=\"og:image:height\" content=\"1200\" \/>\n\t<meta property=\"og:image:type\" content=\"image\/jpeg\" \/>\n<meta name=\"author\" content=\"inclusivenews2024\" \/>\n<meta name=\"twitter:card\" content=\"summary_large_image\" \/>\n<meta name=\"twitter:label1\" content=\"Escrito por\" \/>\n\t<meta name=\"twitter:data1\" content=\"inclusivenews2024\" \/>\n\t<meta name=\"twitter:label2\" content=\"Tempo estimado de leitura\" \/>\n\t<meta name=\"twitter:data2\" content=\"4 minutos\" \/>\n<script type=\"application\/ld+json\" class=\"yoast-schema-graph\">{\"@context\":\"https:\\\/\\\/schema.org\",\"@graph\":[{\"@type\":\"Article\",\"@id\":\"https:\\\/\\\/inclusivenews.com.br\\\/?p=34848#article\",\"isPartOf\":{\"@id\":\"https:\\\/\\\/inclusivenews.com.br\\\/?p=34848\"},\"author\":{\"name\":\"inclusivenews2024\",\"@id\":\"https:\\\/\\\/inclusivenews.com.br\\\/#\\\/schema\\\/person\\\/ae4ec7087559b8692fb33b6fffd2273b\"},\"headline\":\"Del\u00e1\u00a0Prac\u00e1: viv\u00eancias que constroem la\u00e7os e autonomia\",\"datePublished\":\"2025-07-10T10:04:36+00:00\",\"mainEntityOfPage\":{\"@id\":\"https:\\\/\\\/inclusivenews.com.br\\\/?p=34848\"},\"wordCount\":514,\"commentCount\":0,\"publisher\":{\"@id\":\"https:\\\/\\\/inclusivenews.com.br\\\/#organization\"},\"image\":{\"@id\":\"https:\\\/\\\/inclusivenews.com.br\\\/?p=34848#primaryimage\"},\"thumbnailUrl\":\"https:\\\/\\\/inclusivenews.com.br\\\/wp-content\\\/uploads\\\/2025\\\/07\\\/dlpc-grupo.jpeg\",\"articleSection\":[\"Blog\"],\"inLanguage\":\"pt-PT\",\"potentialAction\":[{\"@type\":\"CommentAction\",\"name\":\"Comment\",\"target\":[\"https:\\\/\\\/inclusivenews.com.br\\\/?p=34848#respond\"]}]},{\"@type\":\"WebPage\",\"@id\":\"https:\\\/\\\/inclusivenews.com.br\\\/?p=34848\",\"url\":\"https:\\\/\\\/inclusivenews.com.br\\\/?p=34848\",\"name\":\"Del\u00e1\u00a0Prac\u00e1: viv\u00eancias que constroem la\u00e7os e autonomia -\",\"isPartOf\":{\"@id\":\"https:\\\/\\\/inclusivenews.com.br\\\/#website\"},\"primaryImageOfPage\":{\"@id\":\"https:\\\/\\\/inclusivenews.com.br\\\/?p=34848#primaryimage\"},\"image\":{\"@id\":\"https:\\\/\\\/inclusivenews.com.br\\\/?p=34848#primaryimage\"},\"thumbnailUrl\":\"https:\\\/\\\/inclusivenews.com.br\\\/wp-content\\\/uploads\\\/2025\\\/07\\\/dlpc-grupo.jpeg\",\"datePublished\":\"2025-07-10T10:04:36+00:00\",\"breadcrumb\":{\"@id\":\"https:\\\/\\\/inclusivenews.com.br\\\/?p=34848#breadcrumb\"},\"inLanguage\":\"pt-PT\",\"potentialAction\":[{\"@type\":\"ReadAction\",\"target\":[\"https:\\\/\\\/inclusivenews.com.br\\\/?p=34848\"]}]},{\"@type\":\"ImageObject\",\"inLanguage\":\"pt-PT\",\"@id\":\"https:\\\/\\\/inclusivenews.com.br\\\/?p=34848#primaryimage\",\"url\":\"https:\\\/\\\/inclusivenews.com.br\\\/wp-content\\\/uploads\\\/2025\\\/07\\\/dlpc-grupo.jpeg\",\"contentUrl\":\"https:\\\/\\\/inclusivenews.com.br\\\/wp-content\\\/uploads\\\/2025\\\/07\\\/dlpc-grupo.jpeg\",\"width\":1600,\"height\":1200,\"caption\":\"grupo de 4 homens e uma mulher em frente a restaurante.\"},{\"@type\":\"BreadcrumbList\",\"@id\":\"https:\\\/\\\/inclusivenews.com.br\\\/?p=34848#breadcrumb\",\"itemListElement\":[{\"@type\":\"ListItem\",\"position\":1,\"name\":\"In\u00edcio\",\"item\":\"https:\\\/\\\/inclusivenews.com.br\\\/\"},{\"@type\":\"ListItem\",\"position\":2,\"name\":\"Del\u00e1\u00a0Prac\u00e1: viv\u00eancias que constroem la\u00e7os e autonomia\"}]},{\"@type\":\"WebSite\",\"@id\":\"https:\\\/\\\/inclusivenews.com.br\\\/#website\",\"url\":\"https:\\\/\\\/inclusivenews.com.br\\\/\",\"name\":\"Inclusive News\",\"description\":\"Inclusive News\",\"publisher\":{\"@id\":\"https:\\\/\\\/inclusivenews.com.br\\\/#organization\"},\"potentialAction\":[{\"@type\":\"SearchAction\",\"target\":{\"@type\":\"EntryPoint\",\"urlTemplate\":\"https:\\\/\\\/inclusivenews.com.br\\\/?s={search_term_string}\"},\"query-input\":{\"@type\":\"PropertyValueSpecification\",\"valueRequired\":true,\"valueName\":\"search_term_string\"}}],\"inLanguage\":\"pt-PT\"},{\"@type\":\"Organization\",\"@id\":\"https:\\\/\\\/inclusivenews.com.br\\\/#organization\",\"name\":\"Inclusive - inclus\u00e3o e cidadania\",\"url\":\"https:\\\/\\\/inclusivenews.com.br\\\/\",\"logo\":{\"@type\":\"ImageObject\",\"inLanguage\":\"pt-PT\",\"@id\":\"https:\\\/\\\/inclusivenews.com.br\\\/#\\\/schema\\\/logo\\\/image\\\/\",\"url\":\"https:\\\/\\\/inclusivenews.com.br\\\/wp-content\\\/uploads\\\/2024\\\/03\\\/@grandesite.png\",\"contentUrl\":\"https:\\\/\\\/inclusivenews.com.br\\\/wp-content\\\/uploads\\\/2024\\\/03\\\/@grandesite.png\",\"width\":1080,\"height\":1080,\"caption\":\"Inclusive - inclus\u00e3o e cidadania\"},\"image\":{\"@id\":\"https:\\\/\\\/inclusivenews.com.br\\\/#\\\/schema\\\/logo\\\/image\\\/\"},\"sameAs\":[\"https:\\\/\\\/www.facebook.com\\\/agenciainclusive\\\/\",\"https:\\\/\\\/www.instagram.com\\\/newsinclusive\\\/\"]},{\"@type\":\"Person\",\"@id\":\"https:\\\/\\\/inclusivenews.com.br\\\/#\\\/schema\\\/person\\\/ae4ec7087559b8692fb33b6fffd2273b\",\"name\":\"inclusivenews2024\",\"image\":{\"@type\":\"ImageObject\",\"inLanguage\":\"pt-PT\",\"@id\":\"https:\\\/\\\/secure.gravatar.com\\\/avatar\\\/c5a7ef84c66fa914f55bc4f7ce26cfa275a3b9a1c5568b907bd184fb4dde7b40?s=96&d=mm&r=g\",\"url\":\"https:\\\/\\\/secure.gravatar.com\\\/avatar\\\/c5a7ef84c66fa914f55bc4f7ce26cfa275a3b9a1c5568b907bd184fb4dde7b40?s=96&d=mm&r=g\",\"contentUrl\":\"https:\\\/\\\/secure.gravatar.com\\\/avatar\\\/c5a7ef84c66fa914f55bc4f7ce26cfa275a3b9a1c5568b907bd184fb4dde7b40?s=96&d=mm&r=g\",\"caption\":\"inclusivenews2024\"},\"sameAs\":[\"https:\\\/\\\/inclusivenews.com.br\"],\"url\":\"https:\\\/\\\/inclusivenews.com.br\\\/?author=1\"}]}<\/script>\n<!-- \/ Yoast SEO plugin. -->","yoast_head_json":{"title":"Del\u00e1\u00a0Prac\u00e1: viv\u00eancias que constroem la\u00e7os e autonomia -","robots":{"index":"index","follow":"follow","max-snippet":"max-snippet:-1","max-image-preview":"max-image-preview:large","max-video-preview":"max-video-preview:-1"},"canonical":"https:\/\/inclusivenews.com.br\/?p=34848","og_locale":"pt_PT","og_type":"article","og_title":"Del\u00e1\u00a0Prac\u00e1: viv\u00eancias que constroem la\u00e7os e autonomia -","og_description":"Desde que minha filha, Amanda, nasceu com s\u00edndrome de Down h\u00e1 20 anos, busco informa\u00e7\u00f5es que favore\u00e7am seu desenvolvimento. H\u00e1 muito tempo ouvia falar do Del\u00e1 Prac\u00e1 e sabia que o projeto havia sido gestado por colaboradoras do Carpe Diem, associa\u00e7\u00e3o maravilhosa de S\u00e3o Paulo que, infelizmente, n\u00e3o existe mais. Este ano planejei nossas f\u00e9rias [&hellip;]","og_url":"https:\/\/inclusivenews.com.br\/?p=34848","article_publisher":"https:\/\/www.facebook.com\/agenciainclusive\/","article_published_time":"2025-07-10T10:04:36+00:00","og_image":[{"width":1600,"height":1200,"url":"https:\/\/inclusivenews.com.br\/wp-content\/uploads\/2025\/07\/dlpc-grupo.jpeg","type":"image\/jpeg"}],"author":"inclusivenews2024","twitter_card":"summary_large_image","twitter_misc":{"Escrito por":"inclusivenews2024","Tempo estimado de leitura":"4 minutos"},"schema":{"@context":"https:\/\/schema.org","@graph":[{"@type":"Article","@id":"https:\/\/inclusivenews.com.br\/?p=34848#article","isPartOf":{"@id":"https:\/\/inclusivenews.com.br\/?p=34848"},"author":{"name":"inclusivenews2024","@id":"https:\/\/inclusivenews.com.br\/#\/schema\/person\/ae4ec7087559b8692fb33b6fffd2273b"},"headline":"Del\u00e1\u00a0Prac\u00e1: viv\u00eancias que constroem la\u00e7os e autonomia","datePublished":"2025-07-10T10:04:36+00:00","mainEntityOfPage":{"@id":"https:\/\/inclusivenews.com.br\/?p=34848"},"wordCount":514,"commentCount":0,"publisher":{"@id":"https:\/\/inclusivenews.com.br\/#organization"},"image":{"@id":"https:\/\/inclusivenews.com.br\/?p=34848#primaryimage"},"thumbnailUrl":"https:\/\/inclusivenews.com.br\/wp-content\/uploads\/2025\/07\/dlpc-grupo.jpeg","articleSection":["Blog"],"inLanguage":"pt-PT","potentialAction":[{"@type":"CommentAction","name":"Comment","target":["https:\/\/inclusivenews.com.br\/?p=34848#respond"]}]},{"@type":"WebPage","@id":"https:\/\/inclusivenews.com.br\/?p=34848","url":"https:\/\/inclusivenews.com.br\/?p=34848","name":"Del\u00e1\u00a0Prac\u00e1: viv\u00eancias que constroem la\u00e7os e autonomia -","isPartOf":{"@id":"https:\/\/inclusivenews.com.br\/#website"},"primaryImageOfPage":{"@id":"https:\/\/inclusivenews.com.br\/?p=34848#primaryimage"},"image":{"@id":"https:\/\/inclusivenews.com.br\/?p=34848#primaryimage"},"thumbnailUrl":"https:\/\/inclusivenews.com.br\/wp-content\/uploads\/2025\/07\/dlpc-grupo.jpeg","datePublished":"2025-07-10T10:04:36+00:00","breadcrumb":{"@id":"https:\/\/inclusivenews.com.br\/?p=34848#breadcrumb"},"inLanguage":"pt-PT","potentialAction":[{"@type":"ReadAction","target":["https:\/\/inclusivenews.com.br\/?p=34848"]}]},{"@type":"ImageObject","inLanguage":"pt-PT","@id":"https:\/\/inclusivenews.com.br\/?p=34848#primaryimage","url":"https:\/\/inclusivenews.com.br\/wp-content\/uploads\/2025\/07\/dlpc-grupo.jpeg","contentUrl":"https:\/\/inclusivenews.com.br\/wp-content\/uploads\/2025\/07\/dlpc-grupo.jpeg","width":1600,"height":1200,"caption":"grupo de 4 homens e uma mulher em frente a restaurante."},{"@type":"BreadcrumbList","@id":"https:\/\/inclusivenews.com.br\/?p=34848#breadcrumb","itemListElement":[{"@type":"ListItem","position":1,"name":"In\u00edcio","item":"https:\/\/inclusivenews.com.br\/"},{"@type":"ListItem","position":2,"name":"Del\u00e1\u00a0Prac\u00e1: viv\u00eancias que constroem la\u00e7os e autonomia"}]},{"@type":"WebSite","@id":"https:\/\/inclusivenews.com.br\/#website","url":"https:\/\/inclusivenews.com.br\/","name":"Inclusive News","description":"Inclusive News","publisher":{"@id":"https:\/\/inclusivenews.com.br\/#organization"},"potentialAction":[{"@type":"SearchAction","target":{"@type":"EntryPoint","urlTemplate":"https:\/\/inclusivenews.com.br\/?s={search_term_string}"},"query-input":{"@type":"PropertyValueSpecification","valueRequired":true,"valueName":"search_term_string"}}],"inLanguage":"pt-PT"},{"@type":"Organization","@id":"https:\/\/inclusivenews.com.br\/#organization","name":"Inclusive - inclus\u00e3o e cidadania","url":"https:\/\/inclusivenews.com.br\/","logo":{"@type":"ImageObject","inLanguage":"pt-PT","@id":"https:\/\/inclusivenews.com.br\/#\/schema\/logo\/image\/","url":"https:\/\/inclusivenews.com.br\/wp-content\/uploads\/2024\/03\/@grandesite.png","contentUrl":"https:\/\/inclusivenews.com.br\/wp-content\/uploads\/2024\/03\/@grandesite.png","width":1080,"height":1080,"caption":"Inclusive - inclus\u00e3o e cidadania"},"image":{"@id":"https:\/\/inclusivenews.com.br\/#\/schema\/logo\/image\/"},"sameAs":["https:\/\/www.facebook.com\/agenciainclusive\/","https:\/\/www.instagram.com\/newsinclusive\/"]},{"@type":"Person","@id":"https:\/\/inclusivenews.com.br\/#\/schema\/person\/ae4ec7087559b8692fb33b6fffd2273b","name":"inclusivenews2024","image":{"@type":"ImageObject","inLanguage":"pt-PT","@id":"https:\/\/secure.gravatar.com\/avatar\/c5a7ef84c66fa914f55bc4f7ce26cfa275a3b9a1c5568b907bd184fb4dde7b40?s=96&d=mm&r=g","url":"https:\/\/secure.gravatar.com\/avatar\/c5a7ef84c66fa914f55bc4f7ce26cfa275a3b9a1c5568b907bd184fb4dde7b40?s=96&d=mm&r=g","contentUrl":"https:\/\/secure.gravatar.com\/avatar\/c5a7ef84c66fa914f55bc4f7ce26cfa275a3b9a1c5568b907bd184fb4dde7b40?s=96&d=mm&r=g","caption":"inclusivenews2024"},"sameAs":["https:\/\/inclusivenews.com.br"],"url":"https:\/\/inclusivenews.com.br\/?author=1"}]}},"_links":{"self":[{"href":"https:\/\/inclusivenews.com.br\/index.php?rest_route=\/wp\/v2\/posts\/34848","targetHints":{"allow":["GET"]}}],"collection":[{"href":"https:\/\/inclusivenews.com.br\/index.php?rest_route=\/wp\/v2\/posts"}],"about":[{"href":"https:\/\/inclusivenews.com.br\/index.php?rest_route=\/wp\/v2\/types\/post"}],"author":[{"embeddable":true,"href":"https:\/\/inclusivenews.com.br\/index.php?rest_route=\/wp\/v2\/users\/1"}],"replies":[{"embeddable":true,"href":"https:\/\/inclusivenews.com.br\/index.php?rest_route=%2Fwp%2Fv2%2Fcomments&post=34848"}],"version-history":[{"count":2,"href":"https:\/\/inclusivenews.com.br\/index.php?rest_route=\/wp\/v2\/posts\/34848\/revisions"}],"predecessor-version":[{"id":34855,"href":"https:\/\/inclusivenews.com.br\/index.php?rest_route=\/wp\/v2\/posts\/34848\/revisions\/34855"}],"wp:featuredmedia":[{"embeddable":true,"href":"https:\/\/inclusivenews.com.br\/index.php?rest_route=\/wp\/v2\/media\/34850"}],"wp:attachment":[{"href":"https:\/\/inclusivenews.com.br\/index.php?rest_route=%2Fwp%2Fv2%2Fmedia&parent=34848"}],"wp:term":[{"taxonomy":"category","embeddable":true,"href":"https:\/\/inclusivenews.com.br\/index.php?rest_route=%2Fwp%2Fv2%2Fcategories&post=34848"},{"taxonomy":"post_tag","embeddable":true,"href":"https:\/\/inclusivenews.com.br\/index.php?rest_route=%2Fwp%2Fv2%2Ftags&post=34848"}],"curies":[{"name":"wp","href":"https:\/\/api.w.org\/{rel}","templated":true}]}}