{"id":34862,"date":"2023-06-14T21:45:00","date_gmt":"2023-06-14T21:45:00","guid":{"rendered":"https:\/\/inclusivenews.com.br\/?p=34862"},"modified":"2025-09-05T12:59:56","modified_gmt":"2025-09-05T12:59:56","slug":"evento-na-onu-fortalece-politicas-internacionais-de-linguagem-simples","status":"publish","type":"post","link":"https:\/\/inclusivenews.com.br\/?p=34862","title":{"rendered":"Evento na ONU fortalece pol\u00edticas internacionais de Linguagem Simples"},"content":{"rendered":"\n<p>Organiza\u00e7\u00f5es de defesa dos direitos das pessoas com defici\u00eancia intelectual de todo mundo <br>reuniram-se na sala de confer\u00eancias 4 da sede da ONU, em Nova York, <br>para discutir a promo\u00e7\u00e3o da Linguagem Simples no mundo.<\/p>\n\n\n\n<figure class=\"wp-block-image size-large is-resized\"><img loading=\"lazy\" decoding=\"async\" width=\"1024\" height=\"768\" src=\"https:\/\/inclusivenews.com.br\/wp-content\/uploads\/2025\/07\/so-tela-1024x768.jpg\" alt=\"Tela com nome do evento - Easy-to-understand communication for accessibility.\" class=\"wp-image-34872\" style=\"width:584px;height:auto\" srcset=\"https:\/\/inclusivenews.com.br\/wp-content\/uploads\/2025\/07\/so-tela-1024x768.jpg 1024w, https:\/\/inclusivenews.com.br\/wp-content\/uploads\/2025\/07\/so-tela-300x225.jpg 300w, https:\/\/inclusivenews.com.br\/wp-content\/uploads\/2025\/07\/so-tela-768x576.jpg 768w, https:\/\/inclusivenews.com.br\/wp-content\/uploads\/2025\/07\/so-tela-1536x1152.jpg 1536w, https:\/\/inclusivenews.com.br\/wp-content\/uploads\/2025\/07\/so-tela.jpg 2016w\" sizes=\"auto, (max-width: 1024px) 100vw, 1024px\" \/><\/figure>\n\n\n\n<p>O evento \u201cComunica\u00e7\u00e3o f\u00e1cil de entender<br>para a acessibilidade: Boas pr\u00e1ticas e recomenda\u00e7\u00f5es\u201d <br>aconteceu durante a D\u00e9cima Sexta Confer\u00eancia dos Estados Parte<br>da Conven\u00e7\u00e3o sobre os Direitos das Pessoas com Defici\u00eancia.&nbsp;<\/p>\n\n\n\n<p>Veja a nota conceitual do evento:<\/p>\n\n\n\n<p><a href=\"https:\/\/www.un.org\/pga\/77\/wp-content\/uploads\/sites\/105\/2023\/05\/Easy-to-Read_Concept-Note.pdf\">https:\/\/www.un.org\/pga\/77\/wp-content\/uploads\/sites\/105\/2023\/05\/Easy-to-Read_Concept-Note.pdf<\/a><\/p>\n\n\n\n<figure class=\"wp-block-image size-full\"><img loading=\"lazy\" decoding=\"async\" width=\"593\" height=\"646\" src=\"https:\/\/inclusivenews.com.br\/wp-content\/uploads\/2025\/07\/sd-easytou.jpg\" alt=\"mulher sorrindo com visor digital escrito #easytounderstand\" class=\"wp-image-34863\" srcset=\"https:\/\/inclusivenews.com.br\/wp-content\/uploads\/2025\/07\/sd-easytou.jpg 593w, https:\/\/inclusivenews.com.br\/wp-content\/uploads\/2025\/07\/sd-easytou-275x300.jpg 275w\" sizes=\"auto, (max-width: 593px) 100vw, 593px\" \/><\/figure>\n\n\n\n<p>O encontro \u00e9 uma das a\u00e7\u00f5es que constam na <a href=\"https:\/\/inclusivenews.com.br\/?p=32447\">Resolu\u00e7\u00e3o da ONU 77\/240<\/a>, <br>&#8220;Promovendo e integrando a comunica\u00e7\u00e3o f\u00e1cil de entender <br>para a acessibilidade de pessoas com defici\u00eancia&#8221;,<br>proposta pelo Brasil e adotada pela Assembleia Geral da ONU, <br>em dezembro de 2022.<\/p>\n\n\n\n<figure class=\"wp-block-image size-full is-resized\"><img loading=\"lazy\" decoding=\"async\" width=\"810\" height=\"573\" src=\"https:\/\/inclusivenews.com.br\/wp-content\/uploads\/2025\/07\/dominique-kantor-onu-com-paola.jpg\" alt=\"mulher lendo, nome a frente - Dominique Kantos, mulher ao lado observa.\" class=\"wp-image-34864\" style=\"width:599px;height:auto\" srcset=\"https:\/\/inclusivenews.com.br\/wp-content\/uploads\/2025\/07\/dominique-kantor-onu-com-paola.jpg 810w, https:\/\/inclusivenews.com.br\/wp-content\/uploads\/2025\/07\/dominique-kantor-onu-com-paola-300x212.jpg 300w, https:\/\/inclusivenews.com.br\/wp-content\/uploads\/2025\/07\/dominique-kantor-onu-com-paola-768x543.jpg 768w\" sizes=\"auto, (max-width: 810px) 100vw, 810px\" \/><\/figure>\n\n\n\n<p>Vinicius Streda e Patricia Almeida, da Federa\u00e7\u00e3o Brasileira das Associa\u00e7\u00f5es <br>da S\u00edndrome de Down fizeram apresenta\u00e7\u00f5es no evento.<\/p>\n\n\n\n<figure class=\"wp-block-image size-large is-resized\"><img loading=\"lazy\" decoding=\"async\" width=\"1024\" height=\"926\" src=\"https:\/\/inclusivenews.com.br\/wp-content\/uploads\/2025\/07\/patvini-1024x926.png\" alt=\"mulher com nome em frente Patricia Alm e homem com nome a frente Vinicius streda, sentados a mesa de debatedores.\" class=\"wp-image-34869\" style=\"width:579px;height:auto\" srcset=\"https:\/\/inclusivenews.com.br\/wp-content\/uploads\/2025\/07\/patvini-1024x926.png 1024w, https:\/\/inclusivenews.com.br\/wp-content\/uploads\/2025\/07\/patvini-300x271.png 300w, https:\/\/inclusivenews.com.br\/wp-content\/uploads\/2025\/07\/patvini-768x695.png 768w, https:\/\/inclusivenews.com.br\/wp-content\/uploads\/2025\/07\/patvini.png 1362w\" sizes=\"auto, (max-width: 1024px) 100vw, 1024px\" \/><\/figure>\n\n\n\n<p>Fundadoras da Rede Latino-Americana de Linguagem Simples, <br>Patricia Almeida e Paola Jelonche, da Fundaci\u00f3n Visibilia da Argentina, <br>encontraram-se pessoalmente pela primeira vez no evento.<\/p>\n\n\n\n<figure class=\"wp-block-image size-large is-resized\"><img loading=\"lazy\" decoding=\"async\" width=\"1024\" height=\"768\" src=\"https:\/\/inclusivenews.com.br\/wp-content\/uploads\/2025\/07\/paola-pat-1024x768.jpg\" alt=\"duas mulheres sorridentes.\" class=\"wp-image-34867\" style=\"width:571px;height:auto\" srcset=\"https:\/\/inclusivenews.com.br\/wp-content\/uploads\/2025\/07\/paola-pat-1024x768.jpg 1024w, https:\/\/inclusivenews.com.br\/wp-content\/uploads\/2025\/07\/paola-pat-300x225.jpg 300w, https:\/\/inclusivenews.com.br\/wp-content\/uploads\/2025\/07\/paola-pat-768x576.jpg 768w, https:\/\/inclusivenews.com.br\/wp-content\/uploads\/2025\/07\/paola-pat-1536x1152.jpg 1536w, https:\/\/inclusivenews.com.br\/wp-content\/uploads\/2025\/07\/paola-pat-rotated.jpg 2016w\" sizes=\"auto, (max-width: 1024px) 100vw, 1024px\" \/><\/figure>\n\n\n\n<p>Assista parte da fala de Patricia Almeida:<\/p>\n\n\n\n<p><a href=\"https:\/\/www.instagram.com\/p\/CthLncIuvAG\">https:\/\/www.instagram.com\/p\/CthLncIuvAG<\/a><\/p>\n\n\n\n<p>A Secret\u00e1ria Nacional dos Direitos da Pessoa om Defici\u00eancia, Anna Paula Feminella, <br>apresentou o guia Simples Assim &#8211; comunique todo mundo, <br>com orienta\u00e7\u00f5es sobre Linguagem Simples,<br>publicado pela Fiocruz e adotado pela secretaria.<\/p>\n\n\n\n<figure class=\"wp-block-image size-large is-resized\"><img loading=\"lazy\" decoding=\"async\" width=\"1020\" height=\"1024\" src=\"https:\/\/inclusivenews.com.br\/wp-content\/uploads\/2023\/06\/anna-simples-onu-1020x1024.png\" alt=\"a delegada na onu mostra cartilha simples assim.\" class=\"wp-image-34936\" style=\"width:581px;height:auto\" srcset=\"https:\/\/inclusivenews.com.br\/wp-content\/uploads\/2023\/06\/anna-simples-onu-1020x1024.png 1020w, https:\/\/inclusivenews.com.br\/wp-content\/uploads\/2023\/06\/anna-simples-onu-300x300.png 300w, https:\/\/inclusivenews.com.br\/wp-content\/uploads\/2023\/06\/anna-simples-onu-150x150.png 150w, https:\/\/inclusivenews.com.br\/wp-content\/uploads\/2023\/06\/anna-simples-onu-768x771.png 768w, https:\/\/inclusivenews.com.br\/wp-content\/uploads\/2023\/06\/anna-simples-onu.png 1102w\" sizes=\"auto, (max-width: 1020px) 100vw, 1020px\" \/><\/figure>\n\n\n\n<p>Baixe o guia no site do Minist\u00e9rio dos Direitos Humanos e Cidadania <a href=\"https:\/\/www.gov.br\/mdh\/pt-br\/navegue-por-temas\/pessoa-com-deficiencia\/publicacoes\/cartilhas-tematicas\">https:\/\/www.gov.br\/mdh\/pt-br\/navegue-por-temas\/pessoa-com-deficiencia\/publicacoes\/cartilhas-tematicas<\/a><\/p>\n\n\n\n<p><\/p>\n","protected":false},"excerpt":{"rendered":"<p>Organiza\u00e7\u00f5es de defesa dos direitos das pessoas com defici\u00eancia intelectual de todo mundo reuniram-se na sala de confer\u00eancias 4 da sede da ONU, em Nova York, para discutir a promo\u00e7\u00e3o da Linguagem Simples no mundo. O evento \u201cComunica\u00e7\u00e3o f\u00e1cil de entenderpara a acessibilidade: Boas pr\u00e1ticas e recomenda\u00e7\u00f5es\u201d aconteceu durante a D\u00e9cima Sexta Confer\u00eancia dos Estados [&hellip;]<\/p>\n","protected":false},"author":1,"featured_media":34869,"comment_status":"open","ping_status":"open","sticky":false,"template":"","format":"standard","meta":{"site-container-style":"default","site-container-layout":"default","site-sidebar-layout":"default","disable-article-header":"default","disable-site-header":"default","disable-site-footer":"default","disable-content-area-spacing":"default","footnotes":""},"categories":[1,463],"tags":[],"class_list":["post-34862","post","type-post","status-publish","format-standard","has-post-thumbnail","hentry","category-blog","category-linguagem-simples"],"yoast_head":"<!-- This site is optimized with the Yoast SEO plugin v27.4 - https:\/\/yoast.com\/product\/yoast-seo-wordpress\/ -->\n<title>Evento na ONU fortalece pol\u00edticas internacionais de Linguagem Simples -<\/title>\n<meta name=\"robots\" content=\"index, follow, max-snippet:-1, max-image-preview:large, max-video-preview:-1\" \/>\n<link rel=\"canonical\" href=\"https:\/\/inclusivenews.com.br\/?p=34862\" \/>\n<meta property=\"og:locale\" content=\"pt_PT\" \/>\n<meta property=\"og:type\" content=\"article\" \/>\n<meta property=\"og:title\" content=\"Evento na ONU fortalece pol\u00edticas internacionais de Linguagem Simples -\" \/>\n<meta property=\"og:description\" content=\"Organiza\u00e7\u00f5es de defesa dos direitos das pessoas com defici\u00eancia intelectual de todo mundo reuniram-se na sala de confer\u00eancias 4 da sede da ONU, em Nova York, para discutir a promo\u00e7\u00e3o da Linguagem Simples no mundo. O evento \u201cComunica\u00e7\u00e3o f\u00e1cil de entenderpara a acessibilidade: Boas pr\u00e1ticas e recomenda\u00e7\u00f5es\u201d aconteceu durante a D\u00e9cima Sexta Confer\u00eancia dos Estados [&hellip;]\" \/>\n<meta property=\"og:url\" content=\"https:\/\/inclusivenews.com.br\/?p=34862\" \/>\n<meta property=\"article:publisher\" content=\"https:\/\/www.facebook.com\/agenciainclusive\/\" \/>\n<meta property=\"article:published_time\" content=\"2023-06-14T21:45:00+00:00\" \/>\n<meta property=\"article:modified_time\" content=\"2025-09-05T12:59:56+00:00\" \/>\n<meta property=\"og:image\" content=\"https:\/\/inclusivenews.com.br\/wp-content\/uploads\/2025\/07\/patvini-1024x926.png\" \/>\n\t<meta property=\"og:image:width\" content=\"1024\" \/>\n\t<meta property=\"og:image:height\" content=\"926\" \/>\n\t<meta property=\"og:image:type\" content=\"image\/png\" \/>\n<meta name=\"author\" content=\"inclusivenews2024\" \/>\n<meta name=\"twitter:card\" content=\"summary_large_image\" \/>\n<meta name=\"twitter:label1\" content=\"Escrito por\" \/>\n\t<meta name=\"twitter:data1\" content=\"inclusivenews2024\" \/>\n\t<meta name=\"twitter:label2\" content=\"Tempo estimado de leitura\" \/>\n\t<meta name=\"twitter:data2\" content=\"3 minutos\" \/>\n<script type=\"application\/ld+json\" class=\"yoast-schema-graph\">{\"@context\":\"https:\\\/\\\/schema.org\",\"@graph\":[{\"@type\":\"Article\",\"@id\":\"https:\\\/\\\/inclusivenews.com.br\\\/?p=34862#article\",\"isPartOf\":{\"@id\":\"https:\\\/\\\/inclusivenews.com.br\\\/?p=34862\"},\"author\":{\"name\":\"inclusivenews2024\",\"@id\":\"https:\\\/\\\/inclusivenews.com.br\\\/#\\\/schema\\\/person\\\/ae4ec7087559b8692fb33b6fffd2273b\"},\"headline\":\"Evento na ONU fortalece pol\u00edticas internacionais de Linguagem Simples\",\"datePublished\":\"2023-06-14T21:45:00+00:00\",\"dateModified\":\"2025-09-05T12:59:56+00:00\",\"mainEntityOfPage\":{\"@id\":\"https:\\\/\\\/inclusivenews.com.br\\\/?p=34862\"},\"wordCount\":266,\"commentCount\":0,\"publisher\":{\"@id\":\"https:\\\/\\\/inclusivenews.com.br\\\/#organization\"},\"image\":{\"@id\":\"https:\\\/\\\/inclusivenews.com.br\\\/?p=34862#primaryimage\"},\"thumbnailUrl\":\"https:\\\/\\\/inclusivenews.com.br\\\/wp-content\\\/uploads\\\/2025\\\/07\\\/patvini.png\",\"articleSection\":[\"Blog\",\"Linguagem Simples\"],\"inLanguage\":\"pt-PT\",\"potentialAction\":[{\"@type\":\"CommentAction\",\"name\":\"Comment\",\"target\":[\"https:\\\/\\\/inclusivenews.com.br\\\/?p=34862#respond\"]}]},{\"@type\":\"WebPage\",\"@id\":\"https:\\\/\\\/inclusivenews.com.br\\\/?p=34862\",\"url\":\"https:\\\/\\\/inclusivenews.com.br\\\/?p=34862\",\"name\":\"Evento na ONU fortalece pol\u00edticas internacionais de Linguagem Simples -\",\"isPartOf\":{\"@id\":\"https:\\\/\\\/inclusivenews.com.br\\\/#website\"},\"primaryImageOfPage\":{\"@id\":\"https:\\\/\\\/inclusivenews.com.br\\\/?p=34862#primaryimage\"},\"image\":{\"@id\":\"https:\\\/\\\/inclusivenews.com.br\\\/?p=34862#primaryimage\"},\"thumbnailUrl\":\"https:\\\/\\\/inclusivenews.com.br\\\/wp-content\\\/uploads\\\/2025\\\/07\\\/patvini.png\",\"datePublished\":\"2023-06-14T21:45:00+00:00\",\"dateModified\":\"2025-09-05T12:59:56+00:00\",\"breadcrumb\":{\"@id\":\"https:\\\/\\\/inclusivenews.com.br\\\/?p=34862#breadcrumb\"},\"inLanguage\":\"pt-PT\",\"potentialAction\":[{\"@type\":\"ReadAction\",\"target\":[\"https:\\\/\\\/inclusivenews.com.br\\\/?p=34862\"]}]},{\"@type\":\"ImageObject\",\"inLanguage\":\"pt-PT\",\"@id\":\"https:\\\/\\\/inclusivenews.com.br\\\/?p=34862#primaryimage\",\"url\":\"https:\\\/\\\/inclusivenews.com.br\\\/wp-content\\\/uploads\\\/2025\\\/07\\\/patvini.png\",\"contentUrl\":\"https:\\\/\\\/inclusivenews.com.br\\\/wp-content\\\/uploads\\\/2025\\\/07\\\/patvini.png\",\"width\":1362,\"height\":1232,\"caption\":\"duas pessoas em mesa de debates vinicius streda e patricia almeida.\"},{\"@type\":\"BreadcrumbList\",\"@id\":\"https:\\\/\\\/inclusivenews.com.br\\\/?p=34862#breadcrumb\",\"itemListElement\":[{\"@type\":\"ListItem\",\"position\":1,\"name\":\"In\u00edcio\",\"item\":\"https:\\\/\\\/inclusivenews.com.br\\\/\"},{\"@type\":\"ListItem\",\"position\":2,\"name\":\"Evento na ONU fortalece pol\u00edticas internacionais de Linguagem Simples\"}]},{\"@type\":\"WebSite\",\"@id\":\"https:\\\/\\\/inclusivenews.com.br\\\/#website\",\"url\":\"https:\\\/\\\/inclusivenews.com.br\\\/\",\"name\":\"Inclusive News\",\"description\":\"Inclusive News\",\"publisher\":{\"@id\":\"https:\\\/\\\/inclusivenews.com.br\\\/#organization\"},\"potentialAction\":[{\"@type\":\"SearchAction\",\"target\":{\"@type\":\"EntryPoint\",\"urlTemplate\":\"https:\\\/\\\/inclusivenews.com.br\\\/?s={search_term_string}\"},\"query-input\":{\"@type\":\"PropertyValueSpecification\",\"valueRequired\":true,\"valueName\":\"search_term_string\"}}],\"inLanguage\":\"pt-PT\"},{\"@type\":\"Organization\",\"@id\":\"https:\\\/\\\/inclusivenews.com.br\\\/#organization\",\"name\":\"Inclusive - inclus\u00e3o e cidadania\",\"url\":\"https:\\\/\\\/inclusivenews.com.br\\\/\",\"logo\":{\"@type\":\"ImageObject\",\"inLanguage\":\"pt-PT\",\"@id\":\"https:\\\/\\\/inclusivenews.com.br\\\/#\\\/schema\\\/logo\\\/image\\\/\",\"url\":\"https:\\\/\\\/inclusivenews.com.br\\\/wp-content\\\/uploads\\\/2024\\\/03\\\/@grandesite.png\",\"contentUrl\":\"https:\\\/\\\/inclusivenews.com.br\\\/wp-content\\\/uploads\\\/2024\\\/03\\\/@grandesite.png\",\"width\":1080,\"height\":1080,\"caption\":\"Inclusive - inclus\u00e3o e cidadania\"},\"image\":{\"@id\":\"https:\\\/\\\/inclusivenews.com.br\\\/#\\\/schema\\\/logo\\\/image\\\/\"},\"sameAs\":[\"https:\\\/\\\/www.facebook.com\\\/agenciainclusive\\\/\",\"https:\\\/\\\/www.instagram.com\\\/newsinclusive\\\/\"]},{\"@type\":\"Person\",\"@id\":\"https:\\\/\\\/inclusivenews.com.br\\\/#\\\/schema\\\/person\\\/ae4ec7087559b8692fb33b6fffd2273b\",\"name\":\"inclusivenews2024\",\"image\":{\"@type\":\"ImageObject\",\"inLanguage\":\"pt-PT\",\"@id\":\"https:\\\/\\\/secure.gravatar.com\\\/avatar\\\/c5a7ef84c66fa914f55bc4f7ce26cfa275a3b9a1c5568b907bd184fb4dde7b40?s=96&d=mm&r=g\",\"url\":\"https:\\\/\\\/secure.gravatar.com\\\/avatar\\\/c5a7ef84c66fa914f55bc4f7ce26cfa275a3b9a1c5568b907bd184fb4dde7b40?s=96&d=mm&r=g\",\"contentUrl\":\"https:\\\/\\\/secure.gravatar.com\\\/avatar\\\/c5a7ef84c66fa914f55bc4f7ce26cfa275a3b9a1c5568b907bd184fb4dde7b40?s=96&d=mm&r=g\",\"caption\":\"inclusivenews2024\"},\"sameAs\":[\"https:\\\/\\\/inclusivenews.com.br\"],\"url\":\"https:\\\/\\\/inclusivenews.com.br\\\/?author=1\"}]}<\/script>\n<!-- \/ Yoast SEO plugin. -->","yoast_head_json":{"title":"Evento na ONU fortalece pol\u00edticas internacionais de Linguagem Simples -","robots":{"index":"index","follow":"follow","max-snippet":"max-snippet:-1","max-image-preview":"max-image-preview:large","max-video-preview":"max-video-preview:-1"},"canonical":"https:\/\/inclusivenews.com.br\/?p=34862","og_locale":"pt_PT","og_type":"article","og_title":"Evento na ONU fortalece pol\u00edticas internacionais de Linguagem Simples -","og_description":"Organiza\u00e7\u00f5es de defesa dos direitos das pessoas com defici\u00eancia intelectual de todo mundo reuniram-se na sala de confer\u00eancias 4 da sede da ONU, em Nova York, para discutir a promo\u00e7\u00e3o da Linguagem Simples no mundo. O evento \u201cComunica\u00e7\u00e3o f\u00e1cil de entenderpara a acessibilidade: Boas pr\u00e1ticas e recomenda\u00e7\u00f5es\u201d aconteceu durante a D\u00e9cima Sexta Confer\u00eancia dos Estados [&hellip;]","og_url":"https:\/\/inclusivenews.com.br\/?p=34862","article_publisher":"https:\/\/www.facebook.com\/agenciainclusive\/","article_published_time":"2023-06-14T21:45:00+00:00","article_modified_time":"2025-09-05T12:59:56+00:00","og_image":[{"width":1024,"height":926,"url":"https:\/\/inclusivenews.com.br\/wp-content\/uploads\/2025\/07\/patvini-1024x926.png","type":"image\/png"}],"author":"inclusivenews2024","twitter_card":"summary_large_image","twitter_misc":{"Escrito por":"inclusivenews2024","Tempo estimado de leitura":"3 minutos"},"schema":{"@context":"https:\/\/schema.org","@graph":[{"@type":"Article","@id":"https:\/\/inclusivenews.com.br\/?p=34862#article","isPartOf":{"@id":"https:\/\/inclusivenews.com.br\/?p=34862"},"author":{"name":"inclusivenews2024","@id":"https:\/\/inclusivenews.com.br\/#\/schema\/person\/ae4ec7087559b8692fb33b6fffd2273b"},"headline":"Evento na ONU fortalece pol\u00edticas internacionais de Linguagem Simples","datePublished":"2023-06-14T21:45:00+00:00","dateModified":"2025-09-05T12:59:56+00:00","mainEntityOfPage":{"@id":"https:\/\/inclusivenews.com.br\/?p=34862"},"wordCount":266,"commentCount":0,"publisher":{"@id":"https:\/\/inclusivenews.com.br\/#organization"},"image":{"@id":"https:\/\/inclusivenews.com.br\/?p=34862#primaryimage"},"thumbnailUrl":"https:\/\/inclusivenews.com.br\/wp-content\/uploads\/2025\/07\/patvini.png","articleSection":["Blog","Linguagem Simples"],"inLanguage":"pt-PT","potentialAction":[{"@type":"CommentAction","name":"Comment","target":["https:\/\/inclusivenews.com.br\/?p=34862#respond"]}]},{"@type":"WebPage","@id":"https:\/\/inclusivenews.com.br\/?p=34862","url":"https:\/\/inclusivenews.com.br\/?p=34862","name":"Evento na ONU fortalece pol\u00edticas internacionais de Linguagem Simples -","isPartOf":{"@id":"https:\/\/inclusivenews.com.br\/#website"},"primaryImageOfPage":{"@id":"https:\/\/inclusivenews.com.br\/?p=34862#primaryimage"},"image":{"@id":"https:\/\/inclusivenews.com.br\/?p=34862#primaryimage"},"thumbnailUrl":"https:\/\/inclusivenews.com.br\/wp-content\/uploads\/2025\/07\/patvini.png","datePublished":"2023-06-14T21:45:00+00:00","dateModified":"2025-09-05T12:59:56+00:00","breadcrumb":{"@id":"https:\/\/inclusivenews.com.br\/?p=34862#breadcrumb"},"inLanguage":"pt-PT","potentialAction":[{"@type":"ReadAction","target":["https:\/\/inclusivenews.com.br\/?p=34862"]}]},{"@type":"ImageObject","inLanguage":"pt-PT","@id":"https:\/\/inclusivenews.com.br\/?p=34862#primaryimage","url":"https:\/\/inclusivenews.com.br\/wp-content\/uploads\/2025\/07\/patvini.png","contentUrl":"https:\/\/inclusivenews.com.br\/wp-content\/uploads\/2025\/07\/patvini.png","width":1362,"height":1232,"caption":"duas pessoas em mesa de debates vinicius streda e patricia almeida."},{"@type":"BreadcrumbList","@id":"https:\/\/inclusivenews.com.br\/?p=34862#breadcrumb","itemListElement":[{"@type":"ListItem","position":1,"name":"In\u00edcio","item":"https:\/\/inclusivenews.com.br\/"},{"@type":"ListItem","position":2,"name":"Evento na ONU fortalece pol\u00edticas internacionais de Linguagem Simples"}]},{"@type":"WebSite","@id":"https:\/\/inclusivenews.com.br\/#website","url":"https:\/\/inclusivenews.com.br\/","name":"Inclusive News","description":"Inclusive News","publisher":{"@id":"https:\/\/inclusivenews.com.br\/#organization"},"potentialAction":[{"@type":"SearchAction","target":{"@type":"EntryPoint","urlTemplate":"https:\/\/inclusivenews.com.br\/?s={search_term_string}"},"query-input":{"@type":"PropertyValueSpecification","valueRequired":true,"valueName":"search_term_string"}}],"inLanguage":"pt-PT"},{"@type":"Organization","@id":"https:\/\/inclusivenews.com.br\/#organization","name":"Inclusive - inclus\u00e3o e cidadania","url":"https:\/\/inclusivenews.com.br\/","logo":{"@type":"ImageObject","inLanguage":"pt-PT","@id":"https:\/\/inclusivenews.com.br\/#\/schema\/logo\/image\/","url":"https:\/\/inclusivenews.com.br\/wp-content\/uploads\/2024\/03\/@grandesite.png","contentUrl":"https:\/\/inclusivenews.com.br\/wp-content\/uploads\/2024\/03\/@grandesite.png","width":1080,"height":1080,"caption":"Inclusive - inclus\u00e3o e cidadania"},"image":{"@id":"https:\/\/inclusivenews.com.br\/#\/schema\/logo\/image\/"},"sameAs":["https:\/\/www.facebook.com\/agenciainclusive\/","https:\/\/www.instagram.com\/newsinclusive\/"]},{"@type":"Person","@id":"https:\/\/inclusivenews.com.br\/#\/schema\/person\/ae4ec7087559b8692fb33b6fffd2273b","name":"inclusivenews2024","image":{"@type":"ImageObject","inLanguage":"pt-PT","@id":"https:\/\/secure.gravatar.com\/avatar\/c5a7ef84c66fa914f55bc4f7ce26cfa275a3b9a1c5568b907bd184fb4dde7b40?s=96&d=mm&r=g","url":"https:\/\/secure.gravatar.com\/avatar\/c5a7ef84c66fa914f55bc4f7ce26cfa275a3b9a1c5568b907bd184fb4dde7b40?s=96&d=mm&r=g","contentUrl":"https:\/\/secure.gravatar.com\/avatar\/c5a7ef84c66fa914f55bc4f7ce26cfa275a3b9a1c5568b907bd184fb4dde7b40?s=96&d=mm&r=g","caption":"inclusivenews2024"},"sameAs":["https:\/\/inclusivenews.com.br"],"url":"https:\/\/inclusivenews.com.br\/?author=1"}]}},"_links":{"self":[{"href":"https:\/\/inclusivenews.com.br\/index.php?rest_route=\/wp\/v2\/posts\/34862","targetHints":{"allow":["GET"]}}],"collection":[{"href":"https:\/\/inclusivenews.com.br\/index.php?rest_route=\/wp\/v2\/posts"}],"about":[{"href":"https:\/\/inclusivenews.com.br\/index.php?rest_route=\/wp\/v2\/types\/post"}],"author":[{"embeddable":true,"href":"https:\/\/inclusivenews.com.br\/index.php?rest_route=\/wp\/v2\/users\/1"}],"replies":[{"embeddable":true,"href":"https:\/\/inclusivenews.com.br\/index.php?rest_route=%2Fwp%2Fv2%2Fcomments&post=34862"}],"version-history":[{"count":16,"href":"https:\/\/inclusivenews.com.br\/index.php?rest_route=\/wp\/v2\/posts\/34862\/revisions"}],"predecessor-version":[{"id":34941,"href":"https:\/\/inclusivenews.com.br\/index.php?rest_route=\/wp\/v2\/posts\/34862\/revisions\/34941"}],"wp:featuredmedia":[{"embeddable":true,"href":"https:\/\/inclusivenews.com.br\/index.php?rest_route=\/wp\/v2\/media\/34869"}],"wp:attachment":[{"href":"https:\/\/inclusivenews.com.br\/index.php?rest_route=%2Fwp%2Fv2%2Fmedia&parent=34862"}],"wp:term":[{"taxonomy":"category","embeddable":true,"href":"https:\/\/inclusivenews.com.br\/index.php?rest_route=%2Fwp%2Fv2%2Fcategories&post=34862"},{"taxonomy":"post_tag","embeddable":true,"href":"https:\/\/inclusivenews.com.br\/index.php?rest_route=%2Fwp%2Fv2%2Ftags&post=34862"}],"curies":[{"name":"wp","href":"https:\/\/api.w.org\/{rel}","templated":true}]}}