{"id":34885,"date":"2025-07-23T17:55:00","date_gmt":"2025-07-23T17:55:00","guid":{"rendered":"https:\/\/inclusivenews.com.br\/?p=34885"},"modified":"2025-07-24T15:07:23","modified_gmt":"2025-07-24T15:07:23","slug":"conferencia-nacional-livre-de-politicas-para-as-mulheres-com-deficiencia","status":"publish","type":"post","link":"https:\/\/inclusivenews.com.br\/?p=34885","title":{"rendered":"Confer\u00eancia Nacional Livre de Pol\u00edticas para as Mulheres com Defici\u00eancia"},"content":{"rendered":"\n<p class=\"has-yuki-font-medium-font-size\">Protagonismo e resist\u00eancia: mulheres com defici\u00eancia na constru\u00e7\u00e3o do Brasil que queremos.<\/p>\n\n\n\n<p><br><strong>Informa\u00e7\u00f5es principais:<\/strong><\/p>\n\n\n\n<p>\ud83d\udccd 09.AGO online<\/p>\n\n\n\n<p>\ud83d\udd58 09H \u00e0s 17H<\/p>\n\n\n\n<p>\u2705 Link de inscri\u00e7\u00e3o: <a href=\"https:\/\/forms.gle\/CdSG68fhUicWDVuH6\">https:\/\/forms.gle\/CdSG68fhUicWDVuH6<\/a><\/p>\n\n\n\n<p>&#8220;A quem interessa o sil\u00eancio sobre a viol\u00eancia contra mulheres com defici\u00eancia?&#8221;<br>&#8220;Vamos quebrar esse sil\u00eancio! Nossa voz precisa ecoar em todas as inst\u00e2ncias. Inscreva-se e fortale\u00e7a essa luta.&#8221;<\/p>\n\n\n\n<figure class=\"wp-block-image size-large\"><img loading=\"lazy\" decoding=\"async\" width=\"819\" height=\"1024\" src=\"https:\/\/inclusivenews.com.br\/wp-content\/uploads\/2025\/07\/image-3-819x1024.png\" alt=\"card de divulga\u00e7\u00e3o da 5\u00aa Confer\u00eancia Nacional de Pol\u00edticas para as Mulheres \u2013 Etapa Livre Nacional de Mulheres com Defici\u00eancia, com um fundo roxo e elementos gr\u00e1ficos coloridos.\nNa parte superior, \u00e0 esquerda, est\u00e1 o logotipo da 5\u00aa CNPM (Confer\u00eancia Nacional de Pol\u00edticas para as Mulheres), seguido do t\u00edtulo em destaque:\n\u201cConfer\u00eancia Nacional Livre de Pol\u00edticas para as Mulheres com Defici\u00eancia\u201d\nLogo abaixo, aparece o lema do evento:\n\u201cProtagonismo e resist\u00eancia: mulheres com defici\u00eancia na constru\u00e7\u00e3o do Brasil que queremos.\u201d\n\nNa parte inferior esquerda est\u00e1 o logotipo da Frente Nacional das Mulheres com Defici\u00eancia, seguido dos apoiadores:\nConselho Nacional dos Direitos da Mulher (CNDM)\nMinist\u00e9rio das Mulheres\nGoverno Federal - Brasil: Uni\u00e3o e Reconstru\u00e7\u00e3o\n\u00c0 direita da imagem, h\u00e1 uma ilustra\u00e7\u00e3o com duas mulheres: uma delas \u00e9 usu\u00e1ria de cadeira de rodas, com cabelo castanho e blusa vermelha; a outra \u00e9 uma mulher com \u00f3culos escuros e mochila, empurrando a cadeira de rodas. Ambas est\u00e3o em movimento, refor\u00e7ando o simbolismo de protagonismo e autonomia.\nO design inclui formas geom\u00e9tricas coloridas (c\u00edrculos, tri\u00e2ngulos, semic\u00edrculos) nos cantos, dando um ar moderno e din\u00e2mico ao card.\" class=\"wp-image-34886\" srcset=\"https:\/\/inclusivenews.com.br\/wp-content\/uploads\/2025\/07\/image-3-819x1024.png 819w, https:\/\/inclusivenews.com.br\/wp-content\/uploads\/2025\/07\/image-3-240x300.png 240w, https:\/\/inclusivenews.com.br\/wp-content\/uploads\/2025\/07\/image-3-768x960.png 768w, https:\/\/inclusivenews.com.br\/wp-content\/uploads\/2025\/07\/image-3.png 1024w\" sizes=\"auto, (max-width: 819px) 100vw, 819px\" \/><\/figure>\n","protected":false},"excerpt":{"rendered":"<p>Protagonismo e resist\u00eancia: mulheres com defici\u00eancia na constru\u00e7\u00e3o do Brasil que queremos. Informa\u00e7\u00f5es principais: \ud83d\udccd 09.AGO online \ud83d\udd58 09H \u00e0s 17H \u2705 Link de inscri\u00e7\u00e3o: https:\/\/forms.gle\/CdSG68fhUicWDVuH6 &#8220;A quem interessa o sil\u00eancio sobre a viol\u00eancia contra mulheres com defici\u00eancia?&#8221;&#8220;Vamos quebrar esse sil\u00eancio! Nossa voz precisa ecoar em todas as inst\u00e2ncias. Inscreva-se e fortale\u00e7a essa luta.&#8221;<\/p>\n","protected":false},"author":1,"featured_media":34887,"comment_status":"open","ping_status":"open","sticky":false,"template":"","format":"standard","meta":{"site-container-style":"default","site-container-layout":"default","site-sidebar-layout":"default","disable-article-header":"default","disable-site-header":"default","disable-site-footer":"default","disable-content-area-spacing":"default","footnotes":""},"categories":[1],"tags":[822,752,487],"class_list":["post-34885","post","type-post","status-publish","format-standard","has-post-thumbnail","hentry","category-blog","tag-conferencia-nacional-livre","tag-mulheres-com-deficiencia","tag-pcd"],"yoast_head":"<!-- This site is optimized with the Yoast SEO plugin v27.4 - https:\/\/yoast.com\/product\/yoast-seo-wordpress\/ -->\n<title>Confer\u00eancia Nacional Livre de Pol\u00edticas para as Mulheres com Defici\u00eancia -<\/title>\n<meta name=\"robots\" content=\"index, follow, max-snippet:-1, max-image-preview:large, max-video-preview:-1\" \/>\n<link rel=\"canonical\" href=\"https:\/\/inclusivenews.com.br\/?p=34885\" \/>\n<meta property=\"og:locale\" content=\"pt_PT\" \/>\n<meta property=\"og:type\" content=\"article\" \/>\n<meta property=\"og:title\" content=\"Confer\u00eancia Nacional Livre de Pol\u00edticas para as Mulheres com Defici\u00eancia -\" \/>\n<meta property=\"og:description\" content=\"Protagonismo e resist\u00eancia: mulheres com defici\u00eancia na constru\u00e7\u00e3o do Brasil que queremos. Informa\u00e7\u00f5es principais: \ud83d\udccd 09.AGO online \ud83d\udd58 09H \u00e0s 17H \u2705 Link de inscri\u00e7\u00e3o: https:\/\/forms.gle\/CdSG68fhUicWDVuH6 &#8220;A quem interessa o sil\u00eancio sobre a viol\u00eancia contra mulheres com defici\u00eancia?&#8221;&#8220;Vamos quebrar esse sil\u00eancio! Nossa voz precisa ecoar em todas as inst\u00e2ncias. Inscreva-se e fortale\u00e7a essa luta.&#8221;\" \/>\n<meta property=\"og:url\" content=\"https:\/\/inclusivenews.com.br\/?p=34885\" \/>\n<meta property=\"article:publisher\" content=\"https:\/\/www.facebook.com\/agenciainclusive\/\" \/>\n<meta property=\"article:published_time\" content=\"2025-07-23T17:55:00+00:00\" \/>\n<meta property=\"article:modified_time\" content=\"2025-07-24T15:07:23+00:00\" \/>\n<meta property=\"og:image\" content=\"https:\/\/inclusivenews.com.br\/wp-content\/uploads\/2025\/07\/WhatsApp-Image-2025-07-23-at-14.42.47-e1753368792152.jpeg\" \/>\n\t<meta property=\"og:image:width\" content=\"1024\" \/>\n\t<meta property=\"og:image:height\" content=\"670\" \/>\n\t<meta property=\"og:image:type\" content=\"image\/jpeg\" \/>\n<meta name=\"author\" content=\"inclusivenews2024\" \/>\n<meta name=\"twitter:card\" content=\"summary_large_image\" \/>\n<meta name=\"twitter:label1\" content=\"Escrito por\" \/>\n\t<meta name=\"twitter:data1\" content=\"inclusivenews2024\" \/>\n\t<meta name=\"twitter:label2\" content=\"Tempo estimado de leitura\" \/>\n\t<meta name=\"twitter:data2\" content=\"1 minuto\" \/>\n<script type=\"application\/ld+json\" class=\"yoast-schema-graph\">{\"@context\":\"https:\\\/\\\/schema.org\",\"@graph\":[{\"@type\":\"Article\",\"@id\":\"https:\\\/\\\/inclusivenews.com.br\\\/?p=34885#article\",\"isPartOf\":{\"@id\":\"https:\\\/\\\/inclusivenews.com.br\\\/?p=34885\"},\"author\":{\"name\":\"inclusivenews2024\",\"@id\":\"https:\\\/\\\/inclusivenews.com.br\\\/#\\\/schema\\\/person\\\/ae4ec7087559b8692fb33b6fffd2273b\"},\"headline\":\"Confer\u00eancia Nacional Livre de Pol\u00edticas para as Mulheres com Defici\u00eancia\",\"datePublished\":\"2025-07-23T17:55:00+00:00\",\"dateModified\":\"2025-07-24T15:07:23+00:00\",\"mainEntityOfPage\":{\"@id\":\"https:\\\/\\\/inclusivenews.com.br\\\/?p=34885\"},\"wordCount\":80,\"commentCount\":0,\"publisher\":{\"@id\":\"https:\\\/\\\/inclusivenews.com.br\\\/#organization\"},\"image\":{\"@id\":\"https:\\\/\\\/inclusivenews.com.br\\\/?p=34885#primaryimage\"},\"thumbnailUrl\":\"https:\\\/\\\/inclusivenews.com.br\\\/wp-content\\\/uploads\\\/2025\\\/07\\\/WhatsApp-Image-2025-07-23-at-14.42.47-e1753368792152.jpeg\",\"keywords\":[\"Confer\u00eancia Nacional Livre\",\"mulheres com defici\u00eancia\",\"PcD\"],\"articleSection\":[\"Blog\"],\"inLanguage\":\"pt-PT\",\"potentialAction\":[{\"@type\":\"CommentAction\",\"name\":\"Comment\",\"target\":[\"https:\\\/\\\/inclusivenews.com.br\\\/?p=34885#respond\"]}]},{\"@type\":\"WebPage\",\"@id\":\"https:\\\/\\\/inclusivenews.com.br\\\/?p=34885\",\"url\":\"https:\\\/\\\/inclusivenews.com.br\\\/?p=34885\",\"name\":\"Confer\u00eancia Nacional Livre de Pol\u00edticas para as Mulheres com Defici\u00eancia -\",\"isPartOf\":{\"@id\":\"https:\\\/\\\/inclusivenews.com.br\\\/#website\"},\"primaryImageOfPage\":{\"@id\":\"https:\\\/\\\/inclusivenews.com.br\\\/?p=34885#primaryimage\"},\"image\":{\"@id\":\"https:\\\/\\\/inclusivenews.com.br\\\/?p=34885#primaryimage\"},\"thumbnailUrl\":\"https:\\\/\\\/inclusivenews.com.br\\\/wp-content\\\/uploads\\\/2025\\\/07\\\/WhatsApp-Image-2025-07-23-at-14.42.47-e1753368792152.jpeg\",\"datePublished\":\"2025-07-23T17:55:00+00:00\",\"dateModified\":\"2025-07-24T15:07:23+00:00\",\"breadcrumb\":{\"@id\":\"https:\\\/\\\/inclusivenews.com.br\\\/?p=34885#breadcrumb\"},\"inLanguage\":\"pt-PT\",\"potentialAction\":[{\"@type\":\"ReadAction\",\"target\":[\"https:\\\/\\\/inclusivenews.com.br\\\/?p=34885\"]}]},{\"@type\":\"ImageObject\",\"inLanguage\":\"pt-PT\",\"@id\":\"https:\\\/\\\/inclusivenews.com.br\\\/?p=34885#primaryimage\",\"url\":\"https:\\\/\\\/inclusivenews.com.br\\\/wp-content\\\/uploads\\\/2025\\\/07\\\/WhatsApp-Image-2025-07-23-at-14.42.47-e1753368792152.jpeg\",\"contentUrl\":\"https:\\\/\\\/inclusivenews.com.br\\\/wp-content\\\/uploads\\\/2025\\\/07\\\/WhatsApp-Image-2025-07-23-at-14.42.47-e1753368792152.jpeg\",\"width\":1024,\"height\":670},{\"@type\":\"BreadcrumbList\",\"@id\":\"https:\\\/\\\/inclusivenews.com.br\\\/?p=34885#breadcrumb\",\"itemListElement\":[{\"@type\":\"ListItem\",\"position\":1,\"name\":\"In\u00edcio\",\"item\":\"https:\\\/\\\/inclusivenews.com.br\\\/\"},{\"@type\":\"ListItem\",\"position\":2,\"name\":\"Confer\u00eancia Nacional Livre de Pol\u00edticas para as Mulheres com Defici\u00eancia\"}]},{\"@type\":\"WebSite\",\"@id\":\"https:\\\/\\\/inclusivenews.com.br\\\/#website\",\"url\":\"https:\\\/\\\/inclusivenews.com.br\\\/\",\"name\":\"Inclusive News\",\"description\":\"Inclusive News\",\"publisher\":{\"@id\":\"https:\\\/\\\/inclusivenews.com.br\\\/#organization\"},\"potentialAction\":[{\"@type\":\"SearchAction\",\"target\":{\"@type\":\"EntryPoint\",\"urlTemplate\":\"https:\\\/\\\/inclusivenews.com.br\\\/?s={search_term_string}\"},\"query-input\":{\"@type\":\"PropertyValueSpecification\",\"valueRequired\":true,\"valueName\":\"search_term_string\"}}],\"inLanguage\":\"pt-PT\"},{\"@type\":\"Organization\",\"@id\":\"https:\\\/\\\/inclusivenews.com.br\\\/#organization\",\"name\":\"Inclusive - inclus\u00e3o e cidadania\",\"url\":\"https:\\\/\\\/inclusivenews.com.br\\\/\",\"logo\":{\"@type\":\"ImageObject\",\"inLanguage\":\"pt-PT\",\"@id\":\"https:\\\/\\\/inclusivenews.com.br\\\/#\\\/schema\\\/logo\\\/image\\\/\",\"url\":\"https:\\\/\\\/inclusivenews.com.br\\\/wp-content\\\/uploads\\\/2024\\\/03\\\/@grandesite.png\",\"contentUrl\":\"https:\\\/\\\/inclusivenews.com.br\\\/wp-content\\\/uploads\\\/2024\\\/03\\\/@grandesite.png\",\"width\":1080,\"height\":1080,\"caption\":\"Inclusive - inclus\u00e3o e cidadania\"},\"image\":{\"@id\":\"https:\\\/\\\/inclusivenews.com.br\\\/#\\\/schema\\\/logo\\\/image\\\/\"},\"sameAs\":[\"https:\\\/\\\/www.facebook.com\\\/agenciainclusive\\\/\",\"https:\\\/\\\/www.instagram.com\\\/newsinclusive\\\/\"]},{\"@type\":\"Person\",\"@id\":\"https:\\\/\\\/inclusivenews.com.br\\\/#\\\/schema\\\/person\\\/ae4ec7087559b8692fb33b6fffd2273b\",\"name\":\"inclusivenews2024\",\"image\":{\"@type\":\"ImageObject\",\"inLanguage\":\"pt-PT\",\"@id\":\"https:\\\/\\\/secure.gravatar.com\\\/avatar\\\/c5a7ef84c66fa914f55bc4f7ce26cfa275a3b9a1c5568b907bd184fb4dde7b40?s=96&d=mm&r=g\",\"url\":\"https:\\\/\\\/secure.gravatar.com\\\/avatar\\\/c5a7ef84c66fa914f55bc4f7ce26cfa275a3b9a1c5568b907bd184fb4dde7b40?s=96&d=mm&r=g\",\"contentUrl\":\"https:\\\/\\\/secure.gravatar.com\\\/avatar\\\/c5a7ef84c66fa914f55bc4f7ce26cfa275a3b9a1c5568b907bd184fb4dde7b40?s=96&d=mm&r=g\",\"caption\":\"inclusivenews2024\"},\"sameAs\":[\"https:\\\/\\\/inclusivenews.com.br\"],\"url\":\"https:\\\/\\\/inclusivenews.com.br\\\/?author=1\"}]}<\/script>\n<!-- \/ Yoast SEO plugin. -->","yoast_head_json":{"title":"Confer\u00eancia Nacional Livre de Pol\u00edticas para as Mulheres com Defici\u00eancia -","robots":{"index":"index","follow":"follow","max-snippet":"max-snippet:-1","max-image-preview":"max-image-preview:large","max-video-preview":"max-video-preview:-1"},"canonical":"https:\/\/inclusivenews.com.br\/?p=34885","og_locale":"pt_PT","og_type":"article","og_title":"Confer\u00eancia Nacional Livre de Pol\u00edticas para as Mulheres com Defici\u00eancia -","og_description":"Protagonismo e resist\u00eancia: mulheres com defici\u00eancia na constru\u00e7\u00e3o do Brasil que queremos. Informa\u00e7\u00f5es principais: \ud83d\udccd 09.AGO online \ud83d\udd58 09H \u00e0s 17H \u2705 Link de inscri\u00e7\u00e3o: https:\/\/forms.gle\/CdSG68fhUicWDVuH6 &#8220;A quem interessa o sil\u00eancio sobre a viol\u00eancia contra mulheres com defici\u00eancia?&#8221;&#8220;Vamos quebrar esse sil\u00eancio! Nossa voz precisa ecoar em todas as inst\u00e2ncias. Inscreva-se e fortale\u00e7a essa luta.&#8221;","og_url":"https:\/\/inclusivenews.com.br\/?p=34885","article_publisher":"https:\/\/www.facebook.com\/agenciainclusive\/","article_published_time":"2025-07-23T17:55:00+00:00","article_modified_time":"2025-07-24T15:07:23+00:00","og_image":[{"width":1024,"height":670,"url":"https:\/\/inclusivenews.com.br\/wp-content\/uploads\/2025\/07\/WhatsApp-Image-2025-07-23-at-14.42.47-e1753368792152.jpeg","type":"image\/jpeg"}],"author":"inclusivenews2024","twitter_card":"summary_large_image","twitter_misc":{"Escrito por":"inclusivenews2024","Tempo estimado de leitura":"1 minuto"},"schema":{"@context":"https:\/\/schema.org","@graph":[{"@type":"Article","@id":"https:\/\/inclusivenews.com.br\/?p=34885#article","isPartOf":{"@id":"https:\/\/inclusivenews.com.br\/?p=34885"},"author":{"name":"inclusivenews2024","@id":"https:\/\/inclusivenews.com.br\/#\/schema\/person\/ae4ec7087559b8692fb33b6fffd2273b"},"headline":"Confer\u00eancia Nacional Livre de Pol\u00edticas para as Mulheres com Defici\u00eancia","datePublished":"2025-07-23T17:55:00+00:00","dateModified":"2025-07-24T15:07:23+00:00","mainEntityOfPage":{"@id":"https:\/\/inclusivenews.com.br\/?p=34885"},"wordCount":80,"commentCount":0,"publisher":{"@id":"https:\/\/inclusivenews.com.br\/#organization"},"image":{"@id":"https:\/\/inclusivenews.com.br\/?p=34885#primaryimage"},"thumbnailUrl":"https:\/\/inclusivenews.com.br\/wp-content\/uploads\/2025\/07\/WhatsApp-Image-2025-07-23-at-14.42.47-e1753368792152.jpeg","keywords":["Confer\u00eancia Nacional Livre","mulheres com defici\u00eancia","PcD"],"articleSection":["Blog"],"inLanguage":"pt-PT","potentialAction":[{"@type":"CommentAction","name":"Comment","target":["https:\/\/inclusivenews.com.br\/?p=34885#respond"]}]},{"@type":"WebPage","@id":"https:\/\/inclusivenews.com.br\/?p=34885","url":"https:\/\/inclusivenews.com.br\/?p=34885","name":"Confer\u00eancia Nacional Livre de Pol\u00edticas para as Mulheres com Defici\u00eancia -","isPartOf":{"@id":"https:\/\/inclusivenews.com.br\/#website"},"primaryImageOfPage":{"@id":"https:\/\/inclusivenews.com.br\/?p=34885#primaryimage"},"image":{"@id":"https:\/\/inclusivenews.com.br\/?p=34885#primaryimage"},"thumbnailUrl":"https:\/\/inclusivenews.com.br\/wp-content\/uploads\/2025\/07\/WhatsApp-Image-2025-07-23-at-14.42.47-e1753368792152.jpeg","datePublished":"2025-07-23T17:55:00+00:00","dateModified":"2025-07-24T15:07:23+00:00","breadcrumb":{"@id":"https:\/\/inclusivenews.com.br\/?p=34885#breadcrumb"},"inLanguage":"pt-PT","potentialAction":[{"@type":"ReadAction","target":["https:\/\/inclusivenews.com.br\/?p=34885"]}]},{"@type":"ImageObject","inLanguage":"pt-PT","@id":"https:\/\/inclusivenews.com.br\/?p=34885#primaryimage","url":"https:\/\/inclusivenews.com.br\/wp-content\/uploads\/2025\/07\/WhatsApp-Image-2025-07-23-at-14.42.47-e1753368792152.jpeg","contentUrl":"https:\/\/inclusivenews.com.br\/wp-content\/uploads\/2025\/07\/WhatsApp-Image-2025-07-23-at-14.42.47-e1753368792152.jpeg","width":1024,"height":670},{"@type":"BreadcrumbList","@id":"https:\/\/inclusivenews.com.br\/?p=34885#breadcrumb","itemListElement":[{"@type":"ListItem","position":1,"name":"In\u00edcio","item":"https:\/\/inclusivenews.com.br\/"},{"@type":"ListItem","position":2,"name":"Confer\u00eancia Nacional Livre de Pol\u00edticas para as Mulheres com Defici\u00eancia"}]},{"@type":"WebSite","@id":"https:\/\/inclusivenews.com.br\/#website","url":"https:\/\/inclusivenews.com.br\/","name":"Inclusive News","description":"Inclusive News","publisher":{"@id":"https:\/\/inclusivenews.com.br\/#organization"},"potentialAction":[{"@type":"SearchAction","target":{"@type":"EntryPoint","urlTemplate":"https:\/\/inclusivenews.com.br\/?s={search_term_string}"},"query-input":{"@type":"PropertyValueSpecification","valueRequired":true,"valueName":"search_term_string"}}],"inLanguage":"pt-PT"},{"@type":"Organization","@id":"https:\/\/inclusivenews.com.br\/#organization","name":"Inclusive - inclus\u00e3o e cidadania","url":"https:\/\/inclusivenews.com.br\/","logo":{"@type":"ImageObject","inLanguage":"pt-PT","@id":"https:\/\/inclusivenews.com.br\/#\/schema\/logo\/image\/","url":"https:\/\/inclusivenews.com.br\/wp-content\/uploads\/2024\/03\/@grandesite.png","contentUrl":"https:\/\/inclusivenews.com.br\/wp-content\/uploads\/2024\/03\/@grandesite.png","width":1080,"height":1080,"caption":"Inclusive - inclus\u00e3o e cidadania"},"image":{"@id":"https:\/\/inclusivenews.com.br\/#\/schema\/logo\/image\/"},"sameAs":["https:\/\/www.facebook.com\/agenciainclusive\/","https:\/\/www.instagram.com\/newsinclusive\/"]},{"@type":"Person","@id":"https:\/\/inclusivenews.com.br\/#\/schema\/person\/ae4ec7087559b8692fb33b6fffd2273b","name":"inclusivenews2024","image":{"@type":"ImageObject","inLanguage":"pt-PT","@id":"https:\/\/secure.gravatar.com\/avatar\/c5a7ef84c66fa914f55bc4f7ce26cfa275a3b9a1c5568b907bd184fb4dde7b40?s=96&d=mm&r=g","url":"https:\/\/secure.gravatar.com\/avatar\/c5a7ef84c66fa914f55bc4f7ce26cfa275a3b9a1c5568b907bd184fb4dde7b40?s=96&d=mm&r=g","contentUrl":"https:\/\/secure.gravatar.com\/avatar\/c5a7ef84c66fa914f55bc4f7ce26cfa275a3b9a1c5568b907bd184fb4dde7b40?s=96&d=mm&r=g","caption":"inclusivenews2024"},"sameAs":["https:\/\/inclusivenews.com.br"],"url":"https:\/\/inclusivenews.com.br\/?author=1"}]}},"_links":{"self":[{"href":"https:\/\/inclusivenews.com.br\/index.php?rest_route=\/wp\/v2\/posts\/34885","targetHints":{"allow":["GET"]}}],"collection":[{"href":"https:\/\/inclusivenews.com.br\/index.php?rest_route=\/wp\/v2\/posts"}],"about":[{"href":"https:\/\/inclusivenews.com.br\/index.php?rest_route=\/wp\/v2\/types\/post"}],"author":[{"embeddable":true,"href":"https:\/\/inclusivenews.com.br\/index.php?rest_route=\/wp\/v2\/users\/1"}],"replies":[{"embeddable":true,"href":"https:\/\/inclusivenews.com.br\/index.php?rest_route=%2Fwp%2Fv2%2Fcomments&post=34885"}],"version-history":[{"count":1,"href":"https:\/\/inclusivenews.com.br\/index.php?rest_route=\/wp\/v2\/posts\/34885\/revisions"}],"predecessor-version":[{"id":34888,"href":"https:\/\/inclusivenews.com.br\/index.php?rest_route=\/wp\/v2\/posts\/34885\/revisions\/34888"}],"wp:featuredmedia":[{"embeddable":true,"href":"https:\/\/inclusivenews.com.br\/index.php?rest_route=\/wp\/v2\/media\/34887"}],"wp:attachment":[{"href":"https:\/\/inclusivenews.com.br\/index.php?rest_route=%2Fwp%2Fv2%2Fmedia&parent=34885"}],"wp:term":[{"taxonomy":"category","embeddable":true,"href":"https:\/\/inclusivenews.com.br\/index.php?rest_route=%2Fwp%2Fv2%2Fcategories&post=34885"},{"taxonomy":"post_tag","embeddable":true,"href":"https:\/\/inclusivenews.com.br\/index.php?rest_route=%2Fwp%2Fv2%2Ftags&post=34885"}],"curies":[{"name":"wp","href":"https:\/\/api.w.org\/{rel}","templated":true}]}}