{"id":34917,"date":"2025-08-19T13:49:06","date_gmt":"2025-08-19T13:49:06","guid":{"rendered":"https:\/\/inclusivenews.com.br\/?p=34917"},"modified":"2025-08-19T13:49:07","modified_gmt":"2025-08-19T13:49:07","slug":"inclusao-em-movimento-podcast-acessando-lucilia","status":"publish","type":"post","link":"https:\/\/inclusivenews.com.br\/?p=34917","title":{"rendered":"Inclus\u00e3o em Movimento\u00a0\u2013 Podcast Acessando Luc\u00edlia"},"content":{"rendered":"\n<p class=\"has-yuki-font-medium-font-size\">Niter\u00f3i e o Plano Nacional dos Direitos da Pessoa com Defici\u00eancia.<\/p>\n\n\n\n<p>O Novo Viver Sem Limite &#8211; Plano Nacional dos Direitos da Pessoa com Defici\u00eancia \u00e9 o tema do podcast &#8220;Acessando Luc\u00edlia&#8221; desta ter\u00e7a-feira, 19\/08. Este assunto \u00e9 de extrema import\u00e2ncia para a inclus\u00e3o e os direitos das pessoas com defici\u00eancia no Brasil, representando um passo fundamental para fortalecer pol\u00edticas p\u00fablicas de acessibilidade, educa\u00e7\u00e3o, sa\u00fade, inclus\u00e3o social e autonomia.<\/p>\n\n\n\n<p>Mais do que um programa de governo, \u00e9 uma estrat\u00e9gia de Estado pensada para garantir que as pessoas com defici\u00eancia tenham seus direitos respeitados e possam viver de forma plena, participando ativamente da sociedade.<\/p>\n\n\n\n<p>No epis\u00f3dio, vamos conversar sobre as expectativas e desafios de Niter\u00f3i, o primeiro munic\u00edpio do Estado do Rio de Janeiro a aderir ao Novo Viver Sem Limite. Nossos convidados s\u00e3o:<\/p>\n\n\n\n<ul class=\"wp-block-list\">\n<li>Alex Sandro Lins, professor da Funda\u00e7\u00e3o Municipal de Educa\u00e7\u00e3o de Niter\u00f3i, atuando como professor de apoio educacional especializado; servidor do Minist\u00e9rio dos Direitos Humanos e da Cidadania; membro da mesa diretora do COMPEDE \u2013 Conselho Municipal da Pessoa com Defici\u00eancia de Niter\u00f3i, Conselheiro Municipal de Direitos Humanos de Niter\u00f3i e membro da Comiss\u00e3o Nacional da Educa\u00e7\u00e3o Bil\u00edngue de Surdo (CNEBS\/MEC).<\/li>\n\n\n\n<li>Renata Aglai: Diretora de Acessibilidade Cultural da Secretaria Municipal das Culturas de Niter\u00f3i; mestre em Diversidade e Inclus\u00e3o pelo Curso de Mestrado Profissional em Diversidade e Inclus\u00e3o da Universidade Federal Fluminense (CMPDI\/UFF); especialista em Acessibilidade Cultural pela Universidade Federal do Rio de Janeiro (UFRJ); vice-presidente do COMPEDE, jornalista e cientista social.<\/li>\n<\/ul>\n\n\n\n<figure class=\"wp-block-embed is-type-video is-provider-youtube wp-block-embed-youtube wp-embed-aspect-16-9 wp-has-aspect-ratio\"><div class=\"wp-block-embed__wrapper\">\n<iframe loading=\"lazy\" title=\"Inclus\u00e3o em Movimento: Niter\u00f3i e o Plano Nacional dos Direitos da Pessoa com Defici\u00eancia  19\/8\" width=\"500\" height=\"281\" src=\"https:\/\/www.youtube.com\/embed\/JH6C5toJuaM?feature=oembed\" frameborder=\"0\" allow=\"accelerometer; autoplay; clipboard-write; encrypted-media; gyroscope; picture-in-picture; web-share\" referrerpolicy=\"strict-origin-when-cross-origin\" allowfullscreen><\/iframe>\n<\/div><\/figure>\n\n\n\n<p>O bate-papo, que \u00e9 uma parceria com a Inclusive News, conta com int\u00e9rprete de libras e \u00e9 transmitido toda ter\u00e7a-feira, \u00e0s 18h, no canal do ACESSANDO LUC\u00cdLIA no Youtube:\u00a0<a href=\"https:\/\/www.youtube.com\/watch?v=ppzPCIsJ0YA\">https:\/\/www.youtube.com\/watch?v=ppzPCIsJ0YA<\/a>\u00a0e nas redes da Web R\u00e1dio Censura Livre, no Youtube, no Facebook, no site\u00a0<a href=\"http:\/\/www.clwebradio.com\/\">www.clwebradio.com<\/a>\u00a0e no aplicativo: RadiosNet\u00a0<a href=\"http:\/\/l.radios.com.br\/r\/100204\">http:\/\/l.radios.com.br\/r\/100204<\/a><br>O programa tamb\u00e9m \u00e9 retransmitido no mesmo hor\u00e1rio na R\u00e1dio Criativa de Muria\u00e9-MG e no canal Gernika_art against fascism \u2013 Liga de Comunica\u00e7\u00e3o Internacionalista de Portugal, no YouTube. E \u00e0s quartas-feiras, 15h, na Radio Comunidade Friburgo 104.9 FM, de Nova Friburgo-RJ.<\/p>\n","protected":false},"excerpt":{"rendered":"<p>Niter\u00f3i e o Plano Nacional dos Direitos da Pessoa com Defici\u00eancia. O Novo Viver Sem Limite &#8211; Plano Nacional dos Direitos da Pessoa com Defici\u00eancia \u00e9 o tema do podcast &#8220;Acessando Luc\u00edlia&#8221; desta ter\u00e7a-feira, 19\/08. Este assunto \u00e9 de extrema import\u00e2ncia para a inclus\u00e3o e os direitos das pessoas com defici\u00eancia no Brasil, representando um [&hellip;]<\/p>\n","protected":false},"author":1,"featured_media":34918,"comment_status":"open","ping_status":"open","sticky":false,"template":"","format":"standard","meta":{"site-container-style":"default","site-container-layout":"default","site-sidebar-layout":"default","disable-article-header":"default","disable-site-header":"default","disable-site-footer":"default","disable-content-area-spacing":"default","footnotes":""},"categories":[470],"tags":[151,828,833,834],"class_list":["post-34917","post","type-post","status-publish","format-standard","has-post-thumbnail","hentry","category-podcast","tag-inclusao-2","tag-niteroi","tag-novo-viver-sem-limite","tag-plano-nacional-dos-direitos-da-pessoa-com-deficiencia"],"yoast_head":"<!-- This site is optimized with the Yoast SEO plugin v27.5 - https:\/\/yoast.com\/product\/yoast-seo-wordpress\/ -->\n<title>Inclus\u00e3o em Movimento\u00a0\u2013 Podcast Acessando Luc\u00edlia -<\/title>\n<meta name=\"robots\" content=\"index, follow, max-snippet:-1, max-image-preview:large, max-video-preview:-1\" \/>\n<link rel=\"canonical\" href=\"https:\/\/inclusivenews.com.br\/?p=34917\" \/>\n<meta property=\"og:locale\" content=\"pt_PT\" \/>\n<meta property=\"og:type\" content=\"article\" \/>\n<meta property=\"og:title\" content=\"Inclus\u00e3o em Movimento\u00a0\u2013 Podcast Acessando Luc\u00edlia -\" \/>\n<meta property=\"og:description\" content=\"Niter\u00f3i e o Plano Nacional dos Direitos da Pessoa com Defici\u00eancia. O Novo Viver Sem Limite &#8211; Plano Nacional dos Direitos da Pessoa com Defici\u00eancia \u00e9 o tema do podcast &#8220;Acessando Luc\u00edlia&#8221; desta ter\u00e7a-feira, 19\/08. Este assunto \u00e9 de extrema import\u00e2ncia para a inclus\u00e3o e os direitos das pessoas com defici\u00eancia no Brasil, representando um [&hellip;]\" \/>\n<meta property=\"og:url\" content=\"https:\/\/inclusivenews.com.br\/?p=34917\" \/>\n<meta property=\"article:publisher\" content=\"https:\/\/www.facebook.com\/agenciainclusive\/\" \/>\n<meta property=\"article:published_time\" content=\"2025-08-19T13:49:06+00:00\" \/>\n<meta property=\"article:modified_time\" content=\"2025-08-19T13:49:07+00:00\" \/>\n<meta property=\"og:image\" content=\"https:\/\/inclusivenews.com.br\/wp-content\/uploads\/2025\/08\/museu-de-arte-contemporanea-niteroi-rj.jpg\" \/>\n\t<meta property=\"og:image:width\" content=\"1200\" \/>\n\t<meta property=\"og:image:height\" content=\"800\" \/>\n\t<meta property=\"og:image:type\" content=\"image\/jpeg\" \/>\n<meta name=\"author\" content=\"inclusivenews2024\" \/>\n<meta name=\"twitter:card\" content=\"summary_large_image\" \/>\n<meta name=\"twitter:label1\" content=\"Escrito por\" \/>\n\t<meta name=\"twitter:data1\" content=\"inclusivenews2024\" \/>\n\t<meta name=\"twitter:label2\" content=\"Tempo estimado de leitura\" \/>\n\t<meta name=\"twitter:data2\" content=\"3 minutos\" \/>\n<script type=\"application\/ld+json\" class=\"yoast-schema-graph\">{\"@context\":\"https:\\\/\\\/schema.org\",\"@graph\":[{\"@type\":\"Article\",\"@id\":\"https:\\\/\\\/inclusivenews.com.br\\\/?p=34917#article\",\"isPartOf\":{\"@id\":\"https:\\\/\\\/inclusivenews.com.br\\\/?p=34917\"},\"author\":{\"name\":\"inclusivenews2024\",\"@id\":\"https:\\\/\\\/inclusivenews.com.br\\\/#\\\/schema\\\/person\\\/ae4ec7087559b8692fb33b6fffd2273b\"},\"headline\":\"Inclus\u00e3o em Movimento\u00a0\u2013 Podcast Acessando Luc\u00edlia\",\"datePublished\":\"2025-08-19T13:49:06+00:00\",\"dateModified\":\"2025-08-19T13:49:07+00:00\",\"mainEntityOfPage\":{\"@id\":\"https:\\\/\\\/inclusivenews.com.br\\\/?p=34917\"},\"wordCount\":400,\"commentCount\":0,\"publisher\":{\"@id\":\"https:\\\/\\\/inclusivenews.com.br\\\/#organization\"},\"image\":{\"@id\":\"https:\\\/\\\/inclusivenews.com.br\\\/?p=34917#primaryimage\"},\"thumbnailUrl\":\"https:\\\/\\\/inclusivenews.com.br\\\/wp-content\\\/uploads\\\/2025\\\/08\\\/museu-de-arte-contemporanea-niteroi-rj.jpg\",\"keywords\":[\"Inclus\u00e3o\",\"Niter\u00f3i\",\"Novo Viver Sem Limite\",\"Plano Nacional dos Direitos da Pessoa com Defici\u00eancia\"],\"articleSection\":[\"PODCAST\"],\"inLanguage\":\"pt-PT\",\"potentialAction\":[{\"@type\":\"CommentAction\",\"name\":\"Comment\",\"target\":[\"https:\\\/\\\/inclusivenews.com.br\\\/?p=34917#respond\"]}]},{\"@type\":\"WebPage\",\"@id\":\"https:\\\/\\\/inclusivenews.com.br\\\/?p=34917\",\"url\":\"https:\\\/\\\/inclusivenews.com.br\\\/?p=34917\",\"name\":\"Inclus\u00e3o em Movimento\u00a0\u2013 Podcast Acessando Luc\u00edlia -\",\"isPartOf\":{\"@id\":\"https:\\\/\\\/inclusivenews.com.br\\\/#website\"},\"primaryImageOfPage\":{\"@id\":\"https:\\\/\\\/inclusivenews.com.br\\\/?p=34917#primaryimage\"},\"image\":{\"@id\":\"https:\\\/\\\/inclusivenews.com.br\\\/?p=34917#primaryimage\"},\"thumbnailUrl\":\"https:\\\/\\\/inclusivenews.com.br\\\/wp-content\\\/uploads\\\/2025\\\/08\\\/museu-de-arte-contemporanea-niteroi-rj.jpg\",\"datePublished\":\"2025-08-19T13:49:06+00:00\",\"dateModified\":\"2025-08-19T13:49:07+00:00\",\"breadcrumb\":{\"@id\":\"https:\\\/\\\/inclusivenews.com.br\\\/?p=34917#breadcrumb\"},\"inLanguage\":\"pt-PT\",\"potentialAction\":[{\"@type\":\"ReadAction\",\"target\":[\"https:\\\/\\\/inclusivenews.com.br\\\/?p=34917\"]}]},{\"@type\":\"ImageObject\",\"inLanguage\":\"pt-PT\",\"@id\":\"https:\\\/\\\/inclusivenews.com.br\\\/?p=34917#primaryimage\",\"url\":\"https:\\\/\\\/inclusivenews.com.br\\\/wp-content\\\/uploads\\\/2025\\\/08\\\/museu-de-arte-contemporanea-niteroi-rj.jpg\",\"contentUrl\":\"https:\\\/\\\/inclusivenews.com.br\\\/wp-content\\\/uploads\\\/2025\\\/08\\\/museu-de-arte-contemporanea-niteroi-rj.jpg\",\"width\":1200,\"height\":800},{\"@type\":\"BreadcrumbList\",\"@id\":\"https:\\\/\\\/inclusivenews.com.br\\\/?p=34917#breadcrumb\",\"itemListElement\":[{\"@type\":\"ListItem\",\"position\":1,\"name\":\"In\u00edcio\",\"item\":\"https:\\\/\\\/inclusivenews.com.br\\\/\"},{\"@type\":\"ListItem\",\"position\":2,\"name\":\"Inclus\u00e3o em Movimento\u00a0\u2013 Podcast Acessando Luc\u00edlia\"}]},{\"@type\":\"WebSite\",\"@id\":\"https:\\\/\\\/inclusivenews.com.br\\\/#website\",\"url\":\"https:\\\/\\\/inclusivenews.com.br\\\/\",\"name\":\"Inclusive News\",\"description\":\"Inclusive News\",\"publisher\":{\"@id\":\"https:\\\/\\\/inclusivenews.com.br\\\/#organization\"},\"potentialAction\":[{\"@type\":\"SearchAction\",\"target\":{\"@type\":\"EntryPoint\",\"urlTemplate\":\"https:\\\/\\\/inclusivenews.com.br\\\/?s={search_term_string}\"},\"query-input\":{\"@type\":\"PropertyValueSpecification\",\"valueRequired\":true,\"valueName\":\"search_term_string\"}}],\"inLanguage\":\"pt-PT\"},{\"@type\":\"Organization\",\"@id\":\"https:\\\/\\\/inclusivenews.com.br\\\/#organization\",\"name\":\"Inclusive - inclus\u00e3o e cidadania\",\"url\":\"https:\\\/\\\/inclusivenews.com.br\\\/\",\"logo\":{\"@type\":\"ImageObject\",\"inLanguage\":\"pt-PT\",\"@id\":\"https:\\\/\\\/inclusivenews.com.br\\\/#\\\/schema\\\/logo\\\/image\\\/\",\"url\":\"https:\\\/\\\/inclusivenews.com.br\\\/wp-content\\\/uploads\\\/2024\\\/03\\\/@grandesite.png\",\"contentUrl\":\"https:\\\/\\\/inclusivenews.com.br\\\/wp-content\\\/uploads\\\/2024\\\/03\\\/@grandesite.png\",\"width\":1080,\"height\":1080,\"caption\":\"Inclusive - inclus\u00e3o e cidadania\"},\"image\":{\"@id\":\"https:\\\/\\\/inclusivenews.com.br\\\/#\\\/schema\\\/logo\\\/image\\\/\"},\"sameAs\":[\"https:\\\/\\\/www.facebook.com\\\/agenciainclusive\\\/\",\"https:\\\/\\\/www.instagram.com\\\/newsinclusive\\\/\"]},{\"@type\":\"Person\",\"@id\":\"https:\\\/\\\/inclusivenews.com.br\\\/#\\\/schema\\\/person\\\/ae4ec7087559b8692fb33b6fffd2273b\",\"name\":\"inclusivenews2024\",\"image\":{\"@type\":\"ImageObject\",\"inLanguage\":\"pt-PT\",\"@id\":\"https:\\\/\\\/secure.gravatar.com\\\/avatar\\\/c5a7ef84c66fa914f55bc4f7ce26cfa275a3b9a1c5568b907bd184fb4dde7b40?s=96&d=mm&r=g\",\"url\":\"https:\\\/\\\/secure.gravatar.com\\\/avatar\\\/c5a7ef84c66fa914f55bc4f7ce26cfa275a3b9a1c5568b907bd184fb4dde7b40?s=96&d=mm&r=g\",\"contentUrl\":\"https:\\\/\\\/secure.gravatar.com\\\/avatar\\\/c5a7ef84c66fa914f55bc4f7ce26cfa275a3b9a1c5568b907bd184fb4dde7b40?s=96&d=mm&r=g\",\"caption\":\"inclusivenews2024\"},\"sameAs\":[\"https:\\\/\\\/inclusivenews.com.br\"],\"url\":\"https:\\\/\\\/inclusivenews.com.br\\\/?author=1\"}]}<\/script>\n<!-- \/ Yoast SEO plugin. -->","yoast_head_json":{"title":"Inclus\u00e3o em Movimento\u00a0\u2013 Podcast Acessando Luc\u00edlia -","robots":{"index":"index","follow":"follow","max-snippet":"max-snippet:-1","max-image-preview":"max-image-preview:large","max-video-preview":"max-video-preview:-1"},"canonical":"https:\/\/inclusivenews.com.br\/?p=34917","og_locale":"pt_PT","og_type":"article","og_title":"Inclus\u00e3o em Movimento\u00a0\u2013 Podcast Acessando Luc\u00edlia -","og_description":"Niter\u00f3i e o Plano Nacional dos Direitos da Pessoa com Defici\u00eancia. O Novo Viver Sem Limite &#8211; Plano Nacional dos Direitos da Pessoa com Defici\u00eancia \u00e9 o tema do podcast &#8220;Acessando Luc\u00edlia&#8221; desta ter\u00e7a-feira, 19\/08. Este assunto \u00e9 de extrema import\u00e2ncia para a inclus\u00e3o e os direitos das pessoas com defici\u00eancia no Brasil, representando um [&hellip;]","og_url":"https:\/\/inclusivenews.com.br\/?p=34917","article_publisher":"https:\/\/www.facebook.com\/agenciainclusive\/","article_published_time":"2025-08-19T13:49:06+00:00","article_modified_time":"2025-08-19T13:49:07+00:00","og_image":[{"width":1200,"height":800,"url":"https:\/\/inclusivenews.com.br\/wp-content\/uploads\/2025\/08\/museu-de-arte-contemporanea-niteroi-rj.jpg","type":"image\/jpeg"}],"author":"inclusivenews2024","twitter_card":"summary_large_image","twitter_misc":{"Escrito por":"inclusivenews2024","Tempo estimado de leitura":"3 minutos"},"schema":{"@context":"https:\/\/schema.org","@graph":[{"@type":"Article","@id":"https:\/\/inclusivenews.com.br\/?p=34917#article","isPartOf":{"@id":"https:\/\/inclusivenews.com.br\/?p=34917"},"author":{"name":"inclusivenews2024","@id":"https:\/\/inclusivenews.com.br\/#\/schema\/person\/ae4ec7087559b8692fb33b6fffd2273b"},"headline":"Inclus\u00e3o em Movimento\u00a0\u2013 Podcast Acessando Luc\u00edlia","datePublished":"2025-08-19T13:49:06+00:00","dateModified":"2025-08-19T13:49:07+00:00","mainEntityOfPage":{"@id":"https:\/\/inclusivenews.com.br\/?p=34917"},"wordCount":400,"commentCount":0,"publisher":{"@id":"https:\/\/inclusivenews.com.br\/#organization"},"image":{"@id":"https:\/\/inclusivenews.com.br\/?p=34917#primaryimage"},"thumbnailUrl":"https:\/\/inclusivenews.com.br\/wp-content\/uploads\/2025\/08\/museu-de-arte-contemporanea-niteroi-rj.jpg","keywords":["Inclus\u00e3o","Niter\u00f3i","Novo Viver Sem Limite","Plano Nacional dos Direitos da Pessoa com Defici\u00eancia"],"articleSection":["PODCAST"],"inLanguage":"pt-PT","potentialAction":[{"@type":"CommentAction","name":"Comment","target":["https:\/\/inclusivenews.com.br\/?p=34917#respond"]}]},{"@type":"WebPage","@id":"https:\/\/inclusivenews.com.br\/?p=34917","url":"https:\/\/inclusivenews.com.br\/?p=34917","name":"Inclus\u00e3o em Movimento\u00a0\u2013 Podcast Acessando Luc\u00edlia -","isPartOf":{"@id":"https:\/\/inclusivenews.com.br\/#website"},"primaryImageOfPage":{"@id":"https:\/\/inclusivenews.com.br\/?p=34917#primaryimage"},"image":{"@id":"https:\/\/inclusivenews.com.br\/?p=34917#primaryimage"},"thumbnailUrl":"https:\/\/inclusivenews.com.br\/wp-content\/uploads\/2025\/08\/museu-de-arte-contemporanea-niteroi-rj.jpg","datePublished":"2025-08-19T13:49:06+00:00","dateModified":"2025-08-19T13:49:07+00:00","breadcrumb":{"@id":"https:\/\/inclusivenews.com.br\/?p=34917#breadcrumb"},"inLanguage":"pt-PT","potentialAction":[{"@type":"ReadAction","target":["https:\/\/inclusivenews.com.br\/?p=34917"]}]},{"@type":"ImageObject","inLanguage":"pt-PT","@id":"https:\/\/inclusivenews.com.br\/?p=34917#primaryimage","url":"https:\/\/inclusivenews.com.br\/wp-content\/uploads\/2025\/08\/museu-de-arte-contemporanea-niteroi-rj.jpg","contentUrl":"https:\/\/inclusivenews.com.br\/wp-content\/uploads\/2025\/08\/museu-de-arte-contemporanea-niteroi-rj.jpg","width":1200,"height":800},{"@type":"BreadcrumbList","@id":"https:\/\/inclusivenews.com.br\/?p=34917#breadcrumb","itemListElement":[{"@type":"ListItem","position":1,"name":"In\u00edcio","item":"https:\/\/inclusivenews.com.br\/"},{"@type":"ListItem","position":2,"name":"Inclus\u00e3o em Movimento\u00a0\u2013 Podcast Acessando Luc\u00edlia"}]},{"@type":"WebSite","@id":"https:\/\/inclusivenews.com.br\/#website","url":"https:\/\/inclusivenews.com.br\/","name":"Inclusive News","description":"Inclusive News","publisher":{"@id":"https:\/\/inclusivenews.com.br\/#organization"},"potentialAction":[{"@type":"SearchAction","target":{"@type":"EntryPoint","urlTemplate":"https:\/\/inclusivenews.com.br\/?s={search_term_string}"},"query-input":{"@type":"PropertyValueSpecification","valueRequired":true,"valueName":"search_term_string"}}],"inLanguage":"pt-PT"},{"@type":"Organization","@id":"https:\/\/inclusivenews.com.br\/#organization","name":"Inclusive - inclus\u00e3o e cidadania","url":"https:\/\/inclusivenews.com.br\/","logo":{"@type":"ImageObject","inLanguage":"pt-PT","@id":"https:\/\/inclusivenews.com.br\/#\/schema\/logo\/image\/","url":"https:\/\/inclusivenews.com.br\/wp-content\/uploads\/2024\/03\/@grandesite.png","contentUrl":"https:\/\/inclusivenews.com.br\/wp-content\/uploads\/2024\/03\/@grandesite.png","width":1080,"height":1080,"caption":"Inclusive - inclus\u00e3o e cidadania"},"image":{"@id":"https:\/\/inclusivenews.com.br\/#\/schema\/logo\/image\/"},"sameAs":["https:\/\/www.facebook.com\/agenciainclusive\/","https:\/\/www.instagram.com\/newsinclusive\/"]},{"@type":"Person","@id":"https:\/\/inclusivenews.com.br\/#\/schema\/person\/ae4ec7087559b8692fb33b6fffd2273b","name":"inclusivenews2024","image":{"@type":"ImageObject","inLanguage":"pt-PT","@id":"https:\/\/secure.gravatar.com\/avatar\/c5a7ef84c66fa914f55bc4f7ce26cfa275a3b9a1c5568b907bd184fb4dde7b40?s=96&d=mm&r=g","url":"https:\/\/secure.gravatar.com\/avatar\/c5a7ef84c66fa914f55bc4f7ce26cfa275a3b9a1c5568b907bd184fb4dde7b40?s=96&d=mm&r=g","contentUrl":"https:\/\/secure.gravatar.com\/avatar\/c5a7ef84c66fa914f55bc4f7ce26cfa275a3b9a1c5568b907bd184fb4dde7b40?s=96&d=mm&r=g","caption":"inclusivenews2024"},"sameAs":["https:\/\/inclusivenews.com.br"],"url":"https:\/\/inclusivenews.com.br\/?author=1"}]}},"_links":{"self":[{"href":"https:\/\/inclusivenews.com.br\/index.php?rest_route=\/wp\/v2\/posts\/34917","targetHints":{"allow":["GET"]}}],"collection":[{"href":"https:\/\/inclusivenews.com.br\/index.php?rest_route=\/wp\/v2\/posts"}],"about":[{"href":"https:\/\/inclusivenews.com.br\/index.php?rest_route=\/wp\/v2\/types\/post"}],"author":[{"embeddable":true,"href":"https:\/\/inclusivenews.com.br\/index.php?rest_route=\/wp\/v2\/users\/1"}],"replies":[{"embeddable":true,"href":"https:\/\/inclusivenews.com.br\/index.php?rest_route=%2Fwp%2Fv2%2Fcomments&post=34917"}],"version-history":[{"count":1,"href":"https:\/\/inclusivenews.com.br\/index.php?rest_route=\/wp\/v2\/posts\/34917\/revisions"}],"predecessor-version":[{"id":34919,"href":"https:\/\/inclusivenews.com.br\/index.php?rest_route=\/wp\/v2\/posts\/34917\/revisions\/34919"}],"wp:featuredmedia":[{"embeddable":true,"href":"https:\/\/inclusivenews.com.br\/index.php?rest_route=\/wp\/v2\/media\/34918"}],"wp:attachment":[{"href":"https:\/\/inclusivenews.com.br\/index.php?rest_route=%2Fwp%2Fv2%2Fmedia&parent=34917"}],"wp:term":[{"taxonomy":"category","embeddable":true,"href":"https:\/\/inclusivenews.com.br\/index.php?rest_route=%2Fwp%2Fv2%2Fcategories&post=34917"},{"taxonomy":"post_tag","embeddable":true,"href":"https:\/\/inclusivenews.com.br\/index.php?rest_route=%2Fwp%2Fv2%2Ftags&post=34917"}],"curies":[{"name":"wp","href":"https:\/\/api.w.org\/{rel}","templated":true}]}}