{"id":34942,"date":"2025-09-09T17:45:27","date_gmt":"2025-09-09T17:45:27","guid":{"rendered":"https:\/\/inclusivenews.com.br\/?p=34942"},"modified":"2025-09-09T17:45:28","modified_gmt":"2025-09-09T17:45:28","slug":"comunicacao-acessivel-o-poder-da-linguagem-simples","status":"publish","type":"post","link":"https:\/\/inclusivenews.com.br\/?p=34942","title":{"rendered":"Comunica\u00e7\u00e3o Acess\u00edvel: O Poder da Linguagem Simples"},"content":{"rendered":"\n<p class=\"has-yuki-font-medium-font-size\">O Podcast Acessando Luc\u00edlia desta ter\u00e7a-feira, 09\/09, vai falar sobre Linguagem Simples, um estilo de comunica\u00e7\u00e3o que prioriza a clareza e a acessibilidade, garantindo o direito \u00e0 informa\u00e7\u00e3o, \u00e0 comunica\u00e7\u00e3o e \u00e0 participa\u00e7\u00e3o social de todos, especialmente para pessoas com defici\u00eancia intelectual, dificuldade de leitura ou pouca escolaridade.<\/p>\n\n\n\n<p><br>O movimento, originado na Su\u00e9cia nos anos 1940, tomou for\u00e7a no Brasil com a Conven\u00e7\u00e3o sobre os Direitos das Pessoas com Defici\u00eancia, que garante a linguagem simples como forma de acessibilidade.<br>Para fortalecer e propagar o uso da linguagem simples, o Rio de Janeiro sediar\u00e1 a Primeira Confer\u00eancia Latino-Americana sobre Linguagem Simples nos dias 29 e 30 de outubro de 2025. Organizada pela Rede Latino-Americana de Linguagem Simples, o Centro de Refer\u00eancia em Educa\u00e7\u00e3o Inclusiva Sesc Senac (CREI), com apoio da Secretaria Nacional dos Direitos das Pessoas com Defici\u00eancia do Minist\u00e9rio dos Direitos Humanos e Cidadania. O evento discutir\u00e1 temas como justi\u00e7a, educa\u00e7\u00e3o, sa\u00fade, tecnologia, crises clim\u00e1ticas e emerg\u00eancias, sustentabilidade e institucionaliza\u00e7\u00e3o da linguagem simples na regi\u00e3o.<br>Para este epis\u00f3dio, contamos com a participa\u00e7\u00e3o de:<br>Liana Paraguassu, doutora em Estudos da Linguagem pela Universidade Federal do Rio Grande do Sul (UFRGS); especialista em Linguagem Simples e Letramento em Sa\u00fade no P\u00f3len \u2013 Laborat\u00f3rio de Inova\u00e7\u00e3o em Gest\u00e3o da ENSP (Fiocruz). Autora do Guia de Linguagem Simples do Icict\/Fiocruz e revisora t\u00e9cnica do Manual de Linguagem Simples da C\u00e2mara dos Deputados. Integra o N\u00facleo Gestor da Rede Linguagem Simples\/LS Lab e o Grupo de Pesquisa Acessibilidade Textual e Terminol\u00f3gica da UFRGS.<\/p>\n\n\n\n<p><strong>Maria Ant\u00f4nia Goulart<\/strong>, mestre em Sa\u00fade Coletiva pela Fiocruz; bacharel em Direito pela Universidade de Bras\u00edlia (UNB); diretora do Centro de Refer\u00eancia em Educa\u00e7\u00e3o Inclusiva Sesc Senac (CREI); fundadora do Centro de Refer\u00eancias em Educa\u00e7\u00e3o Integral e membro da Iniciativa do Unicef do Livro Did\u00e1tico Digital Acess\u00edvel. Fellow do Programa de Aprendizagem Criativa do Media Lab\/MIT e cofundadora do Movimento Down.<\/p>\n\n\n\n<p><strong>Patricia Almeida<\/strong>, jornalista, mestre em Estudos da Defici\u00eancia e especialista em Linguagem Simples e Leitura F\u00e1cil. Trabalhou na Coordenadoria Nacional dos Direitos das Pessoas com Defici\u00eancia (Corde); foi membro do conselho da Down Syndrome International; cofundadora do Movimento Down e da Rede Latino-Americana de Leitura F\u00e1cil e Linguagem Simples. Participou da elabora\u00e7\u00e3o da Resolu\u00e7\u00e3o da ONU sobre comunica\u00e7\u00e3o f\u00e1cil de entender e do PL 6256, sobre Linguagem Simples. Organizadora do Guia sobre Linguagem Simples &#8211; &#8220;Comunique com Todo Mundo&#8221; e coautora do projeto &#8220;Eu Me Protejo&#8221; &#8211; educa\u00e7\u00e3o inclusiva para preven\u00e7\u00e3o contra a viol\u00eancia na inf\u00e2ncia.<\/p>\n\n\n\n<p><strong>Pedro Lucas Costa e Lopes<\/strong>, pessoa autista, doutorando em Psicologia do Desenvolvimento e Escolar pelo Instituto de Psicologia da Universidade de Bras\u00edlia (UNB); mestre em Educa\u00e7\u00e3o Especial no Dom\u00ednio Cognitivo e Motor pela Universidade Fernando Pessoa\/Porto-Portugal. Especialista em Orienta\u00e7\u00e3o Educacional, Psicopedagogia Institucional e Cl\u00ednica e Psicologia da Educa\u00e7\u00e3o. Licenciado em Pedagogia pelo Instituto de Educa\u00e7\u00e3o Superior de Bras\u00edlia.<\/p>\n\n\n\n<figure class=\"wp-block-embed is-type-video is-provider-youtube wp-block-embed-youtube wp-embed-aspect-16-9 wp-has-aspect-ratio\"><div class=\"wp-block-embed__wrapper\">\n<iframe loading=\"lazy\" title=\"Comunica\u00e7\u00e3o Acess\u00edvel: O Poder da Linguagem Simples 09\/09\/25\" width=\"500\" height=\"281\" src=\"https:\/\/www.youtube.com\/embed\/0mh-NL3wMuY?feature=oembed\" frameborder=\"0\" allow=\"accelerometer; autoplay; clipboard-write; encrypted-media; gyroscope; picture-in-picture; web-share\" referrerpolicy=\"strict-origin-when-cross-origin\" allowfullscreen><\/iframe>\n<\/div><\/figure>\n\n\n\n<p>O bate-papo, que \u00e9 uma parceria com a Inclusive News, conta com int\u00e9rprete de libras e \u00e9 transmitido toda ter\u00e7a-feira, \u00e0s 18h, no canal do ACESSANDO LUC\u00cdLIA no Youtube:\u00a0<a href=\"https:\/\/www.youtube.com\/watch?v=ppzPCIsJ0YA\">https:\/\/www.youtube.com\/watch?v=ppzPCIsJ0YA<\/a>\u00a0e nas redes da Web R\u00e1dio Censura Livre, no Youtube, no Facebook, no site\u00a0<a href=\"http:\/\/www.clwebradio.com\/\">www.clwebradio.com<\/a>\u00a0e no aplicativo: RadiosNet\u00a0<a href=\"http:\/\/l.radios.com.br\/r\/100204\">http:\/\/l.radios.com.br\/r\/100204<\/a><br><\/p>\n\n\n\n<p>O programa tamb\u00e9m \u00e9 retransmitido no mesmo hor\u00e1rio na R\u00e1dio Criativa de Muria\u00e9-MG e no canal Gernika_art against fascism \u2013 Liga de Comunica\u00e7\u00e3o Internacionalista de Portugal, no YouTube. E \u00e0s quartas-feiras, 15h, na Radio Comunidade Friburgo 104.9 FM, de Nova Friburgo-RJ.<\/p>\n","protected":false},"excerpt":{"rendered":"<p>O Podcast Acessando Luc\u00edlia desta ter\u00e7a-feira, 09\/09, vai falar sobre Linguagem Simples, um estilo de comunica\u00e7\u00e3o que prioriza a clareza e a acessibilidade, garantindo o direito \u00e0 informa\u00e7\u00e3o, \u00e0 comunica\u00e7\u00e3o e \u00e0 participa\u00e7\u00e3o social de todos, especialmente para pessoas com defici\u00eancia intelectual, dificuldade de leitura ou pouca escolaridade. O movimento, originado na Su\u00e9cia nos anos [&hellip;]<\/p>\n","protected":false},"author":1,"featured_media":34943,"comment_status":"open","ping_status":"open","sticky":false,"template":"","format":"standard","meta":{"site-container-style":"default","site-container-layout":"default","site-sidebar-layout":"default","disable-article-header":"default","disable-site-header":"default","disable-site-footer":"default","disable-content-area-spacing":"default","footnotes":""},"categories":[477],"tags":[503,521,522],"class_list":["post-34942","post","type-post","status-publish","format-standard","has-post-thumbnail","hentry","category-comunicacao","tag-linguagem-simples","tag-podcast","tag-podcast-acessando-lucilia"],"yoast_head":"<!-- This site is optimized with the Yoast SEO plugin v27.5 - https:\/\/yoast.com\/product\/yoast-seo-wordpress\/ -->\n<title>Comunica\u00e7\u00e3o Acess\u00edvel: O Poder da Linguagem Simples -<\/title>\n<meta name=\"robots\" content=\"index, follow, max-snippet:-1, max-image-preview:large, max-video-preview:-1\" \/>\n<link rel=\"canonical\" href=\"https:\/\/inclusivenews.com.br\/?p=34942\" \/>\n<meta property=\"og:locale\" content=\"pt_PT\" \/>\n<meta property=\"og:type\" content=\"article\" \/>\n<meta property=\"og:title\" content=\"Comunica\u00e7\u00e3o Acess\u00edvel: O Poder da Linguagem Simples -\" \/>\n<meta property=\"og:description\" content=\"O Podcast Acessando Luc\u00edlia desta ter\u00e7a-feira, 09\/09, vai falar sobre Linguagem Simples, um estilo de comunica\u00e7\u00e3o que prioriza a clareza e a acessibilidade, garantindo o direito \u00e0 informa\u00e7\u00e3o, \u00e0 comunica\u00e7\u00e3o e \u00e0 participa\u00e7\u00e3o social de todos, especialmente para pessoas com defici\u00eancia intelectual, dificuldade de leitura ou pouca escolaridade. O movimento, originado na Su\u00e9cia nos anos [&hellip;]\" \/>\n<meta property=\"og:url\" content=\"https:\/\/inclusivenews.com.br\/?p=34942\" \/>\n<meta property=\"article:publisher\" content=\"https:\/\/www.facebook.com\/agenciainclusive\/\" \/>\n<meta property=\"article:published_time\" content=\"2025-09-09T17:45:27+00:00\" \/>\n<meta property=\"article:modified_time\" content=\"2025-09-09T17:45:28+00:00\" \/>\n<meta property=\"og:image\" content=\"https:\/\/inclusivenews.com.br\/wp-content\/uploads\/2025\/09\/EW-2024-02-19-BLOG-A-comunicacao-da-sua-empresa-e-acessivel-para-todos_3.png.png\" \/>\n\t<meta property=\"og:image:width\" content=\"1024\" \/>\n\t<meta property=\"og:image:height\" content=\"620\" \/>\n\t<meta property=\"og:image:type\" content=\"image\/png\" \/>\n<meta name=\"author\" content=\"inclusivenews2024\" \/>\n<meta name=\"twitter:card\" content=\"summary_large_image\" \/>\n<meta name=\"twitter:label1\" content=\"Escrito por\" \/>\n\t<meta name=\"twitter:data1\" content=\"inclusivenews2024\" \/>\n\t<meta name=\"twitter:label2\" content=\"Tempo estimado de leitura\" \/>\n\t<meta name=\"twitter:data2\" content=\"4 minutos\" \/>\n<script type=\"application\/ld+json\" class=\"yoast-schema-graph\">{\"@context\":\"https:\\\/\\\/schema.org\",\"@graph\":[{\"@type\":\"Article\",\"@id\":\"https:\\\/\\\/inclusivenews.com.br\\\/?p=34942#article\",\"isPartOf\":{\"@id\":\"https:\\\/\\\/inclusivenews.com.br\\\/?p=34942\"},\"author\":{\"name\":\"inclusivenews2024\",\"@id\":\"https:\\\/\\\/inclusivenews.com.br\\\/#\\\/schema\\\/person\\\/ae4ec7087559b8692fb33b6fffd2273b\"},\"headline\":\"Comunica\u00e7\u00e3o Acess\u00edvel: O Poder da Linguagem Simples\",\"datePublished\":\"2025-09-09T17:45:27+00:00\",\"dateModified\":\"2025-09-09T17:45:28+00:00\",\"mainEntityOfPage\":{\"@id\":\"https:\\\/\\\/inclusivenews.com.br\\\/?p=34942\"},\"wordCount\":647,\"commentCount\":0,\"publisher\":{\"@id\":\"https:\\\/\\\/inclusivenews.com.br\\\/#organization\"},\"image\":{\"@id\":\"https:\\\/\\\/inclusivenews.com.br\\\/?p=34942#primaryimage\"},\"thumbnailUrl\":\"https:\\\/\\\/inclusivenews.com.br\\\/wp-content\\\/uploads\\\/2025\\\/09\\\/EW-2024-02-19-BLOG-A-comunicacao-da-sua-empresa-e-acessivel-para-todos_3.png.png\",\"keywords\":[\"Linguagem Simples\",\"Podcast\",\"Podcast Acessando Luc\u00edlia\"],\"articleSection\":[\"Comunica\u00e7\u00e3o\"],\"inLanguage\":\"pt-PT\",\"potentialAction\":[{\"@type\":\"CommentAction\",\"name\":\"Comment\",\"target\":[\"https:\\\/\\\/inclusivenews.com.br\\\/?p=34942#respond\"]}]},{\"@type\":\"WebPage\",\"@id\":\"https:\\\/\\\/inclusivenews.com.br\\\/?p=34942\",\"url\":\"https:\\\/\\\/inclusivenews.com.br\\\/?p=34942\",\"name\":\"Comunica\u00e7\u00e3o Acess\u00edvel: O Poder da Linguagem Simples -\",\"isPartOf\":{\"@id\":\"https:\\\/\\\/inclusivenews.com.br\\\/#website\"},\"primaryImageOfPage\":{\"@id\":\"https:\\\/\\\/inclusivenews.com.br\\\/?p=34942#primaryimage\"},\"image\":{\"@id\":\"https:\\\/\\\/inclusivenews.com.br\\\/?p=34942#primaryimage\"},\"thumbnailUrl\":\"https:\\\/\\\/inclusivenews.com.br\\\/wp-content\\\/uploads\\\/2025\\\/09\\\/EW-2024-02-19-BLOG-A-comunicacao-da-sua-empresa-e-acessivel-para-todos_3.png.png\",\"datePublished\":\"2025-09-09T17:45:27+00:00\",\"dateModified\":\"2025-09-09T17:45:28+00:00\",\"breadcrumb\":{\"@id\":\"https:\\\/\\\/inclusivenews.com.br\\\/?p=34942#breadcrumb\"},\"inLanguage\":\"pt-PT\",\"potentialAction\":[{\"@type\":\"ReadAction\",\"target\":[\"https:\\\/\\\/inclusivenews.com.br\\\/?p=34942\"]}]},{\"@type\":\"ImageObject\",\"inLanguage\":\"pt-PT\",\"@id\":\"https:\\\/\\\/inclusivenews.com.br\\\/?p=34942#primaryimage\",\"url\":\"https:\\\/\\\/inclusivenews.com.br\\\/wp-content\\\/uploads\\\/2025\\\/09\\\/EW-2024-02-19-BLOG-A-comunicacao-da-sua-empresa-e-acessivel-para-todos_3.png.png\",\"contentUrl\":\"https:\\\/\\\/inclusivenews.com.br\\\/wp-content\\\/uploads\\\/2025\\\/09\\\/EW-2024-02-19-BLOG-A-comunicacao-da-sua-empresa-e-acessivel-para-todos_3.png.png\",\"width\":1024,\"height\":620},{\"@type\":\"BreadcrumbList\",\"@id\":\"https:\\\/\\\/inclusivenews.com.br\\\/?p=34942#breadcrumb\",\"itemListElement\":[{\"@type\":\"ListItem\",\"position\":1,\"name\":\"In\u00edcio\",\"item\":\"https:\\\/\\\/inclusivenews.com.br\\\/\"},{\"@type\":\"ListItem\",\"position\":2,\"name\":\"Comunica\u00e7\u00e3o Acess\u00edvel: O Poder da Linguagem Simples\"}]},{\"@type\":\"WebSite\",\"@id\":\"https:\\\/\\\/inclusivenews.com.br\\\/#website\",\"url\":\"https:\\\/\\\/inclusivenews.com.br\\\/\",\"name\":\"Inclusive News\",\"description\":\"Inclusive News\",\"publisher\":{\"@id\":\"https:\\\/\\\/inclusivenews.com.br\\\/#organization\"},\"potentialAction\":[{\"@type\":\"SearchAction\",\"target\":{\"@type\":\"EntryPoint\",\"urlTemplate\":\"https:\\\/\\\/inclusivenews.com.br\\\/?s={search_term_string}\"},\"query-input\":{\"@type\":\"PropertyValueSpecification\",\"valueRequired\":true,\"valueName\":\"search_term_string\"}}],\"inLanguage\":\"pt-PT\"},{\"@type\":\"Organization\",\"@id\":\"https:\\\/\\\/inclusivenews.com.br\\\/#organization\",\"name\":\"Inclusive - inclus\u00e3o e cidadania\",\"url\":\"https:\\\/\\\/inclusivenews.com.br\\\/\",\"logo\":{\"@type\":\"ImageObject\",\"inLanguage\":\"pt-PT\",\"@id\":\"https:\\\/\\\/inclusivenews.com.br\\\/#\\\/schema\\\/logo\\\/image\\\/\",\"url\":\"https:\\\/\\\/inclusivenews.com.br\\\/wp-content\\\/uploads\\\/2024\\\/03\\\/@grandesite.png\",\"contentUrl\":\"https:\\\/\\\/inclusivenews.com.br\\\/wp-content\\\/uploads\\\/2024\\\/03\\\/@grandesite.png\",\"width\":1080,\"height\":1080,\"caption\":\"Inclusive - inclus\u00e3o e cidadania\"},\"image\":{\"@id\":\"https:\\\/\\\/inclusivenews.com.br\\\/#\\\/schema\\\/logo\\\/image\\\/\"},\"sameAs\":[\"https:\\\/\\\/www.facebook.com\\\/agenciainclusive\\\/\",\"https:\\\/\\\/www.instagram.com\\\/newsinclusive\\\/\"]},{\"@type\":\"Person\",\"@id\":\"https:\\\/\\\/inclusivenews.com.br\\\/#\\\/schema\\\/person\\\/ae4ec7087559b8692fb33b6fffd2273b\",\"name\":\"inclusivenews2024\",\"image\":{\"@type\":\"ImageObject\",\"inLanguage\":\"pt-PT\",\"@id\":\"https:\\\/\\\/secure.gravatar.com\\\/avatar\\\/c5a7ef84c66fa914f55bc4f7ce26cfa275a3b9a1c5568b907bd184fb4dde7b40?s=96&d=mm&r=g\",\"url\":\"https:\\\/\\\/secure.gravatar.com\\\/avatar\\\/c5a7ef84c66fa914f55bc4f7ce26cfa275a3b9a1c5568b907bd184fb4dde7b40?s=96&d=mm&r=g\",\"contentUrl\":\"https:\\\/\\\/secure.gravatar.com\\\/avatar\\\/c5a7ef84c66fa914f55bc4f7ce26cfa275a3b9a1c5568b907bd184fb4dde7b40?s=96&d=mm&r=g\",\"caption\":\"inclusivenews2024\"},\"sameAs\":[\"https:\\\/\\\/inclusivenews.com.br\"],\"url\":\"https:\\\/\\\/inclusivenews.com.br\\\/?author=1\"}]}<\/script>\n<!-- \/ Yoast SEO plugin. -->","yoast_head_json":{"title":"Comunica\u00e7\u00e3o Acess\u00edvel: O Poder da Linguagem Simples -","robots":{"index":"index","follow":"follow","max-snippet":"max-snippet:-1","max-image-preview":"max-image-preview:large","max-video-preview":"max-video-preview:-1"},"canonical":"https:\/\/inclusivenews.com.br\/?p=34942","og_locale":"pt_PT","og_type":"article","og_title":"Comunica\u00e7\u00e3o Acess\u00edvel: O Poder da Linguagem Simples -","og_description":"O Podcast Acessando Luc\u00edlia desta ter\u00e7a-feira, 09\/09, vai falar sobre Linguagem Simples, um estilo de comunica\u00e7\u00e3o que prioriza a clareza e a acessibilidade, garantindo o direito \u00e0 informa\u00e7\u00e3o, \u00e0 comunica\u00e7\u00e3o e \u00e0 participa\u00e7\u00e3o social de todos, especialmente para pessoas com defici\u00eancia intelectual, dificuldade de leitura ou pouca escolaridade. O movimento, originado na Su\u00e9cia nos anos [&hellip;]","og_url":"https:\/\/inclusivenews.com.br\/?p=34942","article_publisher":"https:\/\/www.facebook.com\/agenciainclusive\/","article_published_time":"2025-09-09T17:45:27+00:00","article_modified_time":"2025-09-09T17:45:28+00:00","og_image":[{"width":1024,"height":620,"url":"https:\/\/inclusivenews.com.br\/wp-content\/uploads\/2025\/09\/EW-2024-02-19-BLOG-A-comunicacao-da-sua-empresa-e-acessivel-para-todos_3.png.png","type":"image\/png"}],"author":"inclusivenews2024","twitter_card":"summary_large_image","twitter_misc":{"Escrito por":"inclusivenews2024","Tempo estimado de leitura":"4 minutos"},"schema":{"@context":"https:\/\/schema.org","@graph":[{"@type":"Article","@id":"https:\/\/inclusivenews.com.br\/?p=34942#article","isPartOf":{"@id":"https:\/\/inclusivenews.com.br\/?p=34942"},"author":{"name":"inclusivenews2024","@id":"https:\/\/inclusivenews.com.br\/#\/schema\/person\/ae4ec7087559b8692fb33b6fffd2273b"},"headline":"Comunica\u00e7\u00e3o Acess\u00edvel: O Poder da Linguagem Simples","datePublished":"2025-09-09T17:45:27+00:00","dateModified":"2025-09-09T17:45:28+00:00","mainEntityOfPage":{"@id":"https:\/\/inclusivenews.com.br\/?p=34942"},"wordCount":647,"commentCount":0,"publisher":{"@id":"https:\/\/inclusivenews.com.br\/#organization"},"image":{"@id":"https:\/\/inclusivenews.com.br\/?p=34942#primaryimage"},"thumbnailUrl":"https:\/\/inclusivenews.com.br\/wp-content\/uploads\/2025\/09\/EW-2024-02-19-BLOG-A-comunicacao-da-sua-empresa-e-acessivel-para-todos_3.png.png","keywords":["Linguagem Simples","Podcast","Podcast Acessando Luc\u00edlia"],"articleSection":["Comunica\u00e7\u00e3o"],"inLanguage":"pt-PT","potentialAction":[{"@type":"CommentAction","name":"Comment","target":["https:\/\/inclusivenews.com.br\/?p=34942#respond"]}]},{"@type":"WebPage","@id":"https:\/\/inclusivenews.com.br\/?p=34942","url":"https:\/\/inclusivenews.com.br\/?p=34942","name":"Comunica\u00e7\u00e3o Acess\u00edvel: O Poder da Linguagem Simples -","isPartOf":{"@id":"https:\/\/inclusivenews.com.br\/#website"},"primaryImageOfPage":{"@id":"https:\/\/inclusivenews.com.br\/?p=34942#primaryimage"},"image":{"@id":"https:\/\/inclusivenews.com.br\/?p=34942#primaryimage"},"thumbnailUrl":"https:\/\/inclusivenews.com.br\/wp-content\/uploads\/2025\/09\/EW-2024-02-19-BLOG-A-comunicacao-da-sua-empresa-e-acessivel-para-todos_3.png.png","datePublished":"2025-09-09T17:45:27+00:00","dateModified":"2025-09-09T17:45:28+00:00","breadcrumb":{"@id":"https:\/\/inclusivenews.com.br\/?p=34942#breadcrumb"},"inLanguage":"pt-PT","potentialAction":[{"@type":"ReadAction","target":["https:\/\/inclusivenews.com.br\/?p=34942"]}]},{"@type":"ImageObject","inLanguage":"pt-PT","@id":"https:\/\/inclusivenews.com.br\/?p=34942#primaryimage","url":"https:\/\/inclusivenews.com.br\/wp-content\/uploads\/2025\/09\/EW-2024-02-19-BLOG-A-comunicacao-da-sua-empresa-e-acessivel-para-todos_3.png.png","contentUrl":"https:\/\/inclusivenews.com.br\/wp-content\/uploads\/2025\/09\/EW-2024-02-19-BLOG-A-comunicacao-da-sua-empresa-e-acessivel-para-todos_3.png.png","width":1024,"height":620},{"@type":"BreadcrumbList","@id":"https:\/\/inclusivenews.com.br\/?p=34942#breadcrumb","itemListElement":[{"@type":"ListItem","position":1,"name":"In\u00edcio","item":"https:\/\/inclusivenews.com.br\/"},{"@type":"ListItem","position":2,"name":"Comunica\u00e7\u00e3o Acess\u00edvel: O Poder da Linguagem Simples"}]},{"@type":"WebSite","@id":"https:\/\/inclusivenews.com.br\/#website","url":"https:\/\/inclusivenews.com.br\/","name":"Inclusive News","description":"Inclusive News","publisher":{"@id":"https:\/\/inclusivenews.com.br\/#organization"},"potentialAction":[{"@type":"SearchAction","target":{"@type":"EntryPoint","urlTemplate":"https:\/\/inclusivenews.com.br\/?s={search_term_string}"},"query-input":{"@type":"PropertyValueSpecification","valueRequired":true,"valueName":"search_term_string"}}],"inLanguage":"pt-PT"},{"@type":"Organization","@id":"https:\/\/inclusivenews.com.br\/#organization","name":"Inclusive - inclus\u00e3o e cidadania","url":"https:\/\/inclusivenews.com.br\/","logo":{"@type":"ImageObject","inLanguage":"pt-PT","@id":"https:\/\/inclusivenews.com.br\/#\/schema\/logo\/image\/","url":"https:\/\/inclusivenews.com.br\/wp-content\/uploads\/2024\/03\/@grandesite.png","contentUrl":"https:\/\/inclusivenews.com.br\/wp-content\/uploads\/2024\/03\/@grandesite.png","width":1080,"height":1080,"caption":"Inclusive - inclus\u00e3o e cidadania"},"image":{"@id":"https:\/\/inclusivenews.com.br\/#\/schema\/logo\/image\/"},"sameAs":["https:\/\/www.facebook.com\/agenciainclusive\/","https:\/\/www.instagram.com\/newsinclusive\/"]},{"@type":"Person","@id":"https:\/\/inclusivenews.com.br\/#\/schema\/person\/ae4ec7087559b8692fb33b6fffd2273b","name":"inclusivenews2024","image":{"@type":"ImageObject","inLanguage":"pt-PT","@id":"https:\/\/secure.gravatar.com\/avatar\/c5a7ef84c66fa914f55bc4f7ce26cfa275a3b9a1c5568b907bd184fb4dde7b40?s=96&d=mm&r=g","url":"https:\/\/secure.gravatar.com\/avatar\/c5a7ef84c66fa914f55bc4f7ce26cfa275a3b9a1c5568b907bd184fb4dde7b40?s=96&d=mm&r=g","contentUrl":"https:\/\/secure.gravatar.com\/avatar\/c5a7ef84c66fa914f55bc4f7ce26cfa275a3b9a1c5568b907bd184fb4dde7b40?s=96&d=mm&r=g","caption":"inclusivenews2024"},"sameAs":["https:\/\/inclusivenews.com.br"],"url":"https:\/\/inclusivenews.com.br\/?author=1"}]}},"_links":{"self":[{"href":"https:\/\/inclusivenews.com.br\/index.php?rest_route=\/wp\/v2\/posts\/34942","targetHints":{"allow":["GET"]}}],"collection":[{"href":"https:\/\/inclusivenews.com.br\/index.php?rest_route=\/wp\/v2\/posts"}],"about":[{"href":"https:\/\/inclusivenews.com.br\/index.php?rest_route=\/wp\/v2\/types\/post"}],"author":[{"embeddable":true,"href":"https:\/\/inclusivenews.com.br\/index.php?rest_route=\/wp\/v2\/users\/1"}],"replies":[{"embeddable":true,"href":"https:\/\/inclusivenews.com.br\/index.php?rest_route=%2Fwp%2Fv2%2Fcomments&post=34942"}],"version-history":[{"count":1,"href":"https:\/\/inclusivenews.com.br\/index.php?rest_route=\/wp\/v2\/posts\/34942\/revisions"}],"predecessor-version":[{"id":34944,"href":"https:\/\/inclusivenews.com.br\/index.php?rest_route=\/wp\/v2\/posts\/34942\/revisions\/34944"}],"wp:featuredmedia":[{"embeddable":true,"href":"https:\/\/inclusivenews.com.br\/index.php?rest_route=\/wp\/v2\/media\/34943"}],"wp:attachment":[{"href":"https:\/\/inclusivenews.com.br\/index.php?rest_route=%2Fwp%2Fv2%2Fmedia&parent=34942"}],"wp:term":[{"taxonomy":"category","embeddable":true,"href":"https:\/\/inclusivenews.com.br\/index.php?rest_route=%2Fwp%2Fv2%2Fcategories&post=34942"},{"taxonomy":"post_tag","embeddable":true,"href":"https:\/\/inclusivenews.com.br\/index.php?rest_route=%2Fwp%2Fv2%2Ftags&post=34942"}],"curies":[{"name":"wp","href":"https:\/\/api.w.org\/{rel}","templated":true}]}}