{"id":34963,"date":"2025-09-16T17:10:10","date_gmt":"2025-09-16T17:10:10","guid":{"rendered":"https:\/\/inclusivenews.com.br\/?p=34963"},"modified":"2025-09-16T17:10:12","modified_gmt":"2025-09-16T17:10:12","slug":"teologia-e-deficiencia-fe-justica-e-inclusao","status":"publish","type":"post","link":"https:\/\/inclusivenews.com.br\/?p=34963","title":{"rendered":"Teologia e Defici\u00eancia: f\u00e9, justi\u00e7a e inclus\u00e3o"},"content":{"rendered":"\n<p>O Podcast Acessando Luc\u00edlia desta ter\u00e7a-feira, 16\/09, recebe Olga Maria Tavares \u2013 mulher com defici\u00eancia, te\u00f3loga, antrop\u00f3loga e militante \u2013 que lan\u00e7a o livro \u201cTeologia e Defici\u00eancia: Um convite aos que t\u00eam fome e sede de justi\u00e7a\u201d no pr\u00f3ximo dia 19\/09, \u00e0s 18h, no Espa\u00e7o de Conviv\u00eancia do Centro de Artes da UFF, em Niter\u00f3i.<\/p>\n\n\n\n<p>A obra nasce da necessidade de compreender como a defici\u00eancia \u00e9 tratada nas escrituras, nas igrejas e na sociedade, desconstruindo mitos e preconceitos hist\u00f3ricos e religiosos. A autora analisa a constru\u00e7\u00e3o do pensamento teol\u00f3gico contempor\u00e2neo, questiona quem s\u00e3o as vozes que falam sobre teologia e defici\u00eancia e provoca a reflex\u00e3o sobre a urg\u00eancia de um novo fazer teol\u00f3gico a partir da interseccionalidade entre classe, ra\u00e7a e g\u00eanero.<\/p>\n\n\n\n<p>Olga tamb\u00e9m chama a aten\u00e7\u00e3o para a import\u00e2ncia de uma teologia acess\u00edvel, inclusiva e anticapacitista, capaz de transformar as comunidades de f\u00e9. Uma teologia que acolha verdadeiramente as pessoas com defici\u00eancia, reconhecendo a diversidade, a dignidade, o empoderamento e a valoriza\u00e7\u00e3o daqueles que carregam em seus corpos a marca da estigmatiza\u00e7\u00e3o.<\/p>\n\n\n\n<p>Sobre a nossa convidada<\/p>\n\n\n\n<p>Olga Maria Tavares de Souza \u00e9 doutoranda e mestre em Antropologia pela UFF, bacharel em Teologia e Filosofia. Atua na coordena\u00e7\u00e3o do Movimento Nacional de Pessoas com Defici\u00eancia do F\u00f3rum Social Mundial e \u00e9 membra da Frente Nacional de Mulheres com Defici\u00eancia (FNMD). Atualmente, \u00e9 assessora parlamentar da vereadora Luciana Novaes, na C\u00e2mara Municipal do Rio de Janeiro, e coordena o N\u00facleo de Evang\u00e9licos do Partido dos Trabalhadores (PT\/RJ).<br>J\u00e1 foi coordenadora estadual dos Direitos das Pessoas com Defici\u00eancia do Estado do Rio de Janeiro, na gest\u00e3o de Benedita da Silva, vice-presidente do Conselho Estadual dos Direitos das Pessoas com Defici\u00eancia e presidente do Conselho Municipal dos Direitos das Pessoas com Defici\u00eancia de Mag\u00e9.<\/p>\n\n\n\n<figure class=\"wp-block-embed is-type-video is-provider-youtube wp-block-embed-youtube wp-embed-aspect-16-9 wp-has-aspect-ratio\"><div class=\"wp-block-embed__wrapper\">\n<iframe loading=\"lazy\" title=\"ACESSANDO LUC\u00cdLIA Teologia e Defici\u00eancia: f\u00e9, justi\u00e7a e inclus\u00e3o 16\/9\/2025\" width=\"500\" height=\"281\" src=\"https:\/\/www.youtube.com\/embed\/BUW_zFktF3w?feature=oembed\" frameborder=\"0\" allow=\"accelerometer; autoplay; clipboard-write; encrypted-media; gyroscope; picture-in-picture; web-share\" referrerpolicy=\"strict-origin-when-cross-origin\" allowfullscreen><\/iframe>\n<\/div><\/figure>\n\n\n\n<h1 class=\"wp-block-heading\"><\/h1>\n\n\n\n<p>.O bate-papo, que \u00e9 uma parceria com a Inclusive News, conta com int\u00e9rprete de libras e \u00e9 transmitido toda ter\u00e7a-feira, \u00e0s 18h, no canal do ACESSANDO LUC\u00cdLIA no Youtube:&nbsp;<a href=\"https:\/\/www.youtube.com\/watch?v=ppzPCIsJ0YA\">https:\/\/www.youtube.com\/watch?v=ppzPCIsJ0YA<\/a>&nbsp;e nas redes da Web R\u00e1dio Censura Livre, no Youtube, no Facebook, no site&nbsp;<a href=\"http:\/\/www.clwebradio.com\/\">www.clwebradio.com<\/a>&nbsp;e no aplicativo: RadiosNet&nbsp;<a href=\"http:\/\/l.radios.com.br\/r\/100204\">http:\/\/l.radios.com.br\/r\/100204<\/a><\/p>\n\n\n\n<p>O programa tamb\u00e9m \u00e9 retransmitido no mesmo hor\u00e1rio na R\u00e1dio Criativa de Muria\u00e9-MG e no canal Gernika_art against fascism \u2013 Liga de Comunica\u00e7\u00e3o Internacionalista de Portugal, no YouTube. E \u00e0s quartas-feiras, 15h, na Radio Comunidade Friburgo 104.9 FM, de Nova Friburgo-RJ.<\/p>\n","protected":false},"excerpt":{"rendered":"<p>O Podcast Acessando Luc\u00edlia desta ter\u00e7a-feira, 16\/09, recebe Olga Maria Tavares \u2013 mulher com defici\u00eancia, te\u00f3loga, antrop\u00f3loga e militante \u2013 que lan\u00e7a o livro \u201cTeologia e Defici\u00eancia: Um convite aos que t\u00eam fome e sede de justi\u00e7a\u201d no pr\u00f3ximo dia 19\/09, \u00e0s 18h, no Espa\u00e7o de Conviv\u00eancia do Centro de Artes da UFF, em Niter\u00f3i. [&hellip;]<\/p>\n","protected":false},"author":1,"featured_media":34964,"comment_status":"open","ping_status":"open","sticky":false,"template":"","format":"standard","meta":{"site-container-style":"default","site-container-layout":"default","site-sidebar-layout":"default","disable-article-header":"default","disable-site-header":"default","disable-site-footer":"default","disable-content-area-spacing":"default","footnotes":""},"categories":[470],"tags":[845,189,521,522,165,844],"class_list":["post-34963","post","type-post","status-publish","format-standard","has-post-thumbnail","hentry","category-podcast","tag-biblia","tag-deficiencia-2","tag-podcast","tag-podcast-acessando-lucilia","tag-religiao","tag-teologia"],"yoast_head":"<!-- This site is optimized with the Yoast SEO plugin v27.4 - https:\/\/yoast.com\/product\/yoast-seo-wordpress\/ -->\n<title>Teologia e Defici\u00eancia: f\u00e9, justi\u00e7a e inclus\u00e3o -<\/title>\n<meta name=\"robots\" content=\"index, follow, max-snippet:-1, max-image-preview:large, max-video-preview:-1\" \/>\n<link rel=\"canonical\" href=\"https:\/\/inclusivenews.com.br\/?p=34963\" \/>\n<meta property=\"og:locale\" content=\"pt_PT\" \/>\n<meta property=\"og:type\" content=\"article\" \/>\n<meta property=\"og:title\" content=\"Teologia e Defici\u00eancia: f\u00e9, justi\u00e7a e inclus\u00e3o -\" \/>\n<meta property=\"og:description\" content=\"O Podcast Acessando Luc\u00edlia desta ter\u00e7a-feira, 16\/09, recebe Olga Maria Tavares \u2013 mulher com defici\u00eancia, te\u00f3loga, antrop\u00f3loga e militante \u2013 que lan\u00e7a o livro \u201cTeologia e Defici\u00eancia: Um convite aos que t\u00eam fome e sede de justi\u00e7a\u201d no pr\u00f3ximo dia 19\/09, \u00e0s 18h, no Espa\u00e7o de Conviv\u00eancia do Centro de Artes da UFF, em Niter\u00f3i. [&hellip;]\" \/>\n<meta property=\"og:url\" content=\"https:\/\/inclusivenews.com.br\/?p=34963\" \/>\n<meta property=\"article:publisher\" content=\"https:\/\/www.facebook.com\/agenciainclusive\/\" \/>\n<meta property=\"article:published_time\" content=\"2025-09-16T17:10:10+00:00\" \/>\n<meta property=\"article:modified_time\" content=\"2025-09-16T17:10:12+00:00\" \/>\n<meta property=\"og:image\" content=\"https:\/\/inclusivenews.com.br\/wp-content\/uploads\/2025\/09\/mulher-catolica-rezando-com-um-rosario-na-igreja-scaled.jpg\" \/>\n\t<meta property=\"og:image:width\" content=\"2560\" \/>\n\t<meta property=\"og:image:height\" content=\"1908\" \/>\n\t<meta property=\"og:image:type\" content=\"image\/jpeg\" \/>\n<meta name=\"author\" content=\"inclusivenews2024\" \/>\n<meta name=\"twitter:card\" content=\"summary_large_image\" \/>\n<meta name=\"twitter:label1\" content=\"Escrito por\" \/>\n\t<meta name=\"twitter:data1\" content=\"inclusivenews2024\" \/>\n\t<meta name=\"twitter:label2\" content=\"Tempo estimado de leitura\" \/>\n\t<meta name=\"twitter:data2\" content=\"3 minutos\" \/>\n<script type=\"application\/ld+json\" class=\"yoast-schema-graph\">{\"@context\":\"https:\\\/\\\/schema.org\",\"@graph\":[{\"@type\":\"Article\",\"@id\":\"https:\\\/\\\/inclusivenews.com.br\\\/?p=34963#article\",\"isPartOf\":{\"@id\":\"https:\\\/\\\/inclusivenews.com.br\\\/?p=34963\"},\"author\":{\"name\":\"inclusivenews2024\",\"@id\":\"https:\\\/\\\/inclusivenews.com.br\\\/#\\\/schema\\\/person\\\/ae4ec7087559b8692fb33b6fffd2273b\"},\"headline\":\"Teologia e Defici\u00eancia: f\u00e9, justi\u00e7a e inclus\u00e3o\",\"datePublished\":\"2025-09-16T17:10:10+00:00\",\"dateModified\":\"2025-09-16T17:10:12+00:00\",\"mainEntityOfPage\":{\"@id\":\"https:\\\/\\\/inclusivenews.com.br\\\/?p=34963\"},\"wordCount\":465,\"commentCount\":0,\"publisher\":{\"@id\":\"https:\\\/\\\/inclusivenews.com.br\\\/#organization\"},\"image\":{\"@id\":\"https:\\\/\\\/inclusivenews.com.br\\\/?p=34963#primaryimage\"},\"thumbnailUrl\":\"https:\\\/\\\/inclusivenews.com.br\\\/wp-content\\\/uploads\\\/2025\\\/09\\\/mulher-catolica-rezando-com-um-rosario-na-igreja-scaled.jpg\",\"keywords\":[\"B\u00edblia\",\"defici\u00eancia\",\"Podcast\",\"Podcast Acessando Luc\u00edlia\",\"Religi\u00e3o\",\"Teologia\"],\"articleSection\":[\"PODCAST\"],\"inLanguage\":\"pt-PT\",\"potentialAction\":[{\"@type\":\"CommentAction\",\"name\":\"Comment\",\"target\":[\"https:\\\/\\\/inclusivenews.com.br\\\/?p=34963#respond\"]}]},{\"@type\":\"WebPage\",\"@id\":\"https:\\\/\\\/inclusivenews.com.br\\\/?p=34963\",\"url\":\"https:\\\/\\\/inclusivenews.com.br\\\/?p=34963\",\"name\":\"Teologia e Defici\u00eancia: f\u00e9, justi\u00e7a e inclus\u00e3o -\",\"isPartOf\":{\"@id\":\"https:\\\/\\\/inclusivenews.com.br\\\/#website\"},\"primaryImageOfPage\":{\"@id\":\"https:\\\/\\\/inclusivenews.com.br\\\/?p=34963#primaryimage\"},\"image\":{\"@id\":\"https:\\\/\\\/inclusivenews.com.br\\\/?p=34963#primaryimage\"},\"thumbnailUrl\":\"https:\\\/\\\/inclusivenews.com.br\\\/wp-content\\\/uploads\\\/2025\\\/09\\\/mulher-catolica-rezando-com-um-rosario-na-igreja-scaled.jpg\",\"datePublished\":\"2025-09-16T17:10:10+00:00\",\"dateModified\":\"2025-09-16T17:10:12+00:00\",\"breadcrumb\":{\"@id\":\"https:\\\/\\\/inclusivenews.com.br\\\/?p=34963#breadcrumb\"},\"inLanguage\":\"pt-PT\",\"potentialAction\":[{\"@type\":\"ReadAction\",\"target\":[\"https:\\\/\\\/inclusivenews.com.br\\\/?p=34963\"]}]},{\"@type\":\"ImageObject\",\"inLanguage\":\"pt-PT\",\"@id\":\"https:\\\/\\\/inclusivenews.com.br\\\/?p=34963#primaryimage\",\"url\":\"https:\\\/\\\/inclusivenews.com.br\\\/wp-content\\\/uploads\\\/2025\\\/09\\\/mulher-catolica-rezando-com-um-rosario-na-igreja-scaled.jpg\",\"contentUrl\":\"https:\\\/\\\/inclusivenews.com.br\\\/wp-content\\\/uploads\\\/2025\\\/09\\\/mulher-catolica-rezando-com-um-rosario-na-igreja-scaled.jpg\",\"width\":2560,\"height\":1908,\"caption\":\"Catholic woman praying with a rosary at the church\"},{\"@type\":\"BreadcrumbList\",\"@id\":\"https:\\\/\\\/inclusivenews.com.br\\\/?p=34963#breadcrumb\",\"itemListElement\":[{\"@type\":\"ListItem\",\"position\":1,\"name\":\"In\u00edcio\",\"item\":\"https:\\\/\\\/inclusivenews.com.br\\\/\"},{\"@type\":\"ListItem\",\"position\":2,\"name\":\"Teologia e Defici\u00eancia: f\u00e9, justi\u00e7a e inclus\u00e3o\"}]},{\"@type\":\"WebSite\",\"@id\":\"https:\\\/\\\/inclusivenews.com.br\\\/#website\",\"url\":\"https:\\\/\\\/inclusivenews.com.br\\\/\",\"name\":\"Inclusive News\",\"description\":\"Inclusive News\",\"publisher\":{\"@id\":\"https:\\\/\\\/inclusivenews.com.br\\\/#organization\"},\"potentialAction\":[{\"@type\":\"SearchAction\",\"target\":{\"@type\":\"EntryPoint\",\"urlTemplate\":\"https:\\\/\\\/inclusivenews.com.br\\\/?s={search_term_string}\"},\"query-input\":{\"@type\":\"PropertyValueSpecification\",\"valueRequired\":true,\"valueName\":\"search_term_string\"}}],\"inLanguage\":\"pt-PT\"},{\"@type\":\"Organization\",\"@id\":\"https:\\\/\\\/inclusivenews.com.br\\\/#organization\",\"name\":\"Inclusive - inclus\u00e3o e cidadania\",\"url\":\"https:\\\/\\\/inclusivenews.com.br\\\/\",\"logo\":{\"@type\":\"ImageObject\",\"inLanguage\":\"pt-PT\",\"@id\":\"https:\\\/\\\/inclusivenews.com.br\\\/#\\\/schema\\\/logo\\\/image\\\/\",\"url\":\"https:\\\/\\\/inclusivenews.com.br\\\/wp-content\\\/uploads\\\/2024\\\/03\\\/@grandesite.png\",\"contentUrl\":\"https:\\\/\\\/inclusivenews.com.br\\\/wp-content\\\/uploads\\\/2024\\\/03\\\/@grandesite.png\",\"width\":1080,\"height\":1080,\"caption\":\"Inclusive - inclus\u00e3o e cidadania\"},\"image\":{\"@id\":\"https:\\\/\\\/inclusivenews.com.br\\\/#\\\/schema\\\/logo\\\/image\\\/\"},\"sameAs\":[\"https:\\\/\\\/www.facebook.com\\\/agenciainclusive\\\/\",\"https:\\\/\\\/www.instagram.com\\\/newsinclusive\\\/\"]},{\"@type\":\"Person\",\"@id\":\"https:\\\/\\\/inclusivenews.com.br\\\/#\\\/schema\\\/person\\\/ae4ec7087559b8692fb33b6fffd2273b\",\"name\":\"inclusivenews2024\",\"image\":{\"@type\":\"ImageObject\",\"inLanguage\":\"pt-PT\",\"@id\":\"https:\\\/\\\/secure.gravatar.com\\\/avatar\\\/c5a7ef84c66fa914f55bc4f7ce26cfa275a3b9a1c5568b907bd184fb4dde7b40?s=96&d=mm&r=g\",\"url\":\"https:\\\/\\\/secure.gravatar.com\\\/avatar\\\/c5a7ef84c66fa914f55bc4f7ce26cfa275a3b9a1c5568b907bd184fb4dde7b40?s=96&d=mm&r=g\",\"contentUrl\":\"https:\\\/\\\/secure.gravatar.com\\\/avatar\\\/c5a7ef84c66fa914f55bc4f7ce26cfa275a3b9a1c5568b907bd184fb4dde7b40?s=96&d=mm&r=g\",\"caption\":\"inclusivenews2024\"},\"sameAs\":[\"https:\\\/\\\/inclusivenews.com.br\"],\"url\":\"https:\\\/\\\/inclusivenews.com.br\\\/?author=1\"}]}<\/script>\n<!-- \/ Yoast SEO plugin. -->","yoast_head_json":{"title":"Teologia e Defici\u00eancia: f\u00e9, justi\u00e7a e inclus\u00e3o -","robots":{"index":"index","follow":"follow","max-snippet":"max-snippet:-1","max-image-preview":"max-image-preview:large","max-video-preview":"max-video-preview:-1"},"canonical":"https:\/\/inclusivenews.com.br\/?p=34963","og_locale":"pt_PT","og_type":"article","og_title":"Teologia e Defici\u00eancia: f\u00e9, justi\u00e7a e inclus\u00e3o -","og_description":"O Podcast Acessando Luc\u00edlia desta ter\u00e7a-feira, 16\/09, recebe Olga Maria Tavares \u2013 mulher com defici\u00eancia, te\u00f3loga, antrop\u00f3loga e militante \u2013 que lan\u00e7a o livro \u201cTeologia e Defici\u00eancia: Um convite aos que t\u00eam fome e sede de justi\u00e7a\u201d no pr\u00f3ximo dia 19\/09, \u00e0s 18h, no Espa\u00e7o de Conviv\u00eancia do Centro de Artes da UFF, em Niter\u00f3i. [&hellip;]","og_url":"https:\/\/inclusivenews.com.br\/?p=34963","article_publisher":"https:\/\/www.facebook.com\/agenciainclusive\/","article_published_time":"2025-09-16T17:10:10+00:00","article_modified_time":"2025-09-16T17:10:12+00:00","og_image":[{"width":2560,"height":1908,"url":"https:\/\/inclusivenews.com.br\/wp-content\/uploads\/2025\/09\/mulher-catolica-rezando-com-um-rosario-na-igreja-scaled.jpg","type":"image\/jpeg"}],"author":"inclusivenews2024","twitter_card":"summary_large_image","twitter_misc":{"Escrito por":"inclusivenews2024","Tempo estimado de leitura":"3 minutos"},"schema":{"@context":"https:\/\/schema.org","@graph":[{"@type":"Article","@id":"https:\/\/inclusivenews.com.br\/?p=34963#article","isPartOf":{"@id":"https:\/\/inclusivenews.com.br\/?p=34963"},"author":{"name":"inclusivenews2024","@id":"https:\/\/inclusivenews.com.br\/#\/schema\/person\/ae4ec7087559b8692fb33b6fffd2273b"},"headline":"Teologia e Defici\u00eancia: f\u00e9, justi\u00e7a e inclus\u00e3o","datePublished":"2025-09-16T17:10:10+00:00","dateModified":"2025-09-16T17:10:12+00:00","mainEntityOfPage":{"@id":"https:\/\/inclusivenews.com.br\/?p=34963"},"wordCount":465,"commentCount":0,"publisher":{"@id":"https:\/\/inclusivenews.com.br\/#organization"},"image":{"@id":"https:\/\/inclusivenews.com.br\/?p=34963#primaryimage"},"thumbnailUrl":"https:\/\/inclusivenews.com.br\/wp-content\/uploads\/2025\/09\/mulher-catolica-rezando-com-um-rosario-na-igreja-scaled.jpg","keywords":["B\u00edblia","defici\u00eancia","Podcast","Podcast Acessando Luc\u00edlia","Religi\u00e3o","Teologia"],"articleSection":["PODCAST"],"inLanguage":"pt-PT","potentialAction":[{"@type":"CommentAction","name":"Comment","target":["https:\/\/inclusivenews.com.br\/?p=34963#respond"]}]},{"@type":"WebPage","@id":"https:\/\/inclusivenews.com.br\/?p=34963","url":"https:\/\/inclusivenews.com.br\/?p=34963","name":"Teologia e Defici\u00eancia: f\u00e9, justi\u00e7a e inclus\u00e3o -","isPartOf":{"@id":"https:\/\/inclusivenews.com.br\/#website"},"primaryImageOfPage":{"@id":"https:\/\/inclusivenews.com.br\/?p=34963#primaryimage"},"image":{"@id":"https:\/\/inclusivenews.com.br\/?p=34963#primaryimage"},"thumbnailUrl":"https:\/\/inclusivenews.com.br\/wp-content\/uploads\/2025\/09\/mulher-catolica-rezando-com-um-rosario-na-igreja-scaled.jpg","datePublished":"2025-09-16T17:10:10+00:00","dateModified":"2025-09-16T17:10:12+00:00","breadcrumb":{"@id":"https:\/\/inclusivenews.com.br\/?p=34963#breadcrumb"},"inLanguage":"pt-PT","potentialAction":[{"@type":"ReadAction","target":["https:\/\/inclusivenews.com.br\/?p=34963"]}]},{"@type":"ImageObject","inLanguage":"pt-PT","@id":"https:\/\/inclusivenews.com.br\/?p=34963#primaryimage","url":"https:\/\/inclusivenews.com.br\/wp-content\/uploads\/2025\/09\/mulher-catolica-rezando-com-um-rosario-na-igreja-scaled.jpg","contentUrl":"https:\/\/inclusivenews.com.br\/wp-content\/uploads\/2025\/09\/mulher-catolica-rezando-com-um-rosario-na-igreja-scaled.jpg","width":2560,"height":1908,"caption":"Catholic woman praying with a rosary at the church"},{"@type":"BreadcrumbList","@id":"https:\/\/inclusivenews.com.br\/?p=34963#breadcrumb","itemListElement":[{"@type":"ListItem","position":1,"name":"In\u00edcio","item":"https:\/\/inclusivenews.com.br\/"},{"@type":"ListItem","position":2,"name":"Teologia e Defici\u00eancia: f\u00e9, justi\u00e7a e inclus\u00e3o"}]},{"@type":"WebSite","@id":"https:\/\/inclusivenews.com.br\/#website","url":"https:\/\/inclusivenews.com.br\/","name":"Inclusive News","description":"Inclusive News","publisher":{"@id":"https:\/\/inclusivenews.com.br\/#organization"},"potentialAction":[{"@type":"SearchAction","target":{"@type":"EntryPoint","urlTemplate":"https:\/\/inclusivenews.com.br\/?s={search_term_string}"},"query-input":{"@type":"PropertyValueSpecification","valueRequired":true,"valueName":"search_term_string"}}],"inLanguage":"pt-PT"},{"@type":"Organization","@id":"https:\/\/inclusivenews.com.br\/#organization","name":"Inclusive - inclus\u00e3o e cidadania","url":"https:\/\/inclusivenews.com.br\/","logo":{"@type":"ImageObject","inLanguage":"pt-PT","@id":"https:\/\/inclusivenews.com.br\/#\/schema\/logo\/image\/","url":"https:\/\/inclusivenews.com.br\/wp-content\/uploads\/2024\/03\/@grandesite.png","contentUrl":"https:\/\/inclusivenews.com.br\/wp-content\/uploads\/2024\/03\/@grandesite.png","width":1080,"height":1080,"caption":"Inclusive - inclus\u00e3o e cidadania"},"image":{"@id":"https:\/\/inclusivenews.com.br\/#\/schema\/logo\/image\/"},"sameAs":["https:\/\/www.facebook.com\/agenciainclusive\/","https:\/\/www.instagram.com\/newsinclusive\/"]},{"@type":"Person","@id":"https:\/\/inclusivenews.com.br\/#\/schema\/person\/ae4ec7087559b8692fb33b6fffd2273b","name":"inclusivenews2024","image":{"@type":"ImageObject","inLanguage":"pt-PT","@id":"https:\/\/secure.gravatar.com\/avatar\/c5a7ef84c66fa914f55bc4f7ce26cfa275a3b9a1c5568b907bd184fb4dde7b40?s=96&d=mm&r=g","url":"https:\/\/secure.gravatar.com\/avatar\/c5a7ef84c66fa914f55bc4f7ce26cfa275a3b9a1c5568b907bd184fb4dde7b40?s=96&d=mm&r=g","contentUrl":"https:\/\/secure.gravatar.com\/avatar\/c5a7ef84c66fa914f55bc4f7ce26cfa275a3b9a1c5568b907bd184fb4dde7b40?s=96&d=mm&r=g","caption":"inclusivenews2024"},"sameAs":["https:\/\/inclusivenews.com.br"],"url":"https:\/\/inclusivenews.com.br\/?author=1"}]}},"_links":{"self":[{"href":"https:\/\/inclusivenews.com.br\/index.php?rest_route=\/wp\/v2\/posts\/34963","targetHints":{"allow":["GET"]}}],"collection":[{"href":"https:\/\/inclusivenews.com.br\/index.php?rest_route=\/wp\/v2\/posts"}],"about":[{"href":"https:\/\/inclusivenews.com.br\/index.php?rest_route=\/wp\/v2\/types\/post"}],"author":[{"embeddable":true,"href":"https:\/\/inclusivenews.com.br\/index.php?rest_route=\/wp\/v2\/users\/1"}],"replies":[{"embeddable":true,"href":"https:\/\/inclusivenews.com.br\/index.php?rest_route=%2Fwp%2Fv2%2Fcomments&post=34963"}],"version-history":[{"count":1,"href":"https:\/\/inclusivenews.com.br\/index.php?rest_route=\/wp\/v2\/posts\/34963\/revisions"}],"predecessor-version":[{"id":34965,"href":"https:\/\/inclusivenews.com.br\/index.php?rest_route=\/wp\/v2\/posts\/34963\/revisions\/34965"}],"wp:featuredmedia":[{"embeddable":true,"href":"https:\/\/inclusivenews.com.br\/index.php?rest_route=\/wp\/v2\/media\/34964"}],"wp:attachment":[{"href":"https:\/\/inclusivenews.com.br\/index.php?rest_route=%2Fwp%2Fv2%2Fmedia&parent=34963"}],"wp:term":[{"taxonomy":"category","embeddable":true,"href":"https:\/\/inclusivenews.com.br\/index.php?rest_route=%2Fwp%2Fv2%2Fcategories&post=34963"},{"taxonomy":"post_tag","embeddable":true,"href":"https:\/\/inclusivenews.com.br\/index.php?rest_route=%2Fwp%2Fv2%2Ftags&post=34963"}],"curies":[{"name":"wp","href":"https:\/\/api.w.org\/{rel}","templated":true}]}}