{"id":35057,"date":"2025-10-21T14:49:29","date_gmt":"2025-10-21T14:49:29","guid":{"rendered":"https:\/\/inclusivenews.com.br\/?p=35057"},"modified":"2025-10-21T14:53:20","modified_gmt":"2025-10-21T14:53:20","slug":"nanismo-e-inclusao-combater-o-preconceito-e-ampliar-direitos","status":"publish","type":"post","link":"https:\/\/inclusivenews.com.br\/?p=35057","title":{"rendered":"Nanismo e Inclus\u00e3o: combater o preconceito \u00e9 ampliar direitos"},"content":{"rendered":"\n<p><br>O <strong>Dia Nacional de Combate ao Preconceito contra as Pessoas com Nanismo<\/strong> \u00e9 celebrado em 25 de outubro. Em alus\u00e3o \u00e0 data, o Podcast Acessando Luc\u00edlia desta ter\u00e7a-feira, 21\/10, traz uma conversa sobre o tema.<br>O nanismo \u00e9 reconhecido legalmente como defici\u00eancia f\u00edsica desde 2017, por meio da Lei n\u00ba 13.472, e a data tem como prop\u00f3sito conscientizar a sociedade sobre a import\u00e2ncia de combater o preconceito, os estere\u00f3tipos e as barreiras atitudinais que ainda afetam as pessoas com nanismo.<br>As nossas convidadas s\u00e3o:<\/p>\n\n\n\n<p><br><strong>Camila Martinez<\/strong>, 42 anos, psicopedagoga e professora, com atua\u00e7\u00e3o voltada \u00e0 aprendizagem e \u00e0 inclus\u00e3o educacional. Casada e m\u00e3e de uma crian\u00e7a com nanismo, traz em sua viv\u00eancia pessoal e profissional o compromisso com a constru\u00e7\u00e3o de uma sociedade mais emp\u00e1tica, inclusiva, acess\u00edvel e acolhedora \u00e0 diversidade.<\/p>\n\n\n\n<p><strong>Danyzinha Ferreira<\/strong>, 44 anos, \u00e9 mulher com nanismo, m\u00e3e solo de um adolescente. Com trajet\u00f3ria marcada pela determina\u00e7\u00e3o e pela experi\u00eancia, atua h\u00e1 muitos anos na \u00e1rea administrativa, sempre defendendo a inclus\u00e3o, o respeito e a valoriza\u00e7\u00e3o da diversidade.<\/p>\n\n\n\n<p><strong>Juliana Santos Carlos<\/strong>, 36 anos, mulher com nanismo, assistente social de forma\u00e7\u00e3o e atualmente graduanda em Direito. Militante das causas sociais e dos direitos da pessoa com defici\u00eancia, j\u00e1 atuou como vice-presidente da Associa\u00e7\u00e3o de Nanismo do Estado do Rio de Janeiro (ANAERJ) e exerceu dez mandatos como conselheira tutelar. Atualmente, ocupa o cargo de Subsecret\u00e1ria da Pessoa com Defici\u00eancia e Inclus\u00e3o de Maric\u00e1, onde segue comprometida com a promo\u00e7\u00e3o da acessibilidade, da igualdade e da inclus\u00e3o social.<\/p>\n\n\n\n<figure class=\"wp-block-embed is-type-video is-provider-youtube wp-block-embed-youtube wp-embed-aspect-16-9 wp-has-aspect-ratio\"><div class=\"wp-block-embed__wrapper\">\n<iframe loading=\"lazy\" title=\"Nanismo e Inclus\u00e3o: combater o preconceito \u00e9 ampliar direitos ACESSANDO LUC\u00cdLIA (21)\" width=\"500\" height=\"281\" src=\"https:\/\/www.youtube.com\/embed\/U5ed0AJvgNY?feature=oembed\" frameborder=\"0\" allow=\"accelerometer; autoplay; clipboard-write; encrypted-media; gyroscope; picture-in-picture; web-share\" referrerpolicy=\"strict-origin-when-cross-origin\" allowfullscreen><\/iframe>\n<\/div><\/figure>\n\n\n\n<p>O bate-papo, que \u00e9 uma parceria com a Inclusive News, conta com int\u00e9rprete de libras e \u00e9 transmitido toda ter\u00e7a-feira, \u00e0s 18h, no canal do ACESSANDO LUC\u00cdLIA no Youtube:&nbsp;<a href=\"https:\/\/youtube.com\/@acessandolucilia5059\">https:\/\/youtube.com\/@acessandolucilia5059<\/a>&nbsp;&nbsp;e nas redes da Web R\u00e1dio Censura Livre, no Youtube, no Facebook, no site&nbsp;<a href=\"http:\/\/www.clwebradio.com\/\">www.clwebradio.com<\/a>&nbsp;e no aplicativo: RadiosNet&nbsp;<a href=\"http:\/\/l.radios.com.br\/r\/100204\">http:\/\/l.radios.com.br\/r\/100204<\/a><\/p>\n\n\n\n<p>O programa tamb\u00e9m \u00e9 retransmitido no mesmo hor\u00e1rio na R\u00e1dio Criativa de Muria\u00e9-MG e no canal Gernika_art against fascism \u2013 Liga de Comunica\u00e7\u00e3o Internacionalista de Portugal, no YouTube. E \u00e0s quartas-feiras, 15h, na Radio Comunidade Friburgo 104.9 FM, de Nova Friburgo-RJ.<\/p>\n","protected":false},"excerpt":{"rendered":"<p>O Dia Nacional de Combate ao Preconceito contra as Pessoas com Nanismo \u00e9 celebrado em 25 de outubro. Em alus\u00e3o \u00e0 data, o Podcast Acessando Luc\u00edlia desta ter\u00e7a-feira, 21\/10, traz uma conversa sobre o tema.O nanismo \u00e9 reconhecido legalmente como defici\u00eancia f\u00edsica desde 2017, por meio da Lei n\u00ba 13.472, e a data tem como [&hellip;]<\/p>\n","protected":false},"author":1,"featured_media":35058,"comment_status":"open","ping_status":"open","sticky":false,"template":"","format":"standard","meta":{"site-container-style":"default","site-container-layout":"default","site-sidebar-layout":"default","disable-article-header":"default","disable-site-header":"default","disable-site-footer":"default","disable-content-area-spacing":"default","footnotes":""},"categories":[470],"tags":[547,71,521,522,561],"class_list":["post-35057","post","type-post","status-publish","format-standard","has-post-thumbnail","hentry","category-podcast","tag-acessando-lucilia","tag-nanismo","tag-podcast","tag-podcast-acessando-lucilia","tag-representatividade"],"yoast_head":"<!-- This site is optimized with the Yoast SEO plugin v27.5 - https:\/\/yoast.com\/product\/yoast-seo-wordpress\/ -->\n<title>Nanismo e Inclus\u00e3o: combater o preconceito \u00e9 ampliar direitos -<\/title>\n<meta name=\"robots\" content=\"index, follow, max-snippet:-1, max-image-preview:large, max-video-preview:-1\" \/>\n<link rel=\"canonical\" href=\"https:\/\/inclusivenews.com.br\/?p=35057\" \/>\n<meta property=\"og:locale\" content=\"pt_PT\" \/>\n<meta property=\"og:type\" content=\"article\" \/>\n<meta property=\"og:title\" content=\"Nanismo e Inclus\u00e3o: combater o preconceito \u00e9 ampliar direitos -\" \/>\n<meta property=\"og:description\" content=\"O Dia Nacional de Combate ao Preconceito contra as Pessoas com Nanismo \u00e9 celebrado em 25 de outubro. Em alus\u00e3o \u00e0 data, o Podcast Acessando Luc\u00edlia desta ter\u00e7a-feira, 21\/10, traz uma conversa sobre o tema.O nanismo \u00e9 reconhecido legalmente como defici\u00eancia f\u00edsica desde 2017, por meio da Lei n\u00ba 13.472, e a data tem como [&hellip;]\" \/>\n<meta property=\"og:url\" content=\"https:\/\/inclusivenews.com.br\/?p=35057\" \/>\n<meta property=\"article:publisher\" content=\"https:\/\/www.facebook.com\/agenciainclusive\/\" \/>\n<meta property=\"article:published_time\" content=\"2025-10-21T14:49:29+00:00\" \/>\n<meta property=\"article:modified_time\" content=\"2025-10-21T14:53:20+00:00\" \/>\n<meta property=\"og:image\" content=\"https:\/\/inclusivenews.com.br\/wp-content\/uploads\/2025\/10\/1634743144617033685887a_1634743144_3x2_rt-e1761058384868.jpg\" \/>\n\t<meta property=\"og:image:width\" content=\"1724\" \/>\n\t<meta property=\"og:image:height\" content=\"1116\" \/>\n\t<meta property=\"og:image:type\" content=\"image\/jpeg\" \/>\n<meta name=\"author\" content=\"inclusivenews2024\" \/>\n<meta name=\"twitter:card\" content=\"summary_large_image\" \/>\n<meta name=\"twitter:label1\" content=\"Escrito por\" \/>\n\t<meta name=\"twitter:data1\" content=\"inclusivenews2024\" \/>\n\t<meta name=\"twitter:label2\" content=\"Tempo estimado de leitura\" \/>\n\t<meta name=\"twitter:data2\" content=\"3 minutos\" \/>\n<script type=\"application\/ld+json\" class=\"yoast-schema-graph\">{\"@context\":\"https:\\\/\\\/schema.org\",\"@graph\":[{\"@type\":\"Article\",\"@id\":\"https:\\\/\\\/inclusivenews.com.br\\\/?p=35057#article\",\"isPartOf\":{\"@id\":\"https:\\\/\\\/inclusivenews.com.br\\\/?p=35057\"},\"author\":{\"name\":\"inclusivenews2024\",\"@id\":\"https:\\\/\\\/inclusivenews.com.br\\\/#\\\/schema\\\/person\\\/ae4ec7087559b8692fb33b6fffd2273b\"},\"headline\":\"Nanismo e Inclus\u00e3o: combater o preconceito \u00e9 ampliar direitos\",\"datePublished\":\"2025-10-21T14:49:29+00:00\",\"dateModified\":\"2025-10-21T14:53:20+00:00\",\"mainEntityOfPage\":{\"@id\":\"https:\\\/\\\/inclusivenews.com.br\\\/?p=35057\"},\"wordCount\":395,\"commentCount\":0,\"publisher\":{\"@id\":\"https:\\\/\\\/inclusivenews.com.br\\\/#organization\"},\"image\":{\"@id\":\"https:\\\/\\\/inclusivenews.com.br\\\/?p=35057#primaryimage\"},\"thumbnailUrl\":\"https:\\\/\\\/inclusivenews.com.br\\\/wp-content\\\/uploads\\\/2025\\\/10\\\/1634743144617033685887a_1634743144_3x2_rt-e1761058384868.jpg\",\"keywords\":[\"Acessando Luc\u00edlia\",\"Nanismo\",\"Podcast\",\"Podcast Acessando Luc\u00edlia\",\"representatividade\"],\"articleSection\":[\"PODCAST\"],\"inLanguage\":\"pt-PT\",\"potentialAction\":[{\"@type\":\"CommentAction\",\"name\":\"Comment\",\"target\":[\"https:\\\/\\\/inclusivenews.com.br\\\/?p=35057#respond\"]}]},{\"@type\":\"WebPage\",\"@id\":\"https:\\\/\\\/inclusivenews.com.br\\\/?p=35057\",\"url\":\"https:\\\/\\\/inclusivenews.com.br\\\/?p=35057\",\"name\":\"Nanismo e Inclus\u00e3o: combater o preconceito \u00e9 ampliar direitos -\",\"isPartOf\":{\"@id\":\"https:\\\/\\\/inclusivenews.com.br\\\/#website\"},\"primaryImageOfPage\":{\"@id\":\"https:\\\/\\\/inclusivenews.com.br\\\/?p=35057#primaryimage\"},\"image\":{\"@id\":\"https:\\\/\\\/inclusivenews.com.br\\\/?p=35057#primaryimage\"},\"thumbnailUrl\":\"https:\\\/\\\/inclusivenews.com.br\\\/wp-content\\\/uploads\\\/2025\\\/10\\\/1634743144617033685887a_1634743144_3x2_rt-e1761058384868.jpg\",\"datePublished\":\"2025-10-21T14:49:29+00:00\",\"dateModified\":\"2025-10-21T14:53:20+00:00\",\"breadcrumb\":{\"@id\":\"https:\\\/\\\/inclusivenews.com.br\\\/?p=35057#breadcrumb\"},\"inLanguage\":\"pt-PT\",\"potentialAction\":[{\"@type\":\"ReadAction\",\"target\":[\"https:\\\/\\\/inclusivenews.com.br\\\/?p=35057\"]}]},{\"@type\":\"ImageObject\",\"inLanguage\":\"pt-PT\",\"@id\":\"https:\\\/\\\/inclusivenews.com.br\\\/?p=35057#primaryimage\",\"url\":\"https:\\\/\\\/inclusivenews.com.br\\\/wp-content\\\/uploads\\\/2025\\\/10\\\/1634743144617033685887a_1634743144_3x2_rt-e1761058384868.jpg\",\"contentUrl\":\"https:\\\/\\\/inclusivenews.com.br\\\/wp-content\\\/uploads\\\/2025\\\/10\\\/1634743144617033685887a_1634743144_3x2_rt-e1761058384868.jpg\",\"width\":1724,\"height\":1116},{\"@type\":\"BreadcrumbList\",\"@id\":\"https:\\\/\\\/inclusivenews.com.br\\\/?p=35057#breadcrumb\",\"itemListElement\":[{\"@type\":\"ListItem\",\"position\":1,\"name\":\"In\u00edcio\",\"item\":\"https:\\\/\\\/inclusivenews.com.br\\\/\"},{\"@type\":\"ListItem\",\"position\":2,\"name\":\"Nanismo e Inclus\u00e3o: combater o preconceito \u00e9 ampliar direitos\"}]},{\"@type\":\"WebSite\",\"@id\":\"https:\\\/\\\/inclusivenews.com.br\\\/#website\",\"url\":\"https:\\\/\\\/inclusivenews.com.br\\\/\",\"name\":\"Inclusive News\",\"description\":\"Inclusive News\",\"publisher\":{\"@id\":\"https:\\\/\\\/inclusivenews.com.br\\\/#organization\"},\"potentialAction\":[{\"@type\":\"SearchAction\",\"target\":{\"@type\":\"EntryPoint\",\"urlTemplate\":\"https:\\\/\\\/inclusivenews.com.br\\\/?s={search_term_string}\"},\"query-input\":{\"@type\":\"PropertyValueSpecification\",\"valueRequired\":true,\"valueName\":\"search_term_string\"}}],\"inLanguage\":\"pt-PT\"},{\"@type\":\"Organization\",\"@id\":\"https:\\\/\\\/inclusivenews.com.br\\\/#organization\",\"name\":\"Inclusive - inclus\u00e3o e cidadania\",\"url\":\"https:\\\/\\\/inclusivenews.com.br\\\/\",\"logo\":{\"@type\":\"ImageObject\",\"inLanguage\":\"pt-PT\",\"@id\":\"https:\\\/\\\/inclusivenews.com.br\\\/#\\\/schema\\\/logo\\\/image\\\/\",\"url\":\"https:\\\/\\\/inclusivenews.com.br\\\/wp-content\\\/uploads\\\/2024\\\/03\\\/@grandesite.png\",\"contentUrl\":\"https:\\\/\\\/inclusivenews.com.br\\\/wp-content\\\/uploads\\\/2024\\\/03\\\/@grandesite.png\",\"width\":1080,\"height\":1080,\"caption\":\"Inclusive - inclus\u00e3o e cidadania\"},\"image\":{\"@id\":\"https:\\\/\\\/inclusivenews.com.br\\\/#\\\/schema\\\/logo\\\/image\\\/\"},\"sameAs\":[\"https:\\\/\\\/www.facebook.com\\\/agenciainclusive\\\/\",\"https:\\\/\\\/www.instagram.com\\\/newsinclusive\\\/\"]},{\"@type\":\"Person\",\"@id\":\"https:\\\/\\\/inclusivenews.com.br\\\/#\\\/schema\\\/person\\\/ae4ec7087559b8692fb33b6fffd2273b\",\"name\":\"inclusivenews2024\",\"image\":{\"@type\":\"ImageObject\",\"inLanguage\":\"pt-PT\",\"@id\":\"https:\\\/\\\/secure.gravatar.com\\\/avatar\\\/c5a7ef84c66fa914f55bc4f7ce26cfa275a3b9a1c5568b907bd184fb4dde7b40?s=96&d=mm&r=g\",\"url\":\"https:\\\/\\\/secure.gravatar.com\\\/avatar\\\/c5a7ef84c66fa914f55bc4f7ce26cfa275a3b9a1c5568b907bd184fb4dde7b40?s=96&d=mm&r=g\",\"contentUrl\":\"https:\\\/\\\/secure.gravatar.com\\\/avatar\\\/c5a7ef84c66fa914f55bc4f7ce26cfa275a3b9a1c5568b907bd184fb4dde7b40?s=96&d=mm&r=g\",\"caption\":\"inclusivenews2024\"},\"sameAs\":[\"https:\\\/\\\/inclusivenews.com.br\"],\"url\":\"https:\\\/\\\/inclusivenews.com.br\\\/?author=1\"}]}<\/script>\n<!-- \/ Yoast SEO plugin. -->","yoast_head_json":{"title":"Nanismo e Inclus\u00e3o: combater o preconceito \u00e9 ampliar direitos -","robots":{"index":"index","follow":"follow","max-snippet":"max-snippet:-1","max-image-preview":"max-image-preview:large","max-video-preview":"max-video-preview:-1"},"canonical":"https:\/\/inclusivenews.com.br\/?p=35057","og_locale":"pt_PT","og_type":"article","og_title":"Nanismo e Inclus\u00e3o: combater o preconceito \u00e9 ampliar direitos -","og_description":"O Dia Nacional de Combate ao Preconceito contra as Pessoas com Nanismo \u00e9 celebrado em 25 de outubro. Em alus\u00e3o \u00e0 data, o Podcast Acessando Luc\u00edlia desta ter\u00e7a-feira, 21\/10, traz uma conversa sobre o tema.O nanismo \u00e9 reconhecido legalmente como defici\u00eancia f\u00edsica desde 2017, por meio da Lei n\u00ba 13.472, e a data tem como [&hellip;]","og_url":"https:\/\/inclusivenews.com.br\/?p=35057","article_publisher":"https:\/\/www.facebook.com\/agenciainclusive\/","article_published_time":"2025-10-21T14:49:29+00:00","article_modified_time":"2025-10-21T14:53:20+00:00","og_image":[{"width":1724,"height":1116,"url":"https:\/\/inclusivenews.com.br\/wp-content\/uploads\/2025\/10\/1634743144617033685887a_1634743144_3x2_rt-e1761058384868.jpg","type":"image\/jpeg"}],"author":"inclusivenews2024","twitter_card":"summary_large_image","twitter_misc":{"Escrito por":"inclusivenews2024","Tempo estimado de leitura":"3 minutos"},"schema":{"@context":"https:\/\/schema.org","@graph":[{"@type":"Article","@id":"https:\/\/inclusivenews.com.br\/?p=35057#article","isPartOf":{"@id":"https:\/\/inclusivenews.com.br\/?p=35057"},"author":{"name":"inclusivenews2024","@id":"https:\/\/inclusivenews.com.br\/#\/schema\/person\/ae4ec7087559b8692fb33b6fffd2273b"},"headline":"Nanismo e Inclus\u00e3o: combater o preconceito \u00e9 ampliar direitos","datePublished":"2025-10-21T14:49:29+00:00","dateModified":"2025-10-21T14:53:20+00:00","mainEntityOfPage":{"@id":"https:\/\/inclusivenews.com.br\/?p=35057"},"wordCount":395,"commentCount":0,"publisher":{"@id":"https:\/\/inclusivenews.com.br\/#organization"},"image":{"@id":"https:\/\/inclusivenews.com.br\/?p=35057#primaryimage"},"thumbnailUrl":"https:\/\/inclusivenews.com.br\/wp-content\/uploads\/2025\/10\/1634743144617033685887a_1634743144_3x2_rt-e1761058384868.jpg","keywords":["Acessando Luc\u00edlia","Nanismo","Podcast","Podcast Acessando Luc\u00edlia","representatividade"],"articleSection":["PODCAST"],"inLanguage":"pt-PT","potentialAction":[{"@type":"CommentAction","name":"Comment","target":["https:\/\/inclusivenews.com.br\/?p=35057#respond"]}]},{"@type":"WebPage","@id":"https:\/\/inclusivenews.com.br\/?p=35057","url":"https:\/\/inclusivenews.com.br\/?p=35057","name":"Nanismo e Inclus\u00e3o: combater o preconceito \u00e9 ampliar direitos -","isPartOf":{"@id":"https:\/\/inclusivenews.com.br\/#website"},"primaryImageOfPage":{"@id":"https:\/\/inclusivenews.com.br\/?p=35057#primaryimage"},"image":{"@id":"https:\/\/inclusivenews.com.br\/?p=35057#primaryimage"},"thumbnailUrl":"https:\/\/inclusivenews.com.br\/wp-content\/uploads\/2025\/10\/1634743144617033685887a_1634743144_3x2_rt-e1761058384868.jpg","datePublished":"2025-10-21T14:49:29+00:00","dateModified":"2025-10-21T14:53:20+00:00","breadcrumb":{"@id":"https:\/\/inclusivenews.com.br\/?p=35057#breadcrumb"},"inLanguage":"pt-PT","potentialAction":[{"@type":"ReadAction","target":["https:\/\/inclusivenews.com.br\/?p=35057"]}]},{"@type":"ImageObject","inLanguage":"pt-PT","@id":"https:\/\/inclusivenews.com.br\/?p=35057#primaryimage","url":"https:\/\/inclusivenews.com.br\/wp-content\/uploads\/2025\/10\/1634743144617033685887a_1634743144_3x2_rt-e1761058384868.jpg","contentUrl":"https:\/\/inclusivenews.com.br\/wp-content\/uploads\/2025\/10\/1634743144617033685887a_1634743144_3x2_rt-e1761058384868.jpg","width":1724,"height":1116},{"@type":"BreadcrumbList","@id":"https:\/\/inclusivenews.com.br\/?p=35057#breadcrumb","itemListElement":[{"@type":"ListItem","position":1,"name":"In\u00edcio","item":"https:\/\/inclusivenews.com.br\/"},{"@type":"ListItem","position":2,"name":"Nanismo e Inclus\u00e3o: combater o preconceito \u00e9 ampliar direitos"}]},{"@type":"WebSite","@id":"https:\/\/inclusivenews.com.br\/#website","url":"https:\/\/inclusivenews.com.br\/","name":"Inclusive News","description":"Inclusive News","publisher":{"@id":"https:\/\/inclusivenews.com.br\/#organization"},"potentialAction":[{"@type":"SearchAction","target":{"@type":"EntryPoint","urlTemplate":"https:\/\/inclusivenews.com.br\/?s={search_term_string}"},"query-input":{"@type":"PropertyValueSpecification","valueRequired":true,"valueName":"search_term_string"}}],"inLanguage":"pt-PT"},{"@type":"Organization","@id":"https:\/\/inclusivenews.com.br\/#organization","name":"Inclusive - inclus\u00e3o e cidadania","url":"https:\/\/inclusivenews.com.br\/","logo":{"@type":"ImageObject","inLanguage":"pt-PT","@id":"https:\/\/inclusivenews.com.br\/#\/schema\/logo\/image\/","url":"https:\/\/inclusivenews.com.br\/wp-content\/uploads\/2024\/03\/@grandesite.png","contentUrl":"https:\/\/inclusivenews.com.br\/wp-content\/uploads\/2024\/03\/@grandesite.png","width":1080,"height":1080,"caption":"Inclusive - inclus\u00e3o e cidadania"},"image":{"@id":"https:\/\/inclusivenews.com.br\/#\/schema\/logo\/image\/"},"sameAs":["https:\/\/www.facebook.com\/agenciainclusive\/","https:\/\/www.instagram.com\/newsinclusive\/"]},{"@type":"Person","@id":"https:\/\/inclusivenews.com.br\/#\/schema\/person\/ae4ec7087559b8692fb33b6fffd2273b","name":"inclusivenews2024","image":{"@type":"ImageObject","inLanguage":"pt-PT","@id":"https:\/\/secure.gravatar.com\/avatar\/c5a7ef84c66fa914f55bc4f7ce26cfa275a3b9a1c5568b907bd184fb4dde7b40?s=96&d=mm&r=g","url":"https:\/\/secure.gravatar.com\/avatar\/c5a7ef84c66fa914f55bc4f7ce26cfa275a3b9a1c5568b907bd184fb4dde7b40?s=96&d=mm&r=g","contentUrl":"https:\/\/secure.gravatar.com\/avatar\/c5a7ef84c66fa914f55bc4f7ce26cfa275a3b9a1c5568b907bd184fb4dde7b40?s=96&d=mm&r=g","caption":"inclusivenews2024"},"sameAs":["https:\/\/inclusivenews.com.br"],"url":"https:\/\/inclusivenews.com.br\/?author=1"}]}},"_links":{"self":[{"href":"https:\/\/inclusivenews.com.br\/index.php?rest_route=\/wp\/v2\/posts\/35057","targetHints":{"allow":["GET"]}}],"collection":[{"href":"https:\/\/inclusivenews.com.br\/index.php?rest_route=\/wp\/v2\/posts"}],"about":[{"href":"https:\/\/inclusivenews.com.br\/index.php?rest_route=\/wp\/v2\/types\/post"}],"author":[{"embeddable":true,"href":"https:\/\/inclusivenews.com.br\/index.php?rest_route=\/wp\/v2\/users\/1"}],"replies":[{"embeddable":true,"href":"https:\/\/inclusivenews.com.br\/index.php?rest_route=%2Fwp%2Fv2%2Fcomments&post=35057"}],"version-history":[{"count":1,"href":"https:\/\/inclusivenews.com.br\/index.php?rest_route=\/wp\/v2\/posts\/35057\/revisions"}],"predecessor-version":[{"id":35059,"href":"https:\/\/inclusivenews.com.br\/index.php?rest_route=\/wp\/v2\/posts\/35057\/revisions\/35059"}],"wp:featuredmedia":[{"embeddable":true,"href":"https:\/\/inclusivenews.com.br\/index.php?rest_route=\/wp\/v2\/media\/35058"}],"wp:attachment":[{"href":"https:\/\/inclusivenews.com.br\/index.php?rest_route=%2Fwp%2Fv2%2Fmedia&parent=35057"}],"wp:term":[{"taxonomy":"category","embeddable":true,"href":"https:\/\/inclusivenews.com.br\/index.php?rest_route=%2Fwp%2Fv2%2Fcategories&post=35057"},{"taxonomy":"post_tag","embeddable":true,"href":"https:\/\/inclusivenews.com.br\/index.php?rest_route=%2Fwp%2Fv2%2Ftags&post=35057"}],"curies":[{"name":"wp","href":"https:\/\/api.w.org\/{rel}","templated":true}]}}