{"id":35109,"date":"2025-10-28T10:30:00","date_gmt":"2025-10-28T10:30:00","guid":{"rendered":"https:\/\/inclusivenews.com.br\/?p=35109"},"modified":"2025-10-27T19:57:18","modified_gmt":"2025-10-27T19:57:18","slug":"resgate-inclusivo-pessoas-com-deficiencia-tambem-lutam-por-justica-climatica","status":"publish","type":"post","link":"https:\/\/inclusivenews.com.br\/?p=35109","title":{"rendered":"Resgate Inclusivo: pessoas com defici\u00eancia tamb\u00e9m lutam por justi\u00e7a clim\u00e1tica"},"content":{"rendered":"\n<p>Iniciativa prop\u00f5e pensar planos de adapta\u00e7\u00e3o e resposta \u00e0 eventos clim\u00e1ticos extremos com acessibilidade<\/p>\n\n\n\n<p>Texto de Micael Oleg\u00e1rio<\/p>\n\n\n\n<p><\/p>\n\n\n\n<p><strong>\u201cNingu\u00e9m fica para tr\u00e1s\u201d<\/strong>. Este \u00e9 um dos lemas do&nbsp;<strong>\u201cProjeto Resgate Inclusivo (PRI)\u201d<\/strong>, movimento que luta por&nbsp;<strong>justi\u00e7a clim\u00e1tica para pessoas com defici\u00eancia&nbsp;<\/strong>(PcDs). A iniciativa in\u00e9dita no pa\u00eds foi idealizada pela soci\u00f3loga Marta Almeida Gil ap\u00f3s perceber a falta de informa\u00e7\u00f5es e not\u00edcias sobre PcDs nas enchentes no Rio Grande do Sul, em 2024.&nbsp;<strong>\u201cNingu\u00e9m sabia como resgatar pessoas com defici\u00eancia\u201d<\/strong>, resume ela, sobre a falta de acessibilidade e de protocolos inclusivos para situa\u00e7\u00f5es de emerg\u00eancia.<\/p>\n\n\n\n<p>A falta de orienta\u00e7\u00f5es espec\u00edficas para PcDs em desastres foi sentida de perto por Mariana Rosa. Ela trabalha na Associa\u00e7\u00e3o para Atendimento e Aux\u00edlio de Deficientes Mentais Porto Belo (Adempobel) que acolhe pessoas com defici\u00eancia em Canoas, na regi\u00e3o metropolitana de Porto Alegre (RS). Na \u00e9poca, a institui\u00e7\u00e3o mantinha cerca de 15 casas para 150 pessoas e apenas uma n\u00e3o foi afetada pela enchente.&nbsp;<strong>\u201cMuitos barcos paravam para tentar ajudar, mas diziam que n\u00e3o sabiam resgatar cadeirantes ou quem tem alguma mobilidade reduzida.&nbsp;<\/strong>Ent\u00e3o, eles ficaram esperando muito mais horas\u201d, recorda Mariana.<\/p>\n\n\n\n<p>Uma das metas do Projeto Resgate Inclusivo \u00e9 construir protocolos e oferecer capacita\u00e7\u00f5es para profissionais da Defesa Civil, Corpo de Bombeiros, secretarias de sa\u00fade, entre outras entidades civis e \u00f3rg\u00e3os p\u00fablicos. A iniciativa trabalha com tr\u00eas frentes principais:&nbsp;<strong>preven\u00e7\u00e3o, prepara\u00e7\u00e3o e p\u00f3s-resgate<\/strong>, com objetivo de melhorar a resposta em situa\u00e7\u00f5es extremas e as condi\u00e7\u00f5es de acessibilidade antes de um desastre, incluindo, a&nbsp;<strong>comunica\u00e7\u00e3o e os alertas sobre riscos clim\u00e1ticos<\/strong>.<\/p>\n\n\n\n<p>O PRI foi lan\u00e7ado oficialmente em setembro pela&nbsp;<a href=\"https:\/\/www.amankay.org.br\/home\/index.php\">Amankay Instituto de Estudos e Pesquisas<\/a>, ONG dedicada \u00e0 produ\u00e7\u00e3o de informa\u00e7\u00f5es sobre defici\u00eancia e inclus\u00e3o social. A iniciativa conta com apoio da&nbsp;<a href=\"https:\/\/news.un.org\/pt\/tags\/onu-habitat\">ONU Habitat<\/a>, programa das Na\u00e7\u00f5es Unidas voltado \u00e0 promo\u00e7\u00e3o ao planejamento urbano, considerando aspectos socioambientais e clim\u00e1ticos.<\/p>\n\n\n\n<blockquote class=\"wp-block-quote is-layout-flow wp-block-quote-is-layout-flow\">\n<p>Sabemos que quando \u00e9 preto, pobre e com defici\u00eancia, isso pesa de forma desigual. Temos que lutar para mudar isso, porque vidas s\u00e3o vidas&#8221; Thais Pessanha &#8211; Escritora e apoiadora do PRI<\/p>\n<\/blockquote>\n\n\n\n<p>Existem poucas pesquisas e dados sobre o impacto das mudan\u00e7as clim\u00e1ticas em pessoas com defici\u00eancia. Por\u00e9m, o que a realidade e casos recentes indicam \u00e9 de que esse grupo da popula\u00e7\u00e3o sofre de forma mais intensa as consequ\u00eancias de eventos extremos do clima. Estimativa feita pela&nbsp;<a href=\"https:\/\/www.paho.org\/pt\/topicos\/deficiencia\">Organiza\u00e7\u00e3o Pan-Americana de Sa\u00fade (OPAS)<\/a>&nbsp;aponta que&nbsp;<strong>PcDs possuem de duas a quatro vezes mais chances de morrer em desastres<\/strong>&nbsp;e emerg\u00eancias, em compara\u00e7\u00e3o com pessoas sem defici\u00eancia.&nbsp;<\/p>\n\n\n\n<p><a href=\"https:\/\/projetocolabora.com.br\/wp-content\/uploads\/2025\/03\/Midia-Kit_Colabora-Jornalismo_Site.pdf\" target=\"_blank\" rel=\"noreferrer noopener\"><\/a><\/p>\n\n\n\n<p>Outro estudo,&nbsp;<a href=\"https:\/\/fiocruz.br\/noticia\/2025\/10\/estudo-revela-como-crise-climatica-afeta-pessoas-com-deficiencia\">publicado recentemente na revista cient\u00edfica&nbsp;<em>PLOS Global Public Health<\/em><\/a>, analisou como o aquecimento global afeta o acesso de PcDs \u00e0 \u00e1gua, ao saneamento e \u00e0 higiene. A pesquisa indica que h\u00e1 barreiras extras para essas pessoas durante secas e enchentes, por conta de uma interse\u00e7\u00e3o entre desigualdade social, pobreza estrutural e falta de infraestrutura acess\u00edvel. Al\u00e9m disso, as quest\u00f5es que envolvem defici\u00eancia e acessibilidade tamb\u00e9m n\u00e3o costumam aparecer em debates sobre adapta\u00e7\u00e3o clim\u00e1tica.&nbsp;<\/p>\n\n\n\n<h4 class=\"wp-block-heading\"><strong>Barreiras em abrigos<\/strong><\/h4>\n\n\n\n<p>Al\u00e9m dos desafios nos resgates, o desastre socioambiental no RS evidenciou l\u00f3gicas excludentes em abrigos, principalmente para imigrantes, mulheres, crian\u00e7as e pessoas com defici\u00eancia. Ros\u00e2ngela Oliveira, 61 anos, teve paralisia infantil aos 2 anos de idade e \u00e9 usu\u00e1ria de cadeira de rodas. Em maio de 2024, ela morava no bairro Mathias Velho, em Canoas (RS), um dos locais mais atingidos pela enchente na regi\u00e3o metropolitana de Porto Alegre.&nbsp;<strong>\u201cFoi bem complicado e (nos abrigos) tinha pessoas com de cadeira de rodas at\u00e9 dormindo no ch\u00e3o\u201d<\/strong>, conta, sobre a situa\u00e7\u00e3o de muitas PcDs que tiveram de sair de suas casas.<\/p>\n\n\n\n<p>Na \u00e9poca, Ros\u00e2ngela conseguiu sair antes de sua casa ser alagada e ficou em um abrigo da Associa\u00e7\u00e3o Canoense de Deficientes F\u00edsicos (Acadef), onde a estrutura j\u00e1 era adaptada, por exemplo, com banheiros acess\u00edveis. Ap\u00f3s o per\u00edodo mais grave, ela ajudou a levar ajuda emergencial para PcDs em outros locais.&nbsp;<strong>\u201cDo\u00eda ver as pessoas sentadas em um canto, esperando que algu\u00e9m fosse alcan\u00e7ar alguma coisa para comer<\/strong>, ajudar a trocar uma roupa e tomar um banho\u201d, descreve, sobre a perda de autonomia e dignidade gerada pela soma do desastre com a falta de acessibilidade pr\u00e9via.<\/p>\n\n\n\n<p>Mariana Rosa descreve experi\u00eancia semelhante com as pessoas com defici\u00eancia atendidas pela Adempobel.&nbsp;<strong>\u201cFicamos alojados em algumas escolas em que fomos convidados a nos retirar<\/strong>, porque as pessoas n\u00e3o conseguiam lidar com autistas e pessoas com outras defici\u00eancias mentais\u201d, conta. Por conta disso, a associa\u00e7\u00e3o chegou a alugar um outro espa\u00e7o para utilizar como abrigo e os preju\u00edzos financeiros com o desastre ficaram pr\u00f3ximos de R$500 mil. Mais tarde, a entidade conseguiu um empr\u00e9stimo via Pronampe (Programa Nacional de Apoio \u00e0s Microempresas e Empresas de Pequeno Porte).<\/p>\n\n\n\n<p>Apesar dos problemas log\u00edsticos e da demora em alguns casos, todas as cerca de 150 pessoas atendidas pela Adempobel foram resgatadas com seguran\u00e7a, mas quatro delas tiveram complica\u00e7\u00f5es e morreram semanas depois. \u201cA gente conseguiu resgatar todas as pessoas, mas ap\u00f3s isso, alguns precisaram de interna\u00e7\u00e3o, porque ficaram muito tempo em contato com a \u00e1gua contaminada.&nbsp;<strong>Perdemos quatro moradores semanas ap\u00f3s a enchente\u201d.&nbsp;<\/strong>A situa\u00e7\u00e3o da Adempobel s\u00f3 foi mitigada gra\u00e7as a uma onda de solidariedade, liderada por uma pessoa com defici\u00eancia.<\/p>\n\n\n\n<figure class=\"wp-block-image\" id=\"attachment_100564\"><img decoding=\"async\" src=\"https:\/\/projetocolabora.com.br\/wp-content\/uploads\/2025\/10\/ft-2.webp\" alt=\"Foto colorida de abrigo em gin\u00e1sio de Porto Alegre. Na foto, aparecem diversos colch\u00f5es no ch\u00e3o e pessoas em diversos pontos do local\" class=\"wp-image-100564\"\/><figcaption class=\"wp-element-caption\">Abrigos sem estrutura com acessibilidade agravam impactos de desastres em pessoas com defici\u00eancia; colch\u00f5es em gin\u00e1sio de Porto Alegre durante as enchentes no RS (Foto: Pedro Piegas\/Prefeitura de Porto Alegre)<\/figcaption><\/figure>\n\n\n\n<h4 class=\"wp-block-heading\"><strong>Mobiliza\u00e7\u00e3o e rede de apoio<\/strong><\/h4>\n\n\n\n<p>Escritora e finalista do Pr\u00eamio Jabuti 2025 com a obra&nbsp;<strong>\u201cClube de Leitura Ossos de P\u00e1ssaro<\/strong>\u201d, Thais Pessanha mora no Rio de Janeiro e foi respons\u00e1vel por mobilizar uma rede de solidariedade para auxiliar pessoas com defici\u00eancia afetadas pelas chuvas no sul. Nascida com osteog\u00eanese imperfeita (OI), tamb\u00e9m conhecida como \u201cdoen\u00e7a dos ossos de vidro\u201d, Thais teve contato com a situa\u00e7\u00e3o da Adempobel em v\u00eddeo publicado por Mariana nas redes sociais.<\/p>\n\n\n\n<p>Na \u00e9poca, a escritora conseguiu arrecadar doa\u00e7\u00f5es para comprar colch\u00f5es de uma f\u00e1brica em Goi\u00e1s para enviar ao Rio Grande do Sul, al\u00e9m de auxiliar com outras doa\u00e7\u00f5es. \u201cConsegui contato com o ex\u00e9rcito e passei a lista de tudo que a Mariana estava precisando e o ex\u00e9rcito falou que ia chegar l\u00e1 e entregar, mesmo que fosse de barco ou helic\u00f3ptero\u201d, relembra.<\/p>\n\n\n\n<p>Depois disso, Thais conheceu o Projeto Resgate Inclusivo e passou a integrar a equipe de apoiadores da iniciativa. Segundo ela, esse movimento \u00e9 essencial, principalmente, para chamar aten\u00e7\u00e3o para os impactos que perduram ap\u00f3s uma trag\u00e9dia e que s\u00e3o agravados por desigualdades sociais<strong>. \u201cSabemos que quando \u00e9 preto, pobre e com defici\u00eancia, isso pesa de forma desigual.&nbsp;<\/strong>Temos que lutar para mudar isso, porque vidas s\u00e3o vidas\u201d.<\/p>\n\n\n\n<p>Atualmente, o PRI est\u00e1 em uma fase inicial, com foco em comunica\u00e7\u00e3o e divulga\u00e7\u00e3o, tamb\u00e9m como forma de angariar apoio e financiamento. \u201cO que a gente quer \u00e9 que esse projeto ganhe bastante visibilidade para que ele consiga os apoios necess\u00e1rios para ser implantado, porque n\u00e3o adianta s\u00f3 bater palma que \u00e9 um projeto lindo\u201d, destaca Thais.&nbsp;<\/p>\n\n\n\n<p>Como parte do trabalho de constru\u00e7\u00e3o do Resgate Inclusivo, Marta Almeida Gil tem buscado refer\u00eancias e exemplos ao redor do mundo. \u201cRecebi material do estado da Fl\u00f3rida, nos Estados Unidos, onde quase todo ano tem furac\u00e3o. Eles t\u00eam pol\u00edticas p\u00fablicas para o tema e abrigos com acessibilidade para pessoas com defici\u00eancia\u201d, cita a soci\u00f3loga. Outro exemplo coletado por ela veio do Uruguai, na forma de um&nbsp;<strong>gloss\u00e1rio em l\u00edngua de sinais com termos ligados \u00e0s mudan\u00e7as clim\u00e1ticas<\/strong>&nbsp;e desastres, para orientar pessoas surdas nessas situa\u00e7\u00f5es.<\/p>\n\n\n\n<h4 class=\"wp-block-heading\"><strong>Reconstru\u00e7\u00e3o e acessibilidade<\/strong><\/h4>\n\n\n\n<p>A ado\u00e7\u00e3o de pol\u00edticas p\u00fablicas mais inclusivas tamb\u00e9m passa por documentos e alertas com linguagem simples. Al\u00e9m disso, a&nbsp;<strong>acessibilidade precisa ser considerada na adapta\u00e7\u00e3o e reconstru\u00e7\u00e3o das cidades<\/strong>. Em rela\u00e7\u00e3o \u00e0 experi\u00eancia no Rio Grande do Sul, Ros\u00e2ngela Oliveira critica a forma como esse processo t\u00eam ocorrido na regi\u00e3o metropolitana de Porto Alegre, desde as cal\u00e7adas e ruas, at\u00e9 a redu\u00e7\u00e3o da acessibilidade no transporte p\u00fablico.<\/p>\n\n\n\n<p>Segundo Ros\u00e2ngela, isso se deve ao capacitismo e a ideia de que PcDs saem de casa apenas para ir em consultas m\u00e9dicas. \u201cEu tenho direito de ir e vir em qualquer local. No Gas\u00f4metro, fizeram umas reformas e instalaram barzinhos, mas n\u00e3o vi em nenhum momento falarem que teria banheiro adaptado\u201d, exemplifica Ros\u00e2ngela, ao falar sobre o projeto de transformar a antiga usina termoel\u00e9trica da capital ga\u00facha em um centro cultural e gastron\u00f4mico.<\/p>\n\n\n\n<p>Mariana Rosa tamb\u00e9m cita a busca independente da associa\u00e7\u00e3o para criar protocolos para poss\u00edveis novos desastres. \u201cSabemos que essas situa\u00e7\u00f5es v\u00e3o se repetir e essas pessoas est\u00e3o muito mais propensas a n\u00e3o serem resgatadas e n\u00e3o conseguirem sair dessa situa\u00e7\u00e3o\u201d, enfatiza.&nbsp;<\/p>\n\n\n\n<p>No Plano Rio Grande, criado pelo governo do RS para a reconstru\u00e7\u00e3o do Estado, a acessibilidade aparece em alguns dos projetos, como a constru\u00e7\u00e3o de uma&nbsp;<a href=\"https:\/\/planoriogrande.rs.gov.br\/governo-investe-r-55-milhoes-para-construcao-de-ginasios-multiuso-com-estrutura-para-apoio-humanitario\">Rede de Gin\u00e1sios Multiuso para Apoio Humanit\u00e1rio<\/a>&nbsp;e a reforma da&nbsp;<a href=\"https:\/\/planoriogrande.rs.gov.br\/estado-assina-ordem-de-inicio-da-reforma-da-estacao-rodoviaria-de-porto-alegre\">rodovi\u00e1ria de Porto Alegre<\/a>. Ainda assim, n\u00e3o existem dados espec\u00edficos sobre os impactos das enchentes nas pessoas com defici\u00eancia ou informa\u00e7\u00f5es sobre sua participa\u00e7\u00e3o efetiva na elabora\u00e7\u00e3o das pol\u00edticas de reconstru\u00e7\u00e3o do Estado.<\/p>\n\n\n\n<p>Texto publicado originalmente no <a href=\"https:\/\/projetocolabora.com.br\/ods10\/resgate-inclusivo-pessoas-com-deficiencia-tambem-lutam-por-justica-climatica\/\">Projeto Colabora<\/a>. <\/p>\n\n\n\n<p><\/p>\n","protected":false},"excerpt":{"rendered":"<p>Iniciativa prop\u00f5e pensar planos de adapta\u00e7\u00e3o e resposta \u00e0 eventos clim\u00e1ticos extremos com acessibilidade Texto de Micael Oleg\u00e1rio \u201cNingu\u00e9m fica para tr\u00e1s\u201d. Este \u00e9 um dos lemas do&nbsp;\u201cProjeto Resgate Inclusivo (PRI)\u201d, movimento que luta por&nbsp;justi\u00e7a clim\u00e1tica para pessoas com defici\u00eancia&nbsp;(PcDs). A iniciativa in\u00e9dita no pa\u00eds foi idealizada pela soci\u00f3loga Marta Almeida Gil ap\u00f3s perceber a [&hellip;]<\/p>\n","protected":false},"author":1,"featured_media":35110,"comment_status":"open","ping_status":"open","sticky":false,"template":"","format":"standard","meta":{"site-container-style":"default","site-container-layout":"default","site-sidebar-layout":"default","disable-article-header":"default","disable-site-header":"default","disable-site-footer":"default","disable-content-area-spacing":"default","footnotes":""},"categories":[841],"tags":[89,843,791,487,272,856,842],"class_list":["post-35109","post","type-post","status-publish","format-standard","has-post-thumbnail","hentry","category-resgate-inclusivo","tag-acessibilidade","tag-eventos-climaticos-extremos","tag-justica-climatica","tag-pcd","tag-pessoas-com-deficiencia","tag-projeto-resgate-inclusivo","tag-resgate-inclusivo"],"yoast_head":"<!-- This site is optimized with the Yoast SEO plugin v27.4 - https:\/\/yoast.com\/product\/yoast-seo-wordpress\/ -->\n<title>Resgate Inclusivo: pessoas com defici\u00eancia tamb\u00e9m lutam por justi\u00e7a clim\u00e1tica -<\/title>\n<meta name=\"robots\" content=\"index, follow, max-snippet:-1, max-image-preview:large, max-video-preview:-1\" \/>\n<link rel=\"canonical\" href=\"https:\/\/inclusivenews.com.br\/?p=35109\" \/>\n<meta property=\"og:locale\" content=\"pt_PT\" \/>\n<meta property=\"og:type\" content=\"article\" \/>\n<meta property=\"og:title\" content=\"Resgate Inclusivo: pessoas com defici\u00eancia tamb\u00e9m lutam por justi\u00e7a clim\u00e1tica -\" \/>\n<meta property=\"og:description\" content=\"Iniciativa prop\u00f5e pensar planos de adapta\u00e7\u00e3o e resposta \u00e0 eventos clim\u00e1ticos extremos com acessibilidade Texto de Micael Oleg\u00e1rio \u201cNingu\u00e9m fica para tr\u00e1s\u201d. Este \u00e9 um dos lemas do&nbsp;\u201cProjeto Resgate Inclusivo (PRI)\u201d, movimento que luta por&nbsp;justi\u00e7a clim\u00e1tica para pessoas com defici\u00eancia&nbsp;(PcDs). A iniciativa in\u00e9dita no pa\u00eds foi idealizada pela soci\u00f3loga Marta Almeida Gil ap\u00f3s perceber a [&hellip;]\" \/>\n<meta property=\"og:url\" content=\"https:\/\/inclusivenews.com.br\/?p=35109\" \/>\n<meta property=\"article:publisher\" content=\"https:\/\/www.facebook.com\/agenciainclusive\/\" \/>\n<meta property=\"article:published_time\" content=\"2025-10-28T10:30:00+00:00\" \/>\n<meta property=\"og:image\" content=\"https:\/\/inclusivenews.com.br\/wp-content\/uploads\/2025\/10\/img-20240504-wa0366-scaled-1-e1761594921440.jpg\" \/>\n\t<meta property=\"og:image:width\" content=\"1673\" \/>\n\t<meta property=\"og:image:height\" content=\"1173\" \/>\n\t<meta property=\"og:image:type\" content=\"image\/jpeg\" \/>\n<meta name=\"author\" content=\"inclusivenews2024\" \/>\n<meta name=\"twitter:card\" content=\"summary_large_image\" \/>\n<meta name=\"twitter:label1\" content=\"Escrito por\" \/>\n\t<meta name=\"twitter:data1\" content=\"inclusivenews2024\" \/>\n\t<meta name=\"twitter:label2\" content=\"Tempo estimado de leitura\" \/>\n\t<meta name=\"twitter:data2\" content=\"9 minutos\" \/>\n<script type=\"application\/ld+json\" class=\"yoast-schema-graph\">{\"@context\":\"https:\\\/\\\/schema.org\",\"@graph\":[{\"@type\":\"Article\",\"@id\":\"https:\\\/\\\/inclusivenews.com.br\\\/?p=35109#article\",\"isPartOf\":{\"@id\":\"https:\\\/\\\/inclusivenews.com.br\\\/?p=35109\"},\"author\":{\"name\":\"inclusivenews2024\",\"@id\":\"https:\\\/\\\/inclusivenews.com.br\\\/#\\\/schema\\\/person\\\/ae4ec7087559b8692fb33b6fffd2273b\"},\"headline\":\"Resgate Inclusivo: pessoas com defici\u00eancia tamb\u00e9m lutam por justi\u00e7a clim\u00e1tica\",\"datePublished\":\"2025-10-28T10:30:00+00:00\",\"mainEntityOfPage\":{\"@id\":\"https:\\\/\\\/inclusivenews.com.br\\\/?p=35109\"},\"wordCount\":1717,\"commentCount\":0,\"publisher\":{\"@id\":\"https:\\\/\\\/inclusivenews.com.br\\\/#organization\"},\"image\":{\"@id\":\"https:\\\/\\\/inclusivenews.com.br\\\/?p=35109#primaryimage\"},\"thumbnailUrl\":\"https:\\\/\\\/inclusivenews.com.br\\\/wp-content\\\/uploads\\\/2025\\\/10\\\/img-20240504-wa0366-scaled-1-e1761594921440.jpg\",\"keywords\":[\"Acessibilidade\",\"eventos clim\u00e1ticos extremos\",\"justi\u00e7a clim\u00e1tica\",\"PcD\",\"pessoas com defici\u00eancia\",\"Projeto Resgate Inclusivo\",\"Resgate Inclusivo\"],\"articleSection\":[\"Resgate Inclusivo\"],\"inLanguage\":\"pt-PT\",\"potentialAction\":[{\"@type\":\"CommentAction\",\"name\":\"Comment\",\"target\":[\"https:\\\/\\\/inclusivenews.com.br\\\/?p=35109#respond\"]}]},{\"@type\":\"WebPage\",\"@id\":\"https:\\\/\\\/inclusivenews.com.br\\\/?p=35109\",\"url\":\"https:\\\/\\\/inclusivenews.com.br\\\/?p=35109\",\"name\":\"Resgate Inclusivo: pessoas com defici\u00eancia tamb\u00e9m lutam por justi\u00e7a clim\u00e1tica -\",\"isPartOf\":{\"@id\":\"https:\\\/\\\/inclusivenews.com.br\\\/#website\"},\"primaryImageOfPage\":{\"@id\":\"https:\\\/\\\/inclusivenews.com.br\\\/?p=35109#primaryimage\"},\"image\":{\"@id\":\"https:\\\/\\\/inclusivenews.com.br\\\/?p=35109#primaryimage\"},\"thumbnailUrl\":\"https:\\\/\\\/inclusivenews.com.br\\\/wp-content\\\/uploads\\\/2025\\\/10\\\/img-20240504-wa0366-scaled-1-e1761594921440.jpg\",\"datePublished\":\"2025-10-28T10:30:00+00:00\",\"breadcrumb\":{\"@id\":\"https:\\\/\\\/inclusivenews.com.br\\\/?p=35109#breadcrumb\"},\"inLanguage\":\"pt-PT\",\"potentialAction\":[{\"@type\":\"ReadAction\",\"target\":[\"https:\\\/\\\/inclusivenews.com.br\\\/?p=35109\"]}]},{\"@type\":\"ImageObject\",\"inLanguage\":\"pt-PT\",\"@id\":\"https:\\\/\\\/inclusivenews.com.br\\\/?p=35109#primaryimage\",\"url\":\"https:\\\/\\\/inclusivenews.com.br\\\/wp-content\\\/uploads\\\/2025\\\/10\\\/img-20240504-wa0366-scaled-1-e1761594921440.jpg\",\"contentUrl\":\"https:\\\/\\\/inclusivenews.com.br\\\/wp-content\\\/uploads\\\/2025\\\/10\\\/img-20240504-wa0366-scaled-1-e1761594921440.jpg\",\"width\":1673,\"height\":1173},{\"@type\":\"BreadcrumbList\",\"@id\":\"https:\\\/\\\/inclusivenews.com.br\\\/?p=35109#breadcrumb\",\"itemListElement\":[{\"@type\":\"ListItem\",\"position\":1,\"name\":\"In\u00edcio\",\"item\":\"https:\\\/\\\/inclusivenews.com.br\\\/\"},{\"@type\":\"ListItem\",\"position\":2,\"name\":\"Resgate Inclusivo: pessoas com defici\u00eancia tamb\u00e9m lutam por justi\u00e7a clim\u00e1tica\"}]},{\"@type\":\"WebSite\",\"@id\":\"https:\\\/\\\/inclusivenews.com.br\\\/#website\",\"url\":\"https:\\\/\\\/inclusivenews.com.br\\\/\",\"name\":\"Inclusive News\",\"description\":\"Inclusive News\",\"publisher\":{\"@id\":\"https:\\\/\\\/inclusivenews.com.br\\\/#organization\"},\"potentialAction\":[{\"@type\":\"SearchAction\",\"target\":{\"@type\":\"EntryPoint\",\"urlTemplate\":\"https:\\\/\\\/inclusivenews.com.br\\\/?s={search_term_string}\"},\"query-input\":{\"@type\":\"PropertyValueSpecification\",\"valueRequired\":true,\"valueName\":\"search_term_string\"}}],\"inLanguage\":\"pt-PT\"},{\"@type\":\"Organization\",\"@id\":\"https:\\\/\\\/inclusivenews.com.br\\\/#organization\",\"name\":\"Inclusive - inclus\u00e3o e cidadania\",\"url\":\"https:\\\/\\\/inclusivenews.com.br\\\/\",\"logo\":{\"@type\":\"ImageObject\",\"inLanguage\":\"pt-PT\",\"@id\":\"https:\\\/\\\/inclusivenews.com.br\\\/#\\\/schema\\\/logo\\\/image\\\/\",\"url\":\"https:\\\/\\\/inclusivenews.com.br\\\/wp-content\\\/uploads\\\/2024\\\/03\\\/@grandesite.png\",\"contentUrl\":\"https:\\\/\\\/inclusivenews.com.br\\\/wp-content\\\/uploads\\\/2024\\\/03\\\/@grandesite.png\",\"width\":1080,\"height\":1080,\"caption\":\"Inclusive - inclus\u00e3o e cidadania\"},\"image\":{\"@id\":\"https:\\\/\\\/inclusivenews.com.br\\\/#\\\/schema\\\/logo\\\/image\\\/\"},\"sameAs\":[\"https:\\\/\\\/www.facebook.com\\\/agenciainclusive\\\/\",\"https:\\\/\\\/www.instagram.com\\\/newsinclusive\\\/\"]},{\"@type\":\"Person\",\"@id\":\"https:\\\/\\\/inclusivenews.com.br\\\/#\\\/schema\\\/person\\\/ae4ec7087559b8692fb33b6fffd2273b\",\"name\":\"inclusivenews2024\",\"image\":{\"@type\":\"ImageObject\",\"inLanguage\":\"pt-PT\",\"@id\":\"https:\\\/\\\/secure.gravatar.com\\\/avatar\\\/c5a7ef84c66fa914f55bc4f7ce26cfa275a3b9a1c5568b907bd184fb4dde7b40?s=96&d=mm&r=g\",\"url\":\"https:\\\/\\\/secure.gravatar.com\\\/avatar\\\/c5a7ef84c66fa914f55bc4f7ce26cfa275a3b9a1c5568b907bd184fb4dde7b40?s=96&d=mm&r=g\",\"contentUrl\":\"https:\\\/\\\/secure.gravatar.com\\\/avatar\\\/c5a7ef84c66fa914f55bc4f7ce26cfa275a3b9a1c5568b907bd184fb4dde7b40?s=96&d=mm&r=g\",\"caption\":\"inclusivenews2024\"},\"sameAs\":[\"https:\\\/\\\/inclusivenews.com.br\"],\"url\":\"https:\\\/\\\/inclusivenews.com.br\\\/?author=1\"}]}<\/script>\n<!-- \/ Yoast SEO plugin. -->","yoast_head_json":{"title":"Resgate Inclusivo: pessoas com defici\u00eancia tamb\u00e9m lutam por justi\u00e7a clim\u00e1tica -","robots":{"index":"index","follow":"follow","max-snippet":"max-snippet:-1","max-image-preview":"max-image-preview:large","max-video-preview":"max-video-preview:-1"},"canonical":"https:\/\/inclusivenews.com.br\/?p=35109","og_locale":"pt_PT","og_type":"article","og_title":"Resgate Inclusivo: pessoas com defici\u00eancia tamb\u00e9m lutam por justi\u00e7a clim\u00e1tica -","og_description":"Iniciativa prop\u00f5e pensar planos de adapta\u00e7\u00e3o e resposta \u00e0 eventos clim\u00e1ticos extremos com acessibilidade Texto de Micael Oleg\u00e1rio \u201cNingu\u00e9m fica para tr\u00e1s\u201d. Este \u00e9 um dos lemas do&nbsp;\u201cProjeto Resgate Inclusivo (PRI)\u201d, movimento que luta por&nbsp;justi\u00e7a clim\u00e1tica para pessoas com defici\u00eancia&nbsp;(PcDs). A iniciativa in\u00e9dita no pa\u00eds foi idealizada pela soci\u00f3loga Marta Almeida Gil ap\u00f3s perceber a [&hellip;]","og_url":"https:\/\/inclusivenews.com.br\/?p=35109","article_publisher":"https:\/\/www.facebook.com\/agenciainclusive\/","article_published_time":"2025-10-28T10:30:00+00:00","og_image":[{"width":1673,"height":1173,"url":"https:\/\/inclusivenews.com.br\/wp-content\/uploads\/2025\/10\/img-20240504-wa0366-scaled-1-e1761594921440.jpg","type":"image\/jpeg"}],"author":"inclusivenews2024","twitter_card":"summary_large_image","twitter_misc":{"Escrito por":"inclusivenews2024","Tempo estimado de leitura":"9 minutos"},"schema":{"@context":"https:\/\/schema.org","@graph":[{"@type":"Article","@id":"https:\/\/inclusivenews.com.br\/?p=35109#article","isPartOf":{"@id":"https:\/\/inclusivenews.com.br\/?p=35109"},"author":{"name":"inclusivenews2024","@id":"https:\/\/inclusivenews.com.br\/#\/schema\/person\/ae4ec7087559b8692fb33b6fffd2273b"},"headline":"Resgate Inclusivo: pessoas com defici\u00eancia tamb\u00e9m lutam por justi\u00e7a clim\u00e1tica","datePublished":"2025-10-28T10:30:00+00:00","mainEntityOfPage":{"@id":"https:\/\/inclusivenews.com.br\/?p=35109"},"wordCount":1717,"commentCount":0,"publisher":{"@id":"https:\/\/inclusivenews.com.br\/#organization"},"image":{"@id":"https:\/\/inclusivenews.com.br\/?p=35109#primaryimage"},"thumbnailUrl":"https:\/\/inclusivenews.com.br\/wp-content\/uploads\/2025\/10\/img-20240504-wa0366-scaled-1-e1761594921440.jpg","keywords":["Acessibilidade","eventos clim\u00e1ticos extremos","justi\u00e7a clim\u00e1tica","PcD","pessoas com defici\u00eancia","Projeto Resgate Inclusivo","Resgate Inclusivo"],"articleSection":["Resgate Inclusivo"],"inLanguage":"pt-PT","potentialAction":[{"@type":"CommentAction","name":"Comment","target":["https:\/\/inclusivenews.com.br\/?p=35109#respond"]}]},{"@type":"WebPage","@id":"https:\/\/inclusivenews.com.br\/?p=35109","url":"https:\/\/inclusivenews.com.br\/?p=35109","name":"Resgate Inclusivo: pessoas com defici\u00eancia tamb\u00e9m lutam por justi\u00e7a clim\u00e1tica -","isPartOf":{"@id":"https:\/\/inclusivenews.com.br\/#website"},"primaryImageOfPage":{"@id":"https:\/\/inclusivenews.com.br\/?p=35109#primaryimage"},"image":{"@id":"https:\/\/inclusivenews.com.br\/?p=35109#primaryimage"},"thumbnailUrl":"https:\/\/inclusivenews.com.br\/wp-content\/uploads\/2025\/10\/img-20240504-wa0366-scaled-1-e1761594921440.jpg","datePublished":"2025-10-28T10:30:00+00:00","breadcrumb":{"@id":"https:\/\/inclusivenews.com.br\/?p=35109#breadcrumb"},"inLanguage":"pt-PT","potentialAction":[{"@type":"ReadAction","target":["https:\/\/inclusivenews.com.br\/?p=35109"]}]},{"@type":"ImageObject","inLanguage":"pt-PT","@id":"https:\/\/inclusivenews.com.br\/?p=35109#primaryimage","url":"https:\/\/inclusivenews.com.br\/wp-content\/uploads\/2025\/10\/img-20240504-wa0366-scaled-1-e1761594921440.jpg","contentUrl":"https:\/\/inclusivenews.com.br\/wp-content\/uploads\/2025\/10\/img-20240504-wa0366-scaled-1-e1761594921440.jpg","width":1673,"height":1173},{"@type":"BreadcrumbList","@id":"https:\/\/inclusivenews.com.br\/?p=35109#breadcrumb","itemListElement":[{"@type":"ListItem","position":1,"name":"In\u00edcio","item":"https:\/\/inclusivenews.com.br\/"},{"@type":"ListItem","position":2,"name":"Resgate Inclusivo: pessoas com defici\u00eancia tamb\u00e9m lutam por justi\u00e7a clim\u00e1tica"}]},{"@type":"WebSite","@id":"https:\/\/inclusivenews.com.br\/#website","url":"https:\/\/inclusivenews.com.br\/","name":"Inclusive News","description":"Inclusive News","publisher":{"@id":"https:\/\/inclusivenews.com.br\/#organization"},"potentialAction":[{"@type":"SearchAction","target":{"@type":"EntryPoint","urlTemplate":"https:\/\/inclusivenews.com.br\/?s={search_term_string}"},"query-input":{"@type":"PropertyValueSpecification","valueRequired":true,"valueName":"search_term_string"}}],"inLanguage":"pt-PT"},{"@type":"Organization","@id":"https:\/\/inclusivenews.com.br\/#organization","name":"Inclusive - inclus\u00e3o e cidadania","url":"https:\/\/inclusivenews.com.br\/","logo":{"@type":"ImageObject","inLanguage":"pt-PT","@id":"https:\/\/inclusivenews.com.br\/#\/schema\/logo\/image\/","url":"https:\/\/inclusivenews.com.br\/wp-content\/uploads\/2024\/03\/@grandesite.png","contentUrl":"https:\/\/inclusivenews.com.br\/wp-content\/uploads\/2024\/03\/@grandesite.png","width":1080,"height":1080,"caption":"Inclusive - inclus\u00e3o e cidadania"},"image":{"@id":"https:\/\/inclusivenews.com.br\/#\/schema\/logo\/image\/"},"sameAs":["https:\/\/www.facebook.com\/agenciainclusive\/","https:\/\/www.instagram.com\/newsinclusive\/"]},{"@type":"Person","@id":"https:\/\/inclusivenews.com.br\/#\/schema\/person\/ae4ec7087559b8692fb33b6fffd2273b","name":"inclusivenews2024","image":{"@type":"ImageObject","inLanguage":"pt-PT","@id":"https:\/\/secure.gravatar.com\/avatar\/c5a7ef84c66fa914f55bc4f7ce26cfa275a3b9a1c5568b907bd184fb4dde7b40?s=96&d=mm&r=g","url":"https:\/\/secure.gravatar.com\/avatar\/c5a7ef84c66fa914f55bc4f7ce26cfa275a3b9a1c5568b907bd184fb4dde7b40?s=96&d=mm&r=g","contentUrl":"https:\/\/secure.gravatar.com\/avatar\/c5a7ef84c66fa914f55bc4f7ce26cfa275a3b9a1c5568b907bd184fb4dde7b40?s=96&d=mm&r=g","caption":"inclusivenews2024"},"sameAs":["https:\/\/inclusivenews.com.br"],"url":"https:\/\/inclusivenews.com.br\/?author=1"}]}},"_links":{"self":[{"href":"https:\/\/inclusivenews.com.br\/index.php?rest_route=\/wp\/v2\/posts\/35109","targetHints":{"allow":["GET"]}}],"collection":[{"href":"https:\/\/inclusivenews.com.br\/index.php?rest_route=\/wp\/v2\/posts"}],"about":[{"href":"https:\/\/inclusivenews.com.br\/index.php?rest_route=\/wp\/v2\/types\/post"}],"author":[{"embeddable":true,"href":"https:\/\/inclusivenews.com.br\/index.php?rest_route=\/wp\/v2\/users\/1"}],"replies":[{"embeddable":true,"href":"https:\/\/inclusivenews.com.br\/index.php?rest_route=%2Fwp%2Fv2%2Fcomments&post=35109"}],"version-history":[{"count":1,"href":"https:\/\/inclusivenews.com.br\/index.php?rest_route=\/wp\/v2\/posts\/35109\/revisions"}],"predecessor-version":[{"id":35111,"href":"https:\/\/inclusivenews.com.br\/index.php?rest_route=\/wp\/v2\/posts\/35109\/revisions\/35111"}],"wp:featuredmedia":[{"embeddable":true,"href":"https:\/\/inclusivenews.com.br\/index.php?rest_route=\/wp\/v2\/media\/35110"}],"wp:attachment":[{"href":"https:\/\/inclusivenews.com.br\/index.php?rest_route=%2Fwp%2Fv2%2Fmedia&parent=35109"}],"wp:term":[{"taxonomy":"category","embeddable":true,"href":"https:\/\/inclusivenews.com.br\/index.php?rest_route=%2Fwp%2Fv2%2Fcategories&post=35109"},{"taxonomy":"post_tag","embeddable":true,"href":"https:\/\/inclusivenews.com.br\/index.php?rest_route=%2Fwp%2Fv2%2Ftags&post=35109"}],"curies":[{"name":"wp","href":"https:\/\/api.w.org\/{rel}","templated":true}]}}