{"id":35113,"date":"2025-10-28T18:22:53","date_gmt":"2025-10-28T18:22:53","guid":{"rendered":"https:\/\/inclusivenews.com.br\/?p=35113"},"modified":"2025-10-28T18:22:54","modified_gmt":"2025-10-28T18:22:54","slug":"carta-aberta-pede-veto-ao-inciso-xi-do-artigo-5o-do-pl-6-256-2019","status":"publish","type":"post","link":"https:\/\/inclusivenews.com.br\/?p=35113","title":{"rendered":"Carta Aberta pede veto ao inciso XI do artigo 5\u00ba do PL 6.256\/2019"},"content":{"rendered":"\n<p>A C\u00e2mara dos Deputados aprovou o Projeto de Lei 6.256\/2019 que cria a <strong>Pol\u00edtica Nacional de Linguagem Simples<\/strong>.\u00a0<br>\u00a0<br>A <strong>Rede Linguagem Simples Brasil<\/strong> , o <strong>Linguagem Simples Lab<\/strong>, a <strong>Rede Latino-Americana de Linguagem Simples e Linguagem F\u00e1cil<\/strong> e a <strong>Clarity<\/strong>,\u00a0entendem que a nova lei ampliar\u00e1 a transpar\u00eancia e o acesso das pessoas \u00e0 informa\u00e7\u00e3o e ao exerc\u00edcio de direitos.<br>\u00a0<br>No entanto, recomendam o veto presidencial ao texto que inclui <strong>a proibi\u00e7\u00e3o de uso de &#8220;novas formas de flex\u00e3o de g\u00eanero e de n\u00famero das palavras da l\u00edngua portuguesa&#8221;<\/strong> (art. 5\u00ba, XI), pois n\u00e3o constitui uma t\u00e9cnica de Linguagem Simples.<br>\u00a0<br>Segue texto completo da Carta Aberta endere\u00e7ada \u00e0 Presid\u00eancia da Rep\u00fablica.<\/p>\n\n\n\n<div data-wp-interactive=\"core\/file\" class=\"wp-block-file\"><object data-wp-bind--hidden=\"!state.hasPdfPreview\" hidden class=\"wp-block-file__embed\" data=\"https:\/\/inclusivenews.com.br\/wp-content\/uploads\/2025\/10\/CARTA-ABERTA-PL-6256-19.pdf.pdf\" type=\"application\/pdf\" style=\"width:100%;height:600px\" aria-label=\"Incorpora\u00e7\u00e3o de CARTA ABERTA PL 6256-19.pdf.\"><\/object><a id=\"wp-block-file--media-c0678e17-ff9a-403b-b45d-d8328db48fed\" href=\"https:\/\/inclusivenews.com.br\/wp-content\/uploads\/2025\/10\/CARTA-ABERTA-PL-6256-19.pdf.pdf\">CARTA ABERTA PL 6256-19.pdf<\/a><a href=\"https:\/\/inclusivenews.com.br\/wp-content\/uploads\/2025\/10\/CARTA-ABERTA-PL-6256-19.pdf.pdf\" class=\"wp-block-file__button wp-element-button\" download aria-describedby=\"wp-block-file--media-c0678e17-ff9a-403b-b45d-d8328db48fed\">Baixar<\/a><\/div>\n","protected":false},"excerpt":{"rendered":"<p>A C\u00e2mara dos Deputados aprovou o Projeto de Lei 6.256\/2019 que cria a Pol\u00edtica Nacional de Linguagem Simples.\u00a0\u00a0A Rede Linguagem Simples Brasil , o Linguagem Simples Lab, a Rede Latino-Americana de Linguagem Simples e Linguagem F\u00e1cil e a Clarity,\u00a0entendem que a nova lei ampliar\u00e1 a transpar\u00eancia e o acesso das pessoas \u00e0 informa\u00e7\u00e3o e ao [&hellip;]<\/p>\n","protected":false},"author":1,"featured_media":35115,"comment_status":"open","ping_status":"open","sticky":false,"template":"","format":"standard","meta":{"site-container-style":"default","site-container-layout":"default","site-sidebar-layout":"default","disable-article-header":"default","disable-site-header":"default","disable-site-footer":"default","disable-content-area-spacing":"default","footnotes":""},"categories":[463],"tags":[503,858,859,857],"class_list":["post-35113","post","type-post","status-publish","format-standard","has-post-thumbnail","hentry","category-linguagem-simples","tag-linguagem-simples","tag-pl-6-256-2019","tag-politica-nacional-de-linguagem-simples","tag-projeto-de-lei-6-256-2019"],"yoast_head":"<!-- This site is optimized with the Yoast SEO plugin v27.4 - https:\/\/yoast.com\/product\/yoast-seo-wordpress\/ -->\n<title>Carta Aberta pede veto ao inciso XI do artigo 5\u00ba do PL 6.256\/2019 -<\/title>\n<meta name=\"robots\" content=\"index, follow, max-snippet:-1, max-image-preview:large, max-video-preview:-1\" \/>\n<link rel=\"canonical\" href=\"https:\/\/inclusivenews.com.br\/?p=35113\" \/>\n<meta property=\"og:locale\" content=\"pt_PT\" \/>\n<meta property=\"og:type\" content=\"article\" \/>\n<meta property=\"og:title\" content=\"Carta Aberta pede veto ao inciso XI do artigo 5\u00ba do PL 6.256\/2019 -\" \/>\n<meta property=\"og:description\" content=\"A C\u00e2mara dos Deputados aprovou o Projeto de Lei 6.256\/2019 que cria a Pol\u00edtica Nacional de Linguagem Simples.\u00a0\u00a0A Rede Linguagem Simples Brasil , o Linguagem Simples Lab, a Rede Latino-Americana de Linguagem Simples e Linguagem F\u00e1cil e a Clarity,\u00a0entendem que a nova lei ampliar\u00e1 a transpar\u00eancia e o acesso das pessoas \u00e0 informa\u00e7\u00e3o e ao [&hellip;]\" \/>\n<meta property=\"og:url\" content=\"https:\/\/inclusivenews.com.br\/?p=35113\" \/>\n<meta property=\"article:publisher\" content=\"https:\/\/www.facebook.com\/agenciainclusive\/\" \/>\n<meta property=\"article:published_time\" content=\"2025-10-28T18:22:53+00:00\" \/>\n<meta property=\"article:modified_time\" content=\"2025-10-28T18:22:54+00:00\" \/>\n<meta property=\"og:image\" content=\"https:\/\/inclusivenews.com.br\/wp-content\/uploads\/2025\/10\/image-1-e1761675343512.png\" \/>\n\t<meta property=\"og:image:width\" content=\"1014\" \/>\n\t<meta property=\"og:image:height\" content=\"550\" \/>\n\t<meta property=\"og:image:type\" content=\"image\/png\" \/>\n<meta name=\"author\" content=\"inclusivenews2024\" \/>\n<meta name=\"twitter:card\" content=\"summary_large_image\" \/>\n<meta name=\"twitter:label1\" content=\"Escrito por\" \/>\n\t<meta name=\"twitter:data1\" content=\"inclusivenews2024\" \/>\n\t<meta name=\"twitter:label2\" content=\"Tempo estimado de leitura\" \/>\n\t<meta name=\"twitter:data2\" content=\"1 minuto\" \/>\n<script type=\"application\/ld+json\" class=\"yoast-schema-graph\">{\"@context\":\"https:\\\/\\\/schema.org\",\"@graph\":[{\"@type\":\"Article\",\"@id\":\"https:\\\/\\\/inclusivenews.com.br\\\/?p=35113#article\",\"isPartOf\":{\"@id\":\"https:\\\/\\\/inclusivenews.com.br\\\/?p=35113\"},\"author\":{\"name\":\"inclusivenews2024\",\"@id\":\"https:\\\/\\\/inclusivenews.com.br\\\/#\\\/schema\\\/person\\\/ae4ec7087559b8692fb33b6fffd2273b\"},\"headline\":\"Carta Aberta pede veto ao inciso XI do artigo 5\u00ba do PL 6.256\\\/2019\",\"datePublished\":\"2025-10-28T18:22:53+00:00\",\"dateModified\":\"2025-10-28T18:22:54+00:00\",\"mainEntityOfPage\":{\"@id\":\"https:\\\/\\\/inclusivenews.com.br\\\/?p=35113\"},\"wordCount\":139,\"commentCount\":0,\"publisher\":{\"@id\":\"https:\\\/\\\/inclusivenews.com.br\\\/#organization\"},\"image\":{\"@id\":\"https:\\\/\\\/inclusivenews.com.br\\\/?p=35113#primaryimage\"},\"thumbnailUrl\":\"https:\\\/\\\/inclusivenews.com.br\\\/wp-content\\\/uploads\\\/2025\\\/10\\\/image-1-e1761675343512.png\",\"keywords\":[\"Linguagem Simples\",\"PL 6.256\\\/2019\",\"Pol\u00edtica Nacional de Linguagem Simples\",\"Projeto de Lei 6.256\\\/2019\"],\"articleSection\":[\"Linguagem Simples\"],\"inLanguage\":\"pt-PT\",\"potentialAction\":[{\"@type\":\"CommentAction\",\"name\":\"Comment\",\"target\":[\"https:\\\/\\\/inclusivenews.com.br\\\/?p=35113#respond\"]}]},{\"@type\":\"WebPage\",\"@id\":\"https:\\\/\\\/inclusivenews.com.br\\\/?p=35113\",\"url\":\"https:\\\/\\\/inclusivenews.com.br\\\/?p=35113\",\"name\":\"Carta Aberta pede veto ao inciso XI do artigo 5\u00ba do PL 6.256\\\/2019 -\",\"isPartOf\":{\"@id\":\"https:\\\/\\\/inclusivenews.com.br\\\/#website\"},\"primaryImageOfPage\":{\"@id\":\"https:\\\/\\\/inclusivenews.com.br\\\/?p=35113#primaryimage\"},\"image\":{\"@id\":\"https:\\\/\\\/inclusivenews.com.br\\\/?p=35113#primaryimage\"},\"thumbnailUrl\":\"https:\\\/\\\/inclusivenews.com.br\\\/wp-content\\\/uploads\\\/2025\\\/10\\\/image-1-e1761675343512.png\",\"datePublished\":\"2025-10-28T18:22:53+00:00\",\"dateModified\":\"2025-10-28T18:22:54+00:00\",\"breadcrumb\":{\"@id\":\"https:\\\/\\\/inclusivenews.com.br\\\/?p=35113#breadcrumb\"},\"inLanguage\":\"pt-PT\",\"potentialAction\":[{\"@type\":\"ReadAction\",\"target\":[\"https:\\\/\\\/inclusivenews.com.br\\\/?p=35113\"]}]},{\"@type\":\"ImageObject\",\"inLanguage\":\"pt-PT\",\"@id\":\"https:\\\/\\\/inclusivenews.com.br\\\/?p=35113#primaryimage\",\"url\":\"https:\\\/\\\/inclusivenews.com.br\\\/wp-content\\\/uploads\\\/2025\\\/10\\\/image-1-e1761675343512.png\",\"contentUrl\":\"https:\\\/\\\/inclusivenews.com.br\\\/wp-content\\\/uploads\\\/2025\\\/10\\\/image-1-e1761675343512.png\",\"width\":1014,\"height\":550},{\"@type\":\"BreadcrumbList\",\"@id\":\"https:\\\/\\\/inclusivenews.com.br\\\/?p=35113#breadcrumb\",\"itemListElement\":[{\"@type\":\"ListItem\",\"position\":1,\"name\":\"In\u00edcio\",\"item\":\"https:\\\/\\\/inclusivenews.com.br\\\/\"},{\"@type\":\"ListItem\",\"position\":2,\"name\":\"Carta Aberta pede veto ao inciso XI do artigo 5\u00ba do PL 6.256\\\/2019\"}]},{\"@type\":\"WebSite\",\"@id\":\"https:\\\/\\\/inclusivenews.com.br\\\/#website\",\"url\":\"https:\\\/\\\/inclusivenews.com.br\\\/\",\"name\":\"Inclusive News\",\"description\":\"Inclusive News\",\"publisher\":{\"@id\":\"https:\\\/\\\/inclusivenews.com.br\\\/#organization\"},\"potentialAction\":[{\"@type\":\"SearchAction\",\"target\":{\"@type\":\"EntryPoint\",\"urlTemplate\":\"https:\\\/\\\/inclusivenews.com.br\\\/?s={search_term_string}\"},\"query-input\":{\"@type\":\"PropertyValueSpecification\",\"valueRequired\":true,\"valueName\":\"search_term_string\"}}],\"inLanguage\":\"pt-PT\"},{\"@type\":\"Organization\",\"@id\":\"https:\\\/\\\/inclusivenews.com.br\\\/#organization\",\"name\":\"Inclusive - inclus\u00e3o e cidadania\",\"url\":\"https:\\\/\\\/inclusivenews.com.br\\\/\",\"logo\":{\"@type\":\"ImageObject\",\"inLanguage\":\"pt-PT\",\"@id\":\"https:\\\/\\\/inclusivenews.com.br\\\/#\\\/schema\\\/logo\\\/image\\\/\",\"url\":\"https:\\\/\\\/inclusivenews.com.br\\\/wp-content\\\/uploads\\\/2024\\\/03\\\/@grandesite.png\",\"contentUrl\":\"https:\\\/\\\/inclusivenews.com.br\\\/wp-content\\\/uploads\\\/2024\\\/03\\\/@grandesite.png\",\"width\":1080,\"height\":1080,\"caption\":\"Inclusive - inclus\u00e3o e cidadania\"},\"image\":{\"@id\":\"https:\\\/\\\/inclusivenews.com.br\\\/#\\\/schema\\\/logo\\\/image\\\/\"},\"sameAs\":[\"https:\\\/\\\/www.facebook.com\\\/agenciainclusive\\\/\",\"https:\\\/\\\/www.instagram.com\\\/newsinclusive\\\/\"]},{\"@type\":\"Person\",\"@id\":\"https:\\\/\\\/inclusivenews.com.br\\\/#\\\/schema\\\/person\\\/ae4ec7087559b8692fb33b6fffd2273b\",\"name\":\"inclusivenews2024\",\"image\":{\"@type\":\"ImageObject\",\"inLanguage\":\"pt-PT\",\"@id\":\"https:\\\/\\\/secure.gravatar.com\\\/avatar\\\/c5a7ef84c66fa914f55bc4f7ce26cfa275a3b9a1c5568b907bd184fb4dde7b40?s=96&d=mm&r=g\",\"url\":\"https:\\\/\\\/secure.gravatar.com\\\/avatar\\\/c5a7ef84c66fa914f55bc4f7ce26cfa275a3b9a1c5568b907bd184fb4dde7b40?s=96&d=mm&r=g\",\"contentUrl\":\"https:\\\/\\\/secure.gravatar.com\\\/avatar\\\/c5a7ef84c66fa914f55bc4f7ce26cfa275a3b9a1c5568b907bd184fb4dde7b40?s=96&d=mm&r=g\",\"caption\":\"inclusivenews2024\"},\"sameAs\":[\"https:\\\/\\\/inclusivenews.com.br\"],\"url\":\"https:\\\/\\\/inclusivenews.com.br\\\/?author=1\"}]}<\/script>\n<!-- \/ Yoast SEO plugin. -->","yoast_head_json":{"title":"Carta Aberta pede veto ao inciso XI do artigo 5\u00ba do PL 6.256\/2019 -","robots":{"index":"index","follow":"follow","max-snippet":"max-snippet:-1","max-image-preview":"max-image-preview:large","max-video-preview":"max-video-preview:-1"},"canonical":"https:\/\/inclusivenews.com.br\/?p=35113","og_locale":"pt_PT","og_type":"article","og_title":"Carta Aberta pede veto ao inciso XI do artigo 5\u00ba do PL 6.256\/2019 -","og_description":"A C\u00e2mara dos Deputados aprovou o Projeto de Lei 6.256\/2019 que cria a Pol\u00edtica Nacional de Linguagem Simples.\u00a0\u00a0A Rede Linguagem Simples Brasil , o Linguagem Simples Lab, a Rede Latino-Americana de Linguagem Simples e Linguagem F\u00e1cil e a Clarity,\u00a0entendem que a nova lei ampliar\u00e1 a transpar\u00eancia e o acesso das pessoas \u00e0 informa\u00e7\u00e3o e ao [&hellip;]","og_url":"https:\/\/inclusivenews.com.br\/?p=35113","article_publisher":"https:\/\/www.facebook.com\/agenciainclusive\/","article_published_time":"2025-10-28T18:22:53+00:00","article_modified_time":"2025-10-28T18:22:54+00:00","og_image":[{"width":1014,"height":550,"url":"https:\/\/inclusivenews.com.br\/wp-content\/uploads\/2025\/10\/image-1-e1761675343512.png","type":"image\/png"}],"author":"inclusivenews2024","twitter_card":"summary_large_image","twitter_misc":{"Escrito por":"inclusivenews2024","Tempo estimado de leitura":"1 minuto"},"schema":{"@context":"https:\/\/schema.org","@graph":[{"@type":"Article","@id":"https:\/\/inclusivenews.com.br\/?p=35113#article","isPartOf":{"@id":"https:\/\/inclusivenews.com.br\/?p=35113"},"author":{"name":"inclusivenews2024","@id":"https:\/\/inclusivenews.com.br\/#\/schema\/person\/ae4ec7087559b8692fb33b6fffd2273b"},"headline":"Carta Aberta pede veto ao inciso XI do artigo 5\u00ba do PL 6.256\/2019","datePublished":"2025-10-28T18:22:53+00:00","dateModified":"2025-10-28T18:22:54+00:00","mainEntityOfPage":{"@id":"https:\/\/inclusivenews.com.br\/?p=35113"},"wordCount":139,"commentCount":0,"publisher":{"@id":"https:\/\/inclusivenews.com.br\/#organization"},"image":{"@id":"https:\/\/inclusivenews.com.br\/?p=35113#primaryimage"},"thumbnailUrl":"https:\/\/inclusivenews.com.br\/wp-content\/uploads\/2025\/10\/image-1-e1761675343512.png","keywords":["Linguagem Simples","PL 6.256\/2019","Pol\u00edtica Nacional de Linguagem Simples","Projeto de Lei 6.256\/2019"],"articleSection":["Linguagem Simples"],"inLanguage":"pt-PT","potentialAction":[{"@type":"CommentAction","name":"Comment","target":["https:\/\/inclusivenews.com.br\/?p=35113#respond"]}]},{"@type":"WebPage","@id":"https:\/\/inclusivenews.com.br\/?p=35113","url":"https:\/\/inclusivenews.com.br\/?p=35113","name":"Carta Aberta pede veto ao inciso XI do artigo 5\u00ba do PL 6.256\/2019 -","isPartOf":{"@id":"https:\/\/inclusivenews.com.br\/#website"},"primaryImageOfPage":{"@id":"https:\/\/inclusivenews.com.br\/?p=35113#primaryimage"},"image":{"@id":"https:\/\/inclusivenews.com.br\/?p=35113#primaryimage"},"thumbnailUrl":"https:\/\/inclusivenews.com.br\/wp-content\/uploads\/2025\/10\/image-1-e1761675343512.png","datePublished":"2025-10-28T18:22:53+00:00","dateModified":"2025-10-28T18:22:54+00:00","breadcrumb":{"@id":"https:\/\/inclusivenews.com.br\/?p=35113#breadcrumb"},"inLanguage":"pt-PT","potentialAction":[{"@type":"ReadAction","target":["https:\/\/inclusivenews.com.br\/?p=35113"]}]},{"@type":"ImageObject","inLanguage":"pt-PT","@id":"https:\/\/inclusivenews.com.br\/?p=35113#primaryimage","url":"https:\/\/inclusivenews.com.br\/wp-content\/uploads\/2025\/10\/image-1-e1761675343512.png","contentUrl":"https:\/\/inclusivenews.com.br\/wp-content\/uploads\/2025\/10\/image-1-e1761675343512.png","width":1014,"height":550},{"@type":"BreadcrumbList","@id":"https:\/\/inclusivenews.com.br\/?p=35113#breadcrumb","itemListElement":[{"@type":"ListItem","position":1,"name":"In\u00edcio","item":"https:\/\/inclusivenews.com.br\/"},{"@type":"ListItem","position":2,"name":"Carta Aberta pede veto ao inciso XI do artigo 5\u00ba do PL 6.256\/2019"}]},{"@type":"WebSite","@id":"https:\/\/inclusivenews.com.br\/#website","url":"https:\/\/inclusivenews.com.br\/","name":"Inclusive News","description":"Inclusive News","publisher":{"@id":"https:\/\/inclusivenews.com.br\/#organization"},"potentialAction":[{"@type":"SearchAction","target":{"@type":"EntryPoint","urlTemplate":"https:\/\/inclusivenews.com.br\/?s={search_term_string}"},"query-input":{"@type":"PropertyValueSpecification","valueRequired":true,"valueName":"search_term_string"}}],"inLanguage":"pt-PT"},{"@type":"Organization","@id":"https:\/\/inclusivenews.com.br\/#organization","name":"Inclusive - inclus\u00e3o e cidadania","url":"https:\/\/inclusivenews.com.br\/","logo":{"@type":"ImageObject","inLanguage":"pt-PT","@id":"https:\/\/inclusivenews.com.br\/#\/schema\/logo\/image\/","url":"https:\/\/inclusivenews.com.br\/wp-content\/uploads\/2024\/03\/@grandesite.png","contentUrl":"https:\/\/inclusivenews.com.br\/wp-content\/uploads\/2024\/03\/@grandesite.png","width":1080,"height":1080,"caption":"Inclusive - inclus\u00e3o e cidadania"},"image":{"@id":"https:\/\/inclusivenews.com.br\/#\/schema\/logo\/image\/"},"sameAs":["https:\/\/www.facebook.com\/agenciainclusive\/","https:\/\/www.instagram.com\/newsinclusive\/"]},{"@type":"Person","@id":"https:\/\/inclusivenews.com.br\/#\/schema\/person\/ae4ec7087559b8692fb33b6fffd2273b","name":"inclusivenews2024","image":{"@type":"ImageObject","inLanguage":"pt-PT","@id":"https:\/\/secure.gravatar.com\/avatar\/c5a7ef84c66fa914f55bc4f7ce26cfa275a3b9a1c5568b907bd184fb4dde7b40?s=96&d=mm&r=g","url":"https:\/\/secure.gravatar.com\/avatar\/c5a7ef84c66fa914f55bc4f7ce26cfa275a3b9a1c5568b907bd184fb4dde7b40?s=96&d=mm&r=g","contentUrl":"https:\/\/secure.gravatar.com\/avatar\/c5a7ef84c66fa914f55bc4f7ce26cfa275a3b9a1c5568b907bd184fb4dde7b40?s=96&d=mm&r=g","caption":"inclusivenews2024"},"sameAs":["https:\/\/inclusivenews.com.br"],"url":"https:\/\/inclusivenews.com.br\/?author=1"}]}},"_links":{"self":[{"href":"https:\/\/inclusivenews.com.br\/index.php?rest_route=\/wp\/v2\/posts\/35113","targetHints":{"allow":["GET"]}}],"collection":[{"href":"https:\/\/inclusivenews.com.br\/index.php?rest_route=\/wp\/v2\/posts"}],"about":[{"href":"https:\/\/inclusivenews.com.br\/index.php?rest_route=\/wp\/v2\/types\/post"}],"author":[{"embeddable":true,"href":"https:\/\/inclusivenews.com.br\/index.php?rest_route=\/wp\/v2\/users\/1"}],"replies":[{"embeddable":true,"href":"https:\/\/inclusivenews.com.br\/index.php?rest_route=%2Fwp%2Fv2%2Fcomments&post=35113"}],"version-history":[{"count":1,"href":"https:\/\/inclusivenews.com.br\/index.php?rest_route=\/wp\/v2\/posts\/35113\/revisions"}],"predecessor-version":[{"id":35116,"href":"https:\/\/inclusivenews.com.br\/index.php?rest_route=\/wp\/v2\/posts\/35113\/revisions\/35116"}],"wp:featuredmedia":[{"embeddable":true,"href":"https:\/\/inclusivenews.com.br\/index.php?rest_route=\/wp\/v2\/media\/35115"}],"wp:attachment":[{"href":"https:\/\/inclusivenews.com.br\/index.php?rest_route=%2Fwp%2Fv2%2Fmedia&parent=35113"}],"wp:term":[{"taxonomy":"category","embeddable":true,"href":"https:\/\/inclusivenews.com.br\/index.php?rest_route=%2Fwp%2Fv2%2Fcategories&post=35113"},{"taxonomy":"post_tag","embeddable":true,"href":"https:\/\/inclusivenews.com.br\/index.php?rest_route=%2Fwp%2Fv2%2Ftags&post=35113"}],"curies":[{"name":"wp","href":"https:\/\/api.w.org\/{rel}","templated":true}]}}