{"id":35118,"date":"2025-11-03T15:09:37","date_gmt":"2025-11-03T15:09:37","guid":{"rendered":"https:\/\/inclusivenews.com.br\/?p=35118"},"modified":"2025-11-04T15:27:08","modified_gmt":"2025-11-04T15:27:08","slug":"educacao-especial-inclusiva-o-que-muda-com-o-novo-decreto","status":"publish","type":"post","link":"https:\/\/inclusivenews.com.br\/?p=35118","title":{"rendered":"Educa\u00e7\u00e3o Especial Inclusiva: o que muda com o novo decreto"},"content":{"rendered":"\n<p>O Podcast Acessando Luc\u00edlia desta ter\u00e7a-feira, 04\/11, traz uma conversa sobre o Decreto n\u00ba 12.686\/2025, que institui a Pol\u00edtica Nacional de Educa\u00e7\u00e3o Especial Inclusiva (PNEEI). <strong>A nova norma atualiza as diretrizes da educa\u00e7\u00e3o especial no Brasil, reafirmando o compromisso com uma educa\u00e7\u00e3o inclusiva em todos os n\u00edveis e etapas de ensino.<\/strong><br>Neste epis\u00f3dio, o debate vai destacar o que o decreto prop\u00f5e, os princ\u00edpios que norteiam a PNEEI e de que forma ela pretende assegurar acesso, perman\u00eancia, participa\u00e7\u00e3o e aprendizagem para estudantes com defici\u00eancia, transtornos do espectro autista, transtornos globais do desenvolvimento e altas habilidades\/superdota\u00e7\u00e3o.<br>As nossas convidadas para refletir sobre os avan\u00e7os, os desafios e as expectativas em torno da implementa\u00e7\u00e3o da PNEEI s\u00e3o:<\/p>\n\n\n\n<p><strong>Carla Mauch<\/strong> \u2014 Pedagoga com forma\u00e7\u00e3o em Educa\u00e7\u00e3o Especial, especialista em Defici\u00eancia Intelectual, com p\u00f3s-gradua\u00e7\u00e3o em Tecnologia Assistiva e mestrado em Psicologia da Educa\u00e7\u00e3o. \u00c9 uma das fundadoras e coordenadoras da &#8220;Mais Diferen\u00e7as&#8217;, atua como assessora e desenvolve projetos de educa\u00e7\u00e3o e cultura inclusiva h\u00e1 mais de 35 anos. \u00c9 membra do Conselho Consultivo da Ouvidoria Externa da Defensoria P\u00fablica do Estado de S\u00e3o Paulo e integra diversas redes em defesa dos direitos das pessoas com defici\u00eancia, da educa\u00e7\u00e3o e da cultura.<\/p>\n\n\n\n<p><strong>Luciana Viegas<\/strong> \u2014 Autista e ativista, m\u00e3e de autista, pedagoga e professora da rede p\u00fablica estadual de S\u00e3o Paulo. \u00c9 membra da Associa\u00e7\u00e3o Brasileira para A\u00e7\u00e3o por Direitos das Pessoas Autistas (Abra\u00e7a) e uma das idealizadoras do movimento Vidas Negras com Defici\u00eancia Importam (VNDI), onde atua como diretora executiva. Como educadora popular e ativista antirracista e anticapacitista, lidera iniciativas que integram direitos humanos, inclus\u00e3o e diversidade.<\/p>\n\n\n\n<figure class=\"wp-block-embed is-type-video is-provider-youtube wp-block-embed-youtube wp-embed-aspect-16-9 wp-has-aspect-ratio\"><div class=\"wp-block-embed__wrapper\">\n<iframe loading=\"lazy\" title=\"Educa\u00e7\u00e3o Especial Inclusiva: o que muda com o novo decreto ACESSANDO LUC\u00cdLIA 4\/11\" width=\"500\" height=\"281\" src=\"https:\/\/www.youtube.com\/embed\/s_iFGGu5yf0?feature=oembed\" frameborder=\"0\" allow=\"accelerometer; autoplay; clipboard-write; encrypted-media; gyroscope; picture-in-picture; web-share\" referrerpolicy=\"strict-origin-when-cross-origin\" allowfullscreen><\/iframe>\n<\/div><\/figure>\n\n\n\n<p>O bate-papo, que \u00e9 uma parceria com a Inclusive News, conta com int\u00e9rprete de libras e \u00e9 transmitido toda ter\u00e7a-feira, \u00e0s 18h, no canal do ACESSANDO LUC\u00cdLIA no Youtube:&nbsp;<a href=\"https:\/\/youtube.com\/@acessandolucilia5059\">https:\/\/youtube.com\/@acessandolucilia5059<\/a>&nbsp;&nbsp;e nas redes da Web R\u00e1dio Censura Livre, no Youtube, no Facebook, no site&nbsp;<a href=\"http:\/\/www.clwebradio.com\/\">www.clwebradio.com<\/a>&nbsp;e no aplicativo: RadiosNet&nbsp;<a href=\"http:\/\/l.radios.com.br\/r\/100204\">http:\/\/l.radios.com.br\/r\/100204<\/a><\/p>\n\n\n\n<p>O programa tamb\u00e9m \u00e9 retransmitido no mesmo hor\u00e1rio na R\u00e1dio Criativa de Muria\u00e9-MG e no canal Gernika_art against fascism \u2013 Liga de Comunica\u00e7\u00e3o Internacionalista de Portugal, no YouTube. E \u00e0s quartas-feiras, 15h, na Radio Comunidade Friburgo 104.9 FM, de Nova Friburgo-RJ.<br><\/p>\n","protected":false},"excerpt":{"rendered":"<p>O Podcast Acessando Luc\u00edlia desta ter\u00e7a-feira, 04\/11, traz uma conversa sobre o Decreto n\u00ba 12.686\/2025, que institui a Pol\u00edtica Nacional de Educa\u00e7\u00e3o Especial Inclusiva (PNEEI). A nova norma atualiza as diretrizes da educa\u00e7\u00e3o especial no Brasil, reafirmando o compromisso com uma educa\u00e7\u00e3o inclusiva em todos os n\u00edveis e etapas de ensino.Neste epis\u00f3dio, o debate vai [&hellip;]<\/p>\n","protected":false},"author":1,"featured_media":35119,"comment_status":"open","ping_status":"open","sticky":false,"template":"","format":"standard","meta":{"site-container-style":"default","site-container-layout":"default","site-sidebar-layout":"default","disable-article-header":"default","disable-site-header":"default","disable-site-footer":"default","disable-content-area-spacing":"default","footnotes":""},"categories":[470],"tags":[116,126,521,522],"class_list":["post-35118","post","type-post","status-publish","format-standard","has-post-thumbnail","hentry","category-podcast","tag-educacao","tag-educacao-inclusiva","tag-podcast","tag-podcast-acessando-lucilia"],"yoast_head":"<!-- This site is optimized with the Yoast SEO plugin v27.4 - https:\/\/yoast.com\/product\/yoast-seo-wordpress\/ -->\n<title>Educa\u00e7\u00e3o Especial Inclusiva: o que muda com o novo decreto -<\/title>\n<meta name=\"robots\" content=\"index, follow, max-snippet:-1, max-image-preview:large, max-video-preview:-1\" \/>\n<link rel=\"canonical\" href=\"https:\/\/inclusivenews.com.br\/?p=35118\" \/>\n<meta property=\"og:locale\" content=\"pt_PT\" \/>\n<meta property=\"og:type\" content=\"article\" \/>\n<meta property=\"og:title\" content=\"Educa\u00e7\u00e3o Especial Inclusiva: o que muda com o novo decreto -\" \/>\n<meta property=\"og:description\" content=\"O Podcast Acessando Luc\u00edlia desta ter\u00e7a-feira, 04\/11, traz uma conversa sobre o Decreto n\u00ba 12.686\/2025, que institui a Pol\u00edtica Nacional de Educa\u00e7\u00e3o Especial Inclusiva (PNEEI). A nova norma atualiza as diretrizes da educa\u00e7\u00e3o especial no Brasil, reafirmando o compromisso com uma educa\u00e7\u00e3o inclusiva em todos os n\u00edveis e etapas de ensino.Neste epis\u00f3dio, o debate vai [&hellip;]\" \/>\n<meta property=\"og:url\" content=\"https:\/\/inclusivenews.com.br\/?p=35118\" \/>\n<meta property=\"article:publisher\" content=\"https:\/\/www.facebook.com\/agenciainclusive\/\" \/>\n<meta property=\"article:published_time\" content=\"2025-11-03T15:09:37+00:00\" \/>\n<meta property=\"article:modified_time\" content=\"2025-11-04T15:27:08+00:00\" \/>\n<meta property=\"og:image\" content=\"https:\/\/inclusivenews.com.br\/wp-content\/uploads\/2025\/11\/comunidade-multietnica-e-de-deficientes-com-lapis-scaled.jpg\" \/>\n\t<meta property=\"og:image:width\" content=\"2560\" \/>\n\t<meta property=\"og:image:height\" content=\"1920\" \/>\n\t<meta property=\"og:image:type\" content=\"image\/jpeg\" \/>\n<meta name=\"author\" content=\"inclusivenews2024\" \/>\n<meta name=\"twitter:card\" content=\"summary_large_image\" \/>\n<meta name=\"twitter:label1\" content=\"Escrito por\" \/>\n\t<meta name=\"twitter:data1\" content=\"inclusivenews2024\" \/>\n\t<meta name=\"twitter:label2\" content=\"Tempo estimado de leitura\" \/>\n\t<meta name=\"twitter:data2\" content=\"3 minutos\" \/>\n<script type=\"application\/ld+json\" class=\"yoast-schema-graph\">{\"@context\":\"https:\\\/\\\/schema.org\",\"@graph\":[{\"@type\":\"Article\",\"@id\":\"https:\\\/\\\/inclusivenews.com.br\\\/?p=35118#article\",\"isPartOf\":{\"@id\":\"https:\\\/\\\/inclusivenews.com.br\\\/?p=35118\"},\"author\":{\"name\":\"inclusivenews2024\",\"@id\":\"https:\\\/\\\/inclusivenews.com.br\\\/#\\\/schema\\\/person\\\/ae4ec7087559b8692fb33b6fffd2273b\"},\"headline\":\"Educa\u00e7\u00e3o Especial Inclusiva: o que muda com o novo decreto\",\"datePublished\":\"2025-11-03T15:09:37+00:00\",\"dateModified\":\"2025-11-04T15:27:08+00:00\",\"mainEntityOfPage\":{\"@id\":\"https:\\\/\\\/inclusivenews.com.br\\\/?p=35118\"},\"wordCount\":425,\"commentCount\":0,\"publisher\":{\"@id\":\"https:\\\/\\\/inclusivenews.com.br\\\/#organization\"},\"image\":{\"@id\":\"https:\\\/\\\/inclusivenews.com.br\\\/?p=35118#primaryimage\"},\"thumbnailUrl\":\"https:\\\/\\\/inclusivenews.com.br\\\/wp-content\\\/uploads\\\/2025\\\/11\\\/comunidade-multietnica-e-de-deficientes-com-lapis-scaled.jpg\",\"keywords\":[\"Educa\u00e7\u00e3o\",\"Educa\u00e7\u00e3o inclusiva\",\"Podcast\",\"Podcast Acessando Luc\u00edlia\"],\"articleSection\":[\"PODCAST\"],\"inLanguage\":\"pt-PT\",\"potentialAction\":[{\"@type\":\"CommentAction\",\"name\":\"Comment\",\"target\":[\"https:\\\/\\\/inclusivenews.com.br\\\/?p=35118#respond\"]}]},{\"@type\":\"WebPage\",\"@id\":\"https:\\\/\\\/inclusivenews.com.br\\\/?p=35118\",\"url\":\"https:\\\/\\\/inclusivenews.com.br\\\/?p=35118\",\"name\":\"Educa\u00e7\u00e3o Especial Inclusiva: o que muda com o novo decreto -\",\"isPartOf\":{\"@id\":\"https:\\\/\\\/inclusivenews.com.br\\\/#website\"},\"primaryImageOfPage\":{\"@id\":\"https:\\\/\\\/inclusivenews.com.br\\\/?p=35118#primaryimage\"},\"image\":{\"@id\":\"https:\\\/\\\/inclusivenews.com.br\\\/?p=35118#primaryimage\"},\"thumbnailUrl\":\"https:\\\/\\\/inclusivenews.com.br\\\/wp-content\\\/uploads\\\/2025\\\/11\\\/comunidade-multietnica-e-de-deficientes-com-lapis-scaled.jpg\",\"datePublished\":\"2025-11-03T15:09:37+00:00\",\"dateModified\":\"2025-11-04T15:27:08+00:00\",\"breadcrumb\":{\"@id\":\"https:\\\/\\\/inclusivenews.com.br\\\/?p=35118#breadcrumb\"},\"inLanguage\":\"pt-PT\",\"potentialAction\":[{\"@type\":\"ReadAction\",\"target\":[\"https:\\\/\\\/inclusivenews.com.br\\\/?p=35118\"]}]},{\"@type\":\"ImageObject\",\"inLanguage\":\"pt-PT\",\"@id\":\"https:\\\/\\\/inclusivenews.com.br\\\/?p=35118#primaryimage\",\"url\":\"https:\\\/\\\/inclusivenews.com.br\\\/wp-content\\\/uploads\\\/2025\\\/11\\\/comunidade-multietnica-e-de-deficientes-com-lapis-scaled.jpg\",\"contentUrl\":\"https:\\\/\\\/inclusivenews.com.br\\\/wp-content\\\/uploads\\\/2025\\\/11\\\/comunidade-multietnica-e-de-deficientes-com-lapis-scaled.jpg\",\"width\":2560,\"height\":1920},{\"@type\":\"BreadcrumbList\",\"@id\":\"https:\\\/\\\/inclusivenews.com.br\\\/?p=35118#breadcrumb\",\"itemListElement\":[{\"@type\":\"ListItem\",\"position\":1,\"name\":\"In\u00edcio\",\"item\":\"https:\\\/\\\/inclusivenews.com.br\\\/\"},{\"@type\":\"ListItem\",\"position\":2,\"name\":\"Educa\u00e7\u00e3o Especial Inclusiva: o que muda com o novo decreto\"}]},{\"@type\":\"WebSite\",\"@id\":\"https:\\\/\\\/inclusivenews.com.br\\\/#website\",\"url\":\"https:\\\/\\\/inclusivenews.com.br\\\/\",\"name\":\"Inclusive News\",\"description\":\"Inclusive News\",\"publisher\":{\"@id\":\"https:\\\/\\\/inclusivenews.com.br\\\/#organization\"},\"potentialAction\":[{\"@type\":\"SearchAction\",\"target\":{\"@type\":\"EntryPoint\",\"urlTemplate\":\"https:\\\/\\\/inclusivenews.com.br\\\/?s={search_term_string}\"},\"query-input\":{\"@type\":\"PropertyValueSpecification\",\"valueRequired\":true,\"valueName\":\"search_term_string\"}}],\"inLanguage\":\"pt-PT\"},{\"@type\":\"Organization\",\"@id\":\"https:\\\/\\\/inclusivenews.com.br\\\/#organization\",\"name\":\"Inclusive - inclus\u00e3o e cidadania\",\"url\":\"https:\\\/\\\/inclusivenews.com.br\\\/\",\"logo\":{\"@type\":\"ImageObject\",\"inLanguage\":\"pt-PT\",\"@id\":\"https:\\\/\\\/inclusivenews.com.br\\\/#\\\/schema\\\/logo\\\/image\\\/\",\"url\":\"https:\\\/\\\/inclusivenews.com.br\\\/wp-content\\\/uploads\\\/2024\\\/03\\\/@grandesite.png\",\"contentUrl\":\"https:\\\/\\\/inclusivenews.com.br\\\/wp-content\\\/uploads\\\/2024\\\/03\\\/@grandesite.png\",\"width\":1080,\"height\":1080,\"caption\":\"Inclusive - inclus\u00e3o e cidadania\"},\"image\":{\"@id\":\"https:\\\/\\\/inclusivenews.com.br\\\/#\\\/schema\\\/logo\\\/image\\\/\"},\"sameAs\":[\"https:\\\/\\\/www.facebook.com\\\/agenciainclusive\\\/\",\"https:\\\/\\\/www.instagram.com\\\/newsinclusive\\\/\"]},{\"@type\":\"Person\",\"@id\":\"https:\\\/\\\/inclusivenews.com.br\\\/#\\\/schema\\\/person\\\/ae4ec7087559b8692fb33b6fffd2273b\",\"name\":\"inclusivenews2024\",\"image\":{\"@type\":\"ImageObject\",\"inLanguage\":\"pt-PT\",\"@id\":\"https:\\\/\\\/secure.gravatar.com\\\/avatar\\\/c5a7ef84c66fa914f55bc4f7ce26cfa275a3b9a1c5568b907bd184fb4dde7b40?s=96&d=mm&r=g\",\"url\":\"https:\\\/\\\/secure.gravatar.com\\\/avatar\\\/c5a7ef84c66fa914f55bc4f7ce26cfa275a3b9a1c5568b907bd184fb4dde7b40?s=96&d=mm&r=g\",\"contentUrl\":\"https:\\\/\\\/secure.gravatar.com\\\/avatar\\\/c5a7ef84c66fa914f55bc4f7ce26cfa275a3b9a1c5568b907bd184fb4dde7b40?s=96&d=mm&r=g\",\"caption\":\"inclusivenews2024\"},\"sameAs\":[\"https:\\\/\\\/inclusivenews.com.br\"],\"url\":\"https:\\\/\\\/inclusivenews.com.br\\\/?author=1\"}]}<\/script>\n<!-- \/ Yoast SEO plugin. -->","yoast_head_json":{"title":"Educa\u00e7\u00e3o Especial Inclusiva: o que muda com o novo decreto -","robots":{"index":"index","follow":"follow","max-snippet":"max-snippet:-1","max-image-preview":"max-image-preview:large","max-video-preview":"max-video-preview:-1"},"canonical":"https:\/\/inclusivenews.com.br\/?p=35118","og_locale":"pt_PT","og_type":"article","og_title":"Educa\u00e7\u00e3o Especial Inclusiva: o que muda com o novo decreto -","og_description":"O Podcast Acessando Luc\u00edlia desta ter\u00e7a-feira, 04\/11, traz uma conversa sobre o Decreto n\u00ba 12.686\/2025, que institui a Pol\u00edtica Nacional de Educa\u00e7\u00e3o Especial Inclusiva (PNEEI). A nova norma atualiza as diretrizes da educa\u00e7\u00e3o especial no Brasil, reafirmando o compromisso com uma educa\u00e7\u00e3o inclusiva em todos os n\u00edveis e etapas de ensino.Neste epis\u00f3dio, o debate vai [&hellip;]","og_url":"https:\/\/inclusivenews.com.br\/?p=35118","article_publisher":"https:\/\/www.facebook.com\/agenciainclusive\/","article_published_time":"2025-11-03T15:09:37+00:00","article_modified_time":"2025-11-04T15:27:08+00:00","og_image":[{"width":2560,"height":1920,"url":"https:\/\/inclusivenews.com.br\/wp-content\/uploads\/2025\/11\/comunidade-multietnica-e-de-deficientes-com-lapis-scaled.jpg","type":"image\/jpeg"}],"author":"inclusivenews2024","twitter_card":"summary_large_image","twitter_misc":{"Escrito por":"inclusivenews2024","Tempo estimado de leitura":"3 minutos"},"schema":{"@context":"https:\/\/schema.org","@graph":[{"@type":"Article","@id":"https:\/\/inclusivenews.com.br\/?p=35118#article","isPartOf":{"@id":"https:\/\/inclusivenews.com.br\/?p=35118"},"author":{"name":"inclusivenews2024","@id":"https:\/\/inclusivenews.com.br\/#\/schema\/person\/ae4ec7087559b8692fb33b6fffd2273b"},"headline":"Educa\u00e7\u00e3o Especial Inclusiva: o que muda com o novo decreto","datePublished":"2025-11-03T15:09:37+00:00","dateModified":"2025-11-04T15:27:08+00:00","mainEntityOfPage":{"@id":"https:\/\/inclusivenews.com.br\/?p=35118"},"wordCount":425,"commentCount":0,"publisher":{"@id":"https:\/\/inclusivenews.com.br\/#organization"},"image":{"@id":"https:\/\/inclusivenews.com.br\/?p=35118#primaryimage"},"thumbnailUrl":"https:\/\/inclusivenews.com.br\/wp-content\/uploads\/2025\/11\/comunidade-multietnica-e-de-deficientes-com-lapis-scaled.jpg","keywords":["Educa\u00e7\u00e3o","Educa\u00e7\u00e3o inclusiva","Podcast","Podcast Acessando Luc\u00edlia"],"articleSection":["PODCAST"],"inLanguage":"pt-PT","potentialAction":[{"@type":"CommentAction","name":"Comment","target":["https:\/\/inclusivenews.com.br\/?p=35118#respond"]}]},{"@type":"WebPage","@id":"https:\/\/inclusivenews.com.br\/?p=35118","url":"https:\/\/inclusivenews.com.br\/?p=35118","name":"Educa\u00e7\u00e3o Especial Inclusiva: o que muda com o novo decreto -","isPartOf":{"@id":"https:\/\/inclusivenews.com.br\/#website"},"primaryImageOfPage":{"@id":"https:\/\/inclusivenews.com.br\/?p=35118#primaryimage"},"image":{"@id":"https:\/\/inclusivenews.com.br\/?p=35118#primaryimage"},"thumbnailUrl":"https:\/\/inclusivenews.com.br\/wp-content\/uploads\/2025\/11\/comunidade-multietnica-e-de-deficientes-com-lapis-scaled.jpg","datePublished":"2025-11-03T15:09:37+00:00","dateModified":"2025-11-04T15:27:08+00:00","breadcrumb":{"@id":"https:\/\/inclusivenews.com.br\/?p=35118#breadcrumb"},"inLanguage":"pt-PT","potentialAction":[{"@type":"ReadAction","target":["https:\/\/inclusivenews.com.br\/?p=35118"]}]},{"@type":"ImageObject","inLanguage":"pt-PT","@id":"https:\/\/inclusivenews.com.br\/?p=35118#primaryimage","url":"https:\/\/inclusivenews.com.br\/wp-content\/uploads\/2025\/11\/comunidade-multietnica-e-de-deficientes-com-lapis-scaled.jpg","contentUrl":"https:\/\/inclusivenews.com.br\/wp-content\/uploads\/2025\/11\/comunidade-multietnica-e-de-deficientes-com-lapis-scaled.jpg","width":2560,"height":1920},{"@type":"BreadcrumbList","@id":"https:\/\/inclusivenews.com.br\/?p=35118#breadcrumb","itemListElement":[{"@type":"ListItem","position":1,"name":"In\u00edcio","item":"https:\/\/inclusivenews.com.br\/"},{"@type":"ListItem","position":2,"name":"Educa\u00e7\u00e3o Especial Inclusiva: o que muda com o novo decreto"}]},{"@type":"WebSite","@id":"https:\/\/inclusivenews.com.br\/#website","url":"https:\/\/inclusivenews.com.br\/","name":"Inclusive News","description":"Inclusive News","publisher":{"@id":"https:\/\/inclusivenews.com.br\/#organization"},"potentialAction":[{"@type":"SearchAction","target":{"@type":"EntryPoint","urlTemplate":"https:\/\/inclusivenews.com.br\/?s={search_term_string}"},"query-input":{"@type":"PropertyValueSpecification","valueRequired":true,"valueName":"search_term_string"}}],"inLanguage":"pt-PT"},{"@type":"Organization","@id":"https:\/\/inclusivenews.com.br\/#organization","name":"Inclusive - inclus\u00e3o e cidadania","url":"https:\/\/inclusivenews.com.br\/","logo":{"@type":"ImageObject","inLanguage":"pt-PT","@id":"https:\/\/inclusivenews.com.br\/#\/schema\/logo\/image\/","url":"https:\/\/inclusivenews.com.br\/wp-content\/uploads\/2024\/03\/@grandesite.png","contentUrl":"https:\/\/inclusivenews.com.br\/wp-content\/uploads\/2024\/03\/@grandesite.png","width":1080,"height":1080,"caption":"Inclusive - inclus\u00e3o e cidadania"},"image":{"@id":"https:\/\/inclusivenews.com.br\/#\/schema\/logo\/image\/"},"sameAs":["https:\/\/www.facebook.com\/agenciainclusive\/","https:\/\/www.instagram.com\/newsinclusive\/"]},{"@type":"Person","@id":"https:\/\/inclusivenews.com.br\/#\/schema\/person\/ae4ec7087559b8692fb33b6fffd2273b","name":"inclusivenews2024","image":{"@type":"ImageObject","inLanguage":"pt-PT","@id":"https:\/\/secure.gravatar.com\/avatar\/c5a7ef84c66fa914f55bc4f7ce26cfa275a3b9a1c5568b907bd184fb4dde7b40?s=96&d=mm&r=g","url":"https:\/\/secure.gravatar.com\/avatar\/c5a7ef84c66fa914f55bc4f7ce26cfa275a3b9a1c5568b907bd184fb4dde7b40?s=96&d=mm&r=g","contentUrl":"https:\/\/secure.gravatar.com\/avatar\/c5a7ef84c66fa914f55bc4f7ce26cfa275a3b9a1c5568b907bd184fb4dde7b40?s=96&d=mm&r=g","caption":"inclusivenews2024"},"sameAs":["https:\/\/inclusivenews.com.br"],"url":"https:\/\/inclusivenews.com.br\/?author=1"}]}},"_links":{"self":[{"href":"https:\/\/inclusivenews.com.br\/index.php?rest_route=\/wp\/v2\/posts\/35118","targetHints":{"allow":["GET"]}}],"collection":[{"href":"https:\/\/inclusivenews.com.br\/index.php?rest_route=\/wp\/v2\/posts"}],"about":[{"href":"https:\/\/inclusivenews.com.br\/index.php?rest_route=\/wp\/v2\/types\/post"}],"author":[{"embeddable":true,"href":"https:\/\/inclusivenews.com.br\/index.php?rest_route=\/wp\/v2\/users\/1"}],"replies":[{"embeddable":true,"href":"https:\/\/inclusivenews.com.br\/index.php?rest_route=%2Fwp%2Fv2%2Fcomments&post=35118"}],"version-history":[{"count":1,"href":"https:\/\/inclusivenews.com.br\/index.php?rest_route=\/wp\/v2\/posts\/35118\/revisions"}],"predecessor-version":[{"id":35120,"href":"https:\/\/inclusivenews.com.br\/index.php?rest_route=\/wp\/v2\/posts\/35118\/revisions\/35120"}],"wp:featuredmedia":[{"embeddable":true,"href":"https:\/\/inclusivenews.com.br\/index.php?rest_route=\/wp\/v2\/media\/35119"}],"wp:attachment":[{"href":"https:\/\/inclusivenews.com.br\/index.php?rest_route=%2Fwp%2Fv2%2Fmedia&parent=35118"}],"wp:term":[{"taxonomy":"category","embeddable":true,"href":"https:\/\/inclusivenews.com.br\/index.php?rest_route=%2Fwp%2Fv2%2Fcategories&post=35118"},{"taxonomy":"post_tag","embeddable":true,"href":"https:\/\/inclusivenews.com.br\/index.php?rest_route=%2Fwp%2Fv2%2Ftags&post=35118"}],"curies":[{"name":"wp","href":"https:\/\/api.w.org\/{rel}","templated":true}]}}