{"id":35157,"date":"2025-11-12T20:05:55","date_gmt":"2025-11-12T20:05:55","guid":{"rendered":"https:\/\/inclusivenews.com.br\/?p=35157"},"modified":"2025-11-12T20:05:56","modified_gmt":"2025-11-12T20:05:56","slug":"na-cop30-emergencia-climatica-e-resgate-da-dignidade","status":"publish","type":"post","link":"https:\/\/inclusivenews.com.br\/?p=35157","title":{"rendered":"Na COP30: \u201cEmerg\u00eancia Clim\u00e1tica e Resgate da Dignidade\u201d"},"content":{"rendered":"\n<p class=\"has-yuki-font-medium-font-size\">Dia 15\/11 acontece a Roda de Conversa &#8220;Emerg\u00eancia Clim\u00e1tica e Resgate da Dignidade: prote\u00e7\u00e3o de pessoas com defici\u00eancia em desastres clim\u00e1ticos\u201d<\/p>\n\n\n\n<p><strong>Sem inclus\u00e3o, n\u00e3o h\u00e1 justi\u00e7a clim\u00e1tica.<\/strong> Pessoas com defici\u00eancia enfrentam entre duas e quatro vezes mais risco de morrer em situa\u00e7\u00f5es de desastre, segundo a Organiza\u00e7\u00e3o Pan-Americana da Sa\u00fade (OPAS).<\/p>\n\n\n\n<p>Nesse sentido, a emerg\u00eancia clim\u00e1tica n\u00e3o \u00e9 apenas ambiental; \u00e9 tamb\u00e9m uma quest\u00e3o de direitos humanos, dignidade e sobreviv\u00eancia.<\/p>\n\n\n\n<p>Por isso, na COP30, vamos promover o painel \u201cEmerg\u00eancia Clim\u00e1tica e Resgate da Dignidade: prote\u00e7\u00e3o de pessoas com defici\u00eancia em desastres clim\u00e1ticos\u201d.<\/p>\n\n\n\n<p>O evento ser\u00e1 aberto ao p\u00fablico e vai provocar uma reflex\u00e3o sobre como pol\u00edticas p\u00fablicas, planos de adapta\u00e7\u00e3o e sistemas de resposta a desastres devem assegurar prote\u00e7\u00e3o, acessibilidade e autonomia plena para todas as pessoas, sem exce\u00e7\u00e3o.<\/p>\n\n\n\n<figure class=\"wp-block-image size-large\"><img loading=\"lazy\" decoding=\"async\" width=\"819\" height=\"1024\" src=\"https:\/\/inclusivenews.com.br\/wp-content\/uploads\/2025\/11\/Imagem-do-WhatsApp-de-2025-11-12-as-15.25.48_00fa6aa2-819x1024.jpg\" alt=\"Card em fundo azul com ilustra\u00e7\u00e3o de uma paisagem sob chuva e um raio, simbolizando os desastres clim\u00e1ticos. Em primeiro plano, uma pessoa empurra uma cadeira de rodas, acompanhada por outra com capacete,\nrepresentando solidariedade e cuidado. O texto destaca o painel \u201cEmerg\u00eancia Clim\u00e1tica e Resgate da Dignidade\u201d, que acontecer\u00e1 em 15 de novembro, \u00e0s 15h, no Pavilh\u00e3o Brasil \u2013 Zona Verde, durante a COP30.\" class=\"wp-image-35158\" srcset=\"https:\/\/inclusivenews.com.br\/wp-content\/uploads\/2025\/11\/Imagem-do-WhatsApp-de-2025-11-12-as-15.25.48_00fa6aa2-819x1024.jpg 819w, https:\/\/inclusivenews.com.br\/wp-content\/uploads\/2025\/11\/Imagem-do-WhatsApp-de-2025-11-12-as-15.25.48_00fa6aa2-240x300.jpg 240w, https:\/\/inclusivenews.com.br\/wp-content\/uploads\/2025\/11\/Imagem-do-WhatsApp-de-2025-11-12-as-15.25.48_00fa6aa2-768x960.jpg 768w, https:\/\/inclusivenews.com.br\/wp-content\/uploads\/2025\/11\/Imagem-do-WhatsApp-de-2025-11-12-as-15.25.48_00fa6aa2.jpg 1080w\" sizes=\"auto, (max-width: 819px) 100vw, 819px\" \/><\/figure>\n","protected":false},"excerpt":{"rendered":"<p>Dia 15\/11 acontece a Roda de Conversa &#8220;Emerg\u00eancia Clim\u00e1tica e Resgate da Dignidade: prote\u00e7\u00e3o de pessoas com defici\u00eancia em desastres clim\u00e1ticos\u201d Sem inclus\u00e3o, n\u00e3o h\u00e1 justi\u00e7a clim\u00e1tica. Pessoas com defici\u00eancia enfrentam entre duas e quatro vezes mais risco de morrer em situa\u00e7\u00f5es de desastre, segundo a Organiza\u00e7\u00e3o Pan-Americana da Sa\u00fade (OPAS). Nesse sentido, a emerg\u00eancia [&hellip;]<\/p>\n","protected":false},"author":1,"featured_media":35159,"comment_status":"open","ping_status":"open","sticky":false,"template":"","format":"standard","meta":{"site-container-style":"default","site-container-layout":"default","site-sidebar-layout":"default","disable-article-header":"default","disable-site-header":"default","disable-site-footer":"default","disable-content-area-spacing":"default","footnotes":""},"categories":[772],"tags":[836,485,487],"class_list":["post-35157","post","type-post","status-publish","format-standard","has-post-thumbnail","hentry","category-eventos","tag-cop30","tag-emergencia-climatica","tag-pcd"],"yoast_head":"<!-- This site is optimized with the Yoast SEO plugin v27.5 - https:\/\/yoast.com\/product\/yoast-seo-wordpress\/ -->\n<title>Na COP30: \u201cEmerg\u00eancia Clim\u00e1tica e Resgate da Dignidade\u201d -<\/title>\n<meta name=\"robots\" content=\"index, follow, max-snippet:-1, max-image-preview:large, max-video-preview:-1\" \/>\n<link rel=\"canonical\" href=\"https:\/\/inclusivenews.com.br\/?p=35157\" \/>\n<meta property=\"og:locale\" content=\"pt_PT\" \/>\n<meta property=\"og:type\" content=\"article\" \/>\n<meta property=\"og:title\" content=\"Na COP30: \u201cEmerg\u00eancia Clim\u00e1tica e Resgate da Dignidade\u201d -\" \/>\n<meta property=\"og:description\" content=\"Dia 15\/11 acontece a Roda de Conversa &#8220;Emerg\u00eancia Clim\u00e1tica e Resgate da Dignidade: prote\u00e7\u00e3o de pessoas com defici\u00eancia em desastres clim\u00e1ticos\u201d Sem inclus\u00e3o, n\u00e3o h\u00e1 justi\u00e7a clim\u00e1tica. Pessoas com defici\u00eancia enfrentam entre duas e quatro vezes mais risco de morrer em situa\u00e7\u00f5es de desastre, segundo a Organiza\u00e7\u00e3o Pan-Americana da Sa\u00fade (OPAS). Nesse sentido, a emerg\u00eancia [&hellip;]\" \/>\n<meta property=\"og:url\" content=\"https:\/\/inclusivenews.com.br\/?p=35157\" \/>\n<meta property=\"article:publisher\" content=\"https:\/\/www.facebook.com\/agenciainclusive\/\" \/>\n<meta property=\"article:published_time\" content=\"2025-11-12T20:05:55+00:00\" \/>\n<meta property=\"article:modified_time\" content=\"2025-11-12T20:05:56+00:00\" \/>\n<meta property=\"og:image\" content=\"https:\/\/inclusivenews.com.br\/wp-content\/uploads\/2025\/11\/Imagem-do-WhatsApp-de-2025-11-12-as-15.25.48_6a346711-e1762977495114.jpg\" \/>\n\t<meta property=\"og:image:width\" content=\"1080\" \/>\n\t<meta property=\"og:image:height\" content=\"545\" \/>\n\t<meta property=\"og:image:type\" content=\"image\/jpeg\" \/>\n<meta name=\"author\" content=\"inclusivenews2024\" \/>\n<meta name=\"twitter:card\" content=\"summary_large_image\" \/>\n<meta name=\"twitter:label1\" content=\"Escrito por\" \/>\n\t<meta name=\"twitter:data1\" content=\"inclusivenews2024\" \/>\n\t<meta name=\"twitter:label2\" content=\"Tempo estimado de leitura\" \/>\n\t<meta name=\"twitter:data2\" content=\"2 minutos\" \/>\n<script type=\"application\/ld+json\" class=\"yoast-schema-graph\">{\"@context\":\"https:\\\/\\\/schema.org\",\"@graph\":[{\"@type\":\"Article\",\"@id\":\"https:\\\/\\\/inclusivenews.com.br\\\/?p=35157#article\",\"isPartOf\":{\"@id\":\"https:\\\/\\\/inclusivenews.com.br\\\/?p=35157\"},\"author\":{\"name\":\"inclusivenews2024\",\"@id\":\"https:\\\/\\\/inclusivenews.com.br\\\/#\\\/schema\\\/person\\\/ae4ec7087559b8692fb33b6fffd2273b\"},\"headline\":\"Na COP30: \u201cEmerg\u00eancia Clim\u00e1tica e Resgate da Dignidade\u201d\",\"datePublished\":\"2025-11-12T20:05:55+00:00\",\"dateModified\":\"2025-11-12T20:05:56+00:00\",\"mainEntityOfPage\":{\"@id\":\"https:\\\/\\\/inclusivenews.com.br\\\/?p=35157\"},\"wordCount\":167,\"commentCount\":0,\"publisher\":{\"@id\":\"https:\\\/\\\/inclusivenews.com.br\\\/#organization\"},\"image\":{\"@id\":\"https:\\\/\\\/inclusivenews.com.br\\\/?p=35157#primaryimage\"},\"thumbnailUrl\":\"https:\\\/\\\/inclusivenews.com.br\\\/wp-content\\\/uploads\\\/2025\\\/11\\\/Imagem-do-WhatsApp-de-2025-11-12-as-15.25.48_6a346711-e1762977495114.jpg\",\"keywords\":[\"COP30\",\"Emerg\u00eancia Clim\u00e1tica\",\"PcD\"],\"articleSection\":[\"Eventos\"],\"inLanguage\":\"pt-PT\",\"potentialAction\":[{\"@type\":\"CommentAction\",\"name\":\"Comment\",\"target\":[\"https:\\\/\\\/inclusivenews.com.br\\\/?p=35157#respond\"]}]},{\"@type\":\"WebPage\",\"@id\":\"https:\\\/\\\/inclusivenews.com.br\\\/?p=35157\",\"url\":\"https:\\\/\\\/inclusivenews.com.br\\\/?p=35157\",\"name\":\"Na COP30: \u201cEmerg\u00eancia Clim\u00e1tica e Resgate da Dignidade\u201d -\",\"isPartOf\":{\"@id\":\"https:\\\/\\\/inclusivenews.com.br\\\/#website\"},\"primaryImageOfPage\":{\"@id\":\"https:\\\/\\\/inclusivenews.com.br\\\/?p=35157#primaryimage\"},\"image\":{\"@id\":\"https:\\\/\\\/inclusivenews.com.br\\\/?p=35157#primaryimage\"},\"thumbnailUrl\":\"https:\\\/\\\/inclusivenews.com.br\\\/wp-content\\\/uploads\\\/2025\\\/11\\\/Imagem-do-WhatsApp-de-2025-11-12-as-15.25.48_6a346711-e1762977495114.jpg\",\"datePublished\":\"2025-11-12T20:05:55+00:00\",\"dateModified\":\"2025-11-12T20:05:56+00:00\",\"breadcrumb\":{\"@id\":\"https:\\\/\\\/inclusivenews.com.br\\\/?p=35157#breadcrumb\"},\"inLanguage\":\"pt-PT\",\"potentialAction\":[{\"@type\":\"ReadAction\",\"target\":[\"https:\\\/\\\/inclusivenews.com.br\\\/?p=35157\"]}]},{\"@type\":\"ImageObject\",\"inLanguage\":\"pt-PT\",\"@id\":\"https:\\\/\\\/inclusivenews.com.br\\\/?p=35157#primaryimage\",\"url\":\"https:\\\/\\\/inclusivenews.com.br\\\/wp-content\\\/uploads\\\/2025\\\/11\\\/Imagem-do-WhatsApp-de-2025-11-12-as-15.25.48_6a346711-e1762977495114.jpg\",\"contentUrl\":\"https:\\\/\\\/inclusivenews.com.br\\\/wp-content\\\/uploads\\\/2025\\\/11\\\/Imagem-do-WhatsApp-de-2025-11-12-as-15.25.48_6a346711-e1762977495114.jpg\",\"width\":1080,\"height\":545},{\"@type\":\"BreadcrumbList\",\"@id\":\"https:\\\/\\\/inclusivenews.com.br\\\/?p=35157#breadcrumb\",\"itemListElement\":[{\"@type\":\"ListItem\",\"position\":1,\"name\":\"In\u00edcio\",\"item\":\"https:\\\/\\\/inclusivenews.com.br\\\/\"},{\"@type\":\"ListItem\",\"position\":2,\"name\":\"Na COP30: \u201cEmerg\u00eancia Clim\u00e1tica e Resgate da Dignidade\u201d\"}]},{\"@type\":\"WebSite\",\"@id\":\"https:\\\/\\\/inclusivenews.com.br\\\/#website\",\"url\":\"https:\\\/\\\/inclusivenews.com.br\\\/\",\"name\":\"Inclusive News\",\"description\":\"Inclusive News\",\"publisher\":{\"@id\":\"https:\\\/\\\/inclusivenews.com.br\\\/#organization\"},\"potentialAction\":[{\"@type\":\"SearchAction\",\"target\":{\"@type\":\"EntryPoint\",\"urlTemplate\":\"https:\\\/\\\/inclusivenews.com.br\\\/?s={search_term_string}\"},\"query-input\":{\"@type\":\"PropertyValueSpecification\",\"valueRequired\":true,\"valueName\":\"search_term_string\"}}],\"inLanguage\":\"pt-PT\"},{\"@type\":\"Organization\",\"@id\":\"https:\\\/\\\/inclusivenews.com.br\\\/#organization\",\"name\":\"Inclusive - inclus\u00e3o e cidadania\",\"url\":\"https:\\\/\\\/inclusivenews.com.br\\\/\",\"logo\":{\"@type\":\"ImageObject\",\"inLanguage\":\"pt-PT\",\"@id\":\"https:\\\/\\\/inclusivenews.com.br\\\/#\\\/schema\\\/logo\\\/image\\\/\",\"url\":\"https:\\\/\\\/inclusivenews.com.br\\\/wp-content\\\/uploads\\\/2024\\\/03\\\/@grandesite.png\",\"contentUrl\":\"https:\\\/\\\/inclusivenews.com.br\\\/wp-content\\\/uploads\\\/2024\\\/03\\\/@grandesite.png\",\"width\":1080,\"height\":1080,\"caption\":\"Inclusive - inclus\u00e3o e cidadania\"},\"image\":{\"@id\":\"https:\\\/\\\/inclusivenews.com.br\\\/#\\\/schema\\\/logo\\\/image\\\/\"},\"sameAs\":[\"https:\\\/\\\/www.facebook.com\\\/agenciainclusive\\\/\",\"https:\\\/\\\/www.instagram.com\\\/newsinclusive\\\/\"]},{\"@type\":\"Person\",\"@id\":\"https:\\\/\\\/inclusivenews.com.br\\\/#\\\/schema\\\/person\\\/ae4ec7087559b8692fb33b6fffd2273b\",\"name\":\"inclusivenews2024\",\"image\":{\"@type\":\"ImageObject\",\"inLanguage\":\"pt-PT\",\"@id\":\"https:\\\/\\\/secure.gravatar.com\\\/avatar\\\/c5a7ef84c66fa914f55bc4f7ce26cfa275a3b9a1c5568b907bd184fb4dde7b40?s=96&d=mm&r=g\",\"url\":\"https:\\\/\\\/secure.gravatar.com\\\/avatar\\\/c5a7ef84c66fa914f55bc4f7ce26cfa275a3b9a1c5568b907bd184fb4dde7b40?s=96&d=mm&r=g\",\"contentUrl\":\"https:\\\/\\\/secure.gravatar.com\\\/avatar\\\/c5a7ef84c66fa914f55bc4f7ce26cfa275a3b9a1c5568b907bd184fb4dde7b40?s=96&d=mm&r=g\",\"caption\":\"inclusivenews2024\"},\"sameAs\":[\"https:\\\/\\\/inclusivenews.com.br\"],\"url\":\"https:\\\/\\\/inclusivenews.com.br\\\/?author=1\"}]}<\/script>\n<!-- \/ Yoast SEO plugin. -->","yoast_head_json":{"title":"Na COP30: \u201cEmerg\u00eancia Clim\u00e1tica e Resgate da Dignidade\u201d -","robots":{"index":"index","follow":"follow","max-snippet":"max-snippet:-1","max-image-preview":"max-image-preview:large","max-video-preview":"max-video-preview:-1"},"canonical":"https:\/\/inclusivenews.com.br\/?p=35157","og_locale":"pt_PT","og_type":"article","og_title":"Na COP30: \u201cEmerg\u00eancia Clim\u00e1tica e Resgate da Dignidade\u201d -","og_description":"Dia 15\/11 acontece a Roda de Conversa &#8220;Emerg\u00eancia Clim\u00e1tica e Resgate da Dignidade: prote\u00e7\u00e3o de pessoas com defici\u00eancia em desastres clim\u00e1ticos\u201d Sem inclus\u00e3o, n\u00e3o h\u00e1 justi\u00e7a clim\u00e1tica. Pessoas com defici\u00eancia enfrentam entre duas e quatro vezes mais risco de morrer em situa\u00e7\u00f5es de desastre, segundo a Organiza\u00e7\u00e3o Pan-Americana da Sa\u00fade (OPAS). Nesse sentido, a emerg\u00eancia [&hellip;]","og_url":"https:\/\/inclusivenews.com.br\/?p=35157","article_publisher":"https:\/\/www.facebook.com\/agenciainclusive\/","article_published_time":"2025-11-12T20:05:55+00:00","article_modified_time":"2025-11-12T20:05:56+00:00","og_image":[{"width":1080,"height":545,"url":"https:\/\/inclusivenews.com.br\/wp-content\/uploads\/2025\/11\/Imagem-do-WhatsApp-de-2025-11-12-as-15.25.48_6a346711-e1762977495114.jpg","type":"image\/jpeg"}],"author":"inclusivenews2024","twitter_card":"summary_large_image","twitter_misc":{"Escrito por":"inclusivenews2024","Tempo estimado de leitura":"2 minutos"},"schema":{"@context":"https:\/\/schema.org","@graph":[{"@type":"Article","@id":"https:\/\/inclusivenews.com.br\/?p=35157#article","isPartOf":{"@id":"https:\/\/inclusivenews.com.br\/?p=35157"},"author":{"name":"inclusivenews2024","@id":"https:\/\/inclusivenews.com.br\/#\/schema\/person\/ae4ec7087559b8692fb33b6fffd2273b"},"headline":"Na COP30: \u201cEmerg\u00eancia Clim\u00e1tica e Resgate da Dignidade\u201d","datePublished":"2025-11-12T20:05:55+00:00","dateModified":"2025-11-12T20:05:56+00:00","mainEntityOfPage":{"@id":"https:\/\/inclusivenews.com.br\/?p=35157"},"wordCount":167,"commentCount":0,"publisher":{"@id":"https:\/\/inclusivenews.com.br\/#organization"},"image":{"@id":"https:\/\/inclusivenews.com.br\/?p=35157#primaryimage"},"thumbnailUrl":"https:\/\/inclusivenews.com.br\/wp-content\/uploads\/2025\/11\/Imagem-do-WhatsApp-de-2025-11-12-as-15.25.48_6a346711-e1762977495114.jpg","keywords":["COP30","Emerg\u00eancia Clim\u00e1tica","PcD"],"articleSection":["Eventos"],"inLanguage":"pt-PT","potentialAction":[{"@type":"CommentAction","name":"Comment","target":["https:\/\/inclusivenews.com.br\/?p=35157#respond"]}]},{"@type":"WebPage","@id":"https:\/\/inclusivenews.com.br\/?p=35157","url":"https:\/\/inclusivenews.com.br\/?p=35157","name":"Na COP30: \u201cEmerg\u00eancia Clim\u00e1tica e Resgate da Dignidade\u201d -","isPartOf":{"@id":"https:\/\/inclusivenews.com.br\/#website"},"primaryImageOfPage":{"@id":"https:\/\/inclusivenews.com.br\/?p=35157#primaryimage"},"image":{"@id":"https:\/\/inclusivenews.com.br\/?p=35157#primaryimage"},"thumbnailUrl":"https:\/\/inclusivenews.com.br\/wp-content\/uploads\/2025\/11\/Imagem-do-WhatsApp-de-2025-11-12-as-15.25.48_6a346711-e1762977495114.jpg","datePublished":"2025-11-12T20:05:55+00:00","dateModified":"2025-11-12T20:05:56+00:00","breadcrumb":{"@id":"https:\/\/inclusivenews.com.br\/?p=35157#breadcrumb"},"inLanguage":"pt-PT","potentialAction":[{"@type":"ReadAction","target":["https:\/\/inclusivenews.com.br\/?p=35157"]}]},{"@type":"ImageObject","inLanguage":"pt-PT","@id":"https:\/\/inclusivenews.com.br\/?p=35157#primaryimage","url":"https:\/\/inclusivenews.com.br\/wp-content\/uploads\/2025\/11\/Imagem-do-WhatsApp-de-2025-11-12-as-15.25.48_6a346711-e1762977495114.jpg","contentUrl":"https:\/\/inclusivenews.com.br\/wp-content\/uploads\/2025\/11\/Imagem-do-WhatsApp-de-2025-11-12-as-15.25.48_6a346711-e1762977495114.jpg","width":1080,"height":545},{"@type":"BreadcrumbList","@id":"https:\/\/inclusivenews.com.br\/?p=35157#breadcrumb","itemListElement":[{"@type":"ListItem","position":1,"name":"In\u00edcio","item":"https:\/\/inclusivenews.com.br\/"},{"@type":"ListItem","position":2,"name":"Na COP30: \u201cEmerg\u00eancia Clim\u00e1tica e Resgate da Dignidade\u201d"}]},{"@type":"WebSite","@id":"https:\/\/inclusivenews.com.br\/#website","url":"https:\/\/inclusivenews.com.br\/","name":"Inclusive News","description":"Inclusive News","publisher":{"@id":"https:\/\/inclusivenews.com.br\/#organization"},"potentialAction":[{"@type":"SearchAction","target":{"@type":"EntryPoint","urlTemplate":"https:\/\/inclusivenews.com.br\/?s={search_term_string}"},"query-input":{"@type":"PropertyValueSpecification","valueRequired":true,"valueName":"search_term_string"}}],"inLanguage":"pt-PT"},{"@type":"Organization","@id":"https:\/\/inclusivenews.com.br\/#organization","name":"Inclusive - inclus\u00e3o e cidadania","url":"https:\/\/inclusivenews.com.br\/","logo":{"@type":"ImageObject","inLanguage":"pt-PT","@id":"https:\/\/inclusivenews.com.br\/#\/schema\/logo\/image\/","url":"https:\/\/inclusivenews.com.br\/wp-content\/uploads\/2024\/03\/@grandesite.png","contentUrl":"https:\/\/inclusivenews.com.br\/wp-content\/uploads\/2024\/03\/@grandesite.png","width":1080,"height":1080,"caption":"Inclusive - inclus\u00e3o e cidadania"},"image":{"@id":"https:\/\/inclusivenews.com.br\/#\/schema\/logo\/image\/"},"sameAs":["https:\/\/www.facebook.com\/agenciainclusive\/","https:\/\/www.instagram.com\/newsinclusive\/"]},{"@type":"Person","@id":"https:\/\/inclusivenews.com.br\/#\/schema\/person\/ae4ec7087559b8692fb33b6fffd2273b","name":"inclusivenews2024","image":{"@type":"ImageObject","inLanguage":"pt-PT","@id":"https:\/\/secure.gravatar.com\/avatar\/c5a7ef84c66fa914f55bc4f7ce26cfa275a3b9a1c5568b907bd184fb4dde7b40?s=96&d=mm&r=g","url":"https:\/\/secure.gravatar.com\/avatar\/c5a7ef84c66fa914f55bc4f7ce26cfa275a3b9a1c5568b907bd184fb4dde7b40?s=96&d=mm&r=g","contentUrl":"https:\/\/secure.gravatar.com\/avatar\/c5a7ef84c66fa914f55bc4f7ce26cfa275a3b9a1c5568b907bd184fb4dde7b40?s=96&d=mm&r=g","caption":"inclusivenews2024"},"sameAs":["https:\/\/inclusivenews.com.br"],"url":"https:\/\/inclusivenews.com.br\/?author=1"}]}},"_links":{"self":[{"href":"https:\/\/inclusivenews.com.br\/index.php?rest_route=\/wp\/v2\/posts\/35157","targetHints":{"allow":["GET"]}}],"collection":[{"href":"https:\/\/inclusivenews.com.br\/index.php?rest_route=\/wp\/v2\/posts"}],"about":[{"href":"https:\/\/inclusivenews.com.br\/index.php?rest_route=\/wp\/v2\/types\/post"}],"author":[{"embeddable":true,"href":"https:\/\/inclusivenews.com.br\/index.php?rest_route=\/wp\/v2\/users\/1"}],"replies":[{"embeddable":true,"href":"https:\/\/inclusivenews.com.br\/index.php?rest_route=%2Fwp%2Fv2%2Fcomments&post=35157"}],"version-history":[{"count":1,"href":"https:\/\/inclusivenews.com.br\/index.php?rest_route=\/wp\/v2\/posts\/35157\/revisions"}],"predecessor-version":[{"id":35160,"href":"https:\/\/inclusivenews.com.br\/index.php?rest_route=\/wp\/v2\/posts\/35157\/revisions\/35160"}],"wp:featuredmedia":[{"embeddable":true,"href":"https:\/\/inclusivenews.com.br\/index.php?rest_route=\/wp\/v2\/media\/35159"}],"wp:attachment":[{"href":"https:\/\/inclusivenews.com.br\/index.php?rest_route=%2Fwp%2Fv2%2Fmedia&parent=35157"}],"wp:term":[{"taxonomy":"category","embeddable":true,"href":"https:\/\/inclusivenews.com.br\/index.php?rest_route=%2Fwp%2Fv2%2Fcategories&post=35157"},{"taxonomy":"post_tag","embeddable":true,"href":"https:\/\/inclusivenews.com.br\/index.php?rest_route=%2Fwp%2Fv2%2Ftags&post=35157"}],"curies":[{"name":"wp","href":"https:\/\/api.w.org\/{rel}","templated":true}]}}