{"id":35162,"date":"2025-11-13T20:38:34","date_gmt":"2025-11-13T20:38:34","guid":{"rendered":"https:\/\/inclusivenews.com.br\/?p=35162"},"modified":"2025-11-13T20:42:28","modified_gmt":"2025-11-13T20:42:28","slug":"conferencia-latino-americana-de-linguagem-simples-reune-13-paises-no-rio","status":"publish","type":"post","link":"https:\/\/inclusivenews.com.br\/?p=35162","title":{"rendered":"Confer\u00eancia Latino-Americana de Linguagem Simples re\u00fane 13 pa\u00edses no Rio"},"content":{"rendered":"\n<p>Confer\u00eancia Latino-Americana de Linguagem Simples re\u00fane 13 pa\u00edses no Rio<\/p>\n\n\n\n<figure class=\"wp-block-image size-full\"><img loading=\"lazy\" decoding=\"async\" width=\"1024\" height=\"683\" src=\"https:\/\/inclusivenews.com.br\/wp-content\/uploads\/2025\/11\/c3.jpg\" alt=\"Um grande grupo de pessoas se re\u00fane para uma foto coletiva dentro de uma sala de eventos. H\u00e1 homens e mulheres de diferentes idades, algumas pessoas com defici\u00eancia e uma mulher segurando uma boneca do projeto \u201cEu Me Protejo\u201d. Todos sorriem para a c\u00e2mera, demonstrando entusiasmo e uni\u00e3o.\" class=\"wp-image-35166\" srcset=\"https:\/\/inclusivenews.com.br\/wp-content\/uploads\/2025\/11\/c3.jpg 1024w, https:\/\/inclusivenews.com.br\/wp-content\/uploads\/2025\/11\/c3-300x200.jpg 300w, https:\/\/inclusivenews.com.br\/wp-content\/uploads\/2025\/11\/c3-768x512.jpg 768w\" sizes=\"auto, (max-width: 1024px) 100vw, 1024px\" \/><figcaption class=\"wp-element-caption\">O evento aconteceu na C\u00e1psula, o Centro de Inova\u00e7\u00e3o do Senac no Rio de Janeiro<\/figcaption><\/figure>\n\n\n\n<p>A confer\u00eancia mostrou que usar linguagem simples \u00e9 uma forma de incluir mais pessoas e fortalecer a democracia<\/p>\n\n\n\n<p>Nos dias 29 e 30 de outubro, o Rio de Janeiro sediou a Primeira Confer\u00eancia Latino-Americana de Linguagem Simples (CLALS 2025), que reuniu participantes de diversos pa\u00edses da Am\u00e9rica Latina, Europa e Oceania. O evento promoveu um amplo debate sobre o papel da linguagem simples na promo\u00e7\u00e3o da transpar\u00eancia p\u00fablica e da inclus\u00e3o, reunindo governos, comunicadores, pesquisadoras e ativistas comprometidos com o fortalecimento da democracia por meio de uma comunica\u00e7\u00e3o acess\u00edvel.<\/p>\n\n\n\n<p>A confer\u00eancia foi transmitida ao vivo, nos dois dias de programa\u00e7\u00e3o, pelo canal do Minist\u00e9rio dos Direitos Humanos e da Cidadania (MDHC) no YouTube, ampliando o alcance das discuss\u00f5es para o p\u00fablico de diferentes pa\u00edses. As transmiss\u00f5es est\u00e3o dispon\u00edveis em portugu\u00eas e em ingl\u00eas, acessando a <a href=\"https:\/\/inclusivenews.com.br\/?p=35129\">Grava\u00e7\u00e3o da Primeira Confer\u00eancia Latino-Americana de Linguagem Simples e Leitura F\u00e1cil<\/a><\/p>\n\n\n\n<p>A diretora do Centro de Refer\u00eancia em Educa\u00e7\u00e3o Inclusiva (CREI), Maria Ant\u00f4nia Goulart, explicou que o evento \u00e9 um passo importante para mudar a forma como governos e institui\u00e7\u00f5es se comunicam:<\/p>\n\n\n\n<p>\u201cEste encontro permite ampliar o acesso \u00e0 comunica\u00e7\u00e3o para pessoas com defici\u00eancia intelectual e orientar pol\u00edticas que tornem as informa\u00e7\u00f5es mais acess\u00edveis, inclusivas e dispon\u00edveis a todos, fortalecendo a participa\u00e7\u00e3o cidad\u00e3 e o exerc\u00edcio de direitos\u201d, disse.<\/p>\n\n\n\n<p>Durante as discuss\u00f5es, a ideia de que a linguagem simples \u00e9 uma ferramenta de democracia apareceu em v\u00e1rias falas.<\/p>\n\n\n\n<p>A secret\u00e1ria nacional dos Direitos da Pessoa com Defici\u00eancia, Anna Paula Feminella, destacou o valor pol\u00edtico e social dessa transforma\u00e7\u00e3o:<\/p>\n\n\n\n<p>\u201cEm nome do governo federal, do presidente Lula e da ministra Maca\u00e9 Evaristo, celebramos esse encontro t\u00e3o representativo e potente. \u00c9 incr\u00edvel ver agentes governamentais, comunicadores e pessoas comprometidas com a inclus\u00e3o reunidas em torno da linguagem simples, que \u00e9 uma forma de popularizar o conhecimento e ampliar o acesso a direitos\u201d, afirmou.<\/p>\n\n\n\n<p>A jornalista e ativista Patr\u00edcia Almeida refor\u00e7ou que a troca entre pa\u00edses \u00e9 essencial para que a comunica\u00e7\u00e3o se torne realmente inclusiva:<\/p>\n\n\n\n<p>\u201cCompartilhar experi\u00eancias \u00e9 o que nos permite desenvolver pol\u00edticas e conte\u00fados mais acess\u00edveis, garantindo que todas as pessoas possam entender as informa\u00e7\u00f5es e exercer plenamente seus direitos\u201d, pontuou.<\/p>\n\n\n\n<p>A professora e escritora argentina Paola Jelonch lembrou que a acessibilidade \u00e9 uma condi\u00e7\u00e3o b\u00e1sica da democracia, n\u00e3o um privil\u00e9gio:<\/p>\n\n\n\n<p>\u201cA acessibilidade n\u00e3o \u00e9 um novo direito, nem um direito de minorias, mas uma condi\u00e7\u00e3o essencial para compreender os direitos humanos que pertencem a todas as pessoas. Este \u00e9 o momento de unir for\u00e7as e reduzir as brechas lingu\u00edsticas, sociais e digitais para construir um continente mais justo.\u201d<\/p>\n\n\n\n<p class=\"has-yuki-font-medium-font-size\"><strong>Oficinas e experi\u00eancias pr\u00e1ticas<\/strong><\/p>\n\n\n\n<p>As oficinas da confer\u00eancia mostraram como a teoria pode se transformar em pr\u00e1tica.<\/p>\n\n\n\n<p>Na Oficina 1 &#8211; \u201cDesenho Simples: teoria e exemplos pr\u00e1ticos\u201d, conduzida por Diego Garc\u00eda D\u00edaz (Argentina) e Cecilia Quental (Brasil), os participantes aprenderam a revisar textos e formul\u00e1rios pensando em quem vai ler, especialmente pessoas com defici\u00eancia, baixa escolaridade ou pouco acesso \u00e0 informa\u00e7\u00e3o.<\/p>\n\n\n\n<p>A Oficina 2 &#8211; \u201cT\u00e9cnicas de valida\u00e7\u00e3o em Linguagem Simples e Leitura F\u00e1cil\u201d, com \u00d3scar Garc\u00eda Mu\u00f1oz (Espanha), Tatjana Knapp (Eslov\u00eania) e Sandra Marques (Portugal), apresentou metodologias europeias em que pessoas com defici\u00eancia intelectual validam os textos p\u00fablicos, garantindo que as mensagens sejam realmente compreendidas.<\/p>\n\n\n\n<p>A coordenadora da OSC Mais Diferen\u00e7as, Carla Mauch, destacou que tornar a leitura acess\u00edvel \u00e9 um ato de inclus\u00e3o e cidadania:<\/p>\n\n\n\n<p>\u201cA linguagem simples tem um papel fundamental para que possamos avan\u00e7ar na garantia plena de acessibilidade para pessoas com defici\u00eancia intelectual, com surdez ou com baixo letramento. Ela democratiza o acesso \u00e0 leitura e \u00e0 informa\u00e7\u00e3o, formando leitores que antes n\u00e3o tinham oportunidade de acessar conte\u00fados adaptados \u00e0s suas necessidades.\u201d<\/p>\n\n\n\n<p class=\"has-yuki-font-medium-font-size\"><strong>Diversidade, justi\u00e7a e inova\u00e7\u00e3o<\/strong><\/p>\n\n\n\n<p>Outros pain\u00e9is da confer\u00eancia apresentaram experi\u00eancias inovadoras em diferentes setores, da sa\u00fade ao sistema de justi\u00e7a.<\/p>\n\n\n\n<p>A pesquisadora La\u00eds Silveira Costa, da Fiocruz, lembrou que as barreiras comunicacionais ainda refletem desigualdades profundas:<\/p>\n\n\n\n<p>\u201cAs pessoas com defici\u00eancia enfrentam barreiras estruturais e comunicacionais que limitam o acesso a informa\u00e7\u00f5es acess\u00edveis. \u00c9 muito mais f\u00e1cil encontrar uma rampa do que um texto em linguagem simples no sistema de sa\u00fade, por exemplo.\u201d<\/p>\n\n\n\n<p>J\u00e1 os Laborat\u00f3rios de Inova\u00e7\u00e3o do Tribunal de Justi\u00e7a do Amazonas (TJAM) e do TRT da 11\u00aa Regi\u00e3o apresentaram o projeto Linguagem de Cidadania dos Povos Ind\u00edgenas do Amazonas, criado com a participa\u00e7\u00e3o direta das comunidades ind\u00edgenas.<\/p>\n\n\n\n<p>A coordenadora do projeto, Gisele Souza, explicou que traduzir a linguagem jur\u00eddica \u00e9 tamb\u00e9m reconhecer a diversidade cultural:<\/p>\n\n\n\n<p>\u201cO projeto nasceu da escuta dos povos ind\u00edgenas e da necessidade de traduzir a linguagem jur\u00eddica em termos simples e acess\u00edveis. Quando as pessoas entendem o conte\u00fado dos documentos e decis\u00f5es, participam mais das decis\u00f5es que afetam suas vidas.\u201d<\/p>\n\n\n\n<p>Essas experi\u00eancias mostraram que a linguagem simples n\u00e3o \u00e9 apenas uma t\u00e9cnica de comunica\u00e7\u00e3o, mas uma estrat\u00e9gia de inclus\u00e3o que valoriza as culturas, saberes e modos de express\u00e3o de cada povo.<\/p>\n\n\n\n<p class=\"has-yuki-font-medium-font-size\"><strong>Coopera\u00e7\u00e3o e futuro da comunica\u00e7\u00e3o acess\u00edvel<\/strong><\/p>\n\n\n\n<p>Durante os dois dias de confer\u00eancia, o p\u00fablico participou de pain\u00e9is sobre tradu\u00e7\u00e3o audiovisual, multilinguismo, acessibilidade cognitiva e alfabetiza\u00e7\u00e3o em linguagem simples, que destacaram a import\u00e2ncia da coopera\u00e7\u00e3o internacional e do di\u00e1logo entre diferentes realidades lingu\u00edsticas.<\/p>\n\n\n\n<p>O evento foi encerrado com a cria\u00e7\u00e3o da Rede Latino-Americana de Linguagem Simples e Leitura F\u00e1cil (Red Latinoamericana de Lectura F\u00e1cil), reunindo pesquisadoras e representantes de Brasil, Argentina, M\u00e9xico, Col\u00f4mbia, Uruguai e Equador.<\/p>\n\n\n\n<p>O grupo pretende fortalecer pol\u00edticas p\u00fablicas e projetos conjuntos de comunica\u00e7\u00e3o acess\u00edvel em toda a regi\u00e3o.<\/p>\n\n\n\n<p>Ao final, foi elaborada a Declara\u00e7\u00e3o do Rio sobre Linguagem Acess\u00edvel e Participa\u00e7\u00e3o Inclusiva, que ser\u00e1 publicada em portugu\u00eas, espanhol, ingl\u00eas e linguagem simples, com diretrizes para garantir o direito de compreender e ampliar a participa\u00e7\u00e3o social.<\/p>\n\n\n\n<p>Promovido pelo Minist\u00e9rio dos Direitos Humanos e da Cidadania (MDHC), por meio da Secretaria Nacional dos Direitos da Pessoa com Defici\u00eancia (SNDPD), em parceria com o Centro de Refer\u00eancia em Educa\u00e7\u00e3o Inclusiva (CREI Sesc\/Senac-RJ), o evento contou com o apoio da Prefeitura do Rio de Janeiro, do Instituto J\u00f4 Clemente, do Laborat\u00f3rio P\u00f3len (Fiocruz\/ENSP), da Xarxa AccessCat, da Inclusion International, da Down Syndrome International, do Instituto Interamericano sobre Defici\u00eancia e Inclus\u00e3o, da Funda\u00e7\u00e3o Visibilia, da Asdown Col\u00f4mbia, da Lectura F\u00e1cil M\u00e9xico e da Rede Latino-Americana de Organiza\u00e7\u00f5es de Pessoas com Defici\u00eancia e suas Fam\u00edlias (RIADIS).<\/p>\n\n\n\n<p class=\"has-yuki-font-medium-font-size\"><strong>Confira a galeria de imagem que a Inclusive News preparou:<\/strong><\/p>\n\n\n\n<figure class=\"wp-block-gallery has-nested-images columns-default is-cropped wp-block-gallery-1 is-layout-flex wp-block-gallery-is-layout-flex\">\n<figure class=\"wp-block-image size-large\"><img loading=\"lazy\" decoding=\"async\" width=\"1024\" height=\"683\" data-id=\"35166\" src=\"https:\/\/inclusivenews.com.br\/wp-content\/uploads\/2025\/11\/c3.jpg\" alt=\"Um grande grupo de pessoas se re\u00fane para uma foto coletiva dentro de uma sala de eventos. H\u00e1 homens e mulheres de diferentes idades, algumas pessoas com defici\u00eancia e uma mulher segurando uma boneca do projeto \u201cEu Me Protejo\u201d. Todos sorriem para a c\u00e2mera, demonstrando entusiasmo e uni\u00e3o.\" class=\"wp-image-35166\" srcset=\"https:\/\/inclusivenews.com.br\/wp-content\/uploads\/2025\/11\/c3.jpg 1024w, https:\/\/inclusivenews.com.br\/wp-content\/uploads\/2025\/11\/c3-300x200.jpg 300w, https:\/\/inclusivenews.com.br\/wp-content\/uploads\/2025\/11\/c3-768x512.jpg 768w\" sizes=\"auto, (max-width: 1024px) 100vw, 1024px\" \/><\/figure>\n\n\n\n<figure class=\"wp-block-image size-large\"><img loading=\"lazy\" decoding=\"async\" width=\"1024\" height=\"768\" data-id=\"35164\" src=\"https:\/\/inclusivenews.com.br\/wp-content\/uploads\/2025\/11\/c1.jpg\" alt=\"Uma mulher de cabelos brancos fala em p\u00e9, de costas para a c\u00e2mera, em uma sala cheia de pessoas sentadas. Ela veste uma saia longa colorida e uma blusa vermelha. O p\u00fablico, diverso e atento, ocupa quase todas as cadeiras. No fundo, h\u00e1 um painel com letras grandes coloridas e uma c\u00e2mera sobre trip\u00e9 gravando o evento.\" class=\"wp-image-35164\" srcset=\"https:\/\/inclusivenews.com.br\/wp-content\/uploads\/2025\/11\/c1.jpg 1024w, https:\/\/inclusivenews.com.br\/wp-content\/uploads\/2025\/11\/c1-300x225.jpg 300w, https:\/\/inclusivenews.com.br\/wp-content\/uploads\/2025\/11\/c1-768x576.jpg 768w\" sizes=\"auto, (max-width: 1024px) 100vw, 1024px\" \/><\/figure>\n\n\n\n<figure class=\"wp-block-image size-large\"><img loading=\"lazy\" decoding=\"async\" width=\"1024\" height=\"683\" data-id=\"35165\" src=\"https:\/\/inclusivenews.com.br\/wp-content\/uploads\/2025\/11\/c2.jpg\" alt=\"Quatro mulheres posam sorrindo diante do logotipo \u201cSenac RJ\u201d. Uma delas usa uma camiseta branca com o desenho do projeto \u201cEu Me Protejo\u201d, mostrando uma crian\u00e7a com a m\u00e3o levantada. As outras usam roupas sociais e est\u00e3o de p\u00e9 pr\u00f3ximas umas das outras, transmitindo alegria e parceria.\" class=\"wp-image-35165\" srcset=\"https:\/\/inclusivenews.com.br\/wp-content\/uploads\/2025\/11\/c2.jpg 1024w, https:\/\/inclusivenews.com.br\/wp-content\/uploads\/2025\/11\/c2-300x200.jpg 300w, https:\/\/inclusivenews.com.br\/wp-content\/uploads\/2025\/11\/c2-768x512.jpg 768w\" sizes=\"auto, (max-width: 1024px) 100vw, 1024px\" \/><\/figure>\n\n\n\n<figure class=\"wp-block-image size-large\"><img loading=\"lazy\" decoding=\"async\" width=\"1024\" height=\"683\" data-id=\"35180\" src=\"https:\/\/inclusivenews.com.br\/wp-content\/uploads\/2025\/11\/f3.jpg\" alt=\"Sete pessoas posam sorrindo diante de um banner que diz \u201cConfer\u00eancia Latinoamericana de Lectura F\u00e1cil\u201d. O grupo \u00e9 diverso, com homens e mulheres de diferentes idades e estilos, vestidos de preto. O ambiente \u00e9 iluminado e transmite alegria e colabora\u00e7\u00e3o.\" class=\"wp-image-35180\" srcset=\"https:\/\/inclusivenews.com.br\/wp-content\/uploads\/2025\/11\/f3.jpg 1024w, https:\/\/inclusivenews.com.br\/wp-content\/uploads\/2025\/11\/f3-300x200.jpg 300w, https:\/\/inclusivenews.com.br\/wp-content\/uploads\/2025\/11\/f3-768x512.jpg 768w\" sizes=\"auto, (max-width: 1024px) 100vw, 1024px\" \/><\/figure>\n\n\n\n<figure class=\"wp-block-image size-large\"><img loading=\"lazy\" decoding=\"async\" width=\"1024\" height=\"683\" data-id=\"35178\" src=\"https:\/\/inclusivenews.com.br\/wp-content\/uploads\/2025\/11\/e1.jpg\" alt=\"Pessoa de \u00f3culos fala ao microfone em um palco, ao lado de um tel\u00e3o com dois c\u00edrculos sobrepostos com os textos \u201cPlain Language\u201d e \u201cEasy Language\u201d. \u00c0 direita, pessoas est\u00e3o sentadas ouvindo. O evento acontece no espa\u00e7o \u201cSenac RJ C\u00e1psula \u2013 Centro de Inova\u00e7\u00e3o\u201d.\" class=\"wp-image-35178\" srcset=\"https:\/\/inclusivenews.com.br\/wp-content\/uploads\/2025\/11\/e1.jpg 1024w, https:\/\/inclusivenews.com.br\/wp-content\/uploads\/2025\/11\/e1-300x200.jpg 300w, https:\/\/inclusivenews.com.br\/wp-content\/uploads\/2025\/11\/e1-768x512.jpg 768w\" sizes=\"auto, (max-width: 1024px) 100vw, 1024px\" \/><\/figure>\n\n\n\n<figure class=\"wp-block-image size-large\"><img loading=\"lazy\" decoding=\"async\" width=\"1024\" height=\"683\" data-id=\"35168\" src=\"https:\/\/inclusivenews.com.br\/wp-content\/uploads\/2025\/11\/c5.jpg\" alt=\"Um homem segura um microfone e fala diante de um grupo de pessoas sentadas. Atr\u00e1s dele, uma grande tela exibe o t\u00edtulo \u201cRelatos de experi\u00eancia, linguagem simples na sala de aula e no atendimento educacional especializado\u201d. O p\u00fablico acompanha com aten\u00e7\u00e3o, e o logotipo \u201cSenac RJ c\u00e1psula\u201d aparece na parede ao fundo.\" class=\"wp-image-35168\" srcset=\"https:\/\/inclusivenews.com.br\/wp-content\/uploads\/2025\/11\/c5.jpg 1024w, https:\/\/inclusivenews.com.br\/wp-content\/uploads\/2025\/11\/c5-300x200.jpg 300w, https:\/\/inclusivenews.com.br\/wp-content\/uploads\/2025\/11\/c5-768x512.jpg 768w\" sizes=\"auto, (max-width: 1024px) 100vw, 1024px\" \/><\/figure>\n\n\n\n<figure class=\"wp-block-image size-large\"><img loading=\"lazy\" decoding=\"async\" width=\"1024\" height=\"683\" data-id=\"35174\" src=\"https:\/\/inclusivenews.com.br\/wp-content\/uploads\/2025\/11\/e2.jpg\" alt=\"Mulher de cabelos cacheados, \u00f3culos e vestido estampado em preto e branco fala ao microfone em um audit\u00f3rio. Atr\u00e1s dela, h\u00e1 uma tela com v\u00e1rias capas coloridas de cord\u00e9is e o texto \u201cBP: informa\u00e7\u00e3o x capacitismo\u201d. Algumas pessoas assistem \u00e0 apresenta\u00e7\u00e3o.\" class=\"wp-image-35174\" srcset=\"https:\/\/inclusivenews.com.br\/wp-content\/uploads\/2025\/11\/e2.jpg 1024w, https:\/\/inclusivenews.com.br\/wp-content\/uploads\/2025\/11\/e2-300x200.jpg 300w, https:\/\/inclusivenews.com.br\/wp-content\/uploads\/2025\/11\/e2-768x512.jpg 768w\" sizes=\"auto, (max-width: 1024px) 100vw, 1024px\" \/><\/figure>\n\n\n\n<figure class=\"wp-block-image size-large\"><img loading=\"lazy\" decoding=\"async\" width=\"1024\" height=\"683\" data-id=\"35167\" src=\"https:\/\/inclusivenews.com.br\/wp-content\/uploads\/2025\/11\/c4.jpg\" alt=\"Um homem fala em um p\u00falpito diante de uma tela grande onde se l\u00ea: \u201cAplica\u00e7\u00e3o web que utiliza intelig\u00eancia artificial generativa para aplicar Linguagem Simples em textos\u201d. \u00c0 frente, v\u00e1rias pessoas assistem sentadas. O ambiente \u00e9 moderno e iluminado, com o logotipo \u201cSenac RJ c\u00e1psula \u2013 centro de inova\u00e7\u00e3o\u201d vis\u00edvel ao fundo.\" class=\"wp-image-35167\" srcset=\"https:\/\/inclusivenews.com.br\/wp-content\/uploads\/2025\/11\/c4.jpg 1024w, https:\/\/inclusivenews.com.br\/wp-content\/uploads\/2025\/11\/c4-300x200.jpg 300w, https:\/\/inclusivenews.com.br\/wp-content\/uploads\/2025\/11\/c4-768x512.jpg 768w\" sizes=\"auto, (max-width: 1024px) 100vw, 1024px\" \/><\/figure>\n\n\n\n<figure class=\"wp-block-image size-large\"><img loading=\"lazy\" decoding=\"async\" width=\"1024\" height=\"683\" data-id=\"35170\" src=\"https:\/\/inclusivenews.com.br\/wp-content\/uploads\/2025\/11\/d2.jpg\" alt=\"Uma mulher de cabelos cacheados fala ao microfone em um audit\u00f3rio. Ela veste uma camiseta branca com a frase \u201cEu Me Protejo\u201d e segura um livreto ilustrado. Atr\u00e1s dela, h\u00e1 um painel com formas geom\u00e9tricas coloridas e o nome de um projeto parcialmente vis\u00edvel.\" class=\"wp-image-35170\" srcset=\"https:\/\/inclusivenews.com.br\/wp-content\/uploads\/2025\/11\/d2.jpg 1024w, https:\/\/inclusivenews.com.br\/wp-content\/uploads\/2025\/11\/d2-300x200.jpg 300w, https:\/\/inclusivenews.com.br\/wp-content\/uploads\/2025\/11\/d2-768x512.jpg 768w\" sizes=\"auto, (max-width: 1024px) 100vw, 1024px\" \/><\/figure>\n\n\n\n<figure class=\"wp-block-image size-large\"><img loading=\"lazy\" decoding=\"async\" width=\"1024\" height=\"683\" data-id=\"35176\" src=\"https:\/\/inclusivenews.com.br\/wp-content\/uploads\/2025\/11\/e4.jpg\" alt=\"Cinco mulheres posam sorrindo para a foto em frente a um painel com o logotipo \u201cSenac RJ C\u00e1psula\u201d. Uma delas est\u00e1 em cadeira de rodas e segura um livreto, enquanto as demais mostram publica\u00e7\u00f5es coloridas sobre temas de inclus\u00e3o e combate ao capacitismo.\" class=\"wp-image-35176\" srcset=\"https:\/\/inclusivenews.com.br\/wp-content\/uploads\/2025\/11\/e4.jpg 1024w, https:\/\/inclusivenews.com.br\/wp-content\/uploads\/2025\/11\/e4-300x200.jpg 300w, https:\/\/inclusivenews.com.br\/wp-content\/uploads\/2025\/11\/e4-768x512.jpg 768w\" sizes=\"auto, (max-width: 1024px) 100vw, 1024px\" \/><\/figure>\n\n\n\n<figure class=\"wp-block-image size-large\"><img loading=\"lazy\" decoding=\"async\" width=\"1024\" height=\"683\" data-id=\"35172\" src=\"https:\/\/inclusivenews.com.br\/wp-content\/uploads\/2025\/11\/d5.jpg\" alt=\"Uma mulher jovem de cabelos cacheados e \u00f3culos sorri segurando um livro chamado \u201cSimples Assim\u201d. Ela est\u00e1 sentada em uma mesa, em uma sala com equipamentos de \u00e1udio ao fundo, parecendo participar de uma oficina ou apresenta\u00e7\u00e3o sobre comunica\u00e7\u00e3o inclusiva.\" class=\"wp-image-35172\" srcset=\"https:\/\/inclusivenews.com.br\/wp-content\/uploads\/2025\/11\/d5.jpg 1024w, https:\/\/inclusivenews.com.br\/wp-content\/uploads\/2025\/11\/d5-300x200.jpg 300w, https:\/\/inclusivenews.com.br\/wp-content\/uploads\/2025\/11\/d5-768x512.jpg 768w\" sizes=\"auto, (max-width: 1024px) 100vw, 1024px\" \/><\/figure>\n\n\n\n<figure class=\"wp-block-image size-large\"><img loading=\"lazy\" decoding=\"async\" width=\"1024\" height=\"683\" data-id=\"35171\" src=\"https:\/\/inclusivenews.com.br\/wp-content\/uploads\/2025\/11\/d3.jpg\" alt=\"Uma mulher de cabelos curtos e \u00f3culos folheia um livro vermelho em uma mesa cheia de materiais impressos, como cartilhas e cadernos. Outras pessoas est\u00e3o sentadas ao fundo, em um ambiente que parece uma feira ou exposi\u00e7\u00e3o de materiais educativos.\" class=\"wp-image-35171\" srcset=\"https:\/\/inclusivenews.com.br\/wp-content\/uploads\/2025\/11\/d3.jpg 1024w, https:\/\/inclusivenews.com.br\/wp-content\/uploads\/2025\/11\/d3-300x200.jpg 300w, https:\/\/inclusivenews.com.br\/wp-content\/uploads\/2025\/11\/d3-768x512.jpg 768w\" sizes=\"auto, (max-width: 1024px) 100vw, 1024px\" \/><\/figure>\n\n\n\n<figure class=\"wp-block-image size-large\"><img loading=\"lazy\" decoding=\"async\" width=\"1024\" height=\"683\" data-id=\"35177\" src=\"https:\/\/inclusivenews.com.br\/wp-content\/uploads\/2025\/11\/e5.jpg\" alt=\"Mulher de cabelos castanhos e roupa colorida fala diante de um grupo de pessoas. Atr\u00e1s dela, h\u00e1 um tel\u00e3o verde com a frase \u201cBrasil um sonho\u201d. As pessoas no primeiro plano aparecem de costas, ouvindo a fala com aten\u00e7\u00e3o.\" class=\"wp-image-35177\" srcset=\"https:\/\/inclusivenews.com.br\/wp-content\/uploads\/2025\/11\/e5.jpg 1024w, https:\/\/inclusivenews.com.br\/wp-content\/uploads\/2025\/11\/e5-300x200.jpg 300w, https:\/\/inclusivenews.com.br\/wp-content\/uploads\/2025\/11\/e5-768x512.jpg 768w\" sizes=\"auto, (max-width: 1024px) 100vw, 1024px\" \/><\/figure>\n\n\n\n<figure class=\"wp-block-image size-large\"><img loading=\"lazy\" decoding=\"async\" width=\"1024\" height=\"683\" data-id=\"35183\" src=\"https:\/\/inclusivenews.com.br\/wp-content\/uploads\/2025\/11\/f4.jpg\" alt=\"Um grupo diverso de oito pessoas posa sorrindo, com uma mulher em cadeira de rodas ao centro. Todos usam crach\u00e1s e roupas elegantes. Ao fundo, outras pessoas circulam e conversam em um espa\u00e7o de exposi\u00e7\u00e3o, com mesas e materiais de divulga\u00e7\u00e3o. O clima \u00e9 de entusiasmo e conex\u00e3o.\" class=\"wp-image-35183\" srcset=\"https:\/\/inclusivenews.com.br\/wp-content\/uploads\/2025\/11\/f4.jpg 1024w, https:\/\/inclusivenews.com.br\/wp-content\/uploads\/2025\/11\/f4-300x200.jpg 300w, https:\/\/inclusivenews.com.br\/wp-content\/uploads\/2025\/11\/f4-768x512.jpg 768w\" sizes=\"auto, (max-width: 1024px) 100vw, 1024px\" \/><\/figure>\n\n\n\n<figure class=\"wp-block-image size-large\"><img loading=\"lazy\" decoding=\"async\" width=\"1024\" height=\"683\" data-id=\"35182\" src=\"https:\/\/inclusivenews.com.br\/wp-content\/uploads\/2025\/11\/f5.jpg\" alt=\"Sete mulheres posam sorrindo diante de um tel\u00e3o que exibe o logotipo \u201cSenac RJ\u201d. Todas usam crach\u00e1s da confer\u00eancia e roupas com tons escuros e estampas florais. O grupo parece formado por palestrantes ou participantes da confer\u00eancia, demonstrando uni\u00e3o e alegria.\" class=\"wp-image-35182\" srcset=\"https:\/\/inclusivenews.com.br\/wp-content\/uploads\/2025\/11\/f5.jpg 1024w, https:\/\/inclusivenews.com.br\/wp-content\/uploads\/2025\/11\/f5-300x200.jpg 300w, https:\/\/inclusivenews.com.br\/wp-content\/uploads\/2025\/11\/f5-768x512.jpg 768w\" sizes=\"auto, (max-width: 1024px) 100vw, 1024px\" \/><\/figure>\n\n\n\n<figure class=\"wp-block-image size-large\"><img loading=\"lazy\" decoding=\"async\" width=\"1024\" height=\"683\" data-id=\"35181\" src=\"https:\/\/inclusivenews.com.br\/wp-content\/uploads\/2025\/11\/f1.jpg\" alt=\"Cinco pessoas posam sorrindo atr\u00e1s de uma mesa com materiais e folhetos coloridos. H\u00e1 crach\u00e1s de evento nos pesco\u00e7os. Ao fundo, uma janela mostra \u00e1rvores e a fachada de um pr\u00e9dio hist\u00f3rico. O grupo transmite simpatia e receptividade.\" class=\"wp-image-35181\" srcset=\"https:\/\/inclusivenews.com.br\/wp-content\/uploads\/2025\/11\/f1.jpg 1024w, https:\/\/inclusivenews.com.br\/wp-content\/uploads\/2025\/11\/f1-300x200.jpg 300w, https:\/\/inclusivenews.com.br\/wp-content\/uploads\/2025\/11\/f1-768x512.jpg 768w\" sizes=\"auto, (max-width: 1024px) 100vw, 1024px\" \/><\/figure>\n\n\n\n<figure class=\"wp-block-image size-large\"><img loading=\"lazy\" decoding=\"async\" width=\"1024\" height=\"683\" data-id=\"35173\" src=\"https:\/\/inclusivenews.com.br\/wp-content\/uploads\/2025\/11\/d4.jpg\" alt=\"Tr\u00eas pessoas est\u00e3o sentadas \u00e0 frente de um grupo, em uma mesa com notebooks e microfones. Um homem fala ao microfone enquanto as outras duas pessoas o escutam atentamente. O p\u00fablico est\u00e1 de frente para eles, tomando notas. A sala tem janelas grandes com vista para um pr\u00e9dio hist\u00f3rico e jardins externos.\" class=\"wp-image-35173\" srcset=\"https:\/\/inclusivenews.com.br\/wp-content\/uploads\/2025\/11\/d4.jpg 1024w, https:\/\/inclusivenews.com.br\/wp-content\/uploads\/2025\/11\/d4-300x200.jpg 300w, https:\/\/inclusivenews.com.br\/wp-content\/uploads\/2025\/11\/d4-768x512.jpg 768w\" sizes=\"auto, (max-width: 1024px) 100vw, 1024px\" \/><\/figure>\n\n\n\n<figure class=\"wp-block-image size-large\"><img loading=\"lazy\" decoding=\"async\" width=\"1024\" height=\"683\" data-id=\"35169\" src=\"https:\/\/inclusivenews.com.br\/wp-content\/uploads\/2025\/11\/d1.jpg\" alt=\"Um homem jovem em cadeira de rodas est\u00e1 no centro da imagem, acompanhado por uma senhora \u00e0 esquerda e um senhor \u00e0 direita. A senhora segura uma prancha de comunica\u00e7\u00e3o com letras e s\u00edmbolos, enquanto o homem toca a prancha com aux\u00edlio do senhor. Ao fundo, h\u00e1 pessoas observando a cena. O ambiente parece ser um evento ou oficina sobre comunica\u00e7\u00e3o acess\u00edvel.\" class=\"wp-image-35169\" srcset=\"https:\/\/inclusivenews.com.br\/wp-content\/uploads\/2025\/11\/d1.jpg 1024w, https:\/\/inclusivenews.com.br\/wp-content\/uploads\/2025\/11\/d1-300x200.jpg 300w, https:\/\/inclusivenews.com.br\/wp-content\/uploads\/2025\/11\/d1-768x512.jpg 768w\" sizes=\"auto, (max-width: 1024px) 100vw, 1024px\" \/><\/figure>\n\n\n\n<figure class=\"wp-block-image size-large\"><img loading=\"lazy\" decoding=\"async\" width=\"1024\" height=\"683\" data-id=\"35175\" src=\"https:\/\/inclusivenews.com.br\/wp-content\/uploads\/2025\/11\/e3.jpg\" alt=\"Em um audit\u00f3rio, uma mulher de \u00f3culos escuros e roupa clara est\u00e1 sentada ao lado de um homem com barba e \u00f3culos, que segura um microfone e fala. Outras pessoas est\u00e3o sentadas ao fundo, ouvindo com aten\u00e7\u00e3o. O ambiente \u00e9 de um evento com foco em acessibilidade e inclus\u00e3o.\" class=\"wp-image-35175\" srcset=\"https:\/\/inclusivenews.com.br\/wp-content\/uploads\/2025\/11\/e3.jpg 1024w, https:\/\/inclusivenews.com.br\/wp-content\/uploads\/2025\/11\/e3-300x200.jpg 300w, https:\/\/inclusivenews.com.br\/wp-content\/uploads\/2025\/11\/e3-768x512.jpg 768w\" sizes=\"auto, (max-width: 1024px) 100vw, 1024px\" \/><\/figure>\n\n\n\n<figure class=\"wp-block-image size-large\"><img loading=\"lazy\" decoding=\"async\" width=\"1024\" height=\"683\" data-id=\"35179\" src=\"https:\/\/inclusivenews.com.br\/wp-content\/uploads\/2025\/11\/f2.jpg\" alt=\"Em um ambiente de conviv\u00eancia, v\u00e1rias pessoas conversam e interagem. No centro, duas mulheres se abra\u00e7am calorosamente. Ao redor delas, outras pessoas conversam, segurando crach\u00e1s e copos. O clima \u00e9 de acolhimento e reencontro em um evento inclusivo.\" class=\"wp-image-35179\" srcset=\"https:\/\/inclusivenews.com.br\/wp-content\/uploads\/2025\/11\/f2.jpg 1024w, https:\/\/inclusivenews.com.br\/wp-content\/uploads\/2025\/11\/f2-300x200.jpg 300w, https:\/\/inclusivenews.com.br\/wp-content\/uploads\/2025\/11\/f2-768x512.jpg 768w\" sizes=\"auto, (max-width: 1024px) 100vw, 1024px\" \/><\/figure>\n<\/figure>\n\n\n\n<p>Texto: Michelle Catarine&nbsp;Machado<\/p>\n\n\n\n<p>Edi\u00e7\u00e3o: Inclusive News<\/p>\n","protected":false},"excerpt":{"rendered":"<p>Confer\u00eancia Latino-Americana de Linguagem Simples re\u00fane 13 pa\u00edses no Rio A confer\u00eancia mostrou que usar linguagem simples \u00e9 uma forma de incluir mais pessoas e fortalecer a democracia Nos dias 29 e 30 de outubro, o Rio de Janeiro sediou a Primeira Confer\u00eancia Latino-Americana de Linguagem Simples (CLALS 2025), que reuniu participantes de diversos pa\u00edses [&hellip;]<\/p>\n","protected":false},"author":1,"featured_media":35164,"comment_status":"open","ping_status":"open","sticky":false,"template":"","format":"standard","meta":{"site-container-style":"default","site-container-layout":"default","site-sidebar-layout":"default","disable-article-header":"default","disable-site-header":"default","disable-site-footer":"default","disable-content-area-spacing":"default","footnotes":""},"categories":[463],"tags":[89,863,133,503],"class_list":["post-35162","post","type-post","status-publish","format-standard","has-post-thumbnail","hentry","category-linguagem-simples","tag-acessibilidade","tag-clals","tag-comunicacao","tag-linguagem-simples"],"yoast_head":"<!-- This site is optimized with the Yoast SEO plugin v27.4 - https:\/\/yoast.com\/product\/yoast-seo-wordpress\/ -->\n<title>Confer\u00eancia Latino-Americana de Linguagem Simples re\u00fane 13 pa\u00edses no Rio -<\/title>\n<meta name=\"robots\" content=\"index, follow, max-snippet:-1, max-image-preview:large, max-video-preview:-1\" \/>\n<link rel=\"canonical\" href=\"https:\/\/inclusivenews.com.br\/?p=35162\" \/>\n<meta property=\"og:locale\" content=\"pt_PT\" \/>\n<meta property=\"og:type\" content=\"article\" \/>\n<meta property=\"og:title\" content=\"Confer\u00eancia Latino-Americana de Linguagem Simples re\u00fane 13 pa\u00edses no Rio -\" \/>\n<meta property=\"og:description\" content=\"Confer\u00eancia Latino-Americana de Linguagem Simples re\u00fane 13 pa\u00edses no Rio A confer\u00eancia mostrou que usar linguagem simples \u00e9 uma forma de incluir mais pessoas e fortalecer a democracia Nos dias 29 e 30 de outubro, o Rio de Janeiro sediou a Primeira Confer\u00eancia Latino-Americana de Linguagem Simples (CLALS 2025), que reuniu participantes de diversos pa\u00edses [&hellip;]\" \/>\n<meta property=\"og:url\" content=\"https:\/\/inclusivenews.com.br\/?p=35162\" \/>\n<meta property=\"article:publisher\" content=\"https:\/\/www.facebook.com\/agenciainclusive\/\" \/>\n<meta property=\"article:published_time\" content=\"2025-11-13T20:38:34+00:00\" \/>\n<meta property=\"article:modified_time\" content=\"2025-11-13T20:42:28+00:00\" \/>\n<meta property=\"og:image\" content=\"https:\/\/inclusivenews.com.br\/wp-content\/uploads\/2025\/11\/c1.jpg\" \/>\n\t<meta property=\"og:image:width\" content=\"1024\" \/>\n\t<meta property=\"og:image:height\" content=\"768\" \/>\n\t<meta property=\"og:image:type\" content=\"image\/jpeg\" \/>\n<meta name=\"author\" content=\"inclusivenews2024\" \/>\n<meta name=\"twitter:card\" content=\"summary_large_image\" \/>\n<meta name=\"twitter:label1\" content=\"Escrito por\" \/>\n\t<meta name=\"twitter:data1\" content=\"inclusivenews2024\" \/>\n\t<meta name=\"twitter:label2\" content=\"Tempo estimado de leitura\" \/>\n\t<meta name=\"twitter:data2\" content=\"11 minutos\" \/>\n<script type=\"application\/ld+json\" class=\"yoast-schema-graph\">{\"@context\":\"https:\\\/\\\/schema.org\",\"@graph\":[{\"@type\":\"Article\",\"@id\":\"https:\\\/\\\/inclusivenews.com.br\\\/?p=35162#article\",\"isPartOf\":{\"@id\":\"https:\\\/\\\/inclusivenews.com.br\\\/?p=35162\"},\"author\":{\"name\":\"inclusivenews2024\",\"@id\":\"https:\\\/\\\/inclusivenews.com.br\\\/#\\\/schema\\\/person\\\/ae4ec7087559b8692fb33b6fffd2273b\"},\"headline\":\"Confer\u00eancia Latino-Americana de Linguagem Simples re\u00fane 13 pa\u00edses no Rio\",\"datePublished\":\"2025-11-13T20:38:34+00:00\",\"dateModified\":\"2025-11-13T20:42:28+00:00\",\"mainEntityOfPage\":{\"@id\":\"https:\\\/\\\/inclusivenews.com.br\\\/?p=35162\"},\"wordCount\":1225,\"commentCount\":0,\"publisher\":{\"@id\":\"https:\\\/\\\/inclusivenews.com.br\\\/#organization\"},\"image\":{\"@id\":\"https:\\\/\\\/inclusivenews.com.br\\\/?p=35162#primaryimage\"},\"thumbnailUrl\":\"https:\\\/\\\/inclusivenews.com.br\\\/wp-content\\\/uploads\\\/2025\\\/11\\\/c1.jpg\",\"keywords\":[\"Acessibilidade\",\"CLALS\",\"Comunica\u00e7\u00e3o\",\"Linguagem Simples\"],\"articleSection\":[\"Linguagem Simples\"],\"inLanguage\":\"pt-PT\",\"potentialAction\":[{\"@type\":\"CommentAction\",\"name\":\"Comment\",\"target\":[\"https:\\\/\\\/inclusivenews.com.br\\\/?p=35162#respond\"]}]},{\"@type\":\"WebPage\",\"@id\":\"https:\\\/\\\/inclusivenews.com.br\\\/?p=35162\",\"url\":\"https:\\\/\\\/inclusivenews.com.br\\\/?p=35162\",\"name\":\"Confer\u00eancia Latino-Americana de Linguagem Simples re\u00fane 13 pa\u00edses no Rio -\",\"isPartOf\":{\"@id\":\"https:\\\/\\\/inclusivenews.com.br\\\/#website\"},\"primaryImageOfPage\":{\"@id\":\"https:\\\/\\\/inclusivenews.com.br\\\/?p=35162#primaryimage\"},\"image\":{\"@id\":\"https:\\\/\\\/inclusivenews.com.br\\\/?p=35162#primaryimage\"},\"thumbnailUrl\":\"https:\\\/\\\/inclusivenews.com.br\\\/wp-content\\\/uploads\\\/2025\\\/11\\\/c1.jpg\",\"datePublished\":\"2025-11-13T20:38:34+00:00\",\"dateModified\":\"2025-11-13T20:42:28+00:00\",\"breadcrumb\":{\"@id\":\"https:\\\/\\\/inclusivenews.com.br\\\/?p=35162#breadcrumb\"},\"inLanguage\":\"pt-PT\",\"potentialAction\":[{\"@type\":\"ReadAction\",\"target\":[\"https:\\\/\\\/inclusivenews.com.br\\\/?p=35162\"]}]},{\"@type\":\"ImageObject\",\"inLanguage\":\"pt-PT\",\"@id\":\"https:\\\/\\\/inclusivenews.com.br\\\/?p=35162#primaryimage\",\"url\":\"https:\\\/\\\/inclusivenews.com.br\\\/wp-content\\\/uploads\\\/2025\\\/11\\\/c1.jpg\",\"contentUrl\":\"https:\\\/\\\/inclusivenews.com.br\\\/wp-content\\\/uploads\\\/2025\\\/11\\\/c1.jpg\",\"width\":1024,\"height\":768,\"caption\":\"Uma mulher de cabelos brancos fala em p\u00e9, de costas para a c\u00e2mera, em uma sala cheia de pessoas sentadas. Ela veste uma saia longa colorida e uma blusa vermelha. O p\u00fablico, diverso e atento, ocupa quase todas as cadeiras. No fundo, h\u00e1 um painel com letras grandes coloridas e uma c\u00e2mera sobre trip\u00e9 gravando o evento.\"},{\"@type\":\"BreadcrumbList\",\"@id\":\"https:\\\/\\\/inclusivenews.com.br\\\/?p=35162#breadcrumb\",\"itemListElement\":[{\"@type\":\"ListItem\",\"position\":1,\"name\":\"In\u00edcio\",\"item\":\"https:\\\/\\\/inclusivenews.com.br\\\/\"},{\"@type\":\"ListItem\",\"position\":2,\"name\":\"Confer\u00eancia Latino-Americana de Linguagem Simples re\u00fane 13 pa\u00edses no Rio\"}]},{\"@type\":\"WebSite\",\"@id\":\"https:\\\/\\\/inclusivenews.com.br\\\/#website\",\"url\":\"https:\\\/\\\/inclusivenews.com.br\\\/\",\"name\":\"Inclusive News\",\"description\":\"Inclusive News\",\"publisher\":{\"@id\":\"https:\\\/\\\/inclusivenews.com.br\\\/#organization\"},\"potentialAction\":[{\"@type\":\"SearchAction\",\"target\":{\"@type\":\"EntryPoint\",\"urlTemplate\":\"https:\\\/\\\/inclusivenews.com.br\\\/?s={search_term_string}\"},\"query-input\":{\"@type\":\"PropertyValueSpecification\",\"valueRequired\":true,\"valueName\":\"search_term_string\"}}],\"inLanguage\":\"pt-PT\"},{\"@type\":\"Organization\",\"@id\":\"https:\\\/\\\/inclusivenews.com.br\\\/#organization\",\"name\":\"Inclusive - inclus\u00e3o e cidadania\",\"url\":\"https:\\\/\\\/inclusivenews.com.br\\\/\",\"logo\":{\"@type\":\"ImageObject\",\"inLanguage\":\"pt-PT\",\"@id\":\"https:\\\/\\\/inclusivenews.com.br\\\/#\\\/schema\\\/logo\\\/image\\\/\",\"url\":\"https:\\\/\\\/inclusivenews.com.br\\\/wp-content\\\/uploads\\\/2024\\\/03\\\/@grandesite.png\",\"contentUrl\":\"https:\\\/\\\/inclusivenews.com.br\\\/wp-content\\\/uploads\\\/2024\\\/03\\\/@grandesite.png\",\"width\":1080,\"height\":1080,\"caption\":\"Inclusive - inclus\u00e3o e cidadania\"},\"image\":{\"@id\":\"https:\\\/\\\/inclusivenews.com.br\\\/#\\\/schema\\\/logo\\\/image\\\/\"},\"sameAs\":[\"https:\\\/\\\/www.facebook.com\\\/agenciainclusive\\\/\",\"https:\\\/\\\/www.instagram.com\\\/newsinclusive\\\/\"]},{\"@type\":\"Person\",\"@id\":\"https:\\\/\\\/inclusivenews.com.br\\\/#\\\/schema\\\/person\\\/ae4ec7087559b8692fb33b6fffd2273b\",\"name\":\"inclusivenews2024\",\"image\":{\"@type\":\"ImageObject\",\"inLanguage\":\"pt-PT\",\"@id\":\"https:\\\/\\\/secure.gravatar.com\\\/avatar\\\/c5a7ef84c66fa914f55bc4f7ce26cfa275a3b9a1c5568b907bd184fb4dde7b40?s=96&d=mm&r=g\",\"url\":\"https:\\\/\\\/secure.gravatar.com\\\/avatar\\\/c5a7ef84c66fa914f55bc4f7ce26cfa275a3b9a1c5568b907bd184fb4dde7b40?s=96&d=mm&r=g\",\"contentUrl\":\"https:\\\/\\\/secure.gravatar.com\\\/avatar\\\/c5a7ef84c66fa914f55bc4f7ce26cfa275a3b9a1c5568b907bd184fb4dde7b40?s=96&d=mm&r=g\",\"caption\":\"inclusivenews2024\"},\"sameAs\":[\"https:\\\/\\\/inclusivenews.com.br\"],\"url\":\"https:\\\/\\\/inclusivenews.com.br\\\/?author=1\"}]}<\/script>\n<!-- \/ Yoast SEO plugin. -->","yoast_head_json":{"title":"Confer\u00eancia Latino-Americana de Linguagem Simples re\u00fane 13 pa\u00edses no Rio -","robots":{"index":"index","follow":"follow","max-snippet":"max-snippet:-1","max-image-preview":"max-image-preview:large","max-video-preview":"max-video-preview:-1"},"canonical":"https:\/\/inclusivenews.com.br\/?p=35162","og_locale":"pt_PT","og_type":"article","og_title":"Confer\u00eancia Latino-Americana de Linguagem Simples re\u00fane 13 pa\u00edses no Rio -","og_description":"Confer\u00eancia Latino-Americana de Linguagem Simples re\u00fane 13 pa\u00edses no Rio A confer\u00eancia mostrou que usar linguagem simples \u00e9 uma forma de incluir mais pessoas e fortalecer a democracia Nos dias 29 e 30 de outubro, o Rio de Janeiro sediou a Primeira Confer\u00eancia Latino-Americana de Linguagem Simples (CLALS 2025), que reuniu participantes de diversos pa\u00edses [&hellip;]","og_url":"https:\/\/inclusivenews.com.br\/?p=35162","article_publisher":"https:\/\/www.facebook.com\/agenciainclusive\/","article_published_time":"2025-11-13T20:38:34+00:00","article_modified_time":"2025-11-13T20:42:28+00:00","og_image":[{"width":1024,"height":768,"url":"https:\/\/inclusivenews.com.br\/wp-content\/uploads\/2025\/11\/c1.jpg","type":"image\/jpeg"}],"author":"inclusivenews2024","twitter_card":"summary_large_image","twitter_misc":{"Escrito por":"inclusivenews2024","Tempo estimado de leitura":"11 minutos"},"schema":{"@context":"https:\/\/schema.org","@graph":[{"@type":"Article","@id":"https:\/\/inclusivenews.com.br\/?p=35162#article","isPartOf":{"@id":"https:\/\/inclusivenews.com.br\/?p=35162"},"author":{"name":"inclusivenews2024","@id":"https:\/\/inclusivenews.com.br\/#\/schema\/person\/ae4ec7087559b8692fb33b6fffd2273b"},"headline":"Confer\u00eancia Latino-Americana de Linguagem Simples re\u00fane 13 pa\u00edses no Rio","datePublished":"2025-11-13T20:38:34+00:00","dateModified":"2025-11-13T20:42:28+00:00","mainEntityOfPage":{"@id":"https:\/\/inclusivenews.com.br\/?p=35162"},"wordCount":1225,"commentCount":0,"publisher":{"@id":"https:\/\/inclusivenews.com.br\/#organization"},"image":{"@id":"https:\/\/inclusivenews.com.br\/?p=35162#primaryimage"},"thumbnailUrl":"https:\/\/inclusivenews.com.br\/wp-content\/uploads\/2025\/11\/c1.jpg","keywords":["Acessibilidade","CLALS","Comunica\u00e7\u00e3o","Linguagem Simples"],"articleSection":["Linguagem Simples"],"inLanguage":"pt-PT","potentialAction":[{"@type":"CommentAction","name":"Comment","target":["https:\/\/inclusivenews.com.br\/?p=35162#respond"]}]},{"@type":"WebPage","@id":"https:\/\/inclusivenews.com.br\/?p=35162","url":"https:\/\/inclusivenews.com.br\/?p=35162","name":"Confer\u00eancia Latino-Americana de Linguagem Simples re\u00fane 13 pa\u00edses no Rio -","isPartOf":{"@id":"https:\/\/inclusivenews.com.br\/#website"},"primaryImageOfPage":{"@id":"https:\/\/inclusivenews.com.br\/?p=35162#primaryimage"},"image":{"@id":"https:\/\/inclusivenews.com.br\/?p=35162#primaryimage"},"thumbnailUrl":"https:\/\/inclusivenews.com.br\/wp-content\/uploads\/2025\/11\/c1.jpg","datePublished":"2025-11-13T20:38:34+00:00","dateModified":"2025-11-13T20:42:28+00:00","breadcrumb":{"@id":"https:\/\/inclusivenews.com.br\/?p=35162#breadcrumb"},"inLanguage":"pt-PT","potentialAction":[{"@type":"ReadAction","target":["https:\/\/inclusivenews.com.br\/?p=35162"]}]},{"@type":"ImageObject","inLanguage":"pt-PT","@id":"https:\/\/inclusivenews.com.br\/?p=35162#primaryimage","url":"https:\/\/inclusivenews.com.br\/wp-content\/uploads\/2025\/11\/c1.jpg","contentUrl":"https:\/\/inclusivenews.com.br\/wp-content\/uploads\/2025\/11\/c1.jpg","width":1024,"height":768,"caption":"Uma mulher de cabelos brancos fala em p\u00e9, de costas para a c\u00e2mera, em uma sala cheia de pessoas sentadas. Ela veste uma saia longa colorida e uma blusa vermelha. O p\u00fablico, diverso e atento, ocupa quase todas as cadeiras. No fundo, h\u00e1 um painel com letras grandes coloridas e uma c\u00e2mera sobre trip\u00e9 gravando o evento."},{"@type":"BreadcrumbList","@id":"https:\/\/inclusivenews.com.br\/?p=35162#breadcrumb","itemListElement":[{"@type":"ListItem","position":1,"name":"In\u00edcio","item":"https:\/\/inclusivenews.com.br\/"},{"@type":"ListItem","position":2,"name":"Confer\u00eancia Latino-Americana de Linguagem Simples re\u00fane 13 pa\u00edses no Rio"}]},{"@type":"WebSite","@id":"https:\/\/inclusivenews.com.br\/#website","url":"https:\/\/inclusivenews.com.br\/","name":"Inclusive News","description":"Inclusive News","publisher":{"@id":"https:\/\/inclusivenews.com.br\/#organization"},"potentialAction":[{"@type":"SearchAction","target":{"@type":"EntryPoint","urlTemplate":"https:\/\/inclusivenews.com.br\/?s={search_term_string}"},"query-input":{"@type":"PropertyValueSpecification","valueRequired":true,"valueName":"search_term_string"}}],"inLanguage":"pt-PT"},{"@type":"Organization","@id":"https:\/\/inclusivenews.com.br\/#organization","name":"Inclusive - inclus\u00e3o e cidadania","url":"https:\/\/inclusivenews.com.br\/","logo":{"@type":"ImageObject","inLanguage":"pt-PT","@id":"https:\/\/inclusivenews.com.br\/#\/schema\/logo\/image\/","url":"https:\/\/inclusivenews.com.br\/wp-content\/uploads\/2024\/03\/@grandesite.png","contentUrl":"https:\/\/inclusivenews.com.br\/wp-content\/uploads\/2024\/03\/@grandesite.png","width":1080,"height":1080,"caption":"Inclusive - inclus\u00e3o e cidadania"},"image":{"@id":"https:\/\/inclusivenews.com.br\/#\/schema\/logo\/image\/"},"sameAs":["https:\/\/www.facebook.com\/agenciainclusive\/","https:\/\/www.instagram.com\/newsinclusive\/"]},{"@type":"Person","@id":"https:\/\/inclusivenews.com.br\/#\/schema\/person\/ae4ec7087559b8692fb33b6fffd2273b","name":"inclusivenews2024","image":{"@type":"ImageObject","inLanguage":"pt-PT","@id":"https:\/\/secure.gravatar.com\/avatar\/c5a7ef84c66fa914f55bc4f7ce26cfa275a3b9a1c5568b907bd184fb4dde7b40?s=96&d=mm&r=g","url":"https:\/\/secure.gravatar.com\/avatar\/c5a7ef84c66fa914f55bc4f7ce26cfa275a3b9a1c5568b907bd184fb4dde7b40?s=96&d=mm&r=g","contentUrl":"https:\/\/secure.gravatar.com\/avatar\/c5a7ef84c66fa914f55bc4f7ce26cfa275a3b9a1c5568b907bd184fb4dde7b40?s=96&d=mm&r=g","caption":"inclusivenews2024"},"sameAs":["https:\/\/inclusivenews.com.br"],"url":"https:\/\/inclusivenews.com.br\/?author=1"}]}},"_links":{"self":[{"href":"https:\/\/inclusivenews.com.br\/index.php?rest_route=\/wp\/v2\/posts\/35162","targetHints":{"allow":["GET"]}}],"collection":[{"href":"https:\/\/inclusivenews.com.br\/index.php?rest_route=\/wp\/v2\/posts"}],"about":[{"href":"https:\/\/inclusivenews.com.br\/index.php?rest_route=\/wp\/v2\/types\/post"}],"author":[{"embeddable":true,"href":"https:\/\/inclusivenews.com.br\/index.php?rest_route=\/wp\/v2\/users\/1"}],"replies":[{"embeddable":true,"href":"https:\/\/inclusivenews.com.br\/index.php?rest_route=%2Fwp%2Fv2%2Fcomments&post=35162"}],"version-history":[{"count":2,"href":"https:\/\/inclusivenews.com.br\/index.php?rest_route=\/wp\/v2\/posts\/35162\/revisions"}],"predecessor-version":[{"id":35187,"href":"https:\/\/inclusivenews.com.br\/index.php?rest_route=\/wp\/v2\/posts\/35162\/revisions\/35187"}],"wp:featuredmedia":[{"embeddable":true,"href":"https:\/\/inclusivenews.com.br\/index.php?rest_route=\/wp\/v2\/media\/35164"}],"wp:attachment":[{"href":"https:\/\/inclusivenews.com.br\/index.php?rest_route=%2Fwp%2Fv2%2Fmedia&parent=35162"}],"wp:term":[{"taxonomy":"category","embeddable":true,"href":"https:\/\/inclusivenews.com.br\/index.php?rest_route=%2Fwp%2Fv2%2Fcategories&post=35162"},{"taxonomy":"post_tag","embeddable":true,"href":"https:\/\/inclusivenews.com.br\/index.php?rest_route=%2Fwp%2Fv2%2Ftags&post=35162"}],"curies":[{"name":"wp","href":"https:\/\/api.w.org\/{rel}","templated":true}]}}