{"id":35301,"date":"2025-12-30T16:42:33","date_gmt":"2025-12-30T16:42:33","guid":{"rendered":"https:\/\/inclusivenews.com.br\/?p=35301"},"modified":"2026-01-03T16:57:26","modified_gmt":"2026-01-03T16:57:26","slug":"balanco-resgate-inclusivo-e-sndpd-do-mdhc","status":"publish","type":"post","link":"https:\/\/inclusivenews.com.br\/?p=35301","title":{"rendered":"Balan\u00e7o: Resgate Inclusivo e SNDPD do MDHC"},"content":{"rendered":"\n<p>Texto de Marta Almeida Gil<\/p>\n\n\n\n<p>Anna Paula, em meu nome e no da equipe do projeto &#8220;Resgate Inclusivo: Pessoas com Defici\u00eancia e Eventos Clim\u00e1ticos Extremos (PRI)&#8221;, agrade\u00e7o o apoio da Secretaria Nacional dos Direitos da Pessoa com Defici\u00eancia durante 2025<\/p>\n\n\n\n<p><strong>Destaques:<\/strong><\/p>\n\n\n\n<p>01 e 02\/09 \u2013 Men\u00e7\u00e3o ao PRI como a\u00e7\u00e3o estrat\u00e9gica no II CONAPCD &#8211; Congresso Nacional sobre os Direitos das Pessoas com Defici\u00eancia. Tema: Justi\u00e7a Clim\u00e1tica e Pessoas com Defici\u00eancia &#8211; 01 e 02 de setembro &#8211; Belo Horizonte, MG;<\/p>\n\n\n\n<p>18\/09 \u2013 Lan\u00e7amento oficial do PRI, com a participa\u00e7\u00e3o da Senadora Mara Gabrilli e da equipe do PRI ; divulga\u00e7\u00e3o no YouTube (canal do Instituto IDECON) e lan\u00e7amento do Boletim PRI;<\/p>\n\n\n\n<p>08\/10 \u2013 Reuni\u00e3o com representantes do Minist\u00e9rio das Cidades, Minist\u00e9rio da Integra\u00e7\u00e3o e do Desenvolvimento Regional (MIDR) e Minist\u00e9rio dos Direitos Humanos, para apresentar o PRI, contatos potencialmente promissores e discutir a participa\u00e7\u00e3o na COP 30;<\/p>\n\n\n\n<p>15\/11 \u2013 COP 30 &#8211; Roda de Conversa &#8220;Emerg\u00eancia Clim\u00e1tica e Resgate da Dignidade: prote\u00e7\u00e3o de pessoas com defici\u00eancia em desastres clim\u00e1ticos&#8221; &#8211; v\u00eddeo apresentado por Marta Almeida Gil, idealizadora do PRI e apoio do Instituto de Estudos Jur\u00eddicos e Di\u00e1logos Constitucionais (IDECON), com Libras e audiodescri\u00e7\u00e3o.<\/p>\n\n\n\n<p><strong>Canais de divulga\u00e7\u00e3o do PRI<\/strong><\/p>\n\n\n\n<p>Instagram &#8211; <a href=\"https:\/\/www.instagram.com\/resgateinclusivo\/\">@ResgateInclusivo<\/a><\/p>\n\n\n\n<p>LinkedIn &#8211; <a href=\"https:\/\/www.linkedin.com\/company\/resgate-inclusivo\/\">@Resgate Inclusivo<\/a><\/p>\n\n\n\n<p><\/p>\n\n\n\n<p><strong>I Congresso Internacional sobre Defici\u00eancia na USP Apresenta\u00e7\u00f5es:<\/strong><\/p>\n\n\n\n<p>&#8220;Resgate Inclusivo: Pessoas com Defici\u00eancia e Eventos Clim\u00e1ticos Extremos&#8221;<\/p>\n\n\n\n<p>&#8220;Justi\u00e7a Clim\u00e1tica &#8211; Direito Humano das Pessoas com Defici\u00eancia Intelectual \u00e0 participa\u00e7\u00e3o na gest\u00e3o de riscos de desastres &#8211; Forma\u00e7\u00e3o para a Cidadania&#8221;.<\/p>\n\n\n\n<p><\/p>\n\n\n\n<p><strong>Parcerias e contatos internacionais &#8211; destaques<\/strong><\/p>\n\n\n\n<p>Federa\u00e7\u00e3o Brasileira das Entidades de S\u00edndrome de Down (FBASD)<\/p>\n\n\n\n<p>World Institute on Disability (EUA)<\/p>\n\n\n\n<p>Global Green Grants (Comunidade Europeia)<\/p>\n\n\n\n<p>Pa\u00edses Africanos de L\u00edngua Oficial Portuguesa (PALOP)<\/p>\n\n\n\n<p><\/p>\n\n\n\n<p>Para 2026, esperamos intensificar nossas a\u00e7\u00f5es, com o apoio da SNDPD para concretizar nossos objetivos de desenvolver a\u00e7\u00f5es estruturantes e continuadas nas \u00e1reas da Preven\u00e7\u00e3o, Prepara\u00e7\u00e3o, Mitiga\u00e7\u00e3o\/Adapta\u00e7\u00e3o, Resgate, Recupera\u00e7\u00e3o do Ambiente F\u00edsico e Apoio Emocional, como consta da Conven\u00e7\u00e3o sobre os Direitos das Pessoas com Defici\u00eancia e da Lei n.\u00ba 13.146\/2015 (LBI).<\/p>\n\n\n\n<p>Que venha 2026! Estamos preparados!<\/p>\n","protected":false},"excerpt":{"rendered":"<p>Texto de Marta Almeida Gil Anna Paula, em meu nome e no da equipe do projeto &#8220;Resgate Inclusivo: Pessoas com Defici\u00eancia e Eventos Clim\u00e1ticos Extremos (PRI)&#8221;, agrade\u00e7o o apoio da Secretaria Nacional dos Direitos da Pessoa com Defici\u00eancia durante 2025 Destaques: 01 e 02\/09 \u2013 Men\u00e7\u00e3o ao PRI como a\u00e7\u00e3o estrat\u00e9gica no II CONAPCD &#8211; [&hellip;]<\/p>\n","protected":false},"author":1,"featured_media":35302,"comment_status":"open","ping_status":"open","sticky":false,"template":"","format":"standard","meta":{"site-container-style":"default","site-container-layout":"default","site-sidebar-layout":"default","disable-article-header":"default","disable-site-header":"default","disable-site-footer":"default","disable-content-area-spacing":"default","footnotes":""},"categories":[841],"tags":[535,876,842,875,519],"class_list":["post-35301","post","type-post","status-publish","format-standard","has-post-thumbnail","hentry","category-resgate-inclusivo","tag-mdhc","tag-pri","tag-resgate-inclusivo","tag-resgate-inclusivo-pessoas-com-deficiencia-e-eventos-climaticos-extremos","tag-sndpd"],"yoast_head":"<!-- This site is optimized with the Yoast SEO plugin v27.4 - https:\/\/yoast.com\/product\/yoast-seo-wordpress\/ -->\n<title>Balan\u00e7o: Resgate Inclusivo e SNDPD do MDHC -<\/title>\n<meta name=\"robots\" content=\"index, follow, max-snippet:-1, max-image-preview:large, max-video-preview:-1\" \/>\n<link rel=\"canonical\" href=\"https:\/\/inclusivenews.com.br\/?p=35301\" \/>\n<meta property=\"og:locale\" content=\"pt_PT\" \/>\n<meta property=\"og:type\" content=\"article\" \/>\n<meta property=\"og:title\" content=\"Balan\u00e7o: Resgate Inclusivo e SNDPD do MDHC -\" \/>\n<meta property=\"og:description\" content=\"Texto de Marta Almeida Gil Anna Paula, em meu nome e no da equipe do projeto &#8220;Resgate Inclusivo: Pessoas com Defici\u00eancia e Eventos Clim\u00e1ticos Extremos (PRI)&#8221;, agrade\u00e7o o apoio da Secretaria Nacional dos Direitos da Pessoa com Defici\u00eancia durante 2025 Destaques: 01 e 02\/09 \u2013 Men\u00e7\u00e3o ao PRI como a\u00e7\u00e3o estrat\u00e9gica no II CONAPCD &#8211; [&hellip;]\" \/>\n<meta property=\"og:url\" content=\"https:\/\/inclusivenews.com.br\/?p=35301\" \/>\n<meta property=\"article:publisher\" content=\"https:\/\/www.facebook.com\/agenciainclusive\/\" \/>\n<meta property=\"article:published_time\" content=\"2025-12-30T16:42:33+00:00\" \/>\n<meta property=\"article:modified_time\" content=\"2026-01-03T16:57:26+00:00\" \/>\n<meta property=\"og:image\" content=\"https:\/\/inclusivenews.com.br\/wp-content\/uploads\/2026\/01\/img-20240504-wa0366-scaled-1.jpg\" \/>\n\t<meta property=\"og:image:width\" content=\"2560\" \/>\n\t<meta property=\"og:image:height\" content=\"1706\" \/>\n\t<meta property=\"og:image:type\" content=\"image\/jpeg\" \/>\n<meta name=\"author\" content=\"inclusivenews2024\" \/>\n<meta name=\"twitter:card\" content=\"summary_large_image\" \/>\n<meta name=\"twitter:label1\" content=\"Escrito por\" \/>\n\t<meta name=\"twitter:data1\" content=\"inclusivenews2024\" \/>\n\t<meta name=\"twitter:label2\" content=\"Tempo estimado de leitura\" \/>\n\t<meta name=\"twitter:data2\" content=\"2 minutos\" \/>\n<script type=\"application\/ld+json\" class=\"yoast-schema-graph\">{\"@context\":\"https:\\\/\\\/schema.org\",\"@graph\":[{\"@type\":\"Article\",\"@id\":\"https:\\\/\\\/inclusivenews.com.br\\\/?p=35301#article\",\"isPartOf\":{\"@id\":\"https:\\\/\\\/inclusivenews.com.br\\\/?p=35301\"},\"author\":{\"name\":\"inclusivenews2024\",\"@id\":\"https:\\\/\\\/inclusivenews.com.br\\\/#\\\/schema\\\/person\\\/ae4ec7087559b8692fb33b6fffd2273b\"},\"headline\":\"Balan\u00e7o: Resgate Inclusivo e SNDPD do MDHC\",\"datePublished\":\"2025-12-30T16:42:33+00:00\",\"dateModified\":\"2026-01-03T16:57:26+00:00\",\"mainEntityOfPage\":{\"@id\":\"https:\\\/\\\/inclusivenews.com.br\\\/?p=35301\"},\"wordCount\":381,\"commentCount\":0,\"publisher\":{\"@id\":\"https:\\\/\\\/inclusivenews.com.br\\\/#organization\"},\"image\":{\"@id\":\"https:\\\/\\\/inclusivenews.com.br\\\/?p=35301#primaryimage\"},\"thumbnailUrl\":\"https:\\\/\\\/inclusivenews.com.br\\\/wp-content\\\/uploads\\\/2026\\\/01\\\/img-20240504-wa0366-scaled-1.jpg\",\"keywords\":[\"MDHC\",\"PRI\",\"Resgate Inclusivo\",\"Resgate Inclusivo: Pessoas com Defici\u00eancia e Eventos Clim\u00e1ticos Extremos\",\"SNDPD\"],\"articleSection\":[\"Resgate Inclusivo\"],\"inLanguage\":\"pt-PT\",\"potentialAction\":[{\"@type\":\"CommentAction\",\"name\":\"Comment\",\"target\":[\"https:\\\/\\\/inclusivenews.com.br\\\/?p=35301#respond\"]}]},{\"@type\":\"WebPage\",\"@id\":\"https:\\\/\\\/inclusivenews.com.br\\\/?p=35301\",\"url\":\"https:\\\/\\\/inclusivenews.com.br\\\/?p=35301\",\"name\":\"Balan\u00e7o: Resgate Inclusivo e SNDPD do MDHC -\",\"isPartOf\":{\"@id\":\"https:\\\/\\\/inclusivenews.com.br\\\/#website\"},\"primaryImageOfPage\":{\"@id\":\"https:\\\/\\\/inclusivenews.com.br\\\/?p=35301#primaryimage\"},\"image\":{\"@id\":\"https:\\\/\\\/inclusivenews.com.br\\\/?p=35301#primaryimage\"},\"thumbnailUrl\":\"https:\\\/\\\/inclusivenews.com.br\\\/wp-content\\\/uploads\\\/2026\\\/01\\\/img-20240504-wa0366-scaled-1.jpg\",\"datePublished\":\"2025-12-30T16:42:33+00:00\",\"dateModified\":\"2026-01-03T16:57:26+00:00\",\"breadcrumb\":{\"@id\":\"https:\\\/\\\/inclusivenews.com.br\\\/?p=35301#breadcrumb\"},\"inLanguage\":\"pt-PT\",\"potentialAction\":[{\"@type\":\"ReadAction\",\"target\":[\"https:\\\/\\\/inclusivenews.com.br\\\/?p=35301\"]}]},{\"@type\":\"ImageObject\",\"inLanguage\":\"pt-PT\",\"@id\":\"https:\\\/\\\/inclusivenews.com.br\\\/?p=35301#primaryimage\",\"url\":\"https:\\\/\\\/inclusivenews.com.br\\\/wp-content\\\/uploads\\\/2026\\\/01\\\/img-20240504-wa0366-scaled-1.jpg\",\"contentUrl\":\"https:\\\/\\\/inclusivenews.com.br\\\/wp-content\\\/uploads\\\/2026\\\/01\\\/img-20240504-wa0366-scaled-1.jpg\",\"width\":2560,\"height\":1706},{\"@type\":\"BreadcrumbList\",\"@id\":\"https:\\\/\\\/inclusivenews.com.br\\\/?p=35301#breadcrumb\",\"itemListElement\":[{\"@type\":\"ListItem\",\"position\":1,\"name\":\"In\u00edcio\",\"item\":\"https:\\\/\\\/inclusivenews.com.br\\\/\"},{\"@type\":\"ListItem\",\"position\":2,\"name\":\"Balan\u00e7o: Resgate Inclusivo e SNDPD do MDHC\"}]},{\"@type\":\"WebSite\",\"@id\":\"https:\\\/\\\/inclusivenews.com.br\\\/#website\",\"url\":\"https:\\\/\\\/inclusivenews.com.br\\\/\",\"name\":\"Inclusive News\",\"description\":\"Inclusive News\",\"publisher\":{\"@id\":\"https:\\\/\\\/inclusivenews.com.br\\\/#organization\"},\"potentialAction\":[{\"@type\":\"SearchAction\",\"target\":{\"@type\":\"EntryPoint\",\"urlTemplate\":\"https:\\\/\\\/inclusivenews.com.br\\\/?s={search_term_string}\"},\"query-input\":{\"@type\":\"PropertyValueSpecification\",\"valueRequired\":true,\"valueName\":\"search_term_string\"}}],\"inLanguage\":\"pt-PT\"},{\"@type\":\"Organization\",\"@id\":\"https:\\\/\\\/inclusivenews.com.br\\\/#organization\",\"name\":\"Inclusive - inclus\u00e3o e cidadania\",\"url\":\"https:\\\/\\\/inclusivenews.com.br\\\/\",\"logo\":{\"@type\":\"ImageObject\",\"inLanguage\":\"pt-PT\",\"@id\":\"https:\\\/\\\/inclusivenews.com.br\\\/#\\\/schema\\\/logo\\\/image\\\/\",\"url\":\"https:\\\/\\\/inclusivenews.com.br\\\/wp-content\\\/uploads\\\/2024\\\/03\\\/@grandesite.png\",\"contentUrl\":\"https:\\\/\\\/inclusivenews.com.br\\\/wp-content\\\/uploads\\\/2024\\\/03\\\/@grandesite.png\",\"width\":1080,\"height\":1080,\"caption\":\"Inclusive - inclus\u00e3o e cidadania\"},\"image\":{\"@id\":\"https:\\\/\\\/inclusivenews.com.br\\\/#\\\/schema\\\/logo\\\/image\\\/\"},\"sameAs\":[\"https:\\\/\\\/www.facebook.com\\\/agenciainclusive\\\/\",\"https:\\\/\\\/www.instagram.com\\\/newsinclusive\\\/\"]},{\"@type\":\"Person\",\"@id\":\"https:\\\/\\\/inclusivenews.com.br\\\/#\\\/schema\\\/person\\\/ae4ec7087559b8692fb33b6fffd2273b\",\"name\":\"inclusivenews2024\",\"image\":{\"@type\":\"ImageObject\",\"inLanguage\":\"pt-PT\",\"@id\":\"https:\\\/\\\/secure.gravatar.com\\\/avatar\\\/c5a7ef84c66fa914f55bc4f7ce26cfa275a3b9a1c5568b907bd184fb4dde7b40?s=96&d=mm&r=g\",\"url\":\"https:\\\/\\\/secure.gravatar.com\\\/avatar\\\/c5a7ef84c66fa914f55bc4f7ce26cfa275a3b9a1c5568b907bd184fb4dde7b40?s=96&d=mm&r=g\",\"contentUrl\":\"https:\\\/\\\/secure.gravatar.com\\\/avatar\\\/c5a7ef84c66fa914f55bc4f7ce26cfa275a3b9a1c5568b907bd184fb4dde7b40?s=96&d=mm&r=g\",\"caption\":\"inclusivenews2024\"},\"sameAs\":[\"https:\\\/\\\/inclusivenews.com.br\"],\"url\":\"https:\\\/\\\/inclusivenews.com.br\\\/?author=1\"}]}<\/script>\n<!-- \/ Yoast SEO plugin. -->","yoast_head_json":{"title":"Balan\u00e7o: Resgate Inclusivo e SNDPD do MDHC -","robots":{"index":"index","follow":"follow","max-snippet":"max-snippet:-1","max-image-preview":"max-image-preview:large","max-video-preview":"max-video-preview:-1"},"canonical":"https:\/\/inclusivenews.com.br\/?p=35301","og_locale":"pt_PT","og_type":"article","og_title":"Balan\u00e7o: Resgate Inclusivo e SNDPD do MDHC -","og_description":"Texto de Marta Almeida Gil Anna Paula, em meu nome e no da equipe do projeto &#8220;Resgate Inclusivo: Pessoas com Defici\u00eancia e Eventos Clim\u00e1ticos Extremos (PRI)&#8221;, agrade\u00e7o o apoio da Secretaria Nacional dos Direitos da Pessoa com Defici\u00eancia durante 2025 Destaques: 01 e 02\/09 \u2013 Men\u00e7\u00e3o ao PRI como a\u00e7\u00e3o estrat\u00e9gica no II CONAPCD &#8211; [&hellip;]","og_url":"https:\/\/inclusivenews.com.br\/?p=35301","article_publisher":"https:\/\/www.facebook.com\/agenciainclusive\/","article_published_time":"2025-12-30T16:42:33+00:00","article_modified_time":"2026-01-03T16:57:26+00:00","og_image":[{"width":2560,"height":1706,"url":"https:\/\/inclusivenews.com.br\/wp-content\/uploads\/2026\/01\/img-20240504-wa0366-scaled-1.jpg","type":"image\/jpeg"}],"author":"inclusivenews2024","twitter_card":"summary_large_image","twitter_misc":{"Escrito por":"inclusivenews2024","Tempo estimado de leitura":"2 minutos"},"schema":{"@context":"https:\/\/schema.org","@graph":[{"@type":"Article","@id":"https:\/\/inclusivenews.com.br\/?p=35301#article","isPartOf":{"@id":"https:\/\/inclusivenews.com.br\/?p=35301"},"author":{"name":"inclusivenews2024","@id":"https:\/\/inclusivenews.com.br\/#\/schema\/person\/ae4ec7087559b8692fb33b6fffd2273b"},"headline":"Balan\u00e7o: Resgate Inclusivo e SNDPD do MDHC","datePublished":"2025-12-30T16:42:33+00:00","dateModified":"2026-01-03T16:57:26+00:00","mainEntityOfPage":{"@id":"https:\/\/inclusivenews.com.br\/?p=35301"},"wordCount":381,"commentCount":0,"publisher":{"@id":"https:\/\/inclusivenews.com.br\/#organization"},"image":{"@id":"https:\/\/inclusivenews.com.br\/?p=35301#primaryimage"},"thumbnailUrl":"https:\/\/inclusivenews.com.br\/wp-content\/uploads\/2026\/01\/img-20240504-wa0366-scaled-1.jpg","keywords":["MDHC","PRI","Resgate Inclusivo","Resgate Inclusivo: Pessoas com Defici\u00eancia e Eventos Clim\u00e1ticos Extremos","SNDPD"],"articleSection":["Resgate Inclusivo"],"inLanguage":"pt-PT","potentialAction":[{"@type":"CommentAction","name":"Comment","target":["https:\/\/inclusivenews.com.br\/?p=35301#respond"]}]},{"@type":"WebPage","@id":"https:\/\/inclusivenews.com.br\/?p=35301","url":"https:\/\/inclusivenews.com.br\/?p=35301","name":"Balan\u00e7o: Resgate Inclusivo e SNDPD do MDHC -","isPartOf":{"@id":"https:\/\/inclusivenews.com.br\/#website"},"primaryImageOfPage":{"@id":"https:\/\/inclusivenews.com.br\/?p=35301#primaryimage"},"image":{"@id":"https:\/\/inclusivenews.com.br\/?p=35301#primaryimage"},"thumbnailUrl":"https:\/\/inclusivenews.com.br\/wp-content\/uploads\/2026\/01\/img-20240504-wa0366-scaled-1.jpg","datePublished":"2025-12-30T16:42:33+00:00","dateModified":"2026-01-03T16:57:26+00:00","breadcrumb":{"@id":"https:\/\/inclusivenews.com.br\/?p=35301#breadcrumb"},"inLanguage":"pt-PT","potentialAction":[{"@type":"ReadAction","target":["https:\/\/inclusivenews.com.br\/?p=35301"]}]},{"@type":"ImageObject","inLanguage":"pt-PT","@id":"https:\/\/inclusivenews.com.br\/?p=35301#primaryimage","url":"https:\/\/inclusivenews.com.br\/wp-content\/uploads\/2026\/01\/img-20240504-wa0366-scaled-1.jpg","contentUrl":"https:\/\/inclusivenews.com.br\/wp-content\/uploads\/2026\/01\/img-20240504-wa0366-scaled-1.jpg","width":2560,"height":1706},{"@type":"BreadcrumbList","@id":"https:\/\/inclusivenews.com.br\/?p=35301#breadcrumb","itemListElement":[{"@type":"ListItem","position":1,"name":"In\u00edcio","item":"https:\/\/inclusivenews.com.br\/"},{"@type":"ListItem","position":2,"name":"Balan\u00e7o: Resgate Inclusivo e SNDPD do MDHC"}]},{"@type":"WebSite","@id":"https:\/\/inclusivenews.com.br\/#website","url":"https:\/\/inclusivenews.com.br\/","name":"Inclusive News","description":"Inclusive News","publisher":{"@id":"https:\/\/inclusivenews.com.br\/#organization"},"potentialAction":[{"@type":"SearchAction","target":{"@type":"EntryPoint","urlTemplate":"https:\/\/inclusivenews.com.br\/?s={search_term_string}"},"query-input":{"@type":"PropertyValueSpecification","valueRequired":true,"valueName":"search_term_string"}}],"inLanguage":"pt-PT"},{"@type":"Organization","@id":"https:\/\/inclusivenews.com.br\/#organization","name":"Inclusive - inclus\u00e3o e cidadania","url":"https:\/\/inclusivenews.com.br\/","logo":{"@type":"ImageObject","inLanguage":"pt-PT","@id":"https:\/\/inclusivenews.com.br\/#\/schema\/logo\/image\/","url":"https:\/\/inclusivenews.com.br\/wp-content\/uploads\/2024\/03\/@grandesite.png","contentUrl":"https:\/\/inclusivenews.com.br\/wp-content\/uploads\/2024\/03\/@grandesite.png","width":1080,"height":1080,"caption":"Inclusive - inclus\u00e3o e cidadania"},"image":{"@id":"https:\/\/inclusivenews.com.br\/#\/schema\/logo\/image\/"},"sameAs":["https:\/\/www.facebook.com\/agenciainclusive\/","https:\/\/www.instagram.com\/newsinclusive\/"]},{"@type":"Person","@id":"https:\/\/inclusivenews.com.br\/#\/schema\/person\/ae4ec7087559b8692fb33b6fffd2273b","name":"inclusivenews2024","image":{"@type":"ImageObject","inLanguage":"pt-PT","@id":"https:\/\/secure.gravatar.com\/avatar\/c5a7ef84c66fa914f55bc4f7ce26cfa275a3b9a1c5568b907bd184fb4dde7b40?s=96&d=mm&r=g","url":"https:\/\/secure.gravatar.com\/avatar\/c5a7ef84c66fa914f55bc4f7ce26cfa275a3b9a1c5568b907bd184fb4dde7b40?s=96&d=mm&r=g","contentUrl":"https:\/\/secure.gravatar.com\/avatar\/c5a7ef84c66fa914f55bc4f7ce26cfa275a3b9a1c5568b907bd184fb4dde7b40?s=96&d=mm&r=g","caption":"inclusivenews2024"},"sameAs":["https:\/\/inclusivenews.com.br"],"url":"https:\/\/inclusivenews.com.br\/?author=1"}]}},"_links":{"self":[{"href":"https:\/\/inclusivenews.com.br\/index.php?rest_route=\/wp\/v2\/posts\/35301","targetHints":{"allow":["GET"]}}],"collection":[{"href":"https:\/\/inclusivenews.com.br\/index.php?rest_route=\/wp\/v2\/posts"}],"about":[{"href":"https:\/\/inclusivenews.com.br\/index.php?rest_route=\/wp\/v2\/types\/post"}],"author":[{"embeddable":true,"href":"https:\/\/inclusivenews.com.br\/index.php?rest_route=\/wp\/v2\/users\/1"}],"replies":[{"embeddable":true,"href":"https:\/\/inclusivenews.com.br\/index.php?rest_route=%2Fwp%2Fv2%2Fcomments&post=35301"}],"version-history":[{"count":2,"href":"https:\/\/inclusivenews.com.br\/index.php?rest_route=\/wp\/v2\/posts\/35301\/revisions"}],"predecessor-version":[{"id":35305,"href":"https:\/\/inclusivenews.com.br\/index.php?rest_route=\/wp\/v2\/posts\/35301\/revisions\/35305"}],"wp:featuredmedia":[{"embeddable":true,"href":"https:\/\/inclusivenews.com.br\/index.php?rest_route=\/wp\/v2\/media\/35302"}],"wp:attachment":[{"href":"https:\/\/inclusivenews.com.br\/index.php?rest_route=%2Fwp%2Fv2%2Fmedia&parent=35301"}],"wp:term":[{"taxonomy":"category","embeddable":true,"href":"https:\/\/inclusivenews.com.br\/index.php?rest_route=%2Fwp%2Fv2%2Fcategories&post=35301"},{"taxonomy":"post_tag","embeddable":true,"href":"https:\/\/inclusivenews.com.br\/index.php?rest_route=%2Fwp%2Fv2%2Ftags&post=35301"}],"curies":[{"name":"wp","href":"https:\/\/api.w.org\/{rel}","templated":true}]}}