{"id":35549,"date":"2026-04-28T15:44:57","date_gmt":"2026-04-28T15:44:57","guid":{"rendered":"https:\/\/inclusivenews.com.br\/?p=35549"},"modified":"2026-04-28T15:44:58","modified_gmt":"2026-04-28T15:44:58","slug":"ineditismo-e-representatividade-na-formacao-em-saude-da-pessoa-com-deficiencia","status":"publish","type":"post","link":"https:\/\/inclusivenews.com.br\/?p=35549","title":{"rendered":"Ineditismo e Representatividade na Forma\u00e7\u00e3o em Sa\u00fade da pessoa com defici\u00eancia"},"content":{"rendered":"\n<p><\/p>\n\n\n\n<p>O Podcast Acessando Luc\u00edlia desta ter\u00e7a-feira, 28\/04, recebe a pesquisadora La\u00eds Silveira Costa, da Escola Nacional de Sa\u00fade P\u00fablica Sergio Arouca (ENSP\/Fiocruz), e as psic\u00f3logas Estrela Rodrigues e Luana Cavalcante para uma conversa sobre o curso de Especializa\u00e7\u00e3o em Qualifica\u00e7\u00e3o da Rede de Cuidados \u00e0 Pessoa com Defici\u00eancia no SUS. O curso vem se destacando pelo seu ineditismo e representatividade: 46% do corpo docente \u00e9 composto por pessoas com defici\u00eancia. Al\u00e9m disso, pela primeira vez no Brasil e possivelmente no mundo, um curso de p\u00f3s-gradua\u00e7\u00e3o conta com duas docentes com defici\u00eancia intelectual.<\/p>\n\n\n\n<p>Realizado em parceria com a Coordena\u00e7\u00e3o-Geral de Sa\u00fade da Pessoa com Defici\u00eancia, da Secretaria de Aten\u00e7\u00e3o Especializada \u00e0 Sa\u00fade do Minist\u00e9rio da Sa\u00fade, o curso tem como objetivo qualificar trabalhadores e trabalhadoras da sa\u00fade envolvidos na efetiva\u00e7\u00e3o das diretrizes da Pol\u00edtica Nacional de Aten\u00e7\u00e3o Integral \u00e0 Sa\u00fade da Pessoa com Defici\u00eancia (PNAISPD) e das a\u00e7\u00f5es da Rede de Cuidados \u00e0 Pessoa com Defici\u00eancia (RCPD). A proposta busca promover uma reflex\u00e3o cr\u00edtica sobre a rela\u00e7\u00e3o entre a sa\u00fade das pessoas com defici\u00eancia e seus direitos, compreendendo a sa\u00fade como um direito humano.<\/p>\n\n\n\n<p><strong>Sobre as convidadas:<\/strong><\/p>\n\n\n\n<p><em>La\u00eds Silveira Costa<\/em>, idealizadora e coordenadora do curso; pesquisadora do Departamento de Administra\u00e7\u00e3o e Planejamento (DAPS) da ENSP\/Fiocruz; doutora em Sa\u00fade P\u00fablica e m\u00e3e de duas crian\u00e7as \u2014 uma delas com defici\u00eancia intelectual.<\/p>\n\n\n\n<p><em>Estrela Rodrigues<\/em>, psic\u00f3loga cl\u00ednica, jur\u00eddica e perinatal; docente na Fiocruz e atuante na defesa dos direitos humanos. Mulher cega, usu\u00e1ria de c\u00e3o-guia, \u00e9 militante pelos direitos das pessoas com defici\u00eancia.<\/p>\n\n\n\n<p><em>Luana Cavalcante<\/em>, psic\u00f3loga, mulher com defici\u00eancia e especializanda em Rede de Cuidados \u00e0 Pessoa com Defici\u00eancia no SUS pela ENSP\/Fiocruz. Tamb\u00e9m \u00e9 formada em Design de Moda, criadora da marca de moda inclusiva Sweet Angels, autora do e-book \u201cPsicologia Anticapacitista: Fortalecendo subjetividades atrav\u00e9s da ci\u00eancia e representatividade\u201d e ativista da representatividade e do protagonismo das pessoas com defici\u00eancia.<\/p>\n\n\n\n<p>\ud83d\udcac Vamos falar sobre sa\u00fade, forma\u00e7\u00e3o e protagonismo das pessoas com defici\u00eancia. <\/p>\n\n\n\n<figure class=\"wp-block-embed is-type-video is-provider-youtube wp-block-embed-youtube wp-embed-aspect-16-9 wp-has-aspect-ratio\"><div class=\"wp-block-embed__wrapper\">\n<iframe loading=\"lazy\" title=\"Ineditismo e Representatividade na Forma\u00e7\u00e3o em Sa\u00fade da pessoa com defici\u00eancia (28\/4\/2026)\" width=\"500\" height=\"281\" src=\"https:\/\/www.youtube.com\/embed\/2CbPeP602J0?feature=oembed\" frameborder=\"0\" allow=\"accelerometer; autoplay; clipboard-write; encrypted-media; gyroscope; picture-in-picture; web-share\" referrerpolicy=\"strict-origin-when-cross-origin\" allowfullscreen><\/iframe>\n<\/div><\/figure>\n\n\n\n<p>O bate-papo, que \u00e9 uma parceria com a Inclusive News, conta com int\u00e9rprete de libras e \u00e9 transmitido toda ter\u00e7a-feira, \u00e0s 18h, no canal do ACESSANDO LUC\u00cdLIA no\u00a0<a href=\"https:\/\/www.youtube.com\/@acessandolucilia5059\">Youtube<\/a>\u00a0e nas redes da Web R\u00e1dio Censura Livre, no Youtube, no Facebook, no\u00a0<a href=\"http:\/\/www.clwebradio.com\/\">site<\/a>\u00a0e no aplicativo:\u00a0<a href=\"http:\/\/l.radios.com.%20br\/r\/100204\">RadiosNet<\/a>. O programa tamb\u00e9m \u00e9 retransmitido no mesmo hor\u00e1rio na R\u00e1dio Criativa de Muria\u00e9-MG, e \u00e0s quartas-feiras, 15h, na Radio Comunidade Friburgo 104.9 FM, de Nova Friburgo-RJ.<\/p>\n\n\n\n<p><\/p>\n","protected":false},"excerpt":{"rendered":"<p>O Podcast Acessando Luc\u00edlia desta ter\u00e7a-feira, 28\/04, recebe a pesquisadora La\u00eds Silveira Costa, da Escola Nacional de Sa\u00fade P\u00fablica Sergio Arouca (ENSP\/Fiocruz), e as psic\u00f3logas Estrela Rodrigues e Luana Cavalcante para uma conversa sobre o curso de Especializa\u00e7\u00e3o em Qualifica\u00e7\u00e3o da Rede de Cuidados \u00e0 Pessoa com Defici\u00eancia no SUS. O curso vem se destacando [&hellip;]<\/p>\n","protected":false},"author":1,"featured_media":35550,"comment_status":"open","ping_status":"open","sticky":false,"template":"","format":"standard","meta":{"site-container-style":"default","site-container-layout":"default","site-sidebar-layout":"default","disable-article-header":"default","disable-site-header":"default","disable-site-footer":"default","disable-content-area-spacing":"default","footnotes":""},"categories":[470],"tags":[741,942,943,742,940,941,484,195],"class_list":["post-35549","post","type-post","status-publish","format-standard","has-post-thumbnail","hentry","category-podcast","tag-ensp","tag-ensp-fiocruz","tag-escola-nacional-de-saude-publica-sergio-arouca","tag-fiocruz","tag-politica-nacional-de-atencao-integral-a-saude-da-pessoa-com-deficiencia","tag-rede-de-cuidados-a-pessoa-com-deficiencia","tag-saude","tag-sus"],"yoast_head":"<!-- This site is optimized with the Yoast SEO plugin v27.4 - https:\/\/yoast.com\/product\/yoast-seo-wordpress\/ -->\n<title>Ineditismo e Representatividade na Forma\u00e7\u00e3o em Sa\u00fade da pessoa com defici\u00eancia -<\/title>\n<meta name=\"description\" content=\"O curso vem se destacando pelo seu ineditismo e representatividade: 46% do corpo docente \u00e9 composto por pessoas com defici\u00eancia. Al\u00e9m disso, pela primeira vez no Brasil e possivelmente no mundo, um curso de p\u00f3s-gradua\u00e7\u00e3o conta com duas docentes com defici\u00eancia intelectual.\" \/>\n<meta name=\"robots\" content=\"index, follow, max-snippet:-1, max-image-preview:large, max-video-preview:-1\" \/>\n<link rel=\"canonical\" href=\"https:\/\/inclusivenews.com.br\/?p=35549\" \/>\n<meta property=\"og:locale\" content=\"pt_PT\" \/>\n<meta property=\"og:type\" content=\"article\" \/>\n<meta property=\"og:title\" content=\"Ineditismo e Representatividade na Forma\u00e7\u00e3o em Sa\u00fade da pessoa com defici\u00eancia -\" \/>\n<meta property=\"og:description\" content=\"O curso vem se destacando pelo seu ineditismo e representatividade: 46% do corpo docente \u00e9 composto por pessoas com defici\u00eancia. Al\u00e9m disso, pela primeira vez no Brasil e possivelmente no mundo, um curso de p\u00f3s-gradua\u00e7\u00e3o conta com duas docentes com defici\u00eancia intelectual.\" \/>\n<meta property=\"og:url\" content=\"https:\/\/inclusivenews.com.br\/?p=35549\" \/>\n<meta property=\"article:publisher\" content=\"https:\/\/www.facebook.com\/agenciainclusive\/\" \/>\n<meta property=\"article:published_time\" content=\"2026-04-28T15:44:57+00:00\" \/>\n<meta property=\"article:modified_time\" content=\"2026-04-28T15:44:58+00:00\" \/>\n<meta property=\"og:image\" content=\"https:\/\/inclusivenews.com.br\/wp-content\/uploads\/2026\/04\/d6a2761.webp\" \/>\n\t<meta property=\"og:image:width\" content=\"1170\" \/>\n\t<meta property=\"og:image:height\" content=\"700\" \/>\n\t<meta property=\"og:image:type\" content=\"image\/webp\" \/>\n<meta name=\"author\" content=\"inclusivenews2024\" \/>\n<meta name=\"twitter:card\" content=\"summary_large_image\" \/>\n<meta name=\"twitter:label1\" content=\"Escrito por\" \/>\n\t<meta name=\"twitter:data1\" content=\"inclusivenews2024\" \/>\n\t<meta name=\"twitter:label2\" content=\"Tempo estimado de leitura\" \/>\n\t<meta name=\"twitter:data2\" content=\"3 minutos\" \/>\n<script type=\"application\/ld+json\" class=\"yoast-schema-graph\">{\"@context\":\"https:\\\/\\\/schema.org\",\"@graph\":[{\"@type\":\"Article\",\"@id\":\"https:\\\/\\\/inclusivenews.com.br\\\/?p=35549#article\",\"isPartOf\":{\"@id\":\"https:\\\/\\\/inclusivenews.com.br\\\/?p=35549\"},\"author\":{\"name\":\"inclusivenews2024\",\"@id\":\"https:\\\/\\\/inclusivenews.com.br\\\/#\\\/schema\\\/person\\\/ae4ec7087559b8692fb33b6fffd2273b\"},\"headline\":\"Ineditismo e Representatividade na Forma\u00e7\u00e3o em Sa\u00fade da pessoa com defici\u00eancia\",\"datePublished\":\"2026-04-28T15:44:57+00:00\",\"dateModified\":\"2026-04-28T15:44:58+00:00\",\"mainEntityOfPage\":{\"@id\":\"https:\\\/\\\/inclusivenews.com.br\\\/?p=35549\"},\"wordCount\":469,\"commentCount\":0,\"publisher\":{\"@id\":\"https:\\\/\\\/inclusivenews.com.br\\\/#organization\"},\"image\":{\"@id\":\"https:\\\/\\\/inclusivenews.com.br\\\/?p=35549#primaryimage\"},\"thumbnailUrl\":\"https:\\\/\\\/inclusivenews.com.br\\\/wp-content\\\/uploads\\\/2026\\\/04\\\/d6a2761.webp\",\"keywords\":[\"ENSP\",\"ENSP\\\/Fiocruz\",\"Escola Nacional de Sa\u00fade P\u00fablica Sergio Arouca\",\"Fiocruz\",\"Pol\u00edtica Nacional de Aten\u00e7\u00e3o Integral \u00e0 Sa\u00fade da Pessoa com Defici\u00eancia\",\"Rede de Cuidados \u00e0 Pessoa com Defici\u00eancia\",\"Sa\u00fade\",\"SUS\"],\"articleSection\":[\"PODCAST\"],\"inLanguage\":\"pt-PT\",\"potentialAction\":[{\"@type\":\"CommentAction\",\"name\":\"Comment\",\"target\":[\"https:\\\/\\\/inclusivenews.com.br\\\/?p=35549#respond\"]}]},{\"@type\":\"WebPage\",\"@id\":\"https:\\\/\\\/inclusivenews.com.br\\\/?p=35549\",\"url\":\"https:\\\/\\\/inclusivenews.com.br\\\/?p=35549\",\"name\":\"Ineditismo e Representatividade na Forma\u00e7\u00e3o em Sa\u00fade da pessoa com defici\u00eancia -\",\"isPartOf\":{\"@id\":\"https:\\\/\\\/inclusivenews.com.br\\\/#website\"},\"primaryImageOfPage\":{\"@id\":\"https:\\\/\\\/inclusivenews.com.br\\\/?p=35549#primaryimage\"},\"image\":{\"@id\":\"https:\\\/\\\/inclusivenews.com.br\\\/?p=35549#primaryimage\"},\"thumbnailUrl\":\"https:\\\/\\\/inclusivenews.com.br\\\/wp-content\\\/uploads\\\/2026\\\/04\\\/d6a2761.webp\",\"datePublished\":\"2026-04-28T15:44:57+00:00\",\"dateModified\":\"2026-04-28T15:44:58+00:00\",\"description\":\"O curso vem se destacando pelo seu ineditismo e representatividade: 46% do corpo docente \u00e9 composto por pessoas com defici\u00eancia. Al\u00e9m disso, pela primeira vez no Brasil e possivelmente no mundo, um curso de p\u00f3s-gradua\u00e7\u00e3o conta com duas docentes com defici\u00eancia intelectual.\",\"breadcrumb\":{\"@id\":\"https:\\\/\\\/inclusivenews.com.br\\\/?p=35549#breadcrumb\"},\"inLanguage\":\"pt-PT\",\"potentialAction\":[{\"@type\":\"ReadAction\",\"target\":[\"https:\\\/\\\/inclusivenews.com.br\\\/?p=35549\"]}]},{\"@type\":\"ImageObject\",\"inLanguage\":\"pt-PT\",\"@id\":\"https:\\\/\\\/inclusivenews.com.br\\\/?p=35549#primaryimage\",\"url\":\"https:\\\/\\\/inclusivenews.com.br\\\/wp-content\\\/uploads\\\/2026\\\/04\\\/d6a2761.webp\",\"contentUrl\":\"https:\\\/\\\/inclusivenews.com.br\\\/wp-content\\\/uploads\\\/2026\\\/04\\\/d6a2761.webp\",\"width\":1170,\"height\":700},{\"@type\":\"BreadcrumbList\",\"@id\":\"https:\\\/\\\/inclusivenews.com.br\\\/?p=35549#breadcrumb\",\"itemListElement\":[{\"@type\":\"ListItem\",\"position\":1,\"name\":\"In\u00edcio\",\"item\":\"https:\\\/\\\/inclusivenews.com.br\\\/\"},{\"@type\":\"ListItem\",\"position\":2,\"name\":\"Ineditismo e Representatividade na Forma\u00e7\u00e3o em Sa\u00fade da pessoa com defici\u00eancia\"}]},{\"@type\":\"WebSite\",\"@id\":\"https:\\\/\\\/inclusivenews.com.br\\\/#website\",\"url\":\"https:\\\/\\\/inclusivenews.com.br\\\/\",\"name\":\"Inclusive News\",\"description\":\"Inclusive News\",\"publisher\":{\"@id\":\"https:\\\/\\\/inclusivenews.com.br\\\/#organization\"},\"potentialAction\":[{\"@type\":\"SearchAction\",\"target\":{\"@type\":\"EntryPoint\",\"urlTemplate\":\"https:\\\/\\\/inclusivenews.com.br\\\/?s={search_term_string}\"},\"query-input\":{\"@type\":\"PropertyValueSpecification\",\"valueRequired\":true,\"valueName\":\"search_term_string\"}}],\"inLanguage\":\"pt-PT\"},{\"@type\":\"Organization\",\"@id\":\"https:\\\/\\\/inclusivenews.com.br\\\/#organization\",\"name\":\"Inclusive - inclus\u00e3o e cidadania\",\"url\":\"https:\\\/\\\/inclusivenews.com.br\\\/\",\"logo\":{\"@type\":\"ImageObject\",\"inLanguage\":\"pt-PT\",\"@id\":\"https:\\\/\\\/inclusivenews.com.br\\\/#\\\/schema\\\/logo\\\/image\\\/\",\"url\":\"https:\\\/\\\/inclusivenews.com.br\\\/wp-content\\\/uploads\\\/2024\\\/03\\\/@grandesite.png\",\"contentUrl\":\"https:\\\/\\\/inclusivenews.com.br\\\/wp-content\\\/uploads\\\/2024\\\/03\\\/@grandesite.png\",\"width\":1080,\"height\":1080,\"caption\":\"Inclusive - inclus\u00e3o e cidadania\"},\"image\":{\"@id\":\"https:\\\/\\\/inclusivenews.com.br\\\/#\\\/schema\\\/logo\\\/image\\\/\"},\"sameAs\":[\"https:\\\/\\\/www.facebook.com\\\/agenciainclusive\\\/\",\"https:\\\/\\\/www.instagram.com\\\/newsinclusive\\\/\"]},{\"@type\":\"Person\",\"@id\":\"https:\\\/\\\/inclusivenews.com.br\\\/#\\\/schema\\\/person\\\/ae4ec7087559b8692fb33b6fffd2273b\",\"name\":\"inclusivenews2024\",\"image\":{\"@type\":\"ImageObject\",\"inLanguage\":\"pt-PT\",\"@id\":\"https:\\\/\\\/secure.gravatar.com\\\/avatar\\\/c5a7ef84c66fa914f55bc4f7ce26cfa275a3b9a1c5568b907bd184fb4dde7b40?s=96&d=mm&r=g\",\"url\":\"https:\\\/\\\/secure.gravatar.com\\\/avatar\\\/c5a7ef84c66fa914f55bc4f7ce26cfa275a3b9a1c5568b907bd184fb4dde7b40?s=96&d=mm&r=g\",\"contentUrl\":\"https:\\\/\\\/secure.gravatar.com\\\/avatar\\\/c5a7ef84c66fa914f55bc4f7ce26cfa275a3b9a1c5568b907bd184fb4dde7b40?s=96&d=mm&r=g\",\"caption\":\"inclusivenews2024\"},\"sameAs\":[\"https:\\\/\\\/inclusivenews.com.br\"],\"url\":\"https:\\\/\\\/inclusivenews.com.br\\\/?author=1\"}]}<\/script>\n<!-- \/ Yoast SEO plugin. -->","yoast_head_json":{"title":"Ineditismo e Representatividade na Forma\u00e7\u00e3o em Sa\u00fade da pessoa com defici\u00eancia -","description":"O curso vem se destacando pelo seu ineditismo e representatividade: 46% do corpo docente \u00e9 composto por pessoas com defici\u00eancia. Al\u00e9m disso, pela primeira vez no Brasil e possivelmente no mundo, um curso de p\u00f3s-gradua\u00e7\u00e3o conta com duas docentes com defici\u00eancia intelectual.","robots":{"index":"index","follow":"follow","max-snippet":"max-snippet:-1","max-image-preview":"max-image-preview:large","max-video-preview":"max-video-preview:-1"},"canonical":"https:\/\/inclusivenews.com.br\/?p=35549","og_locale":"pt_PT","og_type":"article","og_title":"Ineditismo e Representatividade na Forma\u00e7\u00e3o em Sa\u00fade da pessoa com defici\u00eancia -","og_description":"O curso vem se destacando pelo seu ineditismo e representatividade: 46% do corpo docente \u00e9 composto por pessoas com defici\u00eancia. Al\u00e9m disso, pela primeira vez no Brasil e possivelmente no mundo, um curso de p\u00f3s-gradua\u00e7\u00e3o conta com duas docentes com defici\u00eancia intelectual.","og_url":"https:\/\/inclusivenews.com.br\/?p=35549","article_publisher":"https:\/\/www.facebook.com\/agenciainclusive\/","article_published_time":"2026-04-28T15:44:57+00:00","article_modified_time":"2026-04-28T15:44:58+00:00","og_image":[{"width":1170,"height":700,"url":"https:\/\/inclusivenews.com.br\/wp-content\/uploads\/2026\/04\/d6a2761.webp","type":"image\/webp"}],"author":"inclusivenews2024","twitter_card":"summary_large_image","twitter_misc":{"Escrito por":"inclusivenews2024","Tempo estimado de leitura":"3 minutos"},"schema":{"@context":"https:\/\/schema.org","@graph":[{"@type":"Article","@id":"https:\/\/inclusivenews.com.br\/?p=35549#article","isPartOf":{"@id":"https:\/\/inclusivenews.com.br\/?p=35549"},"author":{"name":"inclusivenews2024","@id":"https:\/\/inclusivenews.com.br\/#\/schema\/person\/ae4ec7087559b8692fb33b6fffd2273b"},"headline":"Ineditismo e Representatividade na Forma\u00e7\u00e3o em Sa\u00fade da pessoa com defici\u00eancia","datePublished":"2026-04-28T15:44:57+00:00","dateModified":"2026-04-28T15:44:58+00:00","mainEntityOfPage":{"@id":"https:\/\/inclusivenews.com.br\/?p=35549"},"wordCount":469,"commentCount":0,"publisher":{"@id":"https:\/\/inclusivenews.com.br\/#organization"},"image":{"@id":"https:\/\/inclusivenews.com.br\/?p=35549#primaryimage"},"thumbnailUrl":"https:\/\/inclusivenews.com.br\/wp-content\/uploads\/2026\/04\/d6a2761.webp","keywords":["ENSP","ENSP\/Fiocruz","Escola Nacional de Sa\u00fade P\u00fablica Sergio Arouca","Fiocruz","Pol\u00edtica Nacional de Aten\u00e7\u00e3o Integral \u00e0 Sa\u00fade da Pessoa com Defici\u00eancia","Rede de Cuidados \u00e0 Pessoa com Defici\u00eancia","Sa\u00fade","SUS"],"articleSection":["PODCAST"],"inLanguage":"pt-PT","potentialAction":[{"@type":"CommentAction","name":"Comment","target":["https:\/\/inclusivenews.com.br\/?p=35549#respond"]}]},{"@type":"WebPage","@id":"https:\/\/inclusivenews.com.br\/?p=35549","url":"https:\/\/inclusivenews.com.br\/?p=35549","name":"Ineditismo e Representatividade na Forma\u00e7\u00e3o em Sa\u00fade da pessoa com defici\u00eancia -","isPartOf":{"@id":"https:\/\/inclusivenews.com.br\/#website"},"primaryImageOfPage":{"@id":"https:\/\/inclusivenews.com.br\/?p=35549#primaryimage"},"image":{"@id":"https:\/\/inclusivenews.com.br\/?p=35549#primaryimage"},"thumbnailUrl":"https:\/\/inclusivenews.com.br\/wp-content\/uploads\/2026\/04\/d6a2761.webp","datePublished":"2026-04-28T15:44:57+00:00","dateModified":"2026-04-28T15:44:58+00:00","description":"O curso vem se destacando pelo seu ineditismo e representatividade: 46% do corpo docente \u00e9 composto por pessoas com defici\u00eancia. Al\u00e9m disso, pela primeira vez no Brasil e possivelmente no mundo, um curso de p\u00f3s-gradua\u00e7\u00e3o conta com duas docentes com defici\u00eancia intelectual.","breadcrumb":{"@id":"https:\/\/inclusivenews.com.br\/?p=35549#breadcrumb"},"inLanguage":"pt-PT","potentialAction":[{"@type":"ReadAction","target":["https:\/\/inclusivenews.com.br\/?p=35549"]}]},{"@type":"ImageObject","inLanguage":"pt-PT","@id":"https:\/\/inclusivenews.com.br\/?p=35549#primaryimage","url":"https:\/\/inclusivenews.com.br\/wp-content\/uploads\/2026\/04\/d6a2761.webp","contentUrl":"https:\/\/inclusivenews.com.br\/wp-content\/uploads\/2026\/04\/d6a2761.webp","width":1170,"height":700},{"@type":"BreadcrumbList","@id":"https:\/\/inclusivenews.com.br\/?p=35549#breadcrumb","itemListElement":[{"@type":"ListItem","position":1,"name":"In\u00edcio","item":"https:\/\/inclusivenews.com.br\/"},{"@type":"ListItem","position":2,"name":"Ineditismo e Representatividade na Forma\u00e7\u00e3o em Sa\u00fade da pessoa com defici\u00eancia"}]},{"@type":"WebSite","@id":"https:\/\/inclusivenews.com.br\/#website","url":"https:\/\/inclusivenews.com.br\/","name":"Inclusive News","description":"Inclusive News","publisher":{"@id":"https:\/\/inclusivenews.com.br\/#organization"},"potentialAction":[{"@type":"SearchAction","target":{"@type":"EntryPoint","urlTemplate":"https:\/\/inclusivenews.com.br\/?s={search_term_string}"},"query-input":{"@type":"PropertyValueSpecification","valueRequired":true,"valueName":"search_term_string"}}],"inLanguage":"pt-PT"},{"@type":"Organization","@id":"https:\/\/inclusivenews.com.br\/#organization","name":"Inclusive - inclus\u00e3o e cidadania","url":"https:\/\/inclusivenews.com.br\/","logo":{"@type":"ImageObject","inLanguage":"pt-PT","@id":"https:\/\/inclusivenews.com.br\/#\/schema\/logo\/image\/","url":"https:\/\/inclusivenews.com.br\/wp-content\/uploads\/2024\/03\/@grandesite.png","contentUrl":"https:\/\/inclusivenews.com.br\/wp-content\/uploads\/2024\/03\/@grandesite.png","width":1080,"height":1080,"caption":"Inclusive - inclus\u00e3o e cidadania"},"image":{"@id":"https:\/\/inclusivenews.com.br\/#\/schema\/logo\/image\/"},"sameAs":["https:\/\/www.facebook.com\/agenciainclusive\/","https:\/\/www.instagram.com\/newsinclusive\/"]},{"@type":"Person","@id":"https:\/\/inclusivenews.com.br\/#\/schema\/person\/ae4ec7087559b8692fb33b6fffd2273b","name":"inclusivenews2024","image":{"@type":"ImageObject","inLanguage":"pt-PT","@id":"https:\/\/secure.gravatar.com\/avatar\/c5a7ef84c66fa914f55bc4f7ce26cfa275a3b9a1c5568b907bd184fb4dde7b40?s=96&d=mm&r=g","url":"https:\/\/secure.gravatar.com\/avatar\/c5a7ef84c66fa914f55bc4f7ce26cfa275a3b9a1c5568b907bd184fb4dde7b40?s=96&d=mm&r=g","contentUrl":"https:\/\/secure.gravatar.com\/avatar\/c5a7ef84c66fa914f55bc4f7ce26cfa275a3b9a1c5568b907bd184fb4dde7b40?s=96&d=mm&r=g","caption":"inclusivenews2024"},"sameAs":["https:\/\/inclusivenews.com.br"],"url":"https:\/\/inclusivenews.com.br\/?author=1"}]}},"_links":{"self":[{"href":"https:\/\/inclusivenews.com.br\/index.php?rest_route=\/wp\/v2\/posts\/35549","targetHints":{"allow":["GET"]}}],"collection":[{"href":"https:\/\/inclusivenews.com.br\/index.php?rest_route=\/wp\/v2\/posts"}],"about":[{"href":"https:\/\/inclusivenews.com.br\/index.php?rest_route=\/wp\/v2\/types\/post"}],"author":[{"embeddable":true,"href":"https:\/\/inclusivenews.com.br\/index.php?rest_route=\/wp\/v2\/users\/1"}],"replies":[{"embeddable":true,"href":"https:\/\/inclusivenews.com.br\/index.php?rest_route=%2Fwp%2Fv2%2Fcomments&post=35549"}],"version-history":[{"count":1,"href":"https:\/\/inclusivenews.com.br\/index.php?rest_route=\/wp\/v2\/posts\/35549\/revisions"}],"predecessor-version":[{"id":35551,"href":"https:\/\/inclusivenews.com.br\/index.php?rest_route=\/wp\/v2\/posts\/35549\/revisions\/35551"}],"wp:featuredmedia":[{"embeddable":true,"href":"https:\/\/inclusivenews.com.br\/index.php?rest_route=\/wp\/v2\/media\/35550"}],"wp:attachment":[{"href":"https:\/\/inclusivenews.com.br\/index.php?rest_route=%2Fwp%2Fv2%2Fmedia&parent=35549"}],"wp:term":[{"taxonomy":"category","embeddable":true,"href":"https:\/\/inclusivenews.com.br\/index.php?rest_route=%2Fwp%2Fv2%2Fcategories&post=35549"},{"taxonomy":"post_tag","embeddable":true,"href":"https:\/\/inclusivenews.com.br\/index.php?rest_route=%2Fwp%2Fv2%2Ftags&post=35549"}],"curies":[{"name":"wp","href":"https:\/\/api.w.org\/{rel}","templated":true}]}}