{"id":35553,"date":"2026-04-29T14:53:47","date_gmt":"2026-04-29T14:53:47","guid":{"rendered":"https:\/\/inclusivenews.com.br\/?p=35553"},"modified":"2026-04-29T15:23:27","modified_gmt":"2026-04-29T15:23:27","slug":"anna-paula-feminella-recebe-a-ordem-de-rio-branco","status":"publish","type":"post","link":"https:\/\/inclusivenews.com.br\/?p=35553","title":{"rendered":"Anna Paula Feminella recebe a Ordem de Rio Branco"},"content":{"rendered":"\n<figure class=\"wp-block-image size-large is-resized\"><img loading=\"lazy\" decoding=\"async\" width=\"695\" height=\"1024\" src=\"https:\/\/inclusivenews.com.br\/wp-content\/uploads\/2026\/04\/anna-paula-so-695x1024.png\" alt=\"anna paula, em cadeira de rodas, com diploma e condecora\u00e7\u00e3o.\" class=\"wp-image-35566\" style=\"aspect-ratio:0.6789525001228399;width:426px;height:auto\" srcset=\"https:\/\/inclusivenews.com.br\/wp-content\/uploads\/2026\/04\/anna-paula-so-695x1024.png 695w, https:\/\/inclusivenews.com.br\/wp-content\/uploads\/2026\/04\/anna-paula-so-204x300.png 204w, https:\/\/inclusivenews.com.br\/wp-content\/uploads\/2026\/04\/anna-paula-so-768x1131.png 768w, https:\/\/inclusivenews.com.br\/wp-content\/uploads\/2026\/04\/anna-paula-so.png 884w\" sizes=\"auto, (max-width: 695px) 100vw, 695px\" \/><\/figure>\n\n\n\n<p>Anna Paula Feminella, ex-Secret\u00e1ria Nacional dos Direitos das Pessoas com Defici\u00eancia, recebeu a Ordem de Rio Branco, mais alta condecora\u00e7\u00e3o do Minist\u00e9rio das Rela\u00e7\u00f5es Exteriores.<\/p>\n\n\n\n<figure class=\"wp-block-image size-large is-resized\"><img loading=\"lazy\" decoding=\"async\" width=\"735\" height=\"1024\" src=\"https:\/\/inclusivenews.com.br\/wp-content\/uploads\/2026\/04\/anna-rio-branco-735x1024.png\" alt=\"\" class=\"wp-image-35555\" style=\"aspect-ratio:0.7172947839645222;width:427px;height:auto\" srcset=\"https:\/\/inclusivenews.com.br\/wp-content\/uploads\/2026\/04\/anna-rio-branco-735x1024.png 735w, https:\/\/inclusivenews.com.br\/wp-content\/uploads\/2026\/04\/anna-rio-branco-215x300.png 215w, https:\/\/inclusivenews.com.br\/wp-content\/uploads\/2026\/04\/anna-rio-branco-768x1071.png 768w, https:\/\/inclusivenews.com.br\/wp-content\/uploads\/2026\/04\/anna-rio-branco.png 1020w\" sizes=\"auto, (max-width: 735px) 100vw, 735px\" \/><\/figure>\n\n\n\n<p>Anna Paula Feminella e Ana de F\u00e1tima Ribeiro Bezerra (CPPD)<\/p>\n\n\n\n<p>Institu\u00edda em 1963, a Ordem homenageia o m\u00e9rito de pessoas f\u00edsicas ou entidades que prestam servi\u00e7os relevantes ao Brasil.<\/p>\n\n\n\n<p>Personalidades como Daniela Mercury, Milton Nascimento, Mano Brown e os cineastas Walter Salles e Kleber Mendon\u00e7a, tamb\u00e9m receberam a honraria.<\/p>\n\n\n\n<p>Tamb\u00e9m foi feita uma homenagem p\u00f3stuma a Eunice Paiva, mulher de Rubens Paiva, sequestrado e morto na ditadura.<\/p>\n\n\n\n<p>O vice-Presidente Geraldo Alckmin fez a imposi\u00e7\u00e3o das medalhas.<\/p>\n\n\n\n<p>Ana de F\u00e1tima Ribeiro Bezerra, que tamb\u00e9m recebeu a Ordem, representou o Comit\u00ea dos Direitos das Pessoas com Defici\u00eancia (CPPD) do Minist\u00e9rio das Rela\u00e7\u00f5es Exteriores na cerim\u00f4nia. <\/p>\n\n\n\n<p>A condecora\u00e7\u00e3o ocorreu no Pal\u00e1cio do Itamaraty, em Bras\u00edlia, em 29 de abril, e marca o Dia do Diplomata, quando se formam os novos diplomatas que completam o curso do Instituto Rio Branco.<\/p>\n\n\n\n<p>Publica\u00e7\u00e3o no Di\u00e1rio Oficial da honraria:<\/p>\n\n\n\n<p><a href=\"https:\/\/www.in.gov.br\/web\/dou\/-\/decretos-de-28-de-abril-de-2026-702085348\">https:\/\/www.in.gov.br\/web\/dou\/-\/decretos-de-28-de-abril-de-2026-702085348<\/a><\/p>\n","protected":false},"excerpt":{"rendered":"<p>Anna Paula Feminella, ex-Secret\u00e1ria Nacional dos Direitos das Pessoas com Defici\u00eancia, recebeu a Ordem de Rio Branco, mais alta condecora\u00e7\u00e3o do Minist\u00e9rio das Rela\u00e7\u00f5es Exteriores. Anna Paula Feminella e Ana de F\u00e1tima Ribeiro Bezerra (CPPD) Institu\u00edda em 1963, a Ordem homenageia o m\u00e9rito de pessoas f\u00edsicas ou entidades que prestam servi\u00e7os relevantes ao Brasil. Personalidades [&hellip;]<\/p>\n","protected":false},"author":1,"featured_media":35566,"comment_status":"open","ping_status":"open","sticky":false,"template":"","format":"standard","meta":{"site-container-style":"default","site-container-layout":"default","site-sidebar-layout":"default","disable-article-header":"default","disable-site-header":"default","disable-site-footer":"default","disable-content-area-spacing":"default","footnotes":""},"categories":[44,1],"tags":[],"class_list":["post-35553","post","type-post","status-publish","format-standard","has-post-thumbnail","hentry","category-acessibilidade","category-blog"],"yoast_head":"<!-- This site is optimized with the Yoast SEO plugin v27.5 - https:\/\/yoast.com\/product\/yoast-seo-wordpress\/ -->\n<title>Anna Paula Feminella recebe a Ordem de Rio Branco -<\/title>\n<meta name=\"robots\" content=\"index, follow, max-snippet:-1, max-image-preview:large, max-video-preview:-1\" \/>\n<link rel=\"canonical\" href=\"https:\/\/inclusivenews.com.br\/?p=35553\" \/>\n<meta property=\"og:locale\" content=\"pt_PT\" \/>\n<meta property=\"og:type\" content=\"article\" \/>\n<meta property=\"og:title\" content=\"Anna Paula Feminella recebe a Ordem de Rio Branco -\" \/>\n<meta property=\"og:description\" content=\"Anna Paula Feminella, ex-Secret\u00e1ria Nacional dos Direitos das Pessoas com Defici\u00eancia, recebeu a Ordem de Rio Branco, mais alta condecora\u00e7\u00e3o do Minist\u00e9rio das Rela\u00e7\u00f5es Exteriores. Anna Paula Feminella e Ana de F\u00e1tima Ribeiro Bezerra (CPPD) Institu\u00edda em 1963, a Ordem homenageia o m\u00e9rito de pessoas f\u00edsicas ou entidades que prestam servi\u00e7os relevantes ao Brasil. Personalidades [&hellip;]\" \/>\n<meta property=\"og:url\" content=\"https:\/\/inclusivenews.com.br\/?p=35553\" \/>\n<meta property=\"article:publisher\" content=\"https:\/\/www.facebook.com\/agenciainclusive\/\" \/>\n<meta property=\"article:published_time\" content=\"2026-04-29T14:53:47+00:00\" \/>\n<meta property=\"article:modified_time\" content=\"2026-04-29T15:23:27+00:00\" \/>\n<meta property=\"og:image\" content=\"https:\/\/inclusivenews.com.br\/wp-content\/uploads\/2026\/04\/anna-paula-so.png\" \/>\n\t<meta property=\"og:image:width\" content=\"884\" \/>\n\t<meta property=\"og:image:height\" content=\"1302\" \/>\n\t<meta property=\"og:image:type\" content=\"image\/png\" \/>\n<meta name=\"author\" content=\"inclusivenews2024\" \/>\n<meta name=\"twitter:card\" content=\"summary_large_image\" \/>\n<meta name=\"twitter:label1\" content=\"Escrito por\" \/>\n\t<meta name=\"twitter:data1\" content=\"inclusivenews2024\" \/>\n\t<meta name=\"twitter:label2\" content=\"Tempo estimado de leitura\" \/>\n\t<meta name=\"twitter:data2\" content=\"2 minutos\" \/>\n<script type=\"application\/ld+json\" class=\"yoast-schema-graph\">{\"@context\":\"https:\\\/\\\/schema.org\",\"@graph\":[{\"@type\":\"Article\",\"@id\":\"https:\\\/\\\/inclusivenews.com.br\\\/?p=35553#article\",\"isPartOf\":{\"@id\":\"https:\\\/\\\/inclusivenews.com.br\\\/?p=35553\"},\"author\":{\"name\":\"inclusivenews2024\",\"@id\":\"https:\\\/\\\/inclusivenews.com.br\\\/#\\\/schema\\\/person\\\/ae4ec7087559b8692fb33b6fffd2273b\"},\"headline\":\"Anna Paula Feminella recebe a Ordem de Rio Branco\",\"datePublished\":\"2026-04-29T14:53:47+00:00\",\"dateModified\":\"2026-04-29T15:23:27+00:00\",\"mainEntityOfPage\":{\"@id\":\"https:\\\/\\\/inclusivenews.com.br\\\/?p=35553\"},\"wordCount\":211,\"commentCount\":0,\"publisher\":{\"@id\":\"https:\\\/\\\/inclusivenews.com.br\\\/#organization\"},\"image\":{\"@id\":\"https:\\\/\\\/inclusivenews.com.br\\\/?p=35553#primaryimage\"},\"thumbnailUrl\":\"https:\\\/\\\/inclusivenews.com.br\\\/wp-content\\\/uploads\\\/2026\\\/04\\\/anna-paula-so.png\",\"articleSection\":[\"ACESSIBILIDADE\",\"Blog\"],\"inLanguage\":\"pt-PT\",\"potentialAction\":[{\"@type\":\"CommentAction\",\"name\":\"Comment\",\"target\":[\"https:\\\/\\\/inclusivenews.com.br\\\/?p=35553#respond\"]}]},{\"@type\":\"WebPage\",\"@id\":\"https:\\\/\\\/inclusivenews.com.br\\\/?p=35553\",\"url\":\"https:\\\/\\\/inclusivenews.com.br\\\/?p=35553\",\"name\":\"Anna Paula Feminella recebe a Ordem de Rio Branco -\",\"isPartOf\":{\"@id\":\"https:\\\/\\\/inclusivenews.com.br\\\/#website\"},\"primaryImageOfPage\":{\"@id\":\"https:\\\/\\\/inclusivenews.com.br\\\/?p=35553#primaryimage\"},\"image\":{\"@id\":\"https:\\\/\\\/inclusivenews.com.br\\\/?p=35553#primaryimage\"},\"thumbnailUrl\":\"https:\\\/\\\/inclusivenews.com.br\\\/wp-content\\\/uploads\\\/2026\\\/04\\\/anna-paula-so.png\",\"datePublished\":\"2026-04-29T14:53:47+00:00\",\"dateModified\":\"2026-04-29T15:23:27+00:00\",\"breadcrumb\":{\"@id\":\"https:\\\/\\\/inclusivenews.com.br\\\/?p=35553#breadcrumb\"},\"inLanguage\":\"pt-PT\",\"potentialAction\":[{\"@type\":\"ReadAction\",\"target\":[\"https:\\\/\\\/inclusivenews.com.br\\\/?p=35553\"]}]},{\"@type\":\"ImageObject\",\"inLanguage\":\"pt-PT\",\"@id\":\"https:\\\/\\\/inclusivenews.com.br\\\/?p=35553#primaryimage\",\"url\":\"https:\\\/\\\/inclusivenews.com.br\\\/wp-content\\\/uploads\\\/2026\\\/04\\\/anna-paula-so.png\",\"contentUrl\":\"https:\\\/\\\/inclusivenews.com.br\\\/wp-content\\\/uploads\\\/2026\\\/04\\\/anna-paula-so.png\",\"width\":884,\"height\":1302},{\"@type\":\"BreadcrumbList\",\"@id\":\"https:\\\/\\\/inclusivenews.com.br\\\/?p=35553#breadcrumb\",\"itemListElement\":[{\"@type\":\"ListItem\",\"position\":1,\"name\":\"In\u00edcio\",\"item\":\"https:\\\/\\\/inclusivenews.com.br\\\/\"},{\"@type\":\"ListItem\",\"position\":2,\"name\":\"Anna Paula Feminella recebe a Ordem de Rio Branco\"}]},{\"@type\":\"WebSite\",\"@id\":\"https:\\\/\\\/inclusivenews.com.br\\\/#website\",\"url\":\"https:\\\/\\\/inclusivenews.com.br\\\/\",\"name\":\"Inclusive News\",\"description\":\"Inclusive News\",\"publisher\":{\"@id\":\"https:\\\/\\\/inclusivenews.com.br\\\/#organization\"},\"potentialAction\":[{\"@type\":\"SearchAction\",\"target\":{\"@type\":\"EntryPoint\",\"urlTemplate\":\"https:\\\/\\\/inclusivenews.com.br\\\/?s={search_term_string}\"},\"query-input\":{\"@type\":\"PropertyValueSpecification\",\"valueRequired\":true,\"valueName\":\"search_term_string\"}}],\"inLanguage\":\"pt-PT\"},{\"@type\":\"Organization\",\"@id\":\"https:\\\/\\\/inclusivenews.com.br\\\/#organization\",\"name\":\"Inclusive - inclus\u00e3o e cidadania\",\"url\":\"https:\\\/\\\/inclusivenews.com.br\\\/\",\"logo\":{\"@type\":\"ImageObject\",\"inLanguage\":\"pt-PT\",\"@id\":\"https:\\\/\\\/inclusivenews.com.br\\\/#\\\/schema\\\/logo\\\/image\\\/\",\"url\":\"https:\\\/\\\/inclusivenews.com.br\\\/wp-content\\\/uploads\\\/2024\\\/03\\\/@grandesite.png\",\"contentUrl\":\"https:\\\/\\\/inclusivenews.com.br\\\/wp-content\\\/uploads\\\/2024\\\/03\\\/@grandesite.png\",\"width\":1080,\"height\":1080,\"caption\":\"Inclusive - inclus\u00e3o e cidadania\"},\"image\":{\"@id\":\"https:\\\/\\\/inclusivenews.com.br\\\/#\\\/schema\\\/logo\\\/image\\\/\"},\"sameAs\":[\"https:\\\/\\\/www.facebook.com\\\/agenciainclusive\\\/\",\"https:\\\/\\\/www.instagram.com\\\/newsinclusive\\\/\"]},{\"@type\":\"Person\",\"@id\":\"https:\\\/\\\/inclusivenews.com.br\\\/#\\\/schema\\\/person\\\/ae4ec7087559b8692fb33b6fffd2273b\",\"name\":\"inclusivenews2024\",\"image\":{\"@type\":\"ImageObject\",\"inLanguage\":\"pt-PT\",\"@id\":\"https:\\\/\\\/secure.gravatar.com\\\/avatar\\\/c5a7ef84c66fa914f55bc4f7ce26cfa275a3b9a1c5568b907bd184fb4dde7b40?s=96&d=mm&r=g\",\"url\":\"https:\\\/\\\/secure.gravatar.com\\\/avatar\\\/c5a7ef84c66fa914f55bc4f7ce26cfa275a3b9a1c5568b907bd184fb4dde7b40?s=96&d=mm&r=g\",\"contentUrl\":\"https:\\\/\\\/secure.gravatar.com\\\/avatar\\\/c5a7ef84c66fa914f55bc4f7ce26cfa275a3b9a1c5568b907bd184fb4dde7b40?s=96&d=mm&r=g\",\"caption\":\"inclusivenews2024\"},\"sameAs\":[\"https:\\\/\\\/inclusivenews.com.br\"],\"url\":\"https:\\\/\\\/inclusivenews.com.br\\\/?author=1\"}]}<\/script>\n<!-- \/ Yoast SEO plugin. -->","yoast_head_json":{"title":"Anna Paula Feminella recebe a Ordem de Rio Branco -","robots":{"index":"index","follow":"follow","max-snippet":"max-snippet:-1","max-image-preview":"max-image-preview:large","max-video-preview":"max-video-preview:-1"},"canonical":"https:\/\/inclusivenews.com.br\/?p=35553","og_locale":"pt_PT","og_type":"article","og_title":"Anna Paula Feminella recebe a Ordem de Rio Branco -","og_description":"Anna Paula Feminella, ex-Secret\u00e1ria Nacional dos Direitos das Pessoas com Defici\u00eancia, recebeu a Ordem de Rio Branco, mais alta condecora\u00e7\u00e3o do Minist\u00e9rio das Rela\u00e7\u00f5es Exteriores. Anna Paula Feminella e Ana de F\u00e1tima Ribeiro Bezerra (CPPD) Institu\u00edda em 1963, a Ordem homenageia o m\u00e9rito de pessoas f\u00edsicas ou entidades que prestam servi\u00e7os relevantes ao Brasil. Personalidades [&hellip;]","og_url":"https:\/\/inclusivenews.com.br\/?p=35553","article_publisher":"https:\/\/www.facebook.com\/agenciainclusive\/","article_published_time":"2026-04-29T14:53:47+00:00","article_modified_time":"2026-04-29T15:23:27+00:00","og_image":[{"width":884,"height":1302,"url":"https:\/\/inclusivenews.com.br\/wp-content\/uploads\/2026\/04\/anna-paula-so.png","type":"image\/png"}],"author":"inclusivenews2024","twitter_card":"summary_large_image","twitter_misc":{"Escrito por":"inclusivenews2024","Tempo estimado de leitura":"2 minutos"},"schema":{"@context":"https:\/\/schema.org","@graph":[{"@type":"Article","@id":"https:\/\/inclusivenews.com.br\/?p=35553#article","isPartOf":{"@id":"https:\/\/inclusivenews.com.br\/?p=35553"},"author":{"name":"inclusivenews2024","@id":"https:\/\/inclusivenews.com.br\/#\/schema\/person\/ae4ec7087559b8692fb33b6fffd2273b"},"headline":"Anna Paula Feminella recebe a Ordem de Rio Branco","datePublished":"2026-04-29T14:53:47+00:00","dateModified":"2026-04-29T15:23:27+00:00","mainEntityOfPage":{"@id":"https:\/\/inclusivenews.com.br\/?p=35553"},"wordCount":211,"commentCount":0,"publisher":{"@id":"https:\/\/inclusivenews.com.br\/#organization"},"image":{"@id":"https:\/\/inclusivenews.com.br\/?p=35553#primaryimage"},"thumbnailUrl":"https:\/\/inclusivenews.com.br\/wp-content\/uploads\/2026\/04\/anna-paula-so.png","articleSection":["ACESSIBILIDADE","Blog"],"inLanguage":"pt-PT","potentialAction":[{"@type":"CommentAction","name":"Comment","target":["https:\/\/inclusivenews.com.br\/?p=35553#respond"]}]},{"@type":"WebPage","@id":"https:\/\/inclusivenews.com.br\/?p=35553","url":"https:\/\/inclusivenews.com.br\/?p=35553","name":"Anna Paula Feminella recebe a Ordem de Rio Branco -","isPartOf":{"@id":"https:\/\/inclusivenews.com.br\/#website"},"primaryImageOfPage":{"@id":"https:\/\/inclusivenews.com.br\/?p=35553#primaryimage"},"image":{"@id":"https:\/\/inclusivenews.com.br\/?p=35553#primaryimage"},"thumbnailUrl":"https:\/\/inclusivenews.com.br\/wp-content\/uploads\/2026\/04\/anna-paula-so.png","datePublished":"2026-04-29T14:53:47+00:00","dateModified":"2026-04-29T15:23:27+00:00","breadcrumb":{"@id":"https:\/\/inclusivenews.com.br\/?p=35553#breadcrumb"},"inLanguage":"pt-PT","potentialAction":[{"@type":"ReadAction","target":["https:\/\/inclusivenews.com.br\/?p=35553"]}]},{"@type":"ImageObject","inLanguage":"pt-PT","@id":"https:\/\/inclusivenews.com.br\/?p=35553#primaryimage","url":"https:\/\/inclusivenews.com.br\/wp-content\/uploads\/2026\/04\/anna-paula-so.png","contentUrl":"https:\/\/inclusivenews.com.br\/wp-content\/uploads\/2026\/04\/anna-paula-so.png","width":884,"height":1302},{"@type":"BreadcrumbList","@id":"https:\/\/inclusivenews.com.br\/?p=35553#breadcrumb","itemListElement":[{"@type":"ListItem","position":1,"name":"In\u00edcio","item":"https:\/\/inclusivenews.com.br\/"},{"@type":"ListItem","position":2,"name":"Anna Paula Feminella recebe a Ordem de Rio Branco"}]},{"@type":"WebSite","@id":"https:\/\/inclusivenews.com.br\/#website","url":"https:\/\/inclusivenews.com.br\/","name":"Inclusive News","description":"Inclusive News","publisher":{"@id":"https:\/\/inclusivenews.com.br\/#organization"},"potentialAction":[{"@type":"SearchAction","target":{"@type":"EntryPoint","urlTemplate":"https:\/\/inclusivenews.com.br\/?s={search_term_string}"},"query-input":{"@type":"PropertyValueSpecification","valueRequired":true,"valueName":"search_term_string"}}],"inLanguage":"pt-PT"},{"@type":"Organization","@id":"https:\/\/inclusivenews.com.br\/#organization","name":"Inclusive - inclus\u00e3o e cidadania","url":"https:\/\/inclusivenews.com.br\/","logo":{"@type":"ImageObject","inLanguage":"pt-PT","@id":"https:\/\/inclusivenews.com.br\/#\/schema\/logo\/image\/","url":"https:\/\/inclusivenews.com.br\/wp-content\/uploads\/2024\/03\/@grandesite.png","contentUrl":"https:\/\/inclusivenews.com.br\/wp-content\/uploads\/2024\/03\/@grandesite.png","width":1080,"height":1080,"caption":"Inclusive - inclus\u00e3o e cidadania"},"image":{"@id":"https:\/\/inclusivenews.com.br\/#\/schema\/logo\/image\/"},"sameAs":["https:\/\/www.facebook.com\/agenciainclusive\/","https:\/\/www.instagram.com\/newsinclusive\/"]},{"@type":"Person","@id":"https:\/\/inclusivenews.com.br\/#\/schema\/person\/ae4ec7087559b8692fb33b6fffd2273b","name":"inclusivenews2024","image":{"@type":"ImageObject","inLanguage":"pt-PT","@id":"https:\/\/secure.gravatar.com\/avatar\/c5a7ef84c66fa914f55bc4f7ce26cfa275a3b9a1c5568b907bd184fb4dde7b40?s=96&d=mm&r=g","url":"https:\/\/secure.gravatar.com\/avatar\/c5a7ef84c66fa914f55bc4f7ce26cfa275a3b9a1c5568b907bd184fb4dde7b40?s=96&d=mm&r=g","contentUrl":"https:\/\/secure.gravatar.com\/avatar\/c5a7ef84c66fa914f55bc4f7ce26cfa275a3b9a1c5568b907bd184fb4dde7b40?s=96&d=mm&r=g","caption":"inclusivenews2024"},"sameAs":["https:\/\/inclusivenews.com.br"],"url":"https:\/\/inclusivenews.com.br\/?author=1"}]}},"_links":{"self":[{"href":"https:\/\/inclusivenews.com.br\/index.php?rest_route=\/wp\/v2\/posts\/35553","targetHints":{"allow":["GET"]}}],"collection":[{"href":"https:\/\/inclusivenews.com.br\/index.php?rest_route=\/wp\/v2\/posts"}],"about":[{"href":"https:\/\/inclusivenews.com.br\/index.php?rest_route=\/wp\/v2\/types\/post"}],"author":[{"embeddable":true,"href":"https:\/\/inclusivenews.com.br\/index.php?rest_route=\/wp\/v2\/users\/1"}],"replies":[{"embeddable":true,"href":"https:\/\/inclusivenews.com.br\/index.php?rest_route=%2Fwp%2Fv2%2Fcomments&post=35553"}],"version-history":[{"count":8,"href":"https:\/\/inclusivenews.com.br\/index.php?rest_route=\/wp\/v2\/posts\/35553\/revisions"}],"predecessor-version":[{"id":35567,"href":"https:\/\/inclusivenews.com.br\/index.php?rest_route=\/wp\/v2\/posts\/35553\/revisions\/35567"}],"wp:featuredmedia":[{"embeddable":true,"href":"https:\/\/inclusivenews.com.br\/index.php?rest_route=\/wp\/v2\/media\/35566"}],"wp:attachment":[{"href":"https:\/\/inclusivenews.com.br\/index.php?rest_route=%2Fwp%2Fv2%2Fmedia&parent=35553"}],"wp:term":[{"taxonomy":"category","embeddable":true,"href":"https:\/\/inclusivenews.com.br\/index.php?rest_route=%2Fwp%2Fv2%2Fcategories&post=35553"},{"taxonomy":"post_tag","embeddable":true,"href":"https:\/\/inclusivenews.com.br\/index.php?rest_route=%2Fwp%2Fv2%2Ftags&post=35553"}],"curies":[{"name":"wp","href":"https:\/\/api.w.org\/{rel}","templated":true}]}}