{"id":35554,"date":"2026-04-30T09:00:00","date_gmt":"2026-04-30T09:00:00","guid":{"rendered":"https:\/\/inclusivenews.com.br\/?p=35554"},"modified":"2026-04-29T15:36:57","modified_gmt":"2026-04-29T15:36:57","slug":"antes-da-estrategia-o-encontro","status":"publish","type":"post","link":"https:\/\/inclusivenews.com.br\/?p=35554","title":{"rendered":"Antes da estrat\u00e9gia, o encontro"},"content":{"rendered":"\n<p>Texto de Ana Prado<\/p>\n\n\n\n<p>Fala-se insistentemente em estrat\u00e9gias de ensino quando o debate \u00e9 educa\u00e7\u00e3o especial na perspectiva da inclus\u00e3o. Muitas vezes elas aparecem como respostas antecipadas, quase como garantias de efic\u00e1cia, como se fosse poss\u00edvel decidir antes do encontro o que far\u00e1 uma crian\u00e7a ou um estudante aprender. Essa insist\u00eancia costuma vir acompanhada de boas inten\u00e7\u00f5es, mas tamb\u00e9m de um desejo silencioso de controle: nomear, organizar, prever. A experi\u00eancia educativa, por\u00e9m \u2014 atravessada pela diferen\u00e7a \u2014 n\u00e3o se submete a esse tipo de ordena\u00e7\u00e3o.<\/p>\n\n\n\n<p>N\u00e3o se trata de negar conhecimentos espec\u00edficos. Eles s\u00e3o indispens\u00e1veis. Resultam de pesquisas, de lutas hist\u00f3ricas, de ac\u00famulos \u00e9ticos e pedag\u00f3gicos que sustentam pr\u00e1ticas educativas e orientam decis\u00f5es no cotidiano escolar. Ignor\u00e1-los seria irrespons\u00e1vel. Mas \u00e9 igualmente necess\u00e1rio afirmar: esses conhecimentos n\u00e3o decidem tudo, n\u00e3o resolvem tudo, n\u00e3o antecipam tudo o que acontece quando algu\u00e9m aprende.<\/p>\n\n\n\n<p>A educa\u00e7\u00e3o especial na perspectiva da inclus\u00e3o n\u00e3o se realiza na aplica\u00e7\u00e3o correta de uma estrat\u00e9gia previamente escolhida. Ela se produz no que emerge do encontro entre sujeitos concretos, em tempos concretos, sob condi\u00e7\u00f5es sempre singulares. \u00c9 nesse entre \u2014 entre crian\u00e7a, estudante e professor \u2014 que a pr\u00e1tica educativa se desloca, se tensiona, se reinventa. Nas palavras de Jorge Larrosa, a experi\u00eancia n\u00e3o \u00e9 aquilo que simplesmente acontece, mas aquilo que nos acontece, nos atravessa e nos transforma. N\u00e3o h\u00e1 planejamento capaz de antecipar plenamente esse atravessamento.<\/p>\n\n\n\n<p>Cada crian\u00e7a e cada estudante colocam em crise o que parecia j\u00e1 sabido. Convocam o professor a uma escuta que n\u00e3o \u00e9 apenas t\u00e9cnica, mas \u00e9tica. N\u00e3o se trata apenas de observar o que fazem ou deixam de fazer, mas de perceber como habitam o tempo, o corpo, a linguagem e o desejo. Estrat\u00e9gias, quando tomadas como receitas, tendem a apagar essa singularidade.<\/p>\n\n\n\n<p>O conhecimento t\u00e9cnico informa, sustenta e amplia o olhar, mas n\u00e3o substitui a presen\u00e7a. N\u00e3o elimina o risco do encontro \u2014 e talvez n\u00e3o devesse elimin\u00e1-lo. Como afirma Carlos Skliar, a diferen\u00e7a n\u00e3o \u00e9 um problema a ser resolvido, mas uma rela\u00e7\u00e3o a ser sustentada. Rela\u00e7\u00f5es, no entanto, n\u00e3o se mant\u00eam por protocolos, tabelas ou manuais, por mais bem-intencionados que sejam.<\/p>\n\n\n\n<p>Abrir-se \u00e0 experi\u00eancia educativa n\u00e3o significa improvisar sem crit\u00e9rio ou abdicar de responsabilidades profissionais. Significa reconhecer que ensinar n\u00e3o \u00e9 apenas executar o que j\u00e1 se sabe, mas sustentar o que ainda n\u00e3o se sabe. \u00c9 aceitar que a pr\u00e1tica educativa se constr\u00f3i no percurso, na aten\u00e7\u00e3o ao que acontece, no deslocamento permanente das certezas que oferecem conforto, mas pouco dizem sobre o real da escola.<\/p>\n\n\n\n<p>Ensinar n\u00e3o \u00e9 conduzir todos ao mesmo lugar, nem ajustar t\u00e9cnicas \u00e0 diferen\u00e7a para que ela caiba no previsto. Ensinar \u00e9 sustentar o encontro, mesmo quando ele desestabiliza. Permanecer atento ao que cada presen\u00e7a convoca \u00e9 tamb\u00e9m parte do of\u00edcio de ensinar. Nenhum conhecimento, por mais s\u00f3lido que seja, d\u00e1 conta da complexidade do humano.<\/p>\n\n\n\n<p>Talvez seja justamente por isso que a educa\u00e7\u00e3o especial na perspectiva da inclus\u00e3o exige mais do que estrat\u00e9gias previamente definidas. Porque, diante da singularidade de cada estudante, estrat\u00e9gias tomadas como receitas acabam funcionando apenas como respostas prontas para perguntas que ainda n\u00e3o foram feitas.<\/p>\n","protected":false},"excerpt":{"rendered":"<p>Texto de Ana Prado Fala-se insistentemente em estrat\u00e9gias de ensino quando o debate \u00e9 educa\u00e7\u00e3o especial na perspectiva da inclus\u00e3o. Muitas vezes elas aparecem como respostas antecipadas, quase como garantias de efic\u00e1cia, como se fosse poss\u00edvel decidir antes do encontro o que far\u00e1 uma crian\u00e7a ou um estudante aprender. Essa insist\u00eancia costuma vir acompanhada de [&hellip;]<\/p>\n","protected":false},"author":1,"featured_media":35568,"comment_status":"open","ping_status":"open","sticky":false,"template":"","format":"standard","meta":{"site-container-style":"default","site-container-layout":"default","site-sidebar-layout":"default","disable-article-header":"default","disable-site-header":"default","disable-site-footer":"default","disable-content-area-spacing":"default","footnotes":""},"categories":[939],"tags":[116,129,126,151],"class_list":["post-35554","post","type-post","status-publish","format-standard","has-post-thumbnail","hentry","category-ana-prado","tag-educacao","tag-educacao-especial","tag-educacao-inclusiva","tag-inclusao-2"],"yoast_head":"<!-- This site is optimized with the Yoast SEO plugin v27.5 - https:\/\/yoast.com\/product\/yoast-seo-wordpress\/ -->\n<title>Antes da estrat\u00e9gia, o encontro -<\/title>\n<meta name=\"robots\" content=\"index, follow, max-snippet:-1, max-image-preview:large, max-video-preview:-1\" \/>\n<link rel=\"canonical\" href=\"https:\/\/inclusivenews.com.br\/?p=35554\" \/>\n<meta property=\"og:locale\" content=\"pt_PT\" \/>\n<meta property=\"og:type\" content=\"article\" \/>\n<meta property=\"og:title\" content=\"Antes da estrat\u00e9gia, o encontro -\" \/>\n<meta property=\"og:description\" content=\"Texto de Ana Prado Fala-se insistentemente em estrat\u00e9gias de ensino quando o debate \u00e9 educa\u00e7\u00e3o especial na perspectiva da inclus\u00e3o. Muitas vezes elas aparecem como respostas antecipadas, quase como garantias de efic\u00e1cia, como se fosse poss\u00edvel decidir antes do encontro o que far\u00e1 uma crian\u00e7a ou um estudante aprender. Essa insist\u00eancia costuma vir acompanhada de [&hellip;]\" \/>\n<meta property=\"og:url\" content=\"https:\/\/inclusivenews.com.br\/?p=35554\" \/>\n<meta property=\"article:publisher\" content=\"https:\/\/www.facebook.com\/agenciainclusive\/\" \/>\n<meta property=\"article:published_time\" content=\"2026-04-30T09:00:00+00:00\" \/>\n<meta property=\"og:image\" content=\"https:\/\/inclusivenews.com.br\/wp-content\/uploads\/2026\/04\/destaque_aee_dez25-1.png\" \/>\n\t<meta property=\"og:image:width\" content=\"1140\" \/>\n\t<meta property=\"og:image:height\" content=\"750\" \/>\n\t<meta property=\"og:image:type\" content=\"image\/png\" \/>\n<meta name=\"author\" content=\"inclusivenews2024\" \/>\n<meta name=\"twitter:card\" content=\"summary_large_image\" \/>\n<meta name=\"twitter:label1\" content=\"Escrito por\" \/>\n\t<meta name=\"twitter:data1\" content=\"inclusivenews2024\" \/>\n\t<meta name=\"twitter:label2\" content=\"Tempo estimado de leitura\" \/>\n\t<meta name=\"twitter:data2\" content=\"4 minutos\" \/>\n<script type=\"application\/ld+json\" class=\"yoast-schema-graph\">{\"@context\":\"https:\\\/\\\/schema.org\",\"@graph\":[{\"@type\":\"Article\",\"@id\":\"https:\\\/\\\/inclusivenews.com.br\\\/?p=35554#article\",\"isPartOf\":{\"@id\":\"https:\\\/\\\/inclusivenews.com.br\\\/?p=35554\"},\"author\":{\"name\":\"inclusivenews2024\",\"@id\":\"https:\\\/\\\/inclusivenews.com.br\\\/#\\\/schema\\\/person\\\/ae4ec7087559b8692fb33b6fffd2273b\"},\"headline\":\"Antes da estrat\u00e9gia, o encontro\",\"datePublished\":\"2026-04-30T09:00:00+00:00\",\"mainEntityOfPage\":{\"@id\":\"https:\\\/\\\/inclusivenews.com.br\\\/?p=35554\"},\"wordCount\":584,\"commentCount\":0,\"publisher\":{\"@id\":\"https:\\\/\\\/inclusivenews.com.br\\\/#organization\"},\"image\":{\"@id\":\"https:\\\/\\\/inclusivenews.com.br\\\/?p=35554#primaryimage\"},\"thumbnailUrl\":\"https:\\\/\\\/inclusivenews.com.br\\\/wp-content\\\/uploads\\\/2026\\\/04\\\/destaque_aee_dez25-1.png\",\"keywords\":[\"Educa\u00e7\u00e3o\",\"Educa\u00e7\u00e3o Especial\",\"Educa\u00e7\u00e3o inclusiva\",\"Inclus\u00e3o\"],\"articleSection\":[\"Ana Prado\"],\"inLanguage\":\"pt-PT\",\"potentialAction\":[{\"@type\":\"CommentAction\",\"name\":\"Comment\",\"target\":[\"https:\\\/\\\/inclusivenews.com.br\\\/?p=35554#respond\"]}]},{\"@type\":\"WebPage\",\"@id\":\"https:\\\/\\\/inclusivenews.com.br\\\/?p=35554\",\"url\":\"https:\\\/\\\/inclusivenews.com.br\\\/?p=35554\",\"name\":\"Antes da estrat\u00e9gia, o encontro -\",\"isPartOf\":{\"@id\":\"https:\\\/\\\/inclusivenews.com.br\\\/#website\"},\"primaryImageOfPage\":{\"@id\":\"https:\\\/\\\/inclusivenews.com.br\\\/?p=35554#primaryimage\"},\"image\":{\"@id\":\"https:\\\/\\\/inclusivenews.com.br\\\/?p=35554#primaryimage\"},\"thumbnailUrl\":\"https:\\\/\\\/inclusivenews.com.br\\\/wp-content\\\/uploads\\\/2026\\\/04\\\/destaque_aee_dez25-1.png\",\"datePublished\":\"2026-04-30T09:00:00+00:00\",\"breadcrumb\":{\"@id\":\"https:\\\/\\\/inclusivenews.com.br\\\/?p=35554#breadcrumb\"},\"inLanguage\":\"pt-PT\",\"potentialAction\":[{\"@type\":\"ReadAction\",\"target\":[\"https:\\\/\\\/inclusivenews.com.br\\\/?p=35554\"]}]},{\"@type\":\"ImageObject\",\"inLanguage\":\"pt-PT\",\"@id\":\"https:\\\/\\\/inclusivenews.com.br\\\/?p=35554#primaryimage\",\"url\":\"https:\\\/\\\/inclusivenews.com.br\\\/wp-content\\\/uploads\\\/2026\\\/04\\\/destaque_aee_dez25-1.png\",\"contentUrl\":\"https:\\\/\\\/inclusivenews.com.br\\\/wp-content\\\/uploads\\\/2026\\\/04\\\/destaque_aee_dez25-1.png\",\"width\":1140,\"height\":750},{\"@type\":\"BreadcrumbList\",\"@id\":\"https:\\\/\\\/inclusivenews.com.br\\\/?p=35554#breadcrumb\",\"itemListElement\":[{\"@type\":\"ListItem\",\"position\":1,\"name\":\"In\u00edcio\",\"item\":\"https:\\\/\\\/inclusivenews.com.br\\\/\"},{\"@type\":\"ListItem\",\"position\":2,\"name\":\"Antes da estrat\u00e9gia, o encontro\"}]},{\"@type\":\"WebSite\",\"@id\":\"https:\\\/\\\/inclusivenews.com.br\\\/#website\",\"url\":\"https:\\\/\\\/inclusivenews.com.br\\\/\",\"name\":\"Inclusive News\",\"description\":\"Inclusive News\",\"publisher\":{\"@id\":\"https:\\\/\\\/inclusivenews.com.br\\\/#organization\"},\"potentialAction\":[{\"@type\":\"SearchAction\",\"target\":{\"@type\":\"EntryPoint\",\"urlTemplate\":\"https:\\\/\\\/inclusivenews.com.br\\\/?s={search_term_string}\"},\"query-input\":{\"@type\":\"PropertyValueSpecification\",\"valueRequired\":true,\"valueName\":\"search_term_string\"}}],\"inLanguage\":\"pt-PT\"},{\"@type\":\"Organization\",\"@id\":\"https:\\\/\\\/inclusivenews.com.br\\\/#organization\",\"name\":\"Inclusive - inclus\u00e3o e cidadania\",\"url\":\"https:\\\/\\\/inclusivenews.com.br\\\/\",\"logo\":{\"@type\":\"ImageObject\",\"inLanguage\":\"pt-PT\",\"@id\":\"https:\\\/\\\/inclusivenews.com.br\\\/#\\\/schema\\\/logo\\\/image\\\/\",\"url\":\"https:\\\/\\\/inclusivenews.com.br\\\/wp-content\\\/uploads\\\/2024\\\/03\\\/@grandesite.png\",\"contentUrl\":\"https:\\\/\\\/inclusivenews.com.br\\\/wp-content\\\/uploads\\\/2024\\\/03\\\/@grandesite.png\",\"width\":1080,\"height\":1080,\"caption\":\"Inclusive - inclus\u00e3o e cidadania\"},\"image\":{\"@id\":\"https:\\\/\\\/inclusivenews.com.br\\\/#\\\/schema\\\/logo\\\/image\\\/\"},\"sameAs\":[\"https:\\\/\\\/www.facebook.com\\\/agenciainclusive\\\/\",\"https:\\\/\\\/www.instagram.com\\\/newsinclusive\\\/\"]},{\"@type\":\"Person\",\"@id\":\"https:\\\/\\\/inclusivenews.com.br\\\/#\\\/schema\\\/person\\\/ae4ec7087559b8692fb33b6fffd2273b\",\"name\":\"inclusivenews2024\",\"image\":{\"@type\":\"ImageObject\",\"inLanguage\":\"pt-PT\",\"@id\":\"https:\\\/\\\/secure.gravatar.com\\\/avatar\\\/c5a7ef84c66fa914f55bc4f7ce26cfa275a3b9a1c5568b907bd184fb4dde7b40?s=96&d=mm&r=g\",\"url\":\"https:\\\/\\\/secure.gravatar.com\\\/avatar\\\/c5a7ef84c66fa914f55bc4f7ce26cfa275a3b9a1c5568b907bd184fb4dde7b40?s=96&d=mm&r=g\",\"contentUrl\":\"https:\\\/\\\/secure.gravatar.com\\\/avatar\\\/c5a7ef84c66fa914f55bc4f7ce26cfa275a3b9a1c5568b907bd184fb4dde7b40?s=96&d=mm&r=g\",\"caption\":\"inclusivenews2024\"},\"sameAs\":[\"https:\\\/\\\/inclusivenews.com.br\"],\"url\":\"https:\\\/\\\/inclusivenews.com.br\\\/?author=1\"}]}<\/script>\n<!-- \/ Yoast SEO plugin. -->","yoast_head_json":{"title":"Antes da estrat\u00e9gia, o encontro -","robots":{"index":"index","follow":"follow","max-snippet":"max-snippet:-1","max-image-preview":"max-image-preview:large","max-video-preview":"max-video-preview:-1"},"canonical":"https:\/\/inclusivenews.com.br\/?p=35554","og_locale":"pt_PT","og_type":"article","og_title":"Antes da estrat\u00e9gia, o encontro -","og_description":"Texto de Ana Prado Fala-se insistentemente em estrat\u00e9gias de ensino quando o debate \u00e9 educa\u00e7\u00e3o especial na perspectiva da inclus\u00e3o. Muitas vezes elas aparecem como respostas antecipadas, quase como garantias de efic\u00e1cia, como se fosse poss\u00edvel decidir antes do encontro o que far\u00e1 uma crian\u00e7a ou um estudante aprender. Essa insist\u00eancia costuma vir acompanhada de [&hellip;]","og_url":"https:\/\/inclusivenews.com.br\/?p=35554","article_publisher":"https:\/\/www.facebook.com\/agenciainclusive\/","article_published_time":"2026-04-30T09:00:00+00:00","og_image":[{"width":1140,"height":750,"url":"https:\/\/inclusivenews.com.br\/wp-content\/uploads\/2026\/04\/destaque_aee_dez25-1.png","type":"image\/png"}],"author":"inclusivenews2024","twitter_card":"summary_large_image","twitter_misc":{"Escrito por":"inclusivenews2024","Tempo estimado de leitura":"4 minutos"},"schema":{"@context":"https:\/\/schema.org","@graph":[{"@type":"Article","@id":"https:\/\/inclusivenews.com.br\/?p=35554#article","isPartOf":{"@id":"https:\/\/inclusivenews.com.br\/?p=35554"},"author":{"name":"inclusivenews2024","@id":"https:\/\/inclusivenews.com.br\/#\/schema\/person\/ae4ec7087559b8692fb33b6fffd2273b"},"headline":"Antes da estrat\u00e9gia, o encontro","datePublished":"2026-04-30T09:00:00+00:00","mainEntityOfPage":{"@id":"https:\/\/inclusivenews.com.br\/?p=35554"},"wordCount":584,"commentCount":0,"publisher":{"@id":"https:\/\/inclusivenews.com.br\/#organization"},"image":{"@id":"https:\/\/inclusivenews.com.br\/?p=35554#primaryimage"},"thumbnailUrl":"https:\/\/inclusivenews.com.br\/wp-content\/uploads\/2026\/04\/destaque_aee_dez25-1.png","keywords":["Educa\u00e7\u00e3o","Educa\u00e7\u00e3o Especial","Educa\u00e7\u00e3o inclusiva","Inclus\u00e3o"],"articleSection":["Ana Prado"],"inLanguage":"pt-PT","potentialAction":[{"@type":"CommentAction","name":"Comment","target":["https:\/\/inclusivenews.com.br\/?p=35554#respond"]}]},{"@type":"WebPage","@id":"https:\/\/inclusivenews.com.br\/?p=35554","url":"https:\/\/inclusivenews.com.br\/?p=35554","name":"Antes da estrat\u00e9gia, o encontro -","isPartOf":{"@id":"https:\/\/inclusivenews.com.br\/#website"},"primaryImageOfPage":{"@id":"https:\/\/inclusivenews.com.br\/?p=35554#primaryimage"},"image":{"@id":"https:\/\/inclusivenews.com.br\/?p=35554#primaryimage"},"thumbnailUrl":"https:\/\/inclusivenews.com.br\/wp-content\/uploads\/2026\/04\/destaque_aee_dez25-1.png","datePublished":"2026-04-30T09:00:00+00:00","breadcrumb":{"@id":"https:\/\/inclusivenews.com.br\/?p=35554#breadcrumb"},"inLanguage":"pt-PT","potentialAction":[{"@type":"ReadAction","target":["https:\/\/inclusivenews.com.br\/?p=35554"]}]},{"@type":"ImageObject","inLanguage":"pt-PT","@id":"https:\/\/inclusivenews.com.br\/?p=35554#primaryimage","url":"https:\/\/inclusivenews.com.br\/wp-content\/uploads\/2026\/04\/destaque_aee_dez25-1.png","contentUrl":"https:\/\/inclusivenews.com.br\/wp-content\/uploads\/2026\/04\/destaque_aee_dez25-1.png","width":1140,"height":750},{"@type":"BreadcrumbList","@id":"https:\/\/inclusivenews.com.br\/?p=35554#breadcrumb","itemListElement":[{"@type":"ListItem","position":1,"name":"In\u00edcio","item":"https:\/\/inclusivenews.com.br\/"},{"@type":"ListItem","position":2,"name":"Antes da estrat\u00e9gia, o encontro"}]},{"@type":"WebSite","@id":"https:\/\/inclusivenews.com.br\/#website","url":"https:\/\/inclusivenews.com.br\/","name":"Inclusive News","description":"Inclusive News","publisher":{"@id":"https:\/\/inclusivenews.com.br\/#organization"},"potentialAction":[{"@type":"SearchAction","target":{"@type":"EntryPoint","urlTemplate":"https:\/\/inclusivenews.com.br\/?s={search_term_string}"},"query-input":{"@type":"PropertyValueSpecification","valueRequired":true,"valueName":"search_term_string"}}],"inLanguage":"pt-PT"},{"@type":"Organization","@id":"https:\/\/inclusivenews.com.br\/#organization","name":"Inclusive - inclus\u00e3o e cidadania","url":"https:\/\/inclusivenews.com.br\/","logo":{"@type":"ImageObject","inLanguage":"pt-PT","@id":"https:\/\/inclusivenews.com.br\/#\/schema\/logo\/image\/","url":"https:\/\/inclusivenews.com.br\/wp-content\/uploads\/2024\/03\/@grandesite.png","contentUrl":"https:\/\/inclusivenews.com.br\/wp-content\/uploads\/2024\/03\/@grandesite.png","width":1080,"height":1080,"caption":"Inclusive - inclus\u00e3o e cidadania"},"image":{"@id":"https:\/\/inclusivenews.com.br\/#\/schema\/logo\/image\/"},"sameAs":["https:\/\/www.facebook.com\/agenciainclusive\/","https:\/\/www.instagram.com\/newsinclusive\/"]},{"@type":"Person","@id":"https:\/\/inclusivenews.com.br\/#\/schema\/person\/ae4ec7087559b8692fb33b6fffd2273b","name":"inclusivenews2024","image":{"@type":"ImageObject","inLanguage":"pt-PT","@id":"https:\/\/secure.gravatar.com\/avatar\/c5a7ef84c66fa914f55bc4f7ce26cfa275a3b9a1c5568b907bd184fb4dde7b40?s=96&d=mm&r=g","url":"https:\/\/secure.gravatar.com\/avatar\/c5a7ef84c66fa914f55bc4f7ce26cfa275a3b9a1c5568b907bd184fb4dde7b40?s=96&d=mm&r=g","contentUrl":"https:\/\/secure.gravatar.com\/avatar\/c5a7ef84c66fa914f55bc4f7ce26cfa275a3b9a1c5568b907bd184fb4dde7b40?s=96&d=mm&r=g","caption":"inclusivenews2024"},"sameAs":["https:\/\/inclusivenews.com.br"],"url":"https:\/\/inclusivenews.com.br\/?author=1"}]}},"_links":{"self":[{"href":"https:\/\/inclusivenews.com.br\/index.php?rest_route=\/wp\/v2\/posts\/35554","targetHints":{"allow":["GET"]}}],"collection":[{"href":"https:\/\/inclusivenews.com.br\/index.php?rest_route=\/wp\/v2\/posts"}],"about":[{"href":"https:\/\/inclusivenews.com.br\/index.php?rest_route=\/wp\/v2\/types\/post"}],"author":[{"embeddable":true,"href":"https:\/\/inclusivenews.com.br\/index.php?rest_route=\/wp\/v2\/users\/1"}],"replies":[{"embeddable":true,"href":"https:\/\/inclusivenews.com.br\/index.php?rest_route=%2Fwp%2Fv2%2Fcomments&post=35554"}],"version-history":[{"count":1,"href":"https:\/\/inclusivenews.com.br\/index.php?rest_route=\/wp\/v2\/posts\/35554\/revisions"}],"predecessor-version":[{"id":35569,"href":"https:\/\/inclusivenews.com.br\/index.php?rest_route=\/wp\/v2\/posts\/35554\/revisions\/35569"}],"wp:featuredmedia":[{"embeddable":true,"href":"https:\/\/inclusivenews.com.br\/index.php?rest_route=\/wp\/v2\/media\/35568"}],"wp:attachment":[{"href":"https:\/\/inclusivenews.com.br\/index.php?rest_route=%2Fwp%2Fv2%2Fmedia&parent=35554"}],"wp:term":[{"taxonomy":"category","embeddable":true,"href":"https:\/\/inclusivenews.com.br\/index.php?rest_route=%2Fwp%2Fv2%2Fcategories&post=35554"},{"taxonomy":"post_tag","embeddable":true,"href":"https:\/\/inclusivenews.com.br\/index.php?rest_route=%2Fwp%2Fv2%2Ftags&post=35554"}],"curies":[{"name":"wp","href":"https:\/\/api.w.org\/{rel}","templated":true}]}}