{"id":35938,"date":"2026-09-03T08:16:00","date_gmt":"2026-09-03T08:16:00","guid":{"rendered":"https:\/\/inclusivenews.com.br\/?p=35938"},"modified":"2026-08-19T14:21:12","modified_gmt":"2026-08-19T14:21:12","slug":"pesquisar-com-nao-sobre-deficiencia-conhecimento-e-encontro","status":"publish","type":"post","link":"https:\/\/inclusivenews.com.br\/?p=35938","title":{"rendered":"Pesquisar com, n\u00e3o sobre: defici\u00eancia, conhecimento e encontro"},"content":{"rendered":"\n<p class=\"wp-block-paragraph\">Texto de Ana Prado<\/p>\n\n\n\n<p class=\"wp-block-paragraph\">Estudar a defici\u00eancia exige um deslocamento epistemol\u00f3gico que n\u00e3o se sustenta apenas na mudan\u00e7a de objeto, mas na transforma\u00e7\u00e3o do modo de produzir saber. Durante muito tempo, a defici\u00eancia foi tomada como algo a ser observado de fora, descrita em termos de falta, desvio ou limita\u00e7\u00e3o, como se a experi\u00eancia pudesse ser plenamente capturada por um olhar que se coloca acima dela. Esse gesto de distanciamento, frequentemente legitimado como neutralidade cient\u00edfica, coloca em quest\u00e3o a pr\u00f3pria ideia de neutralidade e produz uma assimetria silenciosa: fala-se sobre a defici\u00eancia, mas raramente se produz conhecimento com aqueles que a vivem.<\/p>\n\n\n\n<p class=\"wp-block-paragraph\">Essa cr\u00edtica encontra resson\u00e2ncia em diferentes tradi\u00e7\u00f5es contempor\u00e2neas, especialmente nos Estudos da Defici\u00eancia e nas abordagens de pesquisa participativa, como aquelas desenvolvidas por M\u00e1rcia Moraes, que formula o \u201cpesquisarCOM\u201d como \u00e9tica e m\u00e9todo. Nessa perspectiva, o saber n\u00e3o \u00e9 extra\u00eddo de um objeto, mas constru\u00eddo em rela\u00e7\u00e3o, no encontro entre sujeitos que se afetam mutuamente. A pesquisa deixa de ser um ato de captura e passa a ser um campo de negocia\u00e7\u00e3o de sentidos, onde a experi\u00eancia n\u00e3o \u00e9 dado a ser interpretado de fora, mas produ\u00e7\u00e3o compartilhada.<\/p>\n\n\n\n<p class=\"wp-block-paragraph\">H\u00e1, portanto, uma diferen\u00e7a decisiva entre tornar a defici\u00eancia objeto de investiga\u00e7\u00e3o e reconhecer as pessoas com defici\u00eancia como sujeitos epist\u00eamicos. No primeiro caso, o saber se organiza por meio da classifica\u00e7\u00e3o, da normaliza\u00e7\u00e3o e da corre\u00e7\u00e3o, sustentando regimes de verdade que reduzem a complexidade da experi\u00eancia a par\u00e2metros previamente definidos. No segundo, o conhecimento se constr\u00f3i na escuta, na presen\u00e7a e na coautoria, onde a experi\u00eancia n\u00e3o ilustra conceitos, mas tensiona e reorganiza os pr\u00f3prios conceitos.<\/p>\n\n\n\n<p class=\"wp-block-paragraph\">Pesquisar com implica reconhecer que n\u00e3o h\u00e1 neutralidade poss\u00edvel quando se trata de vidas atravessadas por desigualdades historicamente produzidas. Implica admitir que toda produ\u00e7\u00e3o de saber envolve escolhas \u00e9ticas, pol\u00edticas e sens\u00edveis, e que tais escolhas n\u00e3o podem ser feitas sem a participa\u00e7\u00e3o daqueles que foram historicamente colocados \u00e0 margem dos processos de enuncia\u00e7\u00e3o. Nesse sentido, a pessoa com defici\u00eancia n\u00e3o ocupa a posi\u00e7\u00e3o de objeto interpretado, mas de interlocutor que interfere, desloca e reinscreve o pr\u00f3prio campo investigativo.<\/p>\n\n\n\n<p class=\"wp-block-paragraph\">Essa mudan\u00e7a altera tamb\u00e9m o lugar de quem pesquisa. O pesquisador deixa de ocupar a posi\u00e7\u00e3o de observador externo e passa a compor uma rela\u00e7\u00e3o em que o saber \u00e9 atravessado por m\u00faltiplas vozes, nem sempre harmoniz\u00e1veis, mas constitutivas do pr\u00f3prio processo investigativo. O conhecimento deixa de ser propriedade individual e passa a ser pr\u00e1tica relacional, feita de escuta, fric\u00e7\u00e3o e revis\u00e3o constante de certezas.<\/p>\n\n\n\n<p class=\"wp-block-paragraph\">Trata-se, assim, de uma inflex\u00e3o \u00e9tica e pol\u00edtica na produ\u00e7\u00e3o do saber: n\u00e3o mais a tentativa de capturar a defici\u00eancia em categorias fixas, mas a disposi\u00e7\u00e3o de ser afetado por ela como experi\u00eancia social, hist\u00f3rica e relacional. Nesse registro, pesquisar com, tal como formula M\u00e1rcia Moraes, n\u00e3o \u00e9 apenas um m\u00e9todo, mas uma recusa ativa das formas tradicionais de objetifica\u00e7\u00e3o e uma afirma\u00e7\u00e3o de que todo saber rigoroso nasce do encontro.<\/p>\n\n\n\n<p class=\"wp-block-paragraph\"><\/p>\n","protected":false},"excerpt":{"rendered":"<p>Texto de Ana Prado Estudar a defici\u00eancia exige um deslocamento epistemol\u00f3gico que n\u00e3o se sustenta apenas na mudan\u00e7a de objeto, mas na transforma\u00e7\u00e3o do modo de produzir saber. Durante muito tempo, a defici\u00eancia foi tomada como algo a ser observado de fora, descrita em termos de falta, desvio ou limita\u00e7\u00e3o, como se a experi\u00eancia pudesse [&hellip;]<\/p>\n","protected":false},"author":4,"featured_media":35864,"comment_status":"open","ping_status":"open","sticky":false,"template":"","format":"standard","meta":{"site-container-style":"default","site-container-layout":"default","site-sidebar-layout":"default","disable-article-header":"default","disable-site-header":"default","disable-site-footer":"default","disable-content-area-spacing":"default","footnotes":""},"categories":[1],"tags":[89,126,997,151,487],"class_list":["post-35938","post","type-post","status-publish","format-standard","has-post-thumbnail","hentry","category-blog","tag-acessibilidade","tag-educacao-inclusiva","tag-estudos-da-deficiencia","tag-inclusao-2","tag-pcd"],"yoast_head":"<!-- This site is optimized with the Yoast SEO plugin v28.4 - https:\/\/yoast.com\/product\/yoast-seo-wordpress\/ -->\n<title>Pesquisar com, n\u00e3o sobre: defici\u00eancia, conhecimento e encontro -<\/title>\n<meta name=\"robots\" content=\"index, follow, max-snippet:-1, max-image-preview:large, max-video-preview:-1\" \/>\n<link rel=\"canonical\" href=\"https:\/\/inclusivenews.com.br\/?p=35938\" \/>\n<meta property=\"og:locale\" content=\"pt_PT\" \/>\n<meta property=\"og:type\" content=\"article\" \/>\n<meta property=\"og:title\" content=\"Pesquisar com, n\u00e3o sobre: defici\u00eancia, conhecimento e encontro -\" \/>\n<meta property=\"og:description\" content=\"Texto de Ana Prado Estudar a defici\u00eancia exige um deslocamento epistemol\u00f3gico que n\u00e3o se sustenta apenas na mudan\u00e7a de objeto, mas na transforma\u00e7\u00e3o do modo de produzir saber. Durante muito tempo, a defici\u00eancia foi tomada como algo a ser observado de fora, descrita em termos de falta, desvio ou limita\u00e7\u00e3o, como se a experi\u00eancia pudesse [&hellip;]\" \/>\n<meta property=\"og:url\" content=\"https:\/\/inclusivenews.com.br\/?p=35938\" \/>\n<meta property=\"article:publisher\" content=\"https:\/\/www.facebook.com\/agenciainclusive\/\" \/>\n<meta property=\"article:published_time\" content=\"2026-09-03T08:16:00+00:00\" \/>\n<meta property=\"og:image\" content=\"https:\/\/inclusivenews.com.br\/wp-content\/uploads\/2026\/06\/image-4.png\" \/>\n\t<meta property=\"og:image:width\" content=\"768\" \/>\n\t<meta property=\"og:image:height\" content=\"576\" \/>\n\t<meta property=\"og:image:type\" content=\"image\/png\" \/>\n<meta name=\"author\" content=\"Ana Prado\" \/>\n<meta name=\"twitter:card\" content=\"summary_large_image\" \/>\n<meta name=\"twitter:label1\" content=\"Escrito por\" \/>\n\t<meta name=\"twitter:data1\" content=\"Ana Prado\" \/>\n\t<meta name=\"twitter:label2\" content=\"Tempo estimado de leitura\" \/>\n\t<meta name=\"twitter:data2\" content=\"3 minutos\" \/>\n<script type=\"application\/ld+json\" class=\"yoast-schema-graph\">{\"@context\":\"https:\\\/\\\/schema.org\",\"@graph\":[{\"@type\":\"Article\",\"@id\":\"https:\\\/\\\/inclusivenews.com.br\\\/?p=35938#article\",\"isPartOf\":{\"@id\":\"https:\\\/\\\/inclusivenews.com.br\\\/?p=35938\"},\"author\":{\"name\":\"Ana Prado\",\"@id\":\"https:\\\/\\\/inclusivenews.com.br\\\/#\\\/schema\\\/person\\\/cbc1ef9d65e19f406432c71d57299490\"},\"headline\":\"Pesquisar com, n\u00e3o sobre: defici\u00eancia, conhecimento e encontro\",\"datePublished\":\"2026-09-03T08:16:00+00:00\",\"mainEntityOfPage\":{\"@id\":\"https:\\\/\\\/inclusivenews.com.br\\\/?p=35938\"},\"wordCount\":564,\"commentCount\":0,\"publisher\":{\"@id\":\"https:\\\/\\\/inclusivenews.com.br\\\/#organization\"},\"image\":{\"@id\":\"https:\\\/\\\/inclusivenews.com.br\\\/?p=35938#primaryimage\"},\"thumbnailUrl\":\"https:\\\/\\\/inclusivenews.com.br\\\/wp-content\\\/uploads\\\/2026\\\/06\\\/image-4.png\",\"keywords\":[\"Acessibilidade\",\"Educa\u00e7\u00e3o inclusiva\",\"Estudos da Defici\u00eancia\",\"Inclus\u00e3o\",\"PcD\"],\"articleSection\":[\"Blog\"],\"inLanguage\":\"pt-PT\",\"potentialAction\":[{\"@type\":\"CommentAction\",\"name\":\"Comment\",\"target\":[\"https:\\\/\\\/inclusivenews.com.br\\\/?p=35938#respond\"]}]},{\"@type\":\"WebPage\",\"@id\":\"https:\\\/\\\/inclusivenews.com.br\\\/?p=35938\",\"url\":\"https:\\\/\\\/inclusivenews.com.br\\\/?p=35938\",\"name\":\"Pesquisar com, n\u00e3o sobre: defici\u00eancia, conhecimento e encontro -\",\"isPartOf\":{\"@id\":\"https:\\\/\\\/inclusivenews.com.br\\\/#website\"},\"primaryImageOfPage\":{\"@id\":\"https:\\\/\\\/inclusivenews.com.br\\\/?p=35938#primaryimage\"},\"image\":{\"@id\":\"https:\\\/\\\/inclusivenews.com.br\\\/?p=35938#primaryimage\"},\"thumbnailUrl\":\"https:\\\/\\\/inclusivenews.com.br\\\/wp-content\\\/uploads\\\/2026\\\/06\\\/image-4.png\",\"datePublished\":\"2026-09-03T08:16:00+00:00\",\"breadcrumb\":{\"@id\":\"https:\\\/\\\/inclusivenews.com.br\\\/?p=35938#breadcrumb\"},\"inLanguage\":\"pt-PT\",\"potentialAction\":[{\"@type\":\"ReadAction\",\"target\":[\"https:\\\/\\\/inclusivenews.com.br\\\/?p=35938\"]}]},{\"@type\":\"ImageObject\",\"inLanguage\":\"pt-PT\",\"@id\":\"https:\\\/\\\/inclusivenews.com.br\\\/?p=35938#primaryimage\",\"url\":\"https:\\\/\\\/inclusivenews.com.br\\\/wp-content\\\/uploads\\\/2026\\\/06\\\/image-4.png\",\"contentUrl\":\"https:\\\/\\\/inclusivenews.com.br\\\/wp-content\\\/uploads\\\/2026\\\/06\\\/image-4.png\",\"width\":768,\"height\":576},{\"@type\":\"BreadcrumbList\",\"@id\":\"https:\\\/\\\/inclusivenews.com.br\\\/?p=35938#breadcrumb\",\"itemListElement\":[{\"@type\":\"ListItem\",\"position\":1,\"name\":\"In\u00edcio\",\"item\":\"https:\\\/\\\/inclusivenews.com.br\\\/\"},{\"@type\":\"ListItem\",\"position\":2,\"name\":\"Pesquisar com, n\u00e3o sobre: defici\u00eancia, conhecimento e encontro\"}]},{\"@type\":\"WebSite\",\"@id\":\"https:\\\/\\\/inclusivenews.com.br\\\/#website\",\"url\":\"https:\\\/\\\/inclusivenews.com.br\\\/\",\"name\":\"Inclusive News\",\"description\":\"Inclusive News\",\"publisher\":{\"@id\":\"https:\\\/\\\/inclusivenews.com.br\\\/#organization\"},\"potentialAction\":[{\"@type\":\"SearchAction\",\"target\":{\"@type\":\"EntryPoint\",\"urlTemplate\":\"https:\\\/\\\/inclusivenews.com.br\\\/?s={search_term_string}\"},\"query-input\":{\"@type\":\"PropertyValueSpecification\",\"valueRequired\":true,\"valueName\":\"search_term_string\"}}],\"inLanguage\":\"pt-PT\"},{\"@type\":\"Organization\",\"@id\":\"https:\\\/\\\/inclusivenews.com.br\\\/#organization\",\"name\":\"Inclusive - inclus\u00e3o e cidadania\",\"url\":\"https:\\\/\\\/inclusivenews.com.br\\\/\",\"logo\":{\"@type\":\"ImageObject\",\"inLanguage\":\"pt-PT\",\"@id\":\"https:\\\/\\\/inclusivenews.com.br\\\/#\\\/schema\\\/logo\\\/image\\\/\",\"url\":\"https:\\\/\\\/inclusivenews.com.br\\\/wp-content\\\/uploads\\\/2024\\\/03\\\/@grandesite.png\",\"contentUrl\":\"https:\\\/\\\/inclusivenews.com.br\\\/wp-content\\\/uploads\\\/2024\\\/03\\\/@grandesite.png\",\"width\":1080,\"height\":1080,\"caption\":\"Inclusive - inclus\u00e3o e cidadania\"},\"image\":{\"@id\":\"https:\\\/\\\/inclusivenews.com.br\\\/#\\\/schema\\\/logo\\\/image\\\/\"},\"sameAs\":[\"https:\\\/\\\/www.facebook.com\\\/agenciainclusive\\\/\",\"https:\\\/\\\/www.instagram.com\\\/newsinclusive\\\/\"]},{\"@type\":\"Person\",\"@id\":\"https:\\\/\\\/inclusivenews.com.br\\\/#\\\/schema\\\/person\\\/cbc1ef9d65e19f406432c71d57299490\",\"name\":\"Ana Prado\",\"image\":{\"@type\":\"ImageObject\",\"inLanguage\":\"pt-PT\",\"@id\":\"https:\\\/\\\/secure.gravatar.com\\\/avatar\\\/b3981df724a4234bd2e360eb64eb90a7049218f8fa1149bbcf49295d06b6028d?s=96&d=mm&r=g\",\"url\":\"https:\\\/\\\/secure.gravatar.com\\\/avatar\\\/b3981df724a4234bd2e360eb64eb90a7049218f8fa1149bbcf49295d06b6028d?s=96&d=mm&r=g\",\"contentUrl\":\"https:\\\/\\\/secure.gravatar.com\\\/avatar\\\/b3981df724a4234bd2e360eb64eb90a7049218f8fa1149bbcf49295d06b6028d?s=96&d=mm&r=g\",\"caption\":\"Ana Prado\"},\"url\":\"https:\\\/\\\/inclusivenews.com.br\\\/?author=4\"}]}<\/script>\n<!-- \/ Yoast SEO plugin. -->","yoast_head_json":{"title":"Pesquisar com, n\u00e3o sobre: defici\u00eancia, conhecimento e encontro -","robots":{"index":"index","follow":"follow","max-snippet":"max-snippet:-1","max-image-preview":"max-image-preview:large","max-video-preview":"max-video-preview:-1"},"canonical":"https:\/\/inclusivenews.com.br\/?p=35938","og_locale":"pt_PT","og_type":"article","og_title":"Pesquisar com, n\u00e3o sobre: defici\u00eancia, conhecimento e encontro -","og_description":"Texto de Ana Prado Estudar a defici\u00eancia exige um deslocamento epistemol\u00f3gico que n\u00e3o se sustenta apenas na mudan\u00e7a de objeto, mas na transforma\u00e7\u00e3o do modo de produzir saber. Durante muito tempo, a defici\u00eancia foi tomada como algo a ser observado de fora, descrita em termos de falta, desvio ou limita\u00e7\u00e3o, como se a experi\u00eancia pudesse [&hellip;]","og_url":"https:\/\/inclusivenews.com.br\/?p=35938","article_publisher":"https:\/\/www.facebook.com\/agenciainclusive\/","article_published_time":"2026-09-03T08:16:00+00:00","og_image":[{"width":768,"height":576,"url":"https:\/\/inclusivenews.com.br\/wp-content\/uploads\/2026\/06\/image-4.png","type":"image\/png"}],"author":"Ana Prado","twitter_card":"summary_large_image","twitter_misc":{"Escrito por":"Ana Prado","Tempo estimado de leitura":"3 minutos"},"schema":{"@context":"https:\/\/schema.org","@graph":[{"@type":"Article","@id":"https:\/\/inclusivenews.com.br\/?p=35938#article","isPartOf":{"@id":"https:\/\/inclusivenews.com.br\/?p=35938"},"author":{"name":"Ana Prado","@id":"https:\/\/inclusivenews.com.br\/#\/schema\/person\/cbc1ef9d65e19f406432c71d57299490"},"headline":"Pesquisar com, n\u00e3o sobre: defici\u00eancia, conhecimento e encontro","datePublished":"2026-09-03T08:16:00+00:00","mainEntityOfPage":{"@id":"https:\/\/inclusivenews.com.br\/?p=35938"},"wordCount":564,"commentCount":0,"publisher":{"@id":"https:\/\/inclusivenews.com.br\/#organization"},"image":{"@id":"https:\/\/inclusivenews.com.br\/?p=35938#primaryimage"},"thumbnailUrl":"https:\/\/inclusivenews.com.br\/wp-content\/uploads\/2026\/06\/image-4.png","keywords":["Acessibilidade","Educa\u00e7\u00e3o inclusiva","Estudos da Defici\u00eancia","Inclus\u00e3o","PcD"],"articleSection":["Blog"],"inLanguage":"pt-PT","potentialAction":[{"@type":"CommentAction","name":"Comment","target":["https:\/\/inclusivenews.com.br\/?p=35938#respond"]}]},{"@type":"WebPage","@id":"https:\/\/inclusivenews.com.br\/?p=35938","url":"https:\/\/inclusivenews.com.br\/?p=35938","name":"Pesquisar com, n\u00e3o sobre: defici\u00eancia, conhecimento e encontro -","isPartOf":{"@id":"https:\/\/inclusivenews.com.br\/#website"},"primaryImageOfPage":{"@id":"https:\/\/inclusivenews.com.br\/?p=35938#primaryimage"},"image":{"@id":"https:\/\/inclusivenews.com.br\/?p=35938#primaryimage"},"thumbnailUrl":"https:\/\/inclusivenews.com.br\/wp-content\/uploads\/2026\/06\/image-4.png","datePublished":"2026-09-03T08:16:00+00:00","breadcrumb":{"@id":"https:\/\/inclusivenews.com.br\/?p=35938#breadcrumb"},"inLanguage":"pt-PT","potentialAction":[{"@type":"ReadAction","target":["https:\/\/inclusivenews.com.br\/?p=35938"]}]},{"@type":"ImageObject","inLanguage":"pt-PT","@id":"https:\/\/inclusivenews.com.br\/?p=35938#primaryimage","url":"https:\/\/inclusivenews.com.br\/wp-content\/uploads\/2026\/06\/image-4.png","contentUrl":"https:\/\/inclusivenews.com.br\/wp-content\/uploads\/2026\/06\/image-4.png","width":768,"height":576},{"@type":"BreadcrumbList","@id":"https:\/\/inclusivenews.com.br\/?p=35938#breadcrumb","itemListElement":[{"@type":"ListItem","position":1,"name":"In\u00edcio","item":"https:\/\/inclusivenews.com.br\/"},{"@type":"ListItem","position":2,"name":"Pesquisar com, n\u00e3o sobre: defici\u00eancia, conhecimento e encontro"}]},{"@type":"WebSite","@id":"https:\/\/inclusivenews.com.br\/#website","url":"https:\/\/inclusivenews.com.br\/","name":"Inclusive News","description":"Inclusive News","publisher":{"@id":"https:\/\/inclusivenews.com.br\/#organization"},"potentialAction":[{"@type":"SearchAction","target":{"@type":"EntryPoint","urlTemplate":"https:\/\/inclusivenews.com.br\/?s={search_term_string}"},"query-input":{"@type":"PropertyValueSpecification","valueRequired":true,"valueName":"search_term_string"}}],"inLanguage":"pt-PT"},{"@type":"Organization","@id":"https:\/\/inclusivenews.com.br\/#organization","name":"Inclusive - inclus\u00e3o e cidadania","url":"https:\/\/inclusivenews.com.br\/","logo":{"@type":"ImageObject","inLanguage":"pt-PT","@id":"https:\/\/inclusivenews.com.br\/#\/schema\/logo\/image\/","url":"https:\/\/inclusivenews.com.br\/wp-content\/uploads\/2024\/03\/@grandesite.png","contentUrl":"https:\/\/inclusivenews.com.br\/wp-content\/uploads\/2024\/03\/@grandesite.png","width":1080,"height":1080,"caption":"Inclusive - inclus\u00e3o e cidadania"},"image":{"@id":"https:\/\/inclusivenews.com.br\/#\/schema\/logo\/image\/"},"sameAs":["https:\/\/www.facebook.com\/agenciainclusive\/","https:\/\/www.instagram.com\/newsinclusive\/"]},{"@type":"Person","@id":"https:\/\/inclusivenews.com.br\/#\/schema\/person\/cbc1ef9d65e19f406432c71d57299490","name":"Ana Prado","image":{"@type":"ImageObject","inLanguage":"pt-PT","@id":"https:\/\/secure.gravatar.com\/avatar\/b3981df724a4234bd2e360eb64eb90a7049218f8fa1149bbcf49295d06b6028d?s=96&d=mm&r=g","url":"https:\/\/secure.gravatar.com\/avatar\/b3981df724a4234bd2e360eb64eb90a7049218f8fa1149bbcf49295d06b6028d?s=96&d=mm&r=g","contentUrl":"https:\/\/secure.gravatar.com\/avatar\/b3981df724a4234bd2e360eb64eb90a7049218f8fa1149bbcf49295d06b6028d?s=96&d=mm&r=g","caption":"Ana Prado"},"url":"https:\/\/inclusivenews.com.br\/?author=4"}]}},"_links":{"self":[{"href":"https:\/\/inclusivenews.com.br\/index.php?rest_route=\/wp\/v2\/posts\/35938","targetHints":{"allow":["GET"]}}],"collection":[{"href":"https:\/\/inclusivenews.com.br\/index.php?rest_route=\/wp\/v2\/posts"}],"about":[{"href":"https:\/\/inclusivenews.com.br\/index.php?rest_route=\/wp\/v2\/types\/post"}],"author":[{"embeddable":true,"href":"https:\/\/inclusivenews.com.br\/index.php?rest_route=\/wp\/v2\/users\/4"}],"replies":[{"embeddable":true,"href":"https:\/\/inclusivenews.com.br\/index.php?rest_route=%2Fwp%2Fv2%2Fcomments&post=35938"}],"version-history":[{"count":1,"href":"https:\/\/inclusivenews.com.br\/index.php?rest_route=\/wp\/v2\/posts\/35938\/revisions"}],"predecessor-version":[{"id":35939,"href":"https:\/\/inclusivenews.com.br\/index.php?rest_route=\/wp\/v2\/posts\/35938\/revisions\/35939"}],"wp:featuredmedia":[{"embeddable":true,"href":"https:\/\/inclusivenews.com.br\/index.php?rest_route=\/wp\/v2\/media\/35864"}],"wp:attachment":[{"href":"https:\/\/inclusivenews.com.br\/index.php?rest_route=%2Fwp%2Fv2%2Fmedia&parent=35938"}],"wp:term":[{"taxonomy":"category","embeddable":true,"href":"https:\/\/inclusivenews.com.br\/index.php?rest_route=%2Fwp%2Fv2%2Fcategories&post=35938"},{"taxonomy":"post_tag","embeddable":true,"href":"https:\/\/inclusivenews.com.br\/index.php?rest_route=%2Fwp%2Fv2%2Ftags&post=35938"}],"curies":[{"name":"wp","href":"https:\/\/api.w.org\/{rel}","templated":true}]}}