{"id":364,"date":"2008-05-30T12:24:00","date_gmt":"2008-05-30T12:24:00","guid":{"rendered":"http:\/\/agenciainclusive.wordpress.com\/2008\/05\/30\/mantendo-o-ritmo-da-mobilizacao-ratificacao-ja\/"},"modified":"2008-05-30T12:24:00","modified_gmt":"2008-05-30T12:24:00","slug":"mantendo-o-ritmo-da-mobilizacao-ratificacao-ja","status":"publish","type":"post","link":"https:\/\/inclusivenews.com.br\/?p=364","title":{"rendered":"Mantendo o ritmo da mobiliza\u00e7\u00e3o &#8211; Ratifica\u00e7\u00e3o J\u00e1 !"},"content":{"rendered":"<p><!-- START OF ACTIVEMETER CODE --> Car\u00edssim@s<\/p>\n<p>Aprovada em dois turnos, com qu\u00f3rum qualificado, na C\u00e2mara dos Deputados, a<br \/>\nConven\u00e7\u00e3o sobre os direitos das pessoas com defici\u00eancia agora segue para<br \/>\nvota\u00e7\u00e3o, tamb\u00e9m, em dois turnos, no Senado.<\/p>\n<p>Dos 82 senadores, precisamos de 50 votos para que a mesma tenha validade<br \/>\ncomo norma constitucional e, para isso, dependemos do empenho de todos e de<br \/>\ncada um nessa mobiliza\u00e7\u00e3o, portanto n\u00e3o podemos nos descuidar pois, caso em<br \/>\nalgum dos turnos do senado n\u00e3o seja atingido esse qu\u00f3rum (seja por vota\u00e7\u00e3o<br \/>\nou por aus\u00eancia), a Conven\u00e7\u00e3o ter\u00e1 um valor legal mais fraco.<\/p>\n<p>Nossa sugest\u00e3o \u00e9 que continuemos escrevendo para os senadores.<\/p>\n<p>Abaixo segue uma sugest\u00e3o de texto, se cada um puder mandar sua pr\u00f3pria<br \/>\nmensagem melhor ainda.<\/p>\n<p>Depois da carta tem a rela\u00e7\u00e3o atualizada dos e-mails dos senadores e<br \/>\nsenadoras<\/p>\n<p>Ratifica\u00e7\u00e3o J\u00e1 !<\/p>\n<p>Modelo de mensagem<\/p>\n<p>Linha de assunto : Contamos com sua presen\u00e7a e voto<\/p>\n<p>Senadores e senadoras<\/p>\n<p>No dia 28 de Maio passado a C\u00e2mara dos Deputados aprovou, com qu\u00f3rum<br \/>\nqualificado, em segundo turno a ratifica\u00e7\u00e3o da Conven\u00e7\u00e3o sobre os direitos<br \/>\ndas pessoas com defici\u00eancia. A mat\u00e9ria agora seguiu para o Senado onde<br \/>\ndever\u00e1 tamb\u00e9m ser votada em dois turnos<\/p>\n<p>Temos certeza que a Conven\u00e7\u00e3o sobre os Direitos das Pessoas com Defici\u00eancia<br \/>\n\u00e9 um marco legal que faz com que essas pessoas passem a ser considerados<br \/>\nseres humanos plenos e que ser\u00e1 um instrumento para o desenvolvimento da<br \/>\nautonomia de todos.<\/p>\n<p>O Brasil tem 24.500.000 pessoas com algum tipo de defici\u00eancia que ser\u00e3o<br \/>\nbeneficiadas pela ratifica\u00e7\u00e3o desta Conven\u00e7\u00e3o, por disposi\u00e7\u00e3o legal e<br \/>\nlegitimidade pol\u00edtica.<\/p>\n<p>Para ter status de norma constitucional, \u00e9 preciso quorum m\u00ednimo de 3\/5.<br \/>\nN\u00f3s, dos movimentos sociais organizados de pessoas com e sem defici\u00eancia,<br \/>\nesperamos por muito mais, assim como foi na C\u00e2mara dos Deputados, e estamos<br \/>\nseguros que seremos atendidos, seja pela sensibilidade de cada um dos<br \/>\nparlamentares, seja pela vontade pol\u00edtica e dever de lealdade que t\u00eam para<br \/>\ncom a sociedade e seus eleitores.<\/p>\n<p>Este novo tratado de direitos humanos \u00e9 mais um importante passo para a<br \/>\ninclus\u00e3o plena das pessoas com defici\u00eancia na sociedade, bem como para a<br \/>\ndiminui\u00e7\u00e3o de preconceitos e barreiras sociais, em respeito \u00e0 diversidade<br \/>\nhumana e contra a discrimina\u00e7\u00e3o.<\/p>\n<p>Continuaremos na luta para que o processo de vota\u00e7\u00e3o no Senado ratifique a<br \/>\nConven\u00e7\u00e3o e, para isso, contamos com sua presen\u00e7a e voto . Contamos com seu<br \/>\napoio, sua presen\u00e7a e seu voto para que esta causa cidad\u00e3 seja transformada<br \/>\nem obriga\u00e7\u00e3o constitucional em benef\u00edcio da na\u00e7\u00e3o.<\/p>\n<p>ADAP &#8211; Associa\u00e7\u00e3o dos Deficientes Auditivos, Pais, Amigos e Usu\u00e1rios de<br \/>\nImplante Coclear ADEFISA, Associa\u00e7\u00e3o de Defesa das Pessoas com Defici\u00eancia<br \/>\nF\u00edsica de Alfenas- MG<br \/>\nAg\u00eancia Inclusive<br \/>\nAmankay Instituto de Estudos e Pesquisas &#8211; SP<br \/>\nAMAS- Associa\u00e7\u00e3o Amigos dos Autistas de Sorocaba<br \/>\nAPAE de Uberl\u00e2ndia &#8211; MG<br \/>\nAPARU &#8211; Associa\u00e7\u00e3o dos Parapl\u00e9gicos de Uberl\u00e2ndia &#8211; MG<br \/>\nAprendendo Down &#8211; BA<br \/>\nAssino inclus\u00e3o<br \/>\nAssocia\u00e7\u00e3o Brasileira de Osteogenesis Imperfecta<br \/>\nAssocia\u00e7\u00e3o Brasileira de S\u00edndrome P\u00f3s-Poliomielite &#8211; Rio de Janeiro<br \/>\nAssocia\u00e7\u00e3o de Sindrome de Down RN<br \/>\nAssocia\u00e7\u00e3o Ga\u00facha de Pais e Amigos dos Surdocegos e Multideficientes<br \/>\nAssocia\u00e7\u00e3o S\u00edndrome de Down de Piracicaba &#8211; SP<br \/>\nCAMPE- Centro de Apoio \u00c0s M\u00e3es de Portadores de Efici\u00eancia &#8211; Fortaleza<br \/>\nCCD &#8211; Centro de Conviv\u00eancia da Pessoa com Defici\u00eancia de Petrolina &#8211; PE<br \/>\nCentro de Estudos Multi Disciplinar Pr\u00f3 Inclus\u00e3o<br \/>\nComiss\u00e3o de Direitos Humanos e Assist\u00eancia Judici\u00e1ria da Ordem dos Advogados<br \/>\ndo Brasil &#8211; RJ<br \/>\nComud &#8211; Conselho Municipal dos Direitos da Pessoa com Defici\u00eancia de<br \/>\nPetrolina &#8211; PE<br \/>\nConselho Federal de Psicologia<br \/>\nConstruindo o Caminho<br \/>\nCRIARDES-Cria\u00e7\u00e3o Arte desenvolvimento social de pessoas com defici\u00eancia-RJ<br \/>\nCVI Araci Nallin &#8211; S\u00e3o Paulo &#8211; SP<br \/>\nCVI &#8211; Brasil<br \/>\nCVI Campinas &#8211; SP<br \/>\nCVI &#8211; Maring\u00e1 &#8211; PR<br \/>\nDF Down &#8211; DF<br \/>\nEscola de Gente-Comunica\u00e7\u00e3o em Inclusao<br \/>\nFBADS-Federa\u00e7\u00e3o Brasileira das Associa\u00e7\u00f5es de Sindrome de Down<br \/>\nFIERJ-Inclus\u00e3o Social Forum Permanente de Educa\u00e7\u00e3o Inclusiva<br \/>\nGAIA -Grupo de apoio ao indiv\u00edduo com autismo<br \/>\nGEPAIS \u2013 Grupo de Estudos, Pesquisas e A\u00e7\u00f5es em Inclus\u00e3o Social da Faculdade<br \/>\nCat\u00f3lica de Uberl\u00e2ndia &#8211; MG<br \/>\nGrupo Educa\u00e7\u00e3o e Autismo<br \/>\nGrupo Happy Down<br \/>\nGrupo Rede Inclusiva- Educa\u00e7\u00e3o Para Todos<br \/>\nGrupo RJ Down &#8211; RJ<br \/>\nGrupo S\u00edndrome de Down<br \/>\nGrupo Tortura Nunca Mais-RJ<br \/>\nGrupo Arco Iris de Conscientiza\u00e7\u00e3o Homossexual<br \/>\nGrupo Universo Down &#8211; CE<br \/>\nGrupo 25 &#8211; SP<br \/>\nIBDD-Instituto Brasileiro dos Direitos das Pessoas com Defici\u00eancia<br \/>\nInstituto Brasileiro dos Direitos da Pessoa com Defici\u00eancia &#8211; RJ<br \/>\nInstituto Interamericano sobre Defici\u00eancia e Desenvolvimento Inclusivo<br \/>\nISER-Instituto de Estudos Religiosos<br \/>\nMovimento Nacional de Vida Independente<br \/>\nMovimento Orgulho Autista Brasil<br \/>\nNEI-N\u00facleo de Estudos inclusivos UERJ<br \/>\nN\u00facleo Pr\u00f3 Acesso da Faculdade de Arquitetura da UFRJ<br \/>\nOng Ser-Centro de Forma\u00e7\u00e3o Profissional &#8211; Favela do Vidigal &#8211; RJ<br \/>\nProjeto Roma Brasil<br \/>\nRehabilitation International &#8211; RI<br \/>\nRede Inclusiva juntos educa\u00e7\u00e3o para todos<br \/>\nRede SACI<br \/>\nSecretaria da pessoa com defici\u00eancia do munic\u00edpio do Rio de Janeiro<br \/>\nSociedade Sindrome de Down &#8211; RJ<br \/>\nSuperintend\u00eancia de Direitos Individuais, Coletivos e Difusos da Secretaria<br \/>\nde Direitos Humanos e Assist\u00eancia Social do Estado do Rio de Janeiro<br \/>\nSuperintend\u00eancia de Pol\u00edticas para Pessoas com Defici\u00eancia da Secretaria de<br \/>\nDireitos Humanos e Assist\u00eancia Social do Estado do Rio de Janeiro<br \/>\nUNE-Uni\u00e3o Nacional dos Estudantes<\/p>\n<p>Rela\u00e7\u00e3o de e-mail dos senadores<\/p>\n<p><a href=\"http:\/\/br.groups.yahoo.com\/group\/sindromededown\/post?postID=axS3Wp51A4vUQ7dOE4o7tlg8zDpVwIZ-xhU2-RHb3NBE5wy5j4c0i1a5DAdvh2EtOGm7Z_7cGDGpdcefNYA35UB7GHnQI_E\">geraldo.mesquita@senador.gov.br<\/a><br \/>\n<a href=\"http:\/\/br.groups.yahoo.com\/group\/sindromededown\/post?postID=G-vCQ1Ye67AGdeZVu3neAMCmFJqVUd2d-PTzVVj8Y4mq_54Xe5k1epkqFyKVX01jhD3bpJTfi6xIh8pNaw\">marinasi@senado.gov.br<\/a><br \/>\n<a href=\"http:\/\/br.groups.yahoo.com\/group\/sindromededown\/post?postID=K1NdWNpeaZM4oPPKzDWNl-rOviPcTxr8-O5v7HXctbvtI-ZK7hnuTgpu7O5qnOhUUtyY3HcpbH0Mr8rP56NRHaix0Q\">tiao.viana@senador.gov.br<\/a><br \/>\n<a href=\"http:\/\/br.groups.yahoo.com\/group\/sindromededown\/post?postID=AN4CTqmUYFcb6UupvzHLJzP1aGygYtJkZ52OBkjAL9hfvN5HnZNhLIrnbc5koO91lCb_gR4fTynCy2ub61TaPzxR-II\">renan.calheiros@senador.gov.br<\/a><br \/>\n<a href=\"http:\/\/br.groups.yahoo.com\/group\/sindromededown\/post?postID=vxpv7KPlmijI0cS9ExotrX79SN-Ska7cSF2NlNweJjsPCCij21hpFZFg2fNAYBL3HbEH-NxMx4POiPZwow\">jtenorio@senador.gov.br<\/a><br \/>\n<a href=\"http:\/\/br.groups.yahoo.com\/group\/sindromededown\/post?postID=lagxvkjIwiEaNo-vWp8F5Rlk5DKoWj89a5GZhc2HlF_6iwvCW-5ZQRWmCB94GrbDyzbfVb-BP7b3J_NsCgYE_ZdJvpdVEA\">fernando.collor@senador.gov.br<\/a><br \/>\n<a href=\"http:\/\/br.groups.yahoo.com\/group\/sindromededown\/post?postID=6b6aOlG0VKm9lNQo3An6PNPIpIz_cCFI6bM9-A8WZHErpAv5WEFYIm-pr5L_5r1ZyxmxxZUNq-3HJCVi961-Top1dPms\">arthur.virgilio@senador.gov.br<\/a><br \/>\n<a href=\"http:\/\/br.groups.yahoo.com\/group\/sindromededown\/post?postID=z01F7qpEyur-gnG9bq-HM5qccfVCDweHDY2NzNu8MtfVcPkWmivZJx-3IDhGEmUwgJ_vHY0LrNcF_rhbq1CO\">joaopedro@senador.gov.br<\/a><br \/>\n<a href=\"http:\/\/br.groups.yahoo.com\/group\/sindromededown\/post?postID=-gdanQTzVsGbOtq8tm9Z3azgpNwATsjU-_O35jFAEcc1KLC6zElwCSO-DxkwhqWFHvak7Leu1AbtQ4ODLoVJDmnQ72U\">geovaniborges@senador.gov.br<\/a><br \/>\n<a href=\"http:\/\/br.groups.yahoo.com\/group\/sindromededown\/post?postID=IcyZTw9sfz0O6VSjGcPfpWTww6bh0VzB0HmnsREr-yBbs4IoUCqdE3U9gjOcV_EZxdOKP7IXz3Z5i82APQ\">sarney@senador.gov.br<\/a><br \/>\n<a href=\"http:\/\/br.groups.yahoo.com\/group\/sindromededown\/post?postID=hErax1M1dkZ2mmMRoR0Nmf2poeO7MCRgkGQGjWd3lNK25FS3yLym4_fkrNIz5F0eAqn-W7GZBofNB6rL4adBeg\">papaleo@senador.gov.br<\/a><br \/>\n<a href=\"http:\/\/br.groups.yahoo.com\/group\/sindromededown\/post?postID=SxBU0yZ-XStRoZ5ARNYN9b2uoifWcDQ-zGqrzQx_3rXF0PILorwZk3F3eppSL0kUNwRlXgBoUn17RyIy\">acmjr@senador.gov.br<\/a><br \/>\n<a href=\"http:\/\/br.groups.yahoo.com\/group\/sindromededown\/post?postID=imuD_8cTX1_wd2ocrd0pHyuXc3-3skrQeZ2qZPAlH6-yI4Nv2u6RGURxOLkA1hsYx378b-gcknVniBwWjI7vutt46_0\">cesarborges@senador.gov.br<\/a><br \/>\n<a href=\"http:\/\/br.groups.yahoo.com\/group\/sindromededown\/post?postID=UwaA0Ev47QczmU4ChkhaOFSmE5uWZ-hN8Lnmes3FLBIkoZr1z_YeuGzxWNp_s21E7jzVHM6cW4RYP979u8ocWTlAC7Y\">joaodurval@senador.gov.br<\/a><br \/>\n<a href=\"http:\/\/br.groups.yahoo.com\/group\/sindromededown\/post?postID=LUcFRzktouc8ZkjfMLj3VH8JhalNGcmvrKAzm98IdA2qPzdzyapkwTT9faO60Mn5VrCy8cZPNO_Co0SdRymaqYkT4AM\">psaboyagomes@senadora.gov.br<\/a><br \/>\n<a href=\"http:\/\/br.groups.yahoo.com\/group\/sindromededown\/post?postID=HOGhmMem-Wg6wgP_1LLmG_bd-mS8Zr1NrAnt-vYVbdPkhTCx6VoQpAw01gSacsnm57Ow0tOPPfjIfSB-dOFObR8\">inacioarruda@senador.gov.br<\/a><br \/>\n<a href=\"http:\/\/br.groups.yahoo.com\/group\/sindromededown\/post?postID=14rEhhtv9HwFbcSI-Gl9f04aOyBdhzhnBT6RjgFk21UwnvWYDPq7bi5uTr2Urx-vs3ZKxfBBtV0zN7ULxyRnCyYVink38DGz\">tasso.jereissati@senador.gov.br<\/a><br \/>\n<a href=\"http:\/\/br.groups.yahoo.com\/group\/sindromededown\/post?postID=QML7-ZH66d5HH-S53BAg9Cjj4naQgfQX1T-cuM4s0coW-FBnOrn5fVkRUUD-ALvQwWapg8e-8V3SSKaEiPuBvnc\">cristovam@senador.gov.br<\/a><br \/>\n<a href=\"http:\/\/br.groups.yahoo.com\/group\/sindromededown\/post?postID=9ba8T6Ax3LmrWt_E4hDG6ljELYetv0OTf9TKf4gALd-U72aQQ0ieUOvCFIjz_IB17tWE8xkSA_ZzUTCyLWhSiA\">gim.argello@senador.gov.br<\/a><br \/>\n<a href=\"http:\/\/br.groups.yahoo.com\/group\/sindromededown\/post?postID=9mWQp4ApqRrLIgbX_gSQPxlBmdXP41FJSzJnqEBZC23XstEr_kMkzLM4JXTY_CaxikJlbVqVYiFnLkdABtz9Du2k6LLS\">adelmir.santana@senador.gov.br<\/a><br \/>\n<a href=\"http:\/\/br.groups.yahoo.com\/group\/sindromededown\/post?postID=yuupe4PLthp5Q0G19CJYnCv3ZtSsTub4jjRzkxK1LEHrlDiD9Wl5T0Y3uPzFJwXwIMdez8Bg2IwAttT1YoFr-q5q8w\">gerson.camata@senador.gov.br<\/a><br \/>\n<a href=\"http:\/\/br.groups.yahoo.com\/group\/sindromededown\/post?postID=ackpWZ-xL3nEz0Fmrj8GpK5RckE-E7p4JjzWA_hTNyAY52VaAsZg-9vggee2pbmuNcpE8WrOIK6VeTR0WnA\">renatoc@senador.gov.br<\/a><br \/>\n<a href=\"http:\/\/br.groups.yahoo.com\/group\/sindromededown\/post?postID=-3_I8-Ozd-wKnzMEBrNIdlPLIexnaRSMC2LtfXGLZAyk8LUn9r8wAH-0eyqFr84Mcr333PjgC5DP7ABmTsJ0CGKdYKk\">magnomalta@senador.gov.br<\/a><br \/>\n<a href=\"http:\/\/br.groups.yahoo.com\/group\/sindromededown\/post?postID=Fa-CkQq27EA4AFEEEYShdnGcA8ABldUZyF2Qlra4VW1YQrJkJKztIztatIEY7Rfj315BOxWJJ_MYb_aupWB85G1BcYvQiw\">demostenes.torres@senador.gov.br<\/a><br \/>\n<a href=\"http:\/\/br.groups.yahoo.com\/group\/sindromededown\/post?postID=BQ75w-bkI2G3hIXs6fr-7t1wDgfFqs0G6OTpGpTiE-5HQrLuxzK30-MFzOlUeon_pM8eaz0-7q1yDb9fR8Z7AJo\">lucia.vania@senadora.gov.br<\/a><br \/>\n<a href=\"http:\/\/br.groups.yahoo.com\/group\/sindromededown\/post?postID=8sgNipmug23MjrIipgz3KiqSIHT6bc0FxgyyaGl4wsbuywk7h087zN4VsEc18PURaIZ6vUxOv7dHp2U_yzAWM_dSXL3Y\">marconi.perillo@senador.gov.br<\/a><br \/>\n<a href=\"http:\/\/br.groups.yahoo.com\/group\/sindromededown\/post?postID=UE5l3VsvZ2_fAcYgNoZY1jVvOmsX8DD7VheGgaRUEXE5MBObVsttcsatTFZFgG5-VAB6X1tqDLXBJhpPZS2ux0is\">ecafeteira@senador.gov.br<\/a><br \/>\n<a href=\"http:\/\/br.groups.yahoo.com\/group\/sindromededown\/post?postID=cHHqNrnCGHv6jrrzYpeSSEAxV02AOIv_I8kxDQtqQ9fe-bU_UaVDrzZPBb_q4KArRY95b0LO9nQwoh6GydA1ayleOA\">lobaofilho@senador.gov.br<\/a><br \/>\n<a href=\"http:\/\/br.groups.yahoo.com\/group\/sindromededown\/post?postID=aMaq53fE8F6-cVynhcTyqg8tgSYR91fXp2GchIez56iY9wqkyzqhOqEvq2-1yjiDJsuobbWxJOCOXTk93cfmFJbApO4T\">roseana.sarney@senadora.gov.br<\/a><br \/>\n<a href=\"http:\/\/br.groups.yahoo.com\/group\/sindromededown\/post?postID=S_2aqgPxv_-9hf_MyAoVX8HnkuVQACrFtKxJ6NoMWoJDyz21X6CtAFlTDKYXxtM2fyIFdQyVUhFk_kgws345zlDf1XAe9g\">eliseuresende@senador.gov.br<\/a><br \/>\n<a href=\"http:\/\/br.groups.yahoo.com\/group\/sindromededown\/post?postID=tmfoSC6bg_0hoi2HE1gKxHltKoCfe9sRu-j0Wu4sB6FU7eftl0LTT_iwsVE8N3vJvxD8F9VTCzItWkxX37Fr6rZYi4m0-S8\">eduardo.azeredo@senador.gov.br<\/a> <a href=\"http:\/\/br.groups.yahoo.com\/group\/sindromededown\/post?postID=EJOqiuords1Mu6lBiquBy5HrrDQ2qEoVN_G_xzXHPY2HclFoZg2EpICbr4psJjFgzlNamLP53WY9kbR2d0v3MAkyspn1eu1OEQ\">wellington.salgado@senador.gov.br<\/a><br \/>\n<a href=\"http:\/\/br.groups.yahoo.com\/group\/sindromededown\/post?postID=kGStSQ4AC9ZOQhHmlSODUspAGncRqZGOmc3B7MR9fJJY51HMmlvoQuMbeQigUtYYFdqingsUrt1Ix4yMGIKEHP5ria4\">delcidio.amaral@senador.gov.br<\/a> <a href=\"http:\/\/br.groups.yahoo.com\/group\/sindromededown\/post?postID=vedXc_IzQJ2sxxf2fZeYwLvPXrvS8hMt4usp6O1ZSDl37FCl-JIynscSQ6pK9eBxaooyZYhvmUHQH1lYPCdBq6BWa6OspOc\">valterpereira@senador.gov.br<\/a><br \/>\n<a href=\"http:\/\/br.groups.yahoo.com\/group\/sindromededown\/post?postID=Oj8oLiN-m6953OYK-mvoF0z4mJC0cxPl7oNy5RthNE2DEwpeRH2V2-D2dbYrzlZuzC7D1Zqmz1aY8EZgVdaYwqfPRpw6hA\">marisa.serrano@senadora.gov.br<\/a> <a href=\"http:\/\/br.groups.yahoo.com\/group\/sindromededown\/post?postID=0ZyX0szeQr58dSSbioq0E6Upqncbl0k3JLPs5u0rtm3KqFN1Uk6S99BRCH_5m5McXtOFZjkBP1qNxQZLbXdKG4UEaho41fbDH0s\">gilberto.goellner@senador.gov.br<\/a><br \/>\n<a href=\"http:\/\/br.groups.yahoo.com\/group\/sindromededown\/post?postID=9psZNYi3iC0xGdLm476rxgjLTOECZRqgiTvoAaytf982K1YG3qkW24MEQtBQmysuM6_5mVxg-okI8_qFeFTSmTK9fT3eOQ\">jayme.campos@senador.gov.br<\/a> <a href=\"http:\/\/br.groups.yahoo.com\/group\/sindromededown\/post?postID=dV19pMFcwRBfFtFs_1bNze-pFJkzcWYnY71G-vzQgcX_8oDmd1Xti4YhLJPJu_kWTk5iF530fqymYzWuvQ\">serys@senadora.gov.br<\/a> <a href=\"http:\/\/br.groups.yahoo.com\/group\/sindromededown\/post?postID=e1VB_7m050fH7TTz69nhYbZ8fDDVtN_c7ipiwsmrllxW0_KqkFqzCgqDWnpQJ3EAQV_Lm_H0Atqicsa7Hg\">josenery@senador.gov.br<\/a><br \/>\n<a href=\"http:\/\/br.groups.yahoo.com\/group\/sindromededown\/post?postID=wjEM3GiWLxnn02RVvRrtgZJW3j8gatC0o6dd6pjEanmwshItelrEAC1PVxLqhLH2lXzpoasq7kWe4pjk00rXkmTEwkoT\">flexaribeiro@senador.gov.br<\/a> <a href=\"http:\/\/br.groups.yahoo.com\/group\/sindromededown\/post?postID=wFJmZmdb5ZsORtyaI0XZ31gSq4ZXC6PybMm-0QhT-qdMDryxuyBLM9seC4QUQ9ek-yB1246IQdZTge2ZyR2yiQgNlw\">mario.couto@senador.gov.br<\/a><br \/>\n<a href=\"http:\/\/br.groups.yahoo.com\/group\/sindromededown\/post?postID=Ug71E_j-KpjpCLz0AeuL_A2Y28R5_gcN_beKN997xWn3yQcdxCVM0Vb5qjo7SJHDzh6kGzeLTeY4WK1oErK8b71CiA\">efraim.morais@senador.gov.br<\/a> <a href=\"http:\/\/br.groups.yahoo.com\/group\/sindromededown\/post?postID=b94crTL-gHQgo08ALbTx1y1Y7jDbxWA3Ag0Tx9H23A7TKIp_IEQ9snpNkf37D3PW-4BDXXOi9DEYCZXjaWlhmShVWFtOuQ\">jose.maranhao@senador.gov.br<\/a><br \/>\n<a href=\"http:\/\/br.groups.yahoo.com\/group\/sindromededown\/post?postID=f5quwv_XhocL4hWaMJ6GlYX0iUQyVWjVumBNsKG8J3rgyt7YHKWIzAl22RYROUPOqhWd20ScmaB7gIuJLeTZtMp6uJ89HA\">carlos.dunga@senador.gov.br<\/a> <a href=\"http:\/\/br.groups.yahoo.com\/group\/sindromededown\/post?postID=ql-5Hrj5FV5IF7sAhF56_cCo4gfzMf6RnCpP491PP8jMTfPpl3GQhLlPKDX2Jh6jWkDCarVWOvwfcae1xTVc1SBPsd57jJWnGgQsuA\">jarbas.vasconcelos@senador.gov.br<\/a><br \/>\n<a href=\"http:\/\/br.groups.yahoo.com\/group\/sindromededown\/post?postID=QOGmXNOOCrqcSxg1LG6LYTZYJYR3giJflAakVxshMFba-n9LJq5v90gyQx4JxnCyeu9GZGGmrlsEPGE21_RC0Lo\">marco.maciel@senador.gov.br<\/a> <a href=\"http:\/\/br.groups.yahoo.com\/group\/sindromededown\/post?postID=99WmETGcG1KDYhNp4Ezxnh6MupPUoZsa3_3Or9vzhKMVF83y8kgkz9OddmTceCgo4QYIHqdJc4BpP_SqM1RI6h7HobVcMN4\">sergio.guerra@senador.gov.br<\/a><br \/>\n<a href=\"http:\/\/br.groups.yahoo.com\/group\/sindromededown\/post?postID=1sDC2zMCsC08dLrnOoXRVRc0foKODiCHBlsNW59dqrZtk_I5o0HxqTedui5FumIWnTQt6X_hEMA7UavumJcs9y1Dew\">j.v.claudino@senador.gov.br<\/a> <a href=\"http:\/\/br.groups.yahoo.com\/group\/sindromededown\/post?postID=OSuWzL0NIIPOnQXkkBieOatvrOLxvLZ3Nuji9ufMY72Rsa2816T_IaYkmxTOCuM59UhnXpMZnbvLIvmbRtHltfJYJYmXVA\">heraclito.fortes@senador.gov.br<\/a><br \/>\n<a href=\"http:\/\/br.groups.yahoo.com\/group\/sindromededown\/post?postID=2EeF0OL13ZTVvyLMIuRji0pcZ6WiksbhhlR7Nds5qqHJB6b8eW_vB_Frv5LSGocB01rBTdqkevSWP4-XOF__\">maosanta@senador.gov.br<\/a> <a href=\"http:\/\/br.groups.yahoo.com\/group\/sindromededown\/post?postID=D9GrOtrYEBU9qB-vRZSRVmsQd7RKG-FjUDymSHxgi81k7u1eG5ZTrY899ga5iDvLptF_Orl-wAIpMO3uczFv\">alvarodias@senador.gov.br<\/a> <a href=\"http:\/\/br.groups.yahoo.com\/group\/sindromededown\/post?postID=3okNHx3BeP9k9jXzfWwiluv3NdnEsM1LjKC1eM3izihNXycLCXV2HPjyJlQrUE1CHsGsvWVfhvtif8-jKnQEiw\">flavioarns@senador.gov.br<\/a><br \/>\n<a href=\"http:\/\/br.groups.yahoo.com\/group\/sindromededown\/post?postID=Vd56QtzuZJU4cp4CNbxbWG28gxvIclYqlIsGU8iLDnTNiRijyhVrXfAhCVsTfBPLbB4FOvvRqz-HpEwzeIHbPn0\">osmardias@senador.gov.br<\/a> <a href=\"http:\/\/br.groups.yahoo.com\/group\/sindromededown\/post?postID=ov3bcLifamrylcqRNSrTo_4OimQrM2qLCy0MlZKFldGXmQBgfHqFbXUnzSaxR60p2o650WXyBy_uwJQChBS8\">crivella@senador.gov.br<\/a><br \/>\n<a href=\"http:\/\/br.groups.yahoo.com\/group\/sindromededown\/post?postID=74_YHKn5-KQaSX06ky2DiMLLnOaP8p_Ct1AmwzwzwVLViM7C2scpup4HyqfG5MlTrVoW6L4_ODEHVpexfHVsGp4BfTuWjm_IIg\">francisco.dornelles@senador.gov.br<\/a><br \/>\n<a href=\"http:\/\/br.groups.yahoo.com\/group\/sindromededown\/post?postID=xIgQNIObGCnWplrw4oxr8EK1Cr0dUc7oV9OB9NlR4l8Q8t4inUhJVJF1JrOLNIZVUr0E86DDHw8qPqTTb8fIFVY\">paulo.duque@senador.gov.br<\/a><br \/>\n<a href=\"http:\/\/br.groups.yahoo.com\/group\/sindromededown\/post?postID=DioPq-KH50fLmqkqVByoXOXpBYxXh3LpnvcmJmzhvZigxpR99Jz-O-Ek6MGJrkeZrMpFbjxMtrzwdmsQbxlJUlirXBIZnF-ZVGs\">rosalba.ciarlini@senadora.gov.br<\/a><br \/>\n<a href=\"http:\/\/br.groups.yahoo.com\/group\/sindromededown\/post?postID=qXhCKOZzt9CfGCVXSqkApzK5jOc9owaDPN0xud7bzWKKyP4_AqOUaEpaBObu7BVt9mQNsZrQ2MoXUtwVx8bdd1R12VQ\">garibaldi.alves@senador.gov.br<\/a><br \/>\n<a href=\"http:\/\/br.groups.yahoo.com\/group\/sindromededown\/post?postID=pWnrlhZy1twkMsmIAKctxB3zn63z--ehiX2D62hdwM0eX6ITdpFUZteoPqxQbIXa3rX03E7b-CmTncCJCV5sZq8onvc\">jose.agripino@senador.gov.br<\/a><br \/>\n<a href=\"http:\/\/br.groups.yahoo.com\/group\/sindromededown\/post?postID=kqRtp7FbR2rMyaQUxIvCeEtmOJdKODA7Ql1EZDKaM-Miaz62f-u4Su1FpECAv9aNg1hEnwtIje_pQFCAc4FW6Hh2ByQ\">expedito.junior@senador.gov.br<\/a><br \/>\n<a href=\"http:\/\/br.groups.yahoo.com\/group\/sindromededown\/post?postID=ZDS_lYbPLNuXWfuGAxAqWOHGxl7v6k3nJiRMpuMDbKw61cRhZ_e7QYB-sYMlntIBf3xXu3aFlFnmCzIXd8mvhNQcHyYnZQ\">fatima.cleide@senadora.gov.br<\/a><br \/>\n<a href=\"http:\/\/br.groups.yahoo.com\/group\/sindromededown\/post?postID=zXekt21rOoD_mx1pQUP7sGo8qSZ-Jk9JgQivcxLTc5jivD0jUfHV2r3x_wO3lZNH0lB5doe1BctHFQGEe4LCDbbZwds\">valdir.raupp@senador.gov.br<\/a><br \/>\n<a href=\"http:\/\/br.groups.yahoo.com\/group\/sindromededown\/post?postID=7kNzskUYttdNLO2GEFwZUrtu1XKkgclFIBRJ2YH12vRLE11mWQwZVT82lW4ISyQIHG0m-eoBRkzG1FCS5YPSSHfkjr0\">augusto.botelho@senador.gov.br<\/a><br \/>\n<a href=\"http:\/\/br.groups.yahoo.com\/group\/sindromededown\/post?postID=fJAnV1m1y0r0a0h5OVgeJNtTWDYTf3q-GFYQvcKrKiJ-0rFODsFvmNA5e5p5M7zLnQlyouT3gGEK96V9aDxa0YUBOQ\">mozarildo@senador.gov.br<\/a><br \/>\n<a href=\"http:\/\/br.groups.yahoo.com\/group\/sindromededown\/post?postID=TShMGQL5NZlAOXYmChPa5r-mLUntjECdEy-osHhRxzEsxY4KH7U6rNiY76XyD7wJEfSLGI2LyssqP9KIj-4mCtwlkg\">romero.juca@senador.gov.br<\/a><br \/>\n<a href=\"http:\/\/br.groups.yahoo.com\/group\/sindromededown\/post?postID=J7jFPARlz30jarCVZdg4k5Nd3-0vUb5FkKw65KPyXhyhZ74fJAE51zIV9JNoEdnbR2QqErPbuN6dpjcLxRR_CJZzZg\">paulopaim@senador.gov.br<\/a><br \/>\n<a href=\"http:\/\/br.groups.yahoo.com\/group\/sindromededown\/post?postID=XGXmd2NNkunTdeiBagJVBsjJVh82nKyAT9Vg2Xhzy4N6tva6_cRZOHaj_GCLP58Xe_qxkoJZ2xJYQM0JVVBsrqME\">pedro.simon@senador.gov.br<\/a><br \/>\n<a href=\"http:\/\/br.groups.yahoo.com\/group\/sindromededown\/post?postID=Jq8Lp5GPryroEhZlbPsAd_fjuxt6Wqp0jb4oeZq8YlSc0B6gIrRgBSVR0bIdYVqRRyuDBNf1baRkbXiT9pjZhMgrzkzNk9o\">sergio.zambiasi@senador.gov.br<\/a><br \/>\n<a href=\"http:\/\/br.groups.yahoo.com\/group\/sindromededown\/post?postID=SjVFSGx1AcZX9EgnZMjhdmHjuYJv8DqJhbvhObabsO3ctpUcttF_9SvEx6XiWaEE6q_bnpQe9KYhlZmRcz1vAGGuTibUWCQ\">ideli.salvatti@senadora.gov.br<\/a><br \/>\n<a href=\"http:\/\/br.groups.yahoo.com\/group\/sindromededown\/post?postID=z3MIp_BJr1ulPf832V8bDePQJw_V5Lqjo4wXZ96woKp9Af3x7e5x7x-G6SH4qQwv5yANMVLUnYGopT7FUHURTi4WROg\">neutodeconto@senador.gov.br<\/a><br \/>\n<a href=\"http:\/\/br.groups.yahoo.com\/group\/sindromededown\/post?postID=LwsgLSSDt9ygwmIcCzQyArJkDCjpmZhpe8WutdWwRKaLktYM5PySh43pYcShXLAfcMWA2wfoW_1MBq0v0A\">pavan@senador.gov.br<\/a><br \/>\n<a href=\"http:\/\/br.groups.yahoo.com\/group\/sindromededown\/post?postID=R8kWAC7pijJy6ITjHAo0MGdpI0YuIEpyzRA5ANgVimV16CWXSlZhvNVYi7E9GKNyhFc0xpVig7L0uHwrfnSESqUdc-4SGQ\">almeida.lima@senador.gov.br<\/a><br \/>\n<a href=\"http:\/\/br.groups.yahoo.com\/group\/sindromededown\/post?postID=cFOQ1u8n1IHjYN3DiFG8iyp7--h_KOq4pT3UdkDWxUDDNmWRw9ShSmRT5EWpml9fy7OwVlFW3GnVWmzT4w\">antval@senador.gov.br<\/a><br \/>\n<a href=\"http:\/\/br.groups.yahoo.com\/group\/sindromededown\/post?postID=tOx0y_uo6y-xIzXK4SesOO1RQMkbiqme-Js6FjI4x46BbvUzO3gPAHBGlGZVXpv5tQ3vLyECtkS2l4KmKYK4\">virginio@senador.gov.br<\/a><br \/>\n<a href=\"http:\/\/br.groups.yahoo.com\/group\/sindromededown\/post?postID=40ZkQuRhXstF_FzOHqe-8bTBhkqgOPf8Pv_VA1EVILytYVIUYyLKx_fMqAUua1YD0YLjIc2-MvKWvSCKKFDaGQ\">mercadante@senador.gov.br<\/a><br \/>\n<a href=\"http:\/\/br.groups.yahoo.com\/group\/sindromededown\/post?postID=_e9KVz_oTbueD6Mm5fZL6mvYKCkwTOovp6HA-VuGAK_SUg8wAdVzVR1SsuidRByHdhLfL9jQAAUgIk90-DuNGTBv6FFR-Yk\">eduardo.suplicy@senador.gov.br<\/a><br \/>\n<a href=\"http:\/\/br.groups.yahoo.com\/group\/sindromededown\/post?postID=Q76l5CWiIRjfSGwrWm_7n_FovYBBLEgQoYTFdDgcApsuahzGqGFRkPTt2Ox5BB3WRIdgFn-pvFtAEZ6Q1GIUOA\">romeu.tuma@senador.gov.br<\/a><br \/>\n<a href=\"http:\/\/br.groups.yahoo.com\/group\/sindromededown\/post?postID=pG2DPnNc237oiiRRWPHN1hqxw7ah5TtBHoR_3RzBRl6tgoUgAK1s99o-hl9gnUoVaqcNravJgbFpfv_6Nfkg43mctKuL\">joaoribeiro@senador.gov.br<\/a><br \/>\n<a href=\"http:\/\/br.groups.yahoo.com\/group\/sindromededown\/post?postID=Syv5BbzjkNo9OVS8QP69NxB_65a3s-zDBMnqPujH-T-C8AVHMR-dKFz5LaJcdKJXg9a9Vb-Ancj2K5iUfJQ\">leomar@senador.gov.br<\/a><br \/>\n<a href=\"http:\/\/br.groups.yahoo.com\/group\/sindromededown\/post?postID=NaYLXzVO1Kd4xrItBzllAqO1fzXqcdkdkwOqCtpBwmLbqFYBGGHNQ9kPNRQ_zsM7jWCUzCLURnT86FoA0JUjYx6Ypg\">katia.abreu@senadora.gov.br<\/a><br \/>\n<a href=\"http:\/\/www.activemeter.com\/\" target=\"_blank\" rel=\"noopener\"><br \/>\n<img decoding=\"async\" src=\"http:\/\/am1.activemeter.com\/webtracker\/track.html?method=track&amp;pid=46224&amp;java=0\" border=\"0\" alt=\"Free Hit Counter\" \/><br \/>\n<\/a><br \/>\n<!-- END OF ACTIVEMETER CODE --><\/p>\n","protected":false},"excerpt":{"rendered":"<p>Car\u00edssim@s Aprovada em dois turnos, com qu\u00f3rum qualificado, na C\u00e2mara dos Deputados, a Conven\u00e7\u00e3o sobre os direitos das pessoas com defici\u00eancia agora segue para vota\u00e7\u00e3o, tamb\u00e9m, em dois turnos, no Senado. Dos 82 senadores, precisamos de 50 votos para que a mesma tenha validade como norma constitucional e, para isso, dependemos do empenho de todos [&hellip;]<\/p>\n","protected":false},"author":2,"featured_media":0,"comment_status":"open","ping_status":"open","sticky":false,"template":"","format":"standard","meta":{"site-container-style":"default","site-container-layout":"default","site-sidebar-layout":"default","disable-article-header":"default","disable-site-header":"default","disable-site-footer":"default","disable-content-area-spacing":"default","footnotes":""},"categories":[5],"tags":[],"class_list":["post-364","post","type-post","status-publish","format-standard","hentry","category-convencao"],"yoast_head":"<!-- This site is optimized with the Yoast SEO plugin v27.4 - https:\/\/yoast.com\/product\/yoast-seo-wordpress\/ -->\n<title>Mantendo o ritmo da mobiliza\u00e7\u00e3o - Ratifica\u00e7\u00e3o J\u00e1 ! -<\/title>\n<meta name=\"robots\" content=\"index, follow, max-snippet:-1, max-image-preview:large, max-video-preview:-1\" \/>\n<link rel=\"canonical\" href=\"https:\/\/inclusivenews.com.br\/?p=364\" \/>\n<meta property=\"og:locale\" content=\"pt_PT\" \/>\n<meta property=\"og:type\" content=\"article\" \/>\n<meta property=\"og:title\" content=\"Mantendo o ritmo da mobiliza\u00e7\u00e3o - Ratifica\u00e7\u00e3o J\u00e1 ! -\" \/>\n<meta property=\"og:description\" content=\"Car\u00edssim@s Aprovada em dois turnos, com qu\u00f3rum qualificado, na C\u00e2mara dos Deputados, a Conven\u00e7\u00e3o sobre os direitos das pessoas com defici\u00eancia agora segue para vota\u00e7\u00e3o, tamb\u00e9m, em dois turnos, no Senado. Dos 82 senadores, precisamos de 50 votos para que a mesma tenha validade como norma constitucional e, para isso, dependemos do empenho de todos [&hellip;]\" \/>\n<meta property=\"og:url\" content=\"https:\/\/inclusivenews.com.br\/?p=364\" \/>\n<meta property=\"article:publisher\" content=\"https:\/\/www.facebook.com\/agenciainclusive\/\" \/>\n<meta property=\"article:published_time\" content=\"2008-05-30T12:24:00+00:00\" \/>\n<meta property=\"og:image\" content=\"http:\/\/am1.activemeter.com\/webtracker\/track.html?method=track&amp;pid=46224&amp;java=0\" \/>\n<meta name=\"author\" content=\"Inclusive\" \/>\n<meta name=\"twitter:card\" content=\"summary_large_image\" \/>\n<meta name=\"twitter:label1\" content=\"Escrito por\" \/>\n\t<meta name=\"twitter:data1\" content=\"Inclusive\" \/>\n\t<meta name=\"twitter:label2\" content=\"Tempo estimado de leitura\" \/>\n\t<meta name=\"twitter:data2\" content=\"7 minutos\" \/>\n<script type=\"application\/ld+json\" class=\"yoast-schema-graph\">{\"@context\":\"https:\\\/\\\/schema.org\",\"@graph\":[{\"@type\":\"Article\",\"@id\":\"https:\\\/\\\/inclusivenews.com.br\\\/?p=364#article\",\"isPartOf\":{\"@id\":\"https:\\\/\\\/inclusivenews.com.br\\\/?p=364\"},\"author\":{\"name\":\"Inclusive\",\"@id\":\"https:\\\/\\\/inclusivenews.com.br\\\/#\\\/schema\\\/person\\\/0dab492019871b94abb65fa8ee7c8c44\"},\"headline\":\"Mantendo o ritmo da mobiliza\u00e7\u00e3o &#8211; Ratifica\u00e7\u00e3o J\u00e1 !\",\"datePublished\":\"2008-05-30T12:24:00+00:00\",\"mainEntityOfPage\":{\"@id\":\"https:\\\/\\\/inclusivenews.com.br\\\/?p=364\"},\"wordCount\":1320,\"commentCount\":0,\"publisher\":{\"@id\":\"https:\\\/\\\/inclusivenews.com.br\\\/#organization\"},\"image\":{\"@id\":\"https:\\\/\\\/inclusivenews.com.br\\\/?p=364#primaryimage\"},\"thumbnailUrl\":\"http:\\\/\\\/am1.activemeter.com\\\/webtracker\\\/track.html?method=track&amp;pid=46224&amp;java=0\",\"articleSection\":[\"Conven\u00e7\u00e3o\"],\"inLanguage\":\"pt-PT\",\"potentialAction\":[{\"@type\":\"CommentAction\",\"name\":\"Comment\",\"target\":[\"https:\\\/\\\/inclusivenews.com.br\\\/?p=364#respond\"]}]},{\"@type\":\"WebPage\",\"@id\":\"https:\\\/\\\/inclusivenews.com.br\\\/?p=364\",\"url\":\"https:\\\/\\\/inclusivenews.com.br\\\/?p=364\",\"name\":\"Mantendo o ritmo da mobiliza\u00e7\u00e3o - Ratifica\u00e7\u00e3o J\u00e1 ! -\",\"isPartOf\":{\"@id\":\"https:\\\/\\\/inclusivenews.com.br\\\/#website\"},\"primaryImageOfPage\":{\"@id\":\"https:\\\/\\\/inclusivenews.com.br\\\/?p=364#primaryimage\"},\"image\":{\"@id\":\"https:\\\/\\\/inclusivenews.com.br\\\/?p=364#primaryimage\"},\"thumbnailUrl\":\"http:\\\/\\\/am1.activemeter.com\\\/webtracker\\\/track.html?method=track&amp;pid=46224&amp;java=0\",\"datePublished\":\"2008-05-30T12:24:00+00:00\",\"breadcrumb\":{\"@id\":\"https:\\\/\\\/inclusivenews.com.br\\\/?p=364#breadcrumb\"},\"inLanguage\":\"pt-PT\",\"potentialAction\":[{\"@type\":\"ReadAction\",\"target\":[\"https:\\\/\\\/inclusivenews.com.br\\\/?p=364\"]}]},{\"@type\":\"ImageObject\",\"inLanguage\":\"pt-PT\",\"@id\":\"https:\\\/\\\/inclusivenews.com.br\\\/?p=364#primaryimage\",\"url\":\"http:\\\/\\\/am1.activemeter.com\\\/webtracker\\\/track.html?method=track&amp;pid=46224&amp;java=0\",\"contentUrl\":\"http:\\\/\\\/am1.activemeter.com\\\/webtracker\\\/track.html?method=track&amp;pid=46224&amp;java=0\"},{\"@type\":\"BreadcrumbList\",\"@id\":\"https:\\\/\\\/inclusivenews.com.br\\\/?p=364#breadcrumb\",\"itemListElement\":[{\"@type\":\"ListItem\",\"position\":1,\"name\":\"In\u00edcio\",\"item\":\"https:\\\/\\\/inclusivenews.com.br\\\/\"},{\"@type\":\"ListItem\",\"position\":2,\"name\":\"Mantendo o ritmo da mobiliza\u00e7\u00e3o &#8211; Ratifica\u00e7\u00e3o J\u00e1 !\"}]},{\"@type\":\"WebSite\",\"@id\":\"https:\\\/\\\/inclusivenews.com.br\\\/#website\",\"url\":\"https:\\\/\\\/inclusivenews.com.br\\\/\",\"name\":\"Inclusive News\",\"description\":\"Inclusive News\",\"publisher\":{\"@id\":\"https:\\\/\\\/inclusivenews.com.br\\\/#organization\"},\"potentialAction\":[{\"@type\":\"SearchAction\",\"target\":{\"@type\":\"EntryPoint\",\"urlTemplate\":\"https:\\\/\\\/inclusivenews.com.br\\\/?s={search_term_string}\"},\"query-input\":{\"@type\":\"PropertyValueSpecification\",\"valueRequired\":true,\"valueName\":\"search_term_string\"}}],\"inLanguage\":\"pt-PT\"},{\"@type\":\"Organization\",\"@id\":\"https:\\\/\\\/inclusivenews.com.br\\\/#organization\",\"name\":\"Inclusive - inclus\u00e3o e cidadania\",\"url\":\"https:\\\/\\\/inclusivenews.com.br\\\/\",\"logo\":{\"@type\":\"ImageObject\",\"inLanguage\":\"pt-PT\",\"@id\":\"https:\\\/\\\/inclusivenews.com.br\\\/#\\\/schema\\\/logo\\\/image\\\/\",\"url\":\"https:\\\/\\\/inclusivenews.com.br\\\/wp-content\\\/uploads\\\/2024\\\/03\\\/@grandesite.png\",\"contentUrl\":\"https:\\\/\\\/inclusivenews.com.br\\\/wp-content\\\/uploads\\\/2024\\\/03\\\/@grandesite.png\",\"width\":1080,\"height\":1080,\"caption\":\"Inclusive - inclus\u00e3o e cidadania\"},\"image\":{\"@id\":\"https:\\\/\\\/inclusivenews.com.br\\\/#\\\/schema\\\/logo\\\/image\\\/\"},\"sameAs\":[\"https:\\\/\\\/www.facebook.com\\\/agenciainclusive\\\/\",\"https:\\\/\\\/www.instagram.com\\\/newsinclusive\\\/\"]},{\"@type\":\"Person\",\"@id\":\"https:\\\/\\\/inclusivenews.com.br\\\/#\\\/schema\\\/person\\\/0dab492019871b94abb65fa8ee7c8c44\",\"name\":\"Inclusive\",\"image\":{\"@type\":\"ImageObject\",\"inLanguage\":\"pt-PT\",\"@id\":\"https:\\\/\\\/secure.gravatar.com\\\/avatar\\\/?s=96&d=mm&r=g\",\"url\":\"https:\\\/\\\/secure.gravatar.com\\\/avatar\\\/?s=96&d=mm&r=g\",\"contentUrl\":\"https:\\\/\\\/secure.gravatar.com\\\/avatar\\\/?s=96&d=mm&r=g\",\"caption\":\"Inclusive\"},\"url\":\"https:\\\/\\\/inclusivenews.com.br\\\/?author=2\"}]}<\/script>\n<!-- \/ Yoast SEO plugin. -->","yoast_head_json":{"title":"Mantendo o ritmo da mobiliza\u00e7\u00e3o - Ratifica\u00e7\u00e3o J\u00e1 ! -","robots":{"index":"index","follow":"follow","max-snippet":"max-snippet:-1","max-image-preview":"max-image-preview:large","max-video-preview":"max-video-preview:-1"},"canonical":"https:\/\/inclusivenews.com.br\/?p=364","og_locale":"pt_PT","og_type":"article","og_title":"Mantendo o ritmo da mobiliza\u00e7\u00e3o - Ratifica\u00e7\u00e3o J\u00e1 ! -","og_description":"Car\u00edssim@s Aprovada em dois turnos, com qu\u00f3rum qualificado, na C\u00e2mara dos Deputados, a Conven\u00e7\u00e3o sobre os direitos das pessoas com defici\u00eancia agora segue para vota\u00e7\u00e3o, tamb\u00e9m, em dois turnos, no Senado. Dos 82 senadores, precisamos de 50 votos para que a mesma tenha validade como norma constitucional e, para isso, dependemos do empenho de todos [&hellip;]","og_url":"https:\/\/inclusivenews.com.br\/?p=364","article_publisher":"https:\/\/www.facebook.com\/agenciainclusive\/","article_published_time":"2008-05-30T12:24:00+00:00","og_image":[{"url":"http:\/\/am1.activemeter.com\/webtracker\/track.html?method=track&amp;pid=46224&amp;java=0","type":"","width":"","height":""}],"author":"Inclusive","twitter_card":"summary_large_image","twitter_misc":{"Escrito por":"Inclusive","Tempo estimado de leitura":"7 minutos"},"schema":{"@context":"https:\/\/schema.org","@graph":[{"@type":"Article","@id":"https:\/\/inclusivenews.com.br\/?p=364#article","isPartOf":{"@id":"https:\/\/inclusivenews.com.br\/?p=364"},"author":{"name":"Inclusive","@id":"https:\/\/inclusivenews.com.br\/#\/schema\/person\/0dab492019871b94abb65fa8ee7c8c44"},"headline":"Mantendo o ritmo da mobiliza\u00e7\u00e3o &#8211; Ratifica\u00e7\u00e3o J\u00e1 !","datePublished":"2008-05-30T12:24:00+00:00","mainEntityOfPage":{"@id":"https:\/\/inclusivenews.com.br\/?p=364"},"wordCount":1320,"commentCount":0,"publisher":{"@id":"https:\/\/inclusivenews.com.br\/#organization"},"image":{"@id":"https:\/\/inclusivenews.com.br\/?p=364#primaryimage"},"thumbnailUrl":"http:\/\/am1.activemeter.com\/webtracker\/track.html?method=track&amp;pid=46224&amp;java=0","articleSection":["Conven\u00e7\u00e3o"],"inLanguage":"pt-PT","potentialAction":[{"@type":"CommentAction","name":"Comment","target":["https:\/\/inclusivenews.com.br\/?p=364#respond"]}]},{"@type":"WebPage","@id":"https:\/\/inclusivenews.com.br\/?p=364","url":"https:\/\/inclusivenews.com.br\/?p=364","name":"Mantendo o ritmo da mobiliza\u00e7\u00e3o - Ratifica\u00e7\u00e3o J\u00e1 ! -","isPartOf":{"@id":"https:\/\/inclusivenews.com.br\/#website"},"primaryImageOfPage":{"@id":"https:\/\/inclusivenews.com.br\/?p=364#primaryimage"},"image":{"@id":"https:\/\/inclusivenews.com.br\/?p=364#primaryimage"},"thumbnailUrl":"http:\/\/am1.activemeter.com\/webtracker\/track.html?method=track&amp;pid=46224&amp;java=0","datePublished":"2008-05-30T12:24:00+00:00","breadcrumb":{"@id":"https:\/\/inclusivenews.com.br\/?p=364#breadcrumb"},"inLanguage":"pt-PT","potentialAction":[{"@type":"ReadAction","target":["https:\/\/inclusivenews.com.br\/?p=364"]}]},{"@type":"ImageObject","inLanguage":"pt-PT","@id":"https:\/\/inclusivenews.com.br\/?p=364#primaryimage","url":"http:\/\/am1.activemeter.com\/webtracker\/track.html?method=track&amp;pid=46224&amp;java=0","contentUrl":"http:\/\/am1.activemeter.com\/webtracker\/track.html?method=track&amp;pid=46224&amp;java=0"},{"@type":"BreadcrumbList","@id":"https:\/\/inclusivenews.com.br\/?p=364#breadcrumb","itemListElement":[{"@type":"ListItem","position":1,"name":"In\u00edcio","item":"https:\/\/inclusivenews.com.br\/"},{"@type":"ListItem","position":2,"name":"Mantendo o ritmo da mobiliza\u00e7\u00e3o &#8211; Ratifica\u00e7\u00e3o J\u00e1 !"}]},{"@type":"WebSite","@id":"https:\/\/inclusivenews.com.br\/#website","url":"https:\/\/inclusivenews.com.br\/","name":"Inclusive News","description":"Inclusive News","publisher":{"@id":"https:\/\/inclusivenews.com.br\/#organization"},"potentialAction":[{"@type":"SearchAction","target":{"@type":"EntryPoint","urlTemplate":"https:\/\/inclusivenews.com.br\/?s={search_term_string}"},"query-input":{"@type":"PropertyValueSpecification","valueRequired":true,"valueName":"search_term_string"}}],"inLanguage":"pt-PT"},{"@type":"Organization","@id":"https:\/\/inclusivenews.com.br\/#organization","name":"Inclusive - inclus\u00e3o e cidadania","url":"https:\/\/inclusivenews.com.br\/","logo":{"@type":"ImageObject","inLanguage":"pt-PT","@id":"https:\/\/inclusivenews.com.br\/#\/schema\/logo\/image\/","url":"https:\/\/inclusivenews.com.br\/wp-content\/uploads\/2024\/03\/@grandesite.png","contentUrl":"https:\/\/inclusivenews.com.br\/wp-content\/uploads\/2024\/03\/@grandesite.png","width":1080,"height":1080,"caption":"Inclusive - inclus\u00e3o e cidadania"},"image":{"@id":"https:\/\/inclusivenews.com.br\/#\/schema\/logo\/image\/"},"sameAs":["https:\/\/www.facebook.com\/agenciainclusive\/","https:\/\/www.instagram.com\/newsinclusive\/"]},{"@type":"Person","@id":"https:\/\/inclusivenews.com.br\/#\/schema\/person\/0dab492019871b94abb65fa8ee7c8c44","name":"Inclusive","image":{"@type":"ImageObject","inLanguage":"pt-PT","@id":"https:\/\/secure.gravatar.com\/avatar\/?s=96&d=mm&r=g","url":"https:\/\/secure.gravatar.com\/avatar\/?s=96&d=mm&r=g","contentUrl":"https:\/\/secure.gravatar.com\/avatar\/?s=96&d=mm&r=g","caption":"Inclusive"},"url":"https:\/\/inclusivenews.com.br\/?author=2"}]}},"_links":{"self":[{"href":"https:\/\/inclusivenews.com.br\/index.php?rest_route=\/wp\/v2\/posts\/364","targetHints":{"allow":["GET"]}}],"collection":[{"href":"https:\/\/inclusivenews.com.br\/index.php?rest_route=\/wp\/v2\/posts"}],"about":[{"href":"https:\/\/inclusivenews.com.br\/index.php?rest_route=\/wp\/v2\/types\/post"}],"author":[{"embeddable":true,"href":"https:\/\/inclusivenews.com.br\/index.php?rest_route=\/wp\/v2\/users\/2"}],"replies":[{"embeddable":true,"href":"https:\/\/inclusivenews.com.br\/index.php?rest_route=%2Fwp%2Fv2%2Fcomments&post=364"}],"version-history":[{"count":0,"href":"https:\/\/inclusivenews.com.br\/index.php?rest_route=\/wp\/v2\/posts\/364\/revisions"}],"wp:attachment":[{"href":"https:\/\/inclusivenews.com.br\/index.php?rest_route=%2Fwp%2Fv2%2Fmedia&parent=364"}],"wp:term":[{"taxonomy":"category","embeddable":true,"href":"https:\/\/inclusivenews.com.br\/index.php?rest_route=%2Fwp%2Fv2%2Fcategories&post=364"},{"taxonomy":"post_tag","embeddable":true,"href":"https:\/\/inclusivenews.com.br\/index.php?rest_route=%2Fwp%2Fv2%2Ftags&post=364"}],"curies":[{"name":"wp","href":"https:\/\/api.w.org\/{rel}","templated":true}]}}