{"id":427,"date":"2008-06-07T22:00:00","date_gmt":"2008-06-07T22:00:00","guid":{"rendered":"http:\/\/agenciainclusive.wordpress.com\/2008\/06\/07\/fundo-internacional-para-os-direitos-referentes-a-deficiencias\/"},"modified":"2008-06-07T22:00:00","modified_gmt":"2008-06-07T22:00:00","slug":"fundo-internacional-para-os-direitos-referentes-a-deficiencias","status":"publish","type":"post","link":"https:\/\/inclusivenews.com.br\/?p=427","title":{"rendered":"Fundo Internacional para os Direitos Referentes a deficiencias"},"content":{"rendered":"<p><!-- START OF ACTIVEMETER CODE --><strong><span style=\"font-size:14pt;\">FUNDO PARA OS DIREITOS REFERENTES A DEFICI\u00caNCIAS<\/span><\/strong><\/p>\n<p><strong><span style=\"font-size:14pt;\">Uma iniciativa pioneira que lan\u00e7a seu website em 28 de maio, 2008-06-07<\/span><\/strong><\/p>\n<p><strong><span style=\"font-size:14pt;\">Contact:<span> <\/span>Diana Samarasan, Director<\/span><\/strong><\/p>\n<p><strong><span style=\"font-size:14pt;\">Telephone:<span> <\/span>617-261-4593<\/span><\/strong><\/p>\n<p><strong><span style=\"font-size:14pt;\">Email:<span> <\/span><a rel=\"nofollow noopener\" href=\"http:\/\/br.f431.mail.yahoo.com\/ym\/Compose?To=dsamarasan@disabilityrightsfund.org\" target=\"_blank\">dsamarasan@disabili tyrightsfund. org<\/a>.<\/span><\/strong><\/p>\n<p><strong><span style=\"font-size:14pt;\"> <\/span><\/strong><br \/>\n<span style=\"font-size:14pt;\">O amplo objetivo do Fundo para Direitos s\/defici\u00eancia destina-se a empoderar organiza\u00e7\u00f5es de pessoas com defici\u00eancias em todo o mundo<\/span><\/p>\n<p><span style=\"font-size:14pt;\">a implantar e monitorar a Conven\u00e7\u00e3o das Na\u00e7\u00f5es Unidas sobre Direitos das Pessoas com Defici\u00eancia<\/span><\/p>\n<p><span style=\"font-size:14pt;\">(dados fornecidos via Internet por Raquel Gonzalez)<\/span><\/p>\n<p><span style=\"font-size:14pt;\">www.inclusion- international .org<span> <\/span><\/span><\/p>\n<p><strong><\/strong><span style=\"font-size:14pt;\">A amiga Raquel Gonzalez, coordenadora da organiza\u00e7\u00e3o mundial Inclusion International, sediada em Londres, e que representa cerca de 60milh\u00f5es de pessoas com defici\u00eancia intelectual no mundo, manda a informa\u00e7\u00e3o que ora transcrevemos, traduzindo do ingl\u00eas, por considerar este um passo decisivo dado \u00e0 frente para a implementa\u00e7\u00e3o e monitora\u00e7\u00e3o dos direitos de nossa gente dentro da Conven\u00e7\u00e3o das Na\u00e7\u00f5es Unidas j\u00e1 ratificada por 20 pa\u00edses e em processo de ratifica\u00e7\u00e3o pelo Poder Legislativo em Bras\u00edlia.<\/span><\/p>\n<p><span style=\"font-size:14pt;\">Traduzido do ingl\u00eas e digitado em S\u00e3o Paulo por Maria Am\u00e9lia Vampr\u00e9 Xavier, da Rede de Informa\u00e7\u00f5es \u00c1rea Defici\u00eancias Secretaria Estadual de Assist\u00eancia e Desenvolvimento Social de S\u00e3o Paulo, Fenapaes, Bras\u00edlia(Diretoria para Assuntos Internacionais) , e entidades parceiras em 7 de junho de 2008.<\/span><\/p>\n<p><span style=\"font-size:14pt;\">BOSTON,MA ( Estados Unidos) \u2013O Disability Rights Fund(Fundo relativo a Direitos e Defici\u00eancias) um agente colaborador de grande peso, criado para apoiar os direitos humanos de pessoas com defici\u00eancias, lan\u00e7ou o seu website em<\/span><\/p>\n<p><span style=\"font-size:14pt;\"><a rel=\"nofollow noopener\" href=\"http:\/\/www.disabilityrightsfund.org\/\" target=\"_blank\">www.disabilityrightsfund.org<\/a><\/span><\/p>\n<p><span style=\"font-size:14pt;\">com um desenho claro e f\u00e1cil de usar, o website fornece informa\u00e7\u00f5es sobre a hist\u00f3ria e a estrat\u00e9gia do Fundo, governabilidade, bem como seus assessores e doadores.<span> <\/span>Em meados de junho, o site tamb\u00e9m publicar\u00e1 informa\u00e7\u00f5es acerca do primeiro pedido de propostas feito pelo Fundo.<\/span><\/p>\n<p><span style=\"font-size:14pt;\">Tratando-se de uma parceria \u00fanica entre os doadores e a comunidade ligada \u00e0s defici\u00eancias em todo o mundo, o amplo objetivo do Disability Rights Fund \u00e9 empoderar organiza\u00e7\u00f5es de pessoas defici\u00eancias em todo o mundo para implementar e monitorar, efetivamente, a Conven\u00e7\u00e3o das Na\u00e7\u00f5es Unidas sobre os Direitos das pessoas com defici\u00eancia.<span> <\/span>A estrutura do Fundo reflete o slogan da comunidade mundial internacional ligada \u00e0s defici\u00eancias<span> <\/span>&#8220;<strong>Nada sobre N\u00f3s, Sem N\u00f3s&#8221;.<\/strong><span> <\/span>Um painel de consultoria global, composto de 12 pessoas, a maioria das quais s\u00e3o pessoas com defici\u00eancias, fornece recomenda\u00e7\u00f5es sobre estrat\u00e9gias para obter estrat\u00e9gias de concess\u00e3o de dinheiro para o Fundo;<span> <\/span>quatro dos membros do Painel tamb\u00e9m prestam servi\u00e7os no organismo decis\u00f3rio de concess\u00e3o de fundos do Fundo \u2013 O Comit\u00ea Dirigente.<span> <\/span>Os membros do painel v\u00eam dos cinco continentes e refletem um cruzamento amplo da comunidade ligada \u00e0s defici\u00eancias.<span> <\/span>A maioria foi indicada por organiza\u00e7\u00f5es de pessoas com defici\u00eancias internacionais e regionais.<span> <\/span>Biografias pormenorizadas de consultores est\u00e3o dispon\u00edveis no website.<\/span><\/p>\n<p><span>Em 2008 o Disability Rights Fund estar\u00e1 procurando propostas de concess\u00e3o de fundos oriundas de organiza\u00e7\u00f5es de pessoas com defici\u00eancias de sete paises.<span> <\/span>As doa\u00e7\u00f5es apoiar\u00e3o o trabalho de direitos humanos de organiza\u00e7\u00f5es de pessoas com defici\u00eancias em Bangladesh, Equador, Gana, Nam\u00edbia, Nicar\u00e1gua, Peru e Uganda.<\/span><\/p>\n<p><span style=\"font-size:14pt;\">&#8220;<span> <\/span>2008 \u00e9 o ano piloto de concess\u00e3o de fundos do Disability Rights Fund declarou a diretora do DRF<span> <\/span>Diana Samarasan, &#8220;na medida em que o Fundo se desenvolve o website se tornar\u00e1 uma fonte din\u00e2mica de informa\u00e7\u00f5es sobre concess\u00e3o de fundos para direitos humanos dentro da comunidade global ligada \u00e0s defici\u00eancias. &#8220;<span> <\/span>declarou Diana Samarasan.<\/span><\/p>\n<p><span style=\"font-size:14pt;\">Se quiserem mais informa\u00e7\u00f5es sobre o Disability Rights Fund<span> <\/span>ver<\/span><\/p>\n<p><span style=\"font-size:14pt;\"><a rel=\"nofollow noopener\" href=\"http:\/\/www.wdisabilityrightsfund.org\/\" target=\"_blank\">www.disabilityrightsfund.org<\/a>. ou escreva para <a rel=\"nofollow noopener\" href=\"http:\/\/br.f431.mail.yahoo.com\/ym\/Compose?To=info@disabilityrightsfund.org\" target=\"_blank\">info@disabilityrightsfund.org<\/a>.<\/span><\/p>\n<p><a href=\"http:\/\/www.activemeter.com\/\" target=\"_blank\" rel=\"noopener\"><br \/>\n<img decoding=\"async\" src=\"http:\/\/am1.activemeter.com\/webtracker\/track.html?method=track&amp;pid=46224&amp;java=0\" border=\"0\" alt=\"Free Hit Counter\" \/><br \/>\n<\/a><br \/>\n<!-- END OF ACTIVEMETER CODE --><\/p>\n","protected":false},"excerpt":{"rendered":"<p>FUNDO PARA OS DIREITOS REFERENTES A DEFICI\u00caNCIAS Uma iniciativa pioneira que lan\u00e7a seu website em 28 de maio, 2008-06-07 Contact: Diana Samarasan, Director Telephone: 617-261-4593 Email: dsamarasan@disabili tyrightsfund. org. O amplo objetivo do Fundo para Direitos s\/defici\u00eancia destina-se a empoderar organiza\u00e7\u00f5es de pessoas com defici\u00eancias em todo o mundo a implantar e monitorar a Conven\u00e7\u00e3o [&hellip;]<\/p>\n","protected":false},"author":2,"featured_media":0,"comment_status":"open","ping_status":"open","sticky":false,"template":"","format":"standard","meta":{"site-container-style":"default","site-container-layout":"default","site-sidebar-layout":"default","disable-article-header":"default","disable-site-header":"default","disable-site-footer":"default","disable-content-area-spacing":"default","footnotes":""},"categories":[4],"tags":[],"class_list":["post-427","post","type-post","status-publish","format-standard","hentry","category-noticias"],"yoast_head":"<!-- This site is optimized with the Yoast SEO plugin v27.4 - https:\/\/yoast.com\/product\/yoast-seo-wordpress\/ -->\n<title>Fundo Internacional para os Direitos Referentes a deficiencias -<\/title>\n<meta name=\"robots\" content=\"index, follow, max-snippet:-1, max-image-preview:large, max-video-preview:-1\" \/>\n<link rel=\"canonical\" href=\"https:\/\/inclusivenews.com.br\/?p=427\" \/>\n<meta property=\"og:locale\" content=\"pt_PT\" \/>\n<meta property=\"og:type\" content=\"article\" \/>\n<meta property=\"og:title\" content=\"Fundo Internacional para os Direitos Referentes a deficiencias -\" \/>\n<meta property=\"og:description\" content=\"FUNDO PARA OS DIREITOS REFERENTES A DEFICI\u00caNCIAS Uma iniciativa pioneira que lan\u00e7a seu website em 28 de maio, 2008-06-07 Contact: Diana Samarasan, Director Telephone: 617-261-4593 Email: dsamarasan@disabili tyrightsfund. org. O amplo objetivo do Fundo para Direitos s\/defici\u00eancia destina-se a empoderar organiza\u00e7\u00f5es de pessoas com defici\u00eancias em todo o mundo a implantar e monitorar a Conven\u00e7\u00e3o [&hellip;]\" \/>\n<meta property=\"og:url\" content=\"https:\/\/inclusivenews.com.br\/?p=427\" \/>\n<meta property=\"article:publisher\" content=\"https:\/\/www.facebook.com\/agenciainclusive\/\" \/>\n<meta property=\"article:published_time\" content=\"2008-06-07T22:00:00+00:00\" \/>\n<meta property=\"og:image\" content=\"http:\/\/am1.activemeter.com\/webtracker\/track.html?method=track&amp;pid=46224&amp;java=0\" \/>\n<meta name=\"author\" content=\"Inclusive\" \/>\n<meta name=\"twitter:card\" content=\"summary_large_image\" \/>\n<meta name=\"twitter:label1\" content=\"Escrito por\" \/>\n\t<meta name=\"twitter:data1\" content=\"Inclusive\" \/>\n\t<meta name=\"twitter:label2\" content=\"Tempo estimado de leitura\" \/>\n\t<meta name=\"twitter:data2\" content=\"3 minutos\" \/>\n<script type=\"application\/ld+json\" class=\"yoast-schema-graph\">{\"@context\":\"https:\\\/\\\/schema.org\",\"@graph\":[{\"@type\":\"Article\",\"@id\":\"https:\\\/\\\/inclusivenews.com.br\\\/?p=427#article\",\"isPartOf\":{\"@id\":\"https:\\\/\\\/inclusivenews.com.br\\\/?p=427\"},\"author\":{\"name\":\"Inclusive\",\"@id\":\"https:\\\/\\\/inclusivenews.com.br\\\/#\\\/schema\\\/person\\\/0dab492019871b94abb65fa8ee7c8c44\"},\"headline\":\"Fundo Internacional para os Direitos Referentes a deficiencias\",\"datePublished\":\"2008-06-07T22:00:00+00:00\",\"mainEntityOfPage\":{\"@id\":\"https:\\\/\\\/inclusivenews.com.br\\\/?p=427\"},\"wordCount\":636,\"commentCount\":0,\"publisher\":{\"@id\":\"https:\\\/\\\/inclusivenews.com.br\\\/#organization\"},\"image\":{\"@id\":\"https:\\\/\\\/inclusivenews.com.br\\\/?p=427#primaryimage\"},\"thumbnailUrl\":\"http:\\\/\\\/am1.activemeter.com\\\/webtracker\\\/track.html?method=track&amp;pid=46224&amp;java=0\",\"articleSection\":[\"NOT\u00cdCIAS\"],\"inLanguage\":\"pt-PT\",\"potentialAction\":[{\"@type\":\"CommentAction\",\"name\":\"Comment\",\"target\":[\"https:\\\/\\\/inclusivenews.com.br\\\/?p=427#respond\"]}]},{\"@type\":\"WebPage\",\"@id\":\"https:\\\/\\\/inclusivenews.com.br\\\/?p=427\",\"url\":\"https:\\\/\\\/inclusivenews.com.br\\\/?p=427\",\"name\":\"Fundo Internacional para os Direitos Referentes a deficiencias -\",\"isPartOf\":{\"@id\":\"https:\\\/\\\/inclusivenews.com.br\\\/#website\"},\"primaryImageOfPage\":{\"@id\":\"https:\\\/\\\/inclusivenews.com.br\\\/?p=427#primaryimage\"},\"image\":{\"@id\":\"https:\\\/\\\/inclusivenews.com.br\\\/?p=427#primaryimage\"},\"thumbnailUrl\":\"http:\\\/\\\/am1.activemeter.com\\\/webtracker\\\/track.html?method=track&amp;pid=46224&amp;java=0\",\"datePublished\":\"2008-06-07T22:00:00+00:00\",\"breadcrumb\":{\"@id\":\"https:\\\/\\\/inclusivenews.com.br\\\/?p=427#breadcrumb\"},\"inLanguage\":\"pt-PT\",\"potentialAction\":[{\"@type\":\"ReadAction\",\"target\":[\"https:\\\/\\\/inclusivenews.com.br\\\/?p=427\"]}]},{\"@type\":\"ImageObject\",\"inLanguage\":\"pt-PT\",\"@id\":\"https:\\\/\\\/inclusivenews.com.br\\\/?p=427#primaryimage\",\"url\":\"http:\\\/\\\/am1.activemeter.com\\\/webtracker\\\/track.html?method=track&amp;pid=46224&amp;java=0\",\"contentUrl\":\"http:\\\/\\\/am1.activemeter.com\\\/webtracker\\\/track.html?method=track&amp;pid=46224&amp;java=0\"},{\"@type\":\"BreadcrumbList\",\"@id\":\"https:\\\/\\\/inclusivenews.com.br\\\/?p=427#breadcrumb\",\"itemListElement\":[{\"@type\":\"ListItem\",\"position\":1,\"name\":\"In\u00edcio\",\"item\":\"https:\\\/\\\/inclusivenews.com.br\\\/\"},{\"@type\":\"ListItem\",\"position\":2,\"name\":\"Fundo Internacional para os Direitos Referentes a deficiencias\"}]},{\"@type\":\"WebSite\",\"@id\":\"https:\\\/\\\/inclusivenews.com.br\\\/#website\",\"url\":\"https:\\\/\\\/inclusivenews.com.br\\\/\",\"name\":\"Inclusive News\",\"description\":\"Inclusive News\",\"publisher\":{\"@id\":\"https:\\\/\\\/inclusivenews.com.br\\\/#organization\"},\"potentialAction\":[{\"@type\":\"SearchAction\",\"target\":{\"@type\":\"EntryPoint\",\"urlTemplate\":\"https:\\\/\\\/inclusivenews.com.br\\\/?s={search_term_string}\"},\"query-input\":{\"@type\":\"PropertyValueSpecification\",\"valueRequired\":true,\"valueName\":\"search_term_string\"}}],\"inLanguage\":\"pt-PT\"},{\"@type\":\"Organization\",\"@id\":\"https:\\\/\\\/inclusivenews.com.br\\\/#organization\",\"name\":\"Inclusive - inclus\u00e3o e cidadania\",\"url\":\"https:\\\/\\\/inclusivenews.com.br\\\/\",\"logo\":{\"@type\":\"ImageObject\",\"inLanguage\":\"pt-PT\",\"@id\":\"https:\\\/\\\/inclusivenews.com.br\\\/#\\\/schema\\\/logo\\\/image\\\/\",\"url\":\"https:\\\/\\\/inclusivenews.com.br\\\/wp-content\\\/uploads\\\/2024\\\/03\\\/@grandesite.png\",\"contentUrl\":\"https:\\\/\\\/inclusivenews.com.br\\\/wp-content\\\/uploads\\\/2024\\\/03\\\/@grandesite.png\",\"width\":1080,\"height\":1080,\"caption\":\"Inclusive - inclus\u00e3o e cidadania\"},\"image\":{\"@id\":\"https:\\\/\\\/inclusivenews.com.br\\\/#\\\/schema\\\/logo\\\/image\\\/\"},\"sameAs\":[\"https:\\\/\\\/www.facebook.com\\\/agenciainclusive\\\/\",\"https:\\\/\\\/www.instagram.com\\\/newsinclusive\\\/\"]},{\"@type\":\"Person\",\"@id\":\"https:\\\/\\\/inclusivenews.com.br\\\/#\\\/schema\\\/person\\\/0dab492019871b94abb65fa8ee7c8c44\",\"name\":\"Inclusive\",\"image\":{\"@type\":\"ImageObject\",\"inLanguage\":\"pt-PT\",\"@id\":\"https:\\\/\\\/secure.gravatar.com\\\/avatar\\\/?s=96&d=mm&r=g\",\"url\":\"https:\\\/\\\/secure.gravatar.com\\\/avatar\\\/?s=96&d=mm&r=g\",\"contentUrl\":\"https:\\\/\\\/secure.gravatar.com\\\/avatar\\\/?s=96&d=mm&r=g\",\"caption\":\"Inclusive\"},\"url\":\"https:\\\/\\\/inclusivenews.com.br\\\/?author=2\"}]}<\/script>\n<!-- \/ Yoast SEO plugin. -->","yoast_head_json":{"title":"Fundo Internacional para os Direitos Referentes a deficiencias -","robots":{"index":"index","follow":"follow","max-snippet":"max-snippet:-1","max-image-preview":"max-image-preview:large","max-video-preview":"max-video-preview:-1"},"canonical":"https:\/\/inclusivenews.com.br\/?p=427","og_locale":"pt_PT","og_type":"article","og_title":"Fundo Internacional para os Direitos Referentes a deficiencias -","og_description":"FUNDO PARA OS DIREITOS REFERENTES A DEFICI\u00caNCIAS Uma iniciativa pioneira que lan\u00e7a seu website em 28 de maio, 2008-06-07 Contact: Diana Samarasan, Director Telephone: 617-261-4593 Email: dsamarasan@disabili tyrightsfund. org. O amplo objetivo do Fundo para Direitos s\/defici\u00eancia destina-se a empoderar organiza\u00e7\u00f5es de pessoas com defici\u00eancias em todo o mundo a implantar e monitorar a Conven\u00e7\u00e3o [&hellip;]","og_url":"https:\/\/inclusivenews.com.br\/?p=427","article_publisher":"https:\/\/www.facebook.com\/agenciainclusive\/","article_published_time":"2008-06-07T22:00:00+00:00","og_image":[{"url":"http:\/\/am1.activemeter.com\/webtracker\/track.html?method=track&amp;pid=46224&amp;java=0","type":"","width":"","height":""}],"author":"Inclusive","twitter_card":"summary_large_image","twitter_misc":{"Escrito por":"Inclusive","Tempo estimado de leitura":"3 minutos"},"schema":{"@context":"https:\/\/schema.org","@graph":[{"@type":"Article","@id":"https:\/\/inclusivenews.com.br\/?p=427#article","isPartOf":{"@id":"https:\/\/inclusivenews.com.br\/?p=427"},"author":{"name":"Inclusive","@id":"https:\/\/inclusivenews.com.br\/#\/schema\/person\/0dab492019871b94abb65fa8ee7c8c44"},"headline":"Fundo Internacional para os Direitos Referentes a deficiencias","datePublished":"2008-06-07T22:00:00+00:00","mainEntityOfPage":{"@id":"https:\/\/inclusivenews.com.br\/?p=427"},"wordCount":636,"commentCount":0,"publisher":{"@id":"https:\/\/inclusivenews.com.br\/#organization"},"image":{"@id":"https:\/\/inclusivenews.com.br\/?p=427#primaryimage"},"thumbnailUrl":"http:\/\/am1.activemeter.com\/webtracker\/track.html?method=track&amp;pid=46224&amp;java=0","articleSection":["NOT\u00cdCIAS"],"inLanguage":"pt-PT","potentialAction":[{"@type":"CommentAction","name":"Comment","target":["https:\/\/inclusivenews.com.br\/?p=427#respond"]}]},{"@type":"WebPage","@id":"https:\/\/inclusivenews.com.br\/?p=427","url":"https:\/\/inclusivenews.com.br\/?p=427","name":"Fundo Internacional para os Direitos Referentes a deficiencias -","isPartOf":{"@id":"https:\/\/inclusivenews.com.br\/#website"},"primaryImageOfPage":{"@id":"https:\/\/inclusivenews.com.br\/?p=427#primaryimage"},"image":{"@id":"https:\/\/inclusivenews.com.br\/?p=427#primaryimage"},"thumbnailUrl":"http:\/\/am1.activemeter.com\/webtracker\/track.html?method=track&amp;pid=46224&amp;java=0","datePublished":"2008-06-07T22:00:00+00:00","breadcrumb":{"@id":"https:\/\/inclusivenews.com.br\/?p=427#breadcrumb"},"inLanguage":"pt-PT","potentialAction":[{"@type":"ReadAction","target":["https:\/\/inclusivenews.com.br\/?p=427"]}]},{"@type":"ImageObject","inLanguage":"pt-PT","@id":"https:\/\/inclusivenews.com.br\/?p=427#primaryimage","url":"http:\/\/am1.activemeter.com\/webtracker\/track.html?method=track&amp;pid=46224&amp;java=0","contentUrl":"http:\/\/am1.activemeter.com\/webtracker\/track.html?method=track&amp;pid=46224&amp;java=0"},{"@type":"BreadcrumbList","@id":"https:\/\/inclusivenews.com.br\/?p=427#breadcrumb","itemListElement":[{"@type":"ListItem","position":1,"name":"In\u00edcio","item":"https:\/\/inclusivenews.com.br\/"},{"@type":"ListItem","position":2,"name":"Fundo Internacional para os Direitos Referentes a deficiencias"}]},{"@type":"WebSite","@id":"https:\/\/inclusivenews.com.br\/#website","url":"https:\/\/inclusivenews.com.br\/","name":"Inclusive News","description":"Inclusive News","publisher":{"@id":"https:\/\/inclusivenews.com.br\/#organization"},"potentialAction":[{"@type":"SearchAction","target":{"@type":"EntryPoint","urlTemplate":"https:\/\/inclusivenews.com.br\/?s={search_term_string}"},"query-input":{"@type":"PropertyValueSpecification","valueRequired":true,"valueName":"search_term_string"}}],"inLanguage":"pt-PT"},{"@type":"Organization","@id":"https:\/\/inclusivenews.com.br\/#organization","name":"Inclusive - inclus\u00e3o e cidadania","url":"https:\/\/inclusivenews.com.br\/","logo":{"@type":"ImageObject","inLanguage":"pt-PT","@id":"https:\/\/inclusivenews.com.br\/#\/schema\/logo\/image\/","url":"https:\/\/inclusivenews.com.br\/wp-content\/uploads\/2024\/03\/@grandesite.png","contentUrl":"https:\/\/inclusivenews.com.br\/wp-content\/uploads\/2024\/03\/@grandesite.png","width":1080,"height":1080,"caption":"Inclusive - inclus\u00e3o e cidadania"},"image":{"@id":"https:\/\/inclusivenews.com.br\/#\/schema\/logo\/image\/"},"sameAs":["https:\/\/www.facebook.com\/agenciainclusive\/","https:\/\/www.instagram.com\/newsinclusive\/"]},{"@type":"Person","@id":"https:\/\/inclusivenews.com.br\/#\/schema\/person\/0dab492019871b94abb65fa8ee7c8c44","name":"Inclusive","image":{"@type":"ImageObject","inLanguage":"pt-PT","@id":"https:\/\/secure.gravatar.com\/avatar\/?s=96&d=mm&r=g","url":"https:\/\/secure.gravatar.com\/avatar\/?s=96&d=mm&r=g","contentUrl":"https:\/\/secure.gravatar.com\/avatar\/?s=96&d=mm&r=g","caption":"Inclusive"},"url":"https:\/\/inclusivenews.com.br\/?author=2"}]}},"_links":{"self":[{"href":"https:\/\/inclusivenews.com.br\/index.php?rest_route=\/wp\/v2\/posts\/427","targetHints":{"allow":["GET"]}}],"collection":[{"href":"https:\/\/inclusivenews.com.br\/index.php?rest_route=\/wp\/v2\/posts"}],"about":[{"href":"https:\/\/inclusivenews.com.br\/index.php?rest_route=\/wp\/v2\/types\/post"}],"author":[{"embeddable":true,"href":"https:\/\/inclusivenews.com.br\/index.php?rest_route=\/wp\/v2\/users\/2"}],"replies":[{"embeddable":true,"href":"https:\/\/inclusivenews.com.br\/index.php?rest_route=%2Fwp%2Fv2%2Fcomments&post=427"}],"version-history":[{"count":0,"href":"https:\/\/inclusivenews.com.br\/index.php?rest_route=\/wp\/v2\/posts\/427\/revisions"}],"wp:attachment":[{"href":"https:\/\/inclusivenews.com.br\/index.php?rest_route=%2Fwp%2Fv2%2Fmedia&parent=427"}],"wp:term":[{"taxonomy":"category","embeddable":true,"href":"https:\/\/inclusivenews.com.br\/index.php?rest_route=%2Fwp%2Fv2%2Fcategories&post=427"},{"taxonomy":"post_tag","embeddable":true,"href":"https:\/\/inclusivenews.com.br\/index.php?rest_route=%2Fwp%2Fv2%2Ftags&post=427"}],"curies":[{"name":"wp","href":"https:\/\/api.w.org\/{rel}","templated":true}]}}