{"id":443,"date":"2008-06-10T16:50:00","date_gmt":"2008-06-10T16:50:00","guid":{"rendered":"http:\/\/agenciainclusive.wordpress.com\/2008\/06\/10\/sp-papo-inclusivo-e-o-livro-acessivel\/"},"modified":"2008-06-10T16:50:00","modified_gmt":"2008-06-10T16:50:00","slug":"sp-papo-inclusivo-e-o-livro-acessivel","status":"publish","type":"post","link":"https:\/\/inclusivenews.com.br\/?p=443","title":{"rendered":"SP &#8211; Papo inclusivo e o livro acess\u00edvel"},"content":{"rendered":"<p><!-- START OF ACTIVEMETER CODE --><\/p>\n<div><span style=\"font-family:Trebuchet MS;font-size:85%;\"><span style=\"font-size:100%;\"><strong>XXV  Papo Inclusivo<\/strong><\/span><br \/>\n<\/span><\/div>\n<div><span style=\"font-family:Trebuchet MS;font-size:85%;\">O CEMUPI &#8211; Centro de  Estudos Multidisciplinares Pr\u00f3 Inclus\u00e3o convida para o XXV Papo Inclusivo  discutindo a luta pelo livro acess\u00edvel.<\/p>\n<p>&#8220;Papo  Inclusivo &#8221;  \u00e9  um encontro de  pessoas com defici\u00eancia, pais, parentes, educadores,  m\u00e9dicos e terapeutas ligados \u00e0 quest\u00e3o da defici\u00eancia e \u00e0 Inclus\u00e3o, sobre temas  como Sa\u00fade, Educa\u00e7\u00e3o, Comportamento, Trabalho e Legisla\u00e7\u00e3o. A cada m\u00eas um  convidado  fala sobre um tema espec\u00edfico e debate esse assunto com os  presentes. Essa apresenta\u00e7\u00e3o\/debate dura cerca de 1h30, um s\u00e1bado por m\u00eas, \u00e0  tarde e tem um car\u00e1ter bastante informal<\/p>\n<p><span class=\"281205003-05062008\"><strong>Livro acess\u00edvel e a autonomia de pessoa com  defici\u00eancia<\/strong><\/span><\/p>\n<p><\/span><\/div>\n<div><span style=\"font-family:Trebuchet MS;font-size:85%;\">Data:    28 de Junho de 2008 &#8211;  S\u00e1bado &#8211; 15h<br \/>\nLocal:  Faculdade de Belas Artes  &#8211; Audit\u00f3rio Rafael  Galvez Dazzani &#8211; R. Dr. \u00c1lvaro Alvim, 90 &#8211; Vila Mariana &#8211; S\u00e3o Paulo (em frente \u00e0  ESPM)<br \/>\n<strong>Naziberto Lopes de Oliveira<\/strong>, psic\u00f3logo formado pela  Universidade S\u00e3o Marcos, p\u00f3s graduando  DO Instituto de Psicologia, Estudos  Sociais e Pesquisa (IPPESP). Co-moderador do grupo virtual de discuss\u00e3o do  Estatuto da Pessoa com Deficiencia e atual Coordenador do Movimento pelo Livro e  Leitura Acess\u00edveis no Brasil (MOLLA-BRASIL) .<\/p>\n<p>Inscri\u00e7\u00f5es gratuitas :  inclusao@gmail. com<\/p>\n<p>Ser\u00e3o emitidos certificados de participa\u00e7\u00e3o.<br \/>\nVagas  Limitadas<\/p>\n<p><span style=\"font-family:Trebuchet MS;font-size:85%;\">Realiza\u00e7\u00e3o:<br \/>\nCEMUPI &#8211;  Centro de Estudos Multidisciplinar Pr\u00f3-Inclus\u00e3oPr\u00f3ximos encontros<br \/>\n30  de Agosto &#8211;  Centro de Vida Independente Aracy Nallin &#8211; Defici\u00eancia e  autonomia<br \/>\n27 de Setembro &#8211; G\u00e9ni F\u00e1vero &#8211; Cultura surda ou cultura com os  surdos ?<br \/>\n25 de Outubro &#8211;  Jovens do Carpe Diem &#8211; MAPA &#8211; Montagem  autodeterminada de plano de a\u00e7\u00e3o<\/p>\n<p><strong>CEMUPI Centro de Estudos  Multidisciplinar Pr\u00f3-Inclus\u00e3o<\/strong><br \/>\nInclus\u00e3o : ampla, geral e  irrestrita<\/p>\n<p>O CEMUPI surge da necessidade de se congregar esfor\u00e7os e  compet\u00eancias de pessoas de diferentes \u00e1reas do conhecimento, para planejar e  executar projetos que visam \u00e0 transforma\u00e7\u00e3o das escolas, para que se tornem  espa\u00e7os abertos \u00e0s diferen\u00e7as.<\/p>\n<p>A inten\u00e7\u00e3o deste grupo \u00e9 de pesquisar as  formas de elimina\u00e7\u00e3o das  barreiras educacionais que excluem crian\u00e7as e  jovens das nossas escolas, interrompendo suas trajet\u00f3rias escolares por motivos  os mais diferentes, relacionados aos processos de ensino e de  aprendizagem.<\/p>\n<p>A cultura da diversidade vai nos permitir construir uma  escola de qualidade, uma did\u00e1tica de qualidade e profissionais de qualidade.  Todos teremos de aprender a \u201censinar a aprender\u201d. A cultura da diversidade \u00e9 um  processo de aprendizagem permanente, onde TODOS devemos aprender a compartilhar  novos significados e novos comportamentos de rela\u00e7\u00f5es entre as pessoas. A  cultura da diversidade \u00e9 uma nova maneira de educar que parte do respeito \u00e0  diversidade como valor.<\/p>\n<p>\u00c1REA TEM\u00c1TICA E PESQUISAS<\/p>\n<p>O CEMUPI   pertence \u00e0 Faculdade de Educa\u00e7\u00e3o do Centro Universit\u00e1rio Belas Artes e passa a  ter a co-gest\u00e3o do Grupo de Estudos Projeto Roma Brasil e dos Papos Inclusivos  do Grupo S\u00edndrome de Down.<\/p>\n<p>O Centro tem como objetivo desenvolver um  modelo te\u00f3rico\/pr\u00e1tico de inclus\u00e3o que possa ser usado pelas escolas, que n\u00e3o  pretende  ser um livro de receitas , mas sim um plano de v\u00f4o que ajude a  viabilizar efetivamente as pr\u00e1ticas educativas inclusivas.<\/p>\n<p>O grupo \u00e9  multidisciplinar formado por pessoas, nem todas vinculadas profissionalmente \u00e0  Educa\u00e7\u00e3o, mas preocupadas com o tema.<\/p>\n<p>As pesquisas desenvolvidas pelo  grupo referem-se a :<\/p>\n<p>\u00de      Educa\u00e7\u00e3o para  todos<br \/>\n\u00de      Forma\u00e7\u00e3o de Professores para a educa\u00e7\u00e3o  inclusiva<br \/>\n\u00de      Transversalidade e  educa\u00e7\u00e3o<\/p>\n<p>ATIVIDADES<br \/>\n\u00b7         desenvolvimento de projetos de pesquisa que possam ser aplicados em escolas,  institui\u00e7\u00f5es e organiza\u00e7\u00f5es que adotam princ\u00edpios inclusivos em suas \u00e1reas de  atua\u00e7\u00e3o educacional e\/ou  terap\u00eautica;<br \/>\n\u00b7        estudo sistem\u00e1tico e  atualizado da literatura sobre ensino e diferen\u00e7as na  educa\u00e7\u00e3o;<br \/>\n\u00b7        interc\u00e2mbios com  centros nacionais e internacionais ligados \u00e0 \u00e1rea tem\u00e1tica do  CEMUPI;<br \/>\n\u00b7        integra\u00e7\u00e3o de  conhecimentos sobre temas da \u00e1rea por meio conv\u00eanios de coopera\u00e7\u00e3o  t\u00e9cnico-cient\u00ed fica com institui\u00e7\u00f5es de pesquisa e de ensino nacionais e  internacionais;<br \/>\n\u00b7        organiza\u00e7\u00e3o de  encontros, semin\u00e1rios, congressos  cient\u00edficos;<br \/>\n\u00b7        constitui\u00e7\u00e3o de um  acervo de trabalhos internos e externos ao CEMUPI e publica\u00e7\u00e3o de produ\u00e7\u00f5es do  CEMUPI em m\u00eddias especializadas.<\/p>\n<p><\/span><\/p>\n<p><\/span><\/div>\n<p><a href=\"http:\/\/www.activemeter.com\/\" target=\"_blank\" rel=\"noopener\"><br \/>\n<img decoding=\"async\" src=\"http:\/\/am1.activemeter.com\/webtracker\/track.html?method=track&amp;pid=46224&amp;java=0\" border=\"0\" alt=\"Free Hit Counter\" \/><br \/>\n<\/a><br \/>\n<!-- END OF ACTIVEMETER CODE --><\/p>\n","protected":false},"excerpt":{"rendered":"<p>XXV Papo Inclusivo O CEMUPI &#8211; Centro de Estudos Multidisciplinares Pr\u00f3 Inclus\u00e3o convida para o XXV Papo Inclusivo discutindo a luta pelo livro acess\u00edvel. &#8220;Papo Inclusivo &#8221; \u00e9 um encontro de pessoas com defici\u00eancia, pais, parentes, educadores, m\u00e9dicos e terapeutas ligados \u00e0 quest\u00e3o da defici\u00eancia e \u00e0 Inclus\u00e3o, sobre temas como Sa\u00fade, Educa\u00e7\u00e3o, Comportamento, Trabalho [&hellip;]<\/p>\n","protected":false},"author":2,"featured_media":0,"comment_status":"open","ping_status":"open","sticky":false,"template":"","format":"standard","meta":{"site-container-style":"default","site-container-layout":"default","site-sidebar-layout":"default","disable-article-header":"default","disable-site-header":"default","disable-site-footer":"default","disable-content-area-spacing":"default","footnotes":""},"categories":[12],"tags":[],"class_list":["post-443","post","type-post","status-publish","format-standard","hentry","category-cursos-e-eventos"],"yoast_head":"<!-- This site is optimized with the Yoast SEO plugin v27.4 - https:\/\/yoast.com\/product\/yoast-seo-wordpress\/ -->\n<title>SP - Papo inclusivo e o livro acess\u00edvel -<\/title>\n<meta name=\"robots\" content=\"index, follow, max-snippet:-1, max-image-preview:large, max-video-preview:-1\" \/>\n<link rel=\"canonical\" href=\"https:\/\/inclusivenews.com.br\/?p=443\" \/>\n<meta property=\"og:locale\" content=\"pt_PT\" \/>\n<meta property=\"og:type\" content=\"article\" \/>\n<meta property=\"og:title\" content=\"SP - Papo inclusivo e o livro acess\u00edvel -\" \/>\n<meta property=\"og:description\" content=\"XXV Papo Inclusivo O CEMUPI &#8211; Centro de Estudos Multidisciplinares Pr\u00f3 Inclus\u00e3o convida para o XXV Papo Inclusivo discutindo a luta pelo livro acess\u00edvel. &#8220;Papo Inclusivo &#8221; \u00e9 um encontro de pessoas com defici\u00eancia, pais, parentes, educadores, m\u00e9dicos e terapeutas ligados \u00e0 quest\u00e3o da defici\u00eancia e \u00e0 Inclus\u00e3o, sobre temas como Sa\u00fade, Educa\u00e7\u00e3o, Comportamento, Trabalho [&hellip;]\" \/>\n<meta property=\"og:url\" content=\"https:\/\/inclusivenews.com.br\/?p=443\" \/>\n<meta property=\"article:publisher\" content=\"https:\/\/www.facebook.com\/agenciainclusive\/\" \/>\n<meta property=\"article:published_time\" content=\"2008-06-10T16:50:00+00:00\" \/>\n<meta property=\"og:image\" content=\"http:\/\/am1.activemeter.com\/webtracker\/track.html?method=track&amp;pid=46224&amp;java=0\" \/>\n<meta name=\"author\" content=\"Inclusive\" \/>\n<meta name=\"twitter:card\" content=\"summary_large_image\" \/>\n<meta name=\"twitter:label1\" content=\"Escrito por\" \/>\n\t<meta name=\"twitter:data1\" content=\"Inclusive\" \/>\n\t<meta name=\"twitter:label2\" content=\"Tempo estimado de leitura\" \/>\n\t<meta name=\"twitter:data2\" content=\"3 minutos\" \/>\n<script type=\"application\/ld+json\" class=\"yoast-schema-graph\">{\"@context\":\"https:\\\/\\\/schema.org\",\"@graph\":[{\"@type\":\"Article\",\"@id\":\"https:\\\/\\\/inclusivenews.com.br\\\/?p=443#article\",\"isPartOf\":{\"@id\":\"https:\\\/\\\/inclusivenews.com.br\\\/?p=443\"},\"author\":{\"name\":\"Inclusive\",\"@id\":\"https:\\\/\\\/inclusivenews.com.br\\\/#\\\/schema\\\/person\\\/0dab492019871b94abb65fa8ee7c8c44\"},\"headline\":\"SP &#8211; Papo inclusivo e o livro acess\u00edvel\",\"datePublished\":\"2008-06-10T16:50:00+00:00\",\"mainEntityOfPage\":{\"@id\":\"https:\\\/\\\/inclusivenews.com.br\\\/?p=443\"},\"wordCount\":705,\"commentCount\":0,\"publisher\":{\"@id\":\"https:\\\/\\\/inclusivenews.com.br\\\/#organization\"},\"image\":{\"@id\":\"https:\\\/\\\/inclusivenews.com.br\\\/?p=443#primaryimage\"},\"thumbnailUrl\":\"http:\\\/\\\/am1.activemeter.com\\\/webtracker\\\/track.html?method=track&amp;pid=46224&amp;java=0\",\"articleSection\":[\"Cursos e eventos\"],\"inLanguage\":\"pt-PT\",\"potentialAction\":[{\"@type\":\"CommentAction\",\"name\":\"Comment\",\"target\":[\"https:\\\/\\\/inclusivenews.com.br\\\/?p=443#respond\"]}]},{\"@type\":\"WebPage\",\"@id\":\"https:\\\/\\\/inclusivenews.com.br\\\/?p=443\",\"url\":\"https:\\\/\\\/inclusivenews.com.br\\\/?p=443\",\"name\":\"SP - Papo inclusivo e o livro acess\u00edvel -\",\"isPartOf\":{\"@id\":\"https:\\\/\\\/inclusivenews.com.br\\\/#website\"},\"primaryImageOfPage\":{\"@id\":\"https:\\\/\\\/inclusivenews.com.br\\\/?p=443#primaryimage\"},\"image\":{\"@id\":\"https:\\\/\\\/inclusivenews.com.br\\\/?p=443#primaryimage\"},\"thumbnailUrl\":\"http:\\\/\\\/am1.activemeter.com\\\/webtracker\\\/track.html?method=track&amp;pid=46224&amp;java=0\",\"datePublished\":\"2008-06-10T16:50:00+00:00\",\"breadcrumb\":{\"@id\":\"https:\\\/\\\/inclusivenews.com.br\\\/?p=443#breadcrumb\"},\"inLanguage\":\"pt-PT\",\"potentialAction\":[{\"@type\":\"ReadAction\",\"target\":[\"https:\\\/\\\/inclusivenews.com.br\\\/?p=443\"]}]},{\"@type\":\"ImageObject\",\"inLanguage\":\"pt-PT\",\"@id\":\"https:\\\/\\\/inclusivenews.com.br\\\/?p=443#primaryimage\",\"url\":\"http:\\\/\\\/am1.activemeter.com\\\/webtracker\\\/track.html?method=track&amp;pid=46224&amp;java=0\",\"contentUrl\":\"http:\\\/\\\/am1.activemeter.com\\\/webtracker\\\/track.html?method=track&amp;pid=46224&amp;java=0\"},{\"@type\":\"BreadcrumbList\",\"@id\":\"https:\\\/\\\/inclusivenews.com.br\\\/?p=443#breadcrumb\",\"itemListElement\":[{\"@type\":\"ListItem\",\"position\":1,\"name\":\"In\u00edcio\",\"item\":\"https:\\\/\\\/inclusivenews.com.br\\\/\"},{\"@type\":\"ListItem\",\"position\":2,\"name\":\"SP &#8211; Papo inclusivo e o livro acess\u00edvel\"}]},{\"@type\":\"WebSite\",\"@id\":\"https:\\\/\\\/inclusivenews.com.br\\\/#website\",\"url\":\"https:\\\/\\\/inclusivenews.com.br\\\/\",\"name\":\"Inclusive News\",\"description\":\"Inclusive News\",\"publisher\":{\"@id\":\"https:\\\/\\\/inclusivenews.com.br\\\/#organization\"},\"potentialAction\":[{\"@type\":\"SearchAction\",\"target\":{\"@type\":\"EntryPoint\",\"urlTemplate\":\"https:\\\/\\\/inclusivenews.com.br\\\/?s={search_term_string}\"},\"query-input\":{\"@type\":\"PropertyValueSpecification\",\"valueRequired\":true,\"valueName\":\"search_term_string\"}}],\"inLanguage\":\"pt-PT\"},{\"@type\":\"Organization\",\"@id\":\"https:\\\/\\\/inclusivenews.com.br\\\/#organization\",\"name\":\"Inclusive - inclus\u00e3o e cidadania\",\"url\":\"https:\\\/\\\/inclusivenews.com.br\\\/\",\"logo\":{\"@type\":\"ImageObject\",\"inLanguage\":\"pt-PT\",\"@id\":\"https:\\\/\\\/inclusivenews.com.br\\\/#\\\/schema\\\/logo\\\/image\\\/\",\"url\":\"https:\\\/\\\/inclusivenews.com.br\\\/wp-content\\\/uploads\\\/2024\\\/03\\\/@grandesite.png\",\"contentUrl\":\"https:\\\/\\\/inclusivenews.com.br\\\/wp-content\\\/uploads\\\/2024\\\/03\\\/@grandesite.png\",\"width\":1080,\"height\":1080,\"caption\":\"Inclusive - inclus\u00e3o e cidadania\"},\"image\":{\"@id\":\"https:\\\/\\\/inclusivenews.com.br\\\/#\\\/schema\\\/logo\\\/image\\\/\"},\"sameAs\":[\"https:\\\/\\\/www.facebook.com\\\/agenciainclusive\\\/\",\"https:\\\/\\\/www.instagram.com\\\/newsinclusive\\\/\"]},{\"@type\":\"Person\",\"@id\":\"https:\\\/\\\/inclusivenews.com.br\\\/#\\\/schema\\\/person\\\/0dab492019871b94abb65fa8ee7c8c44\",\"name\":\"Inclusive\",\"image\":{\"@type\":\"ImageObject\",\"inLanguage\":\"pt-PT\",\"@id\":\"https:\\\/\\\/secure.gravatar.com\\\/avatar\\\/?s=96&d=mm&r=g\",\"url\":\"https:\\\/\\\/secure.gravatar.com\\\/avatar\\\/?s=96&d=mm&r=g\",\"contentUrl\":\"https:\\\/\\\/secure.gravatar.com\\\/avatar\\\/?s=96&d=mm&r=g\",\"caption\":\"Inclusive\"},\"url\":\"https:\\\/\\\/inclusivenews.com.br\\\/?author=2\"}]}<\/script>\n<!-- \/ Yoast SEO plugin. -->","yoast_head_json":{"title":"SP - Papo inclusivo e o livro acess\u00edvel -","robots":{"index":"index","follow":"follow","max-snippet":"max-snippet:-1","max-image-preview":"max-image-preview:large","max-video-preview":"max-video-preview:-1"},"canonical":"https:\/\/inclusivenews.com.br\/?p=443","og_locale":"pt_PT","og_type":"article","og_title":"SP - Papo inclusivo e o livro acess\u00edvel -","og_description":"XXV Papo Inclusivo O CEMUPI &#8211; Centro de Estudos Multidisciplinares Pr\u00f3 Inclus\u00e3o convida para o XXV Papo Inclusivo discutindo a luta pelo livro acess\u00edvel. &#8220;Papo Inclusivo &#8221; \u00e9 um encontro de pessoas com defici\u00eancia, pais, parentes, educadores, m\u00e9dicos e terapeutas ligados \u00e0 quest\u00e3o da defici\u00eancia e \u00e0 Inclus\u00e3o, sobre temas como Sa\u00fade, Educa\u00e7\u00e3o, Comportamento, Trabalho [&hellip;]","og_url":"https:\/\/inclusivenews.com.br\/?p=443","article_publisher":"https:\/\/www.facebook.com\/agenciainclusive\/","article_published_time":"2008-06-10T16:50:00+00:00","og_image":[{"url":"http:\/\/am1.activemeter.com\/webtracker\/track.html?method=track&amp;pid=46224&amp;java=0","type":"","width":"","height":""}],"author":"Inclusive","twitter_card":"summary_large_image","twitter_misc":{"Escrito por":"Inclusive","Tempo estimado de leitura":"3 minutos"},"schema":{"@context":"https:\/\/schema.org","@graph":[{"@type":"Article","@id":"https:\/\/inclusivenews.com.br\/?p=443#article","isPartOf":{"@id":"https:\/\/inclusivenews.com.br\/?p=443"},"author":{"name":"Inclusive","@id":"https:\/\/inclusivenews.com.br\/#\/schema\/person\/0dab492019871b94abb65fa8ee7c8c44"},"headline":"SP &#8211; Papo inclusivo e o livro acess\u00edvel","datePublished":"2008-06-10T16:50:00+00:00","mainEntityOfPage":{"@id":"https:\/\/inclusivenews.com.br\/?p=443"},"wordCount":705,"commentCount":0,"publisher":{"@id":"https:\/\/inclusivenews.com.br\/#organization"},"image":{"@id":"https:\/\/inclusivenews.com.br\/?p=443#primaryimage"},"thumbnailUrl":"http:\/\/am1.activemeter.com\/webtracker\/track.html?method=track&amp;pid=46224&amp;java=0","articleSection":["Cursos e eventos"],"inLanguage":"pt-PT","potentialAction":[{"@type":"CommentAction","name":"Comment","target":["https:\/\/inclusivenews.com.br\/?p=443#respond"]}]},{"@type":"WebPage","@id":"https:\/\/inclusivenews.com.br\/?p=443","url":"https:\/\/inclusivenews.com.br\/?p=443","name":"SP - Papo inclusivo e o livro acess\u00edvel -","isPartOf":{"@id":"https:\/\/inclusivenews.com.br\/#website"},"primaryImageOfPage":{"@id":"https:\/\/inclusivenews.com.br\/?p=443#primaryimage"},"image":{"@id":"https:\/\/inclusivenews.com.br\/?p=443#primaryimage"},"thumbnailUrl":"http:\/\/am1.activemeter.com\/webtracker\/track.html?method=track&amp;pid=46224&amp;java=0","datePublished":"2008-06-10T16:50:00+00:00","breadcrumb":{"@id":"https:\/\/inclusivenews.com.br\/?p=443#breadcrumb"},"inLanguage":"pt-PT","potentialAction":[{"@type":"ReadAction","target":["https:\/\/inclusivenews.com.br\/?p=443"]}]},{"@type":"ImageObject","inLanguage":"pt-PT","@id":"https:\/\/inclusivenews.com.br\/?p=443#primaryimage","url":"http:\/\/am1.activemeter.com\/webtracker\/track.html?method=track&amp;pid=46224&amp;java=0","contentUrl":"http:\/\/am1.activemeter.com\/webtracker\/track.html?method=track&amp;pid=46224&amp;java=0"},{"@type":"BreadcrumbList","@id":"https:\/\/inclusivenews.com.br\/?p=443#breadcrumb","itemListElement":[{"@type":"ListItem","position":1,"name":"In\u00edcio","item":"https:\/\/inclusivenews.com.br\/"},{"@type":"ListItem","position":2,"name":"SP &#8211; Papo inclusivo e o livro acess\u00edvel"}]},{"@type":"WebSite","@id":"https:\/\/inclusivenews.com.br\/#website","url":"https:\/\/inclusivenews.com.br\/","name":"Inclusive News","description":"Inclusive News","publisher":{"@id":"https:\/\/inclusivenews.com.br\/#organization"},"potentialAction":[{"@type":"SearchAction","target":{"@type":"EntryPoint","urlTemplate":"https:\/\/inclusivenews.com.br\/?s={search_term_string}"},"query-input":{"@type":"PropertyValueSpecification","valueRequired":true,"valueName":"search_term_string"}}],"inLanguage":"pt-PT"},{"@type":"Organization","@id":"https:\/\/inclusivenews.com.br\/#organization","name":"Inclusive - inclus\u00e3o e cidadania","url":"https:\/\/inclusivenews.com.br\/","logo":{"@type":"ImageObject","inLanguage":"pt-PT","@id":"https:\/\/inclusivenews.com.br\/#\/schema\/logo\/image\/","url":"https:\/\/inclusivenews.com.br\/wp-content\/uploads\/2024\/03\/@grandesite.png","contentUrl":"https:\/\/inclusivenews.com.br\/wp-content\/uploads\/2024\/03\/@grandesite.png","width":1080,"height":1080,"caption":"Inclusive - inclus\u00e3o e cidadania"},"image":{"@id":"https:\/\/inclusivenews.com.br\/#\/schema\/logo\/image\/"},"sameAs":["https:\/\/www.facebook.com\/agenciainclusive\/","https:\/\/www.instagram.com\/newsinclusive\/"]},{"@type":"Person","@id":"https:\/\/inclusivenews.com.br\/#\/schema\/person\/0dab492019871b94abb65fa8ee7c8c44","name":"Inclusive","image":{"@type":"ImageObject","inLanguage":"pt-PT","@id":"https:\/\/secure.gravatar.com\/avatar\/?s=96&d=mm&r=g","url":"https:\/\/secure.gravatar.com\/avatar\/?s=96&d=mm&r=g","contentUrl":"https:\/\/secure.gravatar.com\/avatar\/?s=96&d=mm&r=g","caption":"Inclusive"},"url":"https:\/\/inclusivenews.com.br\/?author=2"}]}},"_links":{"self":[{"href":"https:\/\/inclusivenews.com.br\/index.php?rest_route=\/wp\/v2\/posts\/443","targetHints":{"allow":["GET"]}}],"collection":[{"href":"https:\/\/inclusivenews.com.br\/index.php?rest_route=\/wp\/v2\/posts"}],"about":[{"href":"https:\/\/inclusivenews.com.br\/index.php?rest_route=\/wp\/v2\/types\/post"}],"author":[{"embeddable":true,"href":"https:\/\/inclusivenews.com.br\/index.php?rest_route=\/wp\/v2\/users\/2"}],"replies":[{"embeddable":true,"href":"https:\/\/inclusivenews.com.br\/index.php?rest_route=%2Fwp%2Fv2%2Fcomments&post=443"}],"version-history":[{"count":0,"href":"https:\/\/inclusivenews.com.br\/index.php?rest_route=\/wp\/v2\/posts\/443\/revisions"}],"wp:attachment":[{"href":"https:\/\/inclusivenews.com.br\/index.php?rest_route=%2Fwp%2Fv2%2Fmedia&parent=443"}],"wp:term":[{"taxonomy":"category","embeddable":true,"href":"https:\/\/inclusivenews.com.br\/index.php?rest_route=%2Fwp%2Fv2%2Fcategories&post=443"},{"taxonomy":"post_tag","embeddable":true,"href":"https:\/\/inclusivenews.com.br\/index.php?rest_route=%2Fwp%2Fv2%2Ftags&post=443"}],"curies":[{"name":"wp","href":"https:\/\/api.w.org\/{rel}","templated":true}]}}