{"id":538,"date":"2008-06-23T16:53:00","date_gmt":"2008-06-23T16:53:00","guid":{"rendered":"http:\/\/agenciainclusive.wordpress.com\/2008\/06\/23\/cre-examina-convencao-sobre-direitos-de-pessoas-com-deficiencia\/"},"modified":"2008-06-23T16:53:00","modified_gmt":"2008-06-23T16:53:00","slug":"cre-examina-convencao-sobre-direitos-de-pessoas-com-deficiencia","status":"publish","type":"post","link":"https:\/\/inclusivenews.com.br\/?p=538","title":{"rendered":"CRE examina Conven\u00e7\u00e3o sobre Direitos de Pessoas com Defici\u00eancia"},"content":{"rendered":"<p><!-- START OF ACTIVEMETER CODE --><a href=\"http:\/\/www.senado.gov.br\/agencia\/verNoticia.aspx?codNoticia=76146&amp;codAplicativo=2\">http:\/\/www.senado.gov.br\/agencia\/verNoticia.aspx?codNoticia=76146&amp;codAplicativo=2<\/a><\/p>\n<div style=\"float:right;width:200px;padding:.5em 1em;\"><img loading=\"lazy\" decoding=\"async\" src=\"http:\/\/www.senado.gov.br\/noticia\/multimidia\/verImagem.aspx?codImagem=113345\" border=\"0\" alt=\"Pessoas com Defici\u00eancia]\" width=\"200\" height=\"273\" \/><\/div>\n<p>O projeto de decreto legislativo (<a class=\"we_frase\" href=\"http:\/\/www.senado.gov.br\/sf\/atividade\/Materia\/detalhes.asp?p_cod_mate=85668\" target=\"_blank\" rel=\"noopener\">PDS 90\/08<\/a>) que aprova o texto da Conven\u00e7\u00e3o sobre os Direitos das Pessoas com Defici\u00eancia, firmado em Nova Yorkem 30 de mar\u00e7o de 2007, ser\u00e1 submetido nesta quarta-feira (25) \u00e0 <a class=\"we_frase\" href=\"http:\/\/www.senado.gov.br\/sf\/atividade\/Comissoes\/consComPerm.asp?com=54\" target=\"_blank\" rel=\"noopener\">Comiss\u00e3o de Rela\u00e7\u00f5es Exteriores e Defesa Nacional (CRE)<\/a>. Caso seja aprovado pela comiss\u00e3o, onde tem como relator o senador Eduardo Azeredo (PSDB-MG), o texto ser\u00e1 submetido ao Plen\u00e1rio.<\/p>\n<p>A aprova\u00e7\u00e3o da conven\u00e7\u00e3o tramita &#8220;acima de qualquer outra prioridade&#8221;, segundo afirmou na semana passada o presidente do Senado, Garibaldi Alves. Durante audi\u00eancia p\u00fablica realizada para discutir o tema, o senador afirmou que a integra\u00e7\u00e3o na sociedade das pessoas com defici\u00eancia &#8220;n\u00e3o pode mais ser postergada&#8221;, por ser uma &#8220;exig\u00eancia de quem tem no cora\u00e7\u00e3o os melhores sentimentos&#8221;.<\/p>\n<p>A conven\u00e7\u00e3o tem como principal objetivo, como definido no primeiro artigo, o de &#8220;promover, proteger e assegurar o exerc\u00edcio pleno e equitativo de todos os direitos humanos e liberdades fundamentais por todas as pessoas com defici\u00eancia e promover o respeito pela sua dignidade inerente&#8221;.<\/p>\n<p>Os pa\u00edses que ratificam a conven\u00e7\u00e3o obrigam-se, entre outras coisas, a adotar todas as medidas legislativas e administrativas necess\u00e1rias \u00e0 realiza\u00e7\u00e3o dos direitos reconhecidos pelo texto. Dever\u00e3o ainda levar em conta, em todos os programas e pol\u00edticas p\u00fablicas, &#8220;a prote\u00e7\u00e3o e a promo\u00e7\u00e3o dos direitos humanos das pessoas com defici\u00eancia&#8221;, al\u00e9m de tomar medidas para eliminar a discrimina\u00e7\u00e3o baseada em defici\u00eancia.<\/p>\n<p>Uma das inova\u00e7\u00f5es contidas no texto da conven\u00e7\u00e3o \u00e9 a obrigatoriedade de os Estados partes comprometerem-se a adotar medidas para &#8220;conscientizar toda a sociedade, inclusive as fam\u00edlias, sobre as condi\u00e7\u00f5es das pessoas com defici\u00eancia e fomentar o respeito pelos direitos e pela dignidade das pessoas com defici\u00eancia&#8221;.<\/p>\n<p>Fonte &#8211; Ag\u00eancia Senado<\/p>\n<p><a href=\"http:\/\/www.activemeter.com\/\" target=\"_blank\" rel=\"noopener\"> <img decoding=\"async\" src=\"http:\/\/am1.activemeter.com\/webtracker\/track.html?method=track&amp;pid=46224&amp;java=0\" border=\"0\" alt=\"Free Hit Counter\" \/><br \/>\n<\/a><br \/>\n<!-- END OF ACTIVEMETER CODE --><\/p>\n","protected":false},"excerpt":{"rendered":"<p>http:\/\/www.senado.gov.br\/agencia\/verNoticia.aspx?codNoticia=76146&amp;codAplicativo=2 O projeto de decreto legislativo (PDS 90\/08) que aprova o texto da Conven\u00e7\u00e3o sobre os Direitos das Pessoas com Defici\u00eancia, firmado em Nova Yorkem 30 de mar\u00e7o de 2007, ser\u00e1 submetido nesta quarta-feira (25) \u00e0 Comiss\u00e3o de Rela\u00e7\u00f5es Exteriores e Defesa Nacional (CRE). Caso seja aprovado pela comiss\u00e3o, onde tem como relator o senador [&hellip;]<\/p>\n","protected":false},"author":2,"featured_media":0,"comment_status":"open","ping_status":"open","sticky":false,"template":"","format":"standard","meta":{"site-container-style":"default","site-container-layout":"default","site-sidebar-layout":"default","disable-article-header":"default","disable-site-header":"default","disable-site-footer":"default","disable-content-area-spacing":"default","footnotes":""},"categories":[5,4],"tags":[],"class_list":["post-538","post","type-post","status-publish","format-standard","hentry","category-convencao","category-noticias"],"yoast_head":"<!-- This site is optimized with the Yoast SEO plugin v27.4 - https:\/\/yoast.com\/product\/yoast-seo-wordpress\/ -->\n<title>CRE examina Conven\u00e7\u00e3o sobre Direitos de Pessoas com Defici\u00eancia -<\/title>\n<meta name=\"robots\" content=\"index, follow, max-snippet:-1, max-image-preview:large, max-video-preview:-1\" \/>\n<link rel=\"canonical\" href=\"https:\/\/inclusivenews.com.br\/?p=538\" \/>\n<meta property=\"og:locale\" content=\"pt_PT\" \/>\n<meta property=\"og:type\" content=\"article\" \/>\n<meta property=\"og:title\" content=\"CRE examina Conven\u00e7\u00e3o sobre Direitos de Pessoas com Defici\u00eancia -\" \/>\n<meta property=\"og:description\" content=\"http:\/\/www.senado.gov.br\/agencia\/verNoticia.aspx?codNoticia=76146&amp;codAplicativo=2 O projeto de decreto legislativo (PDS 90\/08) que aprova o texto da Conven\u00e7\u00e3o sobre os Direitos das Pessoas com Defici\u00eancia, firmado em Nova Yorkem 30 de mar\u00e7o de 2007, ser\u00e1 submetido nesta quarta-feira (25) \u00e0 Comiss\u00e3o de Rela\u00e7\u00f5es Exteriores e Defesa Nacional (CRE). Caso seja aprovado pela comiss\u00e3o, onde tem como relator o senador [&hellip;]\" \/>\n<meta property=\"og:url\" content=\"https:\/\/inclusivenews.com.br\/?p=538\" \/>\n<meta property=\"article:publisher\" content=\"https:\/\/www.facebook.com\/agenciainclusive\/\" \/>\n<meta property=\"article:published_time\" content=\"2008-06-23T16:53:00+00:00\" \/>\n<meta property=\"og:image\" content=\"http:\/\/www.senado.gov.br\/noticia\/multimidia\/verImagem.aspx?codImagem=113345\" \/>\n<meta name=\"author\" content=\"Inclusive\" \/>\n<meta name=\"twitter:card\" content=\"summary_large_image\" \/>\n<meta name=\"twitter:label1\" content=\"Escrito por\" \/>\n\t<meta name=\"twitter:data1\" content=\"Inclusive\" \/>\n\t<meta name=\"twitter:label2\" content=\"Tempo estimado de leitura\" \/>\n\t<meta name=\"twitter:data2\" content=\"2 minutos\" \/>\n<script type=\"application\/ld+json\" class=\"yoast-schema-graph\">{\"@context\":\"https:\\\/\\\/schema.org\",\"@graph\":[{\"@type\":\"Article\",\"@id\":\"https:\\\/\\\/inclusivenews.com.br\\\/?p=538#article\",\"isPartOf\":{\"@id\":\"https:\\\/\\\/inclusivenews.com.br\\\/?p=538\"},\"author\":{\"name\":\"Inclusive\",\"@id\":\"https:\\\/\\\/inclusivenews.com.br\\\/#\\\/schema\\\/person\\\/0dab492019871b94abb65fa8ee7c8c44\"},\"headline\":\"CRE examina Conven\u00e7\u00e3o sobre Direitos de Pessoas com Defici\u00eancia\",\"datePublished\":\"2008-06-23T16:53:00+00:00\",\"mainEntityOfPage\":{\"@id\":\"https:\\\/\\\/inclusivenews.com.br\\\/?p=538\"},\"wordCount\":331,\"commentCount\":0,\"publisher\":{\"@id\":\"https:\\\/\\\/inclusivenews.com.br\\\/#organization\"},\"image\":{\"@id\":\"https:\\\/\\\/inclusivenews.com.br\\\/?p=538#primaryimage\"},\"thumbnailUrl\":\"http:\\\/\\\/www.senado.gov.br\\\/noticia\\\/multimidia\\\/verImagem.aspx?codImagem=113345\",\"articleSection\":[\"Conven\u00e7\u00e3o\",\"NOT\u00cdCIAS\"],\"inLanguage\":\"pt-PT\",\"potentialAction\":[{\"@type\":\"CommentAction\",\"name\":\"Comment\",\"target\":[\"https:\\\/\\\/inclusivenews.com.br\\\/?p=538#respond\"]}]},{\"@type\":\"WebPage\",\"@id\":\"https:\\\/\\\/inclusivenews.com.br\\\/?p=538\",\"url\":\"https:\\\/\\\/inclusivenews.com.br\\\/?p=538\",\"name\":\"CRE examina Conven\u00e7\u00e3o sobre Direitos de Pessoas com Defici\u00eancia -\",\"isPartOf\":{\"@id\":\"https:\\\/\\\/inclusivenews.com.br\\\/#website\"},\"primaryImageOfPage\":{\"@id\":\"https:\\\/\\\/inclusivenews.com.br\\\/?p=538#primaryimage\"},\"image\":{\"@id\":\"https:\\\/\\\/inclusivenews.com.br\\\/?p=538#primaryimage\"},\"thumbnailUrl\":\"http:\\\/\\\/www.senado.gov.br\\\/noticia\\\/multimidia\\\/verImagem.aspx?codImagem=113345\",\"datePublished\":\"2008-06-23T16:53:00+00:00\",\"breadcrumb\":{\"@id\":\"https:\\\/\\\/inclusivenews.com.br\\\/?p=538#breadcrumb\"},\"inLanguage\":\"pt-PT\",\"potentialAction\":[{\"@type\":\"ReadAction\",\"target\":[\"https:\\\/\\\/inclusivenews.com.br\\\/?p=538\"]}]},{\"@type\":\"ImageObject\",\"inLanguage\":\"pt-PT\",\"@id\":\"https:\\\/\\\/inclusivenews.com.br\\\/?p=538#primaryimage\",\"url\":\"http:\\\/\\\/www.senado.gov.br\\\/noticia\\\/multimidia\\\/verImagem.aspx?codImagem=113345\",\"contentUrl\":\"http:\\\/\\\/www.senado.gov.br\\\/noticia\\\/multimidia\\\/verImagem.aspx?codImagem=113345\"},{\"@type\":\"BreadcrumbList\",\"@id\":\"https:\\\/\\\/inclusivenews.com.br\\\/?p=538#breadcrumb\",\"itemListElement\":[{\"@type\":\"ListItem\",\"position\":1,\"name\":\"In\u00edcio\",\"item\":\"https:\\\/\\\/inclusivenews.com.br\\\/\"},{\"@type\":\"ListItem\",\"position\":2,\"name\":\"CRE examina Conven\u00e7\u00e3o sobre Direitos de Pessoas com Defici\u00eancia\"}]},{\"@type\":\"WebSite\",\"@id\":\"https:\\\/\\\/inclusivenews.com.br\\\/#website\",\"url\":\"https:\\\/\\\/inclusivenews.com.br\\\/\",\"name\":\"Inclusive News\",\"description\":\"Inclusive News\",\"publisher\":{\"@id\":\"https:\\\/\\\/inclusivenews.com.br\\\/#organization\"},\"potentialAction\":[{\"@type\":\"SearchAction\",\"target\":{\"@type\":\"EntryPoint\",\"urlTemplate\":\"https:\\\/\\\/inclusivenews.com.br\\\/?s={search_term_string}\"},\"query-input\":{\"@type\":\"PropertyValueSpecification\",\"valueRequired\":true,\"valueName\":\"search_term_string\"}}],\"inLanguage\":\"pt-PT\"},{\"@type\":\"Organization\",\"@id\":\"https:\\\/\\\/inclusivenews.com.br\\\/#organization\",\"name\":\"Inclusive - inclus\u00e3o e cidadania\",\"url\":\"https:\\\/\\\/inclusivenews.com.br\\\/\",\"logo\":{\"@type\":\"ImageObject\",\"inLanguage\":\"pt-PT\",\"@id\":\"https:\\\/\\\/inclusivenews.com.br\\\/#\\\/schema\\\/logo\\\/image\\\/\",\"url\":\"https:\\\/\\\/inclusivenews.com.br\\\/wp-content\\\/uploads\\\/2024\\\/03\\\/@grandesite.png\",\"contentUrl\":\"https:\\\/\\\/inclusivenews.com.br\\\/wp-content\\\/uploads\\\/2024\\\/03\\\/@grandesite.png\",\"width\":1080,\"height\":1080,\"caption\":\"Inclusive - inclus\u00e3o e cidadania\"},\"image\":{\"@id\":\"https:\\\/\\\/inclusivenews.com.br\\\/#\\\/schema\\\/logo\\\/image\\\/\"},\"sameAs\":[\"https:\\\/\\\/www.facebook.com\\\/agenciainclusive\\\/\",\"https:\\\/\\\/www.instagram.com\\\/newsinclusive\\\/\"]},{\"@type\":\"Person\",\"@id\":\"https:\\\/\\\/inclusivenews.com.br\\\/#\\\/schema\\\/person\\\/0dab492019871b94abb65fa8ee7c8c44\",\"name\":\"Inclusive\",\"image\":{\"@type\":\"ImageObject\",\"inLanguage\":\"pt-PT\",\"@id\":\"https:\\\/\\\/secure.gravatar.com\\\/avatar\\\/?s=96&d=mm&r=g\",\"url\":\"https:\\\/\\\/secure.gravatar.com\\\/avatar\\\/?s=96&d=mm&r=g\",\"contentUrl\":\"https:\\\/\\\/secure.gravatar.com\\\/avatar\\\/?s=96&d=mm&r=g\",\"caption\":\"Inclusive\"},\"url\":\"https:\\\/\\\/inclusivenews.com.br\\\/?author=2\"}]}<\/script>\n<!-- \/ Yoast SEO plugin. -->","yoast_head_json":{"title":"CRE examina Conven\u00e7\u00e3o sobre Direitos de Pessoas com Defici\u00eancia -","robots":{"index":"index","follow":"follow","max-snippet":"max-snippet:-1","max-image-preview":"max-image-preview:large","max-video-preview":"max-video-preview:-1"},"canonical":"https:\/\/inclusivenews.com.br\/?p=538","og_locale":"pt_PT","og_type":"article","og_title":"CRE examina Conven\u00e7\u00e3o sobre Direitos de Pessoas com Defici\u00eancia -","og_description":"http:\/\/www.senado.gov.br\/agencia\/verNoticia.aspx?codNoticia=76146&amp;codAplicativo=2 O projeto de decreto legislativo (PDS 90\/08) que aprova o texto da Conven\u00e7\u00e3o sobre os Direitos das Pessoas com Defici\u00eancia, firmado em Nova Yorkem 30 de mar\u00e7o de 2007, ser\u00e1 submetido nesta quarta-feira (25) \u00e0 Comiss\u00e3o de Rela\u00e7\u00f5es Exteriores e Defesa Nacional (CRE). Caso seja aprovado pela comiss\u00e3o, onde tem como relator o senador [&hellip;]","og_url":"https:\/\/inclusivenews.com.br\/?p=538","article_publisher":"https:\/\/www.facebook.com\/agenciainclusive\/","article_published_time":"2008-06-23T16:53:00+00:00","og_image":[{"url":"http:\/\/www.senado.gov.br\/noticia\/multimidia\/verImagem.aspx?codImagem=113345","type":"","width":"","height":""}],"author":"Inclusive","twitter_card":"summary_large_image","twitter_misc":{"Escrito por":"Inclusive","Tempo estimado de leitura":"2 minutos"},"schema":{"@context":"https:\/\/schema.org","@graph":[{"@type":"Article","@id":"https:\/\/inclusivenews.com.br\/?p=538#article","isPartOf":{"@id":"https:\/\/inclusivenews.com.br\/?p=538"},"author":{"name":"Inclusive","@id":"https:\/\/inclusivenews.com.br\/#\/schema\/person\/0dab492019871b94abb65fa8ee7c8c44"},"headline":"CRE examina Conven\u00e7\u00e3o sobre Direitos de Pessoas com Defici\u00eancia","datePublished":"2008-06-23T16:53:00+00:00","mainEntityOfPage":{"@id":"https:\/\/inclusivenews.com.br\/?p=538"},"wordCount":331,"commentCount":0,"publisher":{"@id":"https:\/\/inclusivenews.com.br\/#organization"},"image":{"@id":"https:\/\/inclusivenews.com.br\/?p=538#primaryimage"},"thumbnailUrl":"http:\/\/www.senado.gov.br\/noticia\/multimidia\/verImagem.aspx?codImagem=113345","articleSection":["Conven\u00e7\u00e3o","NOT\u00cdCIAS"],"inLanguage":"pt-PT","potentialAction":[{"@type":"CommentAction","name":"Comment","target":["https:\/\/inclusivenews.com.br\/?p=538#respond"]}]},{"@type":"WebPage","@id":"https:\/\/inclusivenews.com.br\/?p=538","url":"https:\/\/inclusivenews.com.br\/?p=538","name":"CRE examina Conven\u00e7\u00e3o sobre Direitos de Pessoas com Defici\u00eancia -","isPartOf":{"@id":"https:\/\/inclusivenews.com.br\/#website"},"primaryImageOfPage":{"@id":"https:\/\/inclusivenews.com.br\/?p=538#primaryimage"},"image":{"@id":"https:\/\/inclusivenews.com.br\/?p=538#primaryimage"},"thumbnailUrl":"http:\/\/www.senado.gov.br\/noticia\/multimidia\/verImagem.aspx?codImagem=113345","datePublished":"2008-06-23T16:53:00+00:00","breadcrumb":{"@id":"https:\/\/inclusivenews.com.br\/?p=538#breadcrumb"},"inLanguage":"pt-PT","potentialAction":[{"@type":"ReadAction","target":["https:\/\/inclusivenews.com.br\/?p=538"]}]},{"@type":"ImageObject","inLanguage":"pt-PT","@id":"https:\/\/inclusivenews.com.br\/?p=538#primaryimage","url":"http:\/\/www.senado.gov.br\/noticia\/multimidia\/verImagem.aspx?codImagem=113345","contentUrl":"http:\/\/www.senado.gov.br\/noticia\/multimidia\/verImagem.aspx?codImagem=113345"},{"@type":"BreadcrumbList","@id":"https:\/\/inclusivenews.com.br\/?p=538#breadcrumb","itemListElement":[{"@type":"ListItem","position":1,"name":"In\u00edcio","item":"https:\/\/inclusivenews.com.br\/"},{"@type":"ListItem","position":2,"name":"CRE examina Conven\u00e7\u00e3o sobre Direitos de Pessoas com Defici\u00eancia"}]},{"@type":"WebSite","@id":"https:\/\/inclusivenews.com.br\/#website","url":"https:\/\/inclusivenews.com.br\/","name":"Inclusive News","description":"Inclusive News","publisher":{"@id":"https:\/\/inclusivenews.com.br\/#organization"},"potentialAction":[{"@type":"SearchAction","target":{"@type":"EntryPoint","urlTemplate":"https:\/\/inclusivenews.com.br\/?s={search_term_string}"},"query-input":{"@type":"PropertyValueSpecification","valueRequired":true,"valueName":"search_term_string"}}],"inLanguage":"pt-PT"},{"@type":"Organization","@id":"https:\/\/inclusivenews.com.br\/#organization","name":"Inclusive - inclus\u00e3o e cidadania","url":"https:\/\/inclusivenews.com.br\/","logo":{"@type":"ImageObject","inLanguage":"pt-PT","@id":"https:\/\/inclusivenews.com.br\/#\/schema\/logo\/image\/","url":"https:\/\/inclusivenews.com.br\/wp-content\/uploads\/2024\/03\/@grandesite.png","contentUrl":"https:\/\/inclusivenews.com.br\/wp-content\/uploads\/2024\/03\/@grandesite.png","width":1080,"height":1080,"caption":"Inclusive - inclus\u00e3o e cidadania"},"image":{"@id":"https:\/\/inclusivenews.com.br\/#\/schema\/logo\/image\/"},"sameAs":["https:\/\/www.facebook.com\/agenciainclusive\/","https:\/\/www.instagram.com\/newsinclusive\/"]},{"@type":"Person","@id":"https:\/\/inclusivenews.com.br\/#\/schema\/person\/0dab492019871b94abb65fa8ee7c8c44","name":"Inclusive","image":{"@type":"ImageObject","inLanguage":"pt-PT","@id":"https:\/\/secure.gravatar.com\/avatar\/?s=96&d=mm&r=g","url":"https:\/\/secure.gravatar.com\/avatar\/?s=96&d=mm&r=g","contentUrl":"https:\/\/secure.gravatar.com\/avatar\/?s=96&d=mm&r=g","caption":"Inclusive"},"url":"https:\/\/inclusivenews.com.br\/?author=2"}]}},"_links":{"self":[{"href":"https:\/\/inclusivenews.com.br\/index.php?rest_route=\/wp\/v2\/posts\/538","targetHints":{"allow":["GET"]}}],"collection":[{"href":"https:\/\/inclusivenews.com.br\/index.php?rest_route=\/wp\/v2\/posts"}],"about":[{"href":"https:\/\/inclusivenews.com.br\/index.php?rest_route=\/wp\/v2\/types\/post"}],"author":[{"embeddable":true,"href":"https:\/\/inclusivenews.com.br\/index.php?rest_route=\/wp\/v2\/users\/2"}],"replies":[{"embeddable":true,"href":"https:\/\/inclusivenews.com.br\/index.php?rest_route=%2Fwp%2Fv2%2Fcomments&post=538"}],"version-history":[{"count":0,"href":"https:\/\/inclusivenews.com.br\/index.php?rest_route=\/wp\/v2\/posts\/538\/revisions"}],"wp:attachment":[{"href":"https:\/\/inclusivenews.com.br\/index.php?rest_route=%2Fwp%2Fv2%2Fmedia&parent=538"}],"wp:term":[{"taxonomy":"category","embeddable":true,"href":"https:\/\/inclusivenews.com.br\/index.php?rest_route=%2Fwp%2Fv2%2Fcategories&post=538"},{"taxonomy":"post_tag","embeddable":true,"href":"https:\/\/inclusivenews.com.br\/index.php?rest_route=%2Fwp%2Fv2%2Ftags&post=538"}],"curies":[{"name":"wp","href":"https:\/\/api.w.org\/{rel}","templated":true}]}}